{"id":22432,"date":"2025-08-05T13:28:19","date_gmt":"2025-08-05T13:28:19","guid":{"rendered":"https:\/\/www.latribunedufaso.net\/?p=22432"},"modified":"2025-08-05T13:29:13","modified_gmt":"2025-08-05T13:29:13","slug":"22432","status":"publish","type":"post","link":"https:\/\/www.latribunedufaso.net\/?p=22432","title":{"rendered":"R\u00e9ouverture stade du 4-Ao\u00fbt :\u00a0Le Capitaine Ibrahim Traor\u00e9 accueille les anciennes gloires du football africain"},"content":{"rendered":"<p><strong>Le Pr\u00e9sident du Faso, Chef de l\u2019\u00c9tat, le Capitaine Ibrahim Traor\u00e9 a accord\u00e9 ce lundi 4 ao\u00fbt 2025 \u00e0 Ouagadougou, une audience aux anciennes gloires du football africain, pr\u00e9sentes \u00e0 Ouagadougou dans le cadre de la c\u00e9r\u00e9monie de r\u00e9ouverture du Stade du 4-ao\u00fbt.<\/strong><!--more--><\/p>\n<p><em><strong>\u00ab Tout d\u2019abord, nous voulons vous dire merci de nous avoir accueillis chez nous, chez vous \u00bb,<\/strong><\/em> indique avec fiert\u00e9 le porte-parole des anciennes gloires du football africain, Samuel ETO\u2019O, \u00e0 la sortie d\u2019audience de la d\u00e9l\u00e9gation.<\/p>\n<p>Ces l\u00e9gendes du football venues des quatre coins du continent ont <em><strong>\u00ab eu l\u2019immense bonheur d\u2019\u00eatre re\u00e7ues par Son Excellence Monsieur le Pr\u00e9sident du Faso, qui est une fiert\u00e9 pour l\u2019Afrique que nous aimons \u00bb.<\/strong><\/em><\/p>\n<figure id=\"attachment_22433\" aria-describedby=\"caption-attachment-22433\" style=\"width: 1600px\" class=\"wp-caption aligncenter\"><a href=\"https:\/\/www.latribunedufaso.net\/wp-content\/uploads\/2025\/08\/IMG-20250805-WA0058.jpg\"><img loading=\"lazy\" decoding=\"async\" class=\"size-full wp-image-22433\" src=\"https:\/\/www.latribunedufaso.net\/wp-content\/uploads\/2025\/08\/IMG-20250805-WA0058.jpg\" alt=\"Pr\u00e9sent au Burkina dans le cadre de la r\u00e9ouverture du stade du 4-ao\u00fbt, le Chef de l'\u00c9tat a accord\u00e9 une audience aux anciennes gloire du football africain, 4 ao\u00fbt 2025\" width=\"1600\" height=\"1066\" srcset=\"https:\/\/www.latribunedufaso.net\/wp-content\/uploads\/2025\/08\/IMG-20250805-WA0058.jpg 1600w, https:\/\/www.latribunedufaso.net\/wp-content\/uploads\/2025\/08\/IMG-20250805-WA0058-300x200.jpg 300w, https:\/\/www.latribunedufaso.net\/wp-content\/uploads\/2025\/08\/IMG-20250805-WA0058-1024x682.jpg 1024w, https:\/\/www.latribunedufaso.net\/wp-content\/uploads\/2025\/08\/IMG-20250805-WA0058-768x512.jpg 768w, https:\/\/www.latribunedufaso.net\/wp-content\/uploads\/2025\/08\/IMG-20250805-WA0058-1536x1023.jpg 1536w, https:\/\/www.latribunedufaso.net\/wp-content\/uploads\/2025\/08\/IMG-20250805-WA0058-840x560.jpg 840w, https:\/\/www.latribunedufaso.net\/wp-content\/uploads\/2025\/08\/IMG-20250805-WA0058-120x80.jpg 120w, https:\/\/www.latribunedufaso.net\/wp-content\/uploads\/2025\/08\/IMG-20250805-WA0058-360x240.jpg 360w, https:\/\/www.latribunedufaso.net\/wp-content\/uploads\/2025\/08\/IMG-20250805-WA0058-600x400.jpg 600w\" sizes=\"auto, (max-width: 1600px) 100vw, 1600px\" \/><\/a><figcaption id=\"caption-attachment-22433\" class=\"wp-caption-text\">Selon le porte-parole, Samuel ETO\u2019O, leur pr\u00e9sence au Burkina Faso s\u2019inscrit dans le cadre de la r\u00e9ouverture du Stade du 4-Ao\u00fbt, un \u00e9v\u00e8nement majeur pour les l\u00e9gendes du football &#8211; Ph. DR<\/figcaption><\/figure>\n<p>Pour Samuel ETO\u2019O, au-del\u00e0 de l\u2019expression des sentiments de bonheur et de joie d\u2019avoir \u00e9chang\u00e9 avec le Capitaine Ibrahim TRAOR\u00c9, il s\u2019agit de partager avec le Pr\u00e9sident du Faso et l\u2019ensemble des Burkinab\u00e8, un beau moment pour la r\u00e9ouverture du Stade du 4-ao\u00fbt.\u00a0<\/p>\n<blockquote>\n<p>Lire aussi &gt;&gt; <a href=\"https:\/\/www.latribunedufaso.net\/?p=22397\">Sport : Tout est fin pr\u00eat pour la renaissance du mythique stade du 4-Ao\u00fbt\u00a0<\/a><\/p>\n<\/blockquote>\n<p><em><strong>\u00ab J\u2019esp\u00e8re que pour ceux qui sont \u00e0 Ouagadougou pour la premi\u00e8re fois, \u00e7a ne sera pas la derni\u00e8re fois. Il faut qu\u2019on revienne parce que le Burkina Faso est une partie de l\u2019Afrique et comme vous pouvez le constater, toutes ces l\u00e9gendes ont apport\u00e9 beaucoup de sourire dans ce continent. Nous nous sentons chez nous partout sur notre continent \u00bb,<\/strong><\/em> soutient le porte-parole des anciennes gloires du football africain.<\/p>\n<p><strong>Latribunedufaso.net<\/strong><\/p>\n<p><strong>Source : Direction de la communication de la Pr\u00e9sidence du Faso<\/strong><\/p>\n","protected":false},"excerpt":{"rendered":"<p>Le Pr\u00e9sident du Faso, Chef de l\u2019\u00c9tat, le Capitaine Ibrahim Traor\u00e9 a accord\u00e9 ce lundi 4 ao\u00fbt 2025 \u00e0 Ouagadougou, une audience aux anciennes gloires du football africain, pr\u00e9sentes \u00e0 Ouagadougou dans le cadre de la c\u00e9r\u00e9monie de r\u00e9ouverture du Stade du 4-ao\u00fbt.<\/p>\n","protected":false},"author":5,"featured_media":22434,"comment_status":"open","ping_status":"open","sticky":false,"template":"","format":"standard","meta":{"footnotes":""},"categories":[13,1,17],"tags":[39,1426],"class_list":["post-22432","post","type-post","status-publish","format-standard","has-post-thumbnail","hentry","category-une","category-actu","category-sport","tag-latribunedufaso-net","tag-reouverture-du-stade-du-4-aout"],"yoast_head":"<!-- This site is optimized with the Yoast SEO plugin v27.4 - https:\/\/yoast.com\/product\/yoast-seo-wordpress\/ -->\n<title>R\u00e9ouverture stade du 4-Ao\u00fbt :\u00a0Le Capitaine Ibrahim Traor\u00e9 accueille les anciennes gloires du football africain - La Tribune du Faso<\/title>\n<meta name=\"robots\" content=\"index, follow, max-snippet:-1, max-image-preview:large, max-video-preview:-1\" \/>\n<link rel=\"canonical\" href=\"https:\/\/www.latribunedufaso.net\/?p=22432\" \/>\n<meta property=\"og:locale\" content=\"fr_FR\" \/>\n<meta property=\"og:type\" content=\"article\" \/>\n<meta property=\"og:title\" content=\"R\u00e9ouverture stade du 4-Ao\u00fbt :\u00a0Le Capitaine Ibrahim Traor\u00e9 accueille les anciennes gloires du football africain - La Tribune du Faso\" \/>\n<meta property=\"og:description\" content=\"Le Pr\u00e9sident du Faso, Chef de l\u2019\u00c9tat, le Capitaine Ibrahim Traor\u00e9 a accord\u00e9 ce lundi 4 ao\u00fbt 2025 \u00e0 Ouagadougou, une audience aux anciennes gloires du football africain, pr\u00e9sentes \u00e0 Ouagadougou dans le cadre de la c\u00e9r\u00e9monie de r\u00e9ouverture du Stade du 4-ao\u00fbt.\" \/>\n<meta property=\"og:url\" content=\"https:\/\/www.latribunedufaso.net\/?p=22432\" \/>\n<meta property=\"og:site_name\" content=\"La Tribune du Faso\" \/>\n<meta property=\"article:publisher\" content=\"https:\/\/www.facebook.com\/LatribuneduFaso\/\" \/>\n<meta property=\"article:published_time\" content=\"2025-08-05T13:28:19+00:00\" \/>\n<meta property=\"article:modified_time\" content=\"2025-08-05T13:29:13+00:00\" \/>\n<meta property=\"og:image\" content=\"https:\/\/www.latribunedufaso.net\/wp-content\/uploads\/2025\/08\/IMG-20250805-WA0057.jpg\" \/>\n\t<meta property=\"og:image:width\" content=\"1600\" \/>\n\t<meta property=\"og:image:height\" content=\"1066\" \/>\n\t<meta property=\"og:image:type\" content=\"image\/jpeg\" \/>\n<meta name=\"author\" content=\"Issouf Tapsoba\" \/>\n<meta name=\"twitter:label1\" content=\"\u00c9crit par\" \/>\n\t<meta name=\"twitter:data1\" content=\"Issouf Tapsoba\" \/>\n\t<meta name=\"twitter:label2\" content=\"Dur\u00e9e de lecture estim\u00e9e\" \/>\n\t<meta name=\"twitter:data2\" content=\"2 minutes\" \/>\n<script type=\"application\/ld+json\" class=\"yoast-schema-graph\">{\"@context\":\"https:\\\/\\\/schema.org\",\"@graph\":[{\"@type\":\"Article\",\"@id\":\"https:\\\/\\\/www.latribunedufaso.net\\\/?p=22432#article\",\"isPartOf\":{\"@id\":\"https:\\\/\\\/www.latribunedufaso.net\\\/?p=22432\"},\"author\":{\"name\":\"Issouf Tapsoba\",\"@id\":\"https:\\\/\\\/www.latribunedufaso.net\\\/#\\\/schema\\\/person\\\/e54e64c5778a7e72cf80a318b7a622b0\"},\"headline\":\"R\u00e9ouverture stade du 4-Ao\u00fbt :\u00a0Le Capitaine Ibrahim Traor\u00e9 accueille les anciennes gloires du football africain\",\"datePublished\":\"2025-08-05T13:28:19+00:00\",\"dateModified\":\"2025-08-05T13:29:13+00:00\",\"mainEntityOfPage\":{\"@id\":\"https:\\\/\\\/www.latribunedufaso.net\\\/?p=22432\"},\"wordCount\":345,\"commentCount\":0,\"publisher\":{\"@id\":\"https:\\\/\\\/www.latribunedufaso.net\\\/#organization\"},\"image\":{\"@id\":\"https:\\\/\\\/www.latribunedufaso.net\\\/?p=22432#primaryimage\"},\"thumbnailUrl\":\"https:\\\/\\\/www.latribunedufaso.net\\\/wp-content\\\/uploads\\\/2025\\\/08\\\/IMG-20250805-WA0057.jpg\",\"keywords\":[\"latribunedufaso.net\",\"R\u00e9ouverture du stade du 4-ao\u00fbt\"],\"articleSection\":[\"A la une\",\"Actualit\u00e9\",\"Sport\"],\"inLanguage\":\"fr-FR\",\"potentialAction\":[{\"@type\":\"CommentAction\",\"name\":\"Comment\",\"target\":[\"https:\\\/\\\/www.latribunedufaso.net\\\/?p=22432#respond\"]}]},{\"@type\":\"WebPage\",\"@id\":\"https:\\\/\\\/www.latribunedufaso.net\\\/?p=22432\",\"url\":\"https:\\\/\\\/www.latribunedufaso.net\\\/?p=22432\",\"name\":\"R\u00e9ouverture stade du 4-Ao\u00fbt :\u00a0Le Capitaine Ibrahim Traor\u00e9 accueille les anciennes gloires du football africain - La Tribune du Faso\",\"isPartOf\":{\"@id\":\"https:\\\/\\\/www.latribunedufaso.net\\\/#website\"},\"primaryImageOfPage\":{\"@id\":\"https:\\\/\\\/www.latribunedufaso.net\\\/?p=22432#primaryimage\"},\"image\":{\"@id\":\"https:\\\/\\\/www.latribunedufaso.net\\\/?p=22432#primaryimage\"},\"thumbnailUrl\":\"https:\\\/\\\/www.latribunedufaso.net\\\/wp-content\\\/uploads\\\/2025\\\/08\\\/IMG-20250805-WA0057.jpg\",\"datePublished\":\"2025-08-05T13:28:19+00:00\",\"dateModified\":\"2025-08-05T13:29:13+00:00\",\"breadcrumb\":{\"@id\":\"https:\\\/\\\/www.latribunedufaso.net\\\/?p=22432#breadcrumb\"},\"inLanguage\":\"fr-FR\",\"potentialAction\":[{\"@type\":\"ReadAction\",\"target\":[\"https:\\\/\\\/www.latribunedufaso.net\\\/?p=22432\"]}]},{\"@type\":\"ImageObject\",\"inLanguage\":\"fr-FR\",\"@id\":\"https:\\\/\\\/www.latribunedufaso.net\\\/?p=22432#primaryimage\",\"url\":\"https:\\\/\\\/www.latribunedufaso.net\\\/wp-content\\\/uploads\\\/2025\\\/08\\\/IMG-20250805-WA0057.jpg\",\"contentUrl\":\"https:\\\/\\\/www.latribunedufaso.net\\\/wp-content\\\/uploads\\\/2025\\\/08\\\/IMG-20250805-WA0057.jpg\",\"width\":1600,\"height\":1066,\"caption\":\"Pr\u00e9sent au Burkina dans le cadre de la r\u00e9ouverture du stade du 4-ao\u00fbt, le Chef de l'\u00c9tat a accord\u00e9 une audience aux anciennes gloire du football africain, 4 ao\u00fbt 2025\"},{\"@type\":\"BreadcrumbList\",\"@id\":\"https:\\\/\\\/www.latribunedufaso.net\\\/?p=22432#breadcrumb\",\"itemListElement\":[{\"@type\":\"ListItem\",\"position\":1,\"name\":\"Accueil\",\"item\":\"https:\\\/\\\/www.latribunedufaso.net\\\/\"},{\"@type\":\"ListItem\",\"position\":2,\"name\":\"R\u00e9ouverture stade du 4-Ao\u00fbt :\u00a0Le Capitaine Ibrahim Traor\u00e9 accueille les anciennes gloires du football africain\"}]},{\"@type\":\"WebSite\",\"@id\":\"https:\\\/\\\/www.latribunedufaso.net\\\/#website\",\"url\":\"https:\\\/\\\/www.latribunedufaso.net\\\/\",\"name\":\"La Tribune du Faso\",\"description\":\"L&#039;information du monde rural en un clic\",\"publisher\":{\"@id\":\"https:\\\/\\\/www.latribunedufaso.net\\\/#organization\"},\"potentialAction\":[{\"@type\":\"SearchAction\",\"target\":{\"@type\":\"EntryPoint\",\"urlTemplate\":\"https:\\\/\\\/www.latribunedufaso.net\\\/?s={search_term_string}\"},\"query-input\":{\"@type\":\"PropertyValueSpecification\",\"valueRequired\":true,\"valueName\":\"search_term_string\"}}],\"inLanguage\":\"fr-FR\"},{\"@type\":\"Organization\",\"@id\":\"https:\\\/\\\/www.latribunedufaso.net\\\/#organization\",\"name\":\"La Tribune du Faso\",\"url\":\"https:\\\/\\\/www.latribunedufaso.net\\\/\",\"logo\":{\"@type\":\"ImageObject\",\"inLanguage\":\"fr-FR\",\"@id\":\"https:\\\/\\\/www.latribunedufaso.net\\\/#\\\/schema\\\/logo\\\/image\\\/\",\"url\":\"https:\\\/\\\/www.latribunedufaso.net\\\/wp-content\\\/uploads\\\/2020\\\/08\\\/Logo-Tribune-du-Faso-final-scaled.jpg\",\"contentUrl\":\"https:\\\/\\\/www.latribunedufaso.net\\\/wp-content\\\/uploads\\\/2020\\\/08\\\/Logo-Tribune-du-Faso-final-scaled.jpg\",\"width\":2560,\"height\":1856,\"caption\":\"La Tribune du Faso\"},\"image\":{\"@id\":\"https:\\\/\\\/www.latribunedufaso.net\\\/#\\\/schema\\\/logo\\\/image\\\/\"},\"sameAs\":[\"https:\\\/\\\/www.facebook.com\\\/LatribuneduFaso\\\/\"]},{\"@type\":\"Person\",\"@id\":\"https:\\\/\\\/www.latribunedufaso.net\\\/#\\\/schema\\\/person\\\/e54e64c5778a7e72cf80a318b7a622b0\",\"name\":\"Issouf Tapsoba\",\"image\":{\"@type\":\"ImageObject\",\"inLanguage\":\"fr-FR\",\"@id\":\"https:\\\/\\\/secure.gravatar.com\\\/avatar\\\/5e6c05150ce3230247d167f5b94d678eb05936197436d69b7921e3a95c9107ac?s=96&d=mm&r=g\",\"url\":\"https:\\\/\\\/secure.gravatar.com\\\/avatar\\\/5e6c05150ce3230247d167f5b94d678eb05936197436d69b7921e3a95c9107ac?s=96&d=mm&r=g\",\"contentUrl\":\"https:\\\/\\\/secure.gravatar.com\\\/avatar\\\/5e6c05150ce3230247d167f5b94d678eb05936197436d69b7921e3a95c9107ac?s=96&d=mm&r=g\",\"caption\":\"Issouf Tapsoba\"},\"url\":\"https:\\\/\\\/www.latribunedufaso.net\\\/?author=5\"}]}<\/script>\n<!-- \/ Yoast SEO plugin. -->","yoast_head_json":{"title":"R\u00e9ouverture stade du 4-Ao\u00fbt :\u00a0Le Capitaine Ibrahim Traor\u00e9 accueille les anciennes gloires du football africain - La Tribune du Faso","robots":{"index":"index","follow":"follow","max-snippet":"max-snippet:-1","max-image-preview":"max-image-preview:large","max-video-preview":"max-video-preview:-1"},"canonical":"https:\/\/www.latribunedufaso.net\/?p=22432","og_locale":"fr_FR","og_type":"article","og_title":"R\u00e9ouverture stade du 4-Ao\u00fbt :\u00a0Le Capitaine Ibrahim Traor\u00e9 accueille les anciennes gloires du football africain - La Tribune du Faso","og_description":"Le Pr\u00e9sident du Faso, Chef de l\u2019\u00c9tat, le Capitaine Ibrahim Traor\u00e9 a accord\u00e9 ce lundi 4 ao\u00fbt 2025 \u00e0 Ouagadougou, une audience aux anciennes gloires du football africain, pr\u00e9sentes \u00e0 Ouagadougou dans le cadre de la c\u00e9r\u00e9monie de r\u00e9ouverture du Stade du 4-ao\u00fbt.","og_url":"https:\/\/www.latribunedufaso.net\/?p=22432","og_site_name":"La Tribune du Faso","article_publisher":"https:\/\/www.facebook.com\/LatribuneduFaso\/","article_published_time":"2025-08-05T13:28:19+00:00","article_modified_time":"2025-08-05T13:29:13+00:00","og_image":[{"width":1600,"height":1066,"url":"https:\/\/www.latribunedufaso.net\/wp-content\/uploads\/2025\/08\/IMG-20250805-WA0057.jpg","type":"image\/jpeg"}],"author":"Issouf Tapsoba","twitter_misc":{"\u00c9crit par":"Issouf Tapsoba","Dur\u00e9e de lecture estim\u00e9e":"2 minutes"},"schema":{"@context":"https:\/\/schema.org","@graph":[{"@type":"Article","@id":"https:\/\/www.latribunedufaso.net\/?p=22432#article","isPartOf":{"@id":"https:\/\/www.latribunedufaso.net\/?p=22432"},"author":{"name":"Issouf Tapsoba","@id":"https:\/\/www.latribunedufaso.net\/#\/schema\/person\/e54e64c5778a7e72cf80a318b7a622b0"},"headline":"R\u00e9ouverture stade du 4-Ao\u00fbt :\u00a0Le Capitaine Ibrahim Traor\u00e9 accueille les anciennes gloires du football africain","datePublished":"2025-08-05T13:28:19+00:00","dateModified":"2025-08-05T13:29:13+00:00","mainEntityOfPage":{"@id":"https:\/\/www.latribunedufaso.net\/?p=22432"},"wordCount":345,"commentCount":0,"publisher":{"@id":"https:\/\/www.latribunedufaso.net\/#organization"},"image":{"@id":"https:\/\/www.latribunedufaso.net\/?p=22432#primaryimage"},"thumbnailUrl":"https:\/\/www.latribunedufaso.net\/wp-content\/uploads\/2025\/08\/IMG-20250805-WA0057.jpg","keywords":["latribunedufaso.net","R\u00e9ouverture du stade du 4-ao\u00fbt"],"articleSection":["A la une","Actualit\u00e9","Sport"],"inLanguage":"fr-FR","potentialAction":[{"@type":"CommentAction","name":"Comment","target":["https:\/\/www.latribunedufaso.net\/?p=22432#respond"]}]},{"@type":"WebPage","@id":"https:\/\/www.latribunedufaso.net\/?p=22432","url":"https:\/\/www.latribunedufaso.net\/?p=22432","name":"R\u00e9ouverture stade du 4-Ao\u00fbt :\u00a0Le Capitaine Ibrahim Traor\u00e9 accueille les anciennes gloires du football africain - La Tribune du Faso","isPartOf":{"@id":"https:\/\/www.latribunedufaso.net\/#website"},"primaryImageOfPage":{"@id":"https:\/\/www.latribunedufaso.net\/?p=22432#primaryimage"},"image":{"@id":"https:\/\/www.latribunedufaso.net\/?p=22432#primaryimage"},"thumbnailUrl":"https:\/\/www.latribunedufaso.net\/wp-content\/uploads\/2025\/08\/IMG-20250805-WA0057.jpg","datePublished":"2025-08-05T13:28:19+00:00","dateModified":"2025-08-05T13:29:13+00:00","breadcrumb":{"@id":"https:\/\/www.latribunedufaso.net\/?p=22432#breadcrumb"},"inLanguage":"fr-FR","potentialAction":[{"@type":"ReadAction","target":["https:\/\/www.latribunedufaso.net\/?p=22432"]}]},{"@type":"ImageObject","inLanguage":"fr-FR","@id":"https:\/\/www.latribunedufaso.net\/?p=22432#primaryimage","url":"https:\/\/www.latribunedufaso.net\/wp-content\/uploads\/2025\/08\/IMG-20250805-WA0057.jpg","contentUrl":"https:\/\/www.latribunedufaso.net\/wp-content\/uploads\/2025\/08\/IMG-20250805-WA0057.jpg","width":1600,"height":1066,"caption":"Pr\u00e9sent au Burkina dans le cadre de la r\u00e9ouverture du stade du 4-ao\u00fbt, le Chef de l'\u00c9tat a accord\u00e9 une audience aux anciennes gloire du football africain, 4 ao\u00fbt 2025"},{"@type":"BreadcrumbList","@id":"https:\/\/www.latribunedufaso.net\/?p=22432#breadcrumb","itemListElement":[{"@type":"ListItem","position":1,"name":"Accueil","item":"https:\/\/www.latribunedufaso.net\/"},{"@type":"ListItem","position":2,"name":"R\u00e9ouverture stade du 4-Ao\u00fbt :\u00a0Le Capitaine Ibrahim Traor\u00e9 accueille les anciennes gloires du football africain"}]},{"@type":"WebSite","@id":"https:\/\/www.latribunedufaso.net\/#website","url":"https:\/\/www.latribunedufaso.net\/","name":"La Tribune du Faso","description":"L&#039;information du monde rural en un clic","publisher":{"@id":"https:\/\/www.latribunedufaso.net\/#organization"},"potentialAction":[{"@type":"SearchAction","target":{"@type":"EntryPoint","urlTemplate":"https:\/\/www.latribunedufaso.net\/?s={search_term_string}"},"query-input":{"@type":"PropertyValueSpecification","valueRequired":true,"valueName":"search_term_string"}}],"inLanguage":"fr-FR"},{"@type":"Organization","@id":"https:\/\/www.latribunedufaso.net\/#organization","name":"La Tribune du Faso","url":"https:\/\/www.latribunedufaso.net\/","logo":{"@type":"ImageObject","inLanguage":"fr-FR","@id":"https:\/\/www.latribunedufaso.net\/#\/schema\/logo\/image\/","url":"https:\/\/www.latribunedufaso.net\/wp-content\/uploads\/2020\/08\/Logo-Tribune-du-Faso-final-scaled.jpg","contentUrl":"https:\/\/www.latribunedufaso.net\/wp-content\/uploads\/2020\/08\/Logo-Tribune-du-Faso-final-scaled.jpg","width":2560,"height":1856,"caption":"La Tribune du Faso"},"image":{"@id":"https:\/\/www.latribunedufaso.net\/#\/schema\/logo\/image\/"},"sameAs":["https:\/\/www.facebook.com\/LatribuneduFaso\/"]},{"@type":"Person","@id":"https:\/\/www.latribunedufaso.net\/#\/schema\/person\/e54e64c5778a7e72cf80a318b7a622b0","name":"Issouf Tapsoba","image":{"@type":"ImageObject","inLanguage":"fr-FR","@id":"https:\/\/secure.gravatar.com\/avatar\/5e6c05150ce3230247d167f5b94d678eb05936197436d69b7921e3a95c9107ac?s=96&d=mm&r=g","url":"https:\/\/secure.gravatar.com\/avatar\/5e6c05150ce3230247d167f5b94d678eb05936197436d69b7921e3a95c9107ac?s=96&d=mm&r=g","contentUrl":"https:\/\/secure.gravatar.com\/avatar\/5e6c05150ce3230247d167f5b94d678eb05936197436d69b7921e3a95c9107ac?s=96&d=mm&r=g","caption":"Issouf Tapsoba"},"url":"https:\/\/www.latribunedufaso.net\/?author=5"}]}},"_links":{"self":[{"href":"https:\/\/www.latribunedufaso.net\/index.php?rest_route=\/wp\/v2\/posts\/22432","targetHints":{"allow":["GET"]}}],"collection":[{"href":"https:\/\/www.latribunedufaso.net\/index.php?rest_route=\/wp\/v2\/posts"}],"about":[{"href":"https:\/\/www.latribunedufaso.net\/index.php?rest_route=\/wp\/v2\/types\/post"}],"author":[{"embeddable":true,"href":"https:\/\/www.latribunedufaso.net\/index.php?rest_route=\/wp\/v2\/users\/5"}],"replies":[{"embeddable":true,"href":"https:\/\/www.latribunedufaso.net\/index.php?rest_route=%2Fwp%2Fv2%2Fcomments&post=22432"}],"version-history":[{"count":2,"href":"https:\/\/www.latribunedufaso.net\/index.php?rest_route=\/wp\/v2\/posts\/22432\/revisions"}],"predecessor-version":[{"id":22436,"href":"https:\/\/www.latribunedufaso.net\/index.php?rest_route=\/wp\/v2\/posts\/22432\/revisions\/22436"}],"wp:featuredmedia":[{"embeddable":true,"href":"https:\/\/www.latribunedufaso.net\/index.php?rest_route=\/wp\/v2\/media\/22434"}],"wp:attachment":[{"href":"https:\/\/www.latribunedufaso.net\/index.php?rest_route=%2Fwp%2Fv2%2Fmedia&parent=22432"}],"wp:term":[{"taxonomy":"category","embeddable":true,"href":"https:\/\/www.latribunedufaso.net\/index.php?rest_route=%2Fwp%2Fv2%2Fcategories&post=22432"},{"taxonomy":"post_tag","embeddable":true,"href":"https:\/\/www.latribunedufaso.net\/index.php?rest_route=%2Fwp%2Fv2%2Ftags&post=22432"}],"curies":[{"name":"wp","href":"https:\/\/api.w.org\/{rel}","templated":true}]}}