{"id":22415,"date":"2025-08-02T21:22:28","date_gmt":"2025-08-02T21:22:28","guid":{"rendered":"https:\/\/www.latribunedufaso.net\/?p=22415"},"modified":"2025-09-17T17:33:17","modified_gmt":"2025-09-17T17:33:17","slug":"ouagadougou-iamgold-essakane-sa-celebre-ses-15-ans-avec-une-journee-de-salubrite-citoyenne","status":"publish","type":"post","link":"https:\/\/www.latribunedufaso.net\/?p=22415","title":{"rendered":"Ouagadougou : IAMGOLD Essakane SA c\u00e9l\u00e8bre ses 15 ans avec une journ\u00e9e de salubrit\u00e9 citoyenne"},"content":{"rendered":"<p><strong>\u00c0 l\u2019occasion de son 15e anniversaire d\u2019exploitation au Burkina Faso, la soci\u00e9t\u00e9 mini\u00e8re IAMGOLD Essakane SA a organis\u00e9 le 2 ao\u00fbt 2025 \u00e0 Ouagadougou, une journ\u00e9e de salubrit\u00e9 citoyenne. L\u2019activit\u00e9, plac\u00e9e sous le th\u00e8me <em>\u00ab Ma ville, ma responsabilit\u00e9 : je nettoie, je prot\u00e8ge \u00bb<\/em>, s\u2019est d\u00e9roul\u00e9e aux abords de l&rsquo;a\u00e9roport de Ouagadougou en partenariat avec la commune et les femmes de la Brigade Verte.<\/strong><!--more--><\/p>\n<p>D\u00e8s les premi\u00e8res heures de la matin\u00e9e, les \u00e9quipes d\u2019Essakane SA, la Brigade Verte et des agents de la d\u00e9l\u00e9gation sp\u00e9ciale de la commune ont nettoy\u00e9 les abords de l\u2019a\u00e9roport. Cette action vise \u00e0 promouvoir un cadre de vie sain et \u00e0 appuyer les efforts des autorit\u00e9s locales dans la gestion de la salubrit\u00e9 urbaine.<\/p>\n<figure id=\"attachment_22420\" aria-describedby=\"caption-attachment-22420\" style=\"width: 929px\" class=\"wp-caption aligncenter\"><a href=\"https:\/\/www.latribunedufaso.net\/wp-content\/uploads\/2025\/08\/FB_IMG_1754168881934.jpg\"><img loading=\"lazy\" decoding=\"async\" class=\"size-full wp-image-22420\" src=\"https:\/\/www.latribunedufaso.net\/wp-content\/uploads\/2025\/08\/FB_IMG_1754168881934.jpg\" alt=\"\u00c0 l\u2019occasion de son 15e anniversaire d\u2019exploitation au Burkina Faso, Essakane a une journ\u00e9e de salubrit\u00e9 citoyenne aux abords de l'a\u00e9roport Ouagadougou, 2 ao\u00fbt 2025\" width=\"929\" height=\"1344\" srcset=\"https:\/\/www.latribunedufaso.net\/wp-content\/uploads\/2025\/08\/FB_IMG_1754168881934.jpg 929w, https:\/\/www.latribunedufaso.net\/wp-content\/uploads\/2025\/08\/FB_IMG_1754168881934-207x300.jpg 207w, https:\/\/www.latribunedufaso.net\/wp-content\/uploads\/2025\/08\/FB_IMG_1754168881934-708x1024.jpg 708w, https:\/\/www.latribunedufaso.net\/wp-content\/uploads\/2025\/08\/FB_IMG_1754168881934-768x1111.jpg 768w\" sizes=\"auto, (max-width: 929px) 100vw, 929px\" \/><\/a><figcaption id=\"caption-attachment-22420\" class=\"wp-caption-text\">Le PDS de Ouagadougou, Maurice Konat\u00e9 (gauche) et le Pr\u00e9sident de IAMGOLD Essakane SA, Tindiane Barry (droite) lors de la journ\u00e9e de salubrit\u00e9 &#8211; Ph. DR<\/figcaption><\/figure>\n<p><em><strong>\u00ab Nous comm\u00e9morons les 15 ans d\u2019op\u00e9ration de la mine d\u2019Essakane. Essakane est une soci\u00e9t\u00e9 citoyenne dont les actions parlent d\u2019elles-m\u00eames. Nous sommes aujourd\u2019hui en partenariat avec la commune et les femmes de la Brigade Verte pour symboliquement marquer notre engagement, celui des employ\u00e9s de la soci\u00e9t\u00e9, aux questions de salubrit\u00e9 \u00bb,<\/strong><\/em> a d\u00e9clar\u00e9 Tidiane Barry, Directeur g\u00e9n\u00e9ral d\u2019Essakane et Vice-pr\u00e9sident Afrique de l\u2019Ouest du groupe IAMGOLD.<\/p>\n<p>La salubrit\u00e9 est tr\u00e8s importante, selon M. Barry. Il explique que nous devons avoir des cadres de vie sains et que cela rentre en droite ligne avec les valeurs de IAMGOLD. <em><strong>\u00ab Nous sommes particuli\u00e8rement fiers de poser cet acte aujourd\u2019hui. Ce n\u2019est qu\u2019une des nombreuses activit\u00e9s qui marquent les 15 ans d\u2019op\u00e9ration de notre soci\u00e9t\u00e9 \u00bb<\/strong><\/em>, a-t-il poursuivi.<\/p>\n<figure id=\"attachment_22418\" aria-describedby=\"caption-attachment-22418\" style=\"width: 2560px\" class=\"wp-caption aligncenter\"><a href=\"https:\/\/www.latribunedufaso.net\/wp-content\/uploads\/2025\/08\/IMG-20250802-WA0089.jpg\"><img loading=\"lazy\" decoding=\"async\" class=\"size-full wp-image-22418\" src=\"https:\/\/www.latribunedufaso.net\/wp-content\/uploads\/2025\/08\/IMG-20250802-WA0089.jpg\" alt=\"\u00c0 l\u2019occasion de son 15e anniversaire d\u2019exploitation au Burkina Faso, Essakane a une journ\u00e9e de salubrit\u00e9 citoyenne aux abords de l'a\u00e9roport Ouagadougou, 2 ao\u00fbt 2025\" width=\"2560\" height=\"2560\" srcset=\"https:\/\/www.latribunedufaso.net\/wp-content\/uploads\/2025\/08\/IMG-20250802-WA0089.jpg 2560w, https:\/\/www.latribunedufaso.net\/wp-content\/uploads\/2025\/08\/IMG-20250802-WA0089-300x300.jpg 300w, https:\/\/www.latribunedufaso.net\/wp-content\/uploads\/2025\/08\/IMG-20250802-WA0089-1024x1024.jpg 1024w, https:\/\/www.latribunedufaso.net\/wp-content\/uploads\/2025\/08\/IMG-20250802-WA0089-150x150.jpg 150w, https:\/\/www.latribunedufaso.net\/wp-content\/uploads\/2025\/08\/IMG-20250802-WA0089-768x768.jpg 768w, https:\/\/www.latribunedufaso.net\/wp-content\/uploads\/2025\/08\/IMG-20250802-WA0089-1536x1536.jpg 1536w, https:\/\/www.latribunedufaso.net\/wp-content\/uploads\/2025\/08\/IMG-20250802-WA0089-2048x2048.jpg 2048w\" sizes=\"auto, (max-width: 2560px) 100vw, 2560px\" \/><\/a><figcaption id=\"caption-attachment-22418\" class=\"wp-caption-text\">Une vue des participants lors de l&rsquo;op\u00e9ration &#8211; Ph. A. Kiendrebeogo<\/figcaption><\/figure>\n<h3>Un engagement social salu\u00e9 par les autorit\u00e9s<\/h3>\n<p>Au cours de la journ\u00e9e de salubrit\u00e9, une enveloppe de 500 000 FCFA a \u00e9t\u00e9 remise au Pr\u00e9sident de la d\u00e9l\u00e9gation sp\u00e9ciale de Ouagadougou, Maurice Konat\u00e9, en faveur des femmes de la Brigade Verte. Ce geste symbolique s\u2019ajoute \u00e0 <a href=\"https:\/\/www.latribunedufaso.net\/?p=22389\">un don de mat\u00e9riel de plus de 11,5 millions de francs CFA<\/a>, effectu\u00e9 la veille \u00e0 la Mairie centrale, pour soutenir le travail quotidien de ces femmes engag\u00e9es dans l\u2019entretien de la ville.<\/p>\n<p><iframe loading=\"lazy\" width=\"560\" height=\"315\" src=\"https:\/\/www.youtube.com\/embed\/HEvGAcFgFCo?si=Fw3k1eHKj_P-1GOL\" title=\"YouTube video player\" frameborder=\"0\" allow=\"accelerometer; autoplay; clipboard-write; encrypted-media; gyroscope; picture-in-picture; web-share\" referrerpolicy=\"strict-origin-when-cross-origin\" allowfullscreen><\/iframe><\/p>\n<p><em><strong>\u00ab Le th\u00e8me choisi porte tout son symbole, car il rejoint l\u2019appel lanc\u00e9 par le Pr\u00e9sident du Faso pour que chaque citoyen prenne soin de son environnement. Ce qu\u2019Essakane fait aujourd\u2019hui est en parfaite ad\u00e9quation avec cette vision. Nous saluons leur contribution constante aux efforts de la ville de Ouagadougou \u00bb,<\/strong><\/em> a d\u00e9clar\u00e9 Maurice Konat\u00e9, Pr\u00e9sident de la d\u00e9l\u00e9gation sp\u00e9ciale de la commune.<\/p>\n<p>Il a aussi rappel\u00e9 les multiples actions d\u00e9j\u00e0 men\u00e9es par la soci\u00e9t\u00e9 mini\u00e8re en faveur de la commune, renfor\u00e7ant ainsi son image de<em><strong> \u00ab partenaire engag\u00e9 \u00bb<\/strong><\/em> dans le d\u00e9veloppement local.<\/p>\n<p><strong>Rosana Astride KIENDREBEOGO\u00a0<\/strong><\/p>\n<p><strong>Latribunedufaso.net<\/strong><\/p>\n<p><a href=\"https:\/\/www.latribunedufaso.net\/wp-content\/uploads\/2025\/08\/IMG-20250802-WA0090.jpg\"><img loading=\"lazy\" decoding=\"async\" class=\"size-full wp-image-22419 aligncenter\" src=\"https:\/\/www.latribunedufaso.net\/wp-content\/uploads\/2025\/08\/IMG-20250802-WA0090.jpg\" alt=\"\u00c0 l\u2019occasion de son 15e anniversaire d\u2019exploitation au Burkina Faso, Essakane a une journ\u00e9e de salubrit\u00e9 citoyenne aux abords de l'a\u00e9roport Ouagadougou, 2 ao\u00fbt 2025\" width=\"2560\" height=\"2560\" srcset=\"https:\/\/www.latribunedufaso.net\/wp-content\/uploads\/2025\/08\/IMG-20250802-WA0090.jpg 2560w, https:\/\/www.latribunedufaso.net\/wp-content\/uploads\/2025\/08\/IMG-20250802-WA0090-300x300.jpg 300w, https:\/\/www.latribunedufaso.net\/wp-content\/uploads\/2025\/08\/IMG-20250802-WA0090-1024x1024.jpg 1024w, https:\/\/www.latribunedufaso.net\/wp-content\/uploads\/2025\/08\/IMG-20250802-WA0090-150x150.jpg 150w, https:\/\/www.latribunedufaso.net\/wp-content\/uploads\/2025\/08\/IMG-20250802-WA0090-768x768.jpg 768w, https:\/\/www.latribunedufaso.net\/wp-content\/uploads\/2025\/08\/IMG-20250802-WA0090-1536x1536.jpg 1536w, https:\/\/www.latribunedufaso.net\/wp-content\/uploads\/2025\/08\/IMG-20250802-WA0090-2048x2048.jpg 2048w\" sizes=\"auto, (max-width: 2560px) 100vw, 2560px\" \/><\/a><\/p>\n","protected":false},"excerpt":{"rendered":"<p>\u00c0 l\u2019occasion de son 15e anniversaire d\u2019exploitation au Burkina Faso, la soci\u00e9t\u00e9 mini\u00e8re IAMGOLD Essakane SA a organis\u00e9 le 2 ao\u00fbt 2025 \u00e0 Ouagadougou, une journ\u00e9e de salubrit\u00e9 citoyenne. L\u2019activit\u00e9, plac\u00e9e sous le th\u00e8me \u00ab Ma ville, ma responsabilit\u00e9 : je nettoie, je prot\u00e8ge \u00bb, s\u2019est d\u00e9roul\u00e9e aux abords de l&rsquo;a\u00e9roport de Ouagadougou en partenariat avec la commune et les femmes de la Brigade Verte.<\/p>\n","protected":false},"author":5,"featured_media":22417,"comment_status":"open","ping_status":"open","sticky":false,"template":"","format":"standard","meta":{"footnotes":""},"categories":[13,1,19],"tags":[1434,1425,981,39,74],"class_list":["post-22415","post","type-post","status-publish","format-standard","has-post-thumbnail","hentry","category-une","category-actu","category-mines-et-carrieres","tag-15-ans-danniversaire-essakane","tag-brigade-verte-ouagadougou","tag-iamgold-essakane-sa","tag-latribunedufaso-net","tag-ouagadougou"],"yoast_head":"<!-- This site is optimized with the Yoast SEO plugin v27.4 - https:\/\/yoast.com\/product\/yoast-seo-wordpress\/ -->\n<title>Ouagadougou : IAMGOLD Essakane SA c\u00e9l\u00e8bre ses 15 ans avec une journ\u00e9e de salubrit\u00e9 citoyenne - La Tribune du Faso<\/title>\n<meta name=\"robots\" content=\"index, follow, max-snippet:-1, max-image-preview:large, max-video-preview:-1\" \/>\n<link rel=\"canonical\" href=\"https:\/\/www.latribunedufaso.net\/?p=22415\" \/>\n<meta property=\"og:locale\" content=\"fr_FR\" \/>\n<meta property=\"og:type\" content=\"article\" \/>\n<meta property=\"og:title\" content=\"Ouagadougou : IAMGOLD Essakane SA c\u00e9l\u00e8bre ses 15 ans avec une journ\u00e9e de salubrit\u00e9 citoyenne - La Tribune du Faso\" \/>\n<meta property=\"og:description\" content=\"\u00c0 l\u2019occasion de son 15e anniversaire d\u2019exploitation au Burkina Faso, la soci\u00e9t\u00e9 mini\u00e8re IAMGOLD Essakane SA a organis\u00e9 le 2 ao\u00fbt 2025 \u00e0 Ouagadougou, une journ\u00e9e de salubrit\u00e9 citoyenne. L\u2019activit\u00e9, plac\u00e9e sous le th\u00e8me \u00ab Ma ville, ma responsabilit\u00e9 : je nettoie, je prot\u00e8ge \u00bb, s\u2019est d\u00e9roul\u00e9e aux abords de l&rsquo;a\u00e9roport de Ouagadougou en partenariat avec la commune et les femmes de la Brigade Verte.\" \/>\n<meta property=\"og:url\" content=\"https:\/\/www.latribunedufaso.net\/?p=22415\" \/>\n<meta property=\"og:site_name\" content=\"La Tribune du Faso\" \/>\n<meta property=\"article:publisher\" content=\"https:\/\/www.facebook.com\/LatribuneduFaso\/\" \/>\n<meta property=\"article:published_time\" content=\"2025-08-02T21:22:28+00:00\" \/>\n<meta property=\"article:modified_time\" content=\"2025-09-17T17:33:17+00:00\" \/>\n<meta property=\"og:image\" content=\"https:\/\/www.latribunedufaso.net\/wp-content\/uploads\/2025\/08\/IMG-20250802-WA0087_1.jpg\" \/>\n\t<meta property=\"og:image:width\" content=\"1080\" \/>\n\t<meta property=\"og:image:height\" content=\"810\" \/>\n\t<meta property=\"og:image:type\" content=\"image\/jpeg\" \/>\n<meta name=\"author\" content=\"Issouf Tapsoba\" \/>\n<meta name=\"twitter:label1\" content=\"\u00c9crit par\" \/>\n\t<meta name=\"twitter:data1\" content=\"Issouf Tapsoba\" \/>\n\t<meta name=\"twitter:label2\" content=\"Dur\u00e9e de lecture estim\u00e9e\" \/>\n\t<meta name=\"twitter:data2\" content=\"3 minutes\" \/>\n<script type=\"application\/ld+json\" class=\"yoast-schema-graph\">{\"@context\":\"https:\\\/\\\/schema.org\",\"@graph\":[{\"@type\":\"Article\",\"@id\":\"https:\\\/\\\/www.latribunedufaso.net\\\/?p=22415#article\",\"isPartOf\":{\"@id\":\"https:\\\/\\\/www.latribunedufaso.net\\\/?p=22415\"},\"author\":{\"name\":\"Issouf Tapsoba\",\"@id\":\"https:\\\/\\\/www.latribunedufaso.net\\\/#\\\/schema\\\/person\\\/e54e64c5778a7e72cf80a318b7a622b0\"},\"headline\":\"Ouagadougou : IAMGOLD Essakane SA c\u00e9l\u00e8bre ses 15 ans avec une journ\u00e9e de salubrit\u00e9 citoyenne\",\"datePublished\":\"2025-08-02T21:22:28+00:00\",\"dateModified\":\"2025-09-17T17:33:17+00:00\",\"mainEntityOfPage\":{\"@id\":\"https:\\\/\\\/www.latribunedufaso.net\\\/?p=22415\"},\"wordCount\":548,\"commentCount\":0,\"publisher\":{\"@id\":\"https:\\\/\\\/www.latribunedufaso.net\\\/#organization\"},\"image\":{\"@id\":\"https:\\\/\\\/www.latribunedufaso.net\\\/?p=22415#primaryimage\"},\"thumbnailUrl\":\"https:\\\/\\\/www.latribunedufaso.net\\\/wp-content\\\/uploads\\\/2025\\\/08\\\/IMG-20250802-WA0087_1.jpg\",\"keywords\":[\"15 ans d'anniversaire Essakane\",\"Brigade verte Ouagadougou\",\"IAMGOLD Essakane SA\",\"latribunedufaso.net\",\"Ouagadougou\"],\"articleSection\":[\"A la une\",\"Actualit\u00e9\",\"Mines et Carri\u00e8res\"],\"inLanguage\":\"fr-FR\",\"potentialAction\":[{\"@type\":\"CommentAction\",\"name\":\"Comment\",\"target\":[\"https:\\\/\\\/www.latribunedufaso.net\\\/?p=22415#respond\"]}]},{\"@type\":\"WebPage\",\"@id\":\"https:\\\/\\\/www.latribunedufaso.net\\\/?p=22415\",\"url\":\"https:\\\/\\\/www.latribunedufaso.net\\\/?p=22415\",\"name\":\"Ouagadougou : IAMGOLD Essakane SA c\u00e9l\u00e8bre ses 15 ans avec une journ\u00e9e de salubrit\u00e9 citoyenne - La Tribune du Faso\",\"isPartOf\":{\"@id\":\"https:\\\/\\\/www.latribunedufaso.net\\\/#website\"},\"primaryImageOfPage\":{\"@id\":\"https:\\\/\\\/www.latribunedufaso.net\\\/?p=22415#primaryimage\"},\"image\":{\"@id\":\"https:\\\/\\\/www.latribunedufaso.net\\\/?p=22415#primaryimage\"},\"thumbnailUrl\":\"https:\\\/\\\/www.latribunedufaso.net\\\/wp-content\\\/uploads\\\/2025\\\/08\\\/IMG-20250802-WA0087_1.jpg\",\"datePublished\":\"2025-08-02T21:22:28+00:00\",\"dateModified\":\"2025-09-17T17:33:17+00:00\",\"breadcrumb\":{\"@id\":\"https:\\\/\\\/www.latribunedufaso.net\\\/?p=22415#breadcrumb\"},\"inLanguage\":\"fr-FR\",\"potentialAction\":[{\"@type\":\"ReadAction\",\"target\":[\"https:\\\/\\\/www.latribunedufaso.net\\\/?p=22415\"]}]},{\"@type\":\"ImageObject\",\"inLanguage\":\"fr-FR\",\"@id\":\"https:\\\/\\\/www.latribunedufaso.net\\\/?p=22415#primaryimage\",\"url\":\"https:\\\/\\\/www.latribunedufaso.net\\\/wp-content\\\/uploads\\\/2025\\\/08\\\/IMG-20250802-WA0087_1.jpg\",\"contentUrl\":\"https:\\\/\\\/www.latribunedufaso.net\\\/wp-content\\\/uploads\\\/2025\\\/08\\\/IMG-20250802-WA0087_1.jpg\",\"width\":1080,\"height\":810,\"caption\":\"\u00c0 l\u2019occasion de son 15e anniversaire d\u2019exploitation au Burkina Faso, Essakane a une journ\u00e9e de salubrit\u00e9 citoyenne aux abords de l'a\u00e9roport Ouagadougou, 2 ao\u00fbt 2025\"},{\"@type\":\"BreadcrumbList\",\"@id\":\"https:\\\/\\\/www.latribunedufaso.net\\\/?p=22415#breadcrumb\",\"itemListElement\":[{\"@type\":\"ListItem\",\"position\":1,\"name\":\"Accueil\",\"item\":\"https:\\\/\\\/www.latribunedufaso.net\\\/\"},{\"@type\":\"ListItem\",\"position\":2,\"name\":\"Ouagadougou : IAMGOLD Essakane SA c\u00e9l\u00e8bre ses 15 ans avec une journ\u00e9e de salubrit\u00e9 citoyenne\"}]},{\"@type\":\"WebSite\",\"@id\":\"https:\\\/\\\/www.latribunedufaso.net\\\/#website\",\"url\":\"https:\\\/\\\/www.latribunedufaso.net\\\/\",\"name\":\"La Tribune du Faso\",\"description\":\"L&#039;information du monde rural en un clic\",\"publisher\":{\"@id\":\"https:\\\/\\\/www.latribunedufaso.net\\\/#organization\"},\"potentialAction\":[{\"@type\":\"SearchAction\",\"target\":{\"@type\":\"EntryPoint\",\"urlTemplate\":\"https:\\\/\\\/www.latribunedufaso.net\\\/?s={search_term_string}\"},\"query-input\":{\"@type\":\"PropertyValueSpecification\",\"valueRequired\":true,\"valueName\":\"search_term_string\"}}],\"inLanguage\":\"fr-FR\"},{\"@type\":\"Organization\",\"@id\":\"https:\\\/\\\/www.latribunedufaso.net\\\/#organization\",\"name\":\"La Tribune du Faso\",\"url\":\"https:\\\/\\\/www.latribunedufaso.net\\\/\",\"logo\":{\"@type\":\"ImageObject\",\"inLanguage\":\"fr-FR\",\"@id\":\"https:\\\/\\\/www.latribunedufaso.net\\\/#\\\/schema\\\/logo\\\/image\\\/\",\"url\":\"https:\\\/\\\/www.latribunedufaso.net\\\/wp-content\\\/uploads\\\/2020\\\/08\\\/Logo-Tribune-du-Faso-final-scaled.jpg\",\"contentUrl\":\"https:\\\/\\\/www.latribunedufaso.net\\\/wp-content\\\/uploads\\\/2020\\\/08\\\/Logo-Tribune-du-Faso-final-scaled.jpg\",\"width\":2560,\"height\":1856,\"caption\":\"La Tribune du Faso\"},\"image\":{\"@id\":\"https:\\\/\\\/www.latribunedufaso.net\\\/#\\\/schema\\\/logo\\\/image\\\/\"},\"sameAs\":[\"https:\\\/\\\/www.facebook.com\\\/LatribuneduFaso\\\/\"]},{\"@type\":\"Person\",\"@id\":\"https:\\\/\\\/www.latribunedufaso.net\\\/#\\\/schema\\\/person\\\/e54e64c5778a7e72cf80a318b7a622b0\",\"name\":\"Issouf Tapsoba\",\"image\":{\"@type\":\"ImageObject\",\"inLanguage\":\"fr-FR\",\"@id\":\"https:\\\/\\\/secure.gravatar.com\\\/avatar\\\/5e6c05150ce3230247d167f5b94d678eb05936197436d69b7921e3a95c9107ac?s=96&d=mm&r=g\",\"url\":\"https:\\\/\\\/secure.gravatar.com\\\/avatar\\\/5e6c05150ce3230247d167f5b94d678eb05936197436d69b7921e3a95c9107ac?s=96&d=mm&r=g\",\"contentUrl\":\"https:\\\/\\\/secure.gravatar.com\\\/avatar\\\/5e6c05150ce3230247d167f5b94d678eb05936197436d69b7921e3a95c9107ac?s=96&d=mm&r=g\",\"caption\":\"Issouf Tapsoba\"},\"url\":\"https:\\\/\\\/www.latribunedufaso.net\\\/?author=5\"}]}<\/script>\n<!-- \/ Yoast SEO plugin. -->","yoast_head_json":{"title":"Ouagadougou : IAMGOLD Essakane SA c\u00e9l\u00e8bre ses 15 ans avec une journ\u00e9e de salubrit\u00e9 citoyenne - La Tribune du Faso","robots":{"index":"index","follow":"follow","max-snippet":"max-snippet:-1","max-image-preview":"max-image-preview:large","max-video-preview":"max-video-preview:-1"},"canonical":"https:\/\/www.latribunedufaso.net\/?p=22415","og_locale":"fr_FR","og_type":"article","og_title":"Ouagadougou : IAMGOLD Essakane SA c\u00e9l\u00e8bre ses 15 ans avec une journ\u00e9e de salubrit\u00e9 citoyenne - La Tribune du Faso","og_description":"\u00c0 l\u2019occasion de son 15e anniversaire d\u2019exploitation au Burkina Faso, la soci\u00e9t\u00e9 mini\u00e8re IAMGOLD Essakane SA a organis\u00e9 le 2 ao\u00fbt 2025 \u00e0 Ouagadougou, une journ\u00e9e de salubrit\u00e9 citoyenne. L\u2019activit\u00e9, plac\u00e9e sous le th\u00e8me \u00ab Ma ville, ma responsabilit\u00e9 : je nettoie, je prot\u00e8ge \u00bb, s\u2019est d\u00e9roul\u00e9e aux abords de l&rsquo;a\u00e9roport de Ouagadougou en partenariat avec la commune et les femmes de la Brigade Verte.","og_url":"https:\/\/www.latribunedufaso.net\/?p=22415","og_site_name":"La Tribune du Faso","article_publisher":"https:\/\/www.facebook.com\/LatribuneduFaso\/","article_published_time":"2025-08-02T21:22:28+00:00","article_modified_time":"2025-09-17T17:33:17+00:00","og_image":[{"width":1080,"height":810,"url":"https:\/\/www.latribunedufaso.net\/wp-content\/uploads\/2025\/08\/IMG-20250802-WA0087_1.jpg","type":"image\/jpeg"}],"author":"Issouf Tapsoba","twitter_misc":{"\u00c9crit par":"Issouf Tapsoba","Dur\u00e9e de lecture estim\u00e9e":"3 minutes"},"schema":{"@context":"https:\/\/schema.org","@graph":[{"@type":"Article","@id":"https:\/\/www.latribunedufaso.net\/?p=22415#article","isPartOf":{"@id":"https:\/\/www.latribunedufaso.net\/?p=22415"},"author":{"name":"Issouf Tapsoba","@id":"https:\/\/www.latribunedufaso.net\/#\/schema\/person\/e54e64c5778a7e72cf80a318b7a622b0"},"headline":"Ouagadougou : IAMGOLD Essakane SA c\u00e9l\u00e8bre ses 15 ans avec une journ\u00e9e de salubrit\u00e9 citoyenne","datePublished":"2025-08-02T21:22:28+00:00","dateModified":"2025-09-17T17:33:17+00:00","mainEntityOfPage":{"@id":"https:\/\/www.latribunedufaso.net\/?p=22415"},"wordCount":548,"commentCount":0,"publisher":{"@id":"https:\/\/www.latribunedufaso.net\/#organization"},"image":{"@id":"https:\/\/www.latribunedufaso.net\/?p=22415#primaryimage"},"thumbnailUrl":"https:\/\/www.latribunedufaso.net\/wp-content\/uploads\/2025\/08\/IMG-20250802-WA0087_1.jpg","keywords":["15 ans d'anniversaire Essakane","Brigade verte Ouagadougou","IAMGOLD Essakane SA","latribunedufaso.net","Ouagadougou"],"articleSection":["A la une","Actualit\u00e9","Mines et Carri\u00e8res"],"inLanguage":"fr-FR","potentialAction":[{"@type":"CommentAction","name":"Comment","target":["https:\/\/www.latribunedufaso.net\/?p=22415#respond"]}]},{"@type":"WebPage","@id":"https:\/\/www.latribunedufaso.net\/?p=22415","url":"https:\/\/www.latribunedufaso.net\/?p=22415","name":"Ouagadougou : IAMGOLD Essakane SA c\u00e9l\u00e8bre ses 15 ans avec une journ\u00e9e de salubrit\u00e9 citoyenne - La Tribune du Faso","isPartOf":{"@id":"https:\/\/www.latribunedufaso.net\/#website"},"primaryImageOfPage":{"@id":"https:\/\/www.latribunedufaso.net\/?p=22415#primaryimage"},"image":{"@id":"https:\/\/www.latribunedufaso.net\/?p=22415#primaryimage"},"thumbnailUrl":"https:\/\/www.latribunedufaso.net\/wp-content\/uploads\/2025\/08\/IMG-20250802-WA0087_1.jpg","datePublished":"2025-08-02T21:22:28+00:00","dateModified":"2025-09-17T17:33:17+00:00","breadcrumb":{"@id":"https:\/\/www.latribunedufaso.net\/?p=22415#breadcrumb"},"inLanguage":"fr-FR","potentialAction":[{"@type":"ReadAction","target":["https:\/\/www.latribunedufaso.net\/?p=22415"]}]},{"@type":"ImageObject","inLanguage":"fr-FR","@id":"https:\/\/www.latribunedufaso.net\/?p=22415#primaryimage","url":"https:\/\/www.latribunedufaso.net\/wp-content\/uploads\/2025\/08\/IMG-20250802-WA0087_1.jpg","contentUrl":"https:\/\/www.latribunedufaso.net\/wp-content\/uploads\/2025\/08\/IMG-20250802-WA0087_1.jpg","width":1080,"height":810,"caption":"\u00c0 l\u2019occasion de son 15e anniversaire d\u2019exploitation au Burkina Faso, Essakane a une journ\u00e9e de salubrit\u00e9 citoyenne aux abords de l'a\u00e9roport Ouagadougou, 2 ao\u00fbt 2025"},{"@type":"BreadcrumbList","@id":"https:\/\/www.latribunedufaso.net\/?p=22415#breadcrumb","itemListElement":[{"@type":"ListItem","position":1,"name":"Accueil","item":"https:\/\/www.latribunedufaso.net\/"},{"@type":"ListItem","position":2,"name":"Ouagadougou : IAMGOLD Essakane SA c\u00e9l\u00e8bre ses 15 ans avec une journ\u00e9e de salubrit\u00e9 citoyenne"}]},{"@type":"WebSite","@id":"https:\/\/www.latribunedufaso.net\/#website","url":"https:\/\/www.latribunedufaso.net\/","name":"La Tribune du Faso","description":"L&#039;information du monde rural en un clic","publisher":{"@id":"https:\/\/www.latribunedufaso.net\/#organization"},"potentialAction":[{"@type":"SearchAction","target":{"@type":"EntryPoint","urlTemplate":"https:\/\/www.latribunedufaso.net\/?s={search_term_string}"},"query-input":{"@type":"PropertyValueSpecification","valueRequired":true,"valueName":"search_term_string"}}],"inLanguage":"fr-FR"},{"@type":"Organization","@id":"https:\/\/www.latribunedufaso.net\/#organization","name":"La Tribune du Faso","url":"https:\/\/www.latribunedufaso.net\/","logo":{"@type":"ImageObject","inLanguage":"fr-FR","@id":"https:\/\/www.latribunedufaso.net\/#\/schema\/logo\/image\/","url":"https:\/\/www.latribunedufaso.net\/wp-content\/uploads\/2020\/08\/Logo-Tribune-du-Faso-final-scaled.jpg","contentUrl":"https:\/\/www.latribunedufaso.net\/wp-content\/uploads\/2020\/08\/Logo-Tribune-du-Faso-final-scaled.jpg","width":2560,"height":1856,"caption":"La Tribune du Faso"},"image":{"@id":"https:\/\/www.latribunedufaso.net\/#\/schema\/logo\/image\/"},"sameAs":["https:\/\/www.facebook.com\/LatribuneduFaso\/"]},{"@type":"Person","@id":"https:\/\/www.latribunedufaso.net\/#\/schema\/person\/e54e64c5778a7e72cf80a318b7a622b0","name":"Issouf Tapsoba","image":{"@type":"ImageObject","inLanguage":"fr-FR","@id":"https:\/\/secure.gravatar.com\/avatar\/5e6c05150ce3230247d167f5b94d678eb05936197436d69b7921e3a95c9107ac?s=96&d=mm&r=g","url":"https:\/\/secure.gravatar.com\/avatar\/5e6c05150ce3230247d167f5b94d678eb05936197436d69b7921e3a95c9107ac?s=96&d=mm&r=g","contentUrl":"https:\/\/secure.gravatar.com\/avatar\/5e6c05150ce3230247d167f5b94d678eb05936197436d69b7921e3a95c9107ac?s=96&d=mm&r=g","caption":"Issouf Tapsoba"},"url":"https:\/\/www.latribunedufaso.net\/?author=5"}]}},"_links":{"self":[{"href":"https:\/\/www.latribunedufaso.net\/index.php?rest_route=\/wp\/v2\/posts\/22415","targetHints":{"allow":["GET"]}}],"collection":[{"href":"https:\/\/www.latribunedufaso.net\/index.php?rest_route=\/wp\/v2\/posts"}],"about":[{"href":"https:\/\/www.latribunedufaso.net\/index.php?rest_route=\/wp\/v2\/types\/post"}],"author":[{"embeddable":true,"href":"https:\/\/www.latribunedufaso.net\/index.php?rest_route=\/wp\/v2\/users\/5"}],"replies":[{"embeddable":true,"href":"https:\/\/www.latribunedufaso.net\/index.php?rest_route=%2Fwp%2Fv2%2Fcomments&post=22415"}],"version-history":[{"count":3,"href":"https:\/\/www.latribunedufaso.net\/index.php?rest_route=\/wp\/v2\/posts\/22415\/revisions"}],"predecessor-version":[{"id":23605,"href":"https:\/\/www.latribunedufaso.net\/index.php?rest_route=\/wp\/v2\/posts\/22415\/revisions\/23605"}],"wp:featuredmedia":[{"embeddable":true,"href":"https:\/\/www.latribunedufaso.net\/index.php?rest_route=\/wp\/v2\/media\/22417"}],"wp:attachment":[{"href":"https:\/\/www.latribunedufaso.net\/index.php?rest_route=%2Fwp%2Fv2%2Fmedia&parent=22415"}],"wp:term":[{"taxonomy":"category","embeddable":true,"href":"https:\/\/www.latribunedufaso.net\/index.php?rest_route=%2Fwp%2Fv2%2Fcategories&post=22415"},{"taxonomy":"post_tag","embeddable":true,"href":"https:\/\/www.latribunedufaso.net\/index.php?rest_route=%2Fwp%2Fv2%2Ftags&post=22415"}],"curies":[{"name":"wp","href":"https:\/\/api.w.org\/{rel}","templated":true}]}}