{"id":22404,"date":"2025-08-02T17:16:15","date_gmt":"2025-08-02T17:16:15","guid":{"rendered":"https:\/\/www.latribunedufaso.net\/?p=22404"},"modified":"2025-09-17T17:30:47","modified_gmt":"2025-09-17T17:30:47","slug":"pylones-de-telephonie-mobile-au-burkina-les-autorites-rassurent-sur-labsence-de-danger-pour-la-sante","status":"publish","type":"post","link":"https:\/\/www.latribunedufaso.net\/?p=22404","title":{"rendered":"Pyl\u00f4nes de t\u00e9l\u00e9phonie mobile au Burkina : Les autorit\u00e9s rassurent sur l&rsquo;absence de danger pour la sant\u00e9"},"content":{"rendered":"<p><strong>Les pyl\u00f4nes des t\u00e9l\u00e9phonies mobiles n\u2019ont aucun effet nocif sur la sant\u00e9. C\u2019est ce qui ressort d\u2019une conf\u00e9rence de presse anim\u00e9e, le 1er ao\u00fbt 2025 \u00e0 Ouagadougou, par les acteurs cl\u00e9s intervenant dans le processus d\u2019installation desdits pyl\u00f4nes. Il s\u2019agit de l\u2019Agence nationale des \u00e9valuations environnementales (ANEVE), de l\u2019Autorit\u00e9 de r\u00e9gulation de la radioactivit\u00e9 et de la s\u00fbret\u00e9 nucl\u00e9aire (ARSN), de l\u2019Autorit\u00e9 de r\u00e9gulation des communications \u00e9lectroniques et des postes (ARCEP) et du minist\u00e8re en charge des Communications \u00e9lectroniques.<\/strong><!--more--><\/p>\n<p>Suite aux plaintes r\u00e9currentes des populations sur les <em><strong>\u00ab suppos\u00e9s effets nocifs \u00bb<\/strong><\/em> des pyl\u00f4nes des t\u00e9l\u00e9phonies mobiles, l\u2019Agence nationale des \u00e9valuations environnementales (ANEVE), l\u2019Autorit\u00e9 de r\u00e9gulation de la radioactivit\u00e9 et de la s\u00fbret\u00e9 nucl\u00e9aire (ARSN) et l\u2019Autorit\u00e9 de r\u00e9gulation des communications \u00e9lectroniques et des postes (ARCEP) ont anim\u00e9 une conf\u00e9rence de presse sur le sujet. C\u2019\u00e9tait le 1er ao\u00fbt 2025 \u00e0 Ouagadougou.<\/p>\n<h3>La sant\u00e9 des populations, une priorit\u00e9 absolue\u00a0<\/h3>\n<p>La sant\u00e9 des populations est une priorit\u00e9 absolue pour l\u2019ensemble des acteurs du secteur, selon le Secr\u00e9taire ex\u00e9cutif de l\u2019ARCEP, Patrice Compaor\u00e9.<\/p>\n<figure id=\"attachment_22407\" aria-describedby=\"caption-attachment-22407\" style=\"width: 2560px\" class=\"wp-caption aligncenter\"><a href=\"https:\/\/www.latribunedufaso.net\/wp-content\/uploads\/2025\/08\/IMG_20250801_154635_052-scaled.jpg\"><img loading=\"lazy\" decoding=\"async\" class=\"size-full wp-image-22407\" src=\"https:\/\/www.latribunedufaso.net\/wp-content\/uploads\/2025\/08\/IMG_20250801_154635_052-scaled.jpg\" alt=\"Conf\u00e9rence de presse sur les plaintes relatives aux \u00ab suppos\u00e9s effets nocifs \u00bb des pyl\u00f4nes des t\u00e9l\u00e9phonies mobiles sur la sant\u00e9, 1er ao\u00fbt 2025\" width=\"2560\" height=\"1920\" srcset=\"https:\/\/www.latribunedufaso.net\/wp-content\/uploads\/2025\/08\/IMG_20250801_154635_052-scaled.jpg 2560w, https:\/\/www.latribunedufaso.net\/wp-content\/uploads\/2025\/08\/IMG_20250801_154635_052-300x225.jpg 300w, https:\/\/www.latribunedufaso.net\/wp-content\/uploads\/2025\/08\/IMG_20250801_154635_052-1024x768.jpg 1024w, https:\/\/www.latribunedufaso.net\/wp-content\/uploads\/2025\/08\/IMG_20250801_154635_052-768x576.jpg 768w, https:\/\/www.latribunedufaso.net\/wp-content\/uploads\/2025\/08\/IMG_20250801_154635_052-1536x1152.jpg 1536w, https:\/\/www.latribunedufaso.net\/wp-content\/uploads\/2025\/08\/IMG_20250801_154635_052-2048x1536.jpg 2048w\" sizes=\"auto, (max-width: 2560px) 100vw, 2560px\" \/><\/a><figcaption id=\"caption-attachment-22407\" class=\"wp-caption-text\">Le Secr\u00e9taire ex\u00e9cutif de l\u2019ARCEP, Patrice Compaor\u00e9 &#8211; Ph. I. Tapsoba<\/figcaption><\/figure>\n<p>Il a indiqu\u00e9 que l\u2019autorit\u00e9 m\u00e8ne r\u00e9guli\u00e8rement des campagnes nationales de mesure des niveaux d\u2019exposition aux rayonnements non ionisants \u00e9mis par les antennes et \u00e9quipements des t\u00e9l\u00e9phonies mobiles. La derni\u00e8re campagne (octobre 2024) a permis de toucher 438 points de mesure r\u00e9partis dans 8 grandes localit\u00e9s dont Bobo Dioulasso et Ouagadougou. Le protocole de mesure utilis\u00e9 est <em><strong>\u00ab strictement conforme \u00bb<\/strong><\/em> aux recommandations de la Commission internationale de protection contre les rayonnements non ionisants (ICNIRP) et de l\u2019Organisation mondiale de la sant\u00e9 (OMS).<\/p>\n<h3>\u00ab Aucun site n\u2019a d\u00e9pass\u00e9, ni m\u00eame approch\u00e9 les seuils limites \u00bb<\/h3>\n<p>En terme de r\u00e9sultats, il ressort que la valeur moyenne nationale mesur\u00e9e (0,95 V\/m) est largement en dessous du seuil limite (28 V\/m) fix\u00e9 par l\u2019ICNIRP \u00e0 400 MHz. La valeur maximale mesur\u00e9e est de 3,61 V\/m (Plateau omnisport de Pissy \u00e0 Ouagadougou). Cela est huit fois inf\u00e9rieur \u00e0 la limite r\u00e9glementaire. <em><strong>\u00ab Aucun site n\u2019a d\u00e9pass\u00e9, ni m\u00eame approch\u00e9 les seuils limites \u00bb,<\/strong><\/em> rassure M. Compaor\u00e9.<\/p>\n<h3>Rayonnement non ionisant : de quoi s&rsquo;agit-il ?<\/h3>\n<p>Notons qu\u2019il existe deux types de rayonnement. Le rayonnement ionisant (RI) et celui non ionisant (RNI). Au niveau du RI, l\u2019\u00e9nergie est \u00e9lev\u00e9e et peut d\u00e9truire la mati\u00e8re \u00e0 court terme. Quant au RNI, l\u2019\u00e9nergie est faible. Cela veut dire que l&rsquo;effet ne serait pas perceptible dans un temps relativement court.\u00a0<\/p>\n<figure id=\"attachment_22410\" aria-describedby=\"caption-attachment-22410\" style=\"width: 2560px\" class=\"wp-caption aligncenter\"><a href=\"https:\/\/www.latribunedufaso.net\/wp-content\/uploads\/2025\/08\/IMG_20250801_154530_751-scaled.jpg\"><img loading=\"lazy\" decoding=\"async\" class=\"size-full wp-image-22410\" src=\"https:\/\/www.latribunedufaso.net\/wp-content\/uploads\/2025\/08\/IMG_20250801_154530_751-scaled.jpg\" alt=\"Conf\u00e9rence de presse sur les plaintes relatives aux \u00ab suppos\u00e9s effets nocifs \u00bb des pyl\u00f4nes des t\u00e9l\u00e9phonies mobiles sur la sant\u00e9, 1er ao\u00fbt 2025\" width=\"2560\" height=\"1920\" srcset=\"https:\/\/www.latribunedufaso.net\/wp-content\/uploads\/2025\/08\/IMG_20250801_154530_751-scaled.jpg 2560w, https:\/\/www.latribunedufaso.net\/wp-content\/uploads\/2025\/08\/IMG_20250801_154530_751-300x225.jpg 300w, https:\/\/www.latribunedufaso.net\/wp-content\/uploads\/2025\/08\/IMG_20250801_154530_751-1024x768.jpg 1024w, https:\/\/www.latribunedufaso.net\/wp-content\/uploads\/2025\/08\/IMG_20250801_154530_751-768x576.jpg 768w, https:\/\/www.latribunedufaso.net\/wp-content\/uploads\/2025\/08\/IMG_20250801_154530_751-1536x1152.jpg 1536w, https:\/\/www.latribunedufaso.net\/wp-content\/uploads\/2025\/08\/IMG_20250801_154530_751-2048x1536.jpg 2048w\" sizes=\"auto, (max-width: 2560px) 100vw, 2560px\" \/><\/a><figcaption id=\"caption-attachment-22410\" class=\"wp-caption-text\">Le Directeur national de l&rsquo;ARSN, Martial Zoungrana &#8211; Ph. I. Tapsoba<\/figcaption><\/figure>\n<p>La t\u00e9l\u00e9phonie mobile est dans le domaine des RNI. \u00c0 ce jour, aucune \u00e9tude scientifique n&rsquo;a d\u00e9montr\u00e9 de lien de causalit\u00e9 entre les ondes non ionisantes et des effets n\u00e9gatifs \u00e0 long terme sur la sant\u00e9, selon le Directeur national de l&rsquo;ARSN, Martial Zoungrana. Il cite l&rsquo;OMS et l&rsquo;ICNIRP.<\/p>\n<h3>Un processus d&rsquo;installation rigoureux<\/h3>\n<p>L\u2019implantation d\u2019un pyl\u00f4ne ne se fait pas \u00e0 la l\u00e9g\u00e8re. Le Directeur G\u00e9n\u00e9ral des Communications \u00c9lectroniques, Nongobzanga Zongo, a expliqu\u00e9 que le processus est rigoureux.<\/p>\n<figure id=\"attachment_22409\" aria-describedby=\"caption-attachment-22409\" style=\"width: 2560px\" class=\"wp-caption aligncenter\"><a href=\"https:\/\/www.latribunedufaso.net\/wp-content\/uploads\/2025\/08\/IMG_20250801_154534_109-1-scaled.jpg\"><img loading=\"lazy\" decoding=\"async\" class=\"size-full wp-image-22409\" src=\"https:\/\/www.latribunedufaso.net\/wp-content\/uploads\/2025\/08\/IMG_20250801_154534_109-1-scaled.jpg\" alt=\"Conf\u00e9rence de presse sur les plaintes relatives aux \u00ab suppos\u00e9s effets nocifs \u00bb des pyl\u00f4nes des t\u00e9l\u00e9phonies mobiles sur la sant\u00e9, 1er ao\u00fbt 2025\" width=\"2560\" height=\"1920\" srcset=\"https:\/\/www.latribunedufaso.net\/wp-content\/uploads\/2025\/08\/IMG_20250801_154534_109-1-scaled.jpg 2560w, https:\/\/www.latribunedufaso.net\/wp-content\/uploads\/2025\/08\/IMG_20250801_154534_109-1-300x225.jpg 300w, https:\/\/www.latribunedufaso.net\/wp-content\/uploads\/2025\/08\/IMG_20250801_154534_109-1-1024x768.jpg 1024w, https:\/\/www.latribunedufaso.net\/wp-content\/uploads\/2025\/08\/IMG_20250801_154534_109-1-768x576.jpg 768w, https:\/\/www.latribunedufaso.net\/wp-content\/uploads\/2025\/08\/IMG_20250801_154534_109-1-1536x1152.jpg 1536w, https:\/\/www.latribunedufaso.net\/wp-content\/uploads\/2025\/08\/IMG_20250801_154534_109-1-2048x1536.jpg 2048w\" sizes=\"auto, (max-width: 2560px) 100vw, 2560px\" \/><\/a><figcaption id=\"caption-attachment-22409\" class=\"wp-caption-text\">Le Directeur G\u00e9n\u00e9ral des Communications \u00c9lectroniques, Nongobzanga Zongo &#8211; Ph. I. Tapsoba<\/figcaption><\/figure>\n<p>L\u2019op\u00e9rateur doit obtenir une licence du minist\u00e8re, mais aussi faire valider l\u2019\u00e9tude d\u2019impact environnemental et social du projet par l\u2019ANEVE. Selon le Directeur g\u00e9n\u00e9ral de l&rsquo;agence, D\u00e9sir\u00e9 Yam\u00e9ogo, ce dossier fait l&rsquo;objet d&rsquo;une analyse approfondie, incluant une visite sur le terrain pour s\u2019assurer que tous les aspects environnementaux sont pris en compte.<\/p>\n<figure id=\"attachment_22411\" aria-describedby=\"caption-attachment-22411\" style=\"width: 2560px\" class=\"wp-caption aligncenter\"><a href=\"https:\/\/www.latribunedufaso.net\/wp-content\/uploads\/2025\/08\/IMG_20250801_162300_939-scaled.jpg\"><img loading=\"lazy\" decoding=\"async\" class=\"size-full wp-image-22411\" src=\"https:\/\/www.latribunedufaso.net\/wp-content\/uploads\/2025\/08\/IMG_20250801_162300_939-scaled.jpg\" alt=\"Conf\u00e9rence de presse sur les plaintes relatives aux \u00ab suppos\u00e9s effets nocifs \u00bb des pyl\u00f4nes des t\u00e9l\u00e9phonies mobiles sur la sant\u00e9, 1er ao\u00fbt 2025\" width=\"2560\" height=\"1920\" srcset=\"https:\/\/www.latribunedufaso.net\/wp-content\/uploads\/2025\/08\/IMG_20250801_162300_939-scaled.jpg 2560w, https:\/\/www.latribunedufaso.net\/wp-content\/uploads\/2025\/08\/IMG_20250801_162300_939-300x225.jpg 300w, https:\/\/www.latribunedufaso.net\/wp-content\/uploads\/2025\/08\/IMG_20250801_162300_939-1024x768.jpg 1024w, https:\/\/www.latribunedufaso.net\/wp-content\/uploads\/2025\/08\/IMG_20250801_162300_939-768x576.jpg 768w, https:\/\/www.latribunedufaso.net\/wp-content\/uploads\/2025\/08\/IMG_20250801_162300_939-1536x1152.jpg 1536w, https:\/\/www.latribunedufaso.net\/wp-content\/uploads\/2025\/08\/IMG_20250801_162300_939-2048x1536.jpg 2048w\" sizes=\"auto, (max-width: 2560px) 100vw, 2560px\" \/><\/a><figcaption id=\"caption-attachment-22411\" class=\"wp-caption-text\">Le Directeur g\u00e9n\u00e9ral de l&rsquo;ANEVE, D\u00e9sir\u00e9 Yam\u00e9ogo (centre) &#8211; Ph. I. Tapsoba<\/figcaption><\/figure>\n<p>De plus, l\u2019op\u00e9rateur doit obtenir un rapport de l\u2019Agence nationale de l\u2019aviation civile (ANAC) concernant l\u2019espace a\u00e9rien et faire r\u00e9aliser des \u00e9tudes de sol par le Laboratoire national de b\u00e2timent et travaux publics (LNBTP) pour garantir la solidit\u00e9 de l\u2019installation. Ces multiples \u00e9tapes visent \u00e0 assurer non seulement la s\u00e9curit\u00e9 des populations, mais aussi le respect de l&rsquo;environnement et des normes techniques en vigueur.<\/p>\n<p><strong>Issouf TAPSOBA\u00a0<\/strong><\/p>\n<p><strong>Latribunedufaso.net<\/strong>\u00a0<\/p>\n<p>Lire aussi &gt;&gt; <a href=\"https:\/\/www.latribunedufaso.net\/?p=8497\">D\u00e9veloppement des infrastructures de t\u00e9l\u00e9communication : Quel est l\u2019\u00e9tat des lieux de la mise en \u0153uvre du SDAN ?<\/a><\/p>\n<p><iframe loading=\"lazy\" width=\"560\" height=\"315\" src=\"https:\/\/www.youtube.com\/embed\/3T3_i7ewY2U?si=f5PVdyujvDREEaHF\" title=\"YouTube video player\" frameborder=\"0\" allow=\"accelerometer; autoplay; clipboard-write; encrypted-media; gyroscope; picture-in-picture; web-share\" referrerpolicy=\"strict-origin-when-cross-origin\" allowfullscreen><\/iframe><\/p>\n","protected":false},"excerpt":{"rendered":"<p>Les pyl\u00f4nes des t\u00e9l\u00e9phonies mobiles n\u2019ont aucun effet nocif sur la sant\u00e9. C\u2019est ce qui ressort d\u2019une conf\u00e9rence de presse anim\u00e9e, le 1er ao\u00fbt 2025 \u00e0 Ouagadougou, par les acteurs cl\u00e9s intervenant dans le processus d\u2019installation desdits pyl\u00f4nes. Il s\u2019agit de l\u2019Agence nationale des \u00e9valuations environnementales (ANEVE), de l\u2019Autorit\u00e9 de r\u00e9gulation de la radioactivit\u00e9 et de la s\u00fbret\u00e9 nucl\u00e9aire (ARSN), de l\u2019Autorit\u00e9 de r\u00e9gulation des communications \u00e9lectroniques et des postes (ARCEP) et du minist\u00e8re en charge des Communications \u00e9lectroniques.<\/p>\n","protected":false},"author":5,"featured_media":22406,"comment_status":"open","ping_status":"open","sticky":false,"template":"","format":"standard","meta":{"footnotes":""},"categories":[13,1,5,7],"tags":[1429,1428,1433,39,1427,1432,1430,1431],"class_list":["post-22404","post","type-post","status-publish","format-standard","has-post-thumbnail","hentry","category-une","category-actu","category-envir","category-sante","tag-aneve","tag-arcep","tag-arsn","tag-latribunedufaso-net","tag-pylones-de-telephonie-mobile","tag-pylones-et-sante-des-populations","tag-rayonnement-ionisant","tag-rayonnement-non-ionisant"],"yoast_head":"<!-- This site is optimized with the Yoast SEO plugin v27.5 - https:\/\/yoast.com\/product\/yoast-seo-wordpress\/ -->\n<title>Pyl\u00f4nes de t\u00e9l\u00e9phonie mobile au Burkina : Les autorit\u00e9s rassurent sur l&#039;absence de danger pour la sant\u00e9 - La Tribune du Faso<\/title>\n<meta name=\"robots\" content=\"index, follow, max-snippet:-1, max-image-preview:large, max-video-preview:-1\" \/>\n<link rel=\"canonical\" href=\"https:\/\/www.latribunedufaso.net\/?p=22404\" \/>\n<meta property=\"og:locale\" content=\"fr_FR\" \/>\n<meta property=\"og:type\" content=\"article\" \/>\n<meta property=\"og:title\" content=\"Pyl\u00f4nes de t\u00e9l\u00e9phonie mobile au Burkina : Les autorit\u00e9s rassurent sur l&#039;absence de danger pour la sant\u00e9 - La Tribune du Faso\" \/>\n<meta property=\"og:description\" content=\"Les pyl\u00f4nes des t\u00e9l\u00e9phonies mobiles n\u2019ont aucun effet nocif sur la sant\u00e9. C\u2019est ce qui ressort d\u2019une conf\u00e9rence de presse anim\u00e9e, le 1er ao\u00fbt 2025 \u00e0 Ouagadougou, par les acteurs cl\u00e9s intervenant dans le processus d\u2019installation desdits pyl\u00f4nes. Il s\u2019agit de l\u2019Agence nationale des \u00e9valuations environnementales (ANEVE), de l\u2019Autorit\u00e9 de r\u00e9gulation de la radioactivit\u00e9 et de la s\u00fbret\u00e9 nucl\u00e9aire (ARSN), de l\u2019Autorit\u00e9 de r\u00e9gulation des communications \u00e9lectroniques et des postes (ARCEP) et du minist\u00e8re en charge des Communications \u00e9lectroniques.\" \/>\n<meta property=\"og:url\" content=\"https:\/\/www.latribunedufaso.net\/?p=22404\" \/>\n<meta property=\"og:site_name\" content=\"La Tribune du Faso\" \/>\n<meta property=\"article:publisher\" content=\"https:\/\/www.facebook.com\/LatribuneduFaso\/\" \/>\n<meta property=\"article:published_time\" content=\"2025-08-02T17:16:15+00:00\" \/>\n<meta property=\"article:modified_time\" content=\"2025-09-17T17:30:47+00:00\" \/>\n<meta property=\"og:image\" content=\"https:\/\/www.latribunedufaso.net\/wp-content\/uploads\/2025\/08\/IMG_20250801_143402_451-scaled.jpg\" \/>\n\t<meta property=\"og:image:width\" content=\"2560\" \/>\n\t<meta property=\"og:image:height\" content=\"1920\" \/>\n\t<meta property=\"og:image:type\" content=\"image\/jpeg\" \/>\n<meta name=\"author\" content=\"Issouf Tapsoba\" \/>\n<meta name=\"twitter:label1\" content=\"\u00c9crit par\" \/>\n\t<meta name=\"twitter:data1\" content=\"Issouf Tapsoba\" \/>\n\t<meta name=\"twitter:label2\" content=\"Dur\u00e9e de lecture estim\u00e9e\" \/>\n\t<meta name=\"twitter:data2\" content=\"4 minutes\" \/>\n<script type=\"application\/ld+json\" class=\"yoast-schema-graph\">{\"@context\":\"https:\\\/\\\/schema.org\",\"@graph\":[{\"@type\":\"Article\",\"@id\":\"https:\\\/\\\/www.latribunedufaso.net\\\/?p=22404#article\",\"isPartOf\":{\"@id\":\"https:\\\/\\\/www.latribunedufaso.net\\\/?p=22404\"},\"author\":{\"name\":\"Issouf Tapsoba\",\"@id\":\"https:\\\/\\\/www.latribunedufaso.net\\\/#\\\/schema\\\/person\\\/e54e64c5778a7e72cf80a318b7a622b0\"},\"headline\":\"Pyl\u00f4nes de t\u00e9l\u00e9phonie mobile au Burkina : Les autorit\u00e9s rassurent sur l&rsquo;absence de danger pour la sant\u00e9\",\"datePublished\":\"2025-08-02T17:16:15+00:00\",\"dateModified\":\"2025-09-17T17:30:47+00:00\",\"mainEntityOfPage\":{\"@id\":\"https:\\\/\\\/www.latribunedufaso.net\\\/?p=22404\"},\"wordCount\":807,\"commentCount\":0,\"publisher\":{\"@id\":\"https:\\\/\\\/www.latribunedufaso.net\\\/#organization\"},\"image\":{\"@id\":\"https:\\\/\\\/www.latribunedufaso.net\\\/?p=22404#primaryimage\"},\"thumbnailUrl\":\"https:\\\/\\\/www.latribunedufaso.net\\\/wp-content\\\/uploads\\\/2025\\\/08\\\/IMG_20250801_143402_451-scaled.jpg\",\"keywords\":[\"ANEVE\",\"ARCEP\",\"ARSN\",\"latribunedufaso.net\",\"Pyl\u00f4nes de t\u00e9l\u00e9phonie mobile\",\"Pyl\u00f4nes et sant\u00e9 des populations\",\"Rayonnement ionisant\",\"rayonnement non ionisant\"],\"articleSection\":[\"A la une\",\"Actualit\u00e9\",\"Environnement\",\"Sant\u00e9\"],\"inLanguage\":\"fr-FR\",\"potentialAction\":[{\"@type\":\"CommentAction\",\"name\":\"Comment\",\"target\":[\"https:\\\/\\\/www.latribunedufaso.net\\\/?p=22404#respond\"]}]},{\"@type\":\"WebPage\",\"@id\":\"https:\\\/\\\/www.latribunedufaso.net\\\/?p=22404\",\"url\":\"https:\\\/\\\/www.latribunedufaso.net\\\/?p=22404\",\"name\":\"Pyl\u00f4nes de t\u00e9l\u00e9phonie mobile au Burkina : Les autorit\u00e9s rassurent sur l'absence de danger pour la sant\u00e9 - La Tribune du Faso\",\"isPartOf\":{\"@id\":\"https:\\\/\\\/www.latribunedufaso.net\\\/#website\"},\"primaryImageOfPage\":{\"@id\":\"https:\\\/\\\/www.latribunedufaso.net\\\/?p=22404#primaryimage\"},\"image\":{\"@id\":\"https:\\\/\\\/www.latribunedufaso.net\\\/?p=22404#primaryimage\"},\"thumbnailUrl\":\"https:\\\/\\\/www.latribunedufaso.net\\\/wp-content\\\/uploads\\\/2025\\\/08\\\/IMG_20250801_143402_451-scaled.jpg\",\"datePublished\":\"2025-08-02T17:16:15+00:00\",\"dateModified\":\"2025-09-17T17:30:47+00:00\",\"breadcrumb\":{\"@id\":\"https:\\\/\\\/www.latribunedufaso.net\\\/?p=22404#breadcrumb\"},\"inLanguage\":\"fr-FR\",\"potentialAction\":[{\"@type\":\"ReadAction\",\"target\":[\"https:\\\/\\\/www.latribunedufaso.net\\\/?p=22404\"]}]},{\"@type\":\"ImageObject\",\"inLanguage\":\"fr-FR\",\"@id\":\"https:\\\/\\\/www.latribunedufaso.net\\\/?p=22404#primaryimage\",\"url\":\"https:\\\/\\\/www.latribunedufaso.net\\\/wp-content\\\/uploads\\\/2025\\\/08\\\/IMG_20250801_143402_451-scaled.jpg\",\"contentUrl\":\"https:\\\/\\\/www.latribunedufaso.net\\\/wp-content\\\/uploads\\\/2025\\\/08\\\/IMG_20250801_143402_451-scaled.jpg\",\"width\":2560,\"height\":1920,\"caption\":\"Conf\u00e9rence de presse sur les plaintes relatives aux \u00ab suppos\u00e9s effets nocifs \u00bb des pyl\u00f4nes des t\u00e9l\u00e9phonies mobiles sur la sant\u00e9, 1er ao\u00fbt 2025\"},{\"@type\":\"BreadcrumbList\",\"@id\":\"https:\\\/\\\/www.latribunedufaso.net\\\/?p=22404#breadcrumb\",\"itemListElement\":[{\"@type\":\"ListItem\",\"position\":1,\"name\":\"Accueil\",\"item\":\"https:\\\/\\\/www.latribunedufaso.net\\\/\"},{\"@type\":\"ListItem\",\"position\":2,\"name\":\"Pyl\u00f4nes de t\u00e9l\u00e9phonie mobile au Burkina : Les autorit\u00e9s rassurent sur l&rsquo;absence de danger pour la sant\u00e9\"}]},{\"@type\":\"WebSite\",\"@id\":\"https:\\\/\\\/www.latribunedufaso.net\\\/#website\",\"url\":\"https:\\\/\\\/www.latribunedufaso.net\\\/\",\"name\":\"La Tribune du Faso\",\"description\":\"L&#039;information du monde rural en un clic\",\"publisher\":{\"@id\":\"https:\\\/\\\/www.latribunedufaso.net\\\/#organization\"},\"potentialAction\":[{\"@type\":\"SearchAction\",\"target\":{\"@type\":\"EntryPoint\",\"urlTemplate\":\"https:\\\/\\\/www.latribunedufaso.net\\\/?s={search_term_string}\"},\"query-input\":{\"@type\":\"PropertyValueSpecification\",\"valueRequired\":true,\"valueName\":\"search_term_string\"}}],\"inLanguage\":\"fr-FR\"},{\"@type\":\"Organization\",\"@id\":\"https:\\\/\\\/www.latribunedufaso.net\\\/#organization\",\"name\":\"La Tribune du Faso\",\"url\":\"https:\\\/\\\/www.latribunedufaso.net\\\/\",\"logo\":{\"@type\":\"ImageObject\",\"inLanguage\":\"fr-FR\",\"@id\":\"https:\\\/\\\/www.latribunedufaso.net\\\/#\\\/schema\\\/logo\\\/image\\\/\",\"url\":\"https:\\\/\\\/www.latribunedufaso.net\\\/wp-content\\\/uploads\\\/2020\\\/08\\\/Logo-Tribune-du-Faso-final-scaled.jpg\",\"contentUrl\":\"https:\\\/\\\/www.latribunedufaso.net\\\/wp-content\\\/uploads\\\/2020\\\/08\\\/Logo-Tribune-du-Faso-final-scaled.jpg\",\"width\":2560,\"height\":1856,\"caption\":\"La Tribune du Faso\"},\"image\":{\"@id\":\"https:\\\/\\\/www.latribunedufaso.net\\\/#\\\/schema\\\/logo\\\/image\\\/\"},\"sameAs\":[\"https:\\\/\\\/www.facebook.com\\\/LatribuneduFaso\\\/\"]},{\"@type\":\"Person\",\"@id\":\"https:\\\/\\\/www.latribunedufaso.net\\\/#\\\/schema\\\/person\\\/e54e64c5778a7e72cf80a318b7a622b0\",\"name\":\"Issouf Tapsoba\",\"image\":{\"@type\":\"ImageObject\",\"inLanguage\":\"fr-FR\",\"@id\":\"https:\\\/\\\/secure.gravatar.com\\\/avatar\\\/5e6c05150ce3230247d167f5b94d678eb05936197436d69b7921e3a95c9107ac?s=96&d=mm&r=g\",\"url\":\"https:\\\/\\\/secure.gravatar.com\\\/avatar\\\/5e6c05150ce3230247d167f5b94d678eb05936197436d69b7921e3a95c9107ac?s=96&d=mm&r=g\",\"contentUrl\":\"https:\\\/\\\/secure.gravatar.com\\\/avatar\\\/5e6c05150ce3230247d167f5b94d678eb05936197436d69b7921e3a95c9107ac?s=96&d=mm&r=g\",\"caption\":\"Issouf Tapsoba\"},\"url\":\"https:\\\/\\\/www.latribunedufaso.net\\\/?author=5\"}]}<\/script>\n<!-- \/ Yoast SEO plugin. -->","yoast_head_json":{"title":"Pyl\u00f4nes de t\u00e9l\u00e9phonie mobile au Burkina : Les autorit\u00e9s rassurent sur l'absence de danger pour la sant\u00e9 - La Tribune du Faso","robots":{"index":"index","follow":"follow","max-snippet":"max-snippet:-1","max-image-preview":"max-image-preview:large","max-video-preview":"max-video-preview:-1"},"canonical":"https:\/\/www.latribunedufaso.net\/?p=22404","og_locale":"fr_FR","og_type":"article","og_title":"Pyl\u00f4nes de t\u00e9l\u00e9phonie mobile au Burkina : Les autorit\u00e9s rassurent sur l'absence de danger pour la sant\u00e9 - La Tribune du Faso","og_description":"Les pyl\u00f4nes des t\u00e9l\u00e9phonies mobiles n\u2019ont aucun effet nocif sur la sant\u00e9. C\u2019est ce qui ressort d\u2019une conf\u00e9rence de presse anim\u00e9e, le 1er ao\u00fbt 2025 \u00e0 Ouagadougou, par les acteurs cl\u00e9s intervenant dans le processus d\u2019installation desdits pyl\u00f4nes. Il s\u2019agit de l\u2019Agence nationale des \u00e9valuations environnementales (ANEVE), de l\u2019Autorit\u00e9 de r\u00e9gulation de la radioactivit\u00e9 et de la s\u00fbret\u00e9 nucl\u00e9aire (ARSN), de l\u2019Autorit\u00e9 de r\u00e9gulation des communications \u00e9lectroniques et des postes (ARCEP) et du minist\u00e8re en charge des Communications \u00e9lectroniques.","og_url":"https:\/\/www.latribunedufaso.net\/?p=22404","og_site_name":"La Tribune du Faso","article_publisher":"https:\/\/www.facebook.com\/LatribuneduFaso\/","article_published_time":"2025-08-02T17:16:15+00:00","article_modified_time":"2025-09-17T17:30:47+00:00","og_image":[{"width":2560,"height":1920,"url":"https:\/\/www.latribunedufaso.net\/wp-content\/uploads\/2025\/08\/IMG_20250801_143402_451-scaled.jpg","type":"image\/jpeg"}],"author":"Issouf Tapsoba","twitter_misc":{"\u00c9crit par":"Issouf Tapsoba","Dur\u00e9e de lecture estim\u00e9e":"4 minutes"},"schema":{"@context":"https:\/\/schema.org","@graph":[{"@type":"Article","@id":"https:\/\/www.latribunedufaso.net\/?p=22404#article","isPartOf":{"@id":"https:\/\/www.latribunedufaso.net\/?p=22404"},"author":{"name":"Issouf Tapsoba","@id":"https:\/\/www.latribunedufaso.net\/#\/schema\/person\/e54e64c5778a7e72cf80a318b7a622b0"},"headline":"Pyl\u00f4nes de t\u00e9l\u00e9phonie mobile au Burkina : Les autorit\u00e9s rassurent sur l&rsquo;absence de danger pour la sant\u00e9","datePublished":"2025-08-02T17:16:15+00:00","dateModified":"2025-09-17T17:30:47+00:00","mainEntityOfPage":{"@id":"https:\/\/www.latribunedufaso.net\/?p=22404"},"wordCount":807,"commentCount":0,"publisher":{"@id":"https:\/\/www.latribunedufaso.net\/#organization"},"image":{"@id":"https:\/\/www.latribunedufaso.net\/?p=22404#primaryimage"},"thumbnailUrl":"https:\/\/www.latribunedufaso.net\/wp-content\/uploads\/2025\/08\/IMG_20250801_143402_451-scaled.jpg","keywords":["ANEVE","ARCEP","ARSN","latribunedufaso.net","Pyl\u00f4nes de t\u00e9l\u00e9phonie mobile","Pyl\u00f4nes et sant\u00e9 des populations","Rayonnement ionisant","rayonnement non ionisant"],"articleSection":["A la une","Actualit\u00e9","Environnement","Sant\u00e9"],"inLanguage":"fr-FR","potentialAction":[{"@type":"CommentAction","name":"Comment","target":["https:\/\/www.latribunedufaso.net\/?p=22404#respond"]}]},{"@type":"WebPage","@id":"https:\/\/www.latribunedufaso.net\/?p=22404","url":"https:\/\/www.latribunedufaso.net\/?p=22404","name":"Pyl\u00f4nes de t\u00e9l\u00e9phonie mobile au Burkina : Les autorit\u00e9s rassurent sur l'absence de danger pour la sant\u00e9 - La Tribune du Faso","isPartOf":{"@id":"https:\/\/www.latribunedufaso.net\/#website"},"primaryImageOfPage":{"@id":"https:\/\/www.latribunedufaso.net\/?p=22404#primaryimage"},"image":{"@id":"https:\/\/www.latribunedufaso.net\/?p=22404#primaryimage"},"thumbnailUrl":"https:\/\/www.latribunedufaso.net\/wp-content\/uploads\/2025\/08\/IMG_20250801_143402_451-scaled.jpg","datePublished":"2025-08-02T17:16:15+00:00","dateModified":"2025-09-17T17:30:47+00:00","breadcrumb":{"@id":"https:\/\/www.latribunedufaso.net\/?p=22404#breadcrumb"},"inLanguage":"fr-FR","potentialAction":[{"@type":"ReadAction","target":["https:\/\/www.latribunedufaso.net\/?p=22404"]}]},{"@type":"ImageObject","inLanguage":"fr-FR","@id":"https:\/\/www.latribunedufaso.net\/?p=22404#primaryimage","url":"https:\/\/www.latribunedufaso.net\/wp-content\/uploads\/2025\/08\/IMG_20250801_143402_451-scaled.jpg","contentUrl":"https:\/\/www.latribunedufaso.net\/wp-content\/uploads\/2025\/08\/IMG_20250801_143402_451-scaled.jpg","width":2560,"height":1920,"caption":"Conf\u00e9rence de presse sur les plaintes relatives aux \u00ab suppos\u00e9s effets nocifs \u00bb des pyl\u00f4nes des t\u00e9l\u00e9phonies mobiles sur la sant\u00e9, 1er ao\u00fbt 2025"},{"@type":"BreadcrumbList","@id":"https:\/\/www.latribunedufaso.net\/?p=22404#breadcrumb","itemListElement":[{"@type":"ListItem","position":1,"name":"Accueil","item":"https:\/\/www.latribunedufaso.net\/"},{"@type":"ListItem","position":2,"name":"Pyl\u00f4nes de t\u00e9l\u00e9phonie mobile au Burkina : Les autorit\u00e9s rassurent sur l&rsquo;absence de danger pour la sant\u00e9"}]},{"@type":"WebSite","@id":"https:\/\/www.latribunedufaso.net\/#website","url":"https:\/\/www.latribunedufaso.net\/","name":"La Tribune du Faso","description":"L&#039;information du monde rural en un clic","publisher":{"@id":"https:\/\/www.latribunedufaso.net\/#organization"},"potentialAction":[{"@type":"SearchAction","target":{"@type":"EntryPoint","urlTemplate":"https:\/\/www.latribunedufaso.net\/?s={search_term_string}"},"query-input":{"@type":"PropertyValueSpecification","valueRequired":true,"valueName":"search_term_string"}}],"inLanguage":"fr-FR"},{"@type":"Organization","@id":"https:\/\/www.latribunedufaso.net\/#organization","name":"La Tribune du Faso","url":"https:\/\/www.latribunedufaso.net\/","logo":{"@type":"ImageObject","inLanguage":"fr-FR","@id":"https:\/\/www.latribunedufaso.net\/#\/schema\/logo\/image\/","url":"https:\/\/www.latribunedufaso.net\/wp-content\/uploads\/2020\/08\/Logo-Tribune-du-Faso-final-scaled.jpg","contentUrl":"https:\/\/www.latribunedufaso.net\/wp-content\/uploads\/2020\/08\/Logo-Tribune-du-Faso-final-scaled.jpg","width":2560,"height":1856,"caption":"La Tribune du Faso"},"image":{"@id":"https:\/\/www.latribunedufaso.net\/#\/schema\/logo\/image\/"},"sameAs":["https:\/\/www.facebook.com\/LatribuneduFaso\/"]},{"@type":"Person","@id":"https:\/\/www.latribunedufaso.net\/#\/schema\/person\/e54e64c5778a7e72cf80a318b7a622b0","name":"Issouf Tapsoba","image":{"@type":"ImageObject","inLanguage":"fr-FR","@id":"https:\/\/secure.gravatar.com\/avatar\/5e6c05150ce3230247d167f5b94d678eb05936197436d69b7921e3a95c9107ac?s=96&d=mm&r=g","url":"https:\/\/secure.gravatar.com\/avatar\/5e6c05150ce3230247d167f5b94d678eb05936197436d69b7921e3a95c9107ac?s=96&d=mm&r=g","contentUrl":"https:\/\/secure.gravatar.com\/avatar\/5e6c05150ce3230247d167f5b94d678eb05936197436d69b7921e3a95c9107ac?s=96&d=mm&r=g","caption":"Issouf Tapsoba"},"url":"https:\/\/www.latribunedufaso.net\/?author=5"}]}},"_links":{"self":[{"href":"https:\/\/www.latribunedufaso.net\/index.php?rest_route=\/wp\/v2\/posts\/22404","targetHints":{"allow":["GET"]}}],"collection":[{"href":"https:\/\/www.latribunedufaso.net\/index.php?rest_route=\/wp\/v2\/posts"}],"about":[{"href":"https:\/\/www.latribunedufaso.net\/index.php?rest_route=\/wp\/v2\/types\/post"}],"author":[{"embeddable":true,"href":"https:\/\/www.latribunedufaso.net\/index.php?rest_route=\/wp\/v2\/users\/5"}],"replies":[{"embeddable":true,"href":"https:\/\/www.latribunedufaso.net\/index.php?rest_route=%2Fwp%2Fv2%2Fcomments&post=22404"}],"version-history":[{"count":3,"href":"https:\/\/www.latribunedufaso.net\/index.php?rest_route=\/wp\/v2\/posts\/22404\/revisions"}],"predecessor-version":[{"id":23603,"href":"https:\/\/www.latribunedufaso.net\/index.php?rest_route=\/wp\/v2\/posts\/22404\/revisions\/23603"}],"wp:featuredmedia":[{"embeddable":true,"href":"https:\/\/www.latribunedufaso.net\/index.php?rest_route=\/wp\/v2\/media\/22406"}],"wp:attachment":[{"href":"https:\/\/www.latribunedufaso.net\/index.php?rest_route=%2Fwp%2Fv2%2Fmedia&parent=22404"}],"wp:term":[{"taxonomy":"category","embeddable":true,"href":"https:\/\/www.latribunedufaso.net\/index.php?rest_route=%2Fwp%2Fv2%2Fcategories&post=22404"},{"taxonomy":"post_tag","embeddable":true,"href":"https:\/\/www.latribunedufaso.net\/index.php?rest_route=%2Fwp%2Fv2%2Ftags&post=22404"}],"curies":[{"name":"wp","href":"https:\/\/api.w.org\/{rel}","templated":true}]}}