{"id":22397,"date":"2025-08-01T10:43:28","date_gmt":"2025-08-01T10:43:28","guid":{"rendered":"https:\/\/www.latribunedufaso.net\/?p=22397"},"modified":"2025-09-17T17:29:44","modified_gmt":"2025-09-17T17:29:44","slug":"sport-tout-est-fin-pret-pour-la-renaissance-du-mythique-stade-du-4-aout","status":"publish","type":"post","link":"https:\/\/www.latribunedufaso.net\/?p=22397","title":{"rendered":"Sport : Tout est fin pr\u00eat pour la renaissance du mythique stade du 4-Ao\u00fbt\u00a0"},"content":{"rendered":"<p dir=\"ltr\"><strong>En pr\u00e9lude \u00e0 la c\u00e9r\u00e9monie de r\u00e9ouverture du Stade du 4-Ao\u00fbt, le comit\u00e9 d\u2019organisation a tenu une conf\u00e9rence de presse dans la soir\u00e9e du 31 juillet 2025 \u00e0 Ouagadougou. Cette conf\u00e9rence de presse a permis au comit\u00e9 de donner des explications sur l\u2019organisation de la c\u00e9r\u00e9monie et le m\u00e9canisme mis en place pour faciliter l\u2019acc\u00e8s du public au stade.<\/strong><!--more--><\/p>\n<p>Le Stade du 4-Ao\u00fbt de Ouagadougou, r\u00e9cemment r\u00e9nov\u00e9 et homologu\u00e9, se pr\u00e9pare \u00e0 rouvrir ses portes au public avec une c\u00e9r\u00e9monie d\u2019inauguration riche en couleurs\u00a0 Le comit\u00e9 d&rsquo;organisation, pr\u00e9sid\u00e9 par Marc Si\u00e9friba Hema lev\u00e9 le voile sur les festivit\u00e9s. Il est par ailleurs, le Directeur g\u00e9n\u00e9ral de Burkina Y\u00een-wisgr Meta (BYM). C&rsquo;\u00e9tait lors d&rsquo;une d&rsquo;une conf\u00e9rence de presse tenue le 31 juillet 2025 \u00e0 Ouagadougou<\/p>\n<figure id=\"attachment_22399\" aria-describedby=\"caption-attachment-22399\" style=\"width: 2560px\" class=\"wp-caption aligncenter\"><a href=\"https:\/\/www.latribunedufaso.net\/wp-content\/uploads\/2025\/08\/IMG_20250731_171112_763-scaled.jpg\"><img loading=\"lazy\" decoding=\"async\" class=\"size-full wp-image-22399\" src=\"https:\/\/www.latribunedufaso.net\/wp-content\/uploads\/2025\/08\/IMG_20250731_171112_763-scaled.jpg\" alt=\"Conf\u00e9rence de presse sur l'organisation de la c\u00e9r\u00e9monie de r\u00e9ouverture du stade-4 ao\u00fbt, 31 juillet 2025\" width=\"2560\" height=\"1920\" srcset=\"https:\/\/www.latribunedufaso.net\/wp-content\/uploads\/2025\/08\/IMG_20250731_171112_763-scaled.jpg 2560w, https:\/\/www.latribunedufaso.net\/wp-content\/uploads\/2025\/08\/IMG_20250731_171112_763-300x225.jpg 300w, https:\/\/www.latribunedufaso.net\/wp-content\/uploads\/2025\/08\/IMG_20250731_171112_763-1024x768.jpg 1024w, https:\/\/www.latribunedufaso.net\/wp-content\/uploads\/2025\/08\/IMG_20250731_171112_763-768x576.jpg 768w, https:\/\/www.latribunedufaso.net\/wp-content\/uploads\/2025\/08\/IMG_20250731_171112_763-1536x1152.jpg 1536w, https:\/\/www.latribunedufaso.net\/wp-content\/uploads\/2025\/08\/IMG_20250731_171112_763-2048x1536.jpg 2048w\" sizes=\"auto, (max-width: 2560px) 100vw, 2560px\" \/><\/a><figcaption id=\"caption-attachment-22399\" class=\"wp-caption-text\">Le Directeur g\u00e9n\u00e9ral de Burkina Y\u00een-wisgr Meta (BYM) &#8211; Ph. I. Tapsoba<\/figcaption><\/figure>\n<p>Les travaux, qui ont dur\u00e9 plusieurs mois, ont permis de moderniser les structures existantes, d&rsquo;am\u00e9nager les espaces de circulation et de construire des annexes, faisant du stade une infrastructure conforme aux standards internationaux. <em><strong>\u00ab Notre stade national a retrouv\u00e9 son \u00e9clat et r\u00e9pond d\u00e9sormais aux standards internationaux \u00bb<\/strong><\/em>, a d\u00e9clar\u00e9 Marc Si\u00e9friba Hema, soulignant l&rsquo;importance de cette homologation pour l&rsquo;organisation de grandes comp\u00e9titions africaines et mondiales.<\/p>\n<h3>Un programme de c\u00e9l\u00e9bration riche<\/h3>\n<p>Pour c\u00e9l\u00e9brer cette renaissance, une journ\u00e9e compl\u00e8te de festivit\u00e9s a \u00e9t\u00e9 d\u00e9cid\u00e9e. Le coup d&rsquo;envoi sera donn\u00e9 d\u00e8s 5h30 par un cross populaire, suivi d&rsquo;une s\u00e9ance d&rsquo;a\u00e9robie pour promouvoir le sport pour tous. Les portes du stade s&rsquo;ouvriront gratuitement au public \u00e0 10h00, mais les spectateurs devront se munir d\u2019un ticket, disponible dans plusieurs lieux de la capitale. Il s&rsquo;agit du SIAO, du FESPACO du Palais des sports de Ouaga 2000 et du stade municipal Issoufou Joseph Conombo, a indiqu\u00e9 M. Hema.<\/p>\n<p>Les \u00e9v\u00e9nements sportifs d\u00e9buteront \u00e0 14h00 avec un saut en parachute, suivi d&rsquo;\u00e9preuves d\u2019athl\u00e9tisme et de la pr\u00e9sentation officielle du nouveau maillot des \u00c9talons. A 15h15, il y aura un match de gala opposant des l\u00e9gendes du football africain et d\u2019anciens internationaux burkinab\u00e8 aux Forces de D\u00e9fense et de S\u00e9curit\u00e9, avant la c\u00e9r\u00e9monie officielle d\u2019ouverture \u00e0 17h00.<\/p>\n<figure id=\"attachment_22400\" aria-describedby=\"caption-attachment-22400\" style=\"width: 2560px\" class=\"wp-caption aligncenter\"><a href=\"https:\/\/www.latribunedufaso.net\/wp-content\/uploads\/2025\/08\/IMG_20250731_171116_693-scaled.jpg\"><img loading=\"lazy\" decoding=\"async\" class=\"size-full wp-image-22400\" src=\"https:\/\/www.latribunedufaso.net\/wp-content\/uploads\/2025\/08\/IMG_20250731_171116_693-scaled.jpg\" alt=\"Conf\u00e9rence de presse sur l'organisation de la c\u00e9r\u00e9monie de r\u00e9ouverture du stade-4 ao\u00fbt, 31 juillet 2025\" width=\"2560\" height=\"1920\" srcset=\"https:\/\/www.latribunedufaso.net\/wp-content\/uploads\/2025\/08\/IMG_20250731_171116_693-scaled.jpg 2560w, https:\/\/www.latribunedufaso.net\/wp-content\/uploads\/2025\/08\/IMG_20250731_171116_693-300x225.jpg 300w, https:\/\/www.latribunedufaso.net\/wp-content\/uploads\/2025\/08\/IMG_20250731_171116_693-1024x768.jpg 1024w, https:\/\/www.latribunedufaso.net\/wp-content\/uploads\/2025\/08\/IMG_20250731_171116_693-768x576.jpg 768w, https:\/\/www.latribunedufaso.net\/wp-content\/uploads\/2025\/08\/IMG_20250731_171116_693-1536x1152.jpg 1536w, https:\/\/www.latribunedufaso.net\/wp-content\/uploads\/2025\/08\/IMG_20250731_171116_693-2048x1536.jpg 2048w\" sizes=\"auto, (max-width: 2560px) 100vw, 2560px\" \/><\/a><figcaption id=\"caption-attachment-22400\" class=\"wp-caption-text\">Le responsable adjoint de la commission s\u00e9curit\u00e9, le Commandant Amed Issa Drabo &#8211; Ph. I. Tapsoba<\/figcaption><\/figure>\n<p>Pour garantir la s\u00e9curit\u00e9 de tous, un dispositif strict a \u00e9t\u00e9 mis en place. Selon le responsable adjoint de la commission s\u00e9curit\u00e9, le Commandant Amed Issa Drabo, une\u00a0zone pi\u00e9tonne sera am\u00e9nag\u00e9e autour du stade, et l&rsquo;acc\u00e8s se fera par quatre itin\u00e9raires distincts.<\/p>\n<p><iframe loading=\"lazy\" width=\"560\" height=\"315\" src=\"https:\/\/www.youtube.com\/embed\/DhTWCxEyzF4?si=oWkyljqKNudk7e-8\" title=\"YouTube video player\" frameborder=\"0\" allow=\"accelerometer; autoplay; clipboard-write; encrypted-media; gyroscope; picture-in-picture; web-share\" referrerpolicy=\"strict-origin-when-cross-origin\" allowfullscreen><\/iframe><\/p>\n<p>Lire aussi &gt;&gt; <a href=\"https:\/\/www.latribunedufaso.net\/?p=21986\">Stade du 4-Ao\u00fbt : Une d\u00e9l\u00e9gation de La Tribune du Faso d\u00e9couvre le nouveau visage de l\u2019infrastructure\u00a0<\/a><\/p>\n<p>Deux grands parkings seront mis \u00e0 disposition des spectateurs : l\u2019hippodrome et l\u2019\u00e9cole primaire Gounghin Nord, o\u00f9 ils pourront se garer avant de rejoindre le stade \u00e0 pied. Le Commandant a \u00e9galement rappel\u00e9 la liste des objets interdits, une exigence de la CAF, qui inclut les armes, les feux d&rsquo;artifice, les boissons alcoolis\u00e9es, les bouteilles en verre, ainsi que les signes \u00e0 caract\u00e8re discriminatoire ou politique. Il a pr\u00e9cis\u00e9 que ces r\u00e8gles s\u2019appliqueront \u00e9galement \u00e0 tous les futurs matchs officiels.<\/p>\n<p><strong>Issouf TAPSOBA\u00a0<\/strong><\/p>\n<p><strong>Latribunedufaso.net<\/strong><\/p>\n","protected":false},"excerpt":{"rendered":"<p>En pr\u00e9lude \u00e0 la c\u00e9r\u00e9monie de r\u00e9ouverture du Stade du 4-Ao\u00fbt, le comit\u00e9 d\u2019organisation a tenu une conf\u00e9rence de presse dans la soir\u00e9e du 31 juillet 2025 \u00e0 Ouagadougou. Cette conf\u00e9rence de presse a permis au comit\u00e9 de donner des explications sur l\u2019organisation de la c\u00e9r\u00e9monie et le m\u00e9canisme mis en place pour faciliter l\u2019acc\u00e8s du public au stade.<\/p>\n","protected":false},"author":5,"featured_media":22401,"comment_status":"open","ping_status":"open","sticky":false,"template":"","format":"standard","meta":{"footnotes":""},"categories":[13,1,17],"tags":[802,39,1426],"class_list":["post-22397","post","type-post","status-publish","format-standard","has-post-thumbnail","hentry","category-une","category-actu","category-sport","tag-burkina-yin-wisgr-meta-bym","tag-latribunedufaso-net","tag-reouverture-du-stade-du-4-aout"],"yoast_head":"<!-- This site is optimized with the Yoast SEO plugin v27.5 - https:\/\/yoast.com\/product\/yoast-seo-wordpress\/ -->\n<title>Sport : Tout est fin pr\u00eat pour la renaissance du mythique stade du 4-Ao\u00fbt\u00a0 - La Tribune du Faso<\/title>\n<meta name=\"robots\" content=\"index, follow, max-snippet:-1, max-image-preview:large, max-video-preview:-1\" \/>\n<link rel=\"canonical\" href=\"https:\/\/www.latribunedufaso.net\/?p=22397\" \/>\n<meta property=\"og:locale\" content=\"fr_FR\" \/>\n<meta property=\"og:type\" content=\"article\" \/>\n<meta property=\"og:title\" content=\"Sport : Tout est fin pr\u00eat pour la renaissance du mythique stade du 4-Ao\u00fbt\u00a0 - La Tribune du Faso\" \/>\n<meta property=\"og:description\" content=\"En pr\u00e9lude \u00e0 la c\u00e9r\u00e9monie de r\u00e9ouverture du Stade du 4-Ao\u00fbt, le comit\u00e9 d\u2019organisation a tenu une conf\u00e9rence de presse dans la soir\u00e9e du 31 juillet 2025 \u00e0 Ouagadougou. Cette conf\u00e9rence de presse a permis au comit\u00e9 de donner des explications sur l\u2019organisation de la c\u00e9r\u00e9monie et le m\u00e9canisme mis en place pour faciliter l\u2019acc\u00e8s du public au stade.\" \/>\n<meta property=\"og:url\" content=\"https:\/\/www.latribunedufaso.net\/?p=22397\" \/>\n<meta property=\"og:site_name\" content=\"La Tribune du Faso\" \/>\n<meta property=\"article:publisher\" content=\"https:\/\/www.facebook.com\/LatribuneduFaso\/\" \/>\n<meta property=\"article:published_time\" content=\"2025-08-01T10:43:28+00:00\" \/>\n<meta property=\"article:modified_time\" content=\"2025-09-17T17:29:44+00:00\" \/>\n<meta property=\"og:image\" content=\"https:\/\/www.latribunedufaso.net\/wp-content\/uploads\/2025\/08\/IMG_20250731_171103_796-scaled.jpg\" \/>\n\t<meta property=\"og:image:width\" content=\"2560\" \/>\n\t<meta property=\"og:image:height\" content=\"1920\" \/>\n\t<meta property=\"og:image:type\" content=\"image\/jpeg\" \/>\n<meta name=\"author\" content=\"Issouf Tapsoba\" \/>\n<meta name=\"twitter:label1\" content=\"\u00c9crit par\" \/>\n\t<meta name=\"twitter:data1\" content=\"Issouf Tapsoba\" \/>\n\t<meta name=\"twitter:label2\" content=\"Dur\u00e9e de lecture estim\u00e9e\" \/>\n\t<meta name=\"twitter:data2\" content=\"3 minutes\" \/>\n<script type=\"application\/ld+json\" class=\"yoast-schema-graph\">{\"@context\":\"https:\\\/\\\/schema.org\",\"@graph\":[{\"@type\":\"Article\",\"@id\":\"https:\\\/\\\/www.latribunedufaso.net\\\/?p=22397#article\",\"isPartOf\":{\"@id\":\"https:\\\/\\\/www.latribunedufaso.net\\\/?p=22397\"},\"author\":{\"name\":\"Issouf Tapsoba\",\"@id\":\"https:\\\/\\\/www.latribunedufaso.net\\\/#\\\/schema\\\/person\\\/e54e64c5778a7e72cf80a318b7a622b0\"},\"headline\":\"Sport : Tout est fin pr\u00eat pour la renaissance du mythique stade du 4-Ao\u00fbt\u00a0\",\"datePublished\":\"2025-08-01T10:43:28+00:00\",\"dateModified\":\"2025-09-17T17:29:44+00:00\",\"mainEntityOfPage\":{\"@id\":\"https:\\\/\\\/www.latribunedufaso.net\\\/?p=22397\"},\"wordCount\":617,\"commentCount\":0,\"publisher\":{\"@id\":\"https:\\\/\\\/www.latribunedufaso.net\\\/#organization\"},\"image\":{\"@id\":\"https:\\\/\\\/www.latribunedufaso.net\\\/?p=22397#primaryimage\"},\"thumbnailUrl\":\"https:\\\/\\\/www.latribunedufaso.net\\\/wp-content\\\/uploads\\\/2025\\\/08\\\/IMG_20250731_171103_796-scaled.jpg\",\"keywords\":[\"Burkina Yin Wisgr Meta (BYM)\",\"latribunedufaso.net\",\"R\u00e9ouverture du stade du 4-ao\u00fbt\"],\"articleSection\":[\"A la une\",\"Actualit\u00e9\",\"Sport\"],\"inLanguage\":\"fr-FR\",\"potentialAction\":[{\"@type\":\"CommentAction\",\"name\":\"Comment\",\"target\":[\"https:\\\/\\\/www.latribunedufaso.net\\\/?p=22397#respond\"]}]},{\"@type\":\"WebPage\",\"@id\":\"https:\\\/\\\/www.latribunedufaso.net\\\/?p=22397\",\"url\":\"https:\\\/\\\/www.latribunedufaso.net\\\/?p=22397\",\"name\":\"Sport : Tout est fin pr\u00eat pour la renaissance du mythique stade du 4-Ao\u00fbt\u00a0 - La Tribune du Faso\",\"isPartOf\":{\"@id\":\"https:\\\/\\\/www.latribunedufaso.net\\\/#website\"},\"primaryImageOfPage\":{\"@id\":\"https:\\\/\\\/www.latribunedufaso.net\\\/?p=22397#primaryimage\"},\"image\":{\"@id\":\"https:\\\/\\\/www.latribunedufaso.net\\\/?p=22397#primaryimage\"},\"thumbnailUrl\":\"https:\\\/\\\/www.latribunedufaso.net\\\/wp-content\\\/uploads\\\/2025\\\/08\\\/IMG_20250731_171103_796-scaled.jpg\",\"datePublished\":\"2025-08-01T10:43:28+00:00\",\"dateModified\":\"2025-09-17T17:29:44+00:00\",\"breadcrumb\":{\"@id\":\"https:\\\/\\\/www.latribunedufaso.net\\\/?p=22397#breadcrumb\"},\"inLanguage\":\"fr-FR\",\"potentialAction\":[{\"@type\":\"ReadAction\",\"target\":[\"https:\\\/\\\/www.latribunedufaso.net\\\/?p=22397\"]}]},{\"@type\":\"ImageObject\",\"inLanguage\":\"fr-FR\",\"@id\":\"https:\\\/\\\/www.latribunedufaso.net\\\/?p=22397#primaryimage\",\"url\":\"https:\\\/\\\/www.latribunedufaso.net\\\/wp-content\\\/uploads\\\/2025\\\/08\\\/IMG_20250731_171103_796-scaled.jpg\",\"contentUrl\":\"https:\\\/\\\/www.latribunedufaso.net\\\/wp-content\\\/uploads\\\/2025\\\/08\\\/IMG_20250731_171103_796-scaled.jpg\",\"width\":2560,\"height\":1920,\"caption\":\"Conf\u00e9rence de presse sur l'organisation de la c\u00e9r\u00e9monie de r\u00e9ouverture du stade-4 ao\u00fbt, 31 juillet 2025\"},{\"@type\":\"BreadcrumbList\",\"@id\":\"https:\\\/\\\/www.latribunedufaso.net\\\/?p=22397#breadcrumb\",\"itemListElement\":[{\"@type\":\"ListItem\",\"position\":1,\"name\":\"Accueil\",\"item\":\"https:\\\/\\\/www.latribunedufaso.net\\\/\"},{\"@type\":\"ListItem\",\"position\":2,\"name\":\"Sport : Tout est fin pr\u00eat pour la renaissance du mythique stade du 4-Ao\u00fbt\u00a0\"}]},{\"@type\":\"WebSite\",\"@id\":\"https:\\\/\\\/www.latribunedufaso.net\\\/#website\",\"url\":\"https:\\\/\\\/www.latribunedufaso.net\\\/\",\"name\":\"La Tribune du Faso\",\"description\":\"L&#039;information du monde rural en un clic\",\"publisher\":{\"@id\":\"https:\\\/\\\/www.latribunedufaso.net\\\/#organization\"},\"potentialAction\":[{\"@type\":\"SearchAction\",\"target\":{\"@type\":\"EntryPoint\",\"urlTemplate\":\"https:\\\/\\\/www.latribunedufaso.net\\\/?s={search_term_string}\"},\"query-input\":{\"@type\":\"PropertyValueSpecification\",\"valueRequired\":true,\"valueName\":\"search_term_string\"}}],\"inLanguage\":\"fr-FR\"},{\"@type\":\"Organization\",\"@id\":\"https:\\\/\\\/www.latribunedufaso.net\\\/#organization\",\"name\":\"La Tribune du Faso\",\"url\":\"https:\\\/\\\/www.latribunedufaso.net\\\/\",\"logo\":{\"@type\":\"ImageObject\",\"inLanguage\":\"fr-FR\",\"@id\":\"https:\\\/\\\/www.latribunedufaso.net\\\/#\\\/schema\\\/logo\\\/image\\\/\",\"url\":\"https:\\\/\\\/www.latribunedufaso.net\\\/wp-content\\\/uploads\\\/2020\\\/08\\\/Logo-Tribune-du-Faso-final-scaled.jpg\",\"contentUrl\":\"https:\\\/\\\/www.latribunedufaso.net\\\/wp-content\\\/uploads\\\/2020\\\/08\\\/Logo-Tribune-du-Faso-final-scaled.jpg\",\"width\":2560,\"height\":1856,\"caption\":\"La Tribune du Faso\"},\"image\":{\"@id\":\"https:\\\/\\\/www.latribunedufaso.net\\\/#\\\/schema\\\/logo\\\/image\\\/\"},\"sameAs\":[\"https:\\\/\\\/www.facebook.com\\\/LatribuneduFaso\\\/\"]},{\"@type\":\"Person\",\"@id\":\"https:\\\/\\\/www.latribunedufaso.net\\\/#\\\/schema\\\/person\\\/e54e64c5778a7e72cf80a318b7a622b0\",\"name\":\"Issouf Tapsoba\",\"image\":{\"@type\":\"ImageObject\",\"inLanguage\":\"fr-FR\",\"@id\":\"https:\\\/\\\/secure.gravatar.com\\\/avatar\\\/5e6c05150ce3230247d167f5b94d678eb05936197436d69b7921e3a95c9107ac?s=96&d=mm&r=g\",\"url\":\"https:\\\/\\\/secure.gravatar.com\\\/avatar\\\/5e6c05150ce3230247d167f5b94d678eb05936197436d69b7921e3a95c9107ac?s=96&d=mm&r=g\",\"contentUrl\":\"https:\\\/\\\/secure.gravatar.com\\\/avatar\\\/5e6c05150ce3230247d167f5b94d678eb05936197436d69b7921e3a95c9107ac?s=96&d=mm&r=g\",\"caption\":\"Issouf Tapsoba\"},\"url\":\"https:\\\/\\\/www.latribunedufaso.net\\\/?author=5\"}]}<\/script>\n<!-- \/ Yoast SEO plugin. -->","yoast_head_json":{"title":"Sport : Tout est fin pr\u00eat pour la renaissance du mythique stade du 4-Ao\u00fbt\u00a0 - La Tribune du Faso","robots":{"index":"index","follow":"follow","max-snippet":"max-snippet:-1","max-image-preview":"max-image-preview:large","max-video-preview":"max-video-preview:-1"},"canonical":"https:\/\/www.latribunedufaso.net\/?p=22397","og_locale":"fr_FR","og_type":"article","og_title":"Sport : Tout est fin pr\u00eat pour la renaissance du mythique stade du 4-Ao\u00fbt\u00a0 - La Tribune du Faso","og_description":"En pr\u00e9lude \u00e0 la c\u00e9r\u00e9monie de r\u00e9ouverture du Stade du 4-Ao\u00fbt, le comit\u00e9 d\u2019organisation a tenu une conf\u00e9rence de presse dans la soir\u00e9e du 31 juillet 2025 \u00e0 Ouagadougou. Cette conf\u00e9rence de presse a permis au comit\u00e9 de donner des explications sur l\u2019organisation de la c\u00e9r\u00e9monie et le m\u00e9canisme mis en place pour faciliter l\u2019acc\u00e8s du public au stade.","og_url":"https:\/\/www.latribunedufaso.net\/?p=22397","og_site_name":"La Tribune du Faso","article_publisher":"https:\/\/www.facebook.com\/LatribuneduFaso\/","article_published_time":"2025-08-01T10:43:28+00:00","article_modified_time":"2025-09-17T17:29:44+00:00","og_image":[{"width":2560,"height":1920,"url":"https:\/\/www.latribunedufaso.net\/wp-content\/uploads\/2025\/08\/IMG_20250731_171103_796-scaled.jpg","type":"image\/jpeg"}],"author":"Issouf Tapsoba","twitter_misc":{"\u00c9crit par":"Issouf Tapsoba","Dur\u00e9e de lecture estim\u00e9e":"3 minutes"},"schema":{"@context":"https:\/\/schema.org","@graph":[{"@type":"Article","@id":"https:\/\/www.latribunedufaso.net\/?p=22397#article","isPartOf":{"@id":"https:\/\/www.latribunedufaso.net\/?p=22397"},"author":{"name":"Issouf Tapsoba","@id":"https:\/\/www.latribunedufaso.net\/#\/schema\/person\/e54e64c5778a7e72cf80a318b7a622b0"},"headline":"Sport : Tout est fin pr\u00eat pour la renaissance du mythique stade du 4-Ao\u00fbt\u00a0","datePublished":"2025-08-01T10:43:28+00:00","dateModified":"2025-09-17T17:29:44+00:00","mainEntityOfPage":{"@id":"https:\/\/www.latribunedufaso.net\/?p=22397"},"wordCount":617,"commentCount":0,"publisher":{"@id":"https:\/\/www.latribunedufaso.net\/#organization"},"image":{"@id":"https:\/\/www.latribunedufaso.net\/?p=22397#primaryimage"},"thumbnailUrl":"https:\/\/www.latribunedufaso.net\/wp-content\/uploads\/2025\/08\/IMG_20250731_171103_796-scaled.jpg","keywords":["Burkina Yin Wisgr Meta (BYM)","latribunedufaso.net","R\u00e9ouverture du stade du 4-ao\u00fbt"],"articleSection":["A la une","Actualit\u00e9","Sport"],"inLanguage":"fr-FR","potentialAction":[{"@type":"CommentAction","name":"Comment","target":["https:\/\/www.latribunedufaso.net\/?p=22397#respond"]}]},{"@type":"WebPage","@id":"https:\/\/www.latribunedufaso.net\/?p=22397","url":"https:\/\/www.latribunedufaso.net\/?p=22397","name":"Sport : Tout est fin pr\u00eat pour la renaissance du mythique stade du 4-Ao\u00fbt\u00a0 - La Tribune du Faso","isPartOf":{"@id":"https:\/\/www.latribunedufaso.net\/#website"},"primaryImageOfPage":{"@id":"https:\/\/www.latribunedufaso.net\/?p=22397#primaryimage"},"image":{"@id":"https:\/\/www.latribunedufaso.net\/?p=22397#primaryimage"},"thumbnailUrl":"https:\/\/www.latribunedufaso.net\/wp-content\/uploads\/2025\/08\/IMG_20250731_171103_796-scaled.jpg","datePublished":"2025-08-01T10:43:28+00:00","dateModified":"2025-09-17T17:29:44+00:00","breadcrumb":{"@id":"https:\/\/www.latribunedufaso.net\/?p=22397#breadcrumb"},"inLanguage":"fr-FR","potentialAction":[{"@type":"ReadAction","target":["https:\/\/www.latribunedufaso.net\/?p=22397"]}]},{"@type":"ImageObject","inLanguage":"fr-FR","@id":"https:\/\/www.latribunedufaso.net\/?p=22397#primaryimage","url":"https:\/\/www.latribunedufaso.net\/wp-content\/uploads\/2025\/08\/IMG_20250731_171103_796-scaled.jpg","contentUrl":"https:\/\/www.latribunedufaso.net\/wp-content\/uploads\/2025\/08\/IMG_20250731_171103_796-scaled.jpg","width":2560,"height":1920,"caption":"Conf\u00e9rence de presse sur l'organisation de la c\u00e9r\u00e9monie de r\u00e9ouverture du stade-4 ao\u00fbt, 31 juillet 2025"},{"@type":"BreadcrumbList","@id":"https:\/\/www.latribunedufaso.net\/?p=22397#breadcrumb","itemListElement":[{"@type":"ListItem","position":1,"name":"Accueil","item":"https:\/\/www.latribunedufaso.net\/"},{"@type":"ListItem","position":2,"name":"Sport : Tout est fin pr\u00eat pour la renaissance du mythique stade du 4-Ao\u00fbt\u00a0"}]},{"@type":"WebSite","@id":"https:\/\/www.latribunedufaso.net\/#website","url":"https:\/\/www.latribunedufaso.net\/","name":"La Tribune du Faso","description":"L&#039;information du monde rural en un clic","publisher":{"@id":"https:\/\/www.latribunedufaso.net\/#organization"},"potentialAction":[{"@type":"SearchAction","target":{"@type":"EntryPoint","urlTemplate":"https:\/\/www.latribunedufaso.net\/?s={search_term_string}"},"query-input":{"@type":"PropertyValueSpecification","valueRequired":true,"valueName":"search_term_string"}}],"inLanguage":"fr-FR"},{"@type":"Organization","@id":"https:\/\/www.latribunedufaso.net\/#organization","name":"La Tribune du Faso","url":"https:\/\/www.latribunedufaso.net\/","logo":{"@type":"ImageObject","inLanguage":"fr-FR","@id":"https:\/\/www.latribunedufaso.net\/#\/schema\/logo\/image\/","url":"https:\/\/www.latribunedufaso.net\/wp-content\/uploads\/2020\/08\/Logo-Tribune-du-Faso-final-scaled.jpg","contentUrl":"https:\/\/www.latribunedufaso.net\/wp-content\/uploads\/2020\/08\/Logo-Tribune-du-Faso-final-scaled.jpg","width":2560,"height":1856,"caption":"La Tribune du Faso"},"image":{"@id":"https:\/\/www.latribunedufaso.net\/#\/schema\/logo\/image\/"},"sameAs":["https:\/\/www.facebook.com\/LatribuneduFaso\/"]},{"@type":"Person","@id":"https:\/\/www.latribunedufaso.net\/#\/schema\/person\/e54e64c5778a7e72cf80a318b7a622b0","name":"Issouf Tapsoba","image":{"@type":"ImageObject","inLanguage":"fr-FR","@id":"https:\/\/secure.gravatar.com\/avatar\/5e6c05150ce3230247d167f5b94d678eb05936197436d69b7921e3a95c9107ac?s=96&d=mm&r=g","url":"https:\/\/secure.gravatar.com\/avatar\/5e6c05150ce3230247d167f5b94d678eb05936197436d69b7921e3a95c9107ac?s=96&d=mm&r=g","contentUrl":"https:\/\/secure.gravatar.com\/avatar\/5e6c05150ce3230247d167f5b94d678eb05936197436d69b7921e3a95c9107ac?s=96&d=mm&r=g","caption":"Issouf Tapsoba"},"url":"https:\/\/www.latribunedufaso.net\/?author=5"}]}},"_links":{"self":[{"href":"https:\/\/www.latribunedufaso.net\/index.php?rest_route=\/wp\/v2\/posts\/22397","targetHints":{"allow":["GET"]}}],"collection":[{"href":"https:\/\/www.latribunedufaso.net\/index.php?rest_route=\/wp\/v2\/posts"}],"about":[{"href":"https:\/\/www.latribunedufaso.net\/index.php?rest_route=\/wp\/v2\/types\/post"}],"author":[{"embeddable":true,"href":"https:\/\/www.latribunedufaso.net\/index.php?rest_route=\/wp\/v2\/users\/5"}],"replies":[{"embeddable":true,"href":"https:\/\/www.latribunedufaso.net\/index.php?rest_route=%2Fwp%2Fv2%2Fcomments&post=22397"}],"version-history":[{"count":5,"href":"https:\/\/www.latribunedufaso.net\/index.php?rest_route=\/wp\/v2\/posts\/22397\/revisions"}],"predecessor-version":[{"id":23602,"href":"https:\/\/www.latribunedufaso.net\/index.php?rest_route=\/wp\/v2\/posts\/22397\/revisions\/23602"}],"wp:featuredmedia":[{"embeddable":true,"href":"https:\/\/www.latribunedufaso.net\/index.php?rest_route=\/wp\/v2\/media\/22401"}],"wp:attachment":[{"href":"https:\/\/www.latribunedufaso.net\/index.php?rest_route=%2Fwp%2Fv2%2Fmedia&parent=22397"}],"wp:term":[{"taxonomy":"category","embeddable":true,"href":"https:\/\/www.latribunedufaso.net\/index.php?rest_route=%2Fwp%2Fv2%2Fcategories&post=22397"},{"taxonomy":"post_tag","embeddable":true,"href":"https:\/\/www.latribunedufaso.net\/index.php?rest_route=%2Fwp%2Fv2%2Ftags&post=22397"}],"curies":[{"name":"wp","href":"https:\/\/api.w.org\/{rel}","templated":true}]}}