{"id":22374,"date":"2025-07-31T16:08:17","date_gmt":"2025-07-31T16:08:17","guid":{"rendered":"https:\/\/www.latribunedufaso.net\/?p=22374"},"modified":"2025-08-01T16:32:13","modified_gmt":"2025-08-01T16:32:13","slug":"22374","status":"publish","type":"post","link":"https:\/\/www.latribunedufaso.net\/?p=22374","title":{"rendered":"26e AG des EPE : Cap sur la performance et la gestion des ressources"},"content":{"rendered":"<p><strong>La 26e session de l\u2019Assembl\u00e9e g\u00e9n\u00e9rale des \u00e9tablissements publics de l\u2019\u00c9tat (EPE) s\u2019est ouverte le 31 juillet 2025 \u00e0 Ouagadougou, sous la pr\u00e9sidence du Premier ministre, Jean Emmanuel Ou\u00e9draogo, repr\u00e9sentant le Pr\u00e9sident du Faso.<\/strong><!--more--><\/p>\n<p>Organis\u00e9e depuis l\u2019an 2000, l\u2019Assembl\u00e9e g\u00e9n\u00e9rale des \u00e9tablissements publics de l\u2019\u00c9tat (AGPE) constitue un rendez-vous majeur de redevabilit\u00e9 et de pilotage strat\u00e9gique, qui a permis au fil des ann\u00e9es, d\u2019enregistrer des progr\u00e8s notables tant en mati\u00e8re d\u2019organisation institutionnelle que dans l\u2019am\u00e9lioration des services publics rendus aux populations. Elle permet aux responsables de rendre compte de leur gestion, d\u2019\u00e9changer sur les difficult\u00e9s rencontr\u00e9es, de s\u2019inspirer des bonnes pratiques, et de s\u2019aligner sur les priorit\u00e9s d\u00e9finies par les plus hautes autorit\u00e9s.\u00a0<\/p>\n<figure id=\"attachment_22379\" aria-describedby=\"caption-attachment-22379\" style=\"width: 2048px\" class=\"wp-caption aligncenter\"><a href=\"https:\/\/www.latribunedufaso.net\/wp-content\/uploads\/2025\/08\/FB_IMG_1754065540594.jpg\"><img loading=\"lazy\" decoding=\"async\" class=\"size-full wp-image-22379\" src=\"https:\/\/www.latribunedufaso.net\/wp-content\/uploads\/2025\/08\/FB_IMG_1754065540594.jpg\" alt=\"La 26e session de l\u2019Assembl\u00e9e g\u00e9n\u00e9rale des \u00e9tablissements publics de l\u2019\u00c9tat (EPE), 31 juillet 2025 \" width=\"2048\" height=\"1402\" srcset=\"https:\/\/www.latribunedufaso.net\/wp-content\/uploads\/2025\/08\/FB_IMG_1754065540594.jpg 2048w, https:\/\/www.latribunedufaso.net\/wp-content\/uploads\/2025\/08\/FB_IMG_1754065540594-300x205.jpg 300w, https:\/\/www.latribunedufaso.net\/wp-content\/uploads\/2025\/08\/FB_IMG_1754065540594-1024x701.jpg 1024w, https:\/\/www.latribunedufaso.net\/wp-content\/uploads\/2025\/08\/FB_IMG_1754065540594-768x526.jpg 768w, https:\/\/www.latribunedufaso.net\/wp-content\/uploads\/2025\/08\/FB_IMG_1754065540594-1536x1052.jpg 1536w\" sizes=\"auto, (max-width: 2048px) 100vw, 2048px\" \/><\/a><figcaption id=\"caption-attachment-22379\" class=\"wp-caption-text\">Le Premier ministre, Jean Emmanuel Ou\u00e9draogo &#8211; Ph. DR<\/figcaption><\/figure>\n<p>Plac\u00e9e sous le th\u00e8me <em><strong>\u00ab L\u2019apport de la comptabilit\u00e9 des mati\u00e8res dans la gestion efficiente du patrimoine des EPE dans un contexte de raret\u00e9 des ressources \u00bb<\/strong><\/em>, cette session s\u2019inscrit dans une logique d\u2019am\u00e9lioration de la gouvernance publique \u00e0 travers une gestion rigoureuse des biens de l\u2019\u00c9tat.<\/p>\n<p>Dans son discours d\u2019ouverture, le chef du gouvernement a appel\u00e9 \u00e0 plus d\u2019efficience dans l\u2019utilisation des ressources publiques face aux contraintes budg\u00e9taires et aux attentes sociales grandissantes.\u00a0<\/p>\n<figure id=\"attachment_22378\" aria-describedby=\"caption-attachment-22378\" style=\"width: 2048px\" class=\"wp-caption aligncenter\"><a href=\"https:\/\/www.latribunedufaso.net\/wp-content\/uploads\/2025\/08\/FB_IMG_1754065544953.jpg\"><img loading=\"lazy\" decoding=\"async\" class=\"size-full wp-image-22378\" src=\"https:\/\/www.latribunedufaso.net\/wp-content\/uploads\/2025\/08\/FB_IMG_1754065544953.jpg\" alt=\"La 26e session de l\u2019Assembl\u00e9e g\u00e9n\u00e9rale des \u00e9tablissements publics de l\u2019\u00c9tat (EPE), 31 juillet 2025 \" width=\"2048\" height=\"1327\" srcset=\"https:\/\/www.latribunedufaso.net\/wp-content\/uploads\/2025\/08\/FB_IMG_1754065544953.jpg 2048w, https:\/\/www.latribunedufaso.net\/wp-content\/uploads\/2025\/08\/FB_IMG_1754065544953-300x194.jpg 300w, https:\/\/www.latribunedufaso.net\/wp-content\/uploads\/2025\/08\/FB_IMG_1754065544953-1024x664.jpg 1024w, https:\/\/www.latribunedufaso.net\/wp-content\/uploads\/2025\/08\/FB_IMG_1754065544953-768x498.jpg 768w, https:\/\/www.latribunedufaso.net\/wp-content\/uploads\/2025\/08\/FB_IMG_1754065544953-1536x995.jpg 1536w\" sizes=\"auto, (max-width: 2048px) 100vw, 2048px\" \/><\/a><figcaption id=\"caption-attachment-22378\" class=\"wp-caption-text\">Le ministre de l&rsquo;\u00c9conomie et des Finances, Dr Aboubakar Nacanabo &#8211; Ph. DR<\/figcaption><\/figure>\n<p>Selon le ministre de l\u2019\u00c9conomie, Dr Boubacar Nacanabo, le bilan de l\u2019exercice 2024 fait \u00e9tat de 109 \u00e9tablissements publics, dont 18 fonds nationaux, qui ont g\u00e9n\u00e9r\u00e9 un exc\u00e9dent global de plus de 80 milliards de FCFA, contre environ 69 milliards en 2023. <em><strong>\u00ab La plupart des indicateurs ont \u00e9t\u00e9 respect\u00e9s \u00bb,<\/strong><\/em> a-t-il affirm\u00e9, tout en soulignant des efforts \u00e0 poursuivre, notamment dans la gestion des fonds nationaux.<\/p>\n<figure id=\"attachment_22376\" aria-describedby=\"caption-attachment-22376\" style=\"width: 1200px\" class=\"wp-caption aligncenter\"><a href=\"https:\/\/www.latribunedufaso.net\/wp-content\/uploads\/2025\/08\/IMG-20250801-WA0025.jpg\"><img loading=\"lazy\" decoding=\"async\" class=\"size-full wp-image-22376\" src=\"https:\/\/www.latribunedufaso.net\/wp-content\/uploads\/2025\/08\/IMG-20250801-WA0025.jpg\" alt=\"La 26e session de l\u2019Assembl\u00e9e g\u00e9n\u00e9rale des \u00e9tablissements publics de l\u2019\u00c9tat (EPE), 31 juillet 2025 \" width=\"1200\" height=\"675\" srcset=\"https:\/\/www.latribunedufaso.net\/wp-content\/uploads\/2025\/08\/IMG-20250801-WA0025.jpg 1200w, https:\/\/www.latribunedufaso.net\/wp-content\/uploads\/2025\/08\/IMG-20250801-WA0025-300x169.jpg 300w, https:\/\/www.latribunedufaso.net\/wp-content\/uploads\/2025\/08\/IMG-20250801-WA0025-1024x576.jpg 1024w, https:\/\/www.latribunedufaso.net\/wp-content\/uploads\/2025\/08\/IMG-20250801-WA0025-768x432.jpg 768w\" sizes=\"auto, (max-width: 1200px) 100vw, 1200px\" \/><\/a><figcaption id=\"caption-attachment-22376\" class=\"wp-caption-text\">Une vue des participants \u00e0 l&rsquo;AG &#8211; Ph. A. Kiendrebeogo<\/figcaption><\/figure>\n<p>L\u2019\u00e9dition 2025 de l\u2019AGPE met un accent sur la comptabilit\u00e9 des mati\u00e8res, un levier strat\u00e9gique pour renforcer la transparence, optimiser l\u2019utilisation des biens publics et am\u00e9liorer les performances globales des EPE. \u00c0 cet effet, tous les \u00e9tablissements ont \u00e9t\u00e9 invit\u00e9s \u00e0 s\u2019approprier ce syst\u00e8me de gestion afin de mieux valoriser le patrimoine non financier de l\u2019\u00c9tat.<\/p>\n<blockquote>\n<p>Lire aussi &gt;&gt; <a href=\"https:\/\/www.latribunedufaso.net\/?p=21509\">33e AG des Soci\u00e9t\u00e9s d\u2019Etat : La gouvernance de 24 entreprises en examen\u00a0<\/a><\/p>\n<\/blockquote>\n<p>Au cours des travaux, les participants vont \u00e9valuer les rapports de gestion et les \u00e9tats financiers des EPE pour l\u2019exercice 2024, identifier les difficult\u00e9s, partager les bonnes pratiques et formuler des recommandations en lien avec les priorit\u00e9s nationales.<\/p>\n<p><strong>Rosana Astride KIENDREBEOGO\u00a0<\/strong><\/p>\n<p><strong>Latribunedufaso.net<\/strong><\/p>\n","protected":false},"excerpt":{"rendered":"<p>La 26e session de l\u2019Assembl\u00e9e g\u00e9n\u00e9rale des \u00e9tablissements publics de l\u2019\u00c9tat (EPE) s\u2019est ouverte le 31 juillet 2025 \u00e0 Ouagadougou, sous la pr\u00e9sidence du Premier ministre, Jean Emmanuel Ou\u00e9draogo, repr\u00e9sentant le Pr\u00e9sident du Faso.<\/p>\n","protected":false},"author":5,"featured_media":22375,"comment_status":"open","ping_status":"open","sticky":false,"template":"","format":"standard","meta":{"footnotes":""},"categories":[13,1,10],"tags":[1423,39],"class_list":["post-22374","post","type-post","status-publish","format-standard","has-post-thumbnail","hentry","category-une","category-actu","category-eco","tag-lassemblee-generale-des-etablissements-publics-de-letat-epe","tag-latribunedufaso-net"],"yoast_head":"<!-- This site is optimized with the Yoast SEO plugin v27.4 - https:\/\/yoast.com\/product\/yoast-seo-wordpress\/ -->\n<title>26e AG des EPE : Cap sur la performance et la gestion des ressources - La Tribune du Faso<\/title>\n<meta name=\"robots\" content=\"index, follow, max-snippet:-1, max-image-preview:large, max-video-preview:-1\" \/>\n<link rel=\"canonical\" href=\"https:\/\/www.latribunedufaso.net\/?p=22374\" \/>\n<meta property=\"og:locale\" content=\"fr_FR\" \/>\n<meta property=\"og:type\" content=\"article\" \/>\n<meta property=\"og:title\" content=\"26e AG des EPE : Cap sur la performance et la gestion des ressources - La Tribune du Faso\" \/>\n<meta property=\"og:description\" content=\"La 26e session de l\u2019Assembl\u00e9e g\u00e9n\u00e9rale des \u00e9tablissements publics de l\u2019\u00c9tat (EPE) s\u2019est ouverte le 31 juillet 2025 \u00e0 Ouagadougou, sous la pr\u00e9sidence du Premier ministre, Jean Emmanuel Ou\u00e9draogo, repr\u00e9sentant le Pr\u00e9sident du Faso.\" \/>\n<meta property=\"og:url\" content=\"https:\/\/www.latribunedufaso.net\/?p=22374\" \/>\n<meta property=\"og:site_name\" content=\"La Tribune du Faso\" \/>\n<meta property=\"article:publisher\" content=\"https:\/\/www.facebook.com\/LatribuneduFaso\/\" \/>\n<meta property=\"article:published_time\" content=\"2025-07-31T16:08:17+00:00\" \/>\n<meta property=\"article:modified_time\" content=\"2025-08-01T16:32:13+00:00\" \/>\n<meta property=\"og:image\" content=\"https:\/\/www.latribunedufaso.net\/wp-content\/uploads\/2025\/08\/IMG-20250801-WA0026.jpg\" \/>\n\t<meta property=\"og:image:width\" content=\"1080\" \/>\n\t<meta property=\"og:image:height\" content=\"615\" \/>\n\t<meta property=\"og:image:type\" content=\"image\/jpeg\" \/>\n<meta name=\"author\" content=\"Issouf Tapsoba\" \/>\n<meta name=\"twitter:label1\" content=\"\u00c9crit par\" \/>\n\t<meta name=\"twitter:data1\" content=\"Issouf Tapsoba\" \/>\n\t<meta name=\"twitter:label2\" content=\"Dur\u00e9e de lecture estim\u00e9e\" \/>\n\t<meta name=\"twitter:data2\" content=\"2 minutes\" \/>\n<script type=\"application\/ld+json\" class=\"yoast-schema-graph\">{\"@context\":\"https:\\\/\\\/schema.org\",\"@graph\":[{\"@type\":\"Article\",\"@id\":\"https:\\\/\\\/www.latribunedufaso.net\\\/?p=22374#article\",\"isPartOf\":{\"@id\":\"https:\\\/\\\/www.latribunedufaso.net\\\/?p=22374\"},\"author\":{\"name\":\"Issouf Tapsoba\",\"@id\":\"https:\\\/\\\/www.latribunedufaso.net\\\/#\\\/schema\\\/person\\\/e54e64c5778a7e72cf80a318b7a622b0\"},\"headline\":\"26e AG des EPE : Cap sur la performance et la gestion des ressources\",\"datePublished\":\"2025-07-31T16:08:17+00:00\",\"dateModified\":\"2025-08-01T16:32:13+00:00\",\"mainEntityOfPage\":{\"@id\":\"https:\\\/\\\/www.latribunedufaso.net\\\/?p=22374\"},\"wordCount\":482,\"commentCount\":0,\"publisher\":{\"@id\":\"https:\\\/\\\/www.latribunedufaso.net\\\/#organization\"},\"image\":{\"@id\":\"https:\\\/\\\/www.latribunedufaso.net\\\/?p=22374#primaryimage\"},\"thumbnailUrl\":\"https:\\\/\\\/www.latribunedufaso.net\\\/wp-content\\\/uploads\\\/2025\\\/08\\\/IMG-20250801-WA0026.jpg\",\"keywords\":[\"l\u2019Assembl\u00e9e g\u00e9n\u00e9rale des \u00e9tablissements publics de l\u2019\u00c9tat (EPE)\",\"latribunedufaso.net\"],\"articleSection\":[\"A la une\",\"Actualit\u00e9\",\"Economie\"],\"inLanguage\":\"fr-FR\",\"potentialAction\":[{\"@type\":\"CommentAction\",\"name\":\"Comment\",\"target\":[\"https:\\\/\\\/www.latribunedufaso.net\\\/?p=22374#respond\"]}]},{\"@type\":\"WebPage\",\"@id\":\"https:\\\/\\\/www.latribunedufaso.net\\\/?p=22374\",\"url\":\"https:\\\/\\\/www.latribunedufaso.net\\\/?p=22374\",\"name\":\"26e AG des EPE : Cap sur la performance et la gestion des ressources - La Tribune du Faso\",\"isPartOf\":{\"@id\":\"https:\\\/\\\/www.latribunedufaso.net\\\/#website\"},\"primaryImageOfPage\":{\"@id\":\"https:\\\/\\\/www.latribunedufaso.net\\\/?p=22374#primaryimage\"},\"image\":{\"@id\":\"https:\\\/\\\/www.latribunedufaso.net\\\/?p=22374#primaryimage\"},\"thumbnailUrl\":\"https:\\\/\\\/www.latribunedufaso.net\\\/wp-content\\\/uploads\\\/2025\\\/08\\\/IMG-20250801-WA0026.jpg\",\"datePublished\":\"2025-07-31T16:08:17+00:00\",\"dateModified\":\"2025-08-01T16:32:13+00:00\",\"breadcrumb\":{\"@id\":\"https:\\\/\\\/www.latribunedufaso.net\\\/?p=22374#breadcrumb\"},\"inLanguage\":\"fr-FR\",\"potentialAction\":[{\"@type\":\"ReadAction\",\"target\":[\"https:\\\/\\\/www.latribunedufaso.net\\\/?p=22374\"]}]},{\"@type\":\"ImageObject\",\"inLanguage\":\"fr-FR\",\"@id\":\"https:\\\/\\\/www.latribunedufaso.net\\\/?p=22374#primaryimage\",\"url\":\"https:\\\/\\\/www.latribunedufaso.net\\\/wp-content\\\/uploads\\\/2025\\\/08\\\/IMG-20250801-WA0026.jpg\",\"contentUrl\":\"https:\\\/\\\/www.latribunedufaso.net\\\/wp-content\\\/uploads\\\/2025\\\/08\\\/IMG-20250801-WA0026.jpg\",\"width\":1080,\"height\":615,\"caption\":\"La 26e session de l\u2019Assembl\u00e9e g\u00e9n\u00e9rale des \u00e9tablissements publics de l\u2019\u00c9tat (EPE), 31 juillet 2025\"},{\"@type\":\"BreadcrumbList\",\"@id\":\"https:\\\/\\\/www.latribunedufaso.net\\\/?p=22374#breadcrumb\",\"itemListElement\":[{\"@type\":\"ListItem\",\"position\":1,\"name\":\"Accueil\",\"item\":\"https:\\\/\\\/www.latribunedufaso.net\\\/\"},{\"@type\":\"ListItem\",\"position\":2,\"name\":\"26e AG des EPE : Cap sur la performance et la gestion des ressources\"}]},{\"@type\":\"WebSite\",\"@id\":\"https:\\\/\\\/www.latribunedufaso.net\\\/#website\",\"url\":\"https:\\\/\\\/www.latribunedufaso.net\\\/\",\"name\":\"La Tribune du Faso\",\"description\":\"L&#039;information du monde rural en un clic\",\"publisher\":{\"@id\":\"https:\\\/\\\/www.latribunedufaso.net\\\/#organization\"},\"potentialAction\":[{\"@type\":\"SearchAction\",\"target\":{\"@type\":\"EntryPoint\",\"urlTemplate\":\"https:\\\/\\\/www.latribunedufaso.net\\\/?s={search_term_string}\"},\"query-input\":{\"@type\":\"PropertyValueSpecification\",\"valueRequired\":true,\"valueName\":\"search_term_string\"}}],\"inLanguage\":\"fr-FR\"},{\"@type\":\"Organization\",\"@id\":\"https:\\\/\\\/www.latribunedufaso.net\\\/#organization\",\"name\":\"La Tribune du Faso\",\"url\":\"https:\\\/\\\/www.latribunedufaso.net\\\/\",\"logo\":{\"@type\":\"ImageObject\",\"inLanguage\":\"fr-FR\",\"@id\":\"https:\\\/\\\/www.latribunedufaso.net\\\/#\\\/schema\\\/logo\\\/image\\\/\",\"url\":\"https:\\\/\\\/www.latribunedufaso.net\\\/wp-content\\\/uploads\\\/2020\\\/08\\\/Logo-Tribune-du-Faso-final-scaled.jpg\",\"contentUrl\":\"https:\\\/\\\/www.latribunedufaso.net\\\/wp-content\\\/uploads\\\/2020\\\/08\\\/Logo-Tribune-du-Faso-final-scaled.jpg\",\"width\":2560,\"height\":1856,\"caption\":\"La Tribune du Faso\"},\"image\":{\"@id\":\"https:\\\/\\\/www.latribunedufaso.net\\\/#\\\/schema\\\/logo\\\/image\\\/\"},\"sameAs\":[\"https:\\\/\\\/www.facebook.com\\\/LatribuneduFaso\\\/\"]},{\"@type\":\"Person\",\"@id\":\"https:\\\/\\\/www.latribunedufaso.net\\\/#\\\/schema\\\/person\\\/e54e64c5778a7e72cf80a318b7a622b0\",\"name\":\"Issouf Tapsoba\",\"image\":{\"@type\":\"ImageObject\",\"inLanguage\":\"fr-FR\",\"@id\":\"https:\\\/\\\/secure.gravatar.com\\\/avatar\\\/5e6c05150ce3230247d167f5b94d678eb05936197436d69b7921e3a95c9107ac?s=96&d=mm&r=g\",\"url\":\"https:\\\/\\\/secure.gravatar.com\\\/avatar\\\/5e6c05150ce3230247d167f5b94d678eb05936197436d69b7921e3a95c9107ac?s=96&d=mm&r=g\",\"contentUrl\":\"https:\\\/\\\/secure.gravatar.com\\\/avatar\\\/5e6c05150ce3230247d167f5b94d678eb05936197436d69b7921e3a95c9107ac?s=96&d=mm&r=g\",\"caption\":\"Issouf Tapsoba\"},\"url\":\"https:\\\/\\\/www.latribunedufaso.net\\\/?author=5\"}]}<\/script>\n<!-- \/ Yoast SEO plugin. -->","yoast_head_json":{"title":"26e AG des EPE : Cap sur la performance et la gestion des ressources - La Tribune du Faso","robots":{"index":"index","follow":"follow","max-snippet":"max-snippet:-1","max-image-preview":"max-image-preview:large","max-video-preview":"max-video-preview:-1"},"canonical":"https:\/\/www.latribunedufaso.net\/?p=22374","og_locale":"fr_FR","og_type":"article","og_title":"26e AG des EPE : Cap sur la performance et la gestion des ressources - La Tribune du Faso","og_description":"La 26e session de l\u2019Assembl\u00e9e g\u00e9n\u00e9rale des \u00e9tablissements publics de l\u2019\u00c9tat (EPE) s\u2019est ouverte le 31 juillet 2025 \u00e0 Ouagadougou, sous la pr\u00e9sidence du Premier ministre, Jean Emmanuel Ou\u00e9draogo, repr\u00e9sentant le Pr\u00e9sident du Faso.","og_url":"https:\/\/www.latribunedufaso.net\/?p=22374","og_site_name":"La Tribune du Faso","article_publisher":"https:\/\/www.facebook.com\/LatribuneduFaso\/","article_published_time":"2025-07-31T16:08:17+00:00","article_modified_time":"2025-08-01T16:32:13+00:00","og_image":[{"width":1080,"height":615,"url":"https:\/\/www.latribunedufaso.net\/wp-content\/uploads\/2025\/08\/IMG-20250801-WA0026.jpg","type":"image\/jpeg"}],"author":"Issouf Tapsoba","twitter_misc":{"\u00c9crit par":"Issouf Tapsoba","Dur\u00e9e de lecture estim\u00e9e":"2 minutes"},"schema":{"@context":"https:\/\/schema.org","@graph":[{"@type":"Article","@id":"https:\/\/www.latribunedufaso.net\/?p=22374#article","isPartOf":{"@id":"https:\/\/www.latribunedufaso.net\/?p=22374"},"author":{"name":"Issouf Tapsoba","@id":"https:\/\/www.latribunedufaso.net\/#\/schema\/person\/e54e64c5778a7e72cf80a318b7a622b0"},"headline":"26e AG des EPE : Cap sur la performance et la gestion des ressources","datePublished":"2025-07-31T16:08:17+00:00","dateModified":"2025-08-01T16:32:13+00:00","mainEntityOfPage":{"@id":"https:\/\/www.latribunedufaso.net\/?p=22374"},"wordCount":482,"commentCount":0,"publisher":{"@id":"https:\/\/www.latribunedufaso.net\/#organization"},"image":{"@id":"https:\/\/www.latribunedufaso.net\/?p=22374#primaryimage"},"thumbnailUrl":"https:\/\/www.latribunedufaso.net\/wp-content\/uploads\/2025\/08\/IMG-20250801-WA0026.jpg","keywords":["l\u2019Assembl\u00e9e g\u00e9n\u00e9rale des \u00e9tablissements publics de l\u2019\u00c9tat (EPE)","latribunedufaso.net"],"articleSection":["A la une","Actualit\u00e9","Economie"],"inLanguage":"fr-FR","potentialAction":[{"@type":"CommentAction","name":"Comment","target":["https:\/\/www.latribunedufaso.net\/?p=22374#respond"]}]},{"@type":"WebPage","@id":"https:\/\/www.latribunedufaso.net\/?p=22374","url":"https:\/\/www.latribunedufaso.net\/?p=22374","name":"26e AG des EPE : Cap sur la performance et la gestion des ressources - La Tribune du Faso","isPartOf":{"@id":"https:\/\/www.latribunedufaso.net\/#website"},"primaryImageOfPage":{"@id":"https:\/\/www.latribunedufaso.net\/?p=22374#primaryimage"},"image":{"@id":"https:\/\/www.latribunedufaso.net\/?p=22374#primaryimage"},"thumbnailUrl":"https:\/\/www.latribunedufaso.net\/wp-content\/uploads\/2025\/08\/IMG-20250801-WA0026.jpg","datePublished":"2025-07-31T16:08:17+00:00","dateModified":"2025-08-01T16:32:13+00:00","breadcrumb":{"@id":"https:\/\/www.latribunedufaso.net\/?p=22374#breadcrumb"},"inLanguage":"fr-FR","potentialAction":[{"@type":"ReadAction","target":["https:\/\/www.latribunedufaso.net\/?p=22374"]}]},{"@type":"ImageObject","inLanguage":"fr-FR","@id":"https:\/\/www.latribunedufaso.net\/?p=22374#primaryimage","url":"https:\/\/www.latribunedufaso.net\/wp-content\/uploads\/2025\/08\/IMG-20250801-WA0026.jpg","contentUrl":"https:\/\/www.latribunedufaso.net\/wp-content\/uploads\/2025\/08\/IMG-20250801-WA0026.jpg","width":1080,"height":615,"caption":"La 26e session de l\u2019Assembl\u00e9e g\u00e9n\u00e9rale des \u00e9tablissements publics de l\u2019\u00c9tat (EPE), 31 juillet 2025"},{"@type":"BreadcrumbList","@id":"https:\/\/www.latribunedufaso.net\/?p=22374#breadcrumb","itemListElement":[{"@type":"ListItem","position":1,"name":"Accueil","item":"https:\/\/www.latribunedufaso.net\/"},{"@type":"ListItem","position":2,"name":"26e AG des EPE : Cap sur la performance et la gestion des ressources"}]},{"@type":"WebSite","@id":"https:\/\/www.latribunedufaso.net\/#website","url":"https:\/\/www.latribunedufaso.net\/","name":"La Tribune du Faso","description":"L&#039;information du monde rural en un clic","publisher":{"@id":"https:\/\/www.latribunedufaso.net\/#organization"},"potentialAction":[{"@type":"SearchAction","target":{"@type":"EntryPoint","urlTemplate":"https:\/\/www.latribunedufaso.net\/?s={search_term_string}"},"query-input":{"@type":"PropertyValueSpecification","valueRequired":true,"valueName":"search_term_string"}}],"inLanguage":"fr-FR"},{"@type":"Organization","@id":"https:\/\/www.latribunedufaso.net\/#organization","name":"La Tribune du Faso","url":"https:\/\/www.latribunedufaso.net\/","logo":{"@type":"ImageObject","inLanguage":"fr-FR","@id":"https:\/\/www.latribunedufaso.net\/#\/schema\/logo\/image\/","url":"https:\/\/www.latribunedufaso.net\/wp-content\/uploads\/2020\/08\/Logo-Tribune-du-Faso-final-scaled.jpg","contentUrl":"https:\/\/www.latribunedufaso.net\/wp-content\/uploads\/2020\/08\/Logo-Tribune-du-Faso-final-scaled.jpg","width":2560,"height":1856,"caption":"La Tribune du Faso"},"image":{"@id":"https:\/\/www.latribunedufaso.net\/#\/schema\/logo\/image\/"},"sameAs":["https:\/\/www.facebook.com\/LatribuneduFaso\/"]},{"@type":"Person","@id":"https:\/\/www.latribunedufaso.net\/#\/schema\/person\/e54e64c5778a7e72cf80a318b7a622b0","name":"Issouf Tapsoba","image":{"@type":"ImageObject","inLanguage":"fr-FR","@id":"https:\/\/secure.gravatar.com\/avatar\/5e6c05150ce3230247d167f5b94d678eb05936197436d69b7921e3a95c9107ac?s=96&d=mm&r=g","url":"https:\/\/secure.gravatar.com\/avatar\/5e6c05150ce3230247d167f5b94d678eb05936197436d69b7921e3a95c9107ac?s=96&d=mm&r=g","contentUrl":"https:\/\/secure.gravatar.com\/avatar\/5e6c05150ce3230247d167f5b94d678eb05936197436d69b7921e3a95c9107ac?s=96&d=mm&r=g","caption":"Issouf Tapsoba"},"url":"https:\/\/www.latribunedufaso.net\/?author=5"}]}},"_links":{"self":[{"href":"https:\/\/www.latribunedufaso.net\/index.php?rest_route=\/wp\/v2\/posts\/22374","targetHints":{"allow":["GET"]}}],"collection":[{"href":"https:\/\/www.latribunedufaso.net\/index.php?rest_route=\/wp\/v2\/posts"}],"about":[{"href":"https:\/\/www.latribunedufaso.net\/index.php?rest_route=\/wp\/v2\/types\/post"}],"author":[{"embeddable":true,"href":"https:\/\/www.latribunedufaso.net\/index.php?rest_route=\/wp\/v2\/users\/5"}],"replies":[{"embeddable":true,"href":"https:\/\/www.latribunedufaso.net\/index.php?rest_route=%2Fwp%2Fv2%2Fcomments&post=22374"}],"version-history":[{"count":2,"href":"https:\/\/www.latribunedufaso.net\/index.php?rest_route=\/wp\/v2\/posts\/22374\/revisions"}],"predecessor-version":[{"id":22381,"href":"https:\/\/www.latribunedufaso.net\/index.php?rest_route=\/wp\/v2\/posts\/22374\/revisions\/22381"}],"wp:featuredmedia":[{"embeddable":true,"href":"https:\/\/www.latribunedufaso.net\/index.php?rest_route=\/wp\/v2\/media\/22375"}],"wp:attachment":[{"href":"https:\/\/www.latribunedufaso.net\/index.php?rest_route=%2Fwp%2Fv2%2Fmedia&parent=22374"}],"wp:term":[{"taxonomy":"category","embeddable":true,"href":"https:\/\/www.latribunedufaso.net\/index.php?rest_route=%2Fwp%2Fv2%2Fcategories&post=22374"},{"taxonomy":"post_tag","embeddable":true,"href":"https:\/\/www.latribunedufaso.net\/index.php?rest_route=%2Fwp%2Fv2%2Ftags&post=22374"}],"curies":[{"name":"wp","href":"https:\/\/api.w.org\/{rel}","templated":true}]}}