{"id":22321,"date":"2025-07-30T14:10:00","date_gmt":"2025-07-30T14:10:00","guid":{"rendered":"https:\/\/www.latribunedufaso.net\/?p=22321"},"modified":"2025-07-30T14:10:20","modified_gmt":"2025-07-30T14:10:20","slug":"burkina-vers-un-plan-national-pour-la-mise-en-oeuvre-du-pacte-mondial-sur-les-migrations","status":"publish","type":"post","link":"https:\/\/www.latribunedufaso.net\/?p=22321","title":{"rendered":"Burkina : Vers un plan national pour la mise en \u0153uvre du Pacte mondial sur les migrations\u00a0"},"content":{"rendered":"<p><strong>Le minist\u00e8re des Affaires \u00e9trang\u00e8res de la Coop\u00e9ration r\u00e9gionale et des Burkinab\u00e8 de l\u2019Ext\u00e9rieur a tenu, le 28 juillet 2025 \u00e0 Ouagadougou, une rencontre pr\u00e9paratoire sur l\u2019\u00e9laboration du Plan national de mise en \u0153uvre du pacte mondial pour les migrations s\u00fbres, ordonn\u00e9es et r\u00e9guli\u00e8res.\u00a0<\/strong><!--more--><\/p>\n<p>Commun\u00e9ment appel\u00e9 <em><strong>\u00ab Pacte de Marrakech \u00bb,<\/strong><\/em> le pacte mondial pour les migrations s\u00fbres, ordonn\u00e9es et r\u00e9guli\u00e8res, adopt\u00e9 en 2018 \u00e0 Marrakech au Maroc, est un accord intergouvernemental destin\u00e9 \u00e0 couvrir toutes les dimensions des migrations internationales, et \u00e0 contribuer \u00e0 l\u2019am\u00e9lioration de la gouvernance de la migration, en exhortant les Etats \u00e0 veiller au respect et \u00e0 la protection des droits de tous les migrants et \u00e0 tous les stades de la migration.\u00a0<\/p>\n<figure id=\"attachment_22323\" aria-describedby=\"caption-attachment-22323\" style=\"width: 933px\" class=\"wp-caption aligncenter\"><a href=\"https:\/\/www.latribunedufaso.net\/wp-content\/uploads\/2025\/07\/FB_IMG_1753883073129.jpg\"><img loading=\"lazy\" decoding=\"async\" class=\"size-full wp-image-22323\" src=\"https:\/\/www.latribunedufaso.net\/wp-content\/uploads\/2025\/07\/FB_IMG_1753883073129.jpg\" alt=\"Le minist\u00e8re des Affaires \u00e9trang\u00e8res de la Coop\u00e9ration r\u00e9gionale et des Burkinab\u00e8 de l\u2019Ext\u00e9rieur a tenu une rencontre pr\u00e9paratoire sur l\u2019\u00e9laboration du Plan national migration s\u00fbre, 28 juillet 2025\" width=\"933\" height=\"519\" srcset=\"https:\/\/www.latribunedufaso.net\/wp-content\/uploads\/2025\/07\/FB_IMG_1753883073129.jpg 933w, https:\/\/www.latribunedufaso.net\/wp-content\/uploads\/2025\/07\/FB_IMG_1753883073129-300x167.jpg 300w, https:\/\/www.latribunedufaso.net\/wp-content\/uploads\/2025\/07\/FB_IMG_1753883073129-768x427.jpg 768w\" sizes=\"auto, (max-width: 933px) 100vw, 933px\" \/><\/a><figcaption id=\"caption-attachment-22323\" class=\"wp-caption-text\">Une vue des participants lors des \u00e9changes &#8211; Ph. DR<\/figcaption><\/figure>\n<p>Selon le Directeur g\u00e9n\u00e9ral des Burkinab\u00e8 de l\u2019Ext\u00e9rieur, l\u2019Ambassadeur Michel Somma, cette rencontre s\u2019inscrit dans une d\u00e9marche d\u2019appropriation de cet accord intergouvernemental unique en mati\u00e8re de migration, afin de saisir le processus dans son ensemble.<\/p>\n<p><em><strong>\u00ab Les participants sont charg\u00e9s d\u2019examiner le projet du plan d\u2019action national de mise en \u0153uvre du Pacte mondial sur les migrations s\u00fbres, r\u00e9guli\u00e8res et ordonn\u00e9es dont l\u2019\u00e9laboration est en attente depuis 2019 \u00bb,<\/strong> <\/em>a-t-il relev\u00e9.\u00a0<\/p>\n<figure id=\"attachment_22322\" aria-describedby=\"caption-attachment-22322\" style=\"width: 936px\" class=\"wp-caption aligncenter\"><a href=\"https:\/\/www.latribunedufaso.net\/wp-content\/uploads\/2025\/07\/FB_IMG_1753883077877.jpg\"><img loading=\"lazy\" decoding=\"async\" class=\"size-full wp-image-22322\" src=\"https:\/\/www.latribunedufaso.net\/wp-content\/uploads\/2025\/07\/FB_IMG_1753883077877.jpg\" alt=\"Le minist\u00e8re des Affaires \u00e9trang\u00e8res de la Coop\u00e9ration r\u00e9gionale et des Burkinab\u00e8 de l\u2019Ext\u00e9rieur a tenu une rencontre pr\u00e9paratoire sur l\u2019\u00e9laboration du Plan national migration s\u00fbre, 28 juillet 2025\" width=\"936\" height=\"519\" srcset=\"https:\/\/www.latribunedufaso.net\/wp-content\/uploads\/2025\/07\/FB_IMG_1753883077877.jpg 936w, https:\/\/www.latribunedufaso.net\/wp-content\/uploads\/2025\/07\/FB_IMG_1753883077877-300x166.jpg 300w, https:\/\/www.latribunedufaso.net\/wp-content\/uploads\/2025\/07\/FB_IMG_1753883077877-768x426.jpg 768w\" sizes=\"auto, (max-width: 936px) 100vw, 936px\" \/><\/a><figcaption id=\"caption-attachment-22322\" class=\"wp-caption-text\">Les conclusions de cette rencontre devraient contribuer \u00e0 l\u2019\u00e9laboration de ce Plan d\u2019Action nationalde mise en \u0153uvre du pacte mondial pour les migrations s\u00fbres, ordonn\u00e9es et r\u00e9guli\u00e8res &#8211; Ph. DR<\/figcaption><\/figure>\n<p>Les conclusions de cette rencontre devraient contribuer \u00e0 l\u2019\u00e9laboration de ce Plan d\u2019Action national, conform\u00e9ment aux recommandations de la rencontre de Marrakech en vue de faciliter la mise en \u0153uvre des vingt-trois objectifs du pacte de Marrakech au plan national.\u00a0<\/p>\n<p><strong>Latribunedufaso.net\u00a0<\/strong><\/p>\n<p><strong>Source : DCRP\/ MAECR-BE<\/strong><\/p>\n<p>Lire aussi &gt;&gt; <a href=\"https:\/\/www.latribunedufaso.net\/?p=20926\">Migration frauduleuse : 22 jeunes Burkinab\u00e8 arrach\u00e9s aux griffes de l\u2019illusion, de retour au pays avec espoir<\/a><\/p>\n","protected":false},"excerpt":{"rendered":"<p>Le minist\u00e8re des Affaires \u00e9trang\u00e8res de la Coop\u00e9ration r\u00e9gionale et des Burkinab\u00e8 de l\u2019Ext\u00e9rieur a tenu, le 28 juillet 2025 \u00e0 Ouagadougou, une rencontre pr\u00e9paratoire sur l\u2019\u00e9laboration du Plan national de mise en \u0153uvre du pacte mondial pour les migrations s\u00fbres, ordonn\u00e9es et r\u00e9guli\u00e8res.\u00a0<\/p>\n","protected":false},"author":5,"featured_media":22324,"comment_status":"open","ping_status":"open","sticky":false,"template":"","format":"standard","meta":{"footnotes":""},"categories":[13,1,8],"tags":[39,1409,1410,1411],"class_list":["post-22321","post","type-post","status-publish","format-standard","has-post-thumbnail","hentry","category-une","category-actu","category-societe","tag-latribunedufaso-net","tag-migration-reguliere","tag-pacte-mondial-sur-les-migrations","tag-plan-national-de-mise-en-oeuvre-du-pacte-mondial-sur-les-migrations"],"yoast_head":"<!-- This site is optimized with the Yoast SEO plugin v27.4 - https:\/\/yoast.com\/product\/yoast-seo-wordpress\/ -->\n<title>Burkina : Vers un plan national pour la mise en \u0153uvre du Pacte mondial sur les migrations\u00a0 - La Tribune du Faso<\/title>\n<meta name=\"robots\" content=\"index, follow, max-snippet:-1, max-image-preview:large, max-video-preview:-1\" \/>\n<link rel=\"canonical\" href=\"https:\/\/www.latribunedufaso.net\/?p=22321\" \/>\n<meta property=\"og:locale\" content=\"fr_FR\" \/>\n<meta property=\"og:type\" content=\"article\" \/>\n<meta property=\"og:title\" content=\"Burkina : Vers un plan national pour la mise en \u0153uvre du Pacte mondial sur les migrations\u00a0 - La Tribune du Faso\" \/>\n<meta property=\"og:description\" content=\"Le minist\u00e8re des Affaires \u00e9trang\u00e8res de la Coop\u00e9ration r\u00e9gionale et des Burkinab\u00e8 de l\u2019Ext\u00e9rieur a tenu, le 28 juillet 2025 \u00e0 Ouagadougou, une rencontre pr\u00e9paratoire sur l\u2019\u00e9laboration du Plan national de mise en \u0153uvre du pacte mondial pour les migrations s\u00fbres, ordonn\u00e9es et r\u00e9guli\u00e8res.\u00a0\" \/>\n<meta property=\"og:url\" content=\"https:\/\/www.latribunedufaso.net\/?p=22321\" \/>\n<meta property=\"og:site_name\" content=\"La Tribune du Faso\" \/>\n<meta property=\"article:publisher\" content=\"https:\/\/www.facebook.com\/LatribuneduFaso\/\" \/>\n<meta property=\"article:published_time\" content=\"2025-07-30T14:10:00+00:00\" \/>\n<meta property=\"article:modified_time\" content=\"2025-07-30T14:10:20+00:00\" \/>\n<meta property=\"og:image\" content=\"https:\/\/www.latribunedufaso.net\/wp-content\/uploads\/2025\/07\/FB_IMG_1753883063718.jpg\" \/>\n\t<meta property=\"og:image:width\" content=\"939\" \/>\n\t<meta property=\"og:image:height\" content=\"534\" \/>\n\t<meta property=\"og:image:type\" content=\"image\/jpeg\" \/>\n<meta name=\"author\" content=\"Issouf Tapsoba\" \/>\n<meta name=\"twitter:label1\" content=\"\u00c9crit par\" \/>\n\t<meta name=\"twitter:data1\" content=\"Issouf Tapsoba\" \/>\n\t<meta name=\"twitter:label2\" content=\"Dur\u00e9e de lecture estim\u00e9e\" \/>\n\t<meta name=\"twitter:data2\" content=\"2 minutes\" \/>\n<script type=\"application\/ld+json\" class=\"yoast-schema-graph\">{\"@context\":\"https:\\\/\\\/schema.org\",\"@graph\":[{\"@type\":\"Article\",\"@id\":\"https:\\\/\\\/www.latribunedufaso.net\\\/?p=22321#article\",\"isPartOf\":{\"@id\":\"https:\\\/\\\/www.latribunedufaso.net\\\/?p=22321\"},\"author\":{\"name\":\"Issouf Tapsoba\",\"@id\":\"https:\\\/\\\/www.latribunedufaso.net\\\/#\\\/schema\\\/person\\\/e54e64c5778a7e72cf80a318b7a622b0\"},\"headline\":\"Burkina : Vers un plan national pour la mise en \u0153uvre du Pacte mondial sur les migrations\u00a0\",\"datePublished\":\"2025-07-30T14:10:00+00:00\",\"dateModified\":\"2025-07-30T14:10:20+00:00\",\"mainEntityOfPage\":{\"@id\":\"https:\\\/\\\/www.latribunedufaso.net\\\/?p=22321\"},\"wordCount\":352,\"commentCount\":0,\"publisher\":{\"@id\":\"https:\\\/\\\/www.latribunedufaso.net\\\/#organization\"},\"image\":{\"@id\":\"https:\\\/\\\/www.latribunedufaso.net\\\/?p=22321#primaryimage\"},\"thumbnailUrl\":\"https:\\\/\\\/www.latribunedufaso.net\\\/wp-content\\\/uploads\\\/2025\\\/07\\\/FB_IMG_1753883063718.jpg\",\"keywords\":[\"latribunedufaso.net\",\"Migration r\u00e9guli\u00e8re\",\"Pacte mondial sur les migrations\",\"Plan national de mise en \u0153uvre du Pacte mondial sur les migrations\"],\"articleSection\":[\"A la une\",\"Actualit\u00e9\",\"Soci\u00e9t\u00e9\"],\"inLanguage\":\"fr-FR\",\"potentialAction\":[{\"@type\":\"CommentAction\",\"name\":\"Comment\",\"target\":[\"https:\\\/\\\/www.latribunedufaso.net\\\/?p=22321#respond\"]}]},{\"@type\":\"WebPage\",\"@id\":\"https:\\\/\\\/www.latribunedufaso.net\\\/?p=22321\",\"url\":\"https:\\\/\\\/www.latribunedufaso.net\\\/?p=22321\",\"name\":\"Burkina : Vers un plan national pour la mise en \u0153uvre du Pacte mondial sur les migrations\u00a0 - La Tribune du Faso\",\"isPartOf\":{\"@id\":\"https:\\\/\\\/www.latribunedufaso.net\\\/#website\"},\"primaryImageOfPage\":{\"@id\":\"https:\\\/\\\/www.latribunedufaso.net\\\/?p=22321#primaryimage\"},\"image\":{\"@id\":\"https:\\\/\\\/www.latribunedufaso.net\\\/?p=22321#primaryimage\"},\"thumbnailUrl\":\"https:\\\/\\\/www.latribunedufaso.net\\\/wp-content\\\/uploads\\\/2025\\\/07\\\/FB_IMG_1753883063718.jpg\",\"datePublished\":\"2025-07-30T14:10:00+00:00\",\"dateModified\":\"2025-07-30T14:10:20+00:00\",\"breadcrumb\":{\"@id\":\"https:\\\/\\\/www.latribunedufaso.net\\\/?p=22321#breadcrumb\"},\"inLanguage\":\"fr-FR\",\"potentialAction\":[{\"@type\":\"ReadAction\",\"target\":[\"https:\\\/\\\/www.latribunedufaso.net\\\/?p=22321\"]}]},{\"@type\":\"ImageObject\",\"inLanguage\":\"fr-FR\",\"@id\":\"https:\\\/\\\/www.latribunedufaso.net\\\/?p=22321#primaryimage\",\"url\":\"https:\\\/\\\/www.latribunedufaso.net\\\/wp-content\\\/uploads\\\/2025\\\/07\\\/FB_IMG_1753883063718.jpg\",\"contentUrl\":\"https:\\\/\\\/www.latribunedufaso.net\\\/wp-content\\\/uploads\\\/2025\\\/07\\\/FB_IMG_1753883063718.jpg\",\"width\":939,\"height\":534,\"caption\":\"Le minist\u00e8re des Affaires \u00e9trang\u00e8res de la Coop\u00e9ration r\u00e9gionale et des Burkinab\u00e8 de l\u2019Ext\u00e9rieur a tenu une rencontre pr\u00e9paratoire sur l\u2019\u00e9laboration du Plan national migration s\u00fbre, 28 juillet 2025\"},{\"@type\":\"BreadcrumbList\",\"@id\":\"https:\\\/\\\/www.latribunedufaso.net\\\/?p=22321#breadcrumb\",\"itemListElement\":[{\"@type\":\"ListItem\",\"position\":1,\"name\":\"Accueil\",\"item\":\"https:\\\/\\\/www.latribunedufaso.net\\\/\"},{\"@type\":\"ListItem\",\"position\":2,\"name\":\"Burkina : Vers un plan national pour la mise en \u0153uvre du Pacte mondial sur les migrations\u00a0\"}]},{\"@type\":\"WebSite\",\"@id\":\"https:\\\/\\\/www.latribunedufaso.net\\\/#website\",\"url\":\"https:\\\/\\\/www.latribunedufaso.net\\\/\",\"name\":\"La Tribune du Faso\",\"description\":\"L&#039;information du monde rural en un clic\",\"publisher\":{\"@id\":\"https:\\\/\\\/www.latribunedufaso.net\\\/#organization\"},\"potentialAction\":[{\"@type\":\"SearchAction\",\"target\":{\"@type\":\"EntryPoint\",\"urlTemplate\":\"https:\\\/\\\/www.latribunedufaso.net\\\/?s={search_term_string}\"},\"query-input\":{\"@type\":\"PropertyValueSpecification\",\"valueRequired\":true,\"valueName\":\"search_term_string\"}}],\"inLanguage\":\"fr-FR\"},{\"@type\":\"Organization\",\"@id\":\"https:\\\/\\\/www.latribunedufaso.net\\\/#organization\",\"name\":\"La Tribune du Faso\",\"url\":\"https:\\\/\\\/www.latribunedufaso.net\\\/\",\"logo\":{\"@type\":\"ImageObject\",\"inLanguage\":\"fr-FR\",\"@id\":\"https:\\\/\\\/www.latribunedufaso.net\\\/#\\\/schema\\\/logo\\\/image\\\/\",\"url\":\"https:\\\/\\\/www.latribunedufaso.net\\\/wp-content\\\/uploads\\\/2020\\\/08\\\/Logo-Tribune-du-Faso-final-scaled.jpg\",\"contentUrl\":\"https:\\\/\\\/www.latribunedufaso.net\\\/wp-content\\\/uploads\\\/2020\\\/08\\\/Logo-Tribune-du-Faso-final-scaled.jpg\",\"width\":2560,\"height\":1856,\"caption\":\"La Tribune du Faso\"},\"image\":{\"@id\":\"https:\\\/\\\/www.latribunedufaso.net\\\/#\\\/schema\\\/logo\\\/image\\\/\"},\"sameAs\":[\"https:\\\/\\\/www.facebook.com\\\/LatribuneduFaso\\\/\"]},{\"@type\":\"Person\",\"@id\":\"https:\\\/\\\/www.latribunedufaso.net\\\/#\\\/schema\\\/person\\\/e54e64c5778a7e72cf80a318b7a622b0\",\"name\":\"Issouf Tapsoba\",\"image\":{\"@type\":\"ImageObject\",\"inLanguage\":\"fr-FR\",\"@id\":\"https:\\\/\\\/secure.gravatar.com\\\/avatar\\\/5e6c05150ce3230247d167f5b94d678eb05936197436d69b7921e3a95c9107ac?s=96&d=mm&r=g\",\"url\":\"https:\\\/\\\/secure.gravatar.com\\\/avatar\\\/5e6c05150ce3230247d167f5b94d678eb05936197436d69b7921e3a95c9107ac?s=96&d=mm&r=g\",\"contentUrl\":\"https:\\\/\\\/secure.gravatar.com\\\/avatar\\\/5e6c05150ce3230247d167f5b94d678eb05936197436d69b7921e3a95c9107ac?s=96&d=mm&r=g\",\"caption\":\"Issouf Tapsoba\"},\"url\":\"https:\\\/\\\/www.latribunedufaso.net\\\/?author=5\"}]}<\/script>\n<!-- \/ Yoast SEO plugin. -->","yoast_head_json":{"title":"Burkina : Vers un plan national pour la mise en \u0153uvre du Pacte mondial sur les migrations\u00a0 - La Tribune du Faso","robots":{"index":"index","follow":"follow","max-snippet":"max-snippet:-1","max-image-preview":"max-image-preview:large","max-video-preview":"max-video-preview:-1"},"canonical":"https:\/\/www.latribunedufaso.net\/?p=22321","og_locale":"fr_FR","og_type":"article","og_title":"Burkina : Vers un plan national pour la mise en \u0153uvre du Pacte mondial sur les migrations\u00a0 - La Tribune du Faso","og_description":"Le minist\u00e8re des Affaires \u00e9trang\u00e8res de la Coop\u00e9ration r\u00e9gionale et des Burkinab\u00e8 de l\u2019Ext\u00e9rieur a tenu, le 28 juillet 2025 \u00e0 Ouagadougou, une rencontre pr\u00e9paratoire sur l\u2019\u00e9laboration du Plan national de mise en \u0153uvre du pacte mondial pour les migrations s\u00fbres, ordonn\u00e9es et r\u00e9guli\u00e8res.\u00a0","og_url":"https:\/\/www.latribunedufaso.net\/?p=22321","og_site_name":"La Tribune du Faso","article_publisher":"https:\/\/www.facebook.com\/LatribuneduFaso\/","article_published_time":"2025-07-30T14:10:00+00:00","article_modified_time":"2025-07-30T14:10:20+00:00","og_image":[{"width":939,"height":534,"url":"https:\/\/www.latribunedufaso.net\/wp-content\/uploads\/2025\/07\/FB_IMG_1753883063718.jpg","type":"image\/jpeg"}],"author":"Issouf Tapsoba","twitter_misc":{"\u00c9crit par":"Issouf Tapsoba","Dur\u00e9e de lecture estim\u00e9e":"2 minutes"},"schema":{"@context":"https:\/\/schema.org","@graph":[{"@type":"Article","@id":"https:\/\/www.latribunedufaso.net\/?p=22321#article","isPartOf":{"@id":"https:\/\/www.latribunedufaso.net\/?p=22321"},"author":{"name":"Issouf Tapsoba","@id":"https:\/\/www.latribunedufaso.net\/#\/schema\/person\/e54e64c5778a7e72cf80a318b7a622b0"},"headline":"Burkina : Vers un plan national pour la mise en \u0153uvre du Pacte mondial sur les migrations\u00a0","datePublished":"2025-07-30T14:10:00+00:00","dateModified":"2025-07-30T14:10:20+00:00","mainEntityOfPage":{"@id":"https:\/\/www.latribunedufaso.net\/?p=22321"},"wordCount":352,"commentCount":0,"publisher":{"@id":"https:\/\/www.latribunedufaso.net\/#organization"},"image":{"@id":"https:\/\/www.latribunedufaso.net\/?p=22321#primaryimage"},"thumbnailUrl":"https:\/\/www.latribunedufaso.net\/wp-content\/uploads\/2025\/07\/FB_IMG_1753883063718.jpg","keywords":["latribunedufaso.net","Migration r\u00e9guli\u00e8re","Pacte mondial sur les migrations","Plan national de mise en \u0153uvre du Pacte mondial sur les migrations"],"articleSection":["A la une","Actualit\u00e9","Soci\u00e9t\u00e9"],"inLanguage":"fr-FR","potentialAction":[{"@type":"CommentAction","name":"Comment","target":["https:\/\/www.latribunedufaso.net\/?p=22321#respond"]}]},{"@type":"WebPage","@id":"https:\/\/www.latribunedufaso.net\/?p=22321","url":"https:\/\/www.latribunedufaso.net\/?p=22321","name":"Burkina : Vers un plan national pour la mise en \u0153uvre du Pacte mondial sur les migrations\u00a0 - La Tribune du Faso","isPartOf":{"@id":"https:\/\/www.latribunedufaso.net\/#website"},"primaryImageOfPage":{"@id":"https:\/\/www.latribunedufaso.net\/?p=22321#primaryimage"},"image":{"@id":"https:\/\/www.latribunedufaso.net\/?p=22321#primaryimage"},"thumbnailUrl":"https:\/\/www.latribunedufaso.net\/wp-content\/uploads\/2025\/07\/FB_IMG_1753883063718.jpg","datePublished":"2025-07-30T14:10:00+00:00","dateModified":"2025-07-30T14:10:20+00:00","breadcrumb":{"@id":"https:\/\/www.latribunedufaso.net\/?p=22321#breadcrumb"},"inLanguage":"fr-FR","potentialAction":[{"@type":"ReadAction","target":["https:\/\/www.latribunedufaso.net\/?p=22321"]}]},{"@type":"ImageObject","inLanguage":"fr-FR","@id":"https:\/\/www.latribunedufaso.net\/?p=22321#primaryimage","url":"https:\/\/www.latribunedufaso.net\/wp-content\/uploads\/2025\/07\/FB_IMG_1753883063718.jpg","contentUrl":"https:\/\/www.latribunedufaso.net\/wp-content\/uploads\/2025\/07\/FB_IMG_1753883063718.jpg","width":939,"height":534,"caption":"Le minist\u00e8re des Affaires \u00e9trang\u00e8res de la Coop\u00e9ration r\u00e9gionale et des Burkinab\u00e8 de l\u2019Ext\u00e9rieur a tenu une rencontre pr\u00e9paratoire sur l\u2019\u00e9laboration du Plan national migration s\u00fbre, 28 juillet 2025"},{"@type":"BreadcrumbList","@id":"https:\/\/www.latribunedufaso.net\/?p=22321#breadcrumb","itemListElement":[{"@type":"ListItem","position":1,"name":"Accueil","item":"https:\/\/www.latribunedufaso.net\/"},{"@type":"ListItem","position":2,"name":"Burkina : Vers un plan national pour la mise en \u0153uvre du Pacte mondial sur les migrations\u00a0"}]},{"@type":"WebSite","@id":"https:\/\/www.latribunedufaso.net\/#website","url":"https:\/\/www.latribunedufaso.net\/","name":"La Tribune du Faso","description":"L&#039;information du monde rural en un clic","publisher":{"@id":"https:\/\/www.latribunedufaso.net\/#organization"},"potentialAction":[{"@type":"SearchAction","target":{"@type":"EntryPoint","urlTemplate":"https:\/\/www.latribunedufaso.net\/?s={search_term_string}"},"query-input":{"@type":"PropertyValueSpecification","valueRequired":true,"valueName":"search_term_string"}}],"inLanguage":"fr-FR"},{"@type":"Organization","@id":"https:\/\/www.latribunedufaso.net\/#organization","name":"La Tribune du Faso","url":"https:\/\/www.latribunedufaso.net\/","logo":{"@type":"ImageObject","inLanguage":"fr-FR","@id":"https:\/\/www.latribunedufaso.net\/#\/schema\/logo\/image\/","url":"https:\/\/www.latribunedufaso.net\/wp-content\/uploads\/2020\/08\/Logo-Tribune-du-Faso-final-scaled.jpg","contentUrl":"https:\/\/www.latribunedufaso.net\/wp-content\/uploads\/2020\/08\/Logo-Tribune-du-Faso-final-scaled.jpg","width":2560,"height":1856,"caption":"La Tribune du Faso"},"image":{"@id":"https:\/\/www.latribunedufaso.net\/#\/schema\/logo\/image\/"},"sameAs":["https:\/\/www.facebook.com\/LatribuneduFaso\/"]},{"@type":"Person","@id":"https:\/\/www.latribunedufaso.net\/#\/schema\/person\/e54e64c5778a7e72cf80a318b7a622b0","name":"Issouf Tapsoba","image":{"@type":"ImageObject","inLanguage":"fr-FR","@id":"https:\/\/secure.gravatar.com\/avatar\/5e6c05150ce3230247d167f5b94d678eb05936197436d69b7921e3a95c9107ac?s=96&d=mm&r=g","url":"https:\/\/secure.gravatar.com\/avatar\/5e6c05150ce3230247d167f5b94d678eb05936197436d69b7921e3a95c9107ac?s=96&d=mm&r=g","contentUrl":"https:\/\/secure.gravatar.com\/avatar\/5e6c05150ce3230247d167f5b94d678eb05936197436d69b7921e3a95c9107ac?s=96&d=mm&r=g","caption":"Issouf Tapsoba"},"url":"https:\/\/www.latribunedufaso.net\/?author=5"}]}},"_links":{"self":[{"href":"https:\/\/www.latribunedufaso.net\/index.php?rest_route=\/wp\/v2\/posts\/22321","targetHints":{"allow":["GET"]}}],"collection":[{"href":"https:\/\/www.latribunedufaso.net\/index.php?rest_route=\/wp\/v2\/posts"}],"about":[{"href":"https:\/\/www.latribunedufaso.net\/index.php?rest_route=\/wp\/v2\/types\/post"}],"author":[{"embeddable":true,"href":"https:\/\/www.latribunedufaso.net\/index.php?rest_route=\/wp\/v2\/users\/5"}],"replies":[{"embeddable":true,"href":"https:\/\/www.latribunedufaso.net\/index.php?rest_route=%2Fwp%2Fv2%2Fcomments&post=22321"}],"version-history":[{"count":1,"href":"https:\/\/www.latribunedufaso.net\/index.php?rest_route=\/wp\/v2\/posts\/22321\/revisions"}],"predecessor-version":[{"id":22325,"href":"https:\/\/www.latribunedufaso.net\/index.php?rest_route=\/wp\/v2\/posts\/22321\/revisions\/22325"}],"wp:featuredmedia":[{"embeddable":true,"href":"https:\/\/www.latribunedufaso.net\/index.php?rest_route=\/wp\/v2\/media\/22324"}],"wp:attachment":[{"href":"https:\/\/www.latribunedufaso.net\/index.php?rest_route=%2Fwp%2Fv2%2Fmedia&parent=22321"}],"wp:term":[{"taxonomy":"category","embeddable":true,"href":"https:\/\/www.latribunedufaso.net\/index.php?rest_route=%2Fwp%2Fv2%2Fcategories&post=22321"},{"taxonomy":"post_tag","embeddable":true,"href":"https:\/\/www.latribunedufaso.net\/index.php?rest_route=%2Fwp%2Fv2%2Ftags&post=22321"}],"curies":[{"name":"wp","href":"https:\/\/api.w.org\/{rel}","templated":true}]}}