{"id":22315,"date":"2025-07-30T12:24:14","date_gmt":"2025-07-30T12:24:14","guid":{"rendered":"https:\/\/www.latribunedufaso.net\/?p=22315"},"modified":"2025-07-30T12:24:14","modified_gmt":"2025-07-30T12:24:14","slug":"memoire-de-fin-de-cycle-en-journalisme-letudiant-siaka-cisse-porte-un-regard-critique-sur-le-traitement-de-lactualite-internationale-a-wakat-sera","status":"publish","type":"post","link":"https:\/\/www.latribunedufaso.net\/?p=22315","title":{"rendered":"M\u00e9moire de fin de cycle en journalisme : L\u2019\u00e9tudiant Siaka Ciss\u00e9 porte un regard critique sur le traitement de l\u2019actualit\u00e9 internationale \u00e0 Wakat S\u00e9ra"},"content":{"rendered":"<p><strong>L\u2019\u00e9tudiant Siaka Ciss\u00e9 a soutenu, le 22 juillet 2025, \u00e0 l\u2019Universit\u00e9 Joseph Ki-Zerbo, son m\u00e9moire de fin de cycle pour l\u2019obtention du dipl\u00f4me de Licence en Sciences de l\u2019Information et de la Communication (SIC). L\u2019\u00e9tudiant a, dans son document, analys\u00e9 le traitement de l\u2019actualit\u00e9 internationale \u00e0 Wakat S\u00e9ra, un m\u00e9dia burkinab\u00e8 en ligne. Sous la direction de Dr Dognon Lucien Batcho, Ma\u00eetre Assisant \u00e0 l\u2019Institut panafricain d\u2019\u00e9tude et de recherche sur les m\u00e9dias, l\u2019information et la communication (IPERMIC), le document de l\u2019imp\u00e9trant a \u00e9t\u00e9 valid\u00e9 par le jury qui l\u2019a sanctionn\u00e9 par la mention <em>\u00ab tr\u00e8s bien \u00bb.<\/em><\/strong><!--more--><\/p>\n<p>Il a ouvert la vague des soutenances en Licence, session 2025, de l\u2019Institut panafricain d\u2019\u00e9tude et de recherche sur les m\u00e9dias, l\u2019information et la communication (IPERMIC). L\u2019\u00e9tudiant Siaka Ciss\u00e9, puisque c\u2019est de lui qu\u2019il s\u2019agit, a, en effet, soutenu, le mardi 22 juillet 2025, son m\u00e9moire de fin de cycle en journalisme. L\u2019\u00e9v\u00e8nement s\u2019est d\u00e9roul\u00e9 au D\u00e9partement de Communication et Journalisme de l\u2019Universit\u00e9 Joseph Ki-Zerbo, en pr\u00e9sence des camarades \u00e9tudiants et amis de l\u2019imp\u00e9trant.\u00a0<\/p>\n<p><em><strong>\u00ab Analyse du traitement de l\u2019actualit\u00e9 internationale \u00e0 Wakat S\u00e9ra de mai \u00e0 juillet 2021 \u00bb.<\/strong><\/em> C\u2019est l\u2019intitul\u00e9 du th\u00e8me sur lequel a port\u00e9 le travail de recherche de l\u2019\u00e9tudiant pour l\u2019obtention du dipl\u00f4me de Licence en Science de l\u2019Information et de la Communication (SIC). Un travail que l\u2019apprenant a r\u00e9alis\u00e9 sous la supervision du Dr Dognon Lucien Batcho, Ma\u00eetre Assisant \u00e0 l\u2019IPERMIC.<\/p>\n<figure id=\"attachment_22318\" aria-describedby=\"caption-attachment-22318\" style=\"width: 1080px\" class=\"wp-caption aligncenter\"><a href=\"https:\/\/www.latribunedufaso.net\/wp-content\/uploads\/2025\/07\/IMG-20250730-WA0058.jpg\"><img loading=\"lazy\" decoding=\"async\" class=\"size-full wp-image-22318\" src=\"https:\/\/www.latribunedufaso.net\/wp-content\/uploads\/2025\/07\/IMG-20250730-WA0058.jpg\" alt=\"Soutenance de m\u00e9moire de licence de Siaka Ciss\u00e9 sur le traitement de l'actualit\u00e9 internationale au m\u00e9dia en ligne Wakat Sera, 22 juillet 2025\" width=\"1080\" height=\"720\" srcset=\"https:\/\/www.latribunedufaso.net\/wp-content\/uploads\/2025\/07\/IMG-20250730-WA0058.jpg 1080w, https:\/\/www.latribunedufaso.net\/wp-content\/uploads\/2025\/07\/IMG-20250730-WA0058-300x200.jpg 300w, https:\/\/www.latribunedufaso.net\/wp-content\/uploads\/2025\/07\/IMG-20250730-WA0058-1024x683.jpg 1024w, https:\/\/www.latribunedufaso.net\/wp-content\/uploads\/2025\/07\/IMG-20250730-WA0058-768x512.jpg 768w, https:\/\/www.latribunedufaso.net\/wp-content\/uploads\/2025\/07\/IMG-20250730-WA0058-840x560.jpg 840w, https:\/\/www.latribunedufaso.net\/wp-content\/uploads\/2025\/07\/IMG-20250730-WA0058-120x80.jpg 120w, https:\/\/www.latribunedufaso.net\/wp-content\/uploads\/2025\/07\/IMG-20250730-WA0058-360x240.jpg 360w, https:\/\/www.latribunedufaso.net\/wp-content\/uploads\/2025\/07\/IMG-20250730-WA0058-600x400.jpg 600w\" sizes=\"auto, (max-width: 1080px) 100vw, 1080px\" \/><\/a><figcaption id=\"caption-attachment-22318\" class=\"wp-caption-text\">Le jury a ainsi valid\u00e9 le document de l\u2019imp\u00e9trant en lui d\u00e9cernant la mention \u00ab tr\u00e8s bien \u00bb, avec une moyenne de 16\/20 &#8211; Ph. DR<\/figcaption><\/figure>\n<p>Dans son \u00e9tude, M. Ciss\u00e9 a d\u2019abord proc\u00e9d\u00e9 par une pr\u00e9sentation int\u00e9grale de ce quotidien burkinab\u00e8 en ligne, cr\u00e9\u00e9 en janvier 2017. L\u2019\u00e9tudiant a, ensuite, port\u00e9 un regard critique sur le traitement de l\u2019actualit\u00e9 internationale au sein du journal. Il a notamment, \u00e9tudi\u00e9 la surface de r\u00e9daction des informations internationales, c\u2019est-\u00e0-dire la place qu\u2019elles occupent dans les publications du quotidien num\u00e9rique. Il a \u00e9galement questionn\u00e9 les crit\u00e8res de s\u00e9lection des sujets abord\u00e9s dans cette actualit\u00e9 internationale, puis analys\u00e9 les genres r\u00e9dactionnels qui y sont trait\u00e9s.\u00a0<\/p>\n<figure id=\"attachment_22319\" aria-describedby=\"caption-attachment-22319\" style=\"width: 1080px\" class=\"wp-caption aligncenter\"><a href=\"https:\/\/www.latribunedufaso.net\/wp-content\/uploads\/2025\/07\/IMG-20250730-WA0055.jpg\"><img loading=\"lazy\" decoding=\"async\" class=\"size-full wp-image-22319\" src=\"https:\/\/www.latribunedufaso.net\/wp-content\/uploads\/2025\/07\/IMG-20250730-WA0055.jpg\" alt=\"Soutenance de m\u00e9moire de licence de Siaka Ciss\u00e9 sur le traitement de l'actualit\u00e9 internationale au m\u00e9dia en ligne Wakat Sera, 22 juillet 2025\" width=\"1080\" height=\"720\" srcset=\"https:\/\/www.latribunedufaso.net\/wp-content\/uploads\/2025\/07\/IMG-20250730-WA0055.jpg 1080w, https:\/\/www.latribunedufaso.net\/wp-content\/uploads\/2025\/07\/IMG-20250730-WA0055-300x200.jpg 300w, https:\/\/www.latribunedufaso.net\/wp-content\/uploads\/2025\/07\/IMG-20250730-WA0055-1024x683.jpg 1024w, https:\/\/www.latribunedufaso.net\/wp-content\/uploads\/2025\/07\/IMG-20250730-WA0055-768x512.jpg 768w, https:\/\/www.latribunedufaso.net\/wp-content\/uploads\/2025\/07\/IMG-20250730-WA0055-840x560.jpg 840w, https:\/\/www.latribunedufaso.net\/wp-content\/uploads\/2025\/07\/IMG-20250730-WA0055-120x80.jpg 120w, https:\/\/www.latribunedufaso.net\/wp-content\/uploads\/2025\/07\/IMG-20250730-WA0055-360x240.jpg 360w, https:\/\/www.latribunedufaso.net\/wp-content\/uploads\/2025\/07\/IMG-20250730-WA0055-600x400.jpg 600w\" sizes=\"auto, (max-width: 1080px) 100vw, 1080px\" \/><\/a><figcaption id=\"caption-attachment-22319\" class=\"wp-caption-text\">L&rsquo;\u00e9tudiant Siaka Ciss\u00e9 \u00ab Analyse du traitement de l\u2019actualit\u00e9 internationale \u00e0 Wakat S\u00e9ra de mai \u00e0 juillet 2021 \u00bb &#8211; Ph. DR<\/figcaption><\/figure>\n<p>Au terme d\u2019une pr\u00e9sentation sommaire des r\u00e9sultats des recherches consacr\u00e9es \u00e0 cette th\u00e9matique, suivie de quelques questions pos\u00e9es \u00e0 l\u2019imp\u00e9trant, le jury, pr\u00e9sid\u00e9 par Dr Lacina Kabor\u00e9, Ma\u00eetre de Conf\u00e9rence \u00e0 l\u2019IPERMIC, par ailleurs Directeur dudit Institut, a salu\u00e9 un travail globalement satisfaisant, avec des efforts d\u2019analyse et de recherche. Le jury a ainsi valid\u00e9 le document de l\u2019imp\u00e9trant en lui d\u00e9cernant la mention <em><strong>\u00ab tr\u00e8s bien \u00bb<\/strong><\/em>, avec une moyenne de 16\/20.\u00a0<\/p>\n<blockquote>\n<p>Lire aussi &gt;&gt; <a href=\"https:\/\/www.latribunedufaso.net\/?p=22310\">Soutenance : Mouniratou Lougu\u00e9 d\u00e9cortique la v\u00e9rification des faits \u00e0 Studio Yafa<\/a><\/p>\n<\/blockquote>\n<p>Tout en le f\u00e9licitant pour cet accomplissement, le pr\u00e9sident du jury, ainsi que le directeur de m\u00e9moire ont tous formul\u00e9 des recommandations qu\u2019ils ont invit\u00e9 l\u2019\u00e9tudiant \u00e0 int\u00e9grer dans le document pour en faire un document de r\u00e9f\u00e9rence \u00e0 consulter dans la biblioth\u00e8que de l\u2019IPERMIC.<\/p>\n<p><strong>Correspondance particuli\u00e8re\u00a0<\/strong><\/p>\n<p><strong>Latribunedufaso.net<\/strong><\/p>\n","protected":false},"excerpt":{"rendered":"<p>L\u2019\u00e9tudiant Siaka Ciss\u00e9 a soutenu, le 22 juillet 2025, \u00e0 l\u2019Universit\u00e9 Joseph Ki-Zerbo, son m\u00e9moire de fin de cycle pour l\u2019obtention du dipl\u00f4me de Licence en Sciences de l\u2019Information et de la Communication (SIC). L\u2019\u00e9tudiant a, dans son document, analys\u00e9 le traitement de l\u2019actualit\u00e9 internationale \u00e0 Wakat S\u00e9ra, un m\u00e9dia burkinab\u00e8 en ligne. Sous la direction de Dr Dognon Lucien Batcho, Ma\u00eetre Assisant \u00e0 l\u2019Institut panafricain d\u2019\u00e9tude et de recherche sur les m\u00e9dias, l\u2019information et la communication (IPERMIC), le document de l\u2019imp\u00e9trant a \u00e9t\u00e9 valid\u00e9 par le jury qui l\u2019a sanctionn\u00e9 par la mention \u00ab tr\u00e8s bien \u00bb.<\/p>\n","protected":false},"author":5,"featured_media":22317,"comment_status":"open","ping_status":"open","sticky":false,"template":"","format":"standard","meta":{"footnotes":""},"categories":[13,1,31],"tags":[1404,39,1407,1408,1368],"class_list":["post-22315","post","type-post","status-publish","format-standard","has-post-thumbnail","hentry","category-une","category-actu","category-education","tag-ipermic","tag-latribunedufaso-net","tag-media-en-ligne-wakat-sera","tag-siaka-cisse","tag-soutenance-de-memoire"],"yoast_head":"<!-- This site is optimized with the Yoast SEO plugin v27.5 - https:\/\/yoast.com\/product\/yoast-seo-wordpress\/ -->\n<title>M\u00e9moire de fin de cycle en journalisme : L\u2019\u00e9tudiant Siaka Ciss\u00e9 porte un regard critique sur le traitement de l\u2019actualit\u00e9 internationale \u00e0 Wakat S\u00e9ra - La Tribune du Faso<\/title>\n<meta name=\"robots\" content=\"index, follow, max-snippet:-1, max-image-preview:large, max-video-preview:-1\" \/>\n<link rel=\"canonical\" href=\"https:\/\/www.latribunedufaso.net\/?p=22315\" \/>\n<meta property=\"og:locale\" content=\"fr_FR\" \/>\n<meta property=\"og:type\" content=\"article\" \/>\n<meta property=\"og:title\" content=\"M\u00e9moire de fin de cycle en journalisme : L\u2019\u00e9tudiant Siaka Ciss\u00e9 porte un regard critique sur le traitement de l\u2019actualit\u00e9 internationale \u00e0 Wakat S\u00e9ra - La Tribune du Faso\" \/>\n<meta property=\"og:description\" content=\"L\u2019\u00e9tudiant Siaka Ciss\u00e9 a soutenu, le 22 juillet 2025, \u00e0 l\u2019Universit\u00e9 Joseph Ki-Zerbo, son m\u00e9moire de fin de cycle pour l\u2019obtention du dipl\u00f4me de Licence en Sciences de l\u2019Information et de la Communication (SIC). L\u2019\u00e9tudiant a, dans son document, analys\u00e9 le traitement de l\u2019actualit\u00e9 internationale \u00e0 Wakat S\u00e9ra, un m\u00e9dia burkinab\u00e8 en ligne. Sous la direction de Dr Dognon Lucien Batcho, Ma\u00eetre Assisant \u00e0 l\u2019Institut panafricain d\u2019\u00e9tude et de recherche sur les m\u00e9dias, l\u2019information et la communication (IPERMIC), le document de l\u2019imp\u00e9trant a \u00e9t\u00e9 valid\u00e9 par le jury qui l\u2019a sanctionn\u00e9 par la mention \u00ab tr\u00e8s bien \u00bb.\" \/>\n<meta property=\"og:url\" content=\"https:\/\/www.latribunedufaso.net\/?p=22315\" \/>\n<meta property=\"og:site_name\" content=\"La Tribune du Faso\" \/>\n<meta property=\"article:publisher\" content=\"https:\/\/www.facebook.com\/LatribuneduFaso\/\" \/>\n<meta property=\"article:published_time\" content=\"2025-07-30T12:24:14+00:00\" \/>\n<meta property=\"og:image\" content=\"https:\/\/www.latribunedufaso.net\/wp-content\/uploads\/2025\/07\/IMG-20250730-WA0057.jpg\" \/>\n\t<meta property=\"og:image:width\" content=\"1080\" \/>\n\t<meta property=\"og:image:height\" content=\"720\" \/>\n\t<meta property=\"og:image:type\" content=\"image\/jpeg\" \/>\n<meta name=\"author\" content=\"Issouf Tapsoba\" \/>\n<meta name=\"twitter:label1\" content=\"\u00c9crit par\" \/>\n\t<meta name=\"twitter:data1\" content=\"Issouf Tapsoba\" \/>\n\t<meta name=\"twitter:label2\" content=\"Dur\u00e9e de lecture estim\u00e9e\" \/>\n\t<meta name=\"twitter:data2\" content=\"3 minutes\" \/>\n<script type=\"application\/ld+json\" class=\"yoast-schema-graph\">{\"@context\":\"https:\\\/\\\/schema.org\",\"@graph\":[{\"@type\":\"Article\",\"@id\":\"https:\\\/\\\/www.latribunedufaso.net\\\/?p=22315#article\",\"isPartOf\":{\"@id\":\"https:\\\/\\\/www.latribunedufaso.net\\\/?p=22315\"},\"author\":{\"name\":\"Issouf Tapsoba\",\"@id\":\"https:\\\/\\\/www.latribunedufaso.net\\\/#\\\/schema\\\/person\\\/e54e64c5778a7e72cf80a318b7a622b0\"},\"headline\":\"M\u00e9moire de fin de cycle en journalisme : L\u2019\u00e9tudiant Siaka Ciss\u00e9 porte un regard critique sur le traitement de l\u2019actualit\u00e9 internationale \u00e0 Wakat S\u00e9ra\",\"datePublished\":\"2025-07-30T12:24:14+00:00\",\"mainEntityOfPage\":{\"@id\":\"https:\\\/\\\/www.latribunedufaso.net\\\/?p=22315\"},\"wordCount\":614,\"commentCount\":0,\"publisher\":{\"@id\":\"https:\\\/\\\/www.latribunedufaso.net\\\/#organization\"},\"image\":{\"@id\":\"https:\\\/\\\/www.latribunedufaso.net\\\/?p=22315#primaryimage\"},\"thumbnailUrl\":\"https:\\\/\\\/www.latribunedufaso.net\\\/wp-content\\\/uploads\\\/2025\\\/07\\\/IMG-20250730-WA0057.jpg\",\"keywords\":[\"IPERMIC\",\"latribunedufaso.net\",\"M\u00e9dia en ligne Wakat Sera\",\"Siaka Ciss\u00e9\",\"Soutenance de m\u00e9moire\"],\"articleSection\":[\"A la une\",\"Actualit\u00e9\",\"\u00c9ducation\"],\"inLanguage\":\"fr-FR\",\"potentialAction\":[{\"@type\":\"CommentAction\",\"name\":\"Comment\",\"target\":[\"https:\\\/\\\/www.latribunedufaso.net\\\/?p=22315#respond\"]}]},{\"@type\":\"WebPage\",\"@id\":\"https:\\\/\\\/www.latribunedufaso.net\\\/?p=22315\",\"url\":\"https:\\\/\\\/www.latribunedufaso.net\\\/?p=22315\",\"name\":\"M\u00e9moire de fin de cycle en journalisme : L\u2019\u00e9tudiant Siaka Ciss\u00e9 porte un regard critique sur le traitement de l\u2019actualit\u00e9 internationale \u00e0 Wakat S\u00e9ra - La Tribune du Faso\",\"isPartOf\":{\"@id\":\"https:\\\/\\\/www.latribunedufaso.net\\\/#website\"},\"primaryImageOfPage\":{\"@id\":\"https:\\\/\\\/www.latribunedufaso.net\\\/?p=22315#primaryimage\"},\"image\":{\"@id\":\"https:\\\/\\\/www.latribunedufaso.net\\\/?p=22315#primaryimage\"},\"thumbnailUrl\":\"https:\\\/\\\/www.latribunedufaso.net\\\/wp-content\\\/uploads\\\/2025\\\/07\\\/IMG-20250730-WA0057.jpg\",\"datePublished\":\"2025-07-30T12:24:14+00:00\",\"breadcrumb\":{\"@id\":\"https:\\\/\\\/www.latribunedufaso.net\\\/?p=22315#breadcrumb\"},\"inLanguage\":\"fr-FR\",\"potentialAction\":[{\"@type\":\"ReadAction\",\"target\":[\"https:\\\/\\\/www.latribunedufaso.net\\\/?p=22315\"]}]},{\"@type\":\"ImageObject\",\"inLanguage\":\"fr-FR\",\"@id\":\"https:\\\/\\\/www.latribunedufaso.net\\\/?p=22315#primaryimage\",\"url\":\"https:\\\/\\\/www.latribunedufaso.net\\\/wp-content\\\/uploads\\\/2025\\\/07\\\/IMG-20250730-WA0057.jpg\",\"contentUrl\":\"https:\\\/\\\/www.latribunedufaso.net\\\/wp-content\\\/uploads\\\/2025\\\/07\\\/IMG-20250730-WA0057.jpg\",\"width\":1080,\"height\":720,\"caption\":\"Soutenance de m\u00e9moire de licence de Siaka Ciss\u00e9 sur le traitement de l'actualit\u00e9 internationale au m\u00e9dia en ligne Wakat Sera, 22 juillet 2025\"},{\"@type\":\"BreadcrumbList\",\"@id\":\"https:\\\/\\\/www.latribunedufaso.net\\\/?p=22315#breadcrumb\",\"itemListElement\":[{\"@type\":\"ListItem\",\"position\":1,\"name\":\"Accueil\",\"item\":\"https:\\\/\\\/www.latribunedufaso.net\\\/\"},{\"@type\":\"ListItem\",\"position\":2,\"name\":\"M\u00e9moire de fin de cycle en journalisme : L\u2019\u00e9tudiant Siaka Ciss\u00e9 porte un regard critique sur le traitement de l\u2019actualit\u00e9 internationale \u00e0 Wakat S\u00e9ra\"}]},{\"@type\":\"WebSite\",\"@id\":\"https:\\\/\\\/www.latribunedufaso.net\\\/#website\",\"url\":\"https:\\\/\\\/www.latribunedufaso.net\\\/\",\"name\":\"La Tribune du Faso\",\"description\":\"L&#039;information du monde rural en un clic\",\"publisher\":{\"@id\":\"https:\\\/\\\/www.latribunedufaso.net\\\/#organization\"},\"potentialAction\":[{\"@type\":\"SearchAction\",\"target\":{\"@type\":\"EntryPoint\",\"urlTemplate\":\"https:\\\/\\\/www.latribunedufaso.net\\\/?s={search_term_string}\"},\"query-input\":{\"@type\":\"PropertyValueSpecification\",\"valueRequired\":true,\"valueName\":\"search_term_string\"}}],\"inLanguage\":\"fr-FR\"},{\"@type\":\"Organization\",\"@id\":\"https:\\\/\\\/www.latribunedufaso.net\\\/#organization\",\"name\":\"La Tribune du Faso\",\"url\":\"https:\\\/\\\/www.latribunedufaso.net\\\/\",\"logo\":{\"@type\":\"ImageObject\",\"inLanguage\":\"fr-FR\",\"@id\":\"https:\\\/\\\/www.latribunedufaso.net\\\/#\\\/schema\\\/logo\\\/image\\\/\",\"url\":\"https:\\\/\\\/www.latribunedufaso.net\\\/wp-content\\\/uploads\\\/2020\\\/08\\\/Logo-Tribune-du-Faso-final-scaled.jpg\",\"contentUrl\":\"https:\\\/\\\/www.latribunedufaso.net\\\/wp-content\\\/uploads\\\/2020\\\/08\\\/Logo-Tribune-du-Faso-final-scaled.jpg\",\"width\":2560,\"height\":1856,\"caption\":\"La Tribune du Faso\"},\"image\":{\"@id\":\"https:\\\/\\\/www.latribunedufaso.net\\\/#\\\/schema\\\/logo\\\/image\\\/\"},\"sameAs\":[\"https:\\\/\\\/www.facebook.com\\\/LatribuneduFaso\\\/\"]},{\"@type\":\"Person\",\"@id\":\"https:\\\/\\\/www.latribunedufaso.net\\\/#\\\/schema\\\/person\\\/e54e64c5778a7e72cf80a318b7a622b0\",\"name\":\"Issouf Tapsoba\",\"image\":{\"@type\":\"ImageObject\",\"inLanguage\":\"fr-FR\",\"@id\":\"https:\\\/\\\/secure.gravatar.com\\\/avatar\\\/5e6c05150ce3230247d167f5b94d678eb05936197436d69b7921e3a95c9107ac?s=96&d=mm&r=g\",\"url\":\"https:\\\/\\\/secure.gravatar.com\\\/avatar\\\/5e6c05150ce3230247d167f5b94d678eb05936197436d69b7921e3a95c9107ac?s=96&d=mm&r=g\",\"contentUrl\":\"https:\\\/\\\/secure.gravatar.com\\\/avatar\\\/5e6c05150ce3230247d167f5b94d678eb05936197436d69b7921e3a95c9107ac?s=96&d=mm&r=g\",\"caption\":\"Issouf Tapsoba\"},\"url\":\"https:\\\/\\\/www.latribunedufaso.net\\\/?author=5\"}]}<\/script>\n<!-- \/ Yoast SEO plugin. -->","yoast_head_json":{"title":"M\u00e9moire de fin de cycle en journalisme : L\u2019\u00e9tudiant Siaka Ciss\u00e9 porte un regard critique sur le traitement de l\u2019actualit\u00e9 internationale \u00e0 Wakat S\u00e9ra - La Tribune du Faso","robots":{"index":"index","follow":"follow","max-snippet":"max-snippet:-1","max-image-preview":"max-image-preview:large","max-video-preview":"max-video-preview:-1"},"canonical":"https:\/\/www.latribunedufaso.net\/?p=22315","og_locale":"fr_FR","og_type":"article","og_title":"M\u00e9moire de fin de cycle en journalisme : L\u2019\u00e9tudiant Siaka Ciss\u00e9 porte un regard critique sur le traitement de l\u2019actualit\u00e9 internationale \u00e0 Wakat S\u00e9ra - La Tribune du Faso","og_description":"L\u2019\u00e9tudiant Siaka Ciss\u00e9 a soutenu, le 22 juillet 2025, \u00e0 l\u2019Universit\u00e9 Joseph Ki-Zerbo, son m\u00e9moire de fin de cycle pour l\u2019obtention du dipl\u00f4me de Licence en Sciences de l\u2019Information et de la Communication (SIC). L\u2019\u00e9tudiant a, dans son document, analys\u00e9 le traitement de l\u2019actualit\u00e9 internationale \u00e0 Wakat S\u00e9ra, un m\u00e9dia burkinab\u00e8 en ligne. Sous la direction de Dr Dognon Lucien Batcho, Ma\u00eetre Assisant \u00e0 l\u2019Institut panafricain d\u2019\u00e9tude et de recherche sur les m\u00e9dias, l\u2019information et la communication (IPERMIC), le document de l\u2019imp\u00e9trant a \u00e9t\u00e9 valid\u00e9 par le jury qui l\u2019a sanctionn\u00e9 par la mention \u00ab tr\u00e8s bien \u00bb.","og_url":"https:\/\/www.latribunedufaso.net\/?p=22315","og_site_name":"La Tribune du Faso","article_publisher":"https:\/\/www.facebook.com\/LatribuneduFaso\/","article_published_time":"2025-07-30T12:24:14+00:00","og_image":[{"width":1080,"height":720,"url":"https:\/\/www.latribunedufaso.net\/wp-content\/uploads\/2025\/07\/IMG-20250730-WA0057.jpg","type":"image\/jpeg"}],"author":"Issouf Tapsoba","twitter_misc":{"\u00c9crit par":"Issouf Tapsoba","Dur\u00e9e de lecture estim\u00e9e":"3 minutes"},"schema":{"@context":"https:\/\/schema.org","@graph":[{"@type":"Article","@id":"https:\/\/www.latribunedufaso.net\/?p=22315#article","isPartOf":{"@id":"https:\/\/www.latribunedufaso.net\/?p=22315"},"author":{"name":"Issouf Tapsoba","@id":"https:\/\/www.latribunedufaso.net\/#\/schema\/person\/e54e64c5778a7e72cf80a318b7a622b0"},"headline":"M\u00e9moire de fin de cycle en journalisme : L\u2019\u00e9tudiant Siaka Ciss\u00e9 porte un regard critique sur le traitement de l\u2019actualit\u00e9 internationale \u00e0 Wakat S\u00e9ra","datePublished":"2025-07-30T12:24:14+00:00","mainEntityOfPage":{"@id":"https:\/\/www.latribunedufaso.net\/?p=22315"},"wordCount":614,"commentCount":0,"publisher":{"@id":"https:\/\/www.latribunedufaso.net\/#organization"},"image":{"@id":"https:\/\/www.latribunedufaso.net\/?p=22315#primaryimage"},"thumbnailUrl":"https:\/\/www.latribunedufaso.net\/wp-content\/uploads\/2025\/07\/IMG-20250730-WA0057.jpg","keywords":["IPERMIC","latribunedufaso.net","M\u00e9dia en ligne Wakat Sera","Siaka Ciss\u00e9","Soutenance de m\u00e9moire"],"articleSection":["A la une","Actualit\u00e9","\u00c9ducation"],"inLanguage":"fr-FR","potentialAction":[{"@type":"CommentAction","name":"Comment","target":["https:\/\/www.latribunedufaso.net\/?p=22315#respond"]}]},{"@type":"WebPage","@id":"https:\/\/www.latribunedufaso.net\/?p=22315","url":"https:\/\/www.latribunedufaso.net\/?p=22315","name":"M\u00e9moire de fin de cycle en journalisme : L\u2019\u00e9tudiant Siaka Ciss\u00e9 porte un regard critique sur le traitement de l\u2019actualit\u00e9 internationale \u00e0 Wakat S\u00e9ra - La Tribune du Faso","isPartOf":{"@id":"https:\/\/www.latribunedufaso.net\/#website"},"primaryImageOfPage":{"@id":"https:\/\/www.latribunedufaso.net\/?p=22315#primaryimage"},"image":{"@id":"https:\/\/www.latribunedufaso.net\/?p=22315#primaryimage"},"thumbnailUrl":"https:\/\/www.latribunedufaso.net\/wp-content\/uploads\/2025\/07\/IMG-20250730-WA0057.jpg","datePublished":"2025-07-30T12:24:14+00:00","breadcrumb":{"@id":"https:\/\/www.latribunedufaso.net\/?p=22315#breadcrumb"},"inLanguage":"fr-FR","potentialAction":[{"@type":"ReadAction","target":["https:\/\/www.latribunedufaso.net\/?p=22315"]}]},{"@type":"ImageObject","inLanguage":"fr-FR","@id":"https:\/\/www.latribunedufaso.net\/?p=22315#primaryimage","url":"https:\/\/www.latribunedufaso.net\/wp-content\/uploads\/2025\/07\/IMG-20250730-WA0057.jpg","contentUrl":"https:\/\/www.latribunedufaso.net\/wp-content\/uploads\/2025\/07\/IMG-20250730-WA0057.jpg","width":1080,"height":720,"caption":"Soutenance de m\u00e9moire de licence de Siaka Ciss\u00e9 sur le traitement de l'actualit\u00e9 internationale au m\u00e9dia en ligne Wakat Sera, 22 juillet 2025"},{"@type":"BreadcrumbList","@id":"https:\/\/www.latribunedufaso.net\/?p=22315#breadcrumb","itemListElement":[{"@type":"ListItem","position":1,"name":"Accueil","item":"https:\/\/www.latribunedufaso.net\/"},{"@type":"ListItem","position":2,"name":"M\u00e9moire de fin de cycle en journalisme : L\u2019\u00e9tudiant Siaka Ciss\u00e9 porte un regard critique sur le traitement de l\u2019actualit\u00e9 internationale \u00e0 Wakat S\u00e9ra"}]},{"@type":"WebSite","@id":"https:\/\/www.latribunedufaso.net\/#website","url":"https:\/\/www.latribunedufaso.net\/","name":"La Tribune du Faso","description":"L&#039;information du monde rural en un clic","publisher":{"@id":"https:\/\/www.latribunedufaso.net\/#organization"},"potentialAction":[{"@type":"SearchAction","target":{"@type":"EntryPoint","urlTemplate":"https:\/\/www.latribunedufaso.net\/?s={search_term_string}"},"query-input":{"@type":"PropertyValueSpecification","valueRequired":true,"valueName":"search_term_string"}}],"inLanguage":"fr-FR"},{"@type":"Organization","@id":"https:\/\/www.latribunedufaso.net\/#organization","name":"La Tribune du Faso","url":"https:\/\/www.latribunedufaso.net\/","logo":{"@type":"ImageObject","inLanguage":"fr-FR","@id":"https:\/\/www.latribunedufaso.net\/#\/schema\/logo\/image\/","url":"https:\/\/www.latribunedufaso.net\/wp-content\/uploads\/2020\/08\/Logo-Tribune-du-Faso-final-scaled.jpg","contentUrl":"https:\/\/www.latribunedufaso.net\/wp-content\/uploads\/2020\/08\/Logo-Tribune-du-Faso-final-scaled.jpg","width":2560,"height":1856,"caption":"La Tribune du Faso"},"image":{"@id":"https:\/\/www.latribunedufaso.net\/#\/schema\/logo\/image\/"},"sameAs":["https:\/\/www.facebook.com\/LatribuneduFaso\/"]},{"@type":"Person","@id":"https:\/\/www.latribunedufaso.net\/#\/schema\/person\/e54e64c5778a7e72cf80a318b7a622b0","name":"Issouf Tapsoba","image":{"@type":"ImageObject","inLanguage":"fr-FR","@id":"https:\/\/secure.gravatar.com\/avatar\/5e6c05150ce3230247d167f5b94d678eb05936197436d69b7921e3a95c9107ac?s=96&d=mm&r=g","url":"https:\/\/secure.gravatar.com\/avatar\/5e6c05150ce3230247d167f5b94d678eb05936197436d69b7921e3a95c9107ac?s=96&d=mm&r=g","contentUrl":"https:\/\/secure.gravatar.com\/avatar\/5e6c05150ce3230247d167f5b94d678eb05936197436d69b7921e3a95c9107ac?s=96&d=mm&r=g","caption":"Issouf Tapsoba"},"url":"https:\/\/www.latribunedufaso.net\/?author=5"}]}},"_links":{"self":[{"href":"https:\/\/www.latribunedufaso.net\/index.php?rest_route=\/wp\/v2\/posts\/22315","targetHints":{"allow":["GET"]}}],"collection":[{"href":"https:\/\/www.latribunedufaso.net\/index.php?rest_route=\/wp\/v2\/posts"}],"about":[{"href":"https:\/\/www.latribunedufaso.net\/index.php?rest_route=\/wp\/v2\/types\/post"}],"author":[{"embeddable":true,"href":"https:\/\/www.latribunedufaso.net\/index.php?rest_route=\/wp\/v2\/users\/5"}],"replies":[{"embeddable":true,"href":"https:\/\/www.latribunedufaso.net\/index.php?rest_route=%2Fwp%2Fv2%2Fcomments&post=22315"}],"version-history":[{"count":2,"href":"https:\/\/www.latribunedufaso.net\/index.php?rest_route=\/wp\/v2\/posts\/22315\/revisions"}],"predecessor-version":[{"id":22320,"href":"https:\/\/www.latribunedufaso.net\/index.php?rest_route=\/wp\/v2\/posts\/22315\/revisions\/22320"}],"wp:featuredmedia":[{"embeddable":true,"href":"https:\/\/www.latribunedufaso.net\/index.php?rest_route=\/wp\/v2\/media\/22317"}],"wp:attachment":[{"href":"https:\/\/www.latribunedufaso.net\/index.php?rest_route=%2Fwp%2Fv2%2Fmedia&parent=22315"}],"wp:term":[{"taxonomy":"category","embeddable":true,"href":"https:\/\/www.latribunedufaso.net\/index.php?rest_route=%2Fwp%2Fv2%2Fcategories&post=22315"},{"taxonomy":"post_tag","embeddable":true,"href":"https:\/\/www.latribunedufaso.net\/index.php?rest_route=%2Fwp%2Fv2%2Ftags&post=22315"}],"curies":[{"name":"wp","href":"https:\/\/api.w.org\/{rel}","templated":true}]}}