{"id":22303,"date":"2025-07-30T11:33:55","date_gmt":"2025-07-30T11:33:55","guid":{"rendered":"https:\/\/www.latribunedufaso.net\/?p=22303"},"modified":"2025-09-17T17:20:04","modified_gmt":"2025-09-17T17:20:04","slug":"protection-de-lenfance-le-ministre-kabore-repond-aux-questions-des-deputes-sur-la-mise-en-oeuvre-de-la-strategie","status":"publish","type":"post","link":"https:\/\/www.latribunedufaso.net\/?p=22303","title":{"rendered":"Protection de l&rsquo;enfance : Le ministre Kabor\u00e9 r\u00e9pond aux questions des d\u00e9put\u00e9s sur la mise en \u0153uvre de la strat\u00e9gie\u00a0"},"content":{"rendered":"<p><strong>L\u2019Assembl\u00e9e l\u00e9gislative de Transition (ALT) a tenu, le 29 juillet 2025, une s\u00e9ance pl\u00e9ni\u00e8re consacr\u00e9e aux questions orales avec d\u00e9bat. Au c\u0153ur des \u00e9changes, la situation de la petite enfance au Burkina Faso \u00e0 travers trois pr\u00e9occupations majeures que sont, le bilan de la Strat\u00e9gie nationale de protection de l\u2019enfant (SNPE), l\u2019am\u00e9nagement d\u2019aires de jeux publiques et l\u2019int\u00e9gration des savoirs endog\u00e8nes dans la prise en charge des enfants. La ministre en charge de l\u2019Action humanitaire a r\u00e9pondu aux pr\u00e9occupations du d\u00e9put\u00e9 Hermann Yelkouni.<\/strong><!--more--><\/p>\n<p>Le 29 juillet 2025 \u00e0 Ouagadougou, l\u2019Assembl\u00e9e l\u00e9gislative de Transition (ALT) a tenu une s\u00e9ance pl\u00e9ni\u00e8re ax\u00e9e sur les questions orales avec d\u00e9bats autour de la mise en \u0153uvre de la Strat\u00e9gie nationale de protection de l\u2019enfant (SNPE). \u00c0 la tribune, le Commandant P\u00e9lagie Kabor\u00e9, ministre de l\u2019Action humanitaire et de la Solidarit\u00e9 nationale, a r\u00e9pondu aux pr\u00e9occupations formul\u00e9es par le d\u00e9put\u00e9 Hermann Yelkouni. La s\u00e9ance a \u00e9t\u00e9 pr\u00e9sid\u00e9e par le Premier vice-pr\u00e9sident de l\u2019ALT, Dafidi David Lompo.\u00a0<\/p>\n<figure id=\"attachment_22304\" aria-describedby=\"caption-attachment-22304\" style=\"width: 1080px\" class=\"wp-caption aligncenter\"><a href=\"https:\/\/www.latribunedufaso.net\/wp-content\/uploads\/2025\/07\/IMG-20250730-WA0046.jpg\"><img loading=\"lazy\" decoding=\"async\" class=\"size-full wp-image-22304\" src=\"https:\/\/www.latribunedufaso.net\/wp-content\/uploads\/2025\/07\/IMG-20250730-WA0046.jpg\" alt=\"Le ministre en charge de l'Action humanitaire, P\u00e9lagie Kabor\u00e9 a r\u00e9pondu aux questions des d\u00e9put\u00e9s de l'ALT sur la protection de l'enfance, 29 juillet 2025\" width=\"1080\" height=\"720\" srcset=\"https:\/\/www.latribunedufaso.net\/wp-content\/uploads\/2025\/07\/IMG-20250730-WA0046.jpg 1080w, https:\/\/www.latribunedufaso.net\/wp-content\/uploads\/2025\/07\/IMG-20250730-WA0046-300x200.jpg 300w, https:\/\/www.latribunedufaso.net\/wp-content\/uploads\/2025\/07\/IMG-20250730-WA0046-1024x683.jpg 1024w, https:\/\/www.latribunedufaso.net\/wp-content\/uploads\/2025\/07\/IMG-20250730-WA0046-768x512.jpg 768w, https:\/\/www.latribunedufaso.net\/wp-content\/uploads\/2025\/07\/IMG-20250730-WA0046-840x560.jpg 840w, https:\/\/www.latribunedufaso.net\/wp-content\/uploads\/2025\/07\/IMG-20250730-WA0046-120x80.jpg 120w, https:\/\/www.latribunedufaso.net\/wp-content\/uploads\/2025\/07\/IMG-20250730-WA0046-360x240.jpg 360w, https:\/\/www.latribunedufaso.net\/wp-content\/uploads\/2025\/07\/IMG-20250730-WA0046-600x400.jpg 600w\" sizes=\"auto, (max-width: 1080px) 100vw, 1080px\" \/><\/a><figcaption id=\"caption-attachment-22304\" class=\"wp-caption-text\">Le Premier vice-pr\u00e9sident de l\u2019ALT, Dafidi David Lompo a pr\u00e9sid\u00e9 la s\u00e9ance &#8211; Ph. DR<\/figcaption><\/figure>\n<p>Trois questions majeures ont structur\u00e9 les \u00e9changes. Il s\u2019agit de l\u2019\u00e9tat d\u2019avancement de la SNPE, de l\u2019am\u00e9nagement d\u2019aires de jeux dans les villes, et de l\u2019int\u00e9gration des valeurs endog\u00e8nes dans la prise en charge de l\u2019enfant.<\/p>\n<h3>De l\u2019\u00e9tat de la mise en \u0153uvre de la SNPE<\/h3>\n<p>Pour r\u00e9pondre \u00e0 cette question, le Commandant P\u00e9lagie Kabor\u00e9 a rappel\u00e9 que la SNPE couvrait la p\u00e9riode 2020-2024 avec pour vision : <em><strong>\u00ab \u00e0 l\u2019horizon 2024, le Burkina Faso dispose d\u2019un environnement institutionnel, communautaire et familial renforc\u00e9 qui assure une protection efficace des enfants \u00bb.<\/strong><\/em> La strat\u00e9gie s\u2019articule autour de quatre axes que sont la pr\u00e9vention de la vuln\u00e9rabilit\u00e9 des enfants, l\u2019am\u00e9lioration de l\u2019acc\u00e8s \u00e0 une prise en charge de qualit\u00e9, le renforcement des comp\u00e9tences des acteurs de la protection et le pilotage strat\u00e9gique.<\/p>\n<figure id=\"attachment_22306\" aria-describedby=\"caption-attachment-22306\" style=\"width: 1080px\" class=\"wp-caption aligncenter\"><a href=\"https:\/\/www.latribunedufaso.net\/wp-content\/uploads\/2025\/07\/IMG-20250730-WA0045.jpg\"><img loading=\"lazy\" decoding=\"async\" class=\"size-full wp-image-22306\" src=\"https:\/\/www.latribunedufaso.net\/wp-content\/uploads\/2025\/07\/IMG-20250730-WA0045.jpg\" alt=\"Le ministre en charge de l'Action humanitaire, P\u00e9lagie Kabor\u00e9 a r\u00e9pondu aux questions des d\u00e9put\u00e9s de l'ALT sur la protection de l'enfance, 29 juillet 2025\" width=\"1080\" height=\"720\" srcset=\"https:\/\/www.latribunedufaso.net\/wp-content\/uploads\/2025\/07\/IMG-20250730-WA0045.jpg 1080w, https:\/\/www.latribunedufaso.net\/wp-content\/uploads\/2025\/07\/IMG-20250730-WA0045-300x200.jpg 300w, https:\/\/www.latribunedufaso.net\/wp-content\/uploads\/2025\/07\/IMG-20250730-WA0045-1024x683.jpg 1024w, https:\/\/www.latribunedufaso.net\/wp-content\/uploads\/2025\/07\/IMG-20250730-WA0045-768x512.jpg 768w, https:\/\/www.latribunedufaso.net\/wp-content\/uploads\/2025\/07\/IMG-20250730-WA0045-840x560.jpg 840w, https:\/\/www.latribunedufaso.net\/wp-content\/uploads\/2025\/07\/IMG-20250730-WA0045-120x80.jpg 120w, https:\/\/www.latribunedufaso.net\/wp-content\/uploads\/2025\/07\/IMG-20250730-WA0045-360x240.jpg 360w, https:\/\/www.latribunedufaso.net\/wp-content\/uploads\/2025\/07\/IMG-20250730-WA0045-600x400.jpg 600w\" sizes=\"auto, (max-width: 1080px) 100vw, 1080px\" \/><\/a><figcaption id=\"caption-attachment-22306\" class=\"wp-caption-text\">Le ministre en charge de l\u2019Action humanitaire, P\u00e9lagie Kabor\u00e9 &#8211; Ph. DR<\/figcaption><\/figure>\n<p>Les acteurs de mise en \u0153uvre de la SNPE sont principalement les structures \u00e9tatiques, les ONG et associations, les organisations d\u2019enfants, ainsi que les partenaires techniques et financiers.<\/p>\n<p>En attendant l\u2019\u00e9valuation finale, des r\u00e9sultats significatifs ont \u00e9t\u00e9 enregistr\u00e9s. On note notamment 54 390 actes de naissance d\u00e9livr\u00e9s \u00e0 des personnes vuln\u00e9rables, 343 911 enfants vuln\u00e9rables soutenus dans leur scolarit\u00e9 (bourses, kits scolaires, v\u00e9los, frais), 9 400 enfants handicap\u00e9s appuy\u00e9s en mat\u00e9riel et int\u00e9gr\u00e9s au syst\u00e8me \u00e9ducatif, 4 312 enfants form\u00e9s professionnellement. On note aussi la dotation de 14 Centres d\u2019\u00e9ducation et de promotion sociale (CEPS) et de 20 cr\u00e8ches mobiles\/haltes-garderies en \u00e9quipements, l\u2019int\u00e9gration du genre et des droits de l\u2019enfant dans les plans minist\u00e9riels et la r\u00e9gularit\u00e9 des sessions de la plateforme de lutte contre le mariage d\u2019enfants.<\/p>\n<p>Le co\u00fbt cumul\u00e9 de ces actions est estim\u00e9 \u00e0 environ 79\u202f872\u202f217\u202f500 FCFA.<\/p>\n<h3>Ce qu\u2019il faut retenir sur les aires de jeux pour enfants au Burkina Faso<\/h3>\n<p>Pour ce qui concerne la deuxi\u00e8me question portant sur le bilan de l\u2019am\u00e9nagement d\u2019aires de jeu publiques pour enfants dans les plans d\u2019urbanisation du pays, le Commandant Kabor\u00e9 a signifi\u00e9 que malgr\u00e9 leur importance av\u00e9r\u00e9e pour le bien-\u00eatre, la sant\u00e9 et le d\u00e9veloppement social des enfants, les aires de jeux publiques restent tr\u00e8s peu d\u00e9velopp\u00e9es au Burkina Faso. Si leur am\u00e9nagement est th\u00e9oriquement pr\u00e9vu dans les sch\u00e9mas directeurs d\u2019urbanisation, leur concr\u00e9tisation sur le terrain reste marginale, au profit d\u2019initiatives priv\u00e9es.<\/p>\n<p>Le bilan est donc maigre, surtout au regard de la forte proportion d\u2019enfants dans la population. Elle a donc not\u00e9 la n\u00e9cessit\u00e9 de dynamiser ce domaine. Et cette dynamisation, a-t-elle pr\u00e9cis\u00e9 passe par une concertation entre les minist\u00e8res concern\u00e9s (Habitat, Administration territoriale, Sports, Action humanitaire).<\/p>\n<h3>Des valeurs endog\u00e8nes pour renforcer l\u2019\u00e9ducation des enfants<\/h3>\n<p>La troisi\u00e8me question a permis de soulever l\u2019enjeu de l\u2019\u00e9ducation bas\u00e9e sur les savoirs endog\u00e8nes. La ministre P\u00e9lagie Kabor\u00e9 a soulign\u00e9 que face \u00e0 l\u2019influence croissante des Technologies de l&rsquo;information et de la communication (TIC) et \u00e0 l\u2019atomisation des familles, l\u2019\u00e9ducation traditionnelle perd de son efficacit\u00e9, avec des cons\u00e9quences n\u00e9fastes comme la d\u00e9linquance ou le ch\u00f4mage. Elle a annonc\u00e9 plusieurs actions en cours, dont l\u2019\u00e9laboration d\u2019un manuel et d\u2019un guide sur la discipline positive, le suivi et l\u2019accompagnement des structures de garde, et la relecture des textes encadrant ces structures, pour les adapter aux r\u00e9alit\u00e9s socioculturelles du pays.<\/p>\n<h3>R\u00e9action du d\u00e9put\u00e9 Yelkouni : entre attentes et engagement<\/h3>\n<p>\u00c0 l\u2019issue de la s\u00e9ance , le d\u00e9put\u00e9 Hermann Yelkouni a livr\u00e9 ses impressions des r\u00e9ponses de la ministre. Sur la premi\u00e8re question, il a rappel\u00e9 que la SNPE \u00e9tant arriv\u00e9e \u00e0 terme en 2024, il est urgent que le gouvernement d\u00e9finisse une nouvelle orientation pour assurer la continuit\u00e9 des actions en faveur de la protection de l\u2019enfance.<\/p>\n<figure id=\"attachment_22305\" aria-describedby=\"caption-attachment-22305\" style=\"width: 1080px\" class=\"wp-caption aligncenter\"><a href=\"https:\/\/www.latribunedufaso.net\/wp-content\/uploads\/2025\/07\/IMG-20250730-WA0044.jpg\"><img loading=\"lazy\" decoding=\"async\" class=\"size-full wp-image-22305\" src=\"https:\/\/www.latribunedufaso.net\/wp-content\/uploads\/2025\/07\/IMG-20250730-WA0044.jpg\" alt=\"Le ministre en charge de l'Action humanitaire, P\u00e9lagie Kabor\u00e9 a r\u00e9pondu aux questions des d\u00e9put\u00e9s de l'ALT sur la protection de l'enfance, 29 juillet 2025\" width=\"1080\" height=\"720\" srcset=\"https:\/\/www.latribunedufaso.net\/wp-content\/uploads\/2025\/07\/IMG-20250730-WA0044.jpg 1080w, https:\/\/www.latribunedufaso.net\/wp-content\/uploads\/2025\/07\/IMG-20250730-WA0044-300x200.jpg 300w, https:\/\/www.latribunedufaso.net\/wp-content\/uploads\/2025\/07\/IMG-20250730-WA0044-1024x683.jpg 1024w, https:\/\/www.latribunedufaso.net\/wp-content\/uploads\/2025\/07\/IMG-20250730-WA0044-768x512.jpg 768w, https:\/\/www.latribunedufaso.net\/wp-content\/uploads\/2025\/07\/IMG-20250730-WA0044-840x560.jpg 840w, https:\/\/www.latribunedufaso.net\/wp-content\/uploads\/2025\/07\/IMG-20250730-WA0044-120x80.jpg 120w, https:\/\/www.latribunedufaso.net\/wp-content\/uploads\/2025\/07\/IMG-20250730-WA0044-360x240.jpg 360w, https:\/\/www.latribunedufaso.net\/wp-content\/uploads\/2025\/07\/IMG-20250730-WA0044-600x400.jpg 600w\" sizes=\"auto, (max-width: 1080px) 100vw, 1080px\" \/><\/a><figcaption id=\"caption-attachment-22305\" class=\"wp-caption-text\">Le d\u00e9put\u00e9 Hermann Yelkouni, auteur de la question &#8211; Ph. DR<\/figcaption><\/figure>\n<p>Concernant les aires de jeux, il a d\u00e9plor\u00e9 leur raret\u00e9 effective sur le terrain malgr\u00e9 leur inscription dans les plans d\u2019urbanisation. Il a point\u00e9 du doigt des d\u00e9tournements de ces espaces \u00e0 des fins commerciales (maquis, parcelles vendues) et appel\u00e9 \u00e0 une reprise en main de leur vocation premi\u00e8re.<\/p>\n<blockquote><p>\n<iframe loading=\"lazy\" width=\"560\" height=\"315\" src=\"https:\/\/www.youtube.com\/embed\/gPD43pzM5RE?si=7Ui6MNZkIXFH4g3d\" title=\"YouTube video player\" frameborder=\"0\" allow=\"accelerometer; autoplay; clipboard-write; encrypted-media; gyroscope; picture-in-picture; web-share\" referrerpolicy=\"strict-origin-when-cross-origin\" allowfullscreen><\/iframe><\/p>\n<p>Lire aussi &gt;&gt; <a href=\"https:\/\/www.latribunedufaso.net\/?p=21258\">Burkina Faso : La 35e Journ\u00e9e de l\u2019Enfant Africain sous le signe de l\u2019investissement pour l\u2019avenir<\/a><\/p>\n<\/blockquote>\n<p>Sur la derni\u00e8re question, le d\u00e9put\u00e9 a plaid\u00e9 pour une valorisation des savoirs endog\u00e8nes \u00e0 travers la relance de structures accessibles \u00e0 tous, \u00e0 l\u2019image des cadres populaires d\u2019autrefois. Il a soulign\u00e9 que la faiblesse actuelle du syst\u00e8me laisse place \u00e0 une offre quasi exclusivement priv\u00e9e, souvent inaccessible aux familles \u00e0 faibles revenus. D\u2019o\u00f9 l\u2019importance, selon lui, d\u2019outiller les communaut\u00e9s pour une meilleure prise en charge locale et inclusive des enfants.<\/p>\n<p><strong>Rosana Astride KIENDREBEOGO\u00a0<\/strong><\/p>\n<p><strong>Latribunedufaso.net<\/strong><\/p>\n","protected":false},"excerpt":{"rendered":"<p>L\u2019Assembl\u00e9e l\u00e9gislative de Transition (ALT) a tenu, le 29 juillet 2025, une s\u00e9ance pl\u00e9ni\u00e8re consacr\u00e9e aux questions orales avec d\u00e9bat. Au c\u0153ur des \u00e9changes, la situation de la petite enfance au Burkina Faso \u00e0 travers trois pr\u00e9occupations majeures que sont, le bilan de la Strat\u00e9gie nationale de protection de l\u2019enfant (SNPE), l\u2019am\u00e9nagement d\u2019aires de jeux publiques et l\u2019int\u00e9gration des savoirs endog\u00e8nes dans la prise en charge des enfants. La ministre en charge de l\u2019Action humanitaire a r\u00e9pondu aux pr\u00e9occupations du d\u00e9put\u00e9 Hermann Yelkouni.<\/p>\n","protected":false},"author":5,"featured_media":22308,"comment_status":"open","ping_status":"open","sticky":false,"template":"","format":"standard","meta":{"footnotes":""},"categories":[13,1,31],"tags":[153,39,1403],"class_list":["post-22303","post","type-post","status-publish","format-standard","has-post-thumbnail","hentry","category-une","category-actu","category-education","tag-alt","tag-latribunedufaso-net","tag-protection-de-lenfance"],"yoast_head":"<!-- This site is optimized with the Yoast SEO plugin v27.4 - https:\/\/yoast.com\/product\/yoast-seo-wordpress\/ -->\n<title>Protection de l&#039;enfance : Le ministre Kabor\u00e9 r\u00e9pond aux questions des d\u00e9put\u00e9s sur la mise en \u0153uvre de la strat\u00e9gie\u00a0 - La Tribune du Faso<\/title>\n<meta name=\"robots\" content=\"index, follow, max-snippet:-1, max-image-preview:large, max-video-preview:-1\" \/>\n<link rel=\"canonical\" href=\"https:\/\/www.latribunedufaso.net\/?p=22303\" \/>\n<meta property=\"og:locale\" content=\"fr_FR\" \/>\n<meta property=\"og:type\" content=\"article\" \/>\n<meta property=\"og:title\" content=\"Protection de l&#039;enfance : Le ministre Kabor\u00e9 r\u00e9pond aux questions des d\u00e9put\u00e9s sur la mise en \u0153uvre de la strat\u00e9gie\u00a0 - La Tribune du Faso\" \/>\n<meta property=\"og:description\" content=\"L\u2019Assembl\u00e9e l\u00e9gislative de Transition (ALT) a tenu, le 29 juillet 2025, une s\u00e9ance pl\u00e9ni\u00e8re consacr\u00e9e aux questions orales avec d\u00e9bat. Au c\u0153ur des \u00e9changes, la situation de la petite enfance au Burkina Faso \u00e0 travers trois pr\u00e9occupations majeures que sont, le bilan de la Strat\u00e9gie nationale de protection de l\u2019enfant (SNPE), l\u2019am\u00e9nagement d\u2019aires de jeux publiques et l\u2019int\u00e9gration des savoirs endog\u00e8nes dans la prise en charge des enfants. La ministre en charge de l\u2019Action humanitaire a r\u00e9pondu aux pr\u00e9occupations du d\u00e9put\u00e9 Hermann Yelkouni.\" \/>\n<meta property=\"og:url\" content=\"https:\/\/www.latribunedufaso.net\/?p=22303\" \/>\n<meta property=\"og:site_name\" content=\"La Tribune du Faso\" \/>\n<meta property=\"article:publisher\" content=\"https:\/\/www.facebook.com\/LatribuneduFaso\/\" \/>\n<meta property=\"article:published_time\" content=\"2025-07-30T11:33:55+00:00\" \/>\n<meta property=\"article:modified_time\" content=\"2025-09-17T17:20:04+00:00\" \/>\n<meta property=\"og:image\" content=\"https:\/\/www.latribunedufaso.net\/wp-content\/uploads\/2025\/07\/IMG-20250730-WA0049.jpg\" \/>\n\t<meta property=\"og:image:width\" content=\"2560\" \/>\n\t<meta property=\"og:image:height\" content=\"1918\" \/>\n\t<meta property=\"og:image:type\" content=\"image\/jpeg\" \/>\n<meta name=\"author\" content=\"Issouf Tapsoba\" \/>\n<meta name=\"twitter:label1\" content=\"\u00c9crit par\" \/>\n\t<meta name=\"twitter:data1\" content=\"Issouf Tapsoba\" \/>\n\t<meta name=\"twitter:label2\" content=\"Dur\u00e9e de lecture estim\u00e9e\" \/>\n\t<meta name=\"twitter:data2\" content=\"5 minutes\" \/>\n<script type=\"application\/ld+json\" class=\"yoast-schema-graph\">{\"@context\":\"https:\\\/\\\/schema.org\",\"@graph\":[{\"@type\":\"Article\",\"@id\":\"https:\\\/\\\/www.latribunedufaso.net\\\/?p=22303#article\",\"isPartOf\":{\"@id\":\"https:\\\/\\\/www.latribunedufaso.net\\\/?p=22303\"},\"author\":{\"name\":\"Issouf Tapsoba\",\"@id\":\"https:\\\/\\\/www.latribunedufaso.net\\\/#\\\/schema\\\/person\\\/e54e64c5778a7e72cf80a318b7a622b0\"},\"headline\":\"Protection de l&rsquo;enfance : Le ministre Kabor\u00e9 r\u00e9pond aux questions des d\u00e9put\u00e9s sur la mise en \u0153uvre de la strat\u00e9gie\u00a0\",\"datePublished\":\"2025-07-30T11:33:55+00:00\",\"dateModified\":\"2025-09-17T17:20:04+00:00\",\"mainEntityOfPage\":{\"@id\":\"https:\\\/\\\/www.latribunedufaso.net\\\/?p=22303\"},\"wordCount\":1108,\"commentCount\":0,\"publisher\":{\"@id\":\"https:\\\/\\\/www.latribunedufaso.net\\\/#organization\"},\"image\":{\"@id\":\"https:\\\/\\\/www.latribunedufaso.net\\\/?p=22303#primaryimage\"},\"thumbnailUrl\":\"https:\\\/\\\/www.latribunedufaso.net\\\/wp-content\\\/uploads\\\/2025\\\/07\\\/IMG-20250730-WA0049.jpg\",\"keywords\":[\"ALT\",\"latribunedufaso.net\",\"Protection de l'enfance\"],\"articleSection\":[\"A la une\",\"Actualit\u00e9\",\"\u00c9ducation\"],\"inLanguage\":\"fr-FR\",\"potentialAction\":[{\"@type\":\"CommentAction\",\"name\":\"Comment\",\"target\":[\"https:\\\/\\\/www.latribunedufaso.net\\\/?p=22303#respond\"]}]},{\"@type\":\"WebPage\",\"@id\":\"https:\\\/\\\/www.latribunedufaso.net\\\/?p=22303\",\"url\":\"https:\\\/\\\/www.latribunedufaso.net\\\/?p=22303\",\"name\":\"Protection de l'enfance : Le ministre Kabor\u00e9 r\u00e9pond aux questions des d\u00e9put\u00e9s sur la mise en \u0153uvre de la strat\u00e9gie\u00a0 - La Tribune du Faso\",\"isPartOf\":{\"@id\":\"https:\\\/\\\/www.latribunedufaso.net\\\/#website\"},\"primaryImageOfPage\":{\"@id\":\"https:\\\/\\\/www.latribunedufaso.net\\\/?p=22303#primaryimage\"},\"image\":{\"@id\":\"https:\\\/\\\/www.latribunedufaso.net\\\/?p=22303#primaryimage\"},\"thumbnailUrl\":\"https:\\\/\\\/www.latribunedufaso.net\\\/wp-content\\\/uploads\\\/2025\\\/07\\\/IMG-20250730-WA0049.jpg\",\"datePublished\":\"2025-07-30T11:33:55+00:00\",\"dateModified\":\"2025-09-17T17:20:04+00:00\",\"breadcrumb\":{\"@id\":\"https:\\\/\\\/www.latribunedufaso.net\\\/?p=22303#breadcrumb\"},\"inLanguage\":\"fr-FR\",\"potentialAction\":[{\"@type\":\"ReadAction\",\"target\":[\"https:\\\/\\\/www.latribunedufaso.net\\\/?p=22303\"]}]},{\"@type\":\"ImageObject\",\"inLanguage\":\"fr-FR\",\"@id\":\"https:\\\/\\\/www.latribunedufaso.net\\\/?p=22303#primaryimage\",\"url\":\"https:\\\/\\\/www.latribunedufaso.net\\\/wp-content\\\/uploads\\\/2025\\\/07\\\/IMG-20250730-WA0049.jpg\",\"contentUrl\":\"https:\\\/\\\/www.latribunedufaso.net\\\/wp-content\\\/uploads\\\/2025\\\/07\\\/IMG-20250730-WA0049.jpg\",\"width\":2560,\"height\":1918,\"caption\":\"Une vue des d\u00e9put\u00e9s lors de la s\u00e9ance - Ph. A. Kiendrebeogo\"},{\"@type\":\"BreadcrumbList\",\"@id\":\"https:\\\/\\\/www.latribunedufaso.net\\\/?p=22303#breadcrumb\",\"itemListElement\":[{\"@type\":\"ListItem\",\"position\":1,\"name\":\"Accueil\",\"item\":\"https:\\\/\\\/www.latribunedufaso.net\\\/\"},{\"@type\":\"ListItem\",\"position\":2,\"name\":\"Protection de l&rsquo;enfance : Le ministre Kabor\u00e9 r\u00e9pond aux questions des d\u00e9put\u00e9s sur la mise en \u0153uvre de la strat\u00e9gie\u00a0\"}]},{\"@type\":\"WebSite\",\"@id\":\"https:\\\/\\\/www.latribunedufaso.net\\\/#website\",\"url\":\"https:\\\/\\\/www.latribunedufaso.net\\\/\",\"name\":\"La Tribune du Faso\",\"description\":\"L&#039;information du monde rural en un clic\",\"publisher\":{\"@id\":\"https:\\\/\\\/www.latribunedufaso.net\\\/#organization\"},\"potentialAction\":[{\"@type\":\"SearchAction\",\"target\":{\"@type\":\"EntryPoint\",\"urlTemplate\":\"https:\\\/\\\/www.latribunedufaso.net\\\/?s={search_term_string}\"},\"query-input\":{\"@type\":\"PropertyValueSpecification\",\"valueRequired\":true,\"valueName\":\"search_term_string\"}}],\"inLanguage\":\"fr-FR\"},{\"@type\":\"Organization\",\"@id\":\"https:\\\/\\\/www.latribunedufaso.net\\\/#organization\",\"name\":\"La Tribune du Faso\",\"url\":\"https:\\\/\\\/www.latribunedufaso.net\\\/\",\"logo\":{\"@type\":\"ImageObject\",\"inLanguage\":\"fr-FR\",\"@id\":\"https:\\\/\\\/www.latribunedufaso.net\\\/#\\\/schema\\\/logo\\\/image\\\/\",\"url\":\"https:\\\/\\\/www.latribunedufaso.net\\\/wp-content\\\/uploads\\\/2020\\\/08\\\/Logo-Tribune-du-Faso-final-scaled.jpg\",\"contentUrl\":\"https:\\\/\\\/www.latribunedufaso.net\\\/wp-content\\\/uploads\\\/2020\\\/08\\\/Logo-Tribune-du-Faso-final-scaled.jpg\",\"width\":2560,\"height\":1856,\"caption\":\"La Tribune du Faso\"},\"image\":{\"@id\":\"https:\\\/\\\/www.latribunedufaso.net\\\/#\\\/schema\\\/logo\\\/image\\\/\"},\"sameAs\":[\"https:\\\/\\\/www.facebook.com\\\/LatribuneduFaso\\\/\"]},{\"@type\":\"Person\",\"@id\":\"https:\\\/\\\/www.latribunedufaso.net\\\/#\\\/schema\\\/person\\\/e54e64c5778a7e72cf80a318b7a622b0\",\"name\":\"Issouf Tapsoba\",\"image\":{\"@type\":\"ImageObject\",\"inLanguage\":\"fr-FR\",\"@id\":\"https:\\\/\\\/secure.gravatar.com\\\/avatar\\\/5e6c05150ce3230247d167f5b94d678eb05936197436d69b7921e3a95c9107ac?s=96&d=mm&r=g\",\"url\":\"https:\\\/\\\/secure.gravatar.com\\\/avatar\\\/5e6c05150ce3230247d167f5b94d678eb05936197436d69b7921e3a95c9107ac?s=96&d=mm&r=g\",\"contentUrl\":\"https:\\\/\\\/secure.gravatar.com\\\/avatar\\\/5e6c05150ce3230247d167f5b94d678eb05936197436d69b7921e3a95c9107ac?s=96&d=mm&r=g\",\"caption\":\"Issouf Tapsoba\"},\"url\":\"https:\\\/\\\/www.latribunedufaso.net\\\/?author=5\"}]}<\/script>\n<!-- \/ Yoast SEO plugin. -->","yoast_head_json":{"title":"Protection de l'enfance : Le ministre Kabor\u00e9 r\u00e9pond aux questions des d\u00e9put\u00e9s sur la mise en \u0153uvre de la strat\u00e9gie\u00a0 - La Tribune du Faso","robots":{"index":"index","follow":"follow","max-snippet":"max-snippet:-1","max-image-preview":"max-image-preview:large","max-video-preview":"max-video-preview:-1"},"canonical":"https:\/\/www.latribunedufaso.net\/?p=22303","og_locale":"fr_FR","og_type":"article","og_title":"Protection de l'enfance : Le ministre Kabor\u00e9 r\u00e9pond aux questions des d\u00e9put\u00e9s sur la mise en \u0153uvre de la strat\u00e9gie\u00a0 - La Tribune du Faso","og_description":"L\u2019Assembl\u00e9e l\u00e9gislative de Transition (ALT) a tenu, le 29 juillet 2025, une s\u00e9ance pl\u00e9ni\u00e8re consacr\u00e9e aux questions orales avec d\u00e9bat. Au c\u0153ur des \u00e9changes, la situation de la petite enfance au Burkina Faso \u00e0 travers trois pr\u00e9occupations majeures que sont, le bilan de la Strat\u00e9gie nationale de protection de l\u2019enfant (SNPE), l\u2019am\u00e9nagement d\u2019aires de jeux publiques et l\u2019int\u00e9gration des savoirs endog\u00e8nes dans la prise en charge des enfants. La ministre en charge de l\u2019Action humanitaire a r\u00e9pondu aux pr\u00e9occupations du d\u00e9put\u00e9 Hermann Yelkouni.","og_url":"https:\/\/www.latribunedufaso.net\/?p=22303","og_site_name":"La Tribune du Faso","article_publisher":"https:\/\/www.facebook.com\/LatribuneduFaso\/","article_published_time":"2025-07-30T11:33:55+00:00","article_modified_time":"2025-09-17T17:20:04+00:00","og_image":[{"width":2560,"height":1918,"url":"https:\/\/www.latribunedufaso.net\/wp-content\/uploads\/2025\/07\/IMG-20250730-WA0049.jpg","type":"image\/jpeg"}],"author":"Issouf Tapsoba","twitter_misc":{"\u00c9crit par":"Issouf Tapsoba","Dur\u00e9e de lecture estim\u00e9e":"5 minutes"},"schema":{"@context":"https:\/\/schema.org","@graph":[{"@type":"Article","@id":"https:\/\/www.latribunedufaso.net\/?p=22303#article","isPartOf":{"@id":"https:\/\/www.latribunedufaso.net\/?p=22303"},"author":{"name":"Issouf Tapsoba","@id":"https:\/\/www.latribunedufaso.net\/#\/schema\/person\/e54e64c5778a7e72cf80a318b7a622b0"},"headline":"Protection de l&rsquo;enfance : Le ministre Kabor\u00e9 r\u00e9pond aux questions des d\u00e9put\u00e9s sur la mise en \u0153uvre de la strat\u00e9gie\u00a0","datePublished":"2025-07-30T11:33:55+00:00","dateModified":"2025-09-17T17:20:04+00:00","mainEntityOfPage":{"@id":"https:\/\/www.latribunedufaso.net\/?p=22303"},"wordCount":1108,"commentCount":0,"publisher":{"@id":"https:\/\/www.latribunedufaso.net\/#organization"},"image":{"@id":"https:\/\/www.latribunedufaso.net\/?p=22303#primaryimage"},"thumbnailUrl":"https:\/\/www.latribunedufaso.net\/wp-content\/uploads\/2025\/07\/IMG-20250730-WA0049.jpg","keywords":["ALT","latribunedufaso.net","Protection de l'enfance"],"articleSection":["A la une","Actualit\u00e9","\u00c9ducation"],"inLanguage":"fr-FR","potentialAction":[{"@type":"CommentAction","name":"Comment","target":["https:\/\/www.latribunedufaso.net\/?p=22303#respond"]}]},{"@type":"WebPage","@id":"https:\/\/www.latribunedufaso.net\/?p=22303","url":"https:\/\/www.latribunedufaso.net\/?p=22303","name":"Protection de l'enfance : Le ministre Kabor\u00e9 r\u00e9pond aux questions des d\u00e9put\u00e9s sur la mise en \u0153uvre de la strat\u00e9gie\u00a0 - La Tribune du Faso","isPartOf":{"@id":"https:\/\/www.latribunedufaso.net\/#website"},"primaryImageOfPage":{"@id":"https:\/\/www.latribunedufaso.net\/?p=22303#primaryimage"},"image":{"@id":"https:\/\/www.latribunedufaso.net\/?p=22303#primaryimage"},"thumbnailUrl":"https:\/\/www.latribunedufaso.net\/wp-content\/uploads\/2025\/07\/IMG-20250730-WA0049.jpg","datePublished":"2025-07-30T11:33:55+00:00","dateModified":"2025-09-17T17:20:04+00:00","breadcrumb":{"@id":"https:\/\/www.latribunedufaso.net\/?p=22303#breadcrumb"},"inLanguage":"fr-FR","potentialAction":[{"@type":"ReadAction","target":["https:\/\/www.latribunedufaso.net\/?p=22303"]}]},{"@type":"ImageObject","inLanguage":"fr-FR","@id":"https:\/\/www.latribunedufaso.net\/?p=22303#primaryimage","url":"https:\/\/www.latribunedufaso.net\/wp-content\/uploads\/2025\/07\/IMG-20250730-WA0049.jpg","contentUrl":"https:\/\/www.latribunedufaso.net\/wp-content\/uploads\/2025\/07\/IMG-20250730-WA0049.jpg","width":2560,"height":1918,"caption":"Une vue des d\u00e9put\u00e9s lors de la s\u00e9ance - Ph. A. Kiendrebeogo"},{"@type":"BreadcrumbList","@id":"https:\/\/www.latribunedufaso.net\/?p=22303#breadcrumb","itemListElement":[{"@type":"ListItem","position":1,"name":"Accueil","item":"https:\/\/www.latribunedufaso.net\/"},{"@type":"ListItem","position":2,"name":"Protection de l&rsquo;enfance : Le ministre Kabor\u00e9 r\u00e9pond aux questions des d\u00e9put\u00e9s sur la mise en \u0153uvre de la strat\u00e9gie\u00a0"}]},{"@type":"WebSite","@id":"https:\/\/www.latribunedufaso.net\/#website","url":"https:\/\/www.latribunedufaso.net\/","name":"La Tribune du Faso","description":"L&#039;information du monde rural en un clic","publisher":{"@id":"https:\/\/www.latribunedufaso.net\/#organization"},"potentialAction":[{"@type":"SearchAction","target":{"@type":"EntryPoint","urlTemplate":"https:\/\/www.latribunedufaso.net\/?s={search_term_string}"},"query-input":{"@type":"PropertyValueSpecification","valueRequired":true,"valueName":"search_term_string"}}],"inLanguage":"fr-FR"},{"@type":"Organization","@id":"https:\/\/www.latribunedufaso.net\/#organization","name":"La Tribune du Faso","url":"https:\/\/www.latribunedufaso.net\/","logo":{"@type":"ImageObject","inLanguage":"fr-FR","@id":"https:\/\/www.latribunedufaso.net\/#\/schema\/logo\/image\/","url":"https:\/\/www.latribunedufaso.net\/wp-content\/uploads\/2020\/08\/Logo-Tribune-du-Faso-final-scaled.jpg","contentUrl":"https:\/\/www.latribunedufaso.net\/wp-content\/uploads\/2020\/08\/Logo-Tribune-du-Faso-final-scaled.jpg","width":2560,"height":1856,"caption":"La Tribune du Faso"},"image":{"@id":"https:\/\/www.latribunedufaso.net\/#\/schema\/logo\/image\/"},"sameAs":["https:\/\/www.facebook.com\/LatribuneduFaso\/"]},{"@type":"Person","@id":"https:\/\/www.latribunedufaso.net\/#\/schema\/person\/e54e64c5778a7e72cf80a318b7a622b0","name":"Issouf Tapsoba","image":{"@type":"ImageObject","inLanguage":"fr-FR","@id":"https:\/\/secure.gravatar.com\/avatar\/5e6c05150ce3230247d167f5b94d678eb05936197436d69b7921e3a95c9107ac?s=96&d=mm&r=g","url":"https:\/\/secure.gravatar.com\/avatar\/5e6c05150ce3230247d167f5b94d678eb05936197436d69b7921e3a95c9107ac?s=96&d=mm&r=g","contentUrl":"https:\/\/secure.gravatar.com\/avatar\/5e6c05150ce3230247d167f5b94d678eb05936197436d69b7921e3a95c9107ac?s=96&d=mm&r=g","caption":"Issouf Tapsoba"},"url":"https:\/\/www.latribunedufaso.net\/?author=5"}]}},"_links":{"self":[{"href":"https:\/\/www.latribunedufaso.net\/index.php?rest_route=\/wp\/v2\/posts\/22303","targetHints":{"allow":["GET"]}}],"collection":[{"href":"https:\/\/www.latribunedufaso.net\/index.php?rest_route=\/wp\/v2\/posts"}],"about":[{"href":"https:\/\/www.latribunedufaso.net\/index.php?rest_route=\/wp\/v2\/types\/post"}],"author":[{"embeddable":true,"href":"https:\/\/www.latribunedufaso.net\/index.php?rest_route=\/wp\/v2\/users\/5"}],"replies":[{"embeddable":true,"href":"https:\/\/www.latribunedufaso.net\/index.php?rest_route=%2Fwp%2Fv2%2Fcomments&post=22303"}],"version-history":[{"count":3,"href":"https:\/\/www.latribunedufaso.net\/index.php?rest_route=\/wp\/v2\/posts\/22303\/revisions"}],"predecessor-version":[{"id":23596,"href":"https:\/\/www.latribunedufaso.net\/index.php?rest_route=\/wp\/v2\/posts\/22303\/revisions\/23596"}],"wp:featuredmedia":[{"embeddable":true,"href":"https:\/\/www.latribunedufaso.net\/index.php?rest_route=\/wp\/v2\/media\/22308"}],"wp:attachment":[{"href":"https:\/\/www.latribunedufaso.net\/index.php?rest_route=%2Fwp%2Fv2%2Fmedia&parent=22303"}],"wp:term":[{"taxonomy":"category","embeddable":true,"href":"https:\/\/www.latribunedufaso.net\/index.php?rest_route=%2Fwp%2Fv2%2Fcategories&post=22303"},{"taxonomy":"post_tag","embeddable":true,"href":"https:\/\/www.latribunedufaso.net\/index.php?rest_route=%2Fwp%2Fv2%2Ftags&post=22303"}],"curies":[{"name":"wp","href":"https:\/\/api.w.org\/{rel}","templated":true}]}}