{"id":22268,"date":"2025-07-29T15:22:38","date_gmt":"2025-07-29T15:22:38","guid":{"rendered":"https:\/\/www.latribunedufaso.net\/?p=22268"},"modified":"2025-07-29T15:26:31","modified_gmt":"2025-07-29T15:26:31","slug":"deces-de-alino-faso-les-autorites-ivoiriennes-presentent-leurs-condoleances-au-burkina-faso","status":"publish","type":"post","link":"https:\/\/www.latribunedufaso.net\/?p=22268","title":{"rendered":"D\u00e9c\u00e8s de Alino Faso : Les autorit\u00e9s ivoiriennes pr\u00e9sentent leurs condol\u00e9ances au Burkina Faso\u00a0"},"content":{"rendered":"<p><strong><a href=\"https:\/\/www.latribunedufaso.net\/?p=22252\">Apr\u00e8s la d\u00e9nonciation officielle des autorit\u00e9s burkinab\u00e8<\/a> du d\u00e9c\u00e8s jug\u00e9s <em>\u00ab obscure \u00bb<\/em> d&rsquo;Alino Faso, de son vrai nom, Alain Christophe Traor\u00e9, les autorit\u00e9s ivoiriennes ont contact\u00e9 leurs homologues du Burkina Faso, ce 29 juillet 2025, selon l&rsquo;AIB.\u00a0<\/strong><!--more--><\/p>\n<p>\u200eElles leur ont adress\u00e9 leurs condol\u00e9ances tout en r\u00e9affirmant la d\u00e9claration du Procureur de la R\u00e9publique de C\u00f4te d&rsquo;Ivoire sur les circonstances du d\u00e9c\u00e8s.\u00a0<\/p>\n<p>\u200eSelon cette d\u00e9claration, Alino Faso se serait suicider \u00ab par pendaison \u00e0 l\u2019aide d\u2019un drap de lit, apr\u00e8s une tentative infructueuse de mutilation des veines \u00bb.<\/p>\n<p>\u200ePar ailleurs, les autorit\u00e9s ivoiriennes se sont engag\u00e9es \u00e0 communiquer les r\u00e9sultats complets de l\u2019enqu\u00eate en cours d\u00e8s qu\u2019ils seront disponibles, dans un esprit de fraternit\u00e9 et de transparence.<\/p>\n<p><strong>\u200eLatribunedufaso.net<\/strong><\/p>\n<p><strong>\u200eSource : AIB<\/strong><\/p>\n","protected":false},"excerpt":{"rendered":"<p>Apr\u00e8s la d\u00e9nonciation officielle des autorit\u00e9s burkinab\u00e8 du d\u00e9c\u00e8s jug\u00e9s \u00ab obscure \u00bb d&rsquo;Alino Faso, de son vrai nom, Alain Christophe Traor\u00e9, les autorit\u00e9s ivoiriennes ont contact\u00e9 leurs homologues du Burkina Faso, ce 29 juillet 2025, selon l&rsquo;AIB.\u00a0<\/p>\n","protected":false},"author":5,"featured_media":18229,"comment_status":"open","ping_status":"open","sticky":false,"template":"","format":"standard","meta":{"footnotes":""},"categories":[13,1,8],"tags":[1390,625,39],"class_list":["post-22268","post","type-post","status-publish","format-standard","has-post-thumbnail","hentry","category-une","category-actu","category-societe","tag-cooperation-burkina-cote-divoire","tag-disparition-alino-faso","tag-latribunedufaso-net"],"yoast_head":"<!-- This site is optimized with the Yoast SEO plugin v27.5 - https:\/\/yoast.com\/product\/yoast-seo-wordpress\/ -->\n<title>D\u00e9c\u00e8s de Alino Faso : Les autorit\u00e9s ivoiriennes pr\u00e9sentent leurs condol\u00e9ances au Burkina Faso\u00a0 - La Tribune du Faso<\/title>\n<meta name=\"robots\" content=\"index, follow, max-snippet:-1, max-image-preview:large, max-video-preview:-1\" \/>\n<link rel=\"canonical\" href=\"https:\/\/www.latribunedufaso.net\/?p=22268\" \/>\n<meta property=\"og:locale\" content=\"fr_FR\" \/>\n<meta property=\"og:type\" content=\"article\" \/>\n<meta property=\"og:title\" content=\"D\u00e9c\u00e8s de Alino Faso : Les autorit\u00e9s ivoiriennes pr\u00e9sentent leurs condol\u00e9ances au Burkina Faso\u00a0 - La Tribune du Faso\" \/>\n<meta property=\"og:description\" content=\"Apr\u00e8s la d\u00e9nonciation officielle des autorit\u00e9s burkinab\u00e8 du d\u00e9c\u00e8s jug\u00e9s \u00ab obscure \u00bb d&rsquo;Alino Faso, de son vrai nom, Alain Christophe Traor\u00e9, les autorit\u00e9s ivoiriennes ont contact\u00e9 leurs homologues du Burkina Faso, ce 29 juillet 2025, selon l&rsquo;AIB.\u00a0\" \/>\n<meta property=\"og:url\" content=\"https:\/\/www.latribunedufaso.net\/?p=22268\" \/>\n<meta property=\"og:site_name\" content=\"La Tribune du Faso\" \/>\n<meta property=\"article:publisher\" content=\"https:\/\/www.facebook.com\/LatribuneduFaso\/\" \/>\n<meta property=\"article:published_time\" content=\"2025-07-29T15:22:38+00:00\" \/>\n<meta property=\"article:modified_time\" content=\"2025-07-29T15:26:31+00:00\" \/>\n<meta property=\"og:image\" content=\"https:\/\/www.latribunedufaso.net\/wp-content\/uploads\/2025\/01\/CDCE523C-4272-4623-A794-DB9FA22B0758.jpeg\" \/>\n\t<meta property=\"og:image:width\" content=\"640\" \/>\n\t<meta property=\"og:image:height\" content=\"439\" \/>\n\t<meta property=\"og:image:type\" content=\"image\/jpeg\" \/>\n<meta name=\"author\" content=\"Issouf Tapsoba\" \/>\n<meta name=\"twitter:label1\" content=\"\u00c9crit par\" \/>\n\t<meta name=\"twitter:data1\" content=\"Issouf Tapsoba\" \/>\n\t<meta name=\"twitter:label2\" content=\"Dur\u00e9e de lecture estim\u00e9e\" \/>\n\t<meta name=\"twitter:data2\" content=\"1 minute\" \/>\n<script type=\"application\/ld+json\" class=\"yoast-schema-graph\">{\"@context\":\"https:\\\/\\\/schema.org\",\"@graph\":[{\"@type\":\"Article\",\"@id\":\"https:\\\/\\\/www.latribunedufaso.net\\\/?p=22268#article\",\"isPartOf\":{\"@id\":\"https:\\\/\\\/www.latribunedufaso.net\\\/?p=22268\"},\"author\":{\"name\":\"Issouf Tapsoba\",\"@id\":\"https:\\\/\\\/www.latribunedufaso.net\\\/#\\\/schema\\\/person\\\/e54e64c5778a7e72cf80a318b7a622b0\"},\"headline\":\"D\u00e9c\u00e8s de Alino Faso : Les autorit\u00e9s ivoiriennes pr\u00e9sentent leurs condol\u00e9ances au Burkina Faso\u00a0\",\"datePublished\":\"2025-07-29T15:22:38+00:00\",\"dateModified\":\"2025-07-29T15:26:31+00:00\",\"mainEntityOfPage\":{\"@id\":\"https:\\\/\\\/www.latribunedufaso.net\\\/?p=22268\"},\"wordCount\":159,\"commentCount\":0,\"publisher\":{\"@id\":\"https:\\\/\\\/www.latribunedufaso.net\\\/#organization\"},\"image\":{\"@id\":\"https:\\\/\\\/www.latribunedufaso.net\\\/?p=22268#primaryimage\"},\"thumbnailUrl\":\"https:\\\/\\\/www.latribunedufaso.net\\\/wp-content\\\/uploads\\\/2025\\\/01\\\/CDCE523C-4272-4623-A794-DB9FA22B0758.jpeg\",\"keywords\":[\"Coop\u00e9ration Burkina-C\u00f4te d'Ivoire\",\"Disparition Alino Faso\",\"latribunedufaso.net\"],\"articleSection\":[\"A la une\",\"Actualit\u00e9\",\"Soci\u00e9t\u00e9\"],\"inLanguage\":\"fr-FR\",\"potentialAction\":[{\"@type\":\"CommentAction\",\"name\":\"Comment\",\"target\":[\"https:\\\/\\\/www.latribunedufaso.net\\\/?p=22268#respond\"]}]},{\"@type\":\"WebPage\",\"@id\":\"https:\\\/\\\/www.latribunedufaso.net\\\/?p=22268\",\"url\":\"https:\\\/\\\/www.latribunedufaso.net\\\/?p=22268\",\"name\":\"D\u00e9c\u00e8s de Alino Faso : Les autorit\u00e9s ivoiriennes pr\u00e9sentent leurs condol\u00e9ances au Burkina Faso\u00a0 - La Tribune du Faso\",\"isPartOf\":{\"@id\":\"https:\\\/\\\/www.latribunedufaso.net\\\/#website\"},\"primaryImageOfPage\":{\"@id\":\"https:\\\/\\\/www.latribunedufaso.net\\\/?p=22268#primaryimage\"},\"image\":{\"@id\":\"https:\\\/\\\/www.latribunedufaso.net\\\/?p=22268#primaryimage\"},\"thumbnailUrl\":\"https:\\\/\\\/www.latribunedufaso.net\\\/wp-content\\\/uploads\\\/2025\\\/01\\\/CDCE523C-4272-4623-A794-DB9FA22B0758.jpeg\",\"datePublished\":\"2025-07-29T15:22:38+00:00\",\"dateModified\":\"2025-07-29T15:26:31+00:00\",\"breadcrumb\":{\"@id\":\"https:\\\/\\\/www.latribunedufaso.net\\\/?p=22268#breadcrumb\"},\"inLanguage\":\"fr-FR\",\"potentialAction\":[{\"@type\":\"ReadAction\",\"target\":[\"https:\\\/\\\/www.latribunedufaso.net\\\/?p=22268\"]}]},{\"@type\":\"ImageObject\",\"inLanguage\":\"fr-FR\",\"@id\":\"https:\\\/\\\/www.latribunedufaso.net\\\/?p=22268#primaryimage\",\"url\":\"https:\\\/\\\/www.latribunedufaso.net\\\/wp-content\\\/uploads\\\/2025\\\/01\\\/CDCE523C-4272-4623-A794-DB9FA22B0758.jpeg\",\"contentUrl\":\"https:\\\/\\\/www.latribunedufaso.net\\\/wp-content\\\/uploads\\\/2025\\\/01\\\/CDCE523C-4272-4623-A794-DB9FA22B0758.jpeg\",\"width\":640,\"height\":439,\"caption\":\"Image illustration Alain Traor\u00e9 dit Alino Faso\"},{\"@type\":\"BreadcrumbList\",\"@id\":\"https:\\\/\\\/www.latribunedufaso.net\\\/?p=22268#breadcrumb\",\"itemListElement\":[{\"@type\":\"ListItem\",\"position\":1,\"name\":\"Accueil\",\"item\":\"https:\\\/\\\/www.latribunedufaso.net\\\/\"},{\"@type\":\"ListItem\",\"position\":2,\"name\":\"D\u00e9c\u00e8s de Alino Faso : Les autorit\u00e9s ivoiriennes pr\u00e9sentent leurs condol\u00e9ances au Burkina Faso\u00a0\"}]},{\"@type\":\"WebSite\",\"@id\":\"https:\\\/\\\/www.latribunedufaso.net\\\/#website\",\"url\":\"https:\\\/\\\/www.latribunedufaso.net\\\/\",\"name\":\"La Tribune du Faso\",\"description\":\"L&#039;information du monde rural en un clic\",\"publisher\":{\"@id\":\"https:\\\/\\\/www.latribunedufaso.net\\\/#organization\"},\"potentialAction\":[{\"@type\":\"SearchAction\",\"target\":{\"@type\":\"EntryPoint\",\"urlTemplate\":\"https:\\\/\\\/www.latribunedufaso.net\\\/?s={search_term_string}\"},\"query-input\":{\"@type\":\"PropertyValueSpecification\",\"valueRequired\":true,\"valueName\":\"search_term_string\"}}],\"inLanguage\":\"fr-FR\"},{\"@type\":\"Organization\",\"@id\":\"https:\\\/\\\/www.latribunedufaso.net\\\/#organization\",\"name\":\"La Tribune du Faso\",\"url\":\"https:\\\/\\\/www.latribunedufaso.net\\\/\",\"logo\":{\"@type\":\"ImageObject\",\"inLanguage\":\"fr-FR\",\"@id\":\"https:\\\/\\\/www.latribunedufaso.net\\\/#\\\/schema\\\/logo\\\/image\\\/\",\"url\":\"https:\\\/\\\/www.latribunedufaso.net\\\/wp-content\\\/uploads\\\/2020\\\/08\\\/Logo-Tribune-du-Faso-final-scaled.jpg\",\"contentUrl\":\"https:\\\/\\\/www.latribunedufaso.net\\\/wp-content\\\/uploads\\\/2020\\\/08\\\/Logo-Tribune-du-Faso-final-scaled.jpg\",\"width\":2560,\"height\":1856,\"caption\":\"La Tribune du Faso\"},\"image\":{\"@id\":\"https:\\\/\\\/www.latribunedufaso.net\\\/#\\\/schema\\\/logo\\\/image\\\/\"},\"sameAs\":[\"https:\\\/\\\/www.facebook.com\\\/LatribuneduFaso\\\/\"]},{\"@type\":\"Person\",\"@id\":\"https:\\\/\\\/www.latribunedufaso.net\\\/#\\\/schema\\\/person\\\/e54e64c5778a7e72cf80a318b7a622b0\",\"name\":\"Issouf Tapsoba\",\"image\":{\"@type\":\"ImageObject\",\"inLanguage\":\"fr-FR\",\"@id\":\"https:\\\/\\\/secure.gravatar.com\\\/avatar\\\/5e6c05150ce3230247d167f5b94d678eb05936197436d69b7921e3a95c9107ac?s=96&d=mm&r=g\",\"url\":\"https:\\\/\\\/secure.gravatar.com\\\/avatar\\\/5e6c05150ce3230247d167f5b94d678eb05936197436d69b7921e3a95c9107ac?s=96&d=mm&r=g\",\"contentUrl\":\"https:\\\/\\\/secure.gravatar.com\\\/avatar\\\/5e6c05150ce3230247d167f5b94d678eb05936197436d69b7921e3a95c9107ac?s=96&d=mm&r=g\",\"caption\":\"Issouf Tapsoba\"},\"url\":\"https:\\\/\\\/www.latribunedufaso.net\\\/?author=5\"}]}<\/script>\n<!-- \/ Yoast SEO plugin. -->","yoast_head_json":{"title":"D\u00e9c\u00e8s de Alino Faso : Les autorit\u00e9s ivoiriennes pr\u00e9sentent leurs condol\u00e9ances au Burkina Faso\u00a0 - La Tribune du Faso","robots":{"index":"index","follow":"follow","max-snippet":"max-snippet:-1","max-image-preview":"max-image-preview:large","max-video-preview":"max-video-preview:-1"},"canonical":"https:\/\/www.latribunedufaso.net\/?p=22268","og_locale":"fr_FR","og_type":"article","og_title":"D\u00e9c\u00e8s de Alino Faso : Les autorit\u00e9s ivoiriennes pr\u00e9sentent leurs condol\u00e9ances au Burkina Faso\u00a0 - La Tribune du Faso","og_description":"Apr\u00e8s la d\u00e9nonciation officielle des autorit\u00e9s burkinab\u00e8 du d\u00e9c\u00e8s jug\u00e9s \u00ab obscure \u00bb d&rsquo;Alino Faso, de son vrai nom, Alain Christophe Traor\u00e9, les autorit\u00e9s ivoiriennes ont contact\u00e9 leurs homologues du Burkina Faso, ce 29 juillet 2025, selon l&rsquo;AIB.\u00a0","og_url":"https:\/\/www.latribunedufaso.net\/?p=22268","og_site_name":"La Tribune du Faso","article_publisher":"https:\/\/www.facebook.com\/LatribuneduFaso\/","article_published_time":"2025-07-29T15:22:38+00:00","article_modified_time":"2025-07-29T15:26:31+00:00","og_image":[{"width":640,"height":439,"url":"https:\/\/www.latribunedufaso.net\/wp-content\/uploads\/2025\/01\/CDCE523C-4272-4623-A794-DB9FA22B0758.jpeg","type":"image\/jpeg"}],"author":"Issouf Tapsoba","twitter_misc":{"\u00c9crit par":"Issouf Tapsoba","Dur\u00e9e de lecture estim\u00e9e":"1 minute"},"schema":{"@context":"https:\/\/schema.org","@graph":[{"@type":"Article","@id":"https:\/\/www.latribunedufaso.net\/?p=22268#article","isPartOf":{"@id":"https:\/\/www.latribunedufaso.net\/?p=22268"},"author":{"name":"Issouf Tapsoba","@id":"https:\/\/www.latribunedufaso.net\/#\/schema\/person\/e54e64c5778a7e72cf80a318b7a622b0"},"headline":"D\u00e9c\u00e8s de Alino Faso : Les autorit\u00e9s ivoiriennes pr\u00e9sentent leurs condol\u00e9ances au Burkina Faso\u00a0","datePublished":"2025-07-29T15:22:38+00:00","dateModified":"2025-07-29T15:26:31+00:00","mainEntityOfPage":{"@id":"https:\/\/www.latribunedufaso.net\/?p=22268"},"wordCount":159,"commentCount":0,"publisher":{"@id":"https:\/\/www.latribunedufaso.net\/#organization"},"image":{"@id":"https:\/\/www.latribunedufaso.net\/?p=22268#primaryimage"},"thumbnailUrl":"https:\/\/www.latribunedufaso.net\/wp-content\/uploads\/2025\/01\/CDCE523C-4272-4623-A794-DB9FA22B0758.jpeg","keywords":["Coop\u00e9ration Burkina-C\u00f4te d'Ivoire","Disparition Alino Faso","latribunedufaso.net"],"articleSection":["A la une","Actualit\u00e9","Soci\u00e9t\u00e9"],"inLanguage":"fr-FR","potentialAction":[{"@type":"CommentAction","name":"Comment","target":["https:\/\/www.latribunedufaso.net\/?p=22268#respond"]}]},{"@type":"WebPage","@id":"https:\/\/www.latribunedufaso.net\/?p=22268","url":"https:\/\/www.latribunedufaso.net\/?p=22268","name":"D\u00e9c\u00e8s de Alino Faso : Les autorit\u00e9s ivoiriennes pr\u00e9sentent leurs condol\u00e9ances au Burkina Faso\u00a0 - La Tribune du Faso","isPartOf":{"@id":"https:\/\/www.latribunedufaso.net\/#website"},"primaryImageOfPage":{"@id":"https:\/\/www.latribunedufaso.net\/?p=22268#primaryimage"},"image":{"@id":"https:\/\/www.latribunedufaso.net\/?p=22268#primaryimage"},"thumbnailUrl":"https:\/\/www.latribunedufaso.net\/wp-content\/uploads\/2025\/01\/CDCE523C-4272-4623-A794-DB9FA22B0758.jpeg","datePublished":"2025-07-29T15:22:38+00:00","dateModified":"2025-07-29T15:26:31+00:00","breadcrumb":{"@id":"https:\/\/www.latribunedufaso.net\/?p=22268#breadcrumb"},"inLanguage":"fr-FR","potentialAction":[{"@type":"ReadAction","target":["https:\/\/www.latribunedufaso.net\/?p=22268"]}]},{"@type":"ImageObject","inLanguage":"fr-FR","@id":"https:\/\/www.latribunedufaso.net\/?p=22268#primaryimage","url":"https:\/\/www.latribunedufaso.net\/wp-content\/uploads\/2025\/01\/CDCE523C-4272-4623-A794-DB9FA22B0758.jpeg","contentUrl":"https:\/\/www.latribunedufaso.net\/wp-content\/uploads\/2025\/01\/CDCE523C-4272-4623-A794-DB9FA22B0758.jpeg","width":640,"height":439,"caption":"Image illustration Alain Traor\u00e9 dit Alino Faso"},{"@type":"BreadcrumbList","@id":"https:\/\/www.latribunedufaso.net\/?p=22268#breadcrumb","itemListElement":[{"@type":"ListItem","position":1,"name":"Accueil","item":"https:\/\/www.latribunedufaso.net\/"},{"@type":"ListItem","position":2,"name":"D\u00e9c\u00e8s de Alino Faso : Les autorit\u00e9s ivoiriennes pr\u00e9sentent leurs condol\u00e9ances au Burkina Faso\u00a0"}]},{"@type":"WebSite","@id":"https:\/\/www.latribunedufaso.net\/#website","url":"https:\/\/www.latribunedufaso.net\/","name":"La Tribune du Faso","description":"L&#039;information du monde rural en un clic","publisher":{"@id":"https:\/\/www.latribunedufaso.net\/#organization"},"potentialAction":[{"@type":"SearchAction","target":{"@type":"EntryPoint","urlTemplate":"https:\/\/www.latribunedufaso.net\/?s={search_term_string}"},"query-input":{"@type":"PropertyValueSpecification","valueRequired":true,"valueName":"search_term_string"}}],"inLanguage":"fr-FR"},{"@type":"Organization","@id":"https:\/\/www.latribunedufaso.net\/#organization","name":"La Tribune du Faso","url":"https:\/\/www.latribunedufaso.net\/","logo":{"@type":"ImageObject","inLanguage":"fr-FR","@id":"https:\/\/www.latribunedufaso.net\/#\/schema\/logo\/image\/","url":"https:\/\/www.latribunedufaso.net\/wp-content\/uploads\/2020\/08\/Logo-Tribune-du-Faso-final-scaled.jpg","contentUrl":"https:\/\/www.latribunedufaso.net\/wp-content\/uploads\/2020\/08\/Logo-Tribune-du-Faso-final-scaled.jpg","width":2560,"height":1856,"caption":"La Tribune du Faso"},"image":{"@id":"https:\/\/www.latribunedufaso.net\/#\/schema\/logo\/image\/"},"sameAs":["https:\/\/www.facebook.com\/LatribuneduFaso\/"]},{"@type":"Person","@id":"https:\/\/www.latribunedufaso.net\/#\/schema\/person\/e54e64c5778a7e72cf80a318b7a622b0","name":"Issouf Tapsoba","image":{"@type":"ImageObject","inLanguage":"fr-FR","@id":"https:\/\/secure.gravatar.com\/avatar\/5e6c05150ce3230247d167f5b94d678eb05936197436d69b7921e3a95c9107ac?s=96&d=mm&r=g","url":"https:\/\/secure.gravatar.com\/avatar\/5e6c05150ce3230247d167f5b94d678eb05936197436d69b7921e3a95c9107ac?s=96&d=mm&r=g","contentUrl":"https:\/\/secure.gravatar.com\/avatar\/5e6c05150ce3230247d167f5b94d678eb05936197436d69b7921e3a95c9107ac?s=96&d=mm&r=g","caption":"Issouf Tapsoba"},"url":"https:\/\/www.latribunedufaso.net\/?author=5"}]}},"_links":{"self":[{"href":"https:\/\/www.latribunedufaso.net\/index.php?rest_route=\/wp\/v2\/posts\/22268","targetHints":{"allow":["GET"]}}],"collection":[{"href":"https:\/\/www.latribunedufaso.net\/index.php?rest_route=\/wp\/v2\/posts"}],"about":[{"href":"https:\/\/www.latribunedufaso.net\/index.php?rest_route=\/wp\/v2\/types\/post"}],"author":[{"embeddable":true,"href":"https:\/\/www.latribunedufaso.net\/index.php?rest_route=\/wp\/v2\/users\/5"}],"replies":[{"embeddable":true,"href":"https:\/\/www.latribunedufaso.net\/index.php?rest_route=%2Fwp%2Fv2%2Fcomments&post=22268"}],"version-history":[{"count":5,"href":"https:\/\/www.latribunedufaso.net\/index.php?rest_route=\/wp\/v2\/posts\/22268\/revisions"}],"predecessor-version":[{"id":22275,"href":"https:\/\/www.latribunedufaso.net\/index.php?rest_route=\/wp\/v2\/posts\/22268\/revisions\/22275"}],"wp:featuredmedia":[{"embeddable":true,"href":"https:\/\/www.latribunedufaso.net\/index.php?rest_route=\/wp\/v2\/media\/18229"}],"wp:attachment":[{"href":"https:\/\/www.latribunedufaso.net\/index.php?rest_route=%2Fwp%2Fv2%2Fmedia&parent=22268"}],"wp:term":[{"taxonomy":"category","embeddable":true,"href":"https:\/\/www.latribunedufaso.net\/index.php?rest_route=%2Fwp%2Fv2%2Fcategories&post=22268"},{"taxonomy":"post_tag","embeddable":true,"href":"https:\/\/www.latribunedufaso.net\/index.php?rest_route=%2Fwp%2Fv2%2Ftags&post=22268"}],"curies":[{"name":"wp","href":"https:\/\/api.w.org\/{rel}","templated":true}]}}