{"id":22243,"date":"2025-07-28T15:19:41","date_gmt":"2025-07-28T15:19:41","guid":{"rendered":"https:\/\/www.latribunedufaso.net\/?p=22243"},"modified":"2025-07-28T15:19:41","modified_gmt":"2025-07-28T15:19:41","slug":"journee-mondiale-de-lutte-contre-lhepatite-le-message-du-ministre-de-la-sante-dr-robert-kargougou","status":"publish","type":"post","link":"https:\/\/www.latribunedufaso.net\/?p=22243","title":{"rendered":"Journ\u00e9e mondiale de lutte contre l&rsquo;h\u00e9patite : Le message du ministre de la Sant\u00e9, Dr Robert Kargougou"},"content":{"rendered":"<p><strong>\u200eChaque 28 juillet de l&rsquo;ann\u00e9e, le monde entier c\u00e9l\u00e8bre la Journ\u00e9e mondiale de lutte contre l\u2019h\u00e9patite. Le Burkina Faso, \u00e0 l\u2019instar des autres pays du monde, prend part \u00e0 cette importante comm\u00e9moration qui constitue une occasion privil\u00e9gi\u00e9e de sensibilisation sur l\u2019ampleur du probl\u00e8me dans le pays. A l&rsquo;occasion de la c\u00e9l\u00e9bration, le ministre de la Sant\u00e9, Robert Kargougou a d\u00e9livr\u00e9 un message, situation l&rsquo;\u00e9tat des lieux de la lutte contre la maladie.<\/strong><!--more--><\/p>\n<p><strong>Lisez l&rsquo;int\u00e9gralit\u00e9 du message \u2935\ufe0f<\/strong><\/p>\n<p>\u200eMessage du Ministre de la Sant\u00e9<\/p>\n<p>\u200eTh\u00e8me : <em><strong>\u00ab H\u00e9patite : faisons tomber les barri\u00e8res ! \u00bb<\/strong><\/em><\/p>\n<p>\u200eChaque ann\u00e9e \u00e0 la date du 28 juillet, le monde entier c\u00e9l\u00e8bre la Journ\u00e9e mondiale de lutte contre l\u2019h\u00e9patite. Le Burkina Faso, \u00e0 l\u2019instar des autres pays du monde, prend part \u00e0 cette importante comm\u00e9moration qui constitue une occasion privil\u00e9gi\u00e9e de sensibilisation sur l\u2019ampleur du probl\u00e8me dans notre pays.<\/p>\n<p>\u200eCette ann\u00e9e, ladite journ\u00e9e est comm\u00e9mor\u00e9e sous le th\u00e8me : <em><strong>\u00ab H\u00e9patite : faisons tomber les barri\u00e8res ! \u00bb<\/strong><\/em><\/p>\n<p>\u200eCe th\u00e8me est un appel vibrant \u00e0 l\u2019action sur la n\u00e9cessit\u00e9 absolue d\u2019une r\u00e9action forte et efficace face au poids et \u00e0 l\u2019ampleur grandissante d\u2019un groupe de maladies silencieuses et tueuses de nos populations.<\/p>\n<p>\u200eCette journ\u00e9e est un moment crucial. Elle nous donne l\u2019occasion de r\u00e9affirmer notre engagement collectif \u00e0 enrayer cette menace silencieuse. Elle nous rappelle que derri\u00e8re chaque statistique, il y a des vies humaines, des familles, des espoirs bris\u00e9s.<\/p>\n<p><strong>\u200eMesdames et Messieurs,<\/strong><\/p>\n<p>\u200eAu Burkina Faso les h\u00e9patites virales B et C, constituent un probl\u00e8me majeur de sant\u00e9 publique. Selon les donn\u00e9es nationales disponibles depuis 2010, leur pr\u00e9valence est estim\u00e9e \u00e0 9,1 % pour l\u2019h\u00e9patite virale B et 3,6 % pour l\u2019h\u00e9patite C. Les chiffres sont alarmants et nous rappellent l&rsquo;urgence d&rsquo;agir. Ces virus sont responsables de maladies h\u00e9patiques chroniques, de cirrhoses et de cancers du foie, souvent d\u00e9tect\u00e9es trop tard.<\/p>\n<p>\u200eMalgr\u00e9 les progr\u00e8s accomplis dans le d\u00e9pistage et dans la prise en charge, bon nombre de nos concitoyens ignorent encore leur statut s\u00e9rologique, contribuant ainsi \u00e0 la propagation de l\u2019infection. Nous devons donc intensifier nos efforts pour le d\u00e9pistage pr\u00e9coce, la vaccination, et la prise en charge des personnes atteintes.<\/p>\n<p><strong>\u200eMesdames et Messieurs,<\/strong><\/p>\n<p>\u200eLe Gouvernement burkinab\u00e8 a fait de la lutte contre l&rsquo;h\u00e9patite une priorit\u00e9. Des actions significatives ont \u00e9t\u00e9 entreprises ces derni\u00e8res ann\u00e9es, notamment :<\/p>\n<p>\u200e1. la sensibilisation de la population sur les modes de transmission et les moyens de pr\u00e9vention ;<\/p>\n<p>\u200e2. le renforcement des capacit\u00e9s de d\u00e9pistage et de diagnostic dans nos structures de sant\u00e9,<\/p>\n<p>\u200e3. l&rsquo;int\u00e9gration de la vaccination contre l&rsquo;h\u00e9patite B dans le programme \u00e9largi de vaccination \u00e0 la naissance et chez les enfants pour pr\u00e9venir de nouvelles infections,<\/p>\n<p>\u200e4. la mise en place des files actives dans les structures de sant\u00e9 pour assurer une prise en charge efficace des cas positifs,<\/p>\n<p>\u200e5. la disponibilit\u00e9 de traitements antiviraux dans les structures de soins pour les personnes infect\u00e9es.<\/p>\n<p>\u200eMalgr\u00e9 ces avanc\u00e9es notables, des d\u00e9fis comme l\u2019acc\u00e8s financier au d\u00e9pistage et \u00e0 la prise en charge restent \u00e0 relever et nous devons redoubler d&rsquo;effort car la lutte contre l&rsquo;h\u00e9patite exige une approche multisectorielle et une synergie d&rsquo;actions.<\/p>\n<p>\u200eEnsemble, nous pouvons briser la cha\u00eene de transmission et offrir un meilleur avenir \u00e0 nos concitoyens. Faisons de ce 28 juillet 2025 un point de d\u00e9part pour des actions plus fortes, plus coordonn\u00e9es et plus efficaces.\u00a0<\/p>\n<p>\u200eJe vous remercie.<\/p>\n<p>\u200eLe Ministre de la Sant\u00e9\u00a0<\/p>\n<p>\u200eDr Robert Lucien Jean-Claude Kargougou\u00a0<\/p>\n<p>\u200eOfficier de l&rsquo;Ordre de l&rsquo;\u00c9talon<\/p>\n","protected":false},"excerpt":{"rendered":"<p>\u200eChaque 28 juillet de l&rsquo;ann\u00e9e, le monde entier c\u00e9l\u00e8bre la Journ\u00e9e mondiale de lutte contre l\u2019h\u00e9patite. Le Burkina Faso, \u00e0 l\u2019instar des autres pays du monde, prend part \u00e0 cette importante comm\u00e9moration qui constitue une occasion privil\u00e9gi\u00e9e de sensibilisation sur l\u2019ampleur du probl\u00e8me dans le pays. A l&rsquo;occasion de la c\u00e9l\u00e9bration, le ministre de la Sant\u00e9, Robert Kargougou a d\u00e9livr\u00e9 un message, situation l&rsquo;\u00e9tat des lieux de la lutte contre la maladie.<\/p>\n","protected":false},"author":5,"featured_media":22244,"comment_status":"open","ping_status":"open","sticky":false,"template":"","format":"standard","meta":{"footnotes":""},"categories":[13,1,7],"tags":[1388,39,1387],"class_list":["post-22243","post","type-post","status-publish","format-standard","has-post-thumbnail","hentry","category-une","category-actu","category-sante","tag-journee-mondiale-de-lutte-contre-lhepatite","tag-latribunedufaso-net","tag-lutte-contre-lhepatite"],"yoast_head":"<!-- This site is optimized with the Yoast SEO plugin v27.5 - https:\/\/yoast.com\/product\/yoast-seo-wordpress\/ -->\n<title>Journ\u00e9e mondiale de lutte contre l&#039;h\u00e9patite : Le message du ministre de la Sant\u00e9, Dr Robert Kargougou - La Tribune du Faso<\/title>\n<meta name=\"robots\" content=\"index, follow, max-snippet:-1, max-image-preview:large, max-video-preview:-1\" \/>\n<link rel=\"canonical\" href=\"https:\/\/www.latribunedufaso.net\/?p=22243\" \/>\n<meta property=\"og:locale\" content=\"fr_FR\" \/>\n<meta property=\"og:type\" content=\"article\" \/>\n<meta property=\"og:title\" content=\"Journ\u00e9e mondiale de lutte contre l&#039;h\u00e9patite : Le message du ministre de la Sant\u00e9, Dr Robert Kargougou - La Tribune du Faso\" \/>\n<meta property=\"og:description\" content=\"\u200eChaque 28 juillet de l&rsquo;ann\u00e9e, le monde entier c\u00e9l\u00e8bre la Journ\u00e9e mondiale de lutte contre l\u2019h\u00e9patite. Le Burkina Faso, \u00e0 l\u2019instar des autres pays du monde, prend part \u00e0 cette importante comm\u00e9moration qui constitue une occasion privil\u00e9gi\u00e9e de sensibilisation sur l\u2019ampleur du probl\u00e8me dans le pays. A l&rsquo;occasion de la c\u00e9l\u00e9bration, le ministre de la Sant\u00e9, Robert Kargougou a d\u00e9livr\u00e9 un message, situation l&rsquo;\u00e9tat des lieux de la lutte contre la maladie.\" \/>\n<meta property=\"og:url\" content=\"https:\/\/www.latribunedufaso.net\/?p=22243\" \/>\n<meta property=\"og:site_name\" content=\"La Tribune du Faso\" \/>\n<meta property=\"article:publisher\" content=\"https:\/\/www.facebook.com\/LatribuneduFaso\/\" \/>\n<meta property=\"article:published_time\" content=\"2025-07-28T15:19:41+00:00\" \/>\n<meta property=\"og:image\" content=\"https:\/\/www.latribunedufaso.net\/wp-content\/uploads\/2025\/07\/hepatite-b-dans-la-region-de-kaffrine-scaled-1.jpg\" \/>\n\t<meta property=\"og:image:width\" content=\"2560\" \/>\n\t<meta property=\"og:image:height\" content=\"1706\" \/>\n\t<meta property=\"og:image:type\" content=\"image\/jpeg\" \/>\n<meta name=\"author\" content=\"Issouf Tapsoba\" \/>\n<meta name=\"twitter:label1\" content=\"\u00c9crit par\" \/>\n\t<meta name=\"twitter:data1\" content=\"Issouf Tapsoba\" \/>\n\t<meta name=\"twitter:label2\" content=\"Dur\u00e9e de lecture estim\u00e9e\" \/>\n\t<meta name=\"twitter:data2\" content=\"3 minutes\" \/>\n<script type=\"application\/ld+json\" class=\"yoast-schema-graph\">{\"@context\":\"https:\\\/\\\/schema.org\",\"@graph\":[{\"@type\":\"Article\",\"@id\":\"https:\\\/\\\/www.latribunedufaso.net\\\/?p=22243#article\",\"isPartOf\":{\"@id\":\"https:\\\/\\\/www.latribunedufaso.net\\\/?p=22243\"},\"author\":{\"name\":\"Issouf Tapsoba\",\"@id\":\"https:\\\/\\\/www.latribunedufaso.net\\\/#\\\/schema\\\/person\\\/e54e64c5778a7e72cf80a318b7a622b0\"},\"headline\":\"Journ\u00e9e mondiale de lutte contre l&rsquo;h\u00e9patite : Le message du ministre de la Sant\u00e9, Dr Robert Kargougou\",\"datePublished\":\"2025-07-28T15:19:41+00:00\",\"mainEntityOfPage\":{\"@id\":\"https:\\\/\\\/www.latribunedufaso.net\\\/?p=22243\"},\"wordCount\":648,\"commentCount\":0,\"publisher\":{\"@id\":\"https:\\\/\\\/www.latribunedufaso.net\\\/#organization\"},\"image\":{\"@id\":\"https:\\\/\\\/www.latribunedufaso.net\\\/?p=22243#primaryimage\"},\"thumbnailUrl\":\"https:\\\/\\\/www.latribunedufaso.net\\\/wp-content\\\/uploads\\\/2025\\\/07\\\/hepatite-b-dans-la-region-de-kaffrine-scaled-1.jpg\",\"keywords\":[\"Journ\u00e9e mondiale de lutte contre l'h\u00e9patite\",\"latribunedufaso.net\",\"Lutte contre l'h\u00e9patite\"],\"articleSection\":[\"A la une\",\"Actualit\u00e9\",\"Sant\u00e9\"],\"inLanguage\":\"fr-FR\",\"potentialAction\":[{\"@type\":\"CommentAction\",\"name\":\"Comment\",\"target\":[\"https:\\\/\\\/www.latribunedufaso.net\\\/?p=22243#respond\"]}]},{\"@type\":\"WebPage\",\"@id\":\"https:\\\/\\\/www.latribunedufaso.net\\\/?p=22243\",\"url\":\"https:\\\/\\\/www.latribunedufaso.net\\\/?p=22243\",\"name\":\"Journ\u00e9e mondiale de lutte contre l'h\u00e9patite : Le message du ministre de la Sant\u00e9, Dr Robert Kargougou - La Tribune du Faso\",\"isPartOf\":{\"@id\":\"https:\\\/\\\/www.latribunedufaso.net\\\/#website\"},\"primaryImageOfPage\":{\"@id\":\"https:\\\/\\\/www.latribunedufaso.net\\\/?p=22243#primaryimage\"},\"image\":{\"@id\":\"https:\\\/\\\/www.latribunedufaso.net\\\/?p=22243#primaryimage\"},\"thumbnailUrl\":\"https:\\\/\\\/www.latribunedufaso.net\\\/wp-content\\\/uploads\\\/2025\\\/07\\\/hepatite-b-dans-la-region-de-kaffrine-scaled-1.jpg\",\"datePublished\":\"2025-07-28T15:19:41+00:00\",\"breadcrumb\":{\"@id\":\"https:\\\/\\\/www.latribunedufaso.net\\\/?p=22243#breadcrumb\"},\"inLanguage\":\"fr-FR\",\"potentialAction\":[{\"@type\":\"ReadAction\",\"target\":[\"https:\\\/\\\/www.latribunedufaso.net\\\/?p=22243\"]}]},{\"@type\":\"ImageObject\",\"inLanguage\":\"fr-FR\",\"@id\":\"https:\\\/\\\/www.latribunedufaso.net\\\/?p=22243#primaryimage\",\"url\":\"https:\\\/\\\/www.latribunedufaso.net\\\/wp-content\\\/uploads\\\/2025\\\/07\\\/hepatite-b-dans-la-region-de-kaffrine-scaled-1.jpg\",\"contentUrl\":\"https:\\\/\\\/www.latribunedufaso.net\\\/wp-content\\\/uploads\\\/2025\\\/07\\\/hepatite-b-dans-la-region-de-kaffrine-scaled-1.jpg\",\"width\":2560,\"height\":1706,\"caption\":\"Image illustrative journ\u00e9e mondiale de lutte contre l'h\u00e9patite\"},{\"@type\":\"BreadcrumbList\",\"@id\":\"https:\\\/\\\/www.latribunedufaso.net\\\/?p=22243#breadcrumb\",\"itemListElement\":[{\"@type\":\"ListItem\",\"position\":1,\"name\":\"Accueil\",\"item\":\"https:\\\/\\\/www.latribunedufaso.net\\\/\"},{\"@type\":\"ListItem\",\"position\":2,\"name\":\"Journ\u00e9e mondiale de lutte contre l&rsquo;h\u00e9patite : Le message du ministre de la Sant\u00e9, Dr Robert Kargougou\"}]},{\"@type\":\"WebSite\",\"@id\":\"https:\\\/\\\/www.latribunedufaso.net\\\/#website\",\"url\":\"https:\\\/\\\/www.latribunedufaso.net\\\/\",\"name\":\"La Tribune du Faso\",\"description\":\"L&#039;information du monde rural en un clic\",\"publisher\":{\"@id\":\"https:\\\/\\\/www.latribunedufaso.net\\\/#organization\"},\"potentialAction\":[{\"@type\":\"SearchAction\",\"target\":{\"@type\":\"EntryPoint\",\"urlTemplate\":\"https:\\\/\\\/www.latribunedufaso.net\\\/?s={search_term_string}\"},\"query-input\":{\"@type\":\"PropertyValueSpecification\",\"valueRequired\":true,\"valueName\":\"search_term_string\"}}],\"inLanguage\":\"fr-FR\"},{\"@type\":\"Organization\",\"@id\":\"https:\\\/\\\/www.latribunedufaso.net\\\/#organization\",\"name\":\"La Tribune du Faso\",\"url\":\"https:\\\/\\\/www.latribunedufaso.net\\\/\",\"logo\":{\"@type\":\"ImageObject\",\"inLanguage\":\"fr-FR\",\"@id\":\"https:\\\/\\\/www.latribunedufaso.net\\\/#\\\/schema\\\/logo\\\/image\\\/\",\"url\":\"https:\\\/\\\/www.latribunedufaso.net\\\/wp-content\\\/uploads\\\/2020\\\/08\\\/Logo-Tribune-du-Faso-final-scaled.jpg\",\"contentUrl\":\"https:\\\/\\\/www.latribunedufaso.net\\\/wp-content\\\/uploads\\\/2020\\\/08\\\/Logo-Tribune-du-Faso-final-scaled.jpg\",\"width\":2560,\"height\":1856,\"caption\":\"La Tribune du Faso\"},\"image\":{\"@id\":\"https:\\\/\\\/www.latribunedufaso.net\\\/#\\\/schema\\\/logo\\\/image\\\/\"},\"sameAs\":[\"https:\\\/\\\/www.facebook.com\\\/LatribuneduFaso\\\/\"]},{\"@type\":\"Person\",\"@id\":\"https:\\\/\\\/www.latribunedufaso.net\\\/#\\\/schema\\\/person\\\/e54e64c5778a7e72cf80a318b7a622b0\",\"name\":\"Issouf Tapsoba\",\"image\":{\"@type\":\"ImageObject\",\"inLanguage\":\"fr-FR\",\"@id\":\"https:\\\/\\\/secure.gravatar.com\\\/avatar\\\/5e6c05150ce3230247d167f5b94d678eb05936197436d69b7921e3a95c9107ac?s=96&d=mm&r=g\",\"url\":\"https:\\\/\\\/secure.gravatar.com\\\/avatar\\\/5e6c05150ce3230247d167f5b94d678eb05936197436d69b7921e3a95c9107ac?s=96&d=mm&r=g\",\"contentUrl\":\"https:\\\/\\\/secure.gravatar.com\\\/avatar\\\/5e6c05150ce3230247d167f5b94d678eb05936197436d69b7921e3a95c9107ac?s=96&d=mm&r=g\",\"caption\":\"Issouf Tapsoba\"},\"url\":\"https:\\\/\\\/www.latribunedufaso.net\\\/?author=5\"}]}<\/script>\n<!-- \/ Yoast SEO plugin. -->","yoast_head_json":{"title":"Journ\u00e9e mondiale de lutte contre l'h\u00e9patite : Le message du ministre de la Sant\u00e9, Dr Robert Kargougou - La Tribune du Faso","robots":{"index":"index","follow":"follow","max-snippet":"max-snippet:-1","max-image-preview":"max-image-preview:large","max-video-preview":"max-video-preview:-1"},"canonical":"https:\/\/www.latribunedufaso.net\/?p=22243","og_locale":"fr_FR","og_type":"article","og_title":"Journ\u00e9e mondiale de lutte contre l'h\u00e9patite : Le message du ministre de la Sant\u00e9, Dr Robert Kargougou - La Tribune du Faso","og_description":"\u200eChaque 28 juillet de l&rsquo;ann\u00e9e, le monde entier c\u00e9l\u00e8bre la Journ\u00e9e mondiale de lutte contre l\u2019h\u00e9patite. Le Burkina Faso, \u00e0 l\u2019instar des autres pays du monde, prend part \u00e0 cette importante comm\u00e9moration qui constitue une occasion privil\u00e9gi\u00e9e de sensibilisation sur l\u2019ampleur du probl\u00e8me dans le pays. A l&rsquo;occasion de la c\u00e9l\u00e9bration, le ministre de la Sant\u00e9, Robert Kargougou a d\u00e9livr\u00e9 un message, situation l&rsquo;\u00e9tat des lieux de la lutte contre la maladie.","og_url":"https:\/\/www.latribunedufaso.net\/?p=22243","og_site_name":"La Tribune du Faso","article_publisher":"https:\/\/www.facebook.com\/LatribuneduFaso\/","article_published_time":"2025-07-28T15:19:41+00:00","og_image":[{"width":2560,"height":1706,"url":"https:\/\/www.latribunedufaso.net\/wp-content\/uploads\/2025\/07\/hepatite-b-dans-la-region-de-kaffrine-scaled-1.jpg","type":"image\/jpeg"}],"author":"Issouf Tapsoba","twitter_misc":{"\u00c9crit par":"Issouf Tapsoba","Dur\u00e9e de lecture estim\u00e9e":"3 minutes"},"schema":{"@context":"https:\/\/schema.org","@graph":[{"@type":"Article","@id":"https:\/\/www.latribunedufaso.net\/?p=22243#article","isPartOf":{"@id":"https:\/\/www.latribunedufaso.net\/?p=22243"},"author":{"name":"Issouf Tapsoba","@id":"https:\/\/www.latribunedufaso.net\/#\/schema\/person\/e54e64c5778a7e72cf80a318b7a622b0"},"headline":"Journ\u00e9e mondiale de lutte contre l&rsquo;h\u00e9patite : Le message du ministre de la Sant\u00e9, Dr Robert Kargougou","datePublished":"2025-07-28T15:19:41+00:00","mainEntityOfPage":{"@id":"https:\/\/www.latribunedufaso.net\/?p=22243"},"wordCount":648,"commentCount":0,"publisher":{"@id":"https:\/\/www.latribunedufaso.net\/#organization"},"image":{"@id":"https:\/\/www.latribunedufaso.net\/?p=22243#primaryimage"},"thumbnailUrl":"https:\/\/www.latribunedufaso.net\/wp-content\/uploads\/2025\/07\/hepatite-b-dans-la-region-de-kaffrine-scaled-1.jpg","keywords":["Journ\u00e9e mondiale de lutte contre l'h\u00e9patite","latribunedufaso.net","Lutte contre l'h\u00e9patite"],"articleSection":["A la une","Actualit\u00e9","Sant\u00e9"],"inLanguage":"fr-FR","potentialAction":[{"@type":"CommentAction","name":"Comment","target":["https:\/\/www.latribunedufaso.net\/?p=22243#respond"]}]},{"@type":"WebPage","@id":"https:\/\/www.latribunedufaso.net\/?p=22243","url":"https:\/\/www.latribunedufaso.net\/?p=22243","name":"Journ\u00e9e mondiale de lutte contre l'h\u00e9patite : Le message du ministre de la Sant\u00e9, Dr Robert Kargougou - La Tribune du Faso","isPartOf":{"@id":"https:\/\/www.latribunedufaso.net\/#website"},"primaryImageOfPage":{"@id":"https:\/\/www.latribunedufaso.net\/?p=22243#primaryimage"},"image":{"@id":"https:\/\/www.latribunedufaso.net\/?p=22243#primaryimage"},"thumbnailUrl":"https:\/\/www.latribunedufaso.net\/wp-content\/uploads\/2025\/07\/hepatite-b-dans-la-region-de-kaffrine-scaled-1.jpg","datePublished":"2025-07-28T15:19:41+00:00","breadcrumb":{"@id":"https:\/\/www.latribunedufaso.net\/?p=22243#breadcrumb"},"inLanguage":"fr-FR","potentialAction":[{"@type":"ReadAction","target":["https:\/\/www.latribunedufaso.net\/?p=22243"]}]},{"@type":"ImageObject","inLanguage":"fr-FR","@id":"https:\/\/www.latribunedufaso.net\/?p=22243#primaryimage","url":"https:\/\/www.latribunedufaso.net\/wp-content\/uploads\/2025\/07\/hepatite-b-dans-la-region-de-kaffrine-scaled-1.jpg","contentUrl":"https:\/\/www.latribunedufaso.net\/wp-content\/uploads\/2025\/07\/hepatite-b-dans-la-region-de-kaffrine-scaled-1.jpg","width":2560,"height":1706,"caption":"Image illustrative journ\u00e9e mondiale de lutte contre l'h\u00e9patite"},{"@type":"BreadcrumbList","@id":"https:\/\/www.latribunedufaso.net\/?p=22243#breadcrumb","itemListElement":[{"@type":"ListItem","position":1,"name":"Accueil","item":"https:\/\/www.latribunedufaso.net\/"},{"@type":"ListItem","position":2,"name":"Journ\u00e9e mondiale de lutte contre l&rsquo;h\u00e9patite : Le message du ministre de la Sant\u00e9, Dr Robert Kargougou"}]},{"@type":"WebSite","@id":"https:\/\/www.latribunedufaso.net\/#website","url":"https:\/\/www.latribunedufaso.net\/","name":"La Tribune du Faso","description":"L&#039;information du monde rural en un clic","publisher":{"@id":"https:\/\/www.latribunedufaso.net\/#organization"},"potentialAction":[{"@type":"SearchAction","target":{"@type":"EntryPoint","urlTemplate":"https:\/\/www.latribunedufaso.net\/?s={search_term_string}"},"query-input":{"@type":"PropertyValueSpecification","valueRequired":true,"valueName":"search_term_string"}}],"inLanguage":"fr-FR"},{"@type":"Organization","@id":"https:\/\/www.latribunedufaso.net\/#organization","name":"La Tribune du Faso","url":"https:\/\/www.latribunedufaso.net\/","logo":{"@type":"ImageObject","inLanguage":"fr-FR","@id":"https:\/\/www.latribunedufaso.net\/#\/schema\/logo\/image\/","url":"https:\/\/www.latribunedufaso.net\/wp-content\/uploads\/2020\/08\/Logo-Tribune-du-Faso-final-scaled.jpg","contentUrl":"https:\/\/www.latribunedufaso.net\/wp-content\/uploads\/2020\/08\/Logo-Tribune-du-Faso-final-scaled.jpg","width":2560,"height":1856,"caption":"La Tribune du Faso"},"image":{"@id":"https:\/\/www.latribunedufaso.net\/#\/schema\/logo\/image\/"},"sameAs":["https:\/\/www.facebook.com\/LatribuneduFaso\/"]},{"@type":"Person","@id":"https:\/\/www.latribunedufaso.net\/#\/schema\/person\/e54e64c5778a7e72cf80a318b7a622b0","name":"Issouf Tapsoba","image":{"@type":"ImageObject","inLanguage":"fr-FR","@id":"https:\/\/secure.gravatar.com\/avatar\/5e6c05150ce3230247d167f5b94d678eb05936197436d69b7921e3a95c9107ac?s=96&d=mm&r=g","url":"https:\/\/secure.gravatar.com\/avatar\/5e6c05150ce3230247d167f5b94d678eb05936197436d69b7921e3a95c9107ac?s=96&d=mm&r=g","contentUrl":"https:\/\/secure.gravatar.com\/avatar\/5e6c05150ce3230247d167f5b94d678eb05936197436d69b7921e3a95c9107ac?s=96&d=mm&r=g","caption":"Issouf Tapsoba"},"url":"https:\/\/www.latribunedufaso.net\/?author=5"}]}},"_links":{"self":[{"href":"https:\/\/www.latribunedufaso.net\/index.php?rest_route=\/wp\/v2\/posts\/22243","targetHints":{"allow":["GET"]}}],"collection":[{"href":"https:\/\/www.latribunedufaso.net\/index.php?rest_route=\/wp\/v2\/posts"}],"about":[{"href":"https:\/\/www.latribunedufaso.net\/index.php?rest_route=\/wp\/v2\/types\/post"}],"author":[{"embeddable":true,"href":"https:\/\/www.latribunedufaso.net\/index.php?rest_route=\/wp\/v2\/users\/5"}],"replies":[{"embeddable":true,"href":"https:\/\/www.latribunedufaso.net\/index.php?rest_route=%2Fwp%2Fv2%2Fcomments&post=22243"}],"version-history":[{"count":1,"href":"https:\/\/www.latribunedufaso.net\/index.php?rest_route=\/wp\/v2\/posts\/22243\/revisions"}],"predecessor-version":[{"id":22245,"href":"https:\/\/www.latribunedufaso.net\/index.php?rest_route=\/wp\/v2\/posts\/22243\/revisions\/22245"}],"wp:featuredmedia":[{"embeddable":true,"href":"https:\/\/www.latribunedufaso.net\/index.php?rest_route=\/wp\/v2\/media\/22244"}],"wp:attachment":[{"href":"https:\/\/www.latribunedufaso.net\/index.php?rest_route=%2Fwp%2Fv2%2Fmedia&parent=22243"}],"wp:term":[{"taxonomy":"category","embeddable":true,"href":"https:\/\/www.latribunedufaso.net\/index.php?rest_route=%2Fwp%2Fv2%2Fcategories&post=22243"},{"taxonomy":"post_tag","embeddable":true,"href":"https:\/\/www.latribunedufaso.net\/index.php?rest_route=%2Fwp%2Fv2%2Ftags&post=22243"}],"curies":[{"name":"wp","href":"https:\/\/api.w.org\/{rel}","templated":true}]}}