{"id":22227,"date":"2025-07-28T12:31:37","date_gmt":"2025-07-28T12:31:37","guid":{"rendered":"https:\/\/www.latribunedufaso.net\/?p=22227"},"modified":"2025-07-28T12:31:37","modified_gmt":"2025-07-28T12:31:37","slug":"cours-dappel-de-ouagadougou-desire-sawadogo-prend-les-reines-du-parquet-general","status":"publish","type":"post","link":"https:\/\/www.latribunedufaso.net\/?p=22227","title":{"rendered":"Cours d&rsquo;appel de Ouagadougou : D\u00e9sir\u00e9 Sawadogo prend les reines du Parquet g\u00e9n\u00e9ral\u00a0"},"content":{"rendered":"<p><strong>La Cour d\u2019appel de Ouagadougou a proc\u00e9d\u00e9 le 25 juillet 2025, au cours d\u2019une audience solennelle, \u00e0 l\u2019installation de son nouveau Procureur g\u00e9n\u00e9ral, D\u00e9sir\u00e9 Sawadogo. C&rsquo;\u00e9tait en pr\u00e9sence de plusieurs autorit\u00e9s judiciaires dont le Secr\u00e9taire g\u00e9n\u00e9ral du minist\u00e8re de la Justice et des Droits humains, charg\u00e9 des Relations avec les Institutions, Harouna Kadio.<\/strong><!--more--><\/p>\n<p>Magistrat de grade exceptionnel, D\u00e9sir\u00e9 Sawadogo a \u00e9t\u00e9 port\u00e9 \u00e0 la t\u00eate du Parquet g\u00e9n\u00e9ral suite \u00e0 une d\u00e9lib\u00e9ration du Conseil sup\u00e9rieur de la magistrature (CSM). Avant ce poste, Il a occup\u00e9 plusieurs responsabilit\u00e9s aussi bien dans la sph\u00e8re judiciaire que dans l\u2019administration burkinab\u00e8.\u00a0<\/p>\n<figure id=\"attachment_22229\" aria-describedby=\"caption-attachment-22229\" style=\"width: 1600px\" class=\"wp-caption aligncenter\"><a href=\"https:\/\/www.latribunedufaso.net\/wp-content\/uploads\/2025\/07\/FB_IMG_1753704803083.jpg\"><img loading=\"lazy\" decoding=\"async\" class=\"size-full wp-image-22229\" src=\"https:\/\/www.latribunedufaso.net\/wp-content\/uploads\/2025\/07\/FB_IMG_1753704803083.jpg\" alt=\"Installation du nouveau Procureur g\u00e9n\u00e9ral, D\u00e9sir\u00e9 Sawadogo de la Cour d'appel de Ouagadougou, 25 juillet 2025\" width=\"1600\" height=\"1178\" srcset=\"https:\/\/www.latribunedufaso.net\/wp-content\/uploads\/2025\/07\/FB_IMG_1753704803083.jpg 1600w, https:\/\/www.latribunedufaso.net\/wp-content\/uploads\/2025\/07\/FB_IMG_1753704803083-300x221.jpg 300w, https:\/\/www.latribunedufaso.net\/wp-content\/uploads\/2025\/07\/FB_IMG_1753704803083-1024x754.jpg 1024w, https:\/\/www.latribunedufaso.net\/wp-content\/uploads\/2025\/07\/FB_IMG_1753704803083-768x565.jpg 768w, https:\/\/www.latribunedufaso.net\/wp-content\/uploads\/2025\/07\/FB_IMG_1753704803083-1536x1131.jpg 1536w, https:\/\/www.latribunedufaso.net\/wp-content\/uploads\/2025\/07\/FB_IMG_1753704803083-90x65.jpg 90w\" sizes=\"auto, (max-width: 1600px) 100vw, 1600px\" \/><\/a><figcaption id=\"caption-attachment-22229\" class=\"wp-caption-text\">Photo de famille apr\u00e8s la c\u00e9r\u00e9monie d&rsquo;installation &#8211; Ph. DR<\/figcaption><\/figure>\n<p>En effet, il a notamment \u00e9t\u00e9 Secr\u00e9taire g\u00e9n\u00e9ral du minist\u00e8re en charge de l\u2019Administration territoriale, Secr\u00e9taire g\u00e9n\u00e9ral du Conseil constitutionnel, Procureur du Faso pr\u00e8s les Tribunaux de grande instance (TGI) de Kaya et de Ouagadougou. Avant sa nomination au poste de Procureur g\u00e9n\u00e9ral pr\u00e8s la Cour d\u2019appel de Ouagadougou, il \u00e9tait le chef du service de la documentation et des \u00e9tudes avec rang de Pr\u00e9sident de chambre, cumulativement avec les fonctions d\u2019Avocat g\u00e9n\u00e9ral \u00e0 la Cour de cassation.\u00a0 \u00a0<\/p>\n<p>En rappel, cette c\u00e9r\u00e9monie d\u2019installation tire son fondement de l\u2019article 119 de la loi organique n\u00b0050-2015\/CNT du 25 ao\u00fbt 2015 portant statut du corps de la magistrature modifi\u00e9e par la loi organique n\u00b0006-2024\/ALT du 06 avril 2024 qui dispose que , <em><strong>\u00ab Le magistrat est install\u00e9 dans ses fonctions en audience solennelle de la juridiction \u00e0 laquelle il est nomm\u00e9 \u00bb.<\/strong><\/em><\/p>\n<p><strong>Latribunedufaso.net<\/strong><\/p>\n<p><strong>Source : DCRP\/MJDHRI<\/strong><\/p>\n<p><a href=\"https:\/\/www.latribunedufaso.net\/wp-content\/uploads\/2025\/07\/FB_IMG_1753704812201.jpg\"><img loading=\"lazy\" decoding=\"async\" class=\"size-full wp-image-22230 aligncenter\" src=\"https:\/\/www.latribunedufaso.net\/wp-content\/uploads\/2025\/07\/FB_IMG_1753704812201.jpg\" alt=\"Installation du nouveau Procureur g\u00e9n\u00e9ral, D\u00e9sir\u00e9 Sawadogo de la Cour d'appel de Ouagadougou, 25 juillet 2025\" width=\"1600\" height=\"879\" srcset=\"https:\/\/www.latribunedufaso.net\/wp-content\/uploads\/2025\/07\/FB_IMG_1753704812201.jpg 1600w, https:\/\/www.latribunedufaso.net\/wp-content\/uploads\/2025\/07\/FB_IMG_1753704812201-300x165.jpg 300w, https:\/\/www.latribunedufaso.net\/wp-content\/uploads\/2025\/07\/FB_IMG_1753704812201-1024x563.jpg 1024w, https:\/\/www.latribunedufaso.net\/wp-content\/uploads\/2025\/07\/FB_IMG_1753704812201-768x422.jpg 768w, https:\/\/www.latribunedufaso.net\/wp-content\/uploads\/2025\/07\/FB_IMG_1753704812201-1536x844.jpg 1536w\" sizes=\"auto, (max-width: 1600px) 100vw, 1600px\" \/><\/a><\/p>\n","protected":false},"excerpt":{"rendered":"<p>La Cour d\u2019appel de Ouagadougou a proc\u00e9d\u00e9 le 25 juillet 2025, au cours d\u2019une audience solennelle, \u00e0 l\u2019installation de son nouveau Procureur g\u00e9n\u00e9ral, D\u00e9sir\u00e9 Sawadogo. C&rsquo;\u00e9tait en pr\u00e9sence de plusieurs autorit\u00e9s judiciaires dont le Secr\u00e9taire g\u00e9n\u00e9ral du minist\u00e8re de la Justice et des Droits humains, charg\u00e9 des Relations avec les Institutions, Harouna Kadio.<\/p>\n","protected":false},"author":5,"featured_media":22228,"comment_status":"open","ping_status":"open","sticky":false,"template":"","format":"standard","meta":{"footnotes":""},"categories":[13,1,8],"tags":[1382,1384,39,1383],"class_list":["post-22227","post","type-post","status-publish","format-standard","has-post-thumbnail","hentry","category-une","category-actu","category-societe","tag-cour-dappel-de-ouagadougou","tag-desire-sawadogo","tag-latribunedufaso-net","tag-nouveau-procureur-general-cour-dappel-de-ouaga"],"yoast_head":"<!-- This site is optimized with the Yoast SEO plugin v27.5 - https:\/\/yoast.com\/product\/yoast-seo-wordpress\/ -->\n<title>Cours d&#039;appel de Ouagadougou : D\u00e9sir\u00e9 Sawadogo prend les reines du Parquet g\u00e9n\u00e9ral\u00a0 - La Tribune du Faso<\/title>\n<meta name=\"robots\" content=\"index, follow, max-snippet:-1, max-image-preview:large, max-video-preview:-1\" \/>\n<link rel=\"canonical\" href=\"https:\/\/www.latribunedufaso.net\/?p=22227\" \/>\n<meta property=\"og:locale\" content=\"fr_FR\" \/>\n<meta property=\"og:type\" content=\"article\" \/>\n<meta property=\"og:title\" content=\"Cours d&#039;appel de Ouagadougou : D\u00e9sir\u00e9 Sawadogo prend les reines du Parquet g\u00e9n\u00e9ral\u00a0 - La Tribune du Faso\" \/>\n<meta property=\"og:description\" content=\"La Cour d\u2019appel de Ouagadougou a proc\u00e9d\u00e9 le 25 juillet 2025, au cours d\u2019une audience solennelle, \u00e0 l\u2019installation de son nouveau Procureur g\u00e9n\u00e9ral, D\u00e9sir\u00e9 Sawadogo. C&rsquo;\u00e9tait en pr\u00e9sence de plusieurs autorit\u00e9s judiciaires dont le Secr\u00e9taire g\u00e9n\u00e9ral du minist\u00e8re de la Justice et des Droits humains, charg\u00e9 des Relations avec les Institutions, Harouna Kadio.\" \/>\n<meta property=\"og:url\" content=\"https:\/\/www.latribunedufaso.net\/?p=22227\" \/>\n<meta property=\"og:site_name\" content=\"La Tribune du Faso\" \/>\n<meta property=\"article:publisher\" content=\"https:\/\/www.facebook.com\/LatribuneduFaso\/\" \/>\n<meta property=\"article:published_time\" content=\"2025-07-28T12:31:37+00:00\" \/>\n<meta property=\"og:image\" content=\"https:\/\/www.latribunedufaso.net\/wp-content\/uploads\/2025\/07\/FB_IMG_1753704781887.jpg\" \/>\n\t<meta property=\"og:image:width\" content=\"1600\" \/>\n\t<meta property=\"og:image:height\" content=\"1200\" \/>\n\t<meta property=\"og:image:type\" content=\"image\/jpeg\" \/>\n<meta name=\"author\" content=\"Issouf Tapsoba\" \/>\n<meta name=\"twitter:label1\" content=\"\u00c9crit par\" \/>\n\t<meta name=\"twitter:data1\" content=\"Issouf Tapsoba\" \/>\n\t<meta name=\"twitter:label2\" content=\"Dur\u00e9e de lecture estim\u00e9e\" \/>\n\t<meta name=\"twitter:data2\" content=\"1 minute\" \/>\n<script type=\"application\/ld+json\" class=\"yoast-schema-graph\">{\"@context\":\"https:\\\/\\\/schema.org\",\"@graph\":[{\"@type\":\"Article\",\"@id\":\"https:\\\/\\\/www.latribunedufaso.net\\\/?p=22227#article\",\"isPartOf\":{\"@id\":\"https:\\\/\\\/www.latribunedufaso.net\\\/?p=22227\"},\"author\":{\"name\":\"Issouf Tapsoba\",\"@id\":\"https:\\\/\\\/www.latribunedufaso.net\\\/#\\\/schema\\\/person\\\/e54e64c5778a7e72cf80a318b7a622b0\"},\"headline\":\"Cours d&rsquo;appel de Ouagadougou : D\u00e9sir\u00e9 Sawadogo prend les reines du Parquet g\u00e9n\u00e9ral\u00a0\",\"datePublished\":\"2025-07-28T12:31:37+00:00\",\"mainEntityOfPage\":{\"@id\":\"https:\\\/\\\/www.latribunedufaso.net\\\/?p=22227\"},\"wordCount\":314,\"commentCount\":0,\"publisher\":{\"@id\":\"https:\\\/\\\/www.latribunedufaso.net\\\/#organization\"},\"image\":{\"@id\":\"https:\\\/\\\/www.latribunedufaso.net\\\/?p=22227#primaryimage\"},\"thumbnailUrl\":\"https:\\\/\\\/www.latribunedufaso.net\\\/wp-content\\\/uploads\\\/2025\\\/07\\\/FB_IMG_1753704781887.jpg\",\"keywords\":[\"Cour d'appel de Ouagadougou\",\"D\u00e9sir\u00e9 Sawadogo\",\"latribunedufaso.net\",\"nouveau Procureur g\u00e9n\u00e9ral Cour d'appel de Ouaga\"],\"articleSection\":[\"A la une\",\"Actualit\u00e9\",\"Soci\u00e9t\u00e9\"],\"inLanguage\":\"fr-FR\",\"potentialAction\":[{\"@type\":\"CommentAction\",\"name\":\"Comment\",\"target\":[\"https:\\\/\\\/www.latribunedufaso.net\\\/?p=22227#respond\"]}]},{\"@type\":\"WebPage\",\"@id\":\"https:\\\/\\\/www.latribunedufaso.net\\\/?p=22227\",\"url\":\"https:\\\/\\\/www.latribunedufaso.net\\\/?p=22227\",\"name\":\"Cours d'appel de Ouagadougou : D\u00e9sir\u00e9 Sawadogo prend les reines du Parquet g\u00e9n\u00e9ral\u00a0 - La Tribune du Faso\",\"isPartOf\":{\"@id\":\"https:\\\/\\\/www.latribunedufaso.net\\\/#website\"},\"primaryImageOfPage\":{\"@id\":\"https:\\\/\\\/www.latribunedufaso.net\\\/?p=22227#primaryimage\"},\"image\":{\"@id\":\"https:\\\/\\\/www.latribunedufaso.net\\\/?p=22227#primaryimage\"},\"thumbnailUrl\":\"https:\\\/\\\/www.latribunedufaso.net\\\/wp-content\\\/uploads\\\/2025\\\/07\\\/FB_IMG_1753704781887.jpg\",\"datePublished\":\"2025-07-28T12:31:37+00:00\",\"breadcrumb\":{\"@id\":\"https:\\\/\\\/www.latribunedufaso.net\\\/?p=22227#breadcrumb\"},\"inLanguage\":\"fr-FR\",\"potentialAction\":[{\"@type\":\"ReadAction\",\"target\":[\"https:\\\/\\\/www.latribunedufaso.net\\\/?p=22227\"]}]},{\"@type\":\"ImageObject\",\"inLanguage\":\"fr-FR\",\"@id\":\"https:\\\/\\\/www.latribunedufaso.net\\\/?p=22227#primaryimage\",\"url\":\"https:\\\/\\\/www.latribunedufaso.net\\\/wp-content\\\/uploads\\\/2025\\\/07\\\/FB_IMG_1753704781887.jpg\",\"contentUrl\":\"https:\\\/\\\/www.latribunedufaso.net\\\/wp-content\\\/uploads\\\/2025\\\/07\\\/FB_IMG_1753704781887.jpg\",\"width\":1600,\"height\":1200,\"caption\":\"Le nouveau Procureur g\u00e9n\u00e9ral, D\u00e9sir\u00e9 Sawadogo de la Cour d'appel de Ouagadougou lors de la c\u00e9r\u00e9monie d'installation - Ph. DR\"},{\"@type\":\"BreadcrumbList\",\"@id\":\"https:\\\/\\\/www.latribunedufaso.net\\\/?p=22227#breadcrumb\",\"itemListElement\":[{\"@type\":\"ListItem\",\"position\":1,\"name\":\"Accueil\",\"item\":\"https:\\\/\\\/www.latribunedufaso.net\\\/\"},{\"@type\":\"ListItem\",\"position\":2,\"name\":\"Cours d&rsquo;appel de Ouagadougou : D\u00e9sir\u00e9 Sawadogo prend les reines du Parquet g\u00e9n\u00e9ral\u00a0\"}]},{\"@type\":\"WebSite\",\"@id\":\"https:\\\/\\\/www.latribunedufaso.net\\\/#website\",\"url\":\"https:\\\/\\\/www.latribunedufaso.net\\\/\",\"name\":\"La Tribune du Faso\",\"description\":\"L&#039;information du monde rural en un clic\",\"publisher\":{\"@id\":\"https:\\\/\\\/www.latribunedufaso.net\\\/#organization\"},\"potentialAction\":[{\"@type\":\"SearchAction\",\"target\":{\"@type\":\"EntryPoint\",\"urlTemplate\":\"https:\\\/\\\/www.latribunedufaso.net\\\/?s={search_term_string}\"},\"query-input\":{\"@type\":\"PropertyValueSpecification\",\"valueRequired\":true,\"valueName\":\"search_term_string\"}}],\"inLanguage\":\"fr-FR\"},{\"@type\":\"Organization\",\"@id\":\"https:\\\/\\\/www.latribunedufaso.net\\\/#organization\",\"name\":\"La Tribune du Faso\",\"url\":\"https:\\\/\\\/www.latribunedufaso.net\\\/\",\"logo\":{\"@type\":\"ImageObject\",\"inLanguage\":\"fr-FR\",\"@id\":\"https:\\\/\\\/www.latribunedufaso.net\\\/#\\\/schema\\\/logo\\\/image\\\/\",\"url\":\"https:\\\/\\\/www.latribunedufaso.net\\\/wp-content\\\/uploads\\\/2020\\\/08\\\/Logo-Tribune-du-Faso-final-scaled.jpg\",\"contentUrl\":\"https:\\\/\\\/www.latribunedufaso.net\\\/wp-content\\\/uploads\\\/2020\\\/08\\\/Logo-Tribune-du-Faso-final-scaled.jpg\",\"width\":2560,\"height\":1856,\"caption\":\"La Tribune du Faso\"},\"image\":{\"@id\":\"https:\\\/\\\/www.latribunedufaso.net\\\/#\\\/schema\\\/logo\\\/image\\\/\"},\"sameAs\":[\"https:\\\/\\\/www.facebook.com\\\/LatribuneduFaso\\\/\"]},{\"@type\":\"Person\",\"@id\":\"https:\\\/\\\/www.latribunedufaso.net\\\/#\\\/schema\\\/person\\\/e54e64c5778a7e72cf80a318b7a622b0\",\"name\":\"Issouf Tapsoba\",\"image\":{\"@type\":\"ImageObject\",\"inLanguage\":\"fr-FR\",\"@id\":\"https:\\\/\\\/secure.gravatar.com\\\/avatar\\\/5e6c05150ce3230247d167f5b94d678eb05936197436d69b7921e3a95c9107ac?s=96&d=mm&r=g\",\"url\":\"https:\\\/\\\/secure.gravatar.com\\\/avatar\\\/5e6c05150ce3230247d167f5b94d678eb05936197436d69b7921e3a95c9107ac?s=96&d=mm&r=g\",\"contentUrl\":\"https:\\\/\\\/secure.gravatar.com\\\/avatar\\\/5e6c05150ce3230247d167f5b94d678eb05936197436d69b7921e3a95c9107ac?s=96&d=mm&r=g\",\"caption\":\"Issouf Tapsoba\"},\"url\":\"https:\\\/\\\/www.latribunedufaso.net\\\/?author=5\"}]}<\/script>\n<!-- \/ Yoast SEO plugin. -->","yoast_head_json":{"title":"Cours d'appel de Ouagadougou : D\u00e9sir\u00e9 Sawadogo prend les reines du Parquet g\u00e9n\u00e9ral\u00a0 - La Tribune du Faso","robots":{"index":"index","follow":"follow","max-snippet":"max-snippet:-1","max-image-preview":"max-image-preview:large","max-video-preview":"max-video-preview:-1"},"canonical":"https:\/\/www.latribunedufaso.net\/?p=22227","og_locale":"fr_FR","og_type":"article","og_title":"Cours d'appel de Ouagadougou : D\u00e9sir\u00e9 Sawadogo prend les reines du Parquet g\u00e9n\u00e9ral\u00a0 - La Tribune du Faso","og_description":"La Cour d\u2019appel de Ouagadougou a proc\u00e9d\u00e9 le 25 juillet 2025, au cours d\u2019une audience solennelle, \u00e0 l\u2019installation de son nouveau Procureur g\u00e9n\u00e9ral, D\u00e9sir\u00e9 Sawadogo. C&rsquo;\u00e9tait en pr\u00e9sence de plusieurs autorit\u00e9s judiciaires dont le Secr\u00e9taire g\u00e9n\u00e9ral du minist\u00e8re de la Justice et des Droits humains, charg\u00e9 des Relations avec les Institutions, Harouna Kadio.","og_url":"https:\/\/www.latribunedufaso.net\/?p=22227","og_site_name":"La Tribune du Faso","article_publisher":"https:\/\/www.facebook.com\/LatribuneduFaso\/","article_published_time":"2025-07-28T12:31:37+00:00","og_image":[{"width":1600,"height":1200,"url":"https:\/\/www.latribunedufaso.net\/wp-content\/uploads\/2025\/07\/FB_IMG_1753704781887.jpg","type":"image\/jpeg"}],"author":"Issouf Tapsoba","twitter_misc":{"\u00c9crit par":"Issouf Tapsoba","Dur\u00e9e de lecture estim\u00e9e":"1 minute"},"schema":{"@context":"https:\/\/schema.org","@graph":[{"@type":"Article","@id":"https:\/\/www.latribunedufaso.net\/?p=22227#article","isPartOf":{"@id":"https:\/\/www.latribunedufaso.net\/?p=22227"},"author":{"name":"Issouf Tapsoba","@id":"https:\/\/www.latribunedufaso.net\/#\/schema\/person\/e54e64c5778a7e72cf80a318b7a622b0"},"headline":"Cours d&rsquo;appel de Ouagadougou : D\u00e9sir\u00e9 Sawadogo prend les reines du Parquet g\u00e9n\u00e9ral\u00a0","datePublished":"2025-07-28T12:31:37+00:00","mainEntityOfPage":{"@id":"https:\/\/www.latribunedufaso.net\/?p=22227"},"wordCount":314,"commentCount":0,"publisher":{"@id":"https:\/\/www.latribunedufaso.net\/#organization"},"image":{"@id":"https:\/\/www.latribunedufaso.net\/?p=22227#primaryimage"},"thumbnailUrl":"https:\/\/www.latribunedufaso.net\/wp-content\/uploads\/2025\/07\/FB_IMG_1753704781887.jpg","keywords":["Cour d'appel de Ouagadougou","D\u00e9sir\u00e9 Sawadogo","latribunedufaso.net","nouveau Procureur g\u00e9n\u00e9ral Cour d'appel de Ouaga"],"articleSection":["A la une","Actualit\u00e9","Soci\u00e9t\u00e9"],"inLanguage":"fr-FR","potentialAction":[{"@type":"CommentAction","name":"Comment","target":["https:\/\/www.latribunedufaso.net\/?p=22227#respond"]}]},{"@type":"WebPage","@id":"https:\/\/www.latribunedufaso.net\/?p=22227","url":"https:\/\/www.latribunedufaso.net\/?p=22227","name":"Cours d'appel de Ouagadougou : D\u00e9sir\u00e9 Sawadogo prend les reines du Parquet g\u00e9n\u00e9ral\u00a0 - La Tribune du Faso","isPartOf":{"@id":"https:\/\/www.latribunedufaso.net\/#website"},"primaryImageOfPage":{"@id":"https:\/\/www.latribunedufaso.net\/?p=22227#primaryimage"},"image":{"@id":"https:\/\/www.latribunedufaso.net\/?p=22227#primaryimage"},"thumbnailUrl":"https:\/\/www.latribunedufaso.net\/wp-content\/uploads\/2025\/07\/FB_IMG_1753704781887.jpg","datePublished":"2025-07-28T12:31:37+00:00","breadcrumb":{"@id":"https:\/\/www.latribunedufaso.net\/?p=22227#breadcrumb"},"inLanguage":"fr-FR","potentialAction":[{"@type":"ReadAction","target":["https:\/\/www.latribunedufaso.net\/?p=22227"]}]},{"@type":"ImageObject","inLanguage":"fr-FR","@id":"https:\/\/www.latribunedufaso.net\/?p=22227#primaryimage","url":"https:\/\/www.latribunedufaso.net\/wp-content\/uploads\/2025\/07\/FB_IMG_1753704781887.jpg","contentUrl":"https:\/\/www.latribunedufaso.net\/wp-content\/uploads\/2025\/07\/FB_IMG_1753704781887.jpg","width":1600,"height":1200,"caption":"Le nouveau Procureur g\u00e9n\u00e9ral, D\u00e9sir\u00e9 Sawadogo de la Cour d'appel de Ouagadougou lors de la c\u00e9r\u00e9monie d'installation - Ph. DR"},{"@type":"BreadcrumbList","@id":"https:\/\/www.latribunedufaso.net\/?p=22227#breadcrumb","itemListElement":[{"@type":"ListItem","position":1,"name":"Accueil","item":"https:\/\/www.latribunedufaso.net\/"},{"@type":"ListItem","position":2,"name":"Cours d&rsquo;appel de Ouagadougou : D\u00e9sir\u00e9 Sawadogo prend les reines du Parquet g\u00e9n\u00e9ral\u00a0"}]},{"@type":"WebSite","@id":"https:\/\/www.latribunedufaso.net\/#website","url":"https:\/\/www.latribunedufaso.net\/","name":"La Tribune du Faso","description":"L&#039;information du monde rural en un clic","publisher":{"@id":"https:\/\/www.latribunedufaso.net\/#organization"},"potentialAction":[{"@type":"SearchAction","target":{"@type":"EntryPoint","urlTemplate":"https:\/\/www.latribunedufaso.net\/?s={search_term_string}"},"query-input":{"@type":"PropertyValueSpecification","valueRequired":true,"valueName":"search_term_string"}}],"inLanguage":"fr-FR"},{"@type":"Organization","@id":"https:\/\/www.latribunedufaso.net\/#organization","name":"La Tribune du Faso","url":"https:\/\/www.latribunedufaso.net\/","logo":{"@type":"ImageObject","inLanguage":"fr-FR","@id":"https:\/\/www.latribunedufaso.net\/#\/schema\/logo\/image\/","url":"https:\/\/www.latribunedufaso.net\/wp-content\/uploads\/2020\/08\/Logo-Tribune-du-Faso-final-scaled.jpg","contentUrl":"https:\/\/www.latribunedufaso.net\/wp-content\/uploads\/2020\/08\/Logo-Tribune-du-Faso-final-scaled.jpg","width":2560,"height":1856,"caption":"La Tribune du Faso"},"image":{"@id":"https:\/\/www.latribunedufaso.net\/#\/schema\/logo\/image\/"},"sameAs":["https:\/\/www.facebook.com\/LatribuneduFaso\/"]},{"@type":"Person","@id":"https:\/\/www.latribunedufaso.net\/#\/schema\/person\/e54e64c5778a7e72cf80a318b7a622b0","name":"Issouf Tapsoba","image":{"@type":"ImageObject","inLanguage":"fr-FR","@id":"https:\/\/secure.gravatar.com\/avatar\/5e6c05150ce3230247d167f5b94d678eb05936197436d69b7921e3a95c9107ac?s=96&d=mm&r=g","url":"https:\/\/secure.gravatar.com\/avatar\/5e6c05150ce3230247d167f5b94d678eb05936197436d69b7921e3a95c9107ac?s=96&d=mm&r=g","contentUrl":"https:\/\/secure.gravatar.com\/avatar\/5e6c05150ce3230247d167f5b94d678eb05936197436d69b7921e3a95c9107ac?s=96&d=mm&r=g","caption":"Issouf Tapsoba"},"url":"https:\/\/www.latribunedufaso.net\/?author=5"}]}},"_links":{"self":[{"href":"https:\/\/www.latribunedufaso.net\/index.php?rest_route=\/wp\/v2\/posts\/22227","targetHints":{"allow":["GET"]}}],"collection":[{"href":"https:\/\/www.latribunedufaso.net\/index.php?rest_route=\/wp\/v2\/posts"}],"about":[{"href":"https:\/\/www.latribunedufaso.net\/index.php?rest_route=\/wp\/v2\/types\/post"}],"author":[{"embeddable":true,"href":"https:\/\/www.latribunedufaso.net\/index.php?rest_route=\/wp\/v2\/users\/5"}],"replies":[{"embeddable":true,"href":"https:\/\/www.latribunedufaso.net\/index.php?rest_route=%2Fwp%2Fv2%2Fcomments&post=22227"}],"version-history":[{"count":1,"href":"https:\/\/www.latribunedufaso.net\/index.php?rest_route=\/wp\/v2\/posts\/22227\/revisions"}],"predecessor-version":[{"id":22231,"href":"https:\/\/www.latribunedufaso.net\/index.php?rest_route=\/wp\/v2\/posts\/22227\/revisions\/22231"}],"wp:featuredmedia":[{"embeddable":true,"href":"https:\/\/www.latribunedufaso.net\/index.php?rest_route=\/wp\/v2\/media\/22228"}],"wp:attachment":[{"href":"https:\/\/www.latribunedufaso.net\/index.php?rest_route=%2Fwp%2Fv2%2Fmedia&parent=22227"}],"wp:term":[{"taxonomy":"category","embeddable":true,"href":"https:\/\/www.latribunedufaso.net\/index.php?rest_route=%2Fwp%2Fv2%2Fcategories&post=22227"},{"taxonomy":"post_tag","embeddable":true,"href":"https:\/\/www.latribunedufaso.net\/index.php?rest_route=%2Fwp%2Fv2%2Ftags&post=22227"}],"curies":[{"name":"wp","href":"https:\/\/api.w.org\/{rel}","templated":true}]}}