{"id":2220,"date":"2020-12-30T01:05:50","date_gmt":"2020-12-30T01:05:50","guid":{"rendered":"https:\/\/www.latribunedufaso.net\/?p=2220"},"modified":"2020-12-30T01:05:50","modified_gmt":"2020-12-30T01:05:50","slug":"reelection-dalassane-bala-sakande-le-pan-veut-travailler-a-rapprocher-le-plus-possible-les-deputes-du-peuple-burkinabe","status":"publish","type":"post","link":"https:\/\/www.latribunedufaso.net\/?p=2220","title":{"rendered":"R\u00e9\u00e9lection d\u2019Alassane Bala Sakand\u00e9: le PAN veut travailler \u00e0 rapprocher le plus possible les d\u00e9put\u00e9s du peuple burkinab\u00e9"},"content":{"rendered":"<p><strong><span style=\"font-size: 1.0625rem;\">La pl\u00e9ni\u00e8re inaugurale de la huiti\u00e8me l\u00e9gislature tenue dans l\u2019apr\u00e8s-midi du lundi 28 d\u00e9cembre 2020 a \u00e9t\u00e9 marqu\u00e9e par deux actes majeurs. Le premier acte a consist\u00e9 en la validation du mandat des 127 d\u00e9put\u00e9s que compte ladite l\u00e9gislature. Le second acte a \u00e9t\u00e9 consacr\u00e9 \u00e0 l\u2019\u00e9lection du pr\u00e9sident de l\u2019Assembl\u00e9e nationale.<\/span><\/strong><br \/>\n<!--more--><\/p>\n<p><a href=\"https:\/\/latribunedufaso.net\/wp-content\/uploads\/2020\/12\/IMG-20201229-WA0032.jpg\"><img loading=\"lazy\" decoding=\"async\" class=\"size-medium wp-image-2221 aligncenter\" src=\"https:\/\/latribunedufaso.net\/wp-content\/uploads\/2020\/12\/IMG-20201229-WA0032-300x200.jpg\" alt=\"\" width=\"300\" height=\"200\" srcset=\"https:\/\/www.latribunedufaso.net\/wp-content\/uploads\/2020\/12\/IMG-20201229-WA0032-300x200.jpg 300w, https:\/\/www.latribunedufaso.net\/wp-content\/uploads\/2020\/12\/IMG-20201229-WA0032-120x80.jpg 120w, https:\/\/www.latribunedufaso.net\/wp-content\/uploads\/2020\/12\/IMG-20201229-WA0032-360x240.jpg 360w, https:\/\/www.latribunedufaso.net\/wp-content\/uploads\/2020\/12\/IMG-20201229-WA0032-600x400.jpg 600w, https:\/\/www.latribunedufaso.net\/wp-content\/uploads\/2020\/12\/IMG-20201229-WA0032.jpg 720w\" sizes=\"auto, (max-width: 300px) 100vw, 300px\" \/><\/a> A l\u2019ouverture des travaux de la pl\u00e9ni\u00e8re inaugurale de la huiti\u00e8me l\u00e9gislature, le pr\u00e9sident de la 7e l\u00e9gislature, Alassane Bala Sakand\u00e9, a proc\u00e9d\u00e9 \u00e0 l\u2019installation du bureau d\u2019\u00e2ge cens\u00e9 pr\u00e9sider les travaux de la pl\u00e9ni\u00e8re. Ledit bureau \u00e9tait compos\u00e9 du plus \u00e2g\u00e9 et des deux plus jeunes de la l\u00e9gislature. Le plus \u00e2g\u00e9, Ren\u00e9 Lompo, a alors \u00e9t\u00e9 assist\u00e9 dans sa t\u00e2che par les deux plus jeunes Issouf Niki\u00e9ma et Seydou Kon\u00e9.<\/p>\n<p>L\u2019installation du bureau d\u2019\u00e2ge ainsi faite, Ren\u00e9 Lompo a invit\u00e9 \u00e0 passer \u00e0 la validation du mandat des nouveaux d\u00e9put\u00e9s, c\u2019est-\u00e0-dire de la huiti\u00e8me l\u00e9gislature. La validation s\u2019est effectu\u00e9e par acclamations des d\u00e9put\u00e9s lors de l\u2019appel du nom d\u2019un des leurs. Ils ont \u00e9t\u00e9 127 en tout \u00e0 se pr\u00eater \u00e0 cet exercice, dans l\u2019ordre alphab\u00e9tique. Une fois la validation approuv\u00e9e par le doyen de la l\u00e9gislature, une suspension d\u2019une heure a \u00e9t\u00e9 observ\u00e9e \u00e0 l\u2019effet de permettre au secr\u00e9tariat du bureau d\u2019\u00e2ge de recevoir les candidatures pour l\u2019\u00e9lection du pr\u00e9sident de l\u2019Assembl\u00e9e nationale. Une seule candidature sera, \u00e0 la consommation des une heure impartie, retenue. Et ce sera celle du Mouvement du peuple pour le progr\u00e8s (MPP), notamment du pr\u00e9sident sortant de la 7e l\u00e9gislature, Alassane Bala Sakand\u00e9. Celui-ci, \u00e0 l\u2019issue des votes, uniquement des d\u00e9put\u00e9s, obtiendra 123 votes pour, 02 votes contre et 02 votes d\u2019abstention.<br \/>\nLe pr\u00e9sident entrant de la huiti\u00e8me l\u00e9gislature a fait savoir le sens qu\u2019il donne \u00e0 sa r\u00e9\u00e9lection. Cette r\u00e9\u00e9lection, il la per\u00e7oit comme un message de l\u2019ensemble des d\u00e9put\u00e9s aussi bien de la majorit\u00e9 que de l\u2019opposition. \u00ab Je me devais de comprendre ce message. Ce message est aussi celui du peuple burkinab\u00e9. Pour moi, cette r\u00e9\u00e9lection est une charge. Je voudrais remercier l\u2019ensemble des d\u00e9put\u00e9s, remercier \u00e9galement le peuple burkinab\u00e9 \u00bb, a-t-il indiqu\u00e9. Il dit alors placer son mandat sous le signe du rapprochement des d\u00e9put\u00e9s du peuple burkinab\u00e9. \u00ab Je l\u2019ai dit dans mon propos, nous devons travailler \u00e0 rester du c\u00f4t\u00e9 du peuple. Nous sommes l\u00e0 par le peuple et pour le peuple. Pour moi, c\u2019est une continuit\u00e9, nous ne devons pas nous limiter seulement aux seules fonctions de d\u00e9put\u00e9s, mais travailler \u00e0 faire en sorte que les d\u00e9put\u00e9s \u00e9lus et parlementaires soient le plus proche possible du citoyen burkinab\u00e9 \u00bb, a laiss\u00e9 entendre Bala Sakand\u00e9.<\/p>\n<p>Z\u00e9phirin Diabr\u00e9, candidat malheureux \u00e0 l\u2019\u00e9lection du Pr\u00e9sident du Faso du 22 novembre 2020 est l\u2019un des 127 d\u00e9put\u00e9s qui a vu son mandat valider au cours de cette pl\u00e9ni\u00e8re. Il si\u00e8gera au compte du parti du lion ou l\u2019Union pour le progr\u00e8s et le changement (UPC). \u00ab Comme les fois pass\u00e9es, je dois suivre le sens de la responsabilit\u00e9. Le r\u00f4le du d\u00e9put\u00e9, c\u2019est de voter des lois\u2026, mais dans notre situation, en particulier dans les pays en voie de d\u00e9veloppement, c\u2019est aussi d\u2019\u00eatre un acteur de d\u00e9veloppement. Je m\u2019att\u00e8lerais autant que je peux afin de m\u2019acquitter de cette mission \u00bb, a-t-il d\u00e9clar\u00e9.<\/p>\n<p><strong>Tambi Serge Pac\u00f4me Zongo<\/strong><br \/>\n<strong>Latribunedufaso.net<\/strong><\/p>\n<p>&nbsp;<\/p>\n","protected":false},"excerpt":{"rendered":"<p>La pl\u00e9ni\u00e8re inaugurale de la huiti\u00e8me l\u00e9gislature tenue dans l\u2019apr\u00e8s-midi du lundi 28 d\u00e9cembre 2020 a \u00e9t\u00e9 marqu\u00e9e par deux actes majeurs. Le premier acte a consist\u00e9 en la validation du mandat des 127 d\u00e9put\u00e9s que compte ladite l\u00e9gislature. Le second acte a \u00e9t\u00e9 consacr\u00e9 \u00e0 l\u2019\u00e9lection du pr\u00e9sident de l\u2019Assembl\u00e9e nationale.<\/p>\n","protected":false},"author":2,"featured_media":2222,"comment_status":"open","ping_status":"open","sticky":false,"template":"","format":"standard","meta":{"footnotes":""},"categories":[13,1,26],"tags":[],"class_list":["post-2220","post","type-post","status-publish","format-standard","has-post-thumbnail","hentry","category-une","category-actu","category-elections-couplees-novembre-2020"],"yoast_head":"<!-- This site is optimized with the Yoast SEO plugin v27.4 - https:\/\/yoast.com\/product\/yoast-seo-wordpress\/ -->\n<title>R\u00e9\u00e9lection d\u2019Alassane Bala Sakand\u00e9: le PAN veut travailler \u00e0 rapprocher le plus possible les d\u00e9put\u00e9s du peuple burkinab\u00e9 - La Tribune du Faso<\/title>\n<meta name=\"robots\" content=\"index, follow, max-snippet:-1, max-image-preview:large, max-video-preview:-1\" \/>\n<link rel=\"canonical\" href=\"https:\/\/www.latribunedufaso.net\/?p=2220\" \/>\n<meta property=\"og:locale\" content=\"fr_FR\" \/>\n<meta property=\"og:type\" content=\"article\" \/>\n<meta property=\"og:title\" content=\"R\u00e9\u00e9lection d\u2019Alassane Bala Sakand\u00e9: le PAN veut travailler \u00e0 rapprocher le plus possible les d\u00e9put\u00e9s du peuple burkinab\u00e9 - La Tribune du Faso\" \/>\n<meta property=\"og:description\" content=\"La pl\u00e9ni\u00e8re inaugurale de la huiti\u00e8me l\u00e9gislature tenue dans l\u2019apr\u00e8s-midi du lundi 28 d\u00e9cembre 2020 a \u00e9t\u00e9 marqu\u00e9e par deux actes majeurs. Le premier acte a consist\u00e9 en la validation du mandat des 127 d\u00e9put\u00e9s que compte ladite l\u00e9gislature. Le second acte a \u00e9t\u00e9 consacr\u00e9 \u00e0 l\u2019\u00e9lection du pr\u00e9sident de l\u2019Assembl\u00e9e nationale.\" \/>\n<meta property=\"og:url\" content=\"https:\/\/www.latribunedufaso.net\/?p=2220\" \/>\n<meta property=\"og:site_name\" content=\"La Tribune du Faso\" \/>\n<meta property=\"article:publisher\" content=\"https:\/\/www.facebook.com\/LatribuneduFaso\/\" \/>\n<meta property=\"article:published_time\" content=\"2020-12-30T01:05:50+00:00\" \/>\n<meta property=\"og:image\" content=\"https:\/\/latribunedufaso.net\/wp-content\/uploads\/2020\/12\/IMG-20201229-WA0031.jpg\" \/>\n\t<meta property=\"og:image:width\" content=\"720\" \/>\n\t<meta property=\"og:image:height\" content=\"515\" \/>\n\t<meta property=\"og:image:type\" content=\"image\/jpeg\" \/>\n<meta name=\"author\" content=\"Administrateur\" \/>\n<meta name=\"twitter:label1\" content=\"\u00c9crit par\" \/>\n\t<meta name=\"twitter:data1\" content=\"Administrateur\" \/>\n\t<meta name=\"twitter:label2\" content=\"Dur\u00e9e de lecture estim\u00e9e\" \/>\n\t<meta name=\"twitter:data2\" content=\"3 minutes\" \/>\n<script type=\"application\/ld+json\" class=\"yoast-schema-graph\">{\"@context\":\"https:\\\/\\\/schema.org\",\"@graph\":[{\"@type\":\"Article\",\"@id\":\"https:\\\/\\\/www.latribunedufaso.net\\\/?p=2220#article\",\"isPartOf\":{\"@id\":\"https:\\\/\\\/www.latribunedufaso.net\\\/?p=2220\"},\"author\":{\"name\":\"Administrateur\",\"@id\":\"https:\\\/\\\/www.latribunedufaso.net\\\/#\\\/schema\\\/person\\\/a380782d0605bb8aae27c40ea93b35b1\"},\"headline\":\"R\u00e9\u00e9lection d\u2019Alassane Bala Sakand\u00e9: le PAN veut travailler \u00e0 rapprocher le plus possible les d\u00e9put\u00e9s du peuple burkinab\u00e9\",\"datePublished\":\"2020-12-30T01:05:50+00:00\",\"mainEntityOfPage\":{\"@id\":\"https:\\\/\\\/www.latribunedufaso.net\\\/?p=2220\"},\"wordCount\":648,\"commentCount\":0,\"publisher\":{\"@id\":\"https:\\\/\\\/www.latribunedufaso.net\\\/#organization\"},\"image\":{\"@id\":\"https:\\\/\\\/www.latribunedufaso.net\\\/?p=2220#primaryimage\"},\"thumbnailUrl\":\"https:\\\/\\\/www.latribunedufaso.net\\\/wp-content\\\/uploads\\\/2020\\\/12\\\/IMG-20201229-WA0031.jpg\",\"articleSection\":[\"A la une\",\"Actualit\u00e9\",\"Elections coupl\u00e9es novembre 2020\"],\"inLanguage\":\"fr-FR\",\"potentialAction\":[{\"@type\":\"CommentAction\",\"name\":\"Comment\",\"target\":[\"https:\\\/\\\/www.latribunedufaso.net\\\/?p=2220#respond\"]}]},{\"@type\":\"WebPage\",\"@id\":\"https:\\\/\\\/www.latribunedufaso.net\\\/?p=2220\",\"url\":\"https:\\\/\\\/www.latribunedufaso.net\\\/?p=2220\",\"name\":\"R\u00e9\u00e9lection d\u2019Alassane Bala Sakand\u00e9: le PAN veut travailler \u00e0 rapprocher le plus possible les d\u00e9put\u00e9s du peuple burkinab\u00e9 - La Tribune du Faso\",\"isPartOf\":{\"@id\":\"https:\\\/\\\/www.latribunedufaso.net\\\/#website\"},\"primaryImageOfPage\":{\"@id\":\"https:\\\/\\\/www.latribunedufaso.net\\\/?p=2220#primaryimage\"},\"image\":{\"@id\":\"https:\\\/\\\/www.latribunedufaso.net\\\/?p=2220#primaryimage\"},\"thumbnailUrl\":\"https:\\\/\\\/www.latribunedufaso.net\\\/wp-content\\\/uploads\\\/2020\\\/12\\\/IMG-20201229-WA0031.jpg\",\"datePublished\":\"2020-12-30T01:05:50+00:00\",\"breadcrumb\":{\"@id\":\"https:\\\/\\\/www.latribunedufaso.net\\\/?p=2220#breadcrumb\"},\"inLanguage\":\"fr-FR\",\"potentialAction\":[{\"@type\":\"ReadAction\",\"target\":[\"https:\\\/\\\/www.latribunedufaso.net\\\/?p=2220\"]}]},{\"@type\":\"ImageObject\",\"inLanguage\":\"fr-FR\",\"@id\":\"https:\\\/\\\/www.latribunedufaso.net\\\/?p=2220#primaryimage\",\"url\":\"https:\\\/\\\/www.latribunedufaso.net\\\/wp-content\\\/uploads\\\/2020\\\/12\\\/IMG-20201229-WA0031.jpg\",\"contentUrl\":\"https:\\\/\\\/www.latribunedufaso.net\\\/wp-content\\\/uploads\\\/2020\\\/12\\\/IMG-20201229-WA0031.jpg\",\"width\":720,\"height\":515},{\"@type\":\"BreadcrumbList\",\"@id\":\"https:\\\/\\\/www.latribunedufaso.net\\\/?p=2220#breadcrumb\",\"itemListElement\":[{\"@type\":\"ListItem\",\"position\":1,\"name\":\"Accueil\",\"item\":\"https:\\\/\\\/www.latribunedufaso.net\\\/\"},{\"@type\":\"ListItem\",\"position\":2,\"name\":\"R\u00e9\u00e9lection d\u2019Alassane Bala Sakand\u00e9: le PAN veut travailler \u00e0 rapprocher le plus possible les d\u00e9put\u00e9s du peuple burkinab\u00e9\"}]},{\"@type\":\"WebSite\",\"@id\":\"https:\\\/\\\/www.latribunedufaso.net\\\/#website\",\"url\":\"https:\\\/\\\/www.latribunedufaso.net\\\/\",\"name\":\"La Tribune du Faso\",\"description\":\"L&#039;information du monde rural en un clic\",\"publisher\":{\"@id\":\"https:\\\/\\\/www.latribunedufaso.net\\\/#organization\"},\"potentialAction\":[{\"@type\":\"SearchAction\",\"target\":{\"@type\":\"EntryPoint\",\"urlTemplate\":\"https:\\\/\\\/www.latribunedufaso.net\\\/?s={search_term_string}\"},\"query-input\":{\"@type\":\"PropertyValueSpecification\",\"valueRequired\":true,\"valueName\":\"search_term_string\"}}],\"inLanguage\":\"fr-FR\"},{\"@type\":\"Organization\",\"@id\":\"https:\\\/\\\/www.latribunedufaso.net\\\/#organization\",\"name\":\"La Tribune du Faso\",\"url\":\"https:\\\/\\\/www.latribunedufaso.net\\\/\",\"logo\":{\"@type\":\"ImageObject\",\"inLanguage\":\"fr-FR\",\"@id\":\"https:\\\/\\\/www.latribunedufaso.net\\\/#\\\/schema\\\/logo\\\/image\\\/\",\"url\":\"https:\\\/\\\/www.latribunedufaso.net\\\/wp-content\\\/uploads\\\/2020\\\/08\\\/Logo-Tribune-du-Faso-final-scaled.jpg\",\"contentUrl\":\"https:\\\/\\\/www.latribunedufaso.net\\\/wp-content\\\/uploads\\\/2020\\\/08\\\/Logo-Tribune-du-Faso-final-scaled.jpg\",\"width\":2560,\"height\":1856,\"caption\":\"La Tribune du Faso\"},\"image\":{\"@id\":\"https:\\\/\\\/www.latribunedufaso.net\\\/#\\\/schema\\\/logo\\\/image\\\/\"},\"sameAs\":[\"https:\\\/\\\/www.facebook.com\\\/LatribuneduFaso\\\/\"]},{\"@type\":\"Person\",\"@id\":\"https:\\\/\\\/www.latribunedufaso.net\\\/#\\\/schema\\\/person\\\/a380782d0605bb8aae27c40ea93b35b1\",\"name\":\"Administrateur\",\"image\":{\"@type\":\"ImageObject\",\"inLanguage\":\"fr-FR\",\"@id\":\"https:\\\/\\\/secure.gravatar.com\\\/avatar\\\/e20266f97d741f0e80ba1f60283074a9b3317fd7bfb727e0d95b51dafbf854a1?s=96&d=mm&r=g\",\"url\":\"https:\\\/\\\/secure.gravatar.com\\\/avatar\\\/e20266f97d741f0e80ba1f60283074a9b3317fd7bfb727e0d95b51dafbf854a1?s=96&d=mm&r=g\",\"contentUrl\":\"https:\\\/\\\/secure.gravatar.com\\\/avatar\\\/e20266f97d741f0e80ba1f60283074a9b3317fd7bfb727e0d95b51dafbf854a1?s=96&d=mm&r=g\",\"caption\":\"Administrateur\"},\"url\":\"https:\\\/\\\/www.latribunedufaso.net\\\/?author=2\"}]}<\/script>\n<!-- \/ Yoast SEO plugin. -->","yoast_head_json":{"title":"R\u00e9\u00e9lection d\u2019Alassane Bala Sakand\u00e9: le PAN veut travailler \u00e0 rapprocher le plus possible les d\u00e9put\u00e9s du peuple burkinab\u00e9 - La Tribune du Faso","robots":{"index":"index","follow":"follow","max-snippet":"max-snippet:-1","max-image-preview":"max-image-preview:large","max-video-preview":"max-video-preview:-1"},"canonical":"https:\/\/www.latribunedufaso.net\/?p=2220","og_locale":"fr_FR","og_type":"article","og_title":"R\u00e9\u00e9lection d\u2019Alassane Bala Sakand\u00e9: le PAN veut travailler \u00e0 rapprocher le plus possible les d\u00e9put\u00e9s du peuple burkinab\u00e9 - La Tribune du Faso","og_description":"La pl\u00e9ni\u00e8re inaugurale de la huiti\u00e8me l\u00e9gislature tenue dans l\u2019apr\u00e8s-midi du lundi 28 d\u00e9cembre 2020 a \u00e9t\u00e9 marqu\u00e9e par deux actes majeurs. Le premier acte a consist\u00e9 en la validation du mandat des 127 d\u00e9put\u00e9s que compte ladite l\u00e9gislature. Le second acte a \u00e9t\u00e9 consacr\u00e9 \u00e0 l\u2019\u00e9lection du pr\u00e9sident de l\u2019Assembl\u00e9e nationale.","og_url":"https:\/\/www.latribunedufaso.net\/?p=2220","og_site_name":"La Tribune du Faso","article_publisher":"https:\/\/www.facebook.com\/LatribuneduFaso\/","article_published_time":"2020-12-30T01:05:50+00:00","og_image":[{"width":720,"height":515,"url":"https:\/\/latribunedufaso.net\/wp-content\/uploads\/2020\/12\/IMG-20201229-WA0031.jpg","type":"image\/jpeg"}],"author":"Administrateur","twitter_misc":{"\u00c9crit par":"Administrateur","Dur\u00e9e de lecture estim\u00e9e":"3 minutes"},"schema":{"@context":"https:\/\/schema.org","@graph":[{"@type":"Article","@id":"https:\/\/www.latribunedufaso.net\/?p=2220#article","isPartOf":{"@id":"https:\/\/www.latribunedufaso.net\/?p=2220"},"author":{"name":"Administrateur","@id":"https:\/\/www.latribunedufaso.net\/#\/schema\/person\/a380782d0605bb8aae27c40ea93b35b1"},"headline":"R\u00e9\u00e9lection d\u2019Alassane Bala Sakand\u00e9: le PAN veut travailler \u00e0 rapprocher le plus possible les d\u00e9put\u00e9s du peuple burkinab\u00e9","datePublished":"2020-12-30T01:05:50+00:00","mainEntityOfPage":{"@id":"https:\/\/www.latribunedufaso.net\/?p=2220"},"wordCount":648,"commentCount":0,"publisher":{"@id":"https:\/\/www.latribunedufaso.net\/#organization"},"image":{"@id":"https:\/\/www.latribunedufaso.net\/?p=2220#primaryimage"},"thumbnailUrl":"https:\/\/www.latribunedufaso.net\/wp-content\/uploads\/2020\/12\/IMG-20201229-WA0031.jpg","articleSection":["A la une","Actualit\u00e9","Elections coupl\u00e9es novembre 2020"],"inLanguage":"fr-FR","potentialAction":[{"@type":"CommentAction","name":"Comment","target":["https:\/\/www.latribunedufaso.net\/?p=2220#respond"]}]},{"@type":"WebPage","@id":"https:\/\/www.latribunedufaso.net\/?p=2220","url":"https:\/\/www.latribunedufaso.net\/?p=2220","name":"R\u00e9\u00e9lection d\u2019Alassane Bala Sakand\u00e9: le PAN veut travailler \u00e0 rapprocher le plus possible les d\u00e9put\u00e9s du peuple burkinab\u00e9 - La Tribune du Faso","isPartOf":{"@id":"https:\/\/www.latribunedufaso.net\/#website"},"primaryImageOfPage":{"@id":"https:\/\/www.latribunedufaso.net\/?p=2220#primaryimage"},"image":{"@id":"https:\/\/www.latribunedufaso.net\/?p=2220#primaryimage"},"thumbnailUrl":"https:\/\/www.latribunedufaso.net\/wp-content\/uploads\/2020\/12\/IMG-20201229-WA0031.jpg","datePublished":"2020-12-30T01:05:50+00:00","breadcrumb":{"@id":"https:\/\/www.latribunedufaso.net\/?p=2220#breadcrumb"},"inLanguage":"fr-FR","potentialAction":[{"@type":"ReadAction","target":["https:\/\/www.latribunedufaso.net\/?p=2220"]}]},{"@type":"ImageObject","inLanguage":"fr-FR","@id":"https:\/\/www.latribunedufaso.net\/?p=2220#primaryimage","url":"https:\/\/www.latribunedufaso.net\/wp-content\/uploads\/2020\/12\/IMG-20201229-WA0031.jpg","contentUrl":"https:\/\/www.latribunedufaso.net\/wp-content\/uploads\/2020\/12\/IMG-20201229-WA0031.jpg","width":720,"height":515},{"@type":"BreadcrumbList","@id":"https:\/\/www.latribunedufaso.net\/?p=2220#breadcrumb","itemListElement":[{"@type":"ListItem","position":1,"name":"Accueil","item":"https:\/\/www.latribunedufaso.net\/"},{"@type":"ListItem","position":2,"name":"R\u00e9\u00e9lection d\u2019Alassane Bala Sakand\u00e9: le PAN veut travailler \u00e0 rapprocher le plus possible les d\u00e9put\u00e9s du peuple burkinab\u00e9"}]},{"@type":"WebSite","@id":"https:\/\/www.latribunedufaso.net\/#website","url":"https:\/\/www.latribunedufaso.net\/","name":"La Tribune du Faso","description":"L&#039;information du monde rural en un clic","publisher":{"@id":"https:\/\/www.latribunedufaso.net\/#organization"},"potentialAction":[{"@type":"SearchAction","target":{"@type":"EntryPoint","urlTemplate":"https:\/\/www.latribunedufaso.net\/?s={search_term_string}"},"query-input":{"@type":"PropertyValueSpecification","valueRequired":true,"valueName":"search_term_string"}}],"inLanguage":"fr-FR"},{"@type":"Organization","@id":"https:\/\/www.latribunedufaso.net\/#organization","name":"La Tribune du Faso","url":"https:\/\/www.latribunedufaso.net\/","logo":{"@type":"ImageObject","inLanguage":"fr-FR","@id":"https:\/\/www.latribunedufaso.net\/#\/schema\/logo\/image\/","url":"https:\/\/www.latribunedufaso.net\/wp-content\/uploads\/2020\/08\/Logo-Tribune-du-Faso-final-scaled.jpg","contentUrl":"https:\/\/www.latribunedufaso.net\/wp-content\/uploads\/2020\/08\/Logo-Tribune-du-Faso-final-scaled.jpg","width":2560,"height":1856,"caption":"La Tribune du Faso"},"image":{"@id":"https:\/\/www.latribunedufaso.net\/#\/schema\/logo\/image\/"},"sameAs":["https:\/\/www.facebook.com\/LatribuneduFaso\/"]},{"@type":"Person","@id":"https:\/\/www.latribunedufaso.net\/#\/schema\/person\/a380782d0605bb8aae27c40ea93b35b1","name":"Administrateur","image":{"@type":"ImageObject","inLanguage":"fr-FR","@id":"https:\/\/secure.gravatar.com\/avatar\/e20266f97d741f0e80ba1f60283074a9b3317fd7bfb727e0d95b51dafbf854a1?s=96&d=mm&r=g","url":"https:\/\/secure.gravatar.com\/avatar\/e20266f97d741f0e80ba1f60283074a9b3317fd7bfb727e0d95b51dafbf854a1?s=96&d=mm&r=g","contentUrl":"https:\/\/secure.gravatar.com\/avatar\/e20266f97d741f0e80ba1f60283074a9b3317fd7bfb727e0d95b51dafbf854a1?s=96&d=mm&r=g","caption":"Administrateur"},"url":"https:\/\/www.latribunedufaso.net\/?author=2"}]}},"_links":{"self":[{"href":"https:\/\/www.latribunedufaso.net\/index.php?rest_route=\/wp\/v2\/posts\/2220","targetHints":{"allow":["GET"]}}],"collection":[{"href":"https:\/\/www.latribunedufaso.net\/index.php?rest_route=\/wp\/v2\/posts"}],"about":[{"href":"https:\/\/www.latribunedufaso.net\/index.php?rest_route=\/wp\/v2\/types\/post"}],"author":[{"embeddable":true,"href":"https:\/\/www.latribunedufaso.net\/index.php?rest_route=\/wp\/v2\/users\/2"}],"replies":[{"embeddable":true,"href":"https:\/\/www.latribunedufaso.net\/index.php?rest_route=%2Fwp%2Fv2%2Fcomments&post=2220"}],"version-history":[{"count":1,"href":"https:\/\/www.latribunedufaso.net\/index.php?rest_route=\/wp\/v2\/posts\/2220\/revisions"}],"predecessor-version":[{"id":2224,"href":"https:\/\/www.latribunedufaso.net\/index.php?rest_route=\/wp\/v2\/posts\/2220\/revisions\/2224"}],"wp:featuredmedia":[{"embeddable":true,"href":"https:\/\/www.latribunedufaso.net\/index.php?rest_route=\/wp\/v2\/media\/2222"}],"wp:attachment":[{"href":"https:\/\/www.latribunedufaso.net\/index.php?rest_route=%2Fwp%2Fv2%2Fmedia&parent=2220"}],"wp:term":[{"taxonomy":"category","embeddable":true,"href":"https:\/\/www.latribunedufaso.net\/index.php?rest_route=%2Fwp%2Fv2%2Fcategories&post=2220"},{"taxonomy":"post_tag","embeddable":true,"href":"https:\/\/www.latribunedufaso.net\/index.php?rest_route=%2Fwp%2Fv2%2Ftags&post=2220"}],"curies":[{"name":"wp","href":"https:\/\/api.w.org\/{rel}","templated":true}]}}