{"id":22101,"date":"2025-07-23T12:10:32","date_gmt":"2025-07-23T12:10:32","guid":{"rendered":"https:\/\/www.latribunedufaso.net\/?p=22101"},"modified":"2025-07-23T12:17:24","modified_gmt":"2025-07-23T12:17:24","slug":"allocation-des-bourses-marocaines-220-bourses-en-cours-dattribution-aux-etudiants-etudiants-burkinabe","status":"publish","type":"post","link":"https:\/\/www.latribunedufaso.net\/?p=22101","title":{"rendered":"Allocation des bourses marocaines : 220 bourses en cours d&rsquo;attribution aux \u00e9tudiants Burkinab\u00e8\u00a0\u00a0"},"content":{"rendered":"<p><strong>Les membres du Comit\u00e9 Inter-Etats Maroc-Burkina Faso ont d\u00e9marr\u00e9 les travaux, le 22 juillet 2025 \u00e0 l&rsquo;Agence Marocaine de Coop\u00e9ration Internationale (AMCI) \u00e0 Rabat. La d\u00e9l\u00e9gation burkinab\u00e8 forte de sept membres est conduite par le Pr Jean C\u00e9lestin Ky, Conseiller technique du ministre de l\u2019Enseignement Sup\u00e9rieur, de la Recherche et de l\u2019Innovation et Pr\u00e9sident de la Commission nationale des bourses d&rsquo;\u00e9tudes et des stages.<\/strong><!--more--><\/p>\n<p>La c\u00e9r\u00e9monie d&rsquo;ouverture des travaux a connu la pr\u00e9sence de l&rsquo;Ambassadeur du Burkina Faso \u00e0 Rabat, Mamadou Coulibaly et ses collaborateurs.<\/p>\n<p>Les travaux du comit\u00e9 permettront d&rsquo;attribuer les quotas de bourses suivants :<\/p>\n<p>-124 bourses pour l&rsquo;enseignement sup\u00e9rieur,<\/p>\n<p>-6 bourses post doctorat,<\/p>\n<p>-70 bourses pour des formations professionnelles,<\/p>\n<p>-20 bourses pour les orphelins des FDS.<\/p>\n<p><strong>Latribunedufaso.net<\/strong><\/p>\n<p><strong>Source : DCRP\/MESRI<\/strong><\/p>\n<figure id=\"attachment_22103\" aria-describedby=\"caption-attachment-22103\" style=\"width: 1600px\" class=\"wp-caption aligncenter\"><a href=\"https:\/\/www.latribunedufaso.net\/wp-content\/uploads\/2025\/07\/FB_IMG_1753272264733.jpg\"><img loading=\"lazy\" decoding=\"async\" class=\"size-full wp-image-22103\" src=\"https:\/\/www.latribunedufaso.net\/wp-content\/uploads\/2025\/07\/FB_IMG_1753272264733.jpg\" alt=\"Les membres du Comit\u00e9 Inter-Etats Maroc-Burkina Faso ont d\u00e9marr\u00e9 les travaux, le 22 juillet 2025 au Maroc\" width=\"1600\" height=\"1200\" srcset=\"https:\/\/www.latribunedufaso.net\/wp-content\/uploads\/2025\/07\/FB_IMG_1753272264733.jpg 1600w, https:\/\/www.latribunedufaso.net\/wp-content\/uploads\/2025\/07\/FB_IMG_1753272264733-300x225.jpg 300w, https:\/\/www.latribunedufaso.net\/wp-content\/uploads\/2025\/07\/FB_IMG_1753272264733-1024x768.jpg 1024w, https:\/\/www.latribunedufaso.net\/wp-content\/uploads\/2025\/07\/FB_IMG_1753272264733-768x576.jpg 768w, https:\/\/www.latribunedufaso.net\/wp-content\/uploads\/2025\/07\/FB_IMG_1753272264733-1536x1152.jpg 1536w\" sizes=\"auto, (max-width: 1600px) 100vw, 1600px\" \/><\/a><figcaption id=\"caption-attachment-22103\" class=\"wp-caption-text\">Photo de famille des membres du comit\u00e9 &#8211; Ph. DR<\/figcaption><\/figure>\n","protected":false},"excerpt":{"rendered":"<p>Les membres du Comit\u00e9 Inter-Etats Maroc-Burkina Faso ont d\u00e9marr\u00e9 les travaux, le 22 juillet 2025 \u00e0 l&rsquo;Agence Marocaine de Coop\u00e9ration Internationale (AMCI) \u00e0 Rabat. La d\u00e9l\u00e9gation burkinab\u00e8 forte de sept membres est conduite par le Pr Jean C\u00e9lestin Ky, Conseiller technique du ministre de l\u2019Enseignement Sup\u00e9rieur, de la Recherche et de l\u2019Innovation et Pr\u00e9sident de la Commission nationale des bourses d&rsquo;\u00e9tudes et des stages.<\/p>\n","protected":false},"author":5,"featured_media":22102,"comment_status":"open","ping_status":"open","sticky":false,"template":"","format":"standard","meta":{"footnotes":""},"categories":[13,1,31],"tags":[275,54,39],"class_list":["post-22101","post","type-post","status-publish","format-standard","has-post-thumbnail","hentry","category-une","category-actu","category-education","tag-bourse-detude","tag-enseignement-superieur","tag-latribunedufaso-net"],"yoast_head":"<!-- This site is optimized with the Yoast SEO plugin v27.4 - https:\/\/yoast.com\/product\/yoast-seo-wordpress\/ -->\n<title>Allocation des bourses marocaines : 220 bourses en cours d&#039;attribution aux \u00e9tudiants Burkinab\u00e8\u00a0\u00a0 - La Tribune du Faso<\/title>\n<meta name=\"robots\" content=\"index, follow, max-snippet:-1, max-image-preview:large, max-video-preview:-1\" \/>\n<link rel=\"canonical\" href=\"https:\/\/www.latribunedufaso.net\/?p=22101\" \/>\n<meta property=\"og:locale\" content=\"fr_FR\" \/>\n<meta property=\"og:type\" content=\"article\" \/>\n<meta property=\"og:title\" content=\"Allocation des bourses marocaines : 220 bourses en cours d&#039;attribution aux \u00e9tudiants Burkinab\u00e8\u00a0\u00a0 - La Tribune du Faso\" \/>\n<meta property=\"og:description\" content=\"Les membres du Comit\u00e9 Inter-Etats Maroc-Burkina Faso ont d\u00e9marr\u00e9 les travaux, le 22 juillet 2025 \u00e0 l&rsquo;Agence Marocaine de Coop\u00e9ration Internationale (AMCI) \u00e0 Rabat. La d\u00e9l\u00e9gation burkinab\u00e8 forte de sept membres est conduite par le Pr Jean C\u00e9lestin Ky, Conseiller technique du ministre de l\u2019Enseignement Sup\u00e9rieur, de la Recherche et de l\u2019Innovation et Pr\u00e9sident de la Commission nationale des bourses d&rsquo;\u00e9tudes et des stages.\" \/>\n<meta property=\"og:url\" content=\"https:\/\/www.latribunedufaso.net\/?p=22101\" \/>\n<meta property=\"og:site_name\" content=\"La Tribune du Faso\" \/>\n<meta property=\"article:publisher\" content=\"https:\/\/www.facebook.com\/LatribuneduFaso\/\" \/>\n<meta property=\"article:published_time\" content=\"2025-07-23T12:10:32+00:00\" \/>\n<meta property=\"article:modified_time\" content=\"2025-07-23T12:17:24+00:00\" \/>\n<meta property=\"og:image\" content=\"https:\/\/www.latribunedufaso.net\/wp-content\/uploads\/2025\/07\/FB_IMG_1753272280332.jpg\" \/>\n\t<meta property=\"og:image:width\" content=\"1600\" \/>\n\t<meta property=\"og:image:height\" content=\"1200\" \/>\n\t<meta property=\"og:image:type\" content=\"image\/jpeg\" \/>\n<meta name=\"author\" content=\"Issouf Tapsoba\" \/>\n<meta name=\"twitter:label1\" content=\"\u00c9crit par\" \/>\n\t<meta name=\"twitter:data1\" content=\"Issouf Tapsoba\" \/>\n\t<meta name=\"twitter:label2\" content=\"Dur\u00e9e de lecture estim\u00e9e\" \/>\n\t<meta name=\"twitter:data2\" content=\"1 minute\" \/>\n<script type=\"application\/ld+json\" class=\"yoast-schema-graph\">{\"@context\":\"https:\\\/\\\/schema.org\",\"@graph\":[{\"@type\":\"Article\",\"@id\":\"https:\\\/\\\/www.latribunedufaso.net\\\/?p=22101#article\",\"isPartOf\":{\"@id\":\"https:\\\/\\\/www.latribunedufaso.net\\\/?p=22101\"},\"author\":{\"name\":\"Issouf Tapsoba\",\"@id\":\"https:\\\/\\\/www.latribunedufaso.net\\\/#\\\/schema\\\/person\\\/e54e64c5778a7e72cf80a318b7a622b0\"},\"headline\":\"Allocation des bourses marocaines : 220 bourses en cours d&rsquo;attribution aux \u00e9tudiants Burkinab\u00e8\u00a0\u00a0\",\"datePublished\":\"2025-07-23T12:10:32+00:00\",\"dateModified\":\"2025-07-23T12:17:24+00:00\",\"mainEntityOfPage\":{\"@id\":\"https:\\\/\\\/www.latribunedufaso.net\\\/?p=22101\"},\"wordCount\":166,\"commentCount\":0,\"publisher\":{\"@id\":\"https:\\\/\\\/www.latribunedufaso.net\\\/#organization\"},\"image\":{\"@id\":\"https:\\\/\\\/www.latribunedufaso.net\\\/?p=22101#primaryimage\"},\"thumbnailUrl\":\"https:\\\/\\\/www.latribunedufaso.net\\\/wp-content\\\/uploads\\\/2025\\\/07\\\/FB_IMG_1753272280332.jpg\",\"keywords\":[\"bourse d'\u00e9tude\",\"Enseignement sup\u00e9rieur\",\"latribunedufaso.net\"],\"articleSection\":[\"A la une\",\"Actualit\u00e9\",\"\u00c9ducation\"],\"inLanguage\":\"fr-FR\",\"potentialAction\":[{\"@type\":\"CommentAction\",\"name\":\"Comment\",\"target\":[\"https:\\\/\\\/www.latribunedufaso.net\\\/?p=22101#respond\"]}]},{\"@type\":\"WebPage\",\"@id\":\"https:\\\/\\\/www.latribunedufaso.net\\\/?p=22101\",\"url\":\"https:\\\/\\\/www.latribunedufaso.net\\\/?p=22101\",\"name\":\"Allocation des bourses marocaines : 220 bourses en cours d'attribution aux \u00e9tudiants Burkinab\u00e8\u00a0\u00a0 - La Tribune du Faso\",\"isPartOf\":{\"@id\":\"https:\\\/\\\/www.latribunedufaso.net\\\/#website\"},\"primaryImageOfPage\":{\"@id\":\"https:\\\/\\\/www.latribunedufaso.net\\\/?p=22101#primaryimage\"},\"image\":{\"@id\":\"https:\\\/\\\/www.latribunedufaso.net\\\/?p=22101#primaryimage\"},\"thumbnailUrl\":\"https:\\\/\\\/www.latribunedufaso.net\\\/wp-content\\\/uploads\\\/2025\\\/07\\\/FB_IMG_1753272280332.jpg\",\"datePublished\":\"2025-07-23T12:10:32+00:00\",\"dateModified\":\"2025-07-23T12:17:24+00:00\",\"breadcrumb\":{\"@id\":\"https:\\\/\\\/www.latribunedufaso.net\\\/?p=22101#breadcrumb\"},\"inLanguage\":\"fr-FR\",\"potentialAction\":[{\"@type\":\"ReadAction\",\"target\":[\"https:\\\/\\\/www.latribunedufaso.net\\\/?p=22101\"]}]},{\"@type\":\"ImageObject\",\"inLanguage\":\"fr-FR\",\"@id\":\"https:\\\/\\\/www.latribunedufaso.net\\\/?p=22101#primaryimage\",\"url\":\"https:\\\/\\\/www.latribunedufaso.net\\\/wp-content\\\/uploads\\\/2025\\\/07\\\/FB_IMG_1753272280332.jpg\",\"contentUrl\":\"https:\\\/\\\/www.latribunedufaso.net\\\/wp-content\\\/uploads\\\/2025\\\/07\\\/FB_IMG_1753272280332.jpg\",\"width\":1600,\"height\":1200,\"caption\":\"Les membres du Comit\u00e9 Inter-Etats Maroc-Burkina Faso ont d\u00e9marr\u00e9 les travaux, le 22 juillet 2025 au Maroc\"},{\"@type\":\"BreadcrumbList\",\"@id\":\"https:\\\/\\\/www.latribunedufaso.net\\\/?p=22101#breadcrumb\",\"itemListElement\":[{\"@type\":\"ListItem\",\"position\":1,\"name\":\"Accueil\",\"item\":\"https:\\\/\\\/www.latribunedufaso.net\\\/\"},{\"@type\":\"ListItem\",\"position\":2,\"name\":\"Allocation des bourses marocaines : 220 bourses en cours d&rsquo;attribution aux \u00e9tudiants Burkinab\u00e8\u00a0\u00a0\"}]},{\"@type\":\"WebSite\",\"@id\":\"https:\\\/\\\/www.latribunedufaso.net\\\/#website\",\"url\":\"https:\\\/\\\/www.latribunedufaso.net\\\/\",\"name\":\"La Tribune du Faso\",\"description\":\"L&#039;information du monde rural en un clic\",\"publisher\":{\"@id\":\"https:\\\/\\\/www.latribunedufaso.net\\\/#organization\"},\"potentialAction\":[{\"@type\":\"SearchAction\",\"target\":{\"@type\":\"EntryPoint\",\"urlTemplate\":\"https:\\\/\\\/www.latribunedufaso.net\\\/?s={search_term_string}\"},\"query-input\":{\"@type\":\"PropertyValueSpecification\",\"valueRequired\":true,\"valueName\":\"search_term_string\"}}],\"inLanguage\":\"fr-FR\"},{\"@type\":\"Organization\",\"@id\":\"https:\\\/\\\/www.latribunedufaso.net\\\/#organization\",\"name\":\"La Tribune du Faso\",\"url\":\"https:\\\/\\\/www.latribunedufaso.net\\\/\",\"logo\":{\"@type\":\"ImageObject\",\"inLanguage\":\"fr-FR\",\"@id\":\"https:\\\/\\\/www.latribunedufaso.net\\\/#\\\/schema\\\/logo\\\/image\\\/\",\"url\":\"https:\\\/\\\/www.latribunedufaso.net\\\/wp-content\\\/uploads\\\/2020\\\/08\\\/Logo-Tribune-du-Faso-final-scaled.jpg\",\"contentUrl\":\"https:\\\/\\\/www.latribunedufaso.net\\\/wp-content\\\/uploads\\\/2020\\\/08\\\/Logo-Tribune-du-Faso-final-scaled.jpg\",\"width\":2560,\"height\":1856,\"caption\":\"La Tribune du Faso\"},\"image\":{\"@id\":\"https:\\\/\\\/www.latribunedufaso.net\\\/#\\\/schema\\\/logo\\\/image\\\/\"},\"sameAs\":[\"https:\\\/\\\/www.facebook.com\\\/LatribuneduFaso\\\/\"]},{\"@type\":\"Person\",\"@id\":\"https:\\\/\\\/www.latribunedufaso.net\\\/#\\\/schema\\\/person\\\/e54e64c5778a7e72cf80a318b7a622b0\",\"name\":\"Issouf Tapsoba\",\"image\":{\"@type\":\"ImageObject\",\"inLanguage\":\"fr-FR\",\"@id\":\"https:\\\/\\\/secure.gravatar.com\\\/avatar\\\/5e6c05150ce3230247d167f5b94d678eb05936197436d69b7921e3a95c9107ac?s=96&d=mm&r=g\",\"url\":\"https:\\\/\\\/secure.gravatar.com\\\/avatar\\\/5e6c05150ce3230247d167f5b94d678eb05936197436d69b7921e3a95c9107ac?s=96&d=mm&r=g\",\"contentUrl\":\"https:\\\/\\\/secure.gravatar.com\\\/avatar\\\/5e6c05150ce3230247d167f5b94d678eb05936197436d69b7921e3a95c9107ac?s=96&d=mm&r=g\",\"caption\":\"Issouf Tapsoba\"},\"url\":\"https:\\\/\\\/www.latribunedufaso.net\\\/?author=5\"}]}<\/script>\n<!-- \/ Yoast SEO plugin. -->","yoast_head_json":{"title":"Allocation des bourses marocaines : 220 bourses en cours d'attribution aux \u00e9tudiants Burkinab\u00e8\u00a0\u00a0 - La Tribune du Faso","robots":{"index":"index","follow":"follow","max-snippet":"max-snippet:-1","max-image-preview":"max-image-preview:large","max-video-preview":"max-video-preview:-1"},"canonical":"https:\/\/www.latribunedufaso.net\/?p=22101","og_locale":"fr_FR","og_type":"article","og_title":"Allocation des bourses marocaines : 220 bourses en cours d'attribution aux \u00e9tudiants Burkinab\u00e8\u00a0\u00a0 - La Tribune du Faso","og_description":"Les membres du Comit\u00e9 Inter-Etats Maroc-Burkina Faso ont d\u00e9marr\u00e9 les travaux, le 22 juillet 2025 \u00e0 l&rsquo;Agence Marocaine de Coop\u00e9ration Internationale (AMCI) \u00e0 Rabat. La d\u00e9l\u00e9gation burkinab\u00e8 forte de sept membres est conduite par le Pr Jean C\u00e9lestin Ky, Conseiller technique du ministre de l\u2019Enseignement Sup\u00e9rieur, de la Recherche et de l\u2019Innovation et Pr\u00e9sident de la Commission nationale des bourses d&rsquo;\u00e9tudes et des stages.","og_url":"https:\/\/www.latribunedufaso.net\/?p=22101","og_site_name":"La Tribune du Faso","article_publisher":"https:\/\/www.facebook.com\/LatribuneduFaso\/","article_published_time":"2025-07-23T12:10:32+00:00","article_modified_time":"2025-07-23T12:17:24+00:00","og_image":[{"width":1600,"height":1200,"url":"https:\/\/www.latribunedufaso.net\/wp-content\/uploads\/2025\/07\/FB_IMG_1753272280332.jpg","type":"image\/jpeg"}],"author":"Issouf Tapsoba","twitter_misc":{"\u00c9crit par":"Issouf Tapsoba","Dur\u00e9e de lecture estim\u00e9e":"1 minute"},"schema":{"@context":"https:\/\/schema.org","@graph":[{"@type":"Article","@id":"https:\/\/www.latribunedufaso.net\/?p=22101#article","isPartOf":{"@id":"https:\/\/www.latribunedufaso.net\/?p=22101"},"author":{"name":"Issouf Tapsoba","@id":"https:\/\/www.latribunedufaso.net\/#\/schema\/person\/e54e64c5778a7e72cf80a318b7a622b0"},"headline":"Allocation des bourses marocaines : 220 bourses en cours d&rsquo;attribution aux \u00e9tudiants Burkinab\u00e8\u00a0\u00a0","datePublished":"2025-07-23T12:10:32+00:00","dateModified":"2025-07-23T12:17:24+00:00","mainEntityOfPage":{"@id":"https:\/\/www.latribunedufaso.net\/?p=22101"},"wordCount":166,"commentCount":0,"publisher":{"@id":"https:\/\/www.latribunedufaso.net\/#organization"},"image":{"@id":"https:\/\/www.latribunedufaso.net\/?p=22101#primaryimage"},"thumbnailUrl":"https:\/\/www.latribunedufaso.net\/wp-content\/uploads\/2025\/07\/FB_IMG_1753272280332.jpg","keywords":["bourse d'\u00e9tude","Enseignement sup\u00e9rieur","latribunedufaso.net"],"articleSection":["A la une","Actualit\u00e9","\u00c9ducation"],"inLanguage":"fr-FR","potentialAction":[{"@type":"CommentAction","name":"Comment","target":["https:\/\/www.latribunedufaso.net\/?p=22101#respond"]}]},{"@type":"WebPage","@id":"https:\/\/www.latribunedufaso.net\/?p=22101","url":"https:\/\/www.latribunedufaso.net\/?p=22101","name":"Allocation des bourses marocaines : 220 bourses en cours d'attribution aux \u00e9tudiants Burkinab\u00e8\u00a0\u00a0 - La Tribune du Faso","isPartOf":{"@id":"https:\/\/www.latribunedufaso.net\/#website"},"primaryImageOfPage":{"@id":"https:\/\/www.latribunedufaso.net\/?p=22101#primaryimage"},"image":{"@id":"https:\/\/www.latribunedufaso.net\/?p=22101#primaryimage"},"thumbnailUrl":"https:\/\/www.latribunedufaso.net\/wp-content\/uploads\/2025\/07\/FB_IMG_1753272280332.jpg","datePublished":"2025-07-23T12:10:32+00:00","dateModified":"2025-07-23T12:17:24+00:00","breadcrumb":{"@id":"https:\/\/www.latribunedufaso.net\/?p=22101#breadcrumb"},"inLanguage":"fr-FR","potentialAction":[{"@type":"ReadAction","target":["https:\/\/www.latribunedufaso.net\/?p=22101"]}]},{"@type":"ImageObject","inLanguage":"fr-FR","@id":"https:\/\/www.latribunedufaso.net\/?p=22101#primaryimage","url":"https:\/\/www.latribunedufaso.net\/wp-content\/uploads\/2025\/07\/FB_IMG_1753272280332.jpg","contentUrl":"https:\/\/www.latribunedufaso.net\/wp-content\/uploads\/2025\/07\/FB_IMG_1753272280332.jpg","width":1600,"height":1200,"caption":"Les membres du Comit\u00e9 Inter-Etats Maroc-Burkina Faso ont d\u00e9marr\u00e9 les travaux, le 22 juillet 2025 au Maroc"},{"@type":"BreadcrumbList","@id":"https:\/\/www.latribunedufaso.net\/?p=22101#breadcrumb","itemListElement":[{"@type":"ListItem","position":1,"name":"Accueil","item":"https:\/\/www.latribunedufaso.net\/"},{"@type":"ListItem","position":2,"name":"Allocation des bourses marocaines : 220 bourses en cours d&rsquo;attribution aux \u00e9tudiants Burkinab\u00e8\u00a0\u00a0"}]},{"@type":"WebSite","@id":"https:\/\/www.latribunedufaso.net\/#website","url":"https:\/\/www.latribunedufaso.net\/","name":"La Tribune du Faso","description":"L&#039;information du monde rural en un clic","publisher":{"@id":"https:\/\/www.latribunedufaso.net\/#organization"},"potentialAction":[{"@type":"SearchAction","target":{"@type":"EntryPoint","urlTemplate":"https:\/\/www.latribunedufaso.net\/?s={search_term_string}"},"query-input":{"@type":"PropertyValueSpecification","valueRequired":true,"valueName":"search_term_string"}}],"inLanguage":"fr-FR"},{"@type":"Organization","@id":"https:\/\/www.latribunedufaso.net\/#organization","name":"La Tribune du Faso","url":"https:\/\/www.latribunedufaso.net\/","logo":{"@type":"ImageObject","inLanguage":"fr-FR","@id":"https:\/\/www.latribunedufaso.net\/#\/schema\/logo\/image\/","url":"https:\/\/www.latribunedufaso.net\/wp-content\/uploads\/2020\/08\/Logo-Tribune-du-Faso-final-scaled.jpg","contentUrl":"https:\/\/www.latribunedufaso.net\/wp-content\/uploads\/2020\/08\/Logo-Tribune-du-Faso-final-scaled.jpg","width":2560,"height":1856,"caption":"La Tribune du Faso"},"image":{"@id":"https:\/\/www.latribunedufaso.net\/#\/schema\/logo\/image\/"},"sameAs":["https:\/\/www.facebook.com\/LatribuneduFaso\/"]},{"@type":"Person","@id":"https:\/\/www.latribunedufaso.net\/#\/schema\/person\/e54e64c5778a7e72cf80a318b7a622b0","name":"Issouf Tapsoba","image":{"@type":"ImageObject","inLanguage":"fr-FR","@id":"https:\/\/secure.gravatar.com\/avatar\/5e6c05150ce3230247d167f5b94d678eb05936197436d69b7921e3a95c9107ac?s=96&d=mm&r=g","url":"https:\/\/secure.gravatar.com\/avatar\/5e6c05150ce3230247d167f5b94d678eb05936197436d69b7921e3a95c9107ac?s=96&d=mm&r=g","contentUrl":"https:\/\/secure.gravatar.com\/avatar\/5e6c05150ce3230247d167f5b94d678eb05936197436d69b7921e3a95c9107ac?s=96&d=mm&r=g","caption":"Issouf Tapsoba"},"url":"https:\/\/www.latribunedufaso.net\/?author=5"}]}},"_links":{"self":[{"href":"https:\/\/www.latribunedufaso.net\/index.php?rest_route=\/wp\/v2\/posts\/22101","targetHints":{"allow":["GET"]}}],"collection":[{"href":"https:\/\/www.latribunedufaso.net\/index.php?rest_route=\/wp\/v2\/posts"}],"about":[{"href":"https:\/\/www.latribunedufaso.net\/index.php?rest_route=\/wp\/v2\/types\/post"}],"author":[{"embeddable":true,"href":"https:\/\/www.latribunedufaso.net\/index.php?rest_route=\/wp\/v2\/users\/5"}],"replies":[{"embeddable":true,"href":"https:\/\/www.latribunedufaso.net\/index.php?rest_route=%2Fwp%2Fv2%2Fcomments&post=22101"}],"version-history":[{"count":2,"href":"https:\/\/www.latribunedufaso.net\/index.php?rest_route=\/wp\/v2\/posts\/22101\/revisions"}],"predecessor-version":[{"id":22105,"href":"https:\/\/www.latribunedufaso.net\/index.php?rest_route=\/wp\/v2\/posts\/22101\/revisions\/22105"}],"wp:featuredmedia":[{"embeddable":true,"href":"https:\/\/www.latribunedufaso.net\/index.php?rest_route=\/wp\/v2\/media\/22102"}],"wp:attachment":[{"href":"https:\/\/www.latribunedufaso.net\/index.php?rest_route=%2Fwp%2Fv2%2Fmedia&parent=22101"}],"wp:term":[{"taxonomy":"category","embeddable":true,"href":"https:\/\/www.latribunedufaso.net\/index.php?rest_route=%2Fwp%2Fv2%2Fcategories&post=22101"},{"taxonomy":"post_tag","embeddable":true,"href":"https:\/\/www.latribunedufaso.net\/index.php?rest_route=%2Fwp%2Fv2%2Ftags&post=22101"}],"curies":[{"name":"wp","href":"https:\/\/api.w.org\/{rel}","templated":true}]}}