{"id":22095,"date":"2025-07-23T11:47:38","date_gmt":"2025-07-23T11:47:38","guid":{"rendered":"https:\/\/www.latribunedufaso.net\/?p=22095"},"modified":"2025-07-23T11:47:38","modified_gmt":"2025-07-23T11:47:38","slug":"cooperation-burkina-faso-republique-arabe-degypte-un-memorandum-dentente-signe-pour-consolider-les-relations","status":"publish","type":"post","link":"https:\/\/www.latribunedufaso.net\/?p=22095","title":{"rendered":"Coop\u00e9ration Burkina Faso-R\u00e9publique Arabe d\u2019Egypte : un M\u00e9morandum d\u2019entente sign\u00e9 pour consolider les relations\u00a0"},"content":{"rendered":"<p><strong>Une forte d\u00e9l\u00e9gation de la R\u00e9publique Arabe d\u2019Egypte conduite par le ministre en charge des Affaires \u00e9trang\u00e8res de ce pays, Badr Ahmed Mohamed ABDELLATY, a effectu\u00e9 une visite officielle au Burkina Faso le mardi 22 juillet 2025.\u00a0<\/strong><!--more--><\/p>\n<p><a href=\"https:\/\/www.latribunedufaso.net\/?p=22091\">Cette mission<\/a> qui s\u2019inscrit dans la cadre de la dynamisation des relations d\u2019amiti\u00e9 et de coop\u00e9ration entre les deux Etats, a d\u00e9roul\u00e9 un riche programme de consultations et d\u2019\u00e9changes avec les plus hautes autorit\u00e9s burkinab\u00e8, avec \u00e0 la cl\u00e9 la signature d\u2019un M\u00e9morandum d\u2019entente et la tenue d&rsquo;un forum \u00e9conomique des hommes d\u2019Affaires \u00e9gyptiens et burkinab\u00e8.\u00a0<\/p>\n<p>A l&rsquo;occasion de l&rsquo;audience entre les patrons de la diplomatie des deux pays, la coop\u00e9ration entre le Burkina Faso et la R\u00e9publique Arabe d\u2019Egypte a \u00e9t\u00e9 pass\u00e9e en revue, et il en ressort une satisfaction mutuelle et un engagement renouvel\u00e9 par les deux parties \u00e0 travailler pour davantage renforcer cette coop\u00e9ration.<\/p>\n<p>Les domaines d&rsquo;int\u00e9r\u00eat concern\u00e9s par cette coop\u00e9ration vont de la s\u00e9curit\u00e9 \u00e0 l&rsquo;\u00e9conomie, en passant par l&rsquo;\u00e9nergie, les infrastructures, l&rsquo;agriculture, la transformation alimentaire, le d\u00e9veloppement du secteur pharmaceutique, la culture, la lutte contre l&rsquo;extr\u00e9misme violent et la promotion de la tol\u00e9rance religieuse.<\/p>\n<p>A l&rsquo;issue de l&rsquo;audience, les deux ministres ont proc\u00e9d\u00e9 \u00e0 la signature d&rsquo;un M\u00e9morandum d\u2019entente en mati\u00e8re de consultations politiques et diplomatiques entre les minist\u00e8res charg\u00e9s des Affaires \u00e9trang\u00e8res de la R\u00e9publique Arabe d\u2019Egypte et du Burkina Faso.<\/p>\n<figure id=\"attachment_22097\" aria-describedby=\"caption-attachment-22097\" style=\"width: 2048px\" class=\"wp-caption aligncenter\"><a href=\"https:\/\/www.latribunedufaso.net\/wp-content\/uploads\/2025\/07\/FB_IMG_1753270459927.jpg\"><img loading=\"lazy\" decoding=\"async\" class=\"size-full wp-image-22097\" src=\"https:\/\/www.latribunedufaso.net\/wp-content\/uploads\/2025\/07\/FB_IMG_1753270459927.jpg\" alt=\"Signature d\u2019un M\u00e9morandum d\u2019entente entre le Burkina Faso et l'\u00c9gypte, 22 juillet 2025\" width=\"2048\" height=\"1272\" srcset=\"https:\/\/www.latribunedufaso.net\/wp-content\/uploads\/2025\/07\/FB_IMG_1753270459927.jpg 2048w, https:\/\/www.latribunedufaso.net\/wp-content\/uploads\/2025\/07\/FB_IMG_1753270459927-300x186.jpg 300w, https:\/\/www.latribunedufaso.net\/wp-content\/uploads\/2025\/07\/FB_IMG_1753270459927-1024x636.jpg 1024w, https:\/\/www.latribunedufaso.net\/wp-content\/uploads\/2025\/07\/FB_IMG_1753270459927-768x477.jpg 768w, https:\/\/www.latribunedufaso.net\/wp-content\/uploads\/2025\/07\/FB_IMG_1753270459927-1536x954.jpg 1536w\" sizes=\"auto, (max-width: 2048px) 100vw, 2048px\" \/><\/a><figcaption id=\"caption-attachment-22097\" class=\"wp-caption-text\">Le ministre en charge des Affaires \u00e9trang\u00e8res du Burkina, Karamako Jean Marie TRAOR\u00c9 &#8211; Ph. DR<\/figcaption><\/figure>\n<p>A travers cette signature, Karamoko Jean Marie TRAORE et Badr Ahmed Mohamed ABDELLATY, annoncent une \u00e9tape majeure dans le renforcement des relations entre la R\u00e9publique Arabe d\u2019Egypte et le Burkina Faso.<\/p>\n<p>Le ministre en charge des Affaires \u00e9trang\u00e8res \u00e9gyptien, s\u2019est r\u00e9joui de la concr\u00e9tisation de cet accord politique et diplomatique entre les deux Etats, et a r\u00e9affirm\u00e9 l\u2019accompagnement de son pays au Burkina Faso et aux autres pays de la Conf\u00e9d\u00e9ration des Etats du Sahel dans la lutte contre l\u2019ins\u00e9curit\u00e9 et pour l\u2019affirmation de leur souverainet\u00e9.\u00a0<\/p>\n<p>Tout en saluant la forte mobilisation de la partie \u00e9gyptienne, le Chef de la diplomatie burkinab\u00e8, Karamoko Jean Marie TRAORE, a exprim\u00e9 sa reconnaissance \u00e0 son homologue Badr Ahmed Mohamed ABDELLATY, ainsi qu&rsquo;au gouvernement et au peuple fr\u00e8re de la R\u00e9publique Arabe d\u2019Egypte.\u00a0<\/p>\n<p><em><strong>\u00ab Vous avez affront\u00e9 les st\u00e9r\u00e9otypes en vous immergeant dans la r\u00e9alit\u00e9 de notre pays avec une d\u00e9l\u00e9gation de plus de trente hommes d\u2019affaires; c&rsquo;est un message fort qui vient confirmer que le Burkina Faso reste un espace viable et un espace d\u2019avenir \u00bb,<\/strong><\/em> a indiqu\u00e9 le Chef de la diplomatie burkinab\u00e8.<\/p>\n<p>Karamoko Jean Marie TRAORE a salu\u00e9 l&rsquo;engagement personnel et exemplaire de son h\u00f4te et du Pr\u00e9sident AL-SISSI, dont la vision est partag\u00e9e enti\u00e8rement par les plus hautes autorit\u00e9s du Burkina Faso.<\/p>\n<figure id=\"attachment_22099\" aria-describedby=\"caption-attachment-22099\" style=\"width: 2048px\" class=\"wp-caption aligncenter\"><a href=\"https:\/\/www.latribunedufaso.net\/wp-content\/uploads\/2025\/07\/FB_IMG_1753270482570.jpg\"><img loading=\"lazy\" decoding=\"async\" class=\"size-full wp-image-22099\" src=\"https:\/\/www.latribunedufaso.net\/wp-content\/uploads\/2025\/07\/FB_IMG_1753270482570.jpg\" alt=\"Signature d\u2019un M\u00e9morandum d\u2019entente entre le Burkina Faso et l'\u00c9gypte, 22 juillet 2025\" width=\"2048\" height=\"1365\" srcset=\"https:\/\/www.latribunedufaso.net\/wp-content\/uploads\/2025\/07\/FB_IMG_1753270482570.jpg 2048w, https:\/\/www.latribunedufaso.net\/wp-content\/uploads\/2025\/07\/FB_IMG_1753270482570-300x200.jpg 300w, https:\/\/www.latribunedufaso.net\/wp-content\/uploads\/2025\/07\/FB_IMG_1753270482570-1024x683.jpg 1024w, https:\/\/www.latribunedufaso.net\/wp-content\/uploads\/2025\/07\/FB_IMG_1753270482570-768x512.jpg 768w, https:\/\/www.latribunedufaso.net\/wp-content\/uploads\/2025\/07\/FB_IMG_1753270482570-1536x1024.jpg 1536w, https:\/\/www.latribunedufaso.net\/wp-content\/uploads\/2025\/07\/FB_IMG_1753270482570-840x560.jpg 840w, https:\/\/www.latribunedufaso.net\/wp-content\/uploads\/2025\/07\/FB_IMG_1753270482570-120x80.jpg 120w, https:\/\/www.latribunedufaso.net\/wp-content\/uploads\/2025\/07\/FB_IMG_1753270482570-360x240.jpg 360w, https:\/\/www.latribunedufaso.net\/wp-content\/uploads\/2025\/07\/FB_IMG_1753270482570-600x400.jpg 600w\" sizes=\"auto, (max-width: 2048px) 100vw, 2048px\" \/><\/a><figcaption id=\"caption-attachment-22099\" class=\"wp-caption-text\">Une vue des participants aux \u00e9changes &#8211; Ph. DR<\/figcaption><\/figure>\n<p><em><strong>\u00ab Vous avez eu l\u2019opportunit\u00e9 d\u2019appr\u00e9cier la vision du Pr\u00e9sident du Faso pour l\u2019Afrique, son combat pour un peuple africain uni et prosp\u00e8re et la cr\u00e9ation de la Conf\u00e9d\u00e9ration est un t\u00e9moignage de ce combat \u00bb<\/strong><\/em>, a laiss\u00e9 entendre Karamoko Jean Marie TRAORE.<\/p>\n<figure id=\"attachment_22098\" aria-describedby=\"caption-attachment-22098\" style=\"width: 2048px\" class=\"wp-caption aligncenter\"><a href=\"https:\/\/www.latribunedufaso.net\/wp-content\/uploads\/2025\/07\/FB_IMG_1753270462651.jpg\"><img loading=\"lazy\" decoding=\"async\" class=\"size-full wp-image-22098\" src=\"https:\/\/www.latribunedufaso.net\/wp-content\/uploads\/2025\/07\/FB_IMG_1753270462651.jpg\" alt=\"Signature d\u2019un M\u00e9morandum d\u2019entente entre le Burkina Faso et l'\u00c9gypte, 22 juillet 2025\" width=\"2048\" height=\"1461\" srcset=\"https:\/\/www.latribunedufaso.net\/wp-content\/uploads\/2025\/07\/FB_IMG_1753270462651.jpg 2048w, https:\/\/www.latribunedufaso.net\/wp-content\/uploads\/2025\/07\/FB_IMG_1753270462651-300x214.jpg 300w, https:\/\/www.latribunedufaso.net\/wp-content\/uploads\/2025\/07\/FB_IMG_1753270462651-1024x731.jpg 1024w, https:\/\/www.latribunedufaso.net\/wp-content\/uploads\/2025\/07\/FB_IMG_1753270462651-768x548.jpg 768w, https:\/\/www.latribunedufaso.net\/wp-content\/uploads\/2025\/07\/FB_IMG_1753270462651-1536x1096.jpg 1536w, https:\/\/www.latribunedufaso.net\/wp-content\/uploads\/2025\/07\/FB_IMG_1753270462651-90x65.jpg 90w\" sizes=\"auto, (max-width: 2048px) 100vw, 2048px\" \/><\/a><figcaption id=\"caption-attachment-22098\" class=\"wp-caption-text\">Le ministre en charge des Affaires \u00e9trang\u00e8res de l&rsquo;\u00c9gypte, Badr Ahmed Mohamed ABDELLATY &#8211; Ph. DR<\/figcaption><\/figure>\n<p>Le Chef de la diplomatie burkinab\u00e8 a dit toute sa satisfaction des excellentes relations de coop\u00e9ration entre les deux pays, et de l\u2019engagement mutuel \u00e0 consolider cette coop\u00e9ration dans les domaines d&rsquo;int\u00e9r\u00eat commun.<\/p>\n<p><em><strong>\u00ab Ce m\u00e9morandum d\u2019entente que nous venons de signer nous servira de feuille de route pour travailler main dans la main, en vue de donner un contenu plus consistant \u00e0 l\u2019amiti\u00e9 et \u00e0 la coop\u00e9ration entre l\u2019Egypte et le Burkina Faso, et entre l\u2019Egypte et l\u2019AES \u00bb,<\/strong> <\/em>soutient-il.<\/p>\n<p>Il a termin\u00e9 en r\u00e9it\u00e9rant le soutien constant du Burkina Faso \u00e0 l\u2019Egypte dans l\u2019affirmation de son leadership sur le plan international.<\/p>\n<p>A l&rsquo;issue de la s\u00e9ance de signature du M\u00e9morandum d\u2019entente, les deux ministres ont mis le cap sur la Chambre de commerce et de l&rsquo;industrie du Burkina Faso, pour l&rsquo;ouverture du forum \u00e9conomique des hommes d\u2019Affaires \u00e9gyptiens et burkinab\u00e8.<\/p>\n<p><strong>Latribunedufaso.net<\/strong><\/p>\n<p><strong>Source : DCRP\/MAECR-BE<\/strong><\/p>\n","protected":false},"excerpt":{"rendered":"<p>Une forte d\u00e9l\u00e9gation de la R\u00e9publique Arabe d\u2019Egypte conduite par le ministre en charge des Affaires \u00e9trang\u00e8res de ce pays, Badr Ahmed Mohamed ABDELLATY, a effectu\u00e9 une visite officielle au Burkina Faso le mardi 22 juillet 2025.\u00a0<\/p>\n","protected":false},"author":5,"featured_media":22096,"comment_status":"open","ping_status":"open","sticky":false,"template":"","format":"standard","meta":{"footnotes":""},"categories":[13,1,8],"tags":[39,1361],"class_list":["post-22095","post","type-post","status-publish","format-standard","has-post-thumbnail","hentry","category-une","category-actu","category-societe","tag-latribunedufaso-net","tag-signature-memorandum-dentente-burkina-egypte"],"yoast_head":"<!-- This site is optimized with the Yoast SEO plugin v27.5 - https:\/\/yoast.com\/product\/yoast-seo-wordpress\/ -->\n<title>Coop\u00e9ration Burkina Faso-R\u00e9publique Arabe d\u2019Egypte : un M\u00e9morandum d\u2019entente sign\u00e9 pour consolider les relations\u00a0 - La Tribune du Faso<\/title>\n<meta name=\"robots\" content=\"index, follow, max-snippet:-1, max-image-preview:large, max-video-preview:-1\" \/>\n<link rel=\"canonical\" href=\"https:\/\/www.latribunedufaso.net\/?p=22095\" \/>\n<meta property=\"og:locale\" content=\"fr_FR\" \/>\n<meta property=\"og:type\" content=\"article\" \/>\n<meta property=\"og:title\" content=\"Coop\u00e9ration Burkina Faso-R\u00e9publique Arabe d\u2019Egypte : un M\u00e9morandum d\u2019entente sign\u00e9 pour consolider les relations\u00a0 - La Tribune du Faso\" \/>\n<meta property=\"og:description\" content=\"Une forte d\u00e9l\u00e9gation de la R\u00e9publique Arabe d\u2019Egypte conduite par le ministre en charge des Affaires \u00e9trang\u00e8res de ce pays, Badr Ahmed Mohamed ABDELLATY, a effectu\u00e9 une visite officielle au Burkina Faso le mardi 22 juillet 2025.\u00a0\" \/>\n<meta property=\"og:url\" content=\"https:\/\/www.latribunedufaso.net\/?p=22095\" \/>\n<meta property=\"og:site_name\" content=\"La Tribune du Faso\" \/>\n<meta property=\"article:publisher\" content=\"https:\/\/www.facebook.com\/LatribuneduFaso\/\" \/>\n<meta property=\"article:published_time\" content=\"2025-07-23T11:47:38+00:00\" \/>\n<meta property=\"og:image\" content=\"https:\/\/www.latribunedufaso.net\/wp-content\/uploads\/2025\/07\/FB_IMG_1753270453251.jpg\" \/>\n\t<meta property=\"og:image:width\" content=\"2048\" \/>\n\t<meta property=\"og:image:height\" content=\"1235\" \/>\n\t<meta property=\"og:image:type\" content=\"image\/jpeg\" \/>\n<meta name=\"author\" content=\"Issouf Tapsoba\" \/>\n<meta name=\"twitter:label1\" content=\"\u00c9crit par\" \/>\n\t<meta name=\"twitter:data1\" content=\"Issouf Tapsoba\" \/>\n\t<meta name=\"twitter:label2\" content=\"Dur\u00e9e de lecture estim\u00e9e\" \/>\n\t<meta name=\"twitter:data2\" content=\"4 minutes\" \/>\n<script type=\"application\/ld+json\" class=\"yoast-schema-graph\">{\"@context\":\"https:\\\/\\\/schema.org\",\"@graph\":[{\"@type\":\"Article\",\"@id\":\"https:\\\/\\\/www.latribunedufaso.net\\\/?p=22095#article\",\"isPartOf\":{\"@id\":\"https:\\\/\\\/www.latribunedufaso.net\\\/?p=22095\"},\"author\":{\"name\":\"Issouf Tapsoba\",\"@id\":\"https:\\\/\\\/www.latribunedufaso.net\\\/#\\\/schema\\\/person\\\/e54e64c5778a7e72cf80a318b7a622b0\"},\"headline\":\"Coop\u00e9ration Burkina Faso-R\u00e9publique Arabe d\u2019Egypte : un M\u00e9morandum d\u2019entente sign\u00e9 pour consolider les relations\u00a0\",\"datePublished\":\"2025-07-23T11:47:38+00:00\",\"mainEntityOfPage\":{\"@id\":\"https:\\\/\\\/www.latribunedufaso.net\\\/?p=22095\"},\"wordCount\":805,\"commentCount\":0,\"publisher\":{\"@id\":\"https:\\\/\\\/www.latribunedufaso.net\\\/#organization\"},\"image\":{\"@id\":\"https:\\\/\\\/www.latribunedufaso.net\\\/?p=22095#primaryimage\"},\"thumbnailUrl\":\"https:\\\/\\\/www.latribunedufaso.net\\\/wp-content\\\/uploads\\\/2025\\\/07\\\/FB_IMG_1753270453251.jpg\",\"keywords\":[\"latribunedufaso.net\",\"Signature M\u00e9morandum d\u2019entente Burkina-Egypte\"],\"articleSection\":[\"A la une\",\"Actualit\u00e9\",\"Soci\u00e9t\u00e9\"],\"inLanguage\":\"fr-FR\",\"potentialAction\":[{\"@type\":\"CommentAction\",\"name\":\"Comment\",\"target\":[\"https:\\\/\\\/www.latribunedufaso.net\\\/?p=22095#respond\"]}]},{\"@type\":\"WebPage\",\"@id\":\"https:\\\/\\\/www.latribunedufaso.net\\\/?p=22095\",\"url\":\"https:\\\/\\\/www.latribunedufaso.net\\\/?p=22095\",\"name\":\"Coop\u00e9ration Burkina Faso-R\u00e9publique Arabe d\u2019Egypte : un M\u00e9morandum d\u2019entente sign\u00e9 pour consolider les relations\u00a0 - La Tribune du Faso\",\"isPartOf\":{\"@id\":\"https:\\\/\\\/www.latribunedufaso.net\\\/#website\"},\"primaryImageOfPage\":{\"@id\":\"https:\\\/\\\/www.latribunedufaso.net\\\/?p=22095#primaryimage\"},\"image\":{\"@id\":\"https:\\\/\\\/www.latribunedufaso.net\\\/?p=22095#primaryimage\"},\"thumbnailUrl\":\"https:\\\/\\\/www.latribunedufaso.net\\\/wp-content\\\/uploads\\\/2025\\\/07\\\/FB_IMG_1753270453251.jpg\",\"datePublished\":\"2025-07-23T11:47:38+00:00\",\"breadcrumb\":{\"@id\":\"https:\\\/\\\/www.latribunedufaso.net\\\/?p=22095#breadcrumb\"},\"inLanguage\":\"fr-FR\",\"potentialAction\":[{\"@type\":\"ReadAction\",\"target\":[\"https:\\\/\\\/www.latribunedufaso.net\\\/?p=22095\"]}]},{\"@type\":\"ImageObject\",\"inLanguage\":\"fr-FR\",\"@id\":\"https:\\\/\\\/www.latribunedufaso.net\\\/?p=22095#primaryimage\",\"url\":\"https:\\\/\\\/www.latribunedufaso.net\\\/wp-content\\\/uploads\\\/2025\\\/07\\\/FB_IMG_1753270453251.jpg\",\"contentUrl\":\"https:\\\/\\\/www.latribunedufaso.net\\\/wp-content\\\/uploads\\\/2025\\\/07\\\/FB_IMG_1753270453251.jpg\",\"width\":2048,\"height\":1235,\"caption\":\"Signature d\u2019un M\u00e9morandum d\u2019entente entre le Burkina Faso et l'\u00c9gypte, 22 juillet 2025\"},{\"@type\":\"BreadcrumbList\",\"@id\":\"https:\\\/\\\/www.latribunedufaso.net\\\/?p=22095#breadcrumb\",\"itemListElement\":[{\"@type\":\"ListItem\",\"position\":1,\"name\":\"Accueil\",\"item\":\"https:\\\/\\\/www.latribunedufaso.net\\\/\"},{\"@type\":\"ListItem\",\"position\":2,\"name\":\"Coop\u00e9ration Burkina Faso-R\u00e9publique Arabe d\u2019Egypte : un M\u00e9morandum d\u2019entente sign\u00e9 pour consolider les relations\u00a0\"}]},{\"@type\":\"WebSite\",\"@id\":\"https:\\\/\\\/www.latribunedufaso.net\\\/#website\",\"url\":\"https:\\\/\\\/www.latribunedufaso.net\\\/\",\"name\":\"La Tribune du Faso\",\"description\":\"L&#039;information du monde rural en un clic\",\"publisher\":{\"@id\":\"https:\\\/\\\/www.latribunedufaso.net\\\/#organization\"},\"potentialAction\":[{\"@type\":\"SearchAction\",\"target\":{\"@type\":\"EntryPoint\",\"urlTemplate\":\"https:\\\/\\\/www.latribunedufaso.net\\\/?s={search_term_string}\"},\"query-input\":{\"@type\":\"PropertyValueSpecification\",\"valueRequired\":true,\"valueName\":\"search_term_string\"}}],\"inLanguage\":\"fr-FR\"},{\"@type\":\"Organization\",\"@id\":\"https:\\\/\\\/www.latribunedufaso.net\\\/#organization\",\"name\":\"La Tribune du Faso\",\"url\":\"https:\\\/\\\/www.latribunedufaso.net\\\/\",\"logo\":{\"@type\":\"ImageObject\",\"inLanguage\":\"fr-FR\",\"@id\":\"https:\\\/\\\/www.latribunedufaso.net\\\/#\\\/schema\\\/logo\\\/image\\\/\",\"url\":\"https:\\\/\\\/www.latribunedufaso.net\\\/wp-content\\\/uploads\\\/2020\\\/08\\\/Logo-Tribune-du-Faso-final-scaled.jpg\",\"contentUrl\":\"https:\\\/\\\/www.latribunedufaso.net\\\/wp-content\\\/uploads\\\/2020\\\/08\\\/Logo-Tribune-du-Faso-final-scaled.jpg\",\"width\":2560,\"height\":1856,\"caption\":\"La Tribune du Faso\"},\"image\":{\"@id\":\"https:\\\/\\\/www.latribunedufaso.net\\\/#\\\/schema\\\/logo\\\/image\\\/\"},\"sameAs\":[\"https:\\\/\\\/www.facebook.com\\\/LatribuneduFaso\\\/\"]},{\"@type\":\"Person\",\"@id\":\"https:\\\/\\\/www.latribunedufaso.net\\\/#\\\/schema\\\/person\\\/e54e64c5778a7e72cf80a318b7a622b0\",\"name\":\"Issouf Tapsoba\",\"image\":{\"@type\":\"ImageObject\",\"inLanguage\":\"fr-FR\",\"@id\":\"https:\\\/\\\/secure.gravatar.com\\\/avatar\\\/5e6c05150ce3230247d167f5b94d678eb05936197436d69b7921e3a95c9107ac?s=96&d=mm&r=g\",\"url\":\"https:\\\/\\\/secure.gravatar.com\\\/avatar\\\/5e6c05150ce3230247d167f5b94d678eb05936197436d69b7921e3a95c9107ac?s=96&d=mm&r=g\",\"contentUrl\":\"https:\\\/\\\/secure.gravatar.com\\\/avatar\\\/5e6c05150ce3230247d167f5b94d678eb05936197436d69b7921e3a95c9107ac?s=96&d=mm&r=g\",\"caption\":\"Issouf Tapsoba\"},\"url\":\"https:\\\/\\\/www.latribunedufaso.net\\\/?author=5\"}]}<\/script>\n<!-- \/ Yoast SEO plugin. -->","yoast_head_json":{"title":"Coop\u00e9ration Burkina Faso-R\u00e9publique Arabe d\u2019Egypte : un M\u00e9morandum d\u2019entente sign\u00e9 pour consolider les relations\u00a0 - La Tribune du Faso","robots":{"index":"index","follow":"follow","max-snippet":"max-snippet:-1","max-image-preview":"max-image-preview:large","max-video-preview":"max-video-preview:-1"},"canonical":"https:\/\/www.latribunedufaso.net\/?p=22095","og_locale":"fr_FR","og_type":"article","og_title":"Coop\u00e9ration Burkina Faso-R\u00e9publique Arabe d\u2019Egypte : un M\u00e9morandum d\u2019entente sign\u00e9 pour consolider les relations\u00a0 - La Tribune du Faso","og_description":"Une forte d\u00e9l\u00e9gation de la R\u00e9publique Arabe d\u2019Egypte conduite par le ministre en charge des Affaires \u00e9trang\u00e8res de ce pays, Badr Ahmed Mohamed ABDELLATY, a effectu\u00e9 une visite officielle au Burkina Faso le mardi 22 juillet 2025.\u00a0","og_url":"https:\/\/www.latribunedufaso.net\/?p=22095","og_site_name":"La Tribune du Faso","article_publisher":"https:\/\/www.facebook.com\/LatribuneduFaso\/","article_published_time":"2025-07-23T11:47:38+00:00","og_image":[{"width":2048,"height":1235,"url":"https:\/\/www.latribunedufaso.net\/wp-content\/uploads\/2025\/07\/FB_IMG_1753270453251.jpg","type":"image\/jpeg"}],"author":"Issouf Tapsoba","twitter_misc":{"\u00c9crit par":"Issouf Tapsoba","Dur\u00e9e de lecture estim\u00e9e":"4 minutes"},"schema":{"@context":"https:\/\/schema.org","@graph":[{"@type":"Article","@id":"https:\/\/www.latribunedufaso.net\/?p=22095#article","isPartOf":{"@id":"https:\/\/www.latribunedufaso.net\/?p=22095"},"author":{"name":"Issouf Tapsoba","@id":"https:\/\/www.latribunedufaso.net\/#\/schema\/person\/e54e64c5778a7e72cf80a318b7a622b0"},"headline":"Coop\u00e9ration Burkina Faso-R\u00e9publique Arabe d\u2019Egypte : un M\u00e9morandum d\u2019entente sign\u00e9 pour consolider les relations\u00a0","datePublished":"2025-07-23T11:47:38+00:00","mainEntityOfPage":{"@id":"https:\/\/www.latribunedufaso.net\/?p=22095"},"wordCount":805,"commentCount":0,"publisher":{"@id":"https:\/\/www.latribunedufaso.net\/#organization"},"image":{"@id":"https:\/\/www.latribunedufaso.net\/?p=22095#primaryimage"},"thumbnailUrl":"https:\/\/www.latribunedufaso.net\/wp-content\/uploads\/2025\/07\/FB_IMG_1753270453251.jpg","keywords":["latribunedufaso.net","Signature M\u00e9morandum d\u2019entente Burkina-Egypte"],"articleSection":["A la une","Actualit\u00e9","Soci\u00e9t\u00e9"],"inLanguage":"fr-FR","potentialAction":[{"@type":"CommentAction","name":"Comment","target":["https:\/\/www.latribunedufaso.net\/?p=22095#respond"]}]},{"@type":"WebPage","@id":"https:\/\/www.latribunedufaso.net\/?p=22095","url":"https:\/\/www.latribunedufaso.net\/?p=22095","name":"Coop\u00e9ration Burkina Faso-R\u00e9publique Arabe d\u2019Egypte : un M\u00e9morandum d\u2019entente sign\u00e9 pour consolider les relations\u00a0 - La Tribune du Faso","isPartOf":{"@id":"https:\/\/www.latribunedufaso.net\/#website"},"primaryImageOfPage":{"@id":"https:\/\/www.latribunedufaso.net\/?p=22095#primaryimage"},"image":{"@id":"https:\/\/www.latribunedufaso.net\/?p=22095#primaryimage"},"thumbnailUrl":"https:\/\/www.latribunedufaso.net\/wp-content\/uploads\/2025\/07\/FB_IMG_1753270453251.jpg","datePublished":"2025-07-23T11:47:38+00:00","breadcrumb":{"@id":"https:\/\/www.latribunedufaso.net\/?p=22095#breadcrumb"},"inLanguage":"fr-FR","potentialAction":[{"@type":"ReadAction","target":["https:\/\/www.latribunedufaso.net\/?p=22095"]}]},{"@type":"ImageObject","inLanguage":"fr-FR","@id":"https:\/\/www.latribunedufaso.net\/?p=22095#primaryimage","url":"https:\/\/www.latribunedufaso.net\/wp-content\/uploads\/2025\/07\/FB_IMG_1753270453251.jpg","contentUrl":"https:\/\/www.latribunedufaso.net\/wp-content\/uploads\/2025\/07\/FB_IMG_1753270453251.jpg","width":2048,"height":1235,"caption":"Signature d\u2019un M\u00e9morandum d\u2019entente entre le Burkina Faso et l'\u00c9gypte, 22 juillet 2025"},{"@type":"BreadcrumbList","@id":"https:\/\/www.latribunedufaso.net\/?p=22095#breadcrumb","itemListElement":[{"@type":"ListItem","position":1,"name":"Accueil","item":"https:\/\/www.latribunedufaso.net\/"},{"@type":"ListItem","position":2,"name":"Coop\u00e9ration Burkina Faso-R\u00e9publique Arabe d\u2019Egypte : un M\u00e9morandum d\u2019entente sign\u00e9 pour consolider les relations\u00a0"}]},{"@type":"WebSite","@id":"https:\/\/www.latribunedufaso.net\/#website","url":"https:\/\/www.latribunedufaso.net\/","name":"La Tribune du Faso","description":"L&#039;information du monde rural en un clic","publisher":{"@id":"https:\/\/www.latribunedufaso.net\/#organization"},"potentialAction":[{"@type":"SearchAction","target":{"@type":"EntryPoint","urlTemplate":"https:\/\/www.latribunedufaso.net\/?s={search_term_string}"},"query-input":{"@type":"PropertyValueSpecification","valueRequired":true,"valueName":"search_term_string"}}],"inLanguage":"fr-FR"},{"@type":"Organization","@id":"https:\/\/www.latribunedufaso.net\/#organization","name":"La Tribune du Faso","url":"https:\/\/www.latribunedufaso.net\/","logo":{"@type":"ImageObject","inLanguage":"fr-FR","@id":"https:\/\/www.latribunedufaso.net\/#\/schema\/logo\/image\/","url":"https:\/\/www.latribunedufaso.net\/wp-content\/uploads\/2020\/08\/Logo-Tribune-du-Faso-final-scaled.jpg","contentUrl":"https:\/\/www.latribunedufaso.net\/wp-content\/uploads\/2020\/08\/Logo-Tribune-du-Faso-final-scaled.jpg","width":2560,"height":1856,"caption":"La Tribune du Faso"},"image":{"@id":"https:\/\/www.latribunedufaso.net\/#\/schema\/logo\/image\/"},"sameAs":["https:\/\/www.facebook.com\/LatribuneduFaso\/"]},{"@type":"Person","@id":"https:\/\/www.latribunedufaso.net\/#\/schema\/person\/e54e64c5778a7e72cf80a318b7a622b0","name":"Issouf Tapsoba","image":{"@type":"ImageObject","inLanguage":"fr-FR","@id":"https:\/\/secure.gravatar.com\/avatar\/5e6c05150ce3230247d167f5b94d678eb05936197436d69b7921e3a95c9107ac?s=96&d=mm&r=g","url":"https:\/\/secure.gravatar.com\/avatar\/5e6c05150ce3230247d167f5b94d678eb05936197436d69b7921e3a95c9107ac?s=96&d=mm&r=g","contentUrl":"https:\/\/secure.gravatar.com\/avatar\/5e6c05150ce3230247d167f5b94d678eb05936197436d69b7921e3a95c9107ac?s=96&d=mm&r=g","caption":"Issouf Tapsoba"},"url":"https:\/\/www.latribunedufaso.net\/?author=5"}]}},"_links":{"self":[{"href":"https:\/\/www.latribunedufaso.net\/index.php?rest_route=\/wp\/v2\/posts\/22095","targetHints":{"allow":["GET"]}}],"collection":[{"href":"https:\/\/www.latribunedufaso.net\/index.php?rest_route=\/wp\/v2\/posts"}],"about":[{"href":"https:\/\/www.latribunedufaso.net\/index.php?rest_route=\/wp\/v2\/types\/post"}],"author":[{"embeddable":true,"href":"https:\/\/www.latribunedufaso.net\/index.php?rest_route=\/wp\/v2\/users\/5"}],"replies":[{"embeddable":true,"href":"https:\/\/www.latribunedufaso.net\/index.php?rest_route=%2Fwp%2Fv2%2Fcomments&post=22095"}],"version-history":[{"count":1,"href":"https:\/\/www.latribunedufaso.net\/index.php?rest_route=\/wp\/v2\/posts\/22095\/revisions"}],"predecessor-version":[{"id":22100,"href":"https:\/\/www.latribunedufaso.net\/index.php?rest_route=\/wp\/v2\/posts\/22095\/revisions\/22100"}],"wp:featuredmedia":[{"embeddable":true,"href":"https:\/\/www.latribunedufaso.net\/index.php?rest_route=\/wp\/v2\/media\/22096"}],"wp:attachment":[{"href":"https:\/\/www.latribunedufaso.net\/index.php?rest_route=%2Fwp%2Fv2%2Fmedia&parent=22095"}],"wp:term":[{"taxonomy":"category","embeddable":true,"href":"https:\/\/www.latribunedufaso.net\/index.php?rest_route=%2Fwp%2Fv2%2Fcategories&post=22095"},{"taxonomy":"post_tag","embeddable":true,"href":"https:\/\/www.latribunedufaso.net\/index.php?rest_route=%2Fwp%2Fv2%2Ftags&post=22095"}],"curies":[{"name":"wp","href":"https:\/\/api.w.org\/{rel}","templated":true}]}}