{"id":22091,"date":"2025-07-23T11:16:01","date_gmt":"2025-07-23T11:16:01","guid":{"rendered":"https:\/\/www.latribunedufaso.net\/?p=22091"},"modified":"2025-07-23T11:16:01","modified_gmt":"2025-07-23T11:16:01","slug":"cooperation-burkina-egypte-legypte-est-prete-a-renforcer-toutes-sortes-de-cooperation-avec-le-burkina-faso-dixit-lenvoye-special-du-president-egyptien-a-sa-sortie-d","status":"publish","type":"post","link":"https:\/\/www.latribunedufaso.net\/?p=22091","title":{"rendered":"Coop\u00e9ration Burkina-Egypte : \u00ab L\u2019\u00c9gypte est pr\u00eate \u00e0 renforcer toutes sortes de coop\u00e9ration avec le Burkina Faso \u00bb, dixit l\u2019Envoy\u00e9 sp\u00e9cial du Pr\u00e9sident \u00e9gyptien \u00e0 sa sortie d\u2019audience"},"content":{"rendered":"<p><strong>Le Pr\u00e9sident du Faso, Chef de l\u2019\u00c9tat, le Capitaine Ibrahim TRAOR\u00c9, a re\u00e7u en audience le 22 juillet 2025, le ministre des Affaires \u00e9trang\u00e8res, de l\u2019Immigration et des Expatri\u00e9s de la R\u00e9publique Arabe d\u2019\u00c9gypte, Dr Badr ABDELATY, porteur d\u2019un message du Pr\u00e9sident \u00e9gyptien, Abdel Fattah AL-SISSI \u00e0 son homologue burkinab\u00e8.<\/strong><!--more--><\/p>\n<p><em><strong>\u00ab J\u2019ai transmis les salutations et le soutien du Pr\u00e9sident de la R\u00e9publique Arabe d\u2019\u00c9gypte au Pr\u00e9sident le Capitaine Ibrahim TRAOR\u00c9. Je lui ai aussi remis un message \u00e9crit concernant notre coop\u00e9ration bilat\u00e9rale et l\u2019engagement de l\u2019\u00c9gypte de continuer \u00e0 renforcer cette coop\u00e9ration \u00bb<\/strong><\/em>, d\u00e9clare Dr Badr ABDELATY \u00e0 sa sortie d\u2019audience.\u00a0\u00a0<\/p>\n<figure id=\"attachment_22093\" aria-describedby=\"caption-attachment-22093\" style=\"width: 1280px\" class=\"wp-caption aligncenter\"><a href=\"https:\/\/www.latribunedufaso.net\/wp-content\/uploads\/2025\/07\/IMG-20250723-WA0015.jpg\"><img loading=\"lazy\" decoding=\"async\" class=\"size-full wp-image-22093\" src=\"https:\/\/www.latribunedufaso.net\/wp-content\/uploads\/2025\/07\/IMG-20250723-WA0015.jpg\" alt=\"Le Pr\u00e9sident du Faso, Ibrahim Traor\u00e9 a re\u00e7u en audience le ministre des Affaires \u00e9trang\u00e8re de l'\u00c9gypte, Dr Badr ABDELATY, 22 juillet 2025\" width=\"1280\" height=\"853\" srcset=\"https:\/\/www.latribunedufaso.net\/wp-content\/uploads\/2025\/07\/IMG-20250723-WA0015.jpg 1280w, https:\/\/www.latribunedufaso.net\/wp-content\/uploads\/2025\/07\/IMG-20250723-WA0015-300x200.jpg 300w, https:\/\/www.latribunedufaso.net\/wp-content\/uploads\/2025\/07\/IMG-20250723-WA0015-1024x682.jpg 1024w, https:\/\/www.latribunedufaso.net\/wp-content\/uploads\/2025\/07\/IMG-20250723-WA0015-768x512.jpg 768w, https:\/\/www.latribunedufaso.net\/wp-content\/uploads\/2025\/07\/IMG-20250723-WA0015-840x560.jpg 840w, https:\/\/www.latribunedufaso.net\/wp-content\/uploads\/2025\/07\/IMG-20250723-WA0015-120x80.jpg 120w, https:\/\/www.latribunedufaso.net\/wp-content\/uploads\/2025\/07\/IMG-20250723-WA0015-360x240.jpg 360w, https:\/\/www.latribunedufaso.net\/wp-content\/uploads\/2025\/07\/IMG-20250723-WA0015-600x400.jpg 600w\" sizes=\"auto, (max-width: 1280px) 100vw, 1280px\" \/><\/a><figcaption id=\"caption-attachment-22093\" class=\"wp-caption-text\">Le ministre des Affaires \u00e9trang\u00e8res, de l\u2019Immigration et des Expatri\u00e9s de la R\u00e9publique Arabe d\u2019\u00c9gypte, Dr Badr ABDELATY &#8211; Ph. DR<\/figcaption><\/figure>\n<p>Le Pr\u00e9sident du Faso et son h\u00f4te ont \u00e9chang\u00e9 sur plusieurs sujets d\u2019int\u00e9r\u00eat commun comme les investissements, le commerce, la s\u00e9curit\u00e9 et la d\u00e9fense notamment la lutte contre le terrorisme. <em><strong>\u00ab L\u2019\u00c9gypte s\u2019engage \u00e0 soutenir les trois pays de l\u2019AES (le Burkina Faso, le Niger et le Mali ) dans leur combat commun contre le terrorisme et nous continuerons \u00e0 leur fournir tout type d\u2019aide. Dans le cadre du renforcement de nos relations, nous sommes pr\u00eats \u00e0 toutes sortes de coop\u00e9ration avec le Burkina Faso et l\u2019ensemble des pays fr\u00e8res de l\u2019AES \u00bb,<\/strong><\/em> souligne Dr Badr ABDELATY.\u00a0<\/p>\n<figure id=\"attachment_22092\" aria-describedby=\"caption-attachment-22092\" style=\"width: 1280px\" class=\"wp-caption aligncenter\"><a href=\"https:\/\/www.latribunedufaso.net\/wp-content\/uploads\/2025\/07\/IMG-20250723-WA0013.jpg\"><img loading=\"lazy\" decoding=\"async\" class=\"size-full wp-image-22092\" src=\"https:\/\/www.latribunedufaso.net\/wp-content\/uploads\/2025\/07\/IMG-20250723-WA0013.jpg\" alt=\"Le Pr\u00e9sident du Faso, Ibrahim Traor\u00e9 a re\u00e7u en audience le ministre des Affaires \u00e9trang\u00e8re de l'\u00c9gypte, Dr Badr ABDELATY, 22 juillet 2025\" width=\"1280\" height=\"853\" srcset=\"https:\/\/www.latribunedufaso.net\/wp-content\/uploads\/2025\/07\/IMG-20250723-WA0013.jpg 1280w, https:\/\/www.latribunedufaso.net\/wp-content\/uploads\/2025\/07\/IMG-20250723-WA0013-300x200.jpg 300w, https:\/\/www.latribunedufaso.net\/wp-content\/uploads\/2025\/07\/IMG-20250723-WA0013-1024x682.jpg 1024w, https:\/\/www.latribunedufaso.net\/wp-content\/uploads\/2025\/07\/IMG-20250723-WA0013-768x512.jpg 768w, https:\/\/www.latribunedufaso.net\/wp-content\/uploads\/2025\/07\/IMG-20250723-WA0013-840x560.jpg 840w, https:\/\/www.latribunedufaso.net\/wp-content\/uploads\/2025\/07\/IMG-20250723-WA0013-120x80.jpg 120w, https:\/\/www.latribunedufaso.net\/wp-content\/uploads\/2025\/07\/IMG-20250723-WA0013-360x240.jpg 360w, https:\/\/www.latribunedufaso.net\/wp-content\/uploads\/2025\/07\/IMG-20250723-WA0013-600x400.jpg 600w\" sizes=\"auto, (max-width: 1280px) 100vw, 1280px\" \/><\/a><figcaption id=\"caption-attachment-22092\" class=\"wp-caption-text\">Le Pr\u00e9sident du Faso, le Capitaine Ibrahim TRAOR\u00c9 et son h\u00f4te ont \u00e9chang\u00e9 sur plusieurs sujets d\u2019int\u00e9r\u00eat commun dont le commerce et la lutte contre le terrorisme &#8211; Ph. DR<\/figcaption><\/figure>\n<p><em><strong>\u00ab Nous remercions profond\u00e9ment le Pr\u00e9sident TRAOR\u00c9 pour son soutien \u00e0 l\u2019unit\u00e9 africaine et sa lutte pour la souverainet\u00e9 du Burkina Faso \u00bb,<\/strong><\/em> affirme le ministre \u00e9gyptien pour qui, le renforcement de la coop\u00e9ration entre les deux pays peut aussi porter sur des secteurs comme l\u2019agriculture, la fabrication des produits pharmaceutiques, les infrastructures pour le bonheur des deux peuples.<\/p>\n<blockquote>\n<p>Lire aussi &gt;&gt; <a href=\"https:\/\/www.latribunedufaso.net\/?p=14972\">Coop\u00e9ration : La 72e f\u00eate nationale de la R\u00e9publique Arabe d\u2019\u00c9gypte c\u00e9l\u00e9br\u00e9e \u00e0 Ouagadougou\u00a0<\/a><\/p>\n<\/blockquote>\n<p>Au cours de cette audience, l\u2019\u00e9missaire \u00e9gyptien a traduit toute sa reconnaissance au Capitaine Ibrahim TRAOR\u00c9 pour son soutien \u00e0 la candidature de l\u2019ancien ministre \u00e9gyptien charg\u00e9 du Tourisme, Dr Khaled El-ENANY, pour le poste de Directeur g\u00e9n\u00e9ral de l\u2019UNESCO.<\/p>\n<p><strong>Latribunedufaso.net<\/strong><\/p>\n<p><strong>Source : Direction de la Communication de la Pr\u00e9sidence du Faso<\/strong><\/p>\n","protected":false},"excerpt":{"rendered":"<p>Le Pr\u00e9sident du Faso, Chef de l\u2019\u00c9tat, le Capitaine Ibrahim TRAOR\u00c9, a re\u00e7u en audience le 22 juillet 2025, le ministre des Affaires \u00e9trang\u00e8res, de l\u2019Immigration et des Expatri\u00e9s de la R\u00e9publique Arabe d\u2019\u00c9gypte, Dr Badr ABDELATY, porteur d\u2019un message du Pr\u00e9sident \u00e9gyptien, Abdel Fattah AL-SISSI \u00e0 son homologue burkinab\u00e8.<\/p>\n","protected":false},"author":5,"featured_media":22092,"comment_status":"open","ping_status":"open","sticky":false,"template":"","format":"standard","meta":{"footnotes":""},"categories":[13,1,8],"tags":[669,39],"class_list":["post-22091","post","type-post","status-publish","format-standard","has-post-thumbnail","hentry","category-une","category-actu","category-societe","tag-cooperation-burkina-egypte","tag-latribunedufaso-net"],"yoast_head":"<!-- This site is optimized with the Yoast SEO plugin v27.5 - https:\/\/yoast.com\/product\/yoast-seo-wordpress\/ -->\n<title>Coop\u00e9ration Burkina-Egypte : \u00ab L\u2019\u00c9gypte est pr\u00eate \u00e0 renforcer toutes sortes de coop\u00e9ration avec le Burkina Faso \u00bb, dixit l\u2019Envoy\u00e9 sp\u00e9cial du Pr\u00e9sident \u00e9gyptien \u00e0 sa sortie d\u2019audience - La Tribune du Faso<\/title>\n<meta name=\"robots\" content=\"index, follow, max-snippet:-1, max-image-preview:large, max-video-preview:-1\" \/>\n<link rel=\"canonical\" href=\"https:\/\/www.latribunedufaso.net\/?p=22091\" \/>\n<meta property=\"og:locale\" content=\"fr_FR\" \/>\n<meta property=\"og:type\" content=\"article\" \/>\n<meta property=\"og:title\" content=\"Coop\u00e9ration Burkina-Egypte : \u00ab L\u2019\u00c9gypte est pr\u00eate \u00e0 renforcer toutes sortes de coop\u00e9ration avec le Burkina Faso \u00bb, dixit l\u2019Envoy\u00e9 sp\u00e9cial du Pr\u00e9sident \u00e9gyptien \u00e0 sa sortie d\u2019audience - La Tribune du Faso\" \/>\n<meta property=\"og:description\" content=\"Le Pr\u00e9sident du Faso, Chef de l\u2019\u00c9tat, le Capitaine Ibrahim TRAOR\u00c9, a re\u00e7u en audience le 22 juillet 2025, le ministre des Affaires \u00e9trang\u00e8res, de l\u2019Immigration et des Expatri\u00e9s de la R\u00e9publique Arabe d\u2019\u00c9gypte, Dr Badr ABDELATY, porteur d\u2019un message du Pr\u00e9sident \u00e9gyptien, Abdel Fattah AL-SISSI \u00e0 son homologue burkinab\u00e8.\" \/>\n<meta property=\"og:url\" content=\"https:\/\/www.latribunedufaso.net\/?p=22091\" \/>\n<meta property=\"og:site_name\" content=\"La Tribune du Faso\" \/>\n<meta property=\"article:publisher\" content=\"https:\/\/www.facebook.com\/LatribuneduFaso\/\" \/>\n<meta property=\"article:published_time\" content=\"2025-07-23T11:16:01+00:00\" \/>\n<meta property=\"og:image\" content=\"https:\/\/www.latribunedufaso.net\/wp-content\/uploads\/2025\/07\/IMG-20250723-WA0013.jpg\" \/>\n\t<meta property=\"og:image:width\" content=\"1280\" \/>\n\t<meta property=\"og:image:height\" content=\"853\" \/>\n\t<meta property=\"og:image:type\" content=\"image\/jpeg\" \/>\n<meta name=\"author\" content=\"Issouf Tapsoba\" \/>\n<meta name=\"twitter:label1\" content=\"\u00c9crit par\" \/>\n\t<meta name=\"twitter:data1\" content=\"Issouf Tapsoba\" \/>\n\t<meta name=\"twitter:label2\" content=\"Dur\u00e9e de lecture estim\u00e9e\" \/>\n\t<meta name=\"twitter:data2\" content=\"2 minutes\" \/>\n<script type=\"application\/ld+json\" class=\"yoast-schema-graph\">{\"@context\":\"https:\\\/\\\/schema.org\",\"@graph\":[{\"@type\":\"Article\",\"@id\":\"https:\\\/\\\/www.latribunedufaso.net\\\/?p=22091#article\",\"isPartOf\":{\"@id\":\"https:\\\/\\\/www.latribunedufaso.net\\\/?p=22091\"},\"author\":{\"name\":\"Issouf Tapsoba\",\"@id\":\"https:\\\/\\\/www.latribunedufaso.net\\\/#\\\/schema\\\/person\\\/e54e64c5778a7e72cf80a318b7a622b0\"},\"headline\":\"Coop\u00e9ration Burkina-Egypte : \u00ab L\u2019\u00c9gypte est pr\u00eate \u00e0 renforcer toutes sortes de coop\u00e9ration avec le Burkina Faso \u00bb, dixit l\u2019Envoy\u00e9 sp\u00e9cial du Pr\u00e9sident \u00e9gyptien \u00e0 sa sortie d\u2019audience\",\"datePublished\":\"2025-07-23T11:16:01+00:00\",\"mainEntityOfPage\":{\"@id\":\"https:\\\/\\\/www.latribunedufaso.net\\\/?p=22091\"},\"wordCount\":471,\"commentCount\":0,\"publisher\":{\"@id\":\"https:\\\/\\\/www.latribunedufaso.net\\\/#organization\"},\"image\":{\"@id\":\"https:\\\/\\\/www.latribunedufaso.net\\\/?p=22091#primaryimage\"},\"thumbnailUrl\":\"https:\\\/\\\/www.latribunedufaso.net\\\/wp-content\\\/uploads\\\/2025\\\/07\\\/IMG-20250723-WA0013.jpg\",\"keywords\":[\"Coop\u00e9ration Burkina-Egypte\",\"latribunedufaso.net\"],\"articleSection\":[\"A la une\",\"Actualit\u00e9\",\"Soci\u00e9t\u00e9\"],\"inLanguage\":\"fr-FR\",\"potentialAction\":[{\"@type\":\"CommentAction\",\"name\":\"Comment\",\"target\":[\"https:\\\/\\\/www.latribunedufaso.net\\\/?p=22091#respond\"]}]},{\"@type\":\"WebPage\",\"@id\":\"https:\\\/\\\/www.latribunedufaso.net\\\/?p=22091\",\"url\":\"https:\\\/\\\/www.latribunedufaso.net\\\/?p=22091\",\"name\":\"Coop\u00e9ration Burkina-Egypte : \u00ab L\u2019\u00c9gypte est pr\u00eate \u00e0 renforcer toutes sortes de coop\u00e9ration avec le Burkina Faso \u00bb, dixit l\u2019Envoy\u00e9 sp\u00e9cial du Pr\u00e9sident \u00e9gyptien \u00e0 sa sortie d\u2019audience - La Tribune du Faso\",\"isPartOf\":{\"@id\":\"https:\\\/\\\/www.latribunedufaso.net\\\/#website\"},\"primaryImageOfPage\":{\"@id\":\"https:\\\/\\\/www.latribunedufaso.net\\\/?p=22091#primaryimage\"},\"image\":{\"@id\":\"https:\\\/\\\/www.latribunedufaso.net\\\/?p=22091#primaryimage\"},\"thumbnailUrl\":\"https:\\\/\\\/www.latribunedufaso.net\\\/wp-content\\\/uploads\\\/2025\\\/07\\\/IMG-20250723-WA0013.jpg\",\"datePublished\":\"2025-07-23T11:16:01+00:00\",\"breadcrumb\":{\"@id\":\"https:\\\/\\\/www.latribunedufaso.net\\\/?p=22091#breadcrumb\"},\"inLanguage\":\"fr-FR\",\"potentialAction\":[{\"@type\":\"ReadAction\",\"target\":[\"https:\\\/\\\/www.latribunedufaso.net\\\/?p=22091\"]}]},{\"@type\":\"ImageObject\",\"inLanguage\":\"fr-FR\",\"@id\":\"https:\\\/\\\/www.latribunedufaso.net\\\/?p=22091#primaryimage\",\"url\":\"https:\\\/\\\/www.latribunedufaso.net\\\/wp-content\\\/uploads\\\/2025\\\/07\\\/IMG-20250723-WA0013.jpg\",\"contentUrl\":\"https:\\\/\\\/www.latribunedufaso.net\\\/wp-content\\\/uploads\\\/2025\\\/07\\\/IMG-20250723-WA0013.jpg\",\"width\":1280,\"height\":853,\"caption\":\"Le Pr\u00e9sident du Faso, le Capitaine Ibrahim TRAOR\u00c9 et son h\u00f4te ont \u00e9chang\u00e9 sur plusieurs sujets d\u2019int\u00e9r\u00eat commun dont le commerce et la lutte contre le terrorisme - Ph. DR\"},{\"@type\":\"BreadcrumbList\",\"@id\":\"https:\\\/\\\/www.latribunedufaso.net\\\/?p=22091#breadcrumb\",\"itemListElement\":[{\"@type\":\"ListItem\",\"position\":1,\"name\":\"Accueil\",\"item\":\"https:\\\/\\\/www.latribunedufaso.net\\\/\"},{\"@type\":\"ListItem\",\"position\":2,\"name\":\"Coop\u00e9ration Burkina-Egypte : \u00ab L\u2019\u00c9gypte est pr\u00eate \u00e0 renforcer toutes sortes de coop\u00e9ration avec le Burkina Faso \u00bb, dixit l\u2019Envoy\u00e9 sp\u00e9cial du Pr\u00e9sident \u00e9gyptien \u00e0 sa sortie d\u2019audience\"}]},{\"@type\":\"WebSite\",\"@id\":\"https:\\\/\\\/www.latribunedufaso.net\\\/#website\",\"url\":\"https:\\\/\\\/www.latribunedufaso.net\\\/\",\"name\":\"La Tribune du Faso\",\"description\":\"L&#039;information du monde rural en un clic\",\"publisher\":{\"@id\":\"https:\\\/\\\/www.latribunedufaso.net\\\/#organization\"},\"potentialAction\":[{\"@type\":\"SearchAction\",\"target\":{\"@type\":\"EntryPoint\",\"urlTemplate\":\"https:\\\/\\\/www.latribunedufaso.net\\\/?s={search_term_string}\"},\"query-input\":{\"@type\":\"PropertyValueSpecification\",\"valueRequired\":true,\"valueName\":\"search_term_string\"}}],\"inLanguage\":\"fr-FR\"},{\"@type\":\"Organization\",\"@id\":\"https:\\\/\\\/www.latribunedufaso.net\\\/#organization\",\"name\":\"La Tribune du Faso\",\"url\":\"https:\\\/\\\/www.latribunedufaso.net\\\/\",\"logo\":{\"@type\":\"ImageObject\",\"inLanguage\":\"fr-FR\",\"@id\":\"https:\\\/\\\/www.latribunedufaso.net\\\/#\\\/schema\\\/logo\\\/image\\\/\",\"url\":\"https:\\\/\\\/www.latribunedufaso.net\\\/wp-content\\\/uploads\\\/2020\\\/08\\\/Logo-Tribune-du-Faso-final-scaled.jpg\",\"contentUrl\":\"https:\\\/\\\/www.latribunedufaso.net\\\/wp-content\\\/uploads\\\/2020\\\/08\\\/Logo-Tribune-du-Faso-final-scaled.jpg\",\"width\":2560,\"height\":1856,\"caption\":\"La Tribune du Faso\"},\"image\":{\"@id\":\"https:\\\/\\\/www.latribunedufaso.net\\\/#\\\/schema\\\/logo\\\/image\\\/\"},\"sameAs\":[\"https:\\\/\\\/www.facebook.com\\\/LatribuneduFaso\\\/\"]},{\"@type\":\"Person\",\"@id\":\"https:\\\/\\\/www.latribunedufaso.net\\\/#\\\/schema\\\/person\\\/e54e64c5778a7e72cf80a318b7a622b0\",\"name\":\"Issouf Tapsoba\",\"image\":{\"@type\":\"ImageObject\",\"inLanguage\":\"fr-FR\",\"@id\":\"https:\\\/\\\/secure.gravatar.com\\\/avatar\\\/5e6c05150ce3230247d167f5b94d678eb05936197436d69b7921e3a95c9107ac?s=96&d=mm&r=g\",\"url\":\"https:\\\/\\\/secure.gravatar.com\\\/avatar\\\/5e6c05150ce3230247d167f5b94d678eb05936197436d69b7921e3a95c9107ac?s=96&d=mm&r=g\",\"contentUrl\":\"https:\\\/\\\/secure.gravatar.com\\\/avatar\\\/5e6c05150ce3230247d167f5b94d678eb05936197436d69b7921e3a95c9107ac?s=96&d=mm&r=g\",\"caption\":\"Issouf Tapsoba\"},\"url\":\"https:\\\/\\\/www.latribunedufaso.net\\\/?author=5\"}]}<\/script>\n<!-- \/ Yoast SEO plugin. -->","yoast_head_json":{"title":"Coop\u00e9ration Burkina-Egypte : \u00ab L\u2019\u00c9gypte est pr\u00eate \u00e0 renforcer toutes sortes de coop\u00e9ration avec le Burkina Faso \u00bb, dixit l\u2019Envoy\u00e9 sp\u00e9cial du Pr\u00e9sident \u00e9gyptien \u00e0 sa sortie d\u2019audience - La Tribune du Faso","robots":{"index":"index","follow":"follow","max-snippet":"max-snippet:-1","max-image-preview":"max-image-preview:large","max-video-preview":"max-video-preview:-1"},"canonical":"https:\/\/www.latribunedufaso.net\/?p=22091","og_locale":"fr_FR","og_type":"article","og_title":"Coop\u00e9ration Burkina-Egypte : \u00ab L\u2019\u00c9gypte est pr\u00eate \u00e0 renforcer toutes sortes de coop\u00e9ration avec le Burkina Faso \u00bb, dixit l\u2019Envoy\u00e9 sp\u00e9cial du Pr\u00e9sident \u00e9gyptien \u00e0 sa sortie d\u2019audience - La Tribune du Faso","og_description":"Le Pr\u00e9sident du Faso, Chef de l\u2019\u00c9tat, le Capitaine Ibrahim TRAOR\u00c9, a re\u00e7u en audience le 22 juillet 2025, le ministre des Affaires \u00e9trang\u00e8res, de l\u2019Immigration et des Expatri\u00e9s de la R\u00e9publique Arabe d\u2019\u00c9gypte, Dr Badr ABDELATY, porteur d\u2019un message du Pr\u00e9sident \u00e9gyptien, Abdel Fattah AL-SISSI \u00e0 son homologue burkinab\u00e8.","og_url":"https:\/\/www.latribunedufaso.net\/?p=22091","og_site_name":"La Tribune du Faso","article_publisher":"https:\/\/www.facebook.com\/LatribuneduFaso\/","article_published_time":"2025-07-23T11:16:01+00:00","og_image":[{"width":1280,"height":853,"url":"https:\/\/www.latribunedufaso.net\/wp-content\/uploads\/2025\/07\/IMG-20250723-WA0013.jpg","type":"image\/jpeg"}],"author":"Issouf Tapsoba","twitter_misc":{"\u00c9crit par":"Issouf Tapsoba","Dur\u00e9e de lecture estim\u00e9e":"2 minutes"},"schema":{"@context":"https:\/\/schema.org","@graph":[{"@type":"Article","@id":"https:\/\/www.latribunedufaso.net\/?p=22091#article","isPartOf":{"@id":"https:\/\/www.latribunedufaso.net\/?p=22091"},"author":{"name":"Issouf Tapsoba","@id":"https:\/\/www.latribunedufaso.net\/#\/schema\/person\/e54e64c5778a7e72cf80a318b7a622b0"},"headline":"Coop\u00e9ration Burkina-Egypte : \u00ab L\u2019\u00c9gypte est pr\u00eate \u00e0 renforcer toutes sortes de coop\u00e9ration avec le Burkina Faso \u00bb, dixit l\u2019Envoy\u00e9 sp\u00e9cial du Pr\u00e9sident \u00e9gyptien \u00e0 sa sortie d\u2019audience","datePublished":"2025-07-23T11:16:01+00:00","mainEntityOfPage":{"@id":"https:\/\/www.latribunedufaso.net\/?p=22091"},"wordCount":471,"commentCount":0,"publisher":{"@id":"https:\/\/www.latribunedufaso.net\/#organization"},"image":{"@id":"https:\/\/www.latribunedufaso.net\/?p=22091#primaryimage"},"thumbnailUrl":"https:\/\/www.latribunedufaso.net\/wp-content\/uploads\/2025\/07\/IMG-20250723-WA0013.jpg","keywords":["Coop\u00e9ration Burkina-Egypte","latribunedufaso.net"],"articleSection":["A la une","Actualit\u00e9","Soci\u00e9t\u00e9"],"inLanguage":"fr-FR","potentialAction":[{"@type":"CommentAction","name":"Comment","target":["https:\/\/www.latribunedufaso.net\/?p=22091#respond"]}]},{"@type":"WebPage","@id":"https:\/\/www.latribunedufaso.net\/?p=22091","url":"https:\/\/www.latribunedufaso.net\/?p=22091","name":"Coop\u00e9ration Burkina-Egypte : \u00ab L\u2019\u00c9gypte est pr\u00eate \u00e0 renforcer toutes sortes de coop\u00e9ration avec le Burkina Faso \u00bb, dixit l\u2019Envoy\u00e9 sp\u00e9cial du Pr\u00e9sident \u00e9gyptien \u00e0 sa sortie d\u2019audience - La Tribune du Faso","isPartOf":{"@id":"https:\/\/www.latribunedufaso.net\/#website"},"primaryImageOfPage":{"@id":"https:\/\/www.latribunedufaso.net\/?p=22091#primaryimage"},"image":{"@id":"https:\/\/www.latribunedufaso.net\/?p=22091#primaryimage"},"thumbnailUrl":"https:\/\/www.latribunedufaso.net\/wp-content\/uploads\/2025\/07\/IMG-20250723-WA0013.jpg","datePublished":"2025-07-23T11:16:01+00:00","breadcrumb":{"@id":"https:\/\/www.latribunedufaso.net\/?p=22091#breadcrumb"},"inLanguage":"fr-FR","potentialAction":[{"@type":"ReadAction","target":["https:\/\/www.latribunedufaso.net\/?p=22091"]}]},{"@type":"ImageObject","inLanguage":"fr-FR","@id":"https:\/\/www.latribunedufaso.net\/?p=22091#primaryimage","url":"https:\/\/www.latribunedufaso.net\/wp-content\/uploads\/2025\/07\/IMG-20250723-WA0013.jpg","contentUrl":"https:\/\/www.latribunedufaso.net\/wp-content\/uploads\/2025\/07\/IMG-20250723-WA0013.jpg","width":1280,"height":853,"caption":"Le Pr\u00e9sident du Faso, le Capitaine Ibrahim TRAOR\u00c9 et son h\u00f4te ont \u00e9chang\u00e9 sur plusieurs sujets d\u2019int\u00e9r\u00eat commun dont le commerce et la lutte contre le terrorisme - Ph. DR"},{"@type":"BreadcrumbList","@id":"https:\/\/www.latribunedufaso.net\/?p=22091#breadcrumb","itemListElement":[{"@type":"ListItem","position":1,"name":"Accueil","item":"https:\/\/www.latribunedufaso.net\/"},{"@type":"ListItem","position":2,"name":"Coop\u00e9ration Burkina-Egypte : \u00ab L\u2019\u00c9gypte est pr\u00eate \u00e0 renforcer toutes sortes de coop\u00e9ration avec le Burkina Faso \u00bb, dixit l\u2019Envoy\u00e9 sp\u00e9cial du Pr\u00e9sident \u00e9gyptien \u00e0 sa sortie d\u2019audience"}]},{"@type":"WebSite","@id":"https:\/\/www.latribunedufaso.net\/#website","url":"https:\/\/www.latribunedufaso.net\/","name":"La Tribune du Faso","description":"L&#039;information du monde rural en un clic","publisher":{"@id":"https:\/\/www.latribunedufaso.net\/#organization"},"potentialAction":[{"@type":"SearchAction","target":{"@type":"EntryPoint","urlTemplate":"https:\/\/www.latribunedufaso.net\/?s={search_term_string}"},"query-input":{"@type":"PropertyValueSpecification","valueRequired":true,"valueName":"search_term_string"}}],"inLanguage":"fr-FR"},{"@type":"Organization","@id":"https:\/\/www.latribunedufaso.net\/#organization","name":"La Tribune du Faso","url":"https:\/\/www.latribunedufaso.net\/","logo":{"@type":"ImageObject","inLanguage":"fr-FR","@id":"https:\/\/www.latribunedufaso.net\/#\/schema\/logo\/image\/","url":"https:\/\/www.latribunedufaso.net\/wp-content\/uploads\/2020\/08\/Logo-Tribune-du-Faso-final-scaled.jpg","contentUrl":"https:\/\/www.latribunedufaso.net\/wp-content\/uploads\/2020\/08\/Logo-Tribune-du-Faso-final-scaled.jpg","width":2560,"height":1856,"caption":"La Tribune du Faso"},"image":{"@id":"https:\/\/www.latribunedufaso.net\/#\/schema\/logo\/image\/"},"sameAs":["https:\/\/www.facebook.com\/LatribuneduFaso\/"]},{"@type":"Person","@id":"https:\/\/www.latribunedufaso.net\/#\/schema\/person\/e54e64c5778a7e72cf80a318b7a622b0","name":"Issouf Tapsoba","image":{"@type":"ImageObject","inLanguage":"fr-FR","@id":"https:\/\/secure.gravatar.com\/avatar\/5e6c05150ce3230247d167f5b94d678eb05936197436d69b7921e3a95c9107ac?s=96&d=mm&r=g","url":"https:\/\/secure.gravatar.com\/avatar\/5e6c05150ce3230247d167f5b94d678eb05936197436d69b7921e3a95c9107ac?s=96&d=mm&r=g","contentUrl":"https:\/\/secure.gravatar.com\/avatar\/5e6c05150ce3230247d167f5b94d678eb05936197436d69b7921e3a95c9107ac?s=96&d=mm&r=g","caption":"Issouf Tapsoba"},"url":"https:\/\/www.latribunedufaso.net\/?author=5"}]}},"_links":{"self":[{"href":"https:\/\/www.latribunedufaso.net\/index.php?rest_route=\/wp\/v2\/posts\/22091","targetHints":{"allow":["GET"]}}],"collection":[{"href":"https:\/\/www.latribunedufaso.net\/index.php?rest_route=\/wp\/v2\/posts"}],"about":[{"href":"https:\/\/www.latribunedufaso.net\/index.php?rest_route=\/wp\/v2\/types\/post"}],"author":[{"embeddable":true,"href":"https:\/\/www.latribunedufaso.net\/index.php?rest_route=\/wp\/v2\/users\/5"}],"replies":[{"embeddable":true,"href":"https:\/\/www.latribunedufaso.net\/index.php?rest_route=%2Fwp%2Fv2%2Fcomments&post=22091"}],"version-history":[{"count":1,"href":"https:\/\/www.latribunedufaso.net\/index.php?rest_route=\/wp\/v2\/posts\/22091\/revisions"}],"predecessor-version":[{"id":22094,"href":"https:\/\/www.latribunedufaso.net\/index.php?rest_route=\/wp\/v2\/posts\/22091\/revisions\/22094"}],"wp:featuredmedia":[{"embeddable":true,"href":"https:\/\/www.latribunedufaso.net\/index.php?rest_route=\/wp\/v2\/media\/22092"}],"wp:attachment":[{"href":"https:\/\/www.latribunedufaso.net\/index.php?rest_route=%2Fwp%2Fv2%2Fmedia&parent=22091"}],"wp:term":[{"taxonomy":"category","embeddable":true,"href":"https:\/\/www.latribunedufaso.net\/index.php?rest_route=%2Fwp%2Fv2%2Fcategories&post=22091"},{"taxonomy":"post_tag","embeddable":true,"href":"https:\/\/www.latribunedufaso.net\/index.php?rest_route=%2Fwp%2Fv2%2Ftags&post=22091"}],"curies":[{"name":"wp","href":"https:\/\/api.w.org\/{rel}","templated":true}]}}