{"id":22050,"date":"2025-07-21T14:57:27","date_gmt":"2025-07-21T14:57:27","guid":{"rendered":"https:\/\/www.latribunedufaso.net\/?p=22050"},"modified":"2025-07-21T14:57:27","modified_gmt":"2025-07-21T14:57:27","slug":"burkina-faso-le-secteur-de-lenergie-moteur-de-la-croissance-economique-en-2024","status":"publish","type":"post","link":"https:\/\/www.latribunedufaso.net\/?p=22050","title":{"rendered":"Burkina Faso : Le secteur de l&rsquo;\u00e9nergie, moteur de la croissance \u00e9conomique en 2024"},"content":{"rendered":"<p><strong>Selon la Note sur la situation \u00e9conomique du Burkina Faso de la Banque mondiale d\u2019avril 2025, l\u2019\u00e9conomie du pays a enregistr\u00e9 une croissance de 4,9 % en 2024 contre 3 % en 2023. Le taux de croissance r\u00e9el du PIB par t\u00eate a \u00e9galement progress\u00e9 de 0,7 % \u00e0 2,5 % sur la m\u00eame p\u00e9riode.<\/strong><!--more--><\/p>\n<p>Cette acc\u00e9l\u00e9ration est attribu\u00e9e principalement \u00e0 la performance des services et de l\u2019agriculture, soutenus par une am\u00e9lioration de la situation s\u00e9curitaire, des conditions m\u00e9t\u00e9orologiques favorables ainsi qu\u2019un appui renforc\u00e9 du gouvernement au secteur agricole.<\/p>\n<p>L\u2019inflation a connu une hausse en 2024, atteignant 4,2 %, contre 0,7 % en 2023 et qui est due \u00e0 la flamb\u00e9e des prix des denr\u00e9es alimentaires, elle-m\u00eame provoqu\u00e9e par la sp\u00e9culation sur les march\u00e9s en lien avec un d\u00e9marrage tardif de la saison des pluies.<\/p>\n<h3>R\u00e9duction de l&rsquo;extr\u00eame pauvret\u00e9 malgr\u00e9 l&rsquo;inflation<\/h3>\n<p>Malgr\u00e9 cette dynamique inflationniste, la forte croissance des secteurs agricole et des services en 2024 a permis une r\u00e9duction du taux d\u2019extr\u00eame pauvret\u00e9 de 3 points de pourcentage, s\u2019\u00e9tablissant \u00e0 23,2 %, avec une baisse plus marqu\u00e9e en milieu rural. Toutefois, le nombre absolu de personnes vivant dans la pauvret\u00e9 demeure \u00e9lev\u00e9, d\u00e9passant les 5,5 millions d\u2019individus.<\/p>\n<h3>Am\u00e9lioration des d\u00e9ficits budg\u00e9taire et du compte courant<\/h3>\n<p>Le rapport note \u00e9galement une baisse des d\u00e9ficits jumeaux (budg\u00e9taire et du compte courant) en 2024. Le d\u00e9ficit budg\u00e9taire s\u2019est am\u00e9lior\u00e9 en 2024, passant de 6,5 % \u00e0 5,6 % du PIB, gr\u00e2ce \u00e0 la meilleure ma\u00eetrise des d\u00e9penses publiques et \u00e0 une mobilisation accrue des recettes.<\/p>\n<p>Parall\u00e8lement, le d\u00e9ficit du compte courant, s\u2019est \u00e9galement am\u00e9lior\u00e9 passant de 8 % du PIB en 2023 \u00e0 6,4 % en 2024, en raison de la hausse des prix de l\u2019or qui ont boost\u00e9 la valeur des exportations. Toutefois, le financement de ce d\u00e9ficit s\u2019est en grande partie appuy\u00e9 sur les march\u00e9s r\u00e9gionaux, dans un contexte marqu\u00e9 par une hausse des taux d\u2019int\u00e9r\u00eat.<\/p>\n<h3>Perspectives positives mais risques persistants<\/h3>\n<p>Le rapport souligne que les perspectives \u00e0 court et moyen terme restent positives mais soumises \u00e0 de multiples risques tels que l\u2019ins\u00e9curit\u00e9, les chocs climatiques, le refinancement de la dette et les d\u00e9fis dans le secteur financier.<\/p>\n<p>En supposant une att\u00e9nuation de ces risques, la croissance devrait se consolider \u00e0 5 % \u00e0 moyen terme, port\u00e9e par un secteur tertiaire dynamique, une reprise attendue du secteur secondaire, notamment gr\u00e2ce \u00e0 l\u2019am\u00e9lioration de l\u2019acc\u00e8s \u00e0 l\u2019\u00e9nergie, et des conditions m\u00e9t\u00e9orologiques moyennes favorables \u00e0 l\u2019activit\u00e9 agricole.<\/p>\n<p>L\u2019inflation, quant \u00e0 elle, devrait progressivement se stabiliser dans la fourchette cible de l\u2019UEMOA. Ces perspectives, combin\u00e9es \u00e0 la poursuite de la consolidation budg\u00e9taire, devraient permettre une r\u00e9duction continue mais mod\u00e9r\u00e9e de la pauvret\u00e9, estim\u00e9e \u00e0 environ 1 point de pourcentage par an.<\/p>\n<h3>Recommandations cl\u00e9s pour renforcer l&rsquo;\u00e9conomie<\/h3>\n<p>Concernant l\u2019\u00e9conomie dans son ensemble, Daniel Pajank et Ibrahim Nana, co-auteurs du rapport, appellent \u00e0 <strong><em>\u00ab renforcer la mobilisation et l\u2019efficacit\u00e9 des ressources publiques, notamment par la modernisation continue de l\u2019administration fiscale, l\u2019\u00e9largissement de l\u2019assiette fiscale et une optimisation des d\u00e9penses publiques, tout en am\u00e9liorant la gestion de la dette et en mobilisant davantage de financements concessionnels. \u00bb<\/em><\/strong><\/p>\n<h3>L&rsquo;\u00c9nergie, moteur de la transformation \u00e9conomique<\/h3>\n<p>La note analytique consacr\u00e9e \u00e0 l\u2019\u00e9nergie au service de la croissance \u00e9conomique propose une \u00e9valuation approfondie du secteur de l\u2019\u00e9lectricit\u00e9 au Burkina Faso et formule des recommandations concr\u00e8tes pour atteindre les objectifs fix\u00e9s dans la strat\u00e9gie nationale d\u2019\u00e9lectrification. Il souligne le r\u00f4le cl\u00e9 de l\u2019\u00e9nergie dans la transformation \u00e9conomique du pays. Comme le souligne Hamoud Abdel Wedoud Kamil, repr\u00e9sentant r\u00e9sident de la Banque mondiale au Burkina Faso, <em><strong>\u00ab une \u00e9lectricit\u00e9 abordable, fiable et durable est essentielle pour am\u00e9liorer la productivit\u00e9 dans l\u2019agriculture, soutenir la croissance des services et relancer le secteur industriel \u00bb.<\/strong><\/em><\/p>\n<p>Malgr\u00e9 les efforts engag\u00e9s, l\u2019acc\u00e8s \u00e0 l\u2019\u00e9lectricit\u00e9 demeure limit\u00e9 au Burkina Faso avec un taux bien en dessous de la moyenne r\u00e9gionale. Cette situation constitue un frein majeur \u00e0 une croissance inclusive et r\u00e9duit les opportunit\u00e9s \u00e9conomiques pour une large partie de la population, en particulier en milieu rural.<\/p>\n<p>Ainsi les co-auteures du chapitre d\u00e9di\u00e9 au secteur de l\u2019\u00e9nergie, Regina Nesiama Miller et Adwoa Asantewaa, soulignent qu\u2019<em><strong>\u00ab une r\u00e9forme ambitieuse du secteur, incluant une tarification fond\u00e9e sur les co\u00fbts de la production de l\u2019\u00e9lectricit\u00e9 et l\u2019expansion de l\u2019acc\u00e8s hors r\u00e9seau, serait essentielle pour r\u00e9duire les vuln\u00e9rabilit\u00e9s et garantir une croissance inclusive \u00bb.<\/strong><\/em><\/p>\n<h3>D\u00e9fis structurels et importance de la r\u00e9forme du secteur \u00e9nerg\u00e9tique<\/h3>\n<p>Finalement, le rapport recommande de s\u2019attaquer aux contraintes structurelles qui freinent la transformation \u00e9conomique du pays, en particulier dans le secteur de l\u2019\u00e9lectricit\u00e9 encore marqu\u00e9 par des co\u00fbts de production parmi les plus \u00e9lev\u00e9s de la r\u00e9gion et une forte d\u00e9pendance aux combustibles import\u00e9s.<\/p>\n<p><strong>Latribunedufaso.net<\/strong><\/p>\n<p><strong>Source : Banque mondiale\u00a0<\/strong><\/p>\n","protected":false},"excerpt":{"rendered":"<p>Selon la Note sur la situation \u00e9conomique du Burkina Faso de la Banque mondiale d\u2019avril 2025, l\u2019\u00e9conomie du pays a enregistr\u00e9 une croissance de 4,9 % en 2024 contre 3 % en 2023. Le taux de croissance r\u00e9el du PIB par t\u00eate a \u00e9galement progress\u00e9 de 0,7 % \u00e0 2,5 % sur la m\u00eame p\u00e9riode.<\/p>\n","protected":false},"author":5,"featured_media":22051,"comment_status":"open","ping_status":"open","sticky":false,"template":"","format":"standard","meta":{"footnotes":""},"categories":[13,1,10],"tags":[1353,1242,53,39,1352],"class_list":["post-22050","post","type-post","status-publish","format-standard","has-post-thumbnail","hentry","category-une","category-actu","category-eco","tag-banque-mondiale","tag-banque-mondiale-burkina","tag-energie","tag-latribunedufaso-net","tag-situation-economique-du-burkina"],"yoast_head":"<!-- This site is optimized with the Yoast SEO plugin v27.5 - https:\/\/yoast.com\/product\/yoast-seo-wordpress\/ -->\n<title>Burkina Faso : Le secteur de l&#039;\u00e9nergie, moteur de la croissance \u00e9conomique en 2024 - La Tribune du Faso<\/title>\n<meta name=\"robots\" content=\"index, follow, max-snippet:-1, max-image-preview:large, max-video-preview:-1\" \/>\n<link rel=\"canonical\" href=\"https:\/\/www.latribunedufaso.net\/?p=22050\" \/>\n<meta property=\"og:locale\" content=\"fr_FR\" \/>\n<meta property=\"og:type\" content=\"article\" \/>\n<meta property=\"og:title\" content=\"Burkina Faso : Le secteur de l&#039;\u00e9nergie, moteur de la croissance \u00e9conomique en 2024 - La Tribune du Faso\" \/>\n<meta property=\"og:description\" content=\"Selon la Note sur la situation \u00e9conomique du Burkina Faso de la Banque mondiale d\u2019avril 2025, l\u2019\u00e9conomie du pays a enregistr\u00e9 une croissance de 4,9 % en 2024 contre 3 % en 2023. Le taux de croissance r\u00e9el du PIB par t\u00eate a \u00e9galement progress\u00e9 de 0,7 % \u00e0 2,5 % sur la m\u00eame p\u00e9riode.\" \/>\n<meta property=\"og:url\" content=\"https:\/\/www.latribunedufaso.net\/?p=22050\" \/>\n<meta property=\"og:site_name\" content=\"La Tribune du Faso\" \/>\n<meta property=\"article:publisher\" content=\"https:\/\/www.facebook.com\/LatribuneduFaso\/\" \/>\n<meta property=\"article:published_time\" content=\"2025-07-21T14:57:27+00:00\" \/>\n<meta property=\"og:image\" content=\"https:\/\/www.latribunedufaso.net\/wp-content\/uploads\/2025\/07\/burkina-faso-economic-update-2025.webp\" \/>\n\t<meta property=\"og:image:width\" content=\"780\" \/>\n\t<meta property=\"og:image:height\" content=\"439\" \/>\n\t<meta property=\"og:image:type\" content=\"image\/webp\" \/>\n<meta name=\"author\" content=\"Issouf Tapsoba\" \/>\n<meta name=\"twitter:label1\" content=\"\u00c9crit par\" \/>\n\t<meta name=\"twitter:data1\" content=\"Issouf Tapsoba\" \/>\n\t<meta name=\"twitter:label2\" content=\"Dur\u00e9e de lecture estim\u00e9e\" \/>\n\t<meta name=\"twitter:data2\" content=\"4 minutes\" \/>\n<script type=\"application\/ld+json\" class=\"yoast-schema-graph\">{\"@context\":\"https:\\\/\\\/schema.org\",\"@graph\":[{\"@type\":\"Article\",\"@id\":\"https:\\\/\\\/www.latribunedufaso.net\\\/?p=22050#article\",\"isPartOf\":{\"@id\":\"https:\\\/\\\/www.latribunedufaso.net\\\/?p=22050\"},\"author\":{\"name\":\"Issouf Tapsoba\",\"@id\":\"https:\\\/\\\/www.latribunedufaso.net\\\/#\\\/schema\\\/person\\\/e54e64c5778a7e72cf80a318b7a622b0\"},\"headline\":\"Burkina Faso : Le secteur de l&rsquo;\u00e9nergie, moteur de la croissance \u00e9conomique en 2024\",\"datePublished\":\"2025-07-21T14:57:27+00:00\",\"mainEntityOfPage\":{\"@id\":\"https:\\\/\\\/www.latribunedufaso.net\\\/?p=22050\"},\"wordCount\":853,\"commentCount\":0,\"publisher\":{\"@id\":\"https:\\\/\\\/www.latribunedufaso.net\\\/#organization\"},\"image\":{\"@id\":\"https:\\\/\\\/www.latribunedufaso.net\\\/?p=22050#primaryimage\"},\"thumbnailUrl\":\"https:\\\/\\\/www.latribunedufaso.net\\\/wp-content\\\/uploads\\\/2025\\\/07\\\/burkina-faso-economic-update-2025.webp\",\"keywords\":[\"Banque mondiale\",\"Banque mondiale Burkina\",\"\u00e9nergie\",\"latribunedufaso.net\",\"Situation \u00e9conomique du Burkina\"],\"articleSection\":[\"A la une\",\"Actualit\u00e9\",\"Economie\"],\"inLanguage\":\"fr-FR\",\"potentialAction\":[{\"@type\":\"CommentAction\",\"name\":\"Comment\",\"target\":[\"https:\\\/\\\/www.latribunedufaso.net\\\/?p=22050#respond\"]}]},{\"@type\":\"WebPage\",\"@id\":\"https:\\\/\\\/www.latribunedufaso.net\\\/?p=22050\",\"url\":\"https:\\\/\\\/www.latribunedufaso.net\\\/?p=22050\",\"name\":\"Burkina Faso : Le secteur de l'\u00e9nergie, moteur de la croissance \u00e9conomique en 2024 - La Tribune du Faso\",\"isPartOf\":{\"@id\":\"https:\\\/\\\/www.latribunedufaso.net\\\/#website\"},\"primaryImageOfPage\":{\"@id\":\"https:\\\/\\\/www.latribunedufaso.net\\\/?p=22050#primaryimage\"},\"image\":{\"@id\":\"https:\\\/\\\/www.latribunedufaso.net\\\/?p=22050#primaryimage\"},\"thumbnailUrl\":\"https:\\\/\\\/www.latribunedufaso.net\\\/wp-content\\\/uploads\\\/2025\\\/07\\\/burkina-faso-economic-update-2025.webp\",\"datePublished\":\"2025-07-21T14:57:27+00:00\",\"breadcrumb\":{\"@id\":\"https:\\\/\\\/www.latribunedufaso.net\\\/?p=22050#breadcrumb\"},\"inLanguage\":\"fr-FR\",\"potentialAction\":[{\"@type\":\"ReadAction\",\"target\":[\"https:\\\/\\\/www.latribunedufaso.net\\\/?p=22050\"]}]},{\"@type\":\"ImageObject\",\"inLanguage\":\"fr-FR\",\"@id\":\"https:\\\/\\\/www.latribunedufaso.net\\\/?p=22050#primaryimage\",\"url\":\"https:\\\/\\\/www.latribunedufaso.net\\\/wp-content\\\/uploads\\\/2025\\\/07\\\/burkina-faso-economic-update-2025.webp\",\"contentUrl\":\"https:\\\/\\\/www.latribunedufaso.net\\\/wp-content\\\/uploads\\\/2025\\\/07\\\/burkina-faso-economic-update-2025.webp\",\"width\":780,\"height\":439,\"caption\":\"Note sur la situation \u00e9conomique du Burkina en 2024 de la Banque mondiale\"},{\"@type\":\"BreadcrumbList\",\"@id\":\"https:\\\/\\\/www.latribunedufaso.net\\\/?p=22050#breadcrumb\",\"itemListElement\":[{\"@type\":\"ListItem\",\"position\":1,\"name\":\"Accueil\",\"item\":\"https:\\\/\\\/www.latribunedufaso.net\\\/\"},{\"@type\":\"ListItem\",\"position\":2,\"name\":\"Burkina Faso : Le secteur de l&rsquo;\u00e9nergie, moteur de la croissance \u00e9conomique en 2024\"}]},{\"@type\":\"WebSite\",\"@id\":\"https:\\\/\\\/www.latribunedufaso.net\\\/#website\",\"url\":\"https:\\\/\\\/www.latribunedufaso.net\\\/\",\"name\":\"La Tribune du Faso\",\"description\":\"L&#039;information du monde rural en un clic\",\"publisher\":{\"@id\":\"https:\\\/\\\/www.latribunedufaso.net\\\/#organization\"},\"potentialAction\":[{\"@type\":\"SearchAction\",\"target\":{\"@type\":\"EntryPoint\",\"urlTemplate\":\"https:\\\/\\\/www.latribunedufaso.net\\\/?s={search_term_string}\"},\"query-input\":{\"@type\":\"PropertyValueSpecification\",\"valueRequired\":true,\"valueName\":\"search_term_string\"}}],\"inLanguage\":\"fr-FR\"},{\"@type\":\"Organization\",\"@id\":\"https:\\\/\\\/www.latribunedufaso.net\\\/#organization\",\"name\":\"La Tribune du Faso\",\"url\":\"https:\\\/\\\/www.latribunedufaso.net\\\/\",\"logo\":{\"@type\":\"ImageObject\",\"inLanguage\":\"fr-FR\",\"@id\":\"https:\\\/\\\/www.latribunedufaso.net\\\/#\\\/schema\\\/logo\\\/image\\\/\",\"url\":\"https:\\\/\\\/www.latribunedufaso.net\\\/wp-content\\\/uploads\\\/2020\\\/08\\\/Logo-Tribune-du-Faso-final-scaled.jpg\",\"contentUrl\":\"https:\\\/\\\/www.latribunedufaso.net\\\/wp-content\\\/uploads\\\/2020\\\/08\\\/Logo-Tribune-du-Faso-final-scaled.jpg\",\"width\":2560,\"height\":1856,\"caption\":\"La Tribune du Faso\"},\"image\":{\"@id\":\"https:\\\/\\\/www.latribunedufaso.net\\\/#\\\/schema\\\/logo\\\/image\\\/\"},\"sameAs\":[\"https:\\\/\\\/www.facebook.com\\\/LatribuneduFaso\\\/\"]},{\"@type\":\"Person\",\"@id\":\"https:\\\/\\\/www.latribunedufaso.net\\\/#\\\/schema\\\/person\\\/e54e64c5778a7e72cf80a318b7a622b0\",\"name\":\"Issouf Tapsoba\",\"image\":{\"@type\":\"ImageObject\",\"inLanguage\":\"fr-FR\",\"@id\":\"https:\\\/\\\/secure.gravatar.com\\\/avatar\\\/5e6c05150ce3230247d167f5b94d678eb05936197436d69b7921e3a95c9107ac?s=96&d=mm&r=g\",\"url\":\"https:\\\/\\\/secure.gravatar.com\\\/avatar\\\/5e6c05150ce3230247d167f5b94d678eb05936197436d69b7921e3a95c9107ac?s=96&d=mm&r=g\",\"contentUrl\":\"https:\\\/\\\/secure.gravatar.com\\\/avatar\\\/5e6c05150ce3230247d167f5b94d678eb05936197436d69b7921e3a95c9107ac?s=96&d=mm&r=g\",\"caption\":\"Issouf Tapsoba\"},\"url\":\"https:\\\/\\\/www.latribunedufaso.net\\\/?author=5\"}]}<\/script>\n<!-- \/ Yoast SEO plugin. -->","yoast_head_json":{"title":"Burkina Faso : Le secteur de l'\u00e9nergie, moteur de la croissance \u00e9conomique en 2024 - La Tribune du Faso","robots":{"index":"index","follow":"follow","max-snippet":"max-snippet:-1","max-image-preview":"max-image-preview:large","max-video-preview":"max-video-preview:-1"},"canonical":"https:\/\/www.latribunedufaso.net\/?p=22050","og_locale":"fr_FR","og_type":"article","og_title":"Burkina Faso : Le secteur de l'\u00e9nergie, moteur de la croissance \u00e9conomique en 2024 - La Tribune du Faso","og_description":"Selon la Note sur la situation \u00e9conomique du Burkina Faso de la Banque mondiale d\u2019avril 2025, l\u2019\u00e9conomie du pays a enregistr\u00e9 une croissance de 4,9 % en 2024 contre 3 % en 2023. Le taux de croissance r\u00e9el du PIB par t\u00eate a \u00e9galement progress\u00e9 de 0,7 % \u00e0 2,5 % sur la m\u00eame p\u00e9riode.","og_url":"https:\/\/www.latribunedufaso.net\/?p=22050","og_site_name":"La Tribune du Faso","article_publisher":"https:\/\/www.facebook.com\/LatribuneduFaso\/","article_published_time":"2025-07-21T14:57:27+00:00","og_image":[{"width":780,"height":439,"url":"https:\/\/www.latribunedufaso.net\/wp-content\/uploads\/2025\/07\/burkina-faso-economic-update-2025.webp","type":"image\/webp"}],"author":"Issouf Tapsoba","twitter_misc":{"\u00c9crit par":"Issouf Tapsoba","Dur\u00e9e de lecture estim\u00e9e":"4 minutes"},"schema":{"@context":"https:\/\/schema.org","@graph":[{"@type":"Article","@id":"https:\/\/www.latribunedufaso.net\/?p=22050#article","isPartOf":{"@id":"https:\/\/www.latribunedufaso.net\/?p=22050"},"author":{"name":"Issouf Tapsoba","@id":"https:\/\/www.latribunedufaso.net\/#\/schema\/person\/e54e64c5778a7e72cf80a318b7a622b0"},"headline":"Burkina Faso : Le secteur de l&rsquo;\u00e9nergie, moteur de la croissance \u00e9conomique en 2024","datePublished":"2025-07-21T14:57:27+00:00","mainEntityOfPage":{"@id":"https:\/\/www.latribunedufaso.net\/?p=22050"},"wordCount":853,"commentCount":0,"publisher":{"@id":"https:\/\/www.latribunedufaso.net\/#organization"},"image":{"@id":"https:\/\/www.latribunedufaso.net\/?p=22050#primaryimage"},"thumbnailUrl":"https:\/\/www.latribunedufaso.net\/wp-content\/uploads\/2025\/07\/burkina-faso-economic-update-2025.webp","keywords":["Banque mondiale","Banque mondiale Burkina","\u00e9nergie","latribunedufaso.net","Situation \u00e9conomique du Burkina"],"articleSection":["A la une","Actualit\u00e9","Economie"],"inLanguage":"fr-FR","potentialAction":[{"@type":"CommentAction","name":"Comment","target":["https:\/\/www.latribunedufaso.net\/?p=22050#respond"]}]},{"@type":"WebPage","@id":"https:\/\/www.latribunedufaso.net\/?p=22050","url":"https:\/\/www.latribunedufaso.net\/?p=22050","name":"Burkina Faso : Le secteur de l'\u00e9nergie, moteur de la croissance \u00e9conomique en 2024 - La Tribune du Faso","isPartOf":{"@id":"https:\/\/www.latribunedufaso.net\/#website"},"primaryImageOfPage":{"@id":"https:\/\/www.latribunedufaso.net\/?p=22050#primaryimage"},"image":{"@id":"https:\/\/www.latribunedufaso.net\/?p=22050#primaryimage"},"thumbnailUrl":"https:\/\/www.latribunedufaso.net\/wp-content\/uploads\/2025\/07\/burkina-faso-economic-update-2025.webp","datePublished":"2025-07-21T14:57:27+00:00","breadcrumb":{"@id":"https:\/\/www.latribunedufaso.net\/?p=22050#breadcrumb"},"inLanguage":"fr-FR","potentialAction":[{"@type":"ReadAction","target":["https:\/\/www.latribunedufaso.net\/?p=22050"]}]},{"@type":"ImageObject","inLanguage":"fr-FR","@id":"https:\/\/www.latribunedufaso.net\/?p=22050#primaryimage","url":"https:\/\/www.latribunedufaso.net\/wp-content\/uploads\/2025\/07\/burkina-faso-economic-update-2025.webp","contentUrl":"https:\/\/www.latribunedufaso.net\/wp-content\/uploads\/2025\/07\/burkina-faso-economic-update-2025.webp","width":780,"height":439,"caption":"Note sur la situation \u00e9conomique du Burkina en 2024 de la Banque mondiale"},{"@type":"BreadcrumbList","@id":"https:\/\/www.latribunedufaso.net\/?p=22050#breadcrumb","itemListElement":[{"@type":"ListItem","position":1,"name":"Accueil","item":"https:\/\/www.latribunedufaso.net\/"},{"@type":"ListItem","position":2,"name":"Burkina Faso : Le secteur de l&rsquo;\u00e9nergie, moteur de la croissance \u00e9conomique en 2024"}]},{"@type":"WebSite","@id":"https:\/\/www.latribunedufaso.net\/#website","url":"https:\/\/www.latribunedufaso.net\/","name":"La Tribune du Faso","description":"L&#039;information du monde rural en un clic","publisher":{"@id":"https:\/\/www.latribunedufaso.net\/#organization"},"potentialAction":[{"@type":"SearchAction","target":{"@type":"EntryPoint","urlTemplate":"https:\/\/www.latribunedufaso.net\/?s={search_term_string}"},"query-input":{"@type":"PropertyValueSpecification","valueRequired":true,"valueName":"search_term_string"}}],"inLanguage":"fr-FR"},{"@type":"Organization","@id":"https:\/\/www.latribunedufaso.net\/#organization","name":"La Tribune du Faso","url":"https:\/\/www.latribunedufaso.net\/","logo":{"@type":"ImageObject","inLanguage":"fr-FR","@id":"https:\/\/www.latribunedufaso.net\/#\/schema\/logo\/image\/","url":"https:\/\/www.latribunedufaso.net\/wp-content\/uploads\/2020\/08\/Logo-Tribune-du-Faso-final-scaled.jpg","contentUrl":"https:\/\/www.latribunedufaso.net\/wp-content\/uploads\/2020\/08\/Logo-Tribune-du-Faso-final-scaled.jpg","width":2560,"height":1856,"caption":"La Tribune du Faso"},"image":{"@id":"https:\/\/www.latribunedufaso.net\/#\/schema\/logo\/image\/"},"sameAs":["https:\/\/www.facebook.com\/LatribuneduFaso\/"]},{"@type":"Person","@id":"https:\/\/www.latribunedufaso.net\/#\/schema\/person\/e54e64c5778a7e72cf80a318b7a622b0","name":"Issouf Tapsoba","image":{"@type":"ImageObject","inLanguage":"fr-FR","@id":"https:\/\/secure.gravatar.com\/avatar\/5e6c05150ce3230247d167f5b94d678eb05936197436d69b7921e3a95c9107ac?s=96&d=mm&r=g","url":"https:\/\/secure.gravatar.com\/avatar\/5e6c05150ce3230247d167f5b94d678eb05936197436d69b7921e3a95c9107ac?s=96&d=mm&r=g","contentUrl":"https:\/\/secure.gravatar.com\/avatar\/5e6c05150ce3230247d167f5b94d678eb05936197436d69b7921e3a95c9107ac?s=96&d=mm&r=g","caption":"Issouf Tapsoba"},"url":"https:\/\/www.latribunedufaso.net\/?author=5"}]}},"_links":{"self":[{"href":"https:\/\/www.latribunedufaso.net\/index.php?rest_route=\/wp\/v2\/posts\/22050","targetHints":{"allow":["GET"]}}],"collection":[{"href":"https:\/\/www.latribunedufaso.net\/index.php?rest_route=\/wp\/v2\/posts"}],"about":[{"href":"https:\/\/www.latribunedufaso.net\/index.php?rest_route=\/wp\/v2\/types\/post"}],"author":[{"embeddable":true,"href":"https:\/\/www.latribunedufaso.net\/index.php?rest_route=\/wp\/v2\/users\/5"}],"replies":[{"embeddable":true,"href":"https:\/\/www.latribunedufaso.net\/index.php?rest_route=%2Fwp%2Fv2%2Fcomments&post=22050"}],"version-history":[{"count":1,"href":"https:\/\/www.latribunedufaso.net\/index.php?rest_route=\/wp\/v2\/posts\/22050\/revisions"}],"predecessor-version":[{"id":22052,"href":"https:\/\/www.latribunedufaso.net\/index.php?rest_route=\/wp\/v2\/posts\/22050\/revisions\/22052"}],"wp:featuredmedia":[{"embeddable":true,"href":"https:\/\/www.latribunedufaso.net\/index.php?rest_route=\/wp\/v2\/media\/22051"}],"wp:attachment":[{"href":"https:\/\/www.latribunedufaso.net\/index.php?rest_route=%2Fwp%2Fv2%2Fmedia&parent=22050"}],"wp:term":[{"taxonomy":"category","embeddable":true,"href":"https:\/\/www.latribunedufaso.net\/index.php?rest_route=%2Fwp%2Fv2%2Fcategories&post=22050"},{"taxonomy":"post_tag","embeddable":true,"href":"https:\/\/www.latribunedufaso.net\/index.php?rest_route=%2Fwp%2Fv2%2Ftags&post=22050"}],"curies":[{"name":"wp","href":"https:\/\/api.w.org\/{rel}","templated":true}]}}