{"id":22036,"date":"2025-07-20T11:58:57","date_gmt":"2025-07-20T11:58:57","guid":{"rendered":"https:\/\/www.latribunedufaso.net\/?p=22036"},"modified":"2025-07-20T12:01:33","modified_gmt":"2025-07-20T12:01:33","slug":"brigade-laabal-journee-de-sensibilisation-dans-le-quartier-patte-doie-a-ouagadougou","status":"publish","type":"post","link":"https:\/\/www.latribunedufaso.net\/?p=22036","title":{"rendered":"Brigade \u00ab laabal \u00bb : Journ\u00e9e de sensibilisation dans le quartier Patte d\u2019oie \u00e0 Ouagadougou"},"content":{"rendered":"<p><strong>Une unit\u00e9 de la Brigade <em>\u00ab laabal \u00bb<\/em>, conduite par le lieutenant de police Ouss\u00e9ni Kondombo a fait une descente ce jeudi 17 juillet 2025 dans le quartier Patte d\u2019oie \u00e0 Ouagadougou pour une mission de sensibilisation et d\u2019imposition des attitudes \u00e0 adopter pour assainir les espaces communs et pour une meilleure propret\u00e9 de l\u2019environnement et le respect des r\u00e8gles r\u00e9gissant l\u2019occupation de l\u2019espace public.<\/strong><!--more--><\/p>\n<p>Dans cette partie de la Patte d\u2019oie et particuli\u00e8rement sur cette importante art\u00e8re, le constat est d\u00e9solant : construction de kiosques et de boutiques sur les caniveaux, raccordement des eaux us\u00e9es et des eaux de toilettes avec les caniveaux, d\u00e9versement des d\u00e9chets dans les caniveaux, insalubrit\u00e9.<\/p>\n<p>Face \u00e0 ces attitudes contraires \u00e0 la vision de la R\u00e9volution progressiste populaire qui pr\u00f4ne l\u2019ordre et la discipline, le lieutenant Kondombo et ses hommes entrent en action. Cours apr\u00e8s cours, les habitants sont invit\u00e9s \u00e0 assainir leurs cadres de vie. Sur le champ, l\u2019ordre est intim\u00e9 de ramasser les ordures qui jonchent les rues. L\u2019inspection s\u2019\u00e9tend \u00e0 l\u2019int\u00e9rieur des cours, il faut boucher les raccordements sauvages aux caniveaux. Et aucun d\u00e9tail n\u2019\u00e9chappe \u00e0 la Brigade <em><strong>\u00ab laabal \u00bb<\/strong><\/em>. M\u00eame les chefs de famille absents sont appel\u00e9s au t\u00e9l\u00e9phone pour mettre fin aux d\u00e9sordres constat\u00e9s.\u00a0<\/p>\n<figure id=\"attachment_22040\" aria-describedby=\"caption-attachment-22040\" style=\"width: 720px\" class=\"wp-caption aligncenter\"><a href=\"https:\/\/www.latribunedufaso.net\/wp-content\/uploads\/2025\/07\/FB_IMG_1753012303914.jpg\"><img loading=\"lazy\" decoding=\"async\" class=\"size-full wp-image-22040\" src=\"https:\/\/www.latribunedufaso.net\/wp-content\/uploads\/2025\/07\/FB_IMG_1753012303914.jpg\" alt=\"Une unit\u00e9 de la Brigade \u00ab laabal \u00bb a fait une descente ce jeudi 17 juillet 2025 au quartier Pattes d'oie \u00e0 Ouaga pour sensibiliser sur l'assainissement \" width=\"720\" height=\"397\" srcset=\"https:\/\/www.latribunedufaso.net\/wp-content\/uploads\/2025\/07\/FB_IMG_1753012303914.jpg 720w, https:\/\/www.latribunedufaso.net\/wp-content\/uploads\/2025\/07\/FB_IMG_1753012303914-300x165.jpg 300w\" sizes=\"auto, (max-width: 720px) 100vw, 720px\" \/><\/a><figcaption id=\"caption-attachment-22040\" class=\"wp-caption-text\">Le lieutenant de police Ouss\u00e9ni Kondombo a conduit la mission &#8211; Ph. DR<\/figcaption><\/figure>\n<p>Les boutiques, les kiosques et autres commerces install\u00e9s sur les caniveaux sont d\u00e9mantel\u00e9s. Toute la journ\u00e9e, les hommes de la Brigade <em><strong>\u00ab laabal \u00bb<\/strong><\/em> ont fait passer le message sur la n\u00e9cessit\u00e9 pour tous d\u2019\u00eatre des acteurs de cette dynamique impuls\u00e9e par les plus hautes autorit\u00e9s du pays sous l\u2019impulsion du Pr\u00e9sident du Faso, Chef de l\u2019Etat, le Capitaine Ibrahim Traor\u00e9.<\/p>\n<figure id=\"attachment_22041\" aria-describedby=\"caption-attachment-22041\" style=\"width: 659px\" class=\"wp-caption aligncenter\"><a href=\"https:\/\/www.latribunedufaso.net\/wp-content\/uploads\/2025\/07\/FB_IMG_1753012289344.jpg\"><img loading=\"lazy\" decoding=\"async\" class=\"size-full wp-image-22041\" src=\"https:\/\/www.latribunedufaso.net\/wp-content\/uploads\/2025\/07\/FB_IMG_1753012289344.jpg\" alt=\"Une unit\u00e9 de la Brigade \u00ab laabal \u00bb a fait une descente ce jeudi 17 juillet 2025 au quartier Pattes d'oie \u00e0 Ouaga pour sensibiliser sur l'assainissement \" width=\"659\" height=\"370\" srcset=\"https:\/\/www.latribunedufaso.net\/wp-content\/uploads\/2025\/07\/FB_IMG_1753012289344.jpg 659w, https:\/\/www.latribunedufaso.net\/wp-content\/uploads\/2025\/07\/FB_IMG_1753012289344-300x168.jpg 300w\" sizes=\"auto, (max-width: 659px) 100vw, 659px\" \/><\/a><figcaption id=\"caption-attachment-22041\" class=\"wp-caption-text\">Une vue d&rsquo;un \u00e9l\u00e9ment de la brigade sur le terrain &#8211; Ph. DR<\/figcaption><\/figure>\n<p>Apr\u00e8s cette phase de sensibilisation, <em><strong>\u00ab les choses vont se corser pour les inciviques de l\u2019ordre et de la discipline \u00bb.<\/strong><\/em><\/p>\n<p>En attendant, le lieutenant Kondombo interpelle les tenants de boutiques, les g\u00e9rants des kiosques, les commer\u00e7ants aux abords des voies publiques et l\u2019ensemble des Burkinab\u00e8 \u00e0 plus de responsabilit\u00e9 sur la propret\u00e9 de leurs espaces et la pr\u00e9servation des am\u00e9nagements publics.<\/p>\n<blockquote>\n<p>Lire aussi &gt;&gt; <a href=\"https:\/\/www.latribunedufaso.net\/?p=21332\">Conseil des ministres du 18 juin 2025 : Cr\u00e9ation de la \u00ab brigade Laabal \u00bb pour lutter contre l\u2019incivisme\u00a0<\/a><\/p>\n<\/blockquote>\n<p>Cr\u00e9\u00e9e le 18 juin 2025, la Brigade civique <em><strong>\u00ab laabal \u00bb<\/strong><\/em> se veut \u00eatre un instrument civique de r\u00e9gulation sociale, capable de constater les manquements aux r\u00e8gles \u00e9l\u00e9mentaires de discipline, de civisme et de salubrit\u00e9 afin d\u2019agir en compl\u00e9mentarit\u00e9 avec les autres forces d\u00e9j\u00e0 \u00e9tablies.<\/p>\n<p><strong>Latribunedufaso.net<\/strong><\/p>\n<p><strong>Source : Direction de la communication de la Pr\u00e9sidence du Faso<\/strong><\/p>\n","protected":false},"excerpt":{"rendered":"<p>Une unit\u00e9 de la Brigade \u00ab laabal \u00bb, conduite par le lieutenant de police Ouss\u00e9ni Kondombo a fait une descente ce jeudi 17 juillet 2025 dans le quartier Patte d\u2019oie \u00e0 Ouagadougou pour une mission de sensibilisation et d\u2019imposition des attitudes \u00e0 adopter pour assainir les espaces communs et pour une meilleure propret\u00e9 de l\u2019environnement et le respect des r\u00e8gles r\u00e9gissant l\u2019occupation de l\u2019espace public.<\/p>\n","protected":false},"author":5,"featured_media":22039,"comment_status":"open","ping_status":"open","sticky":false,"template":"","format":"standard","meta":{"footnotes":""},"categories":[13,1,8],"tags":[1194,39,74],"class_list":["post-22036","post","type-post","status-publish","format-standard","has-post-thumbnail","hentry","category-une","category-actu","category-societe","tag-brigade-laabal","tag-latribunedufaso-net","tag-ouagadougou"],"yoast_head":"<!-- This site is optimized with the Yoast SEO plugin v27.5 - https:\/\/yoast.com\/product\/yoast-seo-wordpress\/ -->\n<title>Brigade \u00ab laabal \u00bb : Journ\u00e9e de sensibilisation dans le quartier Patte d\u2019oie \u00e0 Ouagadougou - La Tribune du Faso<\/title>\n<meta name=\"robots\" content=\"index, follow, max-snippet:-1, max-image-preview:large, max-video-preview:-1\" \/>\n<link rel=\"canonical\" href=\"https:\/\/www.latribunedufaso.net\/?p=22036\" \/>\n<meta property=\"og:locale\" content=\"fr_FR\" \/>\n<meta property=\"og:type\" content=\"article\" \/>\n<meta property=\"og:title\" content=\"Brigade \u00ab laabal \u00bb : Journ\u00e9e de sensibilisation dans le quartier Patte d\u2019oie \u00e0 Ouagadougou - La Tribune du Faso\" \/>\n<meta property=\"og:description\" content=\"Une unit\u00e9 de la Brigade \u00ab laabal \u00bb, conduite par le lieutenant de police Ouss\u00e9ni Kondombo a fait une descente ce jeudi 17 juillet 2025 dans le quartier Patte d\u2019oie \u00e0 Ouagadougou pour une mission de sensibilisation et d\u2019imposition des attitudes \u00e0 adopter pour assainir les espaces communs et pour une meilleure propret\u00e9 de l\u2019environnement et le respect des r\u00e8gles r\u00e9gissant l\u2019occupation de l\u2019espace public.\" \/>\n<meta property=\"og:url\" content=\"https:\/\/www.latribunedufaso.net\/?p=22036\" \/>\n<meta property=\"og:site_name\" content=\"La Tribune du Faso\" \/>\n<meta property=\"article:publisher\" content=\"https:\/\/www.facebook.com\/LatribuneduFaso\/\" \/>\n<meta property=\"article:published_time\" content=\"2025-07-20T11:58:57+00:00\" \/>\n<meta property=\"article:modified_time\" content=\"2025-07-20T12:01:33+00:00\" \/>\n<meta property=\"og:image\" content=\"https:\/\/www.latribunedufaso.net\/wp-content\/uploads\/2025\/07\/FB_IMG_1753012252984.jpg\" \/>\n\t<meta property=\"og:image:width\" content=\"659\" \/>\n\t<meta property=\"og:image:height\" content=\"370\" \/>\n\t<meta property=\"og:image:type\" content=\"image\/jpeg\" \/>\n<meta name=\"author\" content=\"Issouf Tapsoba\" \/>\n<meta name=\"twitter:label1\" content=\"\u00c9crit par\" \/>\n\t<meta name=\"twitter:data1\" content=\"Issouf Tapsoba\" \/>\n\t<meta name=\"twitter:label2\" content=\"Dur\u00e9e de lecture estim\u00e9e\" \/>\n\t<meta name=\"twitter:data2\" content=\"2 minutes\" \/>\n<script type=\"application\/ld+json\" class=\"yoast-schema-graph\">{\"@context\":\"https:\\\/\\\/schema.org\",\"@graph\":[{\"@type\":\"Article\",\"@id\":\"https:\\\/\\\/www.latribunedufaso.net\\\/?p=22036#article\",\"isPartOf\":{\"@id\":\"https:\\\/\\\/www.latribunedufaso.net\\\/?p=22036\"},\"author\":{\"name\":\"Issouf Tapsoba\",\"@id\":\"https:\\\/\\\/www.latribunedufaso.net\\\/#\\\/schema\\\/person\\\/e54e64c5778a7e72cf80a318b7a622b0\"},\"headline\":\"Brigade \u00ab laabal \u00bb : Journ\u00e9e de sensibilisation dans le quartier Patte d\u2019oie \u00e0 Ouagadougou\",\"datePublished\":\"2025-07-20T11:58:57+00:00\",\"dateModified\":\"2025-07-20T12:01:33+00:00\",\"mainEntityOfPage\":{\"@id\":\"https:\\\/\\\/www.latribunedufaso.net\\\/?p=22036\"},\"wordCount\":498,\"commentCount\":0,\"publisher\":{\"@id\":\"https:\\\/\\\/www.latribunedufaso.net\\\/#organization\"},\"image\":{\"@id\":\"https:\\\/\\\/www.latribunedufaso.net\\\/?p=22036#primaryimage\"},\"thumbnailUrl\":\"https:\\\/\\\/www.latribunedufaso.net\\\/wp-content\\\/uploads\\\/2025\\\/07\\\/FB_IMG_1753012252984.jpg\",\"keywords\":[\"Brigade Laabal\",\"latribunedufaso.net\",\"Ouagadougou\"],\"articleSection\":[\"A la une\",\"Actualit\u00e9\",\"Soci\u00e9t\u00e9\"],\"inLanguage\":\"fr-FR\",\"potentialAction\":[{\"@type\":\"CommentAction\",\"name\":\"Comment\",\"target\":[\"https:\\\/\\\/www.latribunedufaso.net\\\/?p=22036#respond\"]}]},{\"@type\":\"WebPage\",\"@id\":\"https:\\\/\\\/www.latribunedufaso.net\\\/?p=22036\",\"url\":\"https:\\\/\\\/www.latribunedufaso.net\\\/?p=22036\",\"name\":\"Brigade \u00ab laabal \u00bb : Journ\u00e9e de sensibilisation dans le quartier Patte d\u2019oie \u00e0 Ouagadougou - La Tribune du Faso\",\"isPartOf\":{\"@id\":\"https:\\\/\\\/www.latribunedufaso.net\\\/#website\"},\"primaryImageOfPage\":{\"@id\":\"https:\\\/\\\/www.latribunedufaso.net\\\/?p=22036#primaryimage\"},\"image\":{\"@id\":\"https:\\\/\\\/www.latribunedufaso.net\\\/?p=22036#primaryimage\"},\"thumbnailUrl\":\"https:\\\/\\\/www.latribunedufaso.net\\\/wp-content\\\/uploads\\\/2025\\\/07\\\/FB_IMG_1753012252984.jpg\",\"datePublished\":\"2025-07-20T11:58:57+00:00\",\"dateModified\":\"2025-07-20T12:01:33+00:00\",\"breadcrumb\":{\"@id\":\"https:\\\/\\\/www.latribunedufaso.net\\\/?p=22036#breadcrumb\"},\"inLanguage\":\"fr-FR\",\"potentialAction\":[{\"@type\":\"ReadAction\",\"target\":[\"https:\\\/\\\/www.latribunedufaso.net\\\/?p=22036\"]}]},{\"@type\":\"ImageObject\",\"inLanguage\":\"fr-FR\",\"@id\":\"https:\\\/\\\/www.latribunedufaso.net\\\/?p=22036#primaryimage\",\"url\":\"https:\\\/\\\/www.latribunedufaso.net\\\/wp-content\\\/uploads\\\/2025\\\/07\\\/FB_IMG_1753012252984.jpg\",\"contentUrl\":\"https:\\\/\\\/www.latribunedufaso.net\\\/wp-content\\\/uploads\\\/2025\\\/07\\\/FB_IMG_1753012252984.jpg\",\"width\":659,\"height\":370,\"caption\":\"Une unit\u00e9 de la Brigade \u00ab laabal \u00bb a fait une descente ce jeudi 17 juillet 2025 au quartier Pattes d'oie \u00e0 Ouaga pour sensibiliser sur l'assainissement\"},{\"@type\":\"BreadcrumbList\",\"@id\":\"https:\\\/\\\/www.latribunedufaso.net\\\/?p=22036#breadcrumb\",\"itemListElement\":[{\"@type\":\"ListItem\",\"position\":1,\"name\":\"Accueil\",\"item\":\"https:\\\/\\\/www.latribunedufaso.net\\\/\"},{\"@type\":\"ListItem\",\"position\":2,\"name\":\"Brigade \u00ab laabal \u00bb : Journ\u00e9e de sensibilisation dans le quartier Patte d\u2019oie \u00e0 Ouagadougou\"}]},{\"@type\":\"WebSite\",\"@id\":\"https:\\\/\\\/www.latribunedufaso.net\\\/#website\",\"url\":\"https:\\\/\\\/www.latribunedufaso.net\\\/\",\"name\":\"La Tribune du Faso\",\"description\":\"L&#039;information du monde rural en un clic\",\"publisher\":{\"@id\":\"https:\\\/\\\/www.latribunedufaso.net\\\/#organization\"},\"potentialAction\":[{\"@type\":\"SearchAction\",\"target\":{\"@type\":\"EntryPoint\",\"urlTemplate\":\"https:\\\/\\\/www.latribunedufaso.net\\\/?s={search_term_string}\"},\"query-input\":{\"@type\":\"PropertyValueSpecification\",\"valueRequired\":true,\"valueName\":\"search_term_string\"}}],\"inLanguage\":\"fr-FR\"},{\"@type\":\"Organization\",\"@id\":\"https:\\\/\\\/www.latribunedufaso.net\\\/#organization\",\"name\":\"La Tribune du Faso\",\"url\":\"https:\\\/\\\/www.latribunedufaso.net\\\/\",\"logo\":{\"@type\":\"ImageObject\",\"inLanguage\":\"fr-FR\",\"@id\":\"https:\\\/\\\/www.latribunedufaso.net\\\/#\\\/schema\\\/logo\\\/image\\\/\",\"url\":\"https:\\\/\\\/www.latribunedufaso.net\\\/wp-content\\\/uploads\\\/2020\\\/08\\\/Logo-Tribune-du-Faso-final-scaled.jpg\",\"contentUrl\":\"https:\\\/\\\/www.latribunedufaso.net\\\/wp-content\\\/uploads\\\/2020\\\/08\\\/Logo-Tribune-du-Faso-final-scaled.jpg\",\"width\":2560,\"height\":1856,\"caption\":\"La Tribune du Faso\"},\"image\":{\"@id\":\"https:\\\/\\\/www.latribunedufaso.net\\\/#\\\/schema\\\/logo\\\/image\\\/\"},\"sameAs\":[\"https:\\\/\\\/www.facebook.com\\\/LatribuneduFaso\\\/\"]},{\"@type\":\"Person\",\"@id\":\"https:\\\/\\\/www.latribunedufaso.net\\\/#\\\/schema\\\/person\\\/e54e64c5778a7e72cf80a318b7a622b0\",\"name\":\"Issouf Tapsoba\",\"image\":{\"@type\":\"ImageObject\",\"inLanguage\":\"fr-FR\",\"@id\":\"https:\\\/\\\/secure.gravatar.com\\\/avatar\\\/5e6c05150ce3230247d167f5b94d678eb05936197436d69b7921e3a95c9107ac?s=96&d=mm&r=g\",\"url\":\"https:\\\/\\\/secure.gravatar.com\\\/avatar\\\/5e6c05150ce3230247d167f5b94d678eb05936197436d69b7921e3a95c9107ac?s=96&d=mm&r=g\",\"contentUrl\":\"https:\\\/\\\/secure.gravatar.com\\\/avatar\\\/5e6c05150ce3230247d167f5b94d678eb05936197436d69b7921e3a95c9107ac?s=96&d=mm&r=g\",\"caption\":\"Issouf Tapsoba\"},\"url\":\"https:\\\/\\\/www.latribunedufaso.net\\\/?author=5\"}]}<\/script>\n<!-- \/ Yoast SEO plugin. -->","yoast_head_json":{"title":"Brigade \u00ab laabal \u00bb : Journ\u00e9e de sensibilisation dans le quartier Patte d\u2019oie \u00e0 Ouagadougou - La Tribune du Faso","robots":{"index":"index","follow":"follow","max-snippet":"max-snippet:-1","max-image-preview":"max-image-preview:large","max-video-preview":"max-video-preview:-1"},"canonical":"https:\/\/www.latribunedufaso.net\/?p=22036","og_locale":"fr_FR","og_type":"article","og_title":"Brigade \u00ab laabal \u00bb : Journ\u00e9e de sensibilisation dans le quartier Patte d\u2019oie \u00e0 Ouagadougou - La Tribune du Faso","og_description":"Une unit\u00e9 de la Brigade \u00ab laabal \u00bb, conduite par le lieutenant de police Ouss\u00e9ni Kondombo a fait une descente ce jeudi 17 juillet 2025 dans le quartier Patte d\u2019oie \u00e0 Ouagadougou pour une mission de sensibilisation et d\u2019imposition des attitudes \u00e0 adopter pour assainir les espaces communs et pour une meilleure propret\u00e9 de l\u2019environnement et le respect des r\u00e8gles r\u00e9gissant l\u2019occupation de l\u2019espace public.","og_url":"https:\/\/www.latribunedufaso.net\/?p=22036","og_site_name":"La Tribune du Faso","article_publisher":"https:\/\/www.facebook.com\/LatribuneduFaso\/","article_published_time":"2025-07-20T11:58:57+00:00","article_modified_time":"2025-07-20T12:01:33+00:00","og_image":[{"width":659,"height":370,"url":"https:\/\/www.latribunedufaso.net\/wp-content\/uploads\/2025\/07\/FB_IMG_1753012252984.jpg","type":"image\/jpeg"}],"author":"Issouf Tapsoba","twitter_misc":{"\u00c9crit par":"Issouf Tapsoba","Dur\u00e9e de lecture estim\u00e9e":"2 minutes"},"schema":{"@context":"https:\/\/schema.org","@graph":[{"@type":"Article","@id":"https:\/\/www.latribunedufaso.net\/?p=22036#article","isPartOf":{"@id":"https:\/\/www.latribunedufaso.net\/?p=22036"},"author":{"name":"Issouf Tapsoba","@id":"https:\/\/www.latribunedufaso.net\/#\/schema\/person\/e54e64c5778a7e72cf80a318b7a622b0"},"headline":"Brigade \u00ab laabal \u00bb : Journ\u00e9e de sensibilisation dans le quartier Patte d\u2019oie \u00e0 Ouagadougou","datePublished":"2025-07-20T11:58:57+00:00","dateModified":"2025-07-20T12:01:33+00:00","mainEntityOfPage":{"@id":"https:\/\/www.latribunedufaso.net\/?p=22036"},"wordCount":498,"commentCount":0,"publisher":{"@id":"https:\/\/www.latribunedufaso.net\/#organization"},"image":{"@id":"https:\/\/www.latribunedufaso.net\/?p=22036#primaryimage"},"thumbnailUrl":"https:\/\/www.latribunedufaso.net\/wp-content\/uploads\/2025\/07\/FB_IMG_1753012252984.jpg","keywords":["Brigade Laabal","latribunedufaso.net","Ouagadougou"],"articleSection":["A la une","Actualit\u00e9","Soci\u00e9t\u00e9"],"inLanguage":"fr-FR","potentialAction":[{"@type":"CommentAction","name":"Comment","target":["https:\/\/www.latribunedufaso.net\/?p=22036#respond"]}]},{"@type":"WebPage","@id":"https:\/\/www.latribunedufaso.net\/?p=22036","url":"https:\/\/www.latribunedufaso.net\/?p=22036","name":"Brigade \u00ab laabal \u00bb : Journ\u00e9e de sensibilisation dans le quartier Patte d\u2019oie \u00e0 Ouagadougou - La Tribune du Faso","isPartOf":{"@id":"https:\/\/www.latribunedufaso.net\/#website"},"primaryImageOfPage":{"@id":"https:\/\/www.latribunedufaso.net\/?p=22036#primaryimage"},"image":{"@id":"https:\/\/www.latribunedufaso.net\/?p=22036#primaryimage"},"thumbnailUrl":"https:\/\/www.latribunedufaso.net\/wp-content\/uploads\/2025\/07\/FB_IMG_1753012252984.jpg","datePublished":"2025-07-20T11:58:57+00:00","dateModified":"2025-07-20T12:01:33+00:00","breadcrumb":{"@id":"https:\/\/www.latribunedufaso.net\/?p=22036#breadcrumb"},"inLanguage":"fr-FR","potentialAction":[{"@type":"ReadAction","target":["https:\/\/www.latribunedufaso.net\/?p=22036"]}]},{"@type":"ImageObject","inLanguage":"fr-FR","@id":"https:\/\/www.latribunedufaso.net\/?p=22036#primaryimage","url":"https:\/\/www.latribunedufaso.net\/wp-content\/uploads\/2025\/07\/FB_IMG_1753012252984.jpg","contentUrl":"https:\/\/www.latribunedufaso.net\/wp-content\/uploads\/2025\/07\/FB_IMG_1753012252984.jpg","width":659,"height":370,"caption":"Une unit\u00e9 de la Brigade \u00ab laabal \u00bb a fait une descente ce jeudi 17 juillet 2025 au quartier Pattes d'oie \u00e0 Ouaga pour sensibiliser sur l'assainissement"},{"@type":"BreadcrumbList","@id":"https:\/\/www.latribunedufaso.net\/?p=22036#breadcrumb","itemListElement":[{"@type":"ListItem","position":1,"name":"Accueil","item":"https:\/\/www.latribunedufaso.net\/"},{"@type":"ListItem","position":2,"name":"Brigade \u00ab laabal \u00bb : Journ\u00e9e de sensibilisation dans le quartier Patte d\u2019oie \u00e0 Ouagadougou"}]},{"@type":"WebSite","@id":"https:\/\/www.latribunedufaso.net\/#website","url":"https:\/\/www.latribunedufaso.net\/","name":"La Tribune du Faso","description":"L&#039;information du monde rural en un clic","publisher":{"@id":"https:\/\/www.latribunedufaso.net\/#organization"},"potentialAction":[{"@type":"SearchAction","target":{"@type":"EntryPoint","urlTemplate":"https:\/\/www.latribunedufaso.net\/?s={search_term_string}"},"query-input":{"@type":"PropertyValueSpecification","valueRequired":true,"valueName":"search_term_string"}}],"inLanguage":"fr-FR"},{"@type":"Organization","@id":"https:\/\/www.latribunedufaso.net\/#organization","name":"La Tribune du Faso","url":"https:\/\/www.latribunedufaso.net\/","logo":{"@type":"ImageObject","inLanguage":"fr-FR","@id":"https:\/\/www.latribunedufaso.net\/#\/schema\/logo\/image\/","url":"https:\/\/www.latribunedufaso.net\/wp-content\/uploads\/2020\/08\/Logo-Tribune-du-Faso-final-scaled.jpg","contentUrl":"https:\/\/www.latribunedufaso.net\/wp-content\/uploads\/2020\/08\/Logo-Tribune-du-Faso-final-scaled.jpg","width":2560,"height":1856,"caption":"La Tribune du Faso"},"image":{"@id":"https:\/\/www.latribunedufaso.net\/#\/schema\/logo\/image\/"},"sameAs":["https:\/\/www.facebook.com\/LatribuneduFaso\/"]},{"@type":"Person","@id":"https:\/\/www.latribunedufaso.net\/#\/schema\/person\/e54e64c5778a7e72cf80a318b7a622b0","name":"Issouf Tapsoba","image":{"@type":"ImageObject","inLanguage":"fr-FR","@id":"https:\/\/secure.gravatar.com\/avatar\/5e6c05150ce3230247d167f5b94d678eb05936197436d69b7921e3a95c9107ac?s=96&d=mm&r=g","url":"https:\/\/secure.gravatar.com\/avatar\/5e6c05150ce3230247d167f5b94d678eb05936197436d69b7921e3a95c9107ac?s=96&d=mm&r=g","contentUrl":"https:\/\/secure.gravatar.com\/avatar\/5e6c05150ce3230247d167f5b94d678eb05936197436d69b7921e3a95c9107ac?s=96&d=mm&r=g","caption":"Issouf Tapsoba"},"url":"https:\/\/www.latribunedufaso.net\/?author=5"}]}},"_links":{"self":[{"href":"https:\/\/www.latribunedufaso.net\/index.php?rest_route=\/wp\/v2\/posts\/22036","targetHints":{"allow":["GET"]}}],"collection":[{"href":"https:\/\/www.latribunedufaso.net\/index.php?rest_route=\/wp\/v2\/posts"}],"about":[{"href":"https:\/\/www.latribunedufaso.net\/index.php?rest_route=\/wp\/v2\/types\/post"}],"author":[{"embeddable":true,"href":"https:\/\/www.latribunedufaso.net\/index.php?rest_route=\/wp\/v2\/users\/5"}],"replies":[{"embeddable":true,"href":"https:\/\/www.latribunedufaso.net\/index.php?rest_route=%2Fwp%2Fv2%2Fcomments&post=22036"}],"version-history":[{"count":2,"href":"https:\/\/www.latribunedufaso.net\/index.php?rest_route=\/wp\/v2\/posts\/22036\/revisions"}],"predecessor-version":[{"id":22042,"href":"https:\/\/www.latribunedufaso.net\/index.php?rest_route=\/wp\/v2\/posts\/22036\/revisions\/22042"}],"wp:featuredmedia":[{"embeddable":true,"href":"https:\/\/www.latribunedufaso.net\/index.php?rest_route=\/wp\/v2\/media\/22039"}],"wp:attachment":[{"href":"https:\/\/www.latribunedufaso.net\/index.php?rest_route=%2Fwp%2Fv2%2Fmedia&parent=22036"}],"wp:term":[{"taxonomy":"category","embeddable":true,"href":"https:\/\/www.latribunedufaso.net\/index.php?rest_route=%2Fwp%2Fv2%2Fcategories&post=22036"},{"taxonomy":"post_tag","embeddable":true,"href":"https:\/\/www.latribunedufaso.net\/index.php?rest_route=%2Fwp%2Fv2%2Ftags&post=22036"}],"curies":[{"name":"wp","href":"https:\/\/api.w.org\/{rel}","templated":true}]}}