{"id":22002,"date":"2025-07-17T15:21:54","date_gmt":"2025-07-17T15:21:54","guid":{"rendered":"https:\/\/www.latribunedufaso.net\/?p=22002"},"modified":"2025-07-23T13:30:51","modified_gmt":"2025-07-23T13:30:51","slug":"promotion-des-startups-un-atelier-de-validation-de-textes-juridiques-en-cours","status":"publish","type":"post","link":"https:\/\/www.latribunedufaso.net\/?p=22002","title":{"rendered":"Promotion des startups : Un atelier de validation de textes juridiques en cours\u00a0"},"content":{"rendered":"<p><strong>Un atelier national de validation des textes juridiques de l\u2019avant projet de loi pour la promotion des startups s&rsquo;est tenue le 17 juillet 2025 \u00e0 Ouagadougou. La c\u00e9r\u00e9monie d&rsquo;ouverture dudit atelier a eu lieu sous la pr\u00e9sidence du ministre en charge du Commerce repr\u00e9sent\u00e9 par son conseill\u00e9 technique, Seydou Ilboudo. Il est organis\u00e9 par l&rsquo;Agence nationale de promotion de promotion des petites et moyennes entreprises ( AFP-PME).<\/strong><!--more--><\/p>\n<p>En effet, le paysage des startups au Burkina Faso connait une \u00e9volution rapide au cours des dix derni\u00e8res ann\u00e9es. Cependant, cette croissance rapide est souvent heurt\u00e9e \u00e0 des obstacles institutionnels et r\u00e8glementaires qui freinent le potentiel entrepreneurial.<\/p>\n<figure id=\"attachment_22005\" aria-describedby=\"caption-attachment-22005\" style=\"width: 1280px\" class=\"wp-caption aligncenter\"><a href=\"https:\/\/www.latribunedufaso.net\/wp-content\/uploads\/2025\/07\/IMG-20250718-WA0022.jpg\"><img loading=\"lazy\" decoding=\"async\" class=\"size-full wp-image-22005\" src=\"https:\/\/www.latribunedufaso.net\/wp-content\/uploads\/2025\/07\/IMG-20250718-WA0022.jpg\" alt=\"L'AFP-PME a organis\u00e9 un atelier national de validation des textes juridiques de l\u2019avant projet de loi pour la promotion des startups, 17 juillet 2025\" width=\"1280\" height=\"960\" srcset=\"https:\/\/www.latribunedufaso.net\/wp-content\/uploads\/2025\/07\/IMG-20250718-WA0022.jpg 1280w, https:\/\/www.latribunedufaso.net\/wp-content\/uploads\/2025\/07\/IMG-20250718-WA0022-300x225.jpg 300w, https:\/\/www.latribunedufaso.net\/wp-content\/uploads\/2025\/07\/IMG-20250718-WA0022-1024x768.jpg 1024w, https:\/\/www.latribunedufaso.net\/wp-content\/uploads\/2025\/07\/IMG-20250718-WA0022-768x576.jpg 768w\" sizes=\"auto, (max-width: 1280px) 100vw, 1280px\" \/><\/a><figcaption id=\"caption-attachment-22005\" class=\"wp-caption-text\">Le Conseill\u00e9 technique du ministre en charge du Commerce, Seydou Ilboudo &#8211; Ph. I. Tougma<\/figcaption><\/figure>\n<p>C\u2019est dans ce contexte que le ministre de l\u2019Industrie, du Commerce et de l\u2019Artisanat (MICA), Serge Poda a instruit l\u2019Agence de Financement et de Promotion des Petites et Moyennes entreprises (AFP-PME) de coordonner les efforts des acteurs cl\u00e9s de l\u2019\u00e9cosyst\u00e8me entrepreneurial (gouvernements, incubateurs, investisseurs, entrepreneurs, startupeurs, etc.) afin de lui proposer un projet de cadre juridique pour promouvoir la cr\u00e9ation et le d\u00e9veloppement des startups au Burkina Faso, selon Seydou Ilboudo.<\/p>\n<p>La vision qui sous-tend cette initiative est de faire du Burkina Faso un p\u00f4le africain, voire mondial de l\u2019innovation.<\/p>\n<figure id=\"attachment_22006\" aria-describedby=\"caption-attachment-22006\" style=\"width: 1280px\" class=\"wp-caption aligncenter\"><a href=\"https:\/\/www.latribunedufaso.net\/wp-content\/uploads\/2025\/07\/IMG-20250718-WA0025.jpg\"><img loading=\"lazy\" decoding=\"async\" class=\"size-full wp-image-22006\" src=\"https:\/\/www.latribunedufaso.net\/wp-content\/uploads\/2025\/07\/IMG-20250718-WA0025.jpg\" alt=\"L'AFP-PME a organis\u00e9 un atelier national de validation des textes juridiques de l\u2019avant projet de loi pour la promotion des startups, 17 juillet 2025\" width=\"1280\" height=\"960\" srcset=\"https:\/\/www.latribunedufaso.net\/wp-content\/uploads\/2025\/07\/IMG-20250718-WA0025.jpg 1280w, https:\/\/www.latribunedufaso.net\/wp-content\/uploads\/2025\/07\/IMG-20250718-WA0025-300x225.jpg 300w, https:\/\/www.latribunedufaso.net\/wp-content\/uploads\/2025\/07\/IMG-20250718-WA0025-1024x768.jpg 1024w, https:\/\/www.latribunedufaso.net\/wp-content\/uploads\/2025\/07\/IMG-20250718-WA0025-768x576.jpg 768w\" sizes=\"auto, (max-width: 1280px) 100vw, 1280px\" \/><\/a><figcaption id=\"caption-attachment-22006\" class=\"wp-caption-text\">Une vue des participants lors de la c\u00e9r\u00e9monie de lancement &#8211; Ph. I. Tougma<\/figcaption><\/figure>\n<p>L\u2019objectif global de cet atelier est donc d\u2019examiner et valider les projets de textes pour la promotion des startups au Burkina Faso ainsi que le projet de d\u00e9cret d\u2019application.\u00a0<\/p>\n<p>De fa\u00e7on sp\u00e9cifique, il s\u2019agira de proc\u00e9der \u00e0 l\u2019examen critique de l\u2019ensemble des projets de textes compos\u00e9s de l\u2019avant projet de lois, du d\u00e9cret d\u2019application de l\u2019avant projet de loi, de la fiche synth\u00e9tique, de l\u2019expos\u00e9 des motifs et du rapport en conseil des ministres.<\/p>\n<figure id=\"attachment_22004\" aria-describedby=\"caption-attachment-22004\" style=\"width: 1080px\" class=\"wp-caption aligncenter\"><a href=\"https:\/\/www.latribunedufaso.net\/wp-content\/uploads\/2025\/07\/IMG-20250718-WA0023.jpg\"><img loading=\"lazy\" decoding=\"async\" class=\"size-full wp-image-22004\" src=\"https:\/\/www.latribunedufaso.net\/wp-content\/uploads\/2025\/07\/IMG-20250718-WA0023.jpg\" alt=\"L'AFP-PME a organis\u00e9 un atelier national de validation des textes juridiques de l\u2019avant projet de loi pour la promotion des startups, 17 juillet 2025\" width=\"1080\" height=\"770\" srcset=\"https:\/\/www.latribunedufaso.net\/wp-content\/uploads\/2025\/07\/IMG-20250718-WA0023.jpg 1080w, https:\/\/www.latribunedufaso.net\/wp-content\/uploads\/2025\/07\/IMG-20250718-WA0023-300x214.jpg 300w, https:\/\/www.latribunedufaso.net\/wp-content\/uploads\/2025\/07\/IMG-20250718-WA0023-1024x730.jpg 1024w, https:\/\/www.latribunedufaso.net\/wp-content\/uploads\/2025\/07\/IMG-20250718-WA0023-768x548.jpg 768w, https:\/\/www.latribunedufaso.net\/wp-content\/uploads\/2025\/07\/IMG-20250718-WA0023-90x65.jpg 90w\" sizes=\"auto, (max-width: 1080px) 100vw, 1080px\" \/><\/a><figcaption id=\"caption-attachment-22004\" class=\"wp-caption-text\">Le Directeur g\u00e9n\u00e9ral de l&rsquo;AFP PME, Issa Traor\u00e9 &#8211; Ph. I. Tougma<\/figcaption><\/figure>\n<p>Il sera \u00e9galement question de formuler des suggestions et recommandations \u00e0 l\u2019issu de l\u2019examen des diff\u00e9rents projets de textes. Il s\u2019agira \u00e9galement de valider les diff\u00e9rents textes de l\u2019avant projet de lois sur la promotion des startups.<\/p>\n<p>A \u00e9couter le Directeur g\u00e9n\u00e9ral de l\u2019AFP-PME, Issa Traor\u00e9, apr\u00e8s cet atelier, les livrables seront finalis\u00e9s et transmis au MICA pour poursuivre le reste du processus jusqu\u2019\u00e0 l\u2019adoption de la loi en faveur des startups ; commun\u00e9ment appel\u00e9e <em><strong>\u00ab Startup act \u00bb.<\/strong><\/em><\/p>\n<figure id=\"attachment_22003\" aria-describedby=\"caption-attachment-22003\" style=\"width: 1080px\" class=\"wp-caption aligncenter\"><a href=\"https:\/\/www.latribunedufaso.net\/wp-content\/uploads\/2025\/07\/IMG-20250718-WA0024.jpg\"><img loading=\"lazy\" decoding=\"async\" class=\"size-full wp-image-22003\" src=\"https:\/\/www.latribunedufaso.net\/wp-content\/uploads\/2025\/07\/IMG-20250718-WA0024.jpg\" alt=\"L'AFP-PME a organis\u00e9 un atelier national de validation des textes juridiques de l\u2019avant projet de loi pour la promotion des startups, 17 juillet 2025\" width=\"1080\" height=\"749\" srcset=\"https:\/\/www.latribunedufaso.net\/wp-content\/uploads\/2025\/07\/IMG-20250718-WA0024.jpg 1080w, https:\/\/www.latribunedufaso.net\/wp-content\/uploads\/2025\/07\/IMG-20250718-WA0024-300x208.jpg 300w, https:\/\/www.latribunedufaso.net\/wp-content\/uploads\/2025\/07\/IMG-20250718-WA0024-1024x710.jpg 1024w, https:\/\/www.latribunedufaso.net\/wp-content\/uploads\/2025\/07\/IMG-20250718-WA0024-768x533.jpg 768w\" sizes=\"auto, (max-width: 1080px) 100vw, 1080px\" \/><\/a><figcaption id=\"caption-attachment-22003\" class=\"wp-caption-text\">Le repr\u00e9sentant du PNUD au Burkina, Dieudonn\u00e9 Kini &#8211; Ph. I. Tougma<\/figcaption><\/figure>\n<p>Le Programme des nations unies pour le d\u00e9veloppement (PNUD), \u0153uvrant pour le d\u00e9veloppement dans les pays dans lesquels il se trouve est au c\u00f4t\u00e9s de l\u2019AFP-PME \u00e0 travers un repr\u00e9sentant, Dieudonn\u00e9 Kini. Pour lui, c\u2019est une \u00e9tape importante pour le PNUD parce que cet avant projet de loi, une fois valid\u00e9, va cr\u00e9er un environnement juridique propice \u00e0 la promotion et \u00e0 la protection des startups (entreprises innovantes).<\/p>\n<blockquote>\n<p>Lire aussi &gt;&gt; <a href=\"https:\/\/www.latribunedufaso.net\/?p=21577\">Burkina\/Journ\u00e9e mondiale des MPME : L\u2019AFP-PME sensibilise les jeunes sur l\u2019entrepreneuriat et l\u2019innovation locale<\/a><\/p>\n<\/blockquote>\n<p>Le conseill\u00e9 technique du ministre en charge du Commerce, Seydou Ilboudo, patron de la c\u00e9r\u00e9monie, a ainsi exhort\u00e9 les participants \u00e0 un examen minutieux desdits documents de travail en faveur de la promotion d\u2019un \u00e9cosyst\u00e8me favorable au d\u00e9veloppement des startups.\u00a0<\/p>\n<p><strong>In\u00e8s TOUGMA\u00a0<\/strong><\/p>\n<p><strong>Larribunedufaso.net<\/strong><\/p>\n<p><iframe loading=\"lazy\" width=\"560\" height=\"315\" src=\"https:\/\/www.youtube.com\/embed\/ZkildArSJrY?si=EGN8m_gl4riHZ95W\" title=\"YouTube video player\" frameborder=\"0\" allow=\"accelerometer; autoplay; clipboard-write; encrypted-media; gyroscope; picture-in-picture; web-share\" referrerpolicy=\"strict-origin-when-cross-origin\" allowfullscreen><\/iframe><\/p>\n","protected":false},"excerpt":{"rendered":"<p>Un atelier national de validation des textes juridiques de l\u2019avant projet de loi pour la promotion des startups s&rsquo;est tenue le 17 juillet 2025 \u00e0 Ouagadougou. La c\u00e9r\u00e9monie d&rsquo;ouverture dudit atelier a eu lieu sous la pr\u00e9sidence du ministre en charge du Commerce repr\u00e9sent\u00e9 par son conseill\u00e9 technique, Seydou Ilboudo. Il est organis\u00e9 par l&rsquo;Agence nationale de promotion de promotion des petites et moyennes entreprises ( AFP-PME).<\/p>\n","protected":false},"author":5,"featured_media":22007,"comment_status":"open","ping_status":"open","sticky":false,"template":"","format":"standard","meta":{"footnotes":""},"categories":[13,1,6],"tags":[1301,39,1339],"class_list":["post-22002","post","type-post","status-publish","format-standard","has-post-thumbnail","hentry","category-une","category-actu","category-entrep","tag-entreprenariat","tag-latribunedufaso-net","tag-promotion-des-startups"],"yoast_head":"<!-- This site is optimized with the Yoast SEO plugin v27.5 - https:\/\/yoast.com\/product\/yoast-seo-wordpress\/ -->\n<title>Promotion des startups : Un atelier de validation de textes juridiques en cours\u00a0 - La Tribune du Faso<\/title>\n<meta name=\"robots\" content=\"index, follow, max-snippet:-1, max-image-preview:large, max-video-preview:-1\" \/>\n<link rel=\"canonical\" href=\"https:\/\/www.latribunedufaso.net\/?p=22002\" \/>\n<meta property=\"og:locale\" content=\"fr_FR\" \/>\n<meta property=\"og:type\" content=\"article\" \/>\n<meta property=\"og:title\" content=\"Promotion des startups : Un atelier de validation de textes juridiques en cours\u00a0 - La Tribune du Faso\" \/>\n<meta property=\"og:description\" content=\"Un atelier national de validation des textes juridiques de l\u2019avant projet de loi pour la promotion des startups s&rsquo;est tenue le 17 juillet 2025 \u00e0 Ouagadougou. La c\u00e9r\u00e9monie d&rsquo;ouverture dudit atelier a eu lieu sous la pr\u00e9sidence du ministre en charge du Commerce repr\u00e9sent\u00e9 par son conseill\u00e9 technique, Seydou Ilboudo. Il est organis\u00e9 par l&rsquo;Agence nationale de promotion de promotion des petites et moyennes entreprises ( AFP-PME).\" \/>\n<meta property=\"og:url\" content=\"https:\/\/www.latribunedufaso.net\/?p=22002\" \/>\n<meta property=\"og:site_name\" content=\"La Tribune du Faso\" \/>\n<meta property=\"article:publisher\" content=\"https:\/\/www.facebook.com\/LatribuneduFaso\/\" \/>\n<meta property=\"article:published_time\" content=\"2025-07-17T15:21:54+00:00\" \/>\n<meta property=\"article:modified_time\" content=\"2025-07-23T13:30:51+00:00\" \/>\n<meta property=\"og:image\" content=\"https:\/\/www.latribunedufaso.net\/wp-content\/uploads\/2025\/07\/IMG-20250718-WA0026.jpg\" \/>\n\t<meta property=\"og:image:width\" content=\"1280\" \/>\n\t<meta property=\"og:image:height\" content=\"960\" \/>\n\t<meta property=\"og:image:type\" content=\"image\/jpeg\" \/>\n<meta name=\"author\" content=\"Issouf Tapsoba\" \/>\n<meta name=\"twitter:label1\" content=\"\u00c9crit par\" \/>\n\t<meta name=\"twitter:data1\" content=\"Issouf Tapsoba\" \/>\n\t<meta name=\"twitter:label2\" content=\"Dur\u00e9e de lecture estim\u00e9e\" \/>\n\t<meta name=\"twitter:data2\" content=\"3 minutes\" \/>\n<script type=\"application\/ld+json\" class=\"yoast-schema-graph\">{\"@context\":\"https:\\\/\\\/schema.org\",\"@graph\":[{\"@type\":\"Article\",\"@id\":\"https:\\\/\\\/www.latribunedufaso.net\\\/?p=22002#article\",\"isPartOf\":{\"@id\":\"https:\\\/\\\/www.latribunedufaso.net\\\/?p=22002\"},\"author\":{\"name\":\"Issouf Tapsoba\",\"@id\":\"https:\\\/\\\/www.latribunedufaso.net\\\/#\\\/schema\\\/person\\\/e54e64c5778a7e72cf80a318b7a622b0\"},\"headline\":\"Promotion des startups : Un atelier de validation de textes juridiques en cours\u00a0\",\"datePublished\":\"2025-07-17T15:21:54+00:00\",\"dateModified\":\"2025-07-23T13:30:51+00:00\",\"mainEntityOfPage\":{\"@id\":\"https:\\\/\\\/www.latribunedufaso.net\\\/?p=22002\"},\"wordCount\":634,\"commentCount\":0,\"publisher\":{\"@id\":\"https:\\\/\\\/www.latribunedufaso.net\\\/#organization\"},\"image\":{\"@id\":\"https:\\\/\\\/www.latribunedufaso.net\\\/?p=22002#primaryimage\"},\"thumbnailUrl\":\"https:\\\/\\\/www.latribunedufaso.net\\\/wp-content\\\/uploads\\\/2025\\\/07\\\/IMG-20250718-WA0026.jpg\",\"keywords\":[\"Entreprenariat\",\"latribunedufaso.net\",\"Promotion des startups\"],\"articleSection\":[\"A la une\",\"Actualit\u00e9\",\"Entreprenariat\"],\"inLanguage\":\"fr-FR\",\"potentialAction\":[{\"@type\":\"CommentAction\",\"name\":\"Comment\",\"target\":[\"https:\\\/\\\/www.latribunedufaso.net\\\/?p=22002#respond\"]}]},{\"@type\":\"WebPage\",\"@id\":\"https:\\\/\\\/www.latribunedufaso.net\\\/?p=22002\",\"url\":\"https:\\\/\\\/www.latribunedufaso.net\\\/?p=22002\",\"name\":\"Promotion des startups : Un atelier de validation de textes juridiques en cours\u00a0 - La Tribune du Faso\",\"isPartOf\":{\"@id\":\"https:\\\/\\\/www.latribunedufaso.net\\\/#website\"},\"primaryImageOfPage\":{\"@id\":\"https:\\\/\\\/www.latribunedufaso.net\\\/?p=22002#primaryimage\"},\"image\":{\"@id\":\"https:\\\/\\\/www.latribunedufaso.net\\\/?p=22002#primaryimage\"},\"thumbnailUrl\":\"https:\\\/\\\/www.latribunedufaso.net\\\/wp-content\\\/uploads\\\/2025\\\/07\\\/IMG-20250718-WA0026.jpg\",\"datePublished\":\"2025-07-17T15:21:54+00:00\",\"dateModified\":\"2025-07-23T13:30:51+00:00\",\"breadcrumb\":{\"@id\":\"https:\\\/\\\/www.latribunedufaso.net\\\/?p=22002#breadcrumb\"},\"inLanguage\":\"fr-FR\",\"potentialAction\":[{\"@type\":\"ReadAction\",\"target\":[\"https:\\\/\\\/www.latribunedufaso.net\\\/?p=22002\"]}]},{\"@type\":\"ImageObject\",\"inLanguage\":\"fr-FR\",\"@id\":\"https:\\\/\\\/www.latribunedufaso.net\\\/?p=22002#primaryimage\",\"url\":\"https:\\\/\\\/www.latribunedufaso.net\\\/wp-content\\\/uploads\\\/2025\\\/07\\\/IMG-20250718-WA0026.jpg\",\"contentUrl\":\"https:\\\/\\\/www.latribunedufaso.net\\\/wp-content\\\/uploads\\\/2025\\\/07\\\/IMG-20250718-WA0026.jpg\",\"width\":1280,\"height\":960,\"caption\":\"L'AFP-PME a organis\u00e9 un atelier national de validation des textes juridiques de l\u2019avant projet de loi pour la promotion des startups, 17 juillet 2025\"},{\"@type\":\"BreadcrumbList\",\"@id\":\"https:\\\/\\\/www.latribunedufaso.net\\\/?p=22002#breadcrumb\",\"itemListElement\":[{\"@type\":\"ListItem\",\"position\":1,\"name\":\"Accueil\",\"item\":\"https:\\\/\\\/www.latribunedufaso.net\\\/\"},{\"@type\":\"ListItem\",\"position\":2,\"name\":\"Promotion des startups : Un atelier de validation de textes juridiques en cours\u00a0\"}]},{\"@type\":\"WebSite\",\"@id\":\"https:\\\/\\\/www.latribunedufaso.net\\\/#website\",\"url\":\"https:\\\/\\\/www.latribunedufaso.net\\\/\",\"name\":\"La Tribune du Faso\",\"description\":\"L&#039;information du monde rural en un clic\",\"publisher\":{\"@id\":\"https:\\\/\\\/www.latribunedufaso.net\\\/#organization\"},\"potentialAction\":[{\"@type\":\"SearchAction\",\"target\":{\"@type\":\"EntryPoint\",\"urlTemplate\":\"https:\\\/\\\/www.latribunedufaso.net\\\/?s={search_term_string}\"},\"query-input\":{\"@type\":\"PropertyValueSpecification\",\"valueRequired\":true,\"valueName\":\"search_term_string\"}}],\"inLanguage\":\"fr-FR\"},{\"@type\":\"Organization\",\"@id\":\"https:\\\/\\\/www.latribunedufaso.net\\\/#organization\",\"name\":\"La Tribune du Faso\",\"url\":\"https:\\\/\\\/www.latribunedufaso.net\\\/\",\"logo\":{\"@type\":\"ImageObject\",\"inLanguage\":\"fr-FR\",\"@id\":\"https:\\\/\\\/www.latribunedufaso.net\\\/#\\\/schema\\\/logo\\\/image\\\/\",\"url\":\"https:\\\/\\\/www.latribunedufaso.net\\\/wp-content\\\/uploads\\\/2020\\\/08\\\/Logo-Tribune-du-Faso-final-scaled.jpg\",\"contentUrl\":\"https:\\\/\\\/www.latribunedufaso.net\\\/wp-content\\\/uploads\\\/2020\\\/08\\\/Logo-Tribune-du-Faso-final-scaled.jpg\",\"width\":2560,\"height\":1856,\"caption\":\"La Tribune du Faso\"},\"image\":{\"@id\":\"https:\\\/\\\/www.latribunedufaso.net\\\/#\\\/schema\\\/logo\\\/image\\\/\"},\"sameAs\":[\"https:\\\/\\\/www.facebook.com\\\/LatribuneduFaso\\\/\"]},{\"@type\":\"Person\",\"@id\":\"https:\\\/\\\/www.latribunedufaso.net\\\/#\\\/schema\\\/person\\\/e54e64c5778a7e72cf80a318b7a622b0\",\"name\":\"Issouf Tapsoba\",\"image\":{\"@type\":\"ImageObject\",\"inLanguage\":\"fr-FR\",\"@id\":\"https:\\\/\\\/secure.gravatar.com\\\/avatar\\\/5e6c05150ce3230247d167f5b94d678eb05936197436d69b7921e3a95c9107ac?s=96&d=mm&r=g\",\"url\":\"https:\\\/\\\/secure.gravatar.com\\\/avatar\\\/5e6c05150ce3230247d167f5b94d678eb05936197436d69b7921e3a95c9107ac?s=96&d=mm&r=g\",\"contentUrl\":\"https:\\\/\\\/secure.gravatar.com\\\/avatar\\\/5e6c05150ce3230247d167f5b94d678eb05936197436d69b7921e3a95c9107ac?s=96&d=mm&r=g\",\"caption\":\"Issouf Tapsoba\"},\"url\":\"https:\\\/\\\/www.latribunedufaso.net\\\/?author=5\"}]}<\/script>\n<!-- \/ Yoast SEO plugin. -->","yoast_head_json":{"title":"Promotion des startups : Un atelier de validation de textes juridiques en cours\u00a0 - La Tribune du Faso","robots":{"index":"index","follow":"follow","max-snippet":"max-snippet:-1","max-image-preview":"max-image-preview:large","max-video-preview":"max-video-preview:-1"},"canonical":"https:\/\/www.latribunedufaso.net\/?p=22002","og_locale":"fr_FR","og_type":"article","og_title":"Promotion des startups : Un atelier de validation de textes juridiques en cours\u00a0 - La Tribune du Faso","og_description":"Un atelier national de validation des textes juridiques de l\u2019avant projet de loi pour la promotion des startups s&rsquo;est tenue le 17 juillet 2025 \u00e0 Ouagadougou. La c\u00e9r\u00e9monie d&rsquo;ouverture dudit atelier a eu lieu sous la pr\u00e9sidence du ministre en charge du Commerce repr\u00e9sent\u00e9 par son conseill\u00e9 technique, Seydou Ilboudo. Il est organis\u00e9 par l&rsquo;Agence nationale de promotion de promotion des petites et moyennes entreprises ( AFP-PME).","og_url":"https:\/\/www.latribunedufaso.net\/?p=22002","og_site_name":"La Tribune du Faso","article_publisher":"https:\/\/www.facebook.com\/LatribuneduFaso\/","article_published_time":"2025-07-17T15:21:54+00:00","article_modified_time":"2025-07-23T13:30:51+00:00","og_image":[{"width":1280,"height":960,"url":"https:\/\/www.latribunedufaso.net\/wp-content\/uploads\/2025\/07\/IMG-20250718-WA0026.jpg","type":"image\/jpeg"}],"author":"Issouf Tapsoba","twitter_misc":{"\u00c9crit par":"Issouf Tapsoba","Dur\u00e9e de lecture estim\u00e9e":"3 minutes"},"schema":{"@context":"https:\/\/schema.org","@graph":[{"@type":"Article","@id":"https:\/\/www.latribunedufaso.net\/?p=22002#article","isPartOf":{"@id":"https:\/\/www.latribunedufaso.net\/?p=22002"},"author":{"name":"Issouf Tapsoba","@id":"https:\/\/www.latribunedufaso.net\/#\/schema\/person\/e54e64c5778a7e72cf80a318b7a622b0"},"headline":"Promotion des startups : Un atelier de validation de textes juridiques en cours\u00a0","datePublished":"2025-07-17T15:21:54+00:00","dateModified":"2025-07-23T13:30:51+00:00","mainEntityOfPage":{"@id":"https:\/\/www.latribunedufaso.net\/?p=22002"},"wordCount":634,"commentCount":0,"publisher":{"@id":"https:\/\/www.latribunedufaso.net\/#organization"},"image":{"@id":"https:\/\/www.latribunedufaso.net\/?p=22002#primaryimage"},"thumbnailUrl":"https:\/\/www.latribunedufaso.net\/wp-content\/uploads\/2025\/07\/IMG-20250718-WA0026.jpg","keywords":["Entreprenariat","latribunedufaso.net","Promotion des startups"],"articleSection":["A la une","Actualit\u00e9","Entreprenariat"],"inLanguage":"fr-FR","potentialAction":[{"@type":"CommentAction","name":"Comment","target":["https:\/\/www.latribunedufaso.net\/?p=22002#respond"]}]},{"@type":"WebPage","@id":"https:\/\/www.latribunedufaso.net\/?p=22002","url":"https:\/\/www.latribunedufaso.net\/?p=22002","name":"Promotion des startups : Un atelier de validation de textes juridiques en cours\u00a0 - La Tribune du Faso","isPartOf":{"@id":"https:\/\/www.latribunedufaso.net\/#website"},"primaryImageOfPage":{"@id":"https:\/\/www.latribunedufaso.net\/?p=22002#primaryimage"},"image":{"@id":"https:\/\/www.latribunedufaso.net\/?p=22002#primaryimage"},"thumbnailUrl":"https:\/\/www.latribunedufaso.net\/wp-content\/uploads\/2025\/07\/IMG-20250718-WA0026.jpg","datePublished":"2025-07-17T15:21:54+00:00","dateModified":"2025-07-23T13:30:51+00:00","breadcrumb":{"@id":"https:\/\/www.latribunedufaso.net\/?p=22002#breadcrumb"},"inLanguage":"fr-FR","potentialAction":[{"@type":"ReadAction","target":["https:\/\/www.latribunedufaso.net\/?p=22002"]}]},{"@type":"ImageObject","inLanguage":"fr-FR","@id":"https:\/\/www.latribunedufaso.net\/?p=22002#primaryimage","url":"https:\/\/www.latribunedufaso.net\/wp-content\/uploads\/2025\/07\/IMG-20250718-WA0026.jpg","contentUrl":"https:\/\/www.latribunedufaso.net\/wp-content\/uploads\/2025\/07\/IMG-20250718-WA0026.jpg","width":1280,"height":960,"caption":"L'AFP-PME a organis\u00e9 un atelier national de validation des textes juridiques de l\u2019avant projet de loi pour la promotion des startups, 17 juillet 2025"},{"@type":"BreadcrumbList","@id":"https:\/\/www.latribunedufaso.net\/?p=22002#breadcrumb","itemListElement":[{"@type":"ListItem","position":1,"name":"Accueil","item":"https:\/\/www.latribunedufaso.net\/"},{"@type":"ListItem","position":2,"name":"Promotion des startups : Un atelier de validation de textes juridiques en cours\u00a0"}]},{"@type":"WebSite","@id":"https:\/\/www.latribunedufaso.net\/#website","url":"https:\/\/www.latribunedufaso.net\/","name":"La Tribune du Faso","description":"L&#039;information du monde rural en un clic","publisher":{"@id":"https:\/\/www.latribunedufaso.net\/#organization"},"potentialAction":[{"@type":"SearchAction","target":{"@type":"EntryPoint","urlTemplate":"https:\/\/www.latribunedufaso.net\/?s={search_term_string}"},"query-input":{"@type":"PropertyValueSpecification","valueRequired":true,"valueName":"search_term_string"}}],"inLanguage":"fr-FR"},{"@type":"Organization","@id":"https:\/\/www.latribunedufaso.net\/#organization","name":"La Tribune du Faso","url":"https:\/\/www.latribunedufaso.net\/","logo":{"@type":"ImageObject","inLanguage":"fr-FR","@id":"https:\/\/www.latribunedufaso.net\/#\/schema\/logo\/image\/","url":"https:\/\/www.latribunedufaso.net\/wp-content\/uploads\/2020\/08\/Logo-Tribune-du-Faso-final-scaled.jpg","contentUrl":"https:\/\/www.latribunedufaso.net\/wp-content\/uploads\/2020\/08\/Logo-Tribune-du-Faso-final-scaled.jpg","width":2560,"height":1856,"caption":"La Tribune du Faso"},"image":{"@id":"https:\/\/www.latribunedufaso.net\/#\/schema\/logo\/image\/"},"sameAs":["https:\/\/www.facebook.com\/LatribuneduFaso\/"]},{"@type":"Person","@id":"https:\/\/www.latribunedufaso.net\/#\/schema\/person\/e54e64c5778a7e72cf80a318b7a622b0","name":"Issouf Tapsoba","image":{"@type":"ImageObject","inLanguage":"fr-FR","@id":"https:\/\/secure.gravatar.com\/avatar\/5e6c05150ce3230247d167f5b94d678eb05936197436d69b7921e3a95c9107ac?s=96&d=mm&r=g","url":"https:\/\/secure.gravatar.com\/avatar\/5e6c05150ce3230247d167f5b94d678eb05936197436d69b7921e3a95c9107ac?s=96&d=mm&r=g","contentUrl":"https:\/\/secure.gravatar.com\/avatar\/5e6c05150ce3230247d167f5b94d678eb05936197436d69b7921e3a95c9107ac?s=96&d=mm&r=g","caption":"Issouf Tapsoba"},"url":"https:\/\/www.latribunedufaso.net\/?author=5"}]}},"_links":{"self":[{"href":"https:\/\/www.latribunedufaso.net\/index.php?rest_route=\/wp\/v2\/posts\/22002","targetHints":{"allow":["GET"]}}],"collection":[{"href":"https:\/\/www.latribunedufaso.net\/index.php?rest_route=\/wp\/v2\/posts"}],"about":[{"href":"https:\/\/www.latribunedufaso.net\/index.php?rest_route=\/wp\/v2\/types\/post"}],"author":[{"embeddable":true,"href":"https:\/\/www.latribunedufaso.net\/index.php?rest_route=\/wp\/v2\/users\/5"}],"replies":[{"embeddable":true,"href":"https:\/\/www.latribunedufaso.net\/index.php?rest_route=%2Fwp%2Fv2%2Fcomments&post=22002"}],"version-history":[{"count":2,"href":"https:\/\/www.latribunedufaso.net\/index.php?rest_route=\/wp\/v2\/posts\/22002\/revisions"}],"predecessor-version":[{"id":22128,"href":"https:\/\/www.latribunedufaso.net\/index.php?rest_route=\/wp\/v2\/posts\/22002\/revisions\/22128"}],"wp:featuredmedia":[{"embeddable":true,"href":"https:\/\/www.latribunedufaso.net\/index.php?rest_route=\/wp\/v2\/media\/22007"}],"wp:attachment":[{"href":"https:\/\/www.latribunedufaso.net\/index.php?rest_route=%2Fwp%2Fv2%2Fmedia&parent=22002"}],"wp:term":[{"taxonomy":"category","embeddable":true,"href":"https:\/\/www.latribunedufaso.net\/index.php?rest_route=%2Fwp%2Fv2%2Fcategories&post=22002"},{"taxonomy":"post_tag","embeddable":true,"href":"https:\/\/www.latribunedufaso.net\/index.php?rest_route=%2Fwp%2Fv2%2Ftags&post=22002"}],"curies":[{"name":"wp","href":"https:\/\/api.w.org\/{rel}","templated":true}]}}