{"id":21967,"date":"2025-07-16T20:20:45","date_gmt":"2025-07-16T20:20:45","guid":{"rendered":"https:\/\/www.latribunedufaso.net\/?p=21967"},"modified":"2025-07-16T20:22:07","modified_gmt":"2025-07-16T20:22:07","slug":"lutte-contre-les-derives-tarifaire-des-motos-plusieurs-irregularites-constatees-sur-le-marche","status":"publish","type":"post","link":"https:\/\/www.latribunedufaso.net\/?p=21967","title":{"rendered":"Lutte contre les d\u00e9rives tarifaires des motos : Plusieurs irr\u00e9gularit\u00e9s constat\u00e9es sur le march\u00e9\u00a0"},"content":{"rendered":"<p><strong>Dans le cadre de la poursuite de la r\u00e9pression des pratiques sp\u00e9culatives sur les prix des motocyclettes, la Brigade mobile de contr\u00f4le \u00e9conomique et de la r\u00e9pression des fraudes (BMCRF) a intensifi\u00e9 ses op\u00e9rations sur le terrain le 16 juillet 2025 \u00e0 Ouagadougou.<\/strong><!--more--><\/p>\n<p>L\u2019objectif reste clair : assainir le march\u00e9 des deux-roues et garantir une concurrence loyale.<\/p>\n<p>Les \u00e9quipes de contr\u00f4le ont observ\u00e9 de nombreuses irr\u00e9gularit\u00e9s :<\/p>\n<p>&#8211; Plusieurs vendeurs ne disposaient pas de documents attestant leur statut l\u00e9gal : registre de commerce, carte professionnelle, num\u00e9ro IFU.<\/p>\n<p>&#8211; L\u2019origine des motocyclettes demeure floue chez certains revendeurs, faute de factures d\u2019achat claires ou d\u2019informations fiables.<\/p>\n<p>&#8211; Certains points de vente ne pratiquent pas l\u2019affichage obligatoire des prix.<\/p>\n<p>&#8211; Des factures de vente non conformes, voire inexistantes, sont encore d\u00e9livr\u00e9es aux clients.<\/p>\n<p>&#8211; D\u2019importants \u00e9carts de prix ont \u00e9t\u00e9 relev\u00e9s pour des mod\u00e8les similaires, d\u2019un commer\u00e7ant \u00e0 l\u2019autre.<\/p>\n<figure id=\"attachment_21970\" aria-describedby=\"caption-attachment-21970\" style=\"width: 1280px\" class=\"wp-caption aligncenter\"><a href=\"https:\/\/www.latribunedufaso.net\/wp-content\/uploads\/2025\/07\/FB_IMG_1752696596473.jpg\"><img loading=\"lazy\" decoding=\"async\" class=\"size-full wp-image-21970\" src=\"https:\/\/www.latribunedufaso.net\/wp-content\/uploads\/2025\/07\/FB_IMG_1752696596473.jpg\" alt=\"Dans le cadre de la poursuite de la r\u00e9pression des pratiques sp\u00e9culatives sur les prix des motocyclettes, la BMCRF a fait une sortie terrain, 16 juillet 2025\" width=\"1280\" height=\"960\" srcset=\"https:\/\/www.latribunedufaso.net\/wp-content\/uploads\/2025\/07\/FB_IMG_1752696596473.jpg 1280w, https:\/\/www.latribunedufaso.net\/wp-content\/uploads\/2025\/07\/FB_IMG_1752696596473-300x225.jpg 300w, https:\/\/www.latribunedufaso.net\/wp-content\/uploads\/2025\/07\/FB_IMG_1752696596473-1024x768.jpg 1024w, https:\/\/www.latribunedufaso.net\/wp-content\/uploads\/2025\/07\/FB_IMG_1752696596473-768x576.jpg 768w\" sizes=\"auto, (max-width: 1280px) 100vw, 1280px\" \/><\/a><figcaption id=\"caption-attachment-21970\" class=\"wp-caption-text\">Une vue de l&rsquo;\u00e9quipe de la BMCRF sur le terrain &#8211; Ph. DR<\/figcaption><\/figure>\n<p>Ces anomalies touchent l\u2019ensemble de la cha\u00eene : importateurs, unit\u00e9s de montage, grossistes et d\u00e9taillants. Dans le contexte s\u00e9curitaire actuel, le respect de la r\u00e9glementation est primordial pour pr\u00e9venir toute d\u00e9rive li\u00e9e au blanchiment de capitaux ou au financement du terrorisme.<\/p>\n<blockquote>\n<p>Lire aussi &gt;&gt; <a href=\"https:\/\/www.latribunedufaso.net\/?p=21720\">Hausse du prix des motocyclettes\/Burkina : Voici les conclusions de l\u2019enqu\u00eate de la BMCRF<\/a><\/p>\n<\/blockquote>\n<p>Le minist\u00e8re du Commerce de l&rsquo;Industrie et de l&rsquo;Artisanat accorde un d\u00e9lai d\u2019un mois \u00e0 partir de ce jour 16 juillet 2025 pour que les commer\u00e7ants r\u00e9gularisent leur situation. Pass\u00e9 ce d\u00e9lai, des v\u00e9rifications plus strictes seront effectu\u00e9es. Les contrevenants s\u2019exposent \u00e0 des sanctions s\u00e9v\u00e8res, incluant la saisie des motos, qui seront vendues au profit du Fonds de soutien patriotique.<\/p>\n<p>Pour toute information compl\u00e9mentaire, contacter 80 00 11 84 \/ 80 00 11 85 \/ 80 00 11 86\u00a0\u00a0<\/p>\n<p><strong>Latribunedufaso.net<\/strong><\/p>\n<p><strong>Source : BMCRF<\/strong><\/p>\n","protected":false},"excerpt":{"rendered":"<p>Dans le cadre de la poursuite de la r\u00e9pression des pratiques sp\u00e9culatives sur les prix des motocyclettes, la Brigade mobile de contr\u00f4le \u00e9conomique et de la r\u00e9pression des fraudes (BMCRF) a intensifi\u00e9 ses op\u00e9rations sur le terrain le 16 juillet 2025 \u00e0 Ouagadougou.<\/p>\n","protected":false},"author":5,"featured_media":21969,"comment_status":"open","ping_status":"open","sticky":false,"template":"","format":"standard","meta":{"footnotes":""},"categories":[13,1,10],"tags":[273,1285,39],"class_list":["post-21967","post","type-post","status-publish","format-standard","has-post-thumbnail","hentry","category-une","category-actu","category-eco","tag-bmcrf","tag-hausse-du-prix-des-motos","tag-latribunedufaso-net"],"yoast_head":"<!-- This site is optimized with the Yoast SEO plugin v27.4 - https:\/\/yoast.com\/product\/yoast-seo-wordpress\/ -->\n<title>Lutte contre les d\u00e9rives tarifaires des motos : Plusieurs irr\u00e9gularit\u00e9s constat\u00e9es sur le march\u00e9\u00a0 - La Tribune du Faso<\/title>\n<meta name=\"robots\" content=\"index, follow, max-snippet:-1, max-image-preview:large, max-video-preview:-1\" \/>\n<link rel=\"canonical\" href=\"https:\/\/www.latribunedufaso.net\/?p=21967\" \/>\n<meta property=\"og:locale\" content=\"fr_FR\" \/>\n<meta property=\"og:type\" content=\"article\" \/>\n<meta property=\"og:title\" content=\"Lutte contre les d\u00e9rives tarifaires des motos : Plusieurs irr\u00e9gularit\u00e9s constat\u00e9es sur le march\u00e9\u00a0 - La Tribune du Faso\" \/>\n<meta property=\"og:description\" content=\"Dans le cadre de la poursuite de la r\u00e9pression des pratiques sp\u00e9culatives sur les prix des motocyclettes, la Brigade mobile de contr\u00f4le \u00e9conomique et de la r\u00e9pression des fraudes (BMCRF) a intensifi\u00e9 ses op\u00e9rations sur le terrain le 16 juillet 2025 \u00e0 Ouagadougou.\" \/>\n<meta property=\"og:url\" content=\"https:\/\/www.latribunedufaso.net\/?p=21967\" \/>\n<meta property=\"og:site_name\" content=\"La Tribune du Faso\" \/>\n<meta property=\"article:publisher\" content=\"https:\/\/www.facebook.com\/LatribuneduFaso\/\" \/>\n<meta property=\"article:published_time\" content=\"2025-07-16T20:20:45+00:00\" \/>\n<meta property=\"article:modified_time\" content=\"2025-07-16T20:22:07+00:00\" \/>\n<meta property=\"og:image\" content=\"https:\/\/www.latribunedufaso.net\/wp-content\/uploads\/2025\/07\/FB_IMG_1752696584519.jpg\" \/>\n\t<meta property=\"og:image:width\" content=\"1280\" \/>\n\t<meta property=\"og:image:height\" content=\"960\" \/>\n\t<meta property=\"og:image:type\" content=\"image\/jpeg\" \/>\n<meta name=\"author\" content=\"Issouf Tapsoba\" \/>\n<meta name=\"twitter:label1\" content=\"\u00c9crit par\" \/>\n\t<meta name=\"twitter:data1\" content=\"Issouf Tapsoba\" \/>\n\t<meta name=\"twitter:label2\" content=\"Dur\u00e9e de lecture estim\u00e9e\" \/>\n\t<meta name=\"twitter:data2\" content=\"2 minutes\" \/>\n<script type=\"application\/ld+json\" class=\"yoast-schema-graph\">{\"@context\":\"https:\\\/\\\/schema.org\",\"@graph\":[{\"@type\":\"Article\",\"@id\":\"https:\\\/\\\/www.latribunedufaso.net\\\/?p=21967#article\",\"isPartOf\":{\"@id\":\"https:\\\/\\\/www.latribunedufaso.net\\\/?p=21967\"},\"author\":{\"name\":\"Issouf Tapsoba\",\"@id\":\"https:\\\/\\\/www.latribunedufaso.net\\\/#\\\/schema\\\/person\\\/e54e64c5778a7e72cf80a318b7a622b0\"},\"headline\":\"Lutte contre les d\u00e9rives tarifaires des motos : Plusieurs irr\u00e9gularit\u00e9s constat\u00e9es sur le march\u00e9\u00a0\",\"datePublished\":\"2025-07-16T20:20:45+00:00\",\"dateModified\":\"2025-07-16T20:22:07+00:00\",\"mainEntityOfPage\":{\"@id\":\"https:\\\/\\\/www.latribunedufaso.net\\\/?p=21967\"},\"wordCount\":348,\"commentCount\":0,\"publisher\":{\"@id\":\"https:\\\/\\\/www.latribunedufaso.net\\\/#organization\"},\"image\":{\"@id\":\"https:\\\/\\\/www.latribunedufaso.net\\\/?p=21967#primaryimage\"},\"thumbnailUrl\":\"https:\\\/\\\/www.latribunedufaso.net\\\/wp-content\\\/uploads\\\/2025\\\/07\\\/FB_IMG_1752696584519.jpg\",\"keywords\":[\"BMCRF\",\"Hausse du prix des motos\",\"latribunedufaso.net\"],\"articleSection\":[\"A la une\",\"Actualit\u00e9\",\"Economie\"],\"inLanguage\":\"fr-FR\",\"potentialAction\":[{\"@type\":\"CommentAction\",\"name\":\"Comment\",\"target\":[\"https:\\\/\\\/www.latribunedufaso.net\\\/?p=21967#respond\"]}]},{\"@type\":\"WebPage\",\"@id\":\"https:\\\/\\\/www.latribunedufaso.net\\\/?p=21967\",\"url\":\"https:\\\/\\\/www.latribunedufaso.net\\\/?p=21967\",\"name\":\"Lutte contre les d\u00e9rives tarifaires des motos : Plusieurs irr\u00e9gularit\u00e9s constat\u00e9es sur le march\u00e9\u00a0 - La Tribune du Faso\",\"isPartOf\":{\"@id\":\"https:\\\/\\\/www.latribunedufaso.net\\\/#website\"},\"primaryImageOfPage\":{\"@id\":\"https:\\\/\\\/www.latribunedufaso.net\\\/?p=21967#primaryimage\"},\"image\":{\"@id\":\"https:\\\/\\\/www.latribunedufaso.net\\\/?p=21967#primaryimage\"},\"thumbnailUrl\":\"https:\\\/\\\/www.latribunedufaso.net\\\/wp-content\\\/uploads\\\/2025\\\/07\\\/FB_IMG_1752696584519.jpg\",\"datePublished\":\"2025-07-16T20:20:45+00:00\",\"dateModified\":\"2025-07-16T20:22:07+00:00\",\"breadcrumb\":{\"@id\":\"https:\\\/\\\/www.latribunedufaso.net\\\/?p=21967#breadcrumb\"},\"inLanguage\":\"fr-FR\",\"potentialAction\":[{\"@type\":\"ReadAction\",\"target\":[\"https:\\\/\\\/www.latribunedufaso.net\\\/?p=21967\"]}]},{\"@type\":\"ImageObject\",\"inLanguage\":\"fr-FR\",\"@id\":\"https:\\\/\\\/www.latribunedufaso.net\\\/?p=21967#primaryimage\",\"url\":\"https:\\\/\\\/www.latribunedufaso.net\\\/wp-content\\\/uploads\\\/2025\\\/07\\\/FB_IMG_1752696584519.jpg\",\"contentUrl\":\"https:\\\/\\\/www.latribunedufaso.net\\\/wp-content\\\/uploads\\\/2025\\\/07\\\/FB_IMG_1752696584519.jpg\",\"width\":1280,\"height\":960,\"caption\":\"Dans le cadre de la poursuite de la r\u00e9pression des pratiques sp\u00e9culatives sur les prix des motocyclettes, la BMCRF a fait une sortie terrain, 16 juillet 2025\"},{\"@type\":\"BreadcrumbList\",\"@id\":\"https:\\\/\\\/www.latribunedufaso.net\\\/?p=21967#breadcrumb\",\"itemListElement\":[{\"@type\":\"ListItem\",\"position\":1,\"name\":\"Accueil\",\"item\":\"https:\\\/\\\/www.latribunedufaso.net\\\/\"},{\"@type\":\"ListItem\",\"position\":2,\"name\":\"Lutte contre les d\u00e9rives tarifaires des motos : Plusieurs irr\u00e9gularit\u00e9s constat\u00e9es sur le march\u00e9\u00a0\"}]},{\"@type\":\"WebSite\",\"@id\":\"https:\\\/\\\/www.latribunedufaso.net\\\/#website\",\"url\":\"https:\\\/\\\/www.latribunedufaso.net\\\/\",\"name\":\"La Tribune du Faso\",\"description\":\"L&#039;information du monde rural en un clic\",\"publisher\":{\"@id\":\"https:\\\/\\\/www.latribunedufaso.net\\\/#organization\"},\"potentialAction\":[{\"@type\":\"SearchAction\",\"target\":{\"@type\":\"EntryPoint\",\"urlTemplate\":\"https:\\\/\\\/www.latribunedufaso.net\\\/?s={search_term_string}\"},\"query-input\":{\"@type\":\"PropertyValueSpecification\",\"valueRequired\":true,\"valueName\":\"search_term_string\"}}],\"inLanguage\":\"fr-FR\"},{\"@type\":\"Organization\",\"@id\":\"https:\\\/\\\/www.latribunedufaso.net\\\/#organization\",\"name\":\"La Tribune du Faso\",\"url\":\"https:\\\/\\\/www.latribunedufaso.net\\\/\",\"logo\":{\"@type\":\"ImageObject\",\"inLanguage\":\"fr-FR\",\"@id\":\"https:\\\/\\\/www.latribunedufaso.net\\\/#\\\/schema\\\/logo\\\/image\\\/\",\"url\":\"https:\\\/\\\/www.latribunedufaso.net\\\/wp-content\\\/uploads\\\/2020\\\/08\\\/Logo-Tribune-du-Faso-final-scaled.jpg\",\"contentUrl\":\"https:\\\/\\\/www.latribunedufaso.net\\\/wp-content\\\/uploads\\\/2020\\\/08\\\/Logo-Tribune-du-Faso-final-scaled.jpg\",\"width\":2560,\"height\":1856,\"caption\":\"La Tribune du Faso\"},\"image\":{\"@id\":\"https:\\\/\\\/www.latribunedufaso.net\\\/#\\\/schema\\\/logo\\\/image\\\/\"},\"sameAs\":[\"https:\\\/\\\/www.facebook.com\\\/LatribuneduFaso\\\/\"]},{\"@type\":\"Person\",\"@id\":\"https:\\\/\\\/www.latribunedufaso.net\\\/#\\\/schema\\\/person\\\/e54e64c5778a7e72cf80a318b7a622b0\",\"name\":\"Issouf Tapsoba\",\"image\":{\"@type\":\"ImageObject\",\"inLanguage\":\"fr-FR\",\"@id\":\"https:\\\/\\\/secure.gravatar.com\\\/avatar\\\/5e6c05150ce3230247d167f5b94d678eb05936197436d69b7921e3a95c9107ac?s=96&d=mm&r=g\",\"url\":\"https:\\\/\\\/secure.gravatar.com\\\/avatar\\\/5e6c05150ce3230247d167f5b94d678eb05936197436d69b7921e3a95c9107ac?s=96&d=mm&r=g\",\"contentUrl\":\"https:\\\/\\\/secure.gravatar.com\\\/avatar\\\/5e6c05150ce3230247d167f5b94d678eb05936197436d69b7921e3a95c9107ac?s=96&d=mm&r=g\",\"caption\":\"Issouf Tapsoba\"},\"url\":\"https:\\\/\\\/www.latribunedufaso.net\\\/?author=5\"}]}<\/script>\n<!-- \/ Yoast SEO plugin. -->","yoast_head_json":{"title":"Lutte contre les d\u00e9rives tarifaires des motos : Plusieurs irr\u00e9gularit\u00e9s constat\u00e9es sur le march\u00e9\u00a0 - La Tribune du Faso","robots":{"index":"index","follow":"follow","max-snippet":"max-snippet:-1","max-image-preview":"max-image-preview:large","max-video-preview":"max-video-preview:-1"},"canonical":"https:\/\/www.latribunedufaso.net\/?p=21967","og_locale":"fr_FR","og_type":"article","og_title":"Lutte contre les d\u00e9rives tarifaires des motos : Plusieurs irr\u00e9gularit\u00e9s constat\u00e9es sur le march\u00e9\u00a0 - La Tribune du Faso","og_description":"Dans le cadre de la poursuite de la r\u00e9pression des pratiques sp\u00e9culatives sur les prix des motocyclettes, la Brigade mobile de contr\u00f4le \u00e9conomique et de la r\u00e9pression des fraudes (BMCRF) a intensifi\u00e9 ses op\u00e9rations sur le terrain le 16 juillet 2025 \u00e0 Ouagadougou.","og_url":"https:\/\/www.latribunedufaso.net\/?p=21967","og_site_name":"La Tribune du Faso","article_publisher":"https:\/\/www.facebook.com\/LatribuneduFaso\/","article_published_time":"2025-07-16T20:20:45+00:00","article_modified_time":"2025-07-16T20:22:07+00:00","og_image":[{"width":1280,"height":960,"url":"https:\/\/www.latribunedufaso.net\/wp-content\/uploads\/2025\/07\/FB_IMG_1752696584519.jpg","type":"image\/jpeg"}],"author":"Issouf Tapsoba","twitter_misc":{"\u00c9crit par":"Issouf Tapsoba","Dur\u00e9e de lecture estim\u00e9e":"2 minutes"},"schema":{"@context":"https:\/\/schema.org","@graph":[{"@type":"Article","@id":"https:\/\/www.latribunedufaso.net\/?p=21967#article","isPartOf":{"@id":"https:\/\/www.latribunedufaso.net\/?p=21967"},"author":{"name":"Issouf Tapsoba","@id":"https:\/\/www.latribunedufaso.net\/#\/schema\/person\/e54e64c5778a7e72cf80a318b7a622b0"},"headline":"Lutte contre les d\u00e9rives tarifaires des motos : Plusieurs irr\u00e9gularit\u00e9s constat\u00e9es sur le march\u00e9\u00a0","datePublished":"2025-07-16T20:20:45+00:00","dateModified":"2025-07-16T20:22:07+00:00","mainEntityOfPage":{"@id":"https:\/\/www.latribunedufaso.net\/?p=21967"},"wordCount":348,"commentCount":0,"publisher":{"@id":"https:\/\/www.latribunedufaso.net\/#organization"},"image":{"@id":"https:\/\/www.latribunedufaso.net\/?p=21967#primaryimage"},"thumbnailUrl":"https:\/\/www.latribunedufaso.net\/wp-content\/uploads\/2025\/07\/FB_IMG_1752696584519.jpg","keywords":["BMCRF","Hausse du prix des motos","latribunedufaso.net"],"articleSection":["A la une","Actualit\u00e9","Economie"],"inLanguage":"fr-FR","potentialAction":[{"@type":"CommentAction","name":"Comment","target":["https:\/\/www.latribunedufaso.net\/?p=21967#respond"]}]},{"@type":"WebPage","@id":"https:\/\/www.latribunedufaso.net\/?p=21967","url":"https:\/\/www.latribunedufaso.net\/?p=21967","name":"Lutte contre les d\u00e9rives tarifaires des motos : Plusieurs irr\u00e9gularit\u00e9s constat\u00e9es sur le march\u00e9\u00a0 - La Tribune du Faso","isPartOf":{"@id":"https:\/\/www.latribunedufaso.net\/#website"},"primaryImageOfPage":{"@id":"https:\/\/www.latribunedufaso.net\/?p=21967#primaryimage"},"image":{"@id":"https:\/\/www.latribunedufaso.net\/?p=21967#primaryimage"},"thumbnailUrl":"https:\/\/www.latribunedufaso.net\/wp-content\/uploads\/2025\/07\/FB_IMG_1752696584519.jpg","datePublished":"2025-07-16T20:20:45+00:00","dateModified":"2025-07-16T20:22:07+00:00","breadcrumb":{"@id":"https:\/\/www.latribunedufaso.net\/?p=21967#breadcrumb"},"inLanguage":"fr-FR","potentialAction":[{"@type":"ReadAction","target":["https:\/\/www.latribunedufaso.net\/?p=21967"]}]},{"@type":"ImageObject","inLanguage":"fr-FR","@id":"https:\/\/www.latribunedufaso.net\/?p=21967#primaryimage","url":"https:\/\/www.latribunedufaso.net\/wp-content\/uploads\/2025\/07\/FB_IMG_1752696584519.jpg","contentUrl":"https:\/\/www.latribunedufaso.net\/wp-content\/uploads\/2025\/07\/FB_IMG_1752696584519.jpg","width":1280,"height":960,"caption":"Dans le cadre de la poursuite de la r\u00e9pression des pratiques sp\u00e9culatives sur les prix des motocyclettes, la BMCRF a fait une sortie terrain, 16 juillet 2025"},{"@type":"BreadcrumbList","@id":"https:\/\/www.latribunedufaso.net\/?p=21967#breadcrumb","itemListElement":[{"@type":"ListItem","position":1,"name":"Accueil","item":"https:\/\/www.latribunedufaso.net\/"},{"@type":"ListItem","position":2,"name":"Lutte contre les d\u00e9rives tarifaires des motos : Plusieurs irr\u00e9gularit\u00e9s constat\u00e9es sur le march\u00e9\u00a0"}]},{"@type":"WebSite","@id":"https:\/\/www.latribunedufaso.net\/#website","url":"https:\/\/www.latribunedufaso.net\/","name":"La Tribune du Faso","description":"L&#039;information du monde rural en un clic","publisher":{"@id":"https:\/\/www.latribunedufaso.net\/#organization"},"potentialAction":[{"@type":"SearchAction","target":{"@type":"EntryPoint","urlTemplate":"https:\/\/www.latribunedufaso.net\/?s={search_term_string}"},"query-input":{"@type":"PropertyValueSpecification","valueRequired":true,"valueName":"search_term_string"}}],"inLanguage":"fr-FR"},{"@type":"Organization","@id":"https:\/\/www.latribunedufaso.net\/#organization","name":"La Tribune du Faso","url":"https:\/\/www.latribunedufaso.net\/","logo":{"@type":"ImageObject","inLanguage":"fr-FR","@id":"https:\/\/www.latribunedufaso.net\/#\/schema\/logo\/image\/","url":"https:\/\/www.latribunedufaso.net\/wp-content\/uploads\/2020\/08\/Logo-Tribune-du-Faso-final-scaled.jpg","contentUrl":"https:\/\/www.latribunedufaso.net\/wp-content\/uploads\/2020\/08\/Logo-Tribune-du-Faso-final-scaled.jpg","width":2560,"height":1856,"caption":"La Tribune du Faso"},"image":{"@id":"https:\/\/www.latribunedufaso.net\/#\/schema\/logo\/image\/"},"sameAs":["https:\/\/www.facebook.com\/LatribuneduFaso\/"]},{"@type":"Person","@id":"https:\/\/www.latribunedufaso.net\/#\/schema\/person\/e54e64c5778a7e72cf80a318b7a622b0","name":"Issouf Tapsoba","image":{"@type":"ImageObject","inLanguage":"fr-FR","@id":"https:\/\/secure.gravatar.com\/avatar\/5e6c05150ce3230247d167f5b94d678eb05936197436d69b7921e3a95c9107ac?s=96&d=mm&r=g","url":"https:\/\/secure.gravatar.com\/avatar\/5e6c05150ce3230247d167f5b94d678eb05936197436d69b7921e3a95c9107ac?s=96&d=mm&r=g","contentUrl":"https:\/\/secure.gravatar.com\/avatar\/5e6c05150ce3230247d167f5b94d678eb05936197436d69b7921e3a95c9107ac?s=96&d=mm&r=g","caption":"Issouf Tapsoba"},"url":"https:\/\/www.latribunedufaso.net\/?author=5"}]}},"_links":{"self":[{"href":"https:\/\/www.latribunedufaso.net\/index.php?rest_route=\/wp\/v2\/posts\/21967","targetHints":{"allow":["GET"]}}],"collection":[{"href":"https:\/\/www.latribunedufaso.net\/index.php?rest_route=\/wp\/v2\/posts"}],"about":[{"href":"https:\/\/www.latribunedufaso.net\/index.php?rest_route=\/wp\/v2\/types\/post"}],"author":[{"embeddable":true,"href":"https:\/\/www.latribunedufaso.net\/index.php?rest_route=\/wp\/v2\/users\/5"}],"replies":[{"embeddable":true,"href":"https:\/\/www.latribunedufaso.net\/index.php?rest_route=%2Fwp%2Fv2%2Fcomments&post=21967"}],"version-history":[{"count":5,"href":"https:\/\/www.latribunedufaso.net\/index.php?rest_route=\/wp\/v2\/posts\/21967\/revisions"}],"predecessor-version":[{"id":21976,"href":"https:\/\/www.latribunedufaso.net\/index.php?rest_route=\/wp\/v2\/posts\/21967\/revisions\/21976"}],"wp:featuredmedia":[{"embeddable":true,"href":"https:\/\/www.latribunedufaso.net\/index.php?rest_route=\/wp\/v2\/media\/21969"}],"wp:attachment":[{"href":"https:\/\/www.latribunedufaso.net\/index.php?rest_route=%2Fwp%2Fv2%2Fmedia&parent=21967"}],"wp:term":[{"taxonomy":"category","embeddable":true,"href":"https:\/\/www.latribunedufaso.net\/index.php?rest_route=%2Fwp%2Fv2%2Fcategories&post=21967"},{"taxonomy":"post_tag","embeddable":true,"href":"https:\/\/www.latribunedufaso.net\/index.php?rest_route=%2Fwp%2Fv2%2Ftags&post=21967"}],"curies":[{"name":"wp","href":"https:\/\/api.w.org\/{rel}","templated":true}]}}