{"id":21961,"date":"2025-07-16T19:30:48","date_gmt":"2025-07-16T19:30:48","guid":{"rendered":"https:\/\/www.latribunedufaso.net\/?p=21961"},"modified":"2025-07-23T13:27:12","modified_gmt":"2025-07-23T13:27:12","slug":"burkina-le-conseil-des-ministres-adopte-un-projet-de-loi-pour-la-dissolution-de-la-ceni","status":"publish","type":"post","link":"https:\/\/www.latribunedufaso.net\/?p=21961","title":{"rendered":"Burkina : Le Conseil des ministres adopte un projet de loi pour la dissolution de la CENI"},"content":{"rendered":"<p><strong>Le Pr\u00e9sident du Faso, Chef de l\u2019\u00c9tat, le Capitaine Ibrahim Traor\u00e9, a pr\u00e9sid\u00e9 le 16 juillet 2025 \u00e0 Ouagadougou, l\u2019hebdomadaire Conseil des ministres. L\u2019ex\u00e9cutif a examin\u00e9 et adopt\u00e9 plusieurs dossiers inscrits \u00e0 son ordre du jour et pris d\u2019importantes d\u00e9cisions pour la bonne marche de la Nation, selon le Porte-parole du Gouvernement, Gilbert Ou\u00e9draogo.<\/strong><!--more--><\/p>\n<p>Au titre du minist\u00e8re de l\u2019Administration territoriale et de la Mobilit\u00e9, le Conseil a adopt\u00e9 un projet de loi portant dissolution de la Commission \u00e9lectorale nationale ind\u00e9pendante (CENI). Selon le Ministre d\u2019\u00c9tat Emile Zerbo, c\u2019est dans le cadre de la refondation de l\u2019\u00c9tat et dans la dynamique des r\u00e9formes institutionnelles engag\u00e9es dans le but de rationaliser les charges de fonctionnement de l\u2019\u00c9tat, qu\u2019une r\u00e9flexion a abouti \u00e0 l\u2019\u00e9laboration de ce projet de loi dont la transmission \u00e0 l\u2019Assembl\u00e9e l\u00e9gislative de transition a \u00e9t\u00e9 autoris\u00e9e ce jour.\u00a0<\/p>\n<figure id=\"attachment_21963\" aria-describedby=\"caption-attachment-21963\" style=\"width: 982px\" class=\"wp-caption aligncenter\"><a href=\"https:\/\/www.latribunedufaso.net\/wp-content\/uploads\/2025\/07\/IMG-20250716-WA0061.jpg\"><img loading=\"lazy\" decoding=\"async\" class=\"size-full wp-image-21963\" src=\"https:\/\/www.latribunedufaso.net\/wp-content\/uploads\/2025\/07\/IMG-20250716-WA0061.jpg\" alt=\"Point de presse du conseil des ministres du 16 juillet 2025\" width=\"982\" height=\"1280\" srcset=\"https:\/\/www.latribunedufaso.net\/wp-content\/uploads\/2025\/07\/IMG-20250716-WA0061.jpg 982w, https:\/\/www.latribunedufaso.net\/wp-content\/uploads\/2025\/07\/IMG-20250716-WA0061-230x300.jpg 230w, https:\/\/www.latribunedufaso.net\/wp-content\/uploads\/2025\/07\/IMG-20250716-WA0061-786x1024.jpg 786w, https:\/\/www.latribunedufaso.net\/wp-content\/uploads\/2025\/07\/IMG-20250716-WA0061-768x1001.jpg 768w\" sizes=\"auto, (max-width: 982px) 100vw, 982px\" \/><\/a><figcaption id=\"caption-attachment-21963\" class=\"wp-caption-text\">Le ministre d&rsquo;Etat, ministre de l\u2019Administration territoriale et de la Mobilit\u00e9, \u00c9mile Zerbo &#8211; Ph. DR<\/figcaption><\/figure>\n<p><em><strong>\u00ab Subventionn\u00e9e \u00e0 pr\u00e8s d\u2019un demi-milliard FCFA chaque ann\u00e9e, l\u2019existence de cette structure aujourd\u2019hui s\u2019av\u00e8re en incoh\u00e9rence totale avec les dispositions de la Charte de la transition en plus d\u2019\u00eatre budg\u00e9tivore \u00bb,<\/strong> <\/em>pr\u00e9cise le ministre d\u2019\u00c9tat. Il explique \u00e9galement que <em><strong>\u00ab le pr\u00e9sent projet de loi consacre la d\u00e9volution des attributions \u00e9lectorales au minist\u00e8re de l\u2019Administration territoriale comme c\u2019\u00e9tait le cas auparavant \u00bb.\u00a0<\/strong><\/em><\/p>\n<p>Pour le compte du minist\u00e8re de l\u2019Enseignement sup\u00e9rieur, de la Recherche et de l\u2019Innovation, le Conseil a adopt\u00e9 dix d\u00e9crets portant approbation des statuts de dix Institutions d\u2019Enseignement sup\u00e9rieur et de Recherche (IESR). Pour le Pr Adjima Thiombiano, la relecture de ces statuts s\u2019imposait \u00e0 la suite de la 25e session annuelle de l\u2019Assembl\u00e9e g\u00e9n\u00e9rale des \u00c9tablissements publics de l\u2019\u00c9tat (AG\/EPE) qui recommandait une relecture des textes organisationnels, notamment la prise en compte des Bureaux Comptables Mati\u00e8res Principaux (BCMP).\u00a0<\/p>\n<figure id=\"attachment_21962\" aria-describedby=\"caption-attachment-21962\" style=\"width: 998px\" class=\"wp-caption aligncenter\"><a href=\"https:\/\/www.latribunedufaso.net\/wp-content\/uploads\/2025\/07\/IMG-20250716-WA0062.jpg\"><img loading=\"lazy\" decoding=\"async\" class=\"size-full wp-image-21962\" src=\"https:\/\/www.latribunedufaso.net\/wp-content\/uploads\/2025\/07\/IMG-20250716-WA0062.jpg\" alt=\"Point de presse du conseil des ministres du 16 juillet 2025\" width=\"998\" height=\"1280\" srcset=\"https:\/\/www.latribunedufaso.net\/wp-content\/uploads\/2025\/07\/IMG-20250716-WA0062.jpg 998w, https:\/\/www.latribunedufaso.net\/wp-content\/uploads\/2025\/07\/IMG-20250716-WA0062-234x300.jpg 234w, https:\/\/www.latribunedufaso.net\/wp-content\/uploads\/2025\/07\/IMG-20250716-WA0062-798x1024.jpg 798w, https:\/\/www.latribunedufaso.net\/wp-content\/uploads\/2025\/07\/IMG-20250716-WA0062-768x985.jpg 768w\" sizes=\"auto, (max-width: 998px) 100vw, 998px\" \/><\/a><figcaption id=\"caption-attachment-21962\" class=\"wp-caption-text\">Le ministre en charge de l&rsquo;Enseignement sup\u00e9rieur, Adjima Thiombiano &#8211; Ph. DR<\/figcaption><\/figure>\n<p>A l\u2019issue d\u2019une \u00e9tude diagnostique men\u00e9e au sein des IESR, il ressort des disparit\u00e9s entre les statuts et une difficile atteinte des objectifs d\u2019insertion professionnelle des dipl\u00f4m\u00e9s. Et le Ministre Thiombiano explique qu\u2019en plus de cela, il se pose aussi la question de prise en charge efficace de la professionnalisation et de l\u2019entrepreneuriat au sein des offres de formation.\u00a0<\/p>\n<blockquote>\n<p>Lire aussi &gt;&gt; <a href=\"https:\/\/www.latribunedufaso.net\/?p=21564\">Universit\u00e9 Joseph Ki-Zerbo : La biblioth\u00e8que centrale enti\u00e8rement r\u00e9nov\u00e9e et accessible \u00e0 tous<\/a><\/p>\n<\/blockquote>\n<p>En termes d\u2019innovations, le ministre cite entre autres, la cr\u00e9ation d\u2019un BCPM au sein de chaque IESR, la fixation du nombre des administrateurs du Conseil d\u2019administration \u00e0 quinze pour toutes les IESR, la prise en compte de la professionnalisation dans les programmes int\u00e9gr\u00e9s de formation, l\u2019institution d\u2019une propri\u00e9t\u00e9 exclusive des r\u00e9sultats de recherche au niveau des diff\u00e9rents IESR.<\/p>\n<p><strong>Latribunedufaso.net<\/strong><\/p>\n<p><strong>Source : Direction de la Communication de la Pr\u00e9sidence du Faso<\/strong><\/p>\n<p><iframe loading=\"lazy\" width=\"560\" height=\"315\" src=\"https:\/\/www.youtube.com\/embed\/XXh9_l4BIyE?si=vdlX0m-2QQsWvvlU\" title=\"YouTube video player\" frameborder=\"0\" allow=\"accelerometer; autoplay; clipboard-write; encrypted-media; gyroscope; picture-in-picture; web-share\" referrerpolicy=\"strict-origin-when-cross-origin\" allowfullscreen><\/iframe><\/p>\n","protected":false},"excerpt":{"rendered":"<p>Le Pr\u00e9sident du Faso, Chef de l\u2019\u00c9tat, le Capitaine Ibrahim Traor\u00e9, a pr\u00e9sid\u00e9 le 16 juillet 2025 \u00e0 Ouagadougou, l\u2019hebdomadaire Conseil des ministres. L\u2019ex\u00e9cutif a examin\u00e9 et adopt\u00e9 plusieurs dossiers inscrits \u00e0 son ordre du jour et pris d\u2019importantes d\u00e9cisions pour la bonne marche de la Nation, selon le Porte-parole du Gouvernement, Gilbert Ou\u00e9draogo.<\/p>\n","protected":false},"author":5,"featured_media":21964,"comment_status":"open","ping_status":"open","sticky":false,"template":"","format":"standard","meta":{"footnotes":""},"categories":[13,1,21,31,8],"tags":[79,1335,39],"class_list":["post-21961","post","type-post","status-publish","format-standard","has-post-thumbnail","hentry","category-une","category-actu","category-conseil-des-ministres","category-education","category-societe","tag-conseil-des-ministres","tag-dissolution-de-la-ceni-burkina","tag-latribunedufaso-net"],"yoast_head":"<!-- This site is optimized with the Yoast SEO plugin v27.4 - https:\/\/yoast.com\/product\/yoast-seo-wordpress\/ -->\n<title>Burkina : Le Conseil des ministres adopte un projet de loi pour la dissolution de la CENI - La Tribune du Faso<\/title>\n<meta name=\"robots\" content=\"index, follow, max-snippet:-1, max-image-preview:large, max-video-preview:-1\" \/>\n<link rel=\"canonical\" href=\"https:\/\/www.latribunedufaso.net\/?p=21961\" \/>\n<meta property=\"og:locale\" content=\"fr_FR\" \/>\n<meta property=\"og:type\" content=\"article\" \/>\n<meta property=\"og:title\" content=\"Burkina : Le Conseil des ministres adopte un projet de loi pour la dissolution de la CENI - La Tribune du Faso\" \/>\n<meta property=\"og:description\" content=\"Le Pr\u00e9sident du Faso, Chef de l\u2019\u00c9tat, le Capitaine Ibrahim Traor\u00e9, a pr\u00e9sid\u00e9 le 16 juillet 2025 \u00e0 Ouagadougou, l\u2019hebdomadaire Conseil des ministres. L\u2019ex\u00e9cutif a examin\u00e9 et adopt\u00e9 plusieurs dossiers inscrits \u00e0 son ordre du jour et pris d\u2019importantes d\u00e9cisions pour la bonne marche de la Nation, selon le Porte-parole du Gouvernement, Gilbert Ou\u00e9draogo.\" \/>\n<meta property=\"og:url\" content=\"https:\/\/www.latribunedufaso.net\/?p=21961\" \/>\n<meta property=\"og:site_name\" content=\"La Tribune du Faso\" \/>\n<meta property=\"article:publisher\" content=\"https:\/\/www.facebook.com\/LatribuneduFaso\/\" \/>\n<meta property=\"article:published_time\" content=\"2025-07-16T19:30:48+00:00\" \/>\n<meta property=\"article:modified_time\" content=\"2025-07-23T13:27:12+00:00\" \/>\n<meta property=\"og:image\" content=\"https:\/\/www.latribunedufaso.net\/wp-content\/uploads\/2025\/07\/IMG-20250716-WA0060.jpg\" \/>\n\t<meta property=\"og:image:width\" content=\"1600\" \/>\n\t<meta property=\"og:image:height\" content=\"1066\" \/>\n\t<meta property=\"og:image:type\" content=\"image\/jpeg\" \/>\n<meta name=\"author\" content=\"Issouf Tapsoba\" \/>\n<meta name=\"twitter:label1\" content=\"\u00c9crit par\" \/>\n\t<meta name=\"twitter:data1\" content=\"Issouf Tapsoba\" \/>\n\t<meta name=\"twitter:label2\" content=\"Dur\u00e9e de lecture estim\u00e9e\" \/>\n\t<meta name=\"twitter:data2\" content=\"3 minutes\" \/>\n<script type=\"application\/ld+json\" class=\"yoast-schema-graph\">{\"@context\":\"https:\\\/\\\/schema.org\",\"@graph\":[{\"@type\":\"Article\",\"@id\":\"https:\\\/\\\/www.latribunedufaso.net\\\/?p=21961#article\",\"isPartOf\":{\"@id\":\"https:\\\/\\\/www.latribunedufaso.net\\\/?p=21961\"},\"author\":{\"name\":\"Issouf Tapsoba\",\"@id\":\"https:\\\/\\\/www.latribunedufaso.net\\\/#\\\/schema\\\/person\\\/e54e64c5778a7e72cf80a318b7a622b0\"},\"headline\":\"Burkina : Le Conseil des ministres adopte un projet de loi pour la dissolution de la CENI\",\"datePublished\":\"2025-07-16T19:30:48+00:00\",\"dateModified\":\"2025-07-23T13:27:12+00:00\",\"mainEntityOfPage\":{\"@id\":\"https:\\\/\\\/www.latribunedufaso.net\\\/?p=21961\"},\"wordCount\":558,\"commentCount\":0,\"publisher\":{\"@id\":\"https:\\\/\\\/www.latribunedufaso.net\\\/#organization\"},\"image\":{\"@id\":\"https:\\\/\\\/www.latribunedufaso.net\\\/?p=21961#primaryimage\"},\"thumbnailUrl\":\"https:\\\/\\\/www.latribunedufaso.net\\\/wp-content\\\/uploads\\\/2025\\\/07\\\/IMG-20250716-WA0060.jpg\",\"keywords\":[\"conseil des ministres\",\"Dissolution de la CENI Burkina\",\"latribunedufaso.net\"],\"articleSection\":[\"A la une\",\"Actualit\u00e9\",\"Conseil des ministres\",\"\u00c9ducation\",\"Soci\u00e9t\u00e9\"],\"inLanguage\":\"fr-FR\",\"potentialAction\":[{\"@type\":\"CommentAction\",\"name\":\"Comment\",\"target\":[\"https:\\\/\\\/www.latribunedufaso.net\\\/?p=21961#respond\"]}]},{\"@type\":\"WebPage\",\"@id\":\"https:\\\/\\\/www.latribunedufaso.net\\\/?p=21961\",\"url\":\"https:\\\/\\\/www.latribunedufaso.net\\\/?p=21961\",\"name\":\"Burkina : Le Conseil des ministres adopte un projet de loi pour la dissolution de la CENI - La Tribune du Faso\",\"isPartOf\":{\"@id\":\"https:\\\/\\\/www.latribunedufaso.net\\\/#website\"},\"primaryImageOfPage\":{\"@id\":\"https:\\\/\\\/www.latribunedufaso.net\\\/?p=21961#primaryimage\"},\"image\":{\"@id\":\"https:\\\/\\\/www.latribunedufaso.net\\\/?p=21961#primaryimage\"},\"thumbnailUrl\":\"https:\\\/\\\/www.latribunedufaso.net\\\/wp-content\\\/uploads\\\/2025\\\/07\\\/IMG-20250716-WA0060.jpg\",\"datePublished\":\"2025-07-16T19:30:48+00:00\",\"dateModified\":\"2025-07-23T13:27:12+00:00\",\"breadcrumb\":{\"@id\":\"https:\\\/\\\/www.latribunedufaso.net\\\/?p=21961#breadcrumb\"},\"inLanguage\":\"fr-FR\",\"potentialAction\":[{\"@type\":\"ReadAction\",\"target\":[\"https:\\\/\\\/www.latribunedufaso.net\\\/?p=21961\"]}]},{\"@type\":\"ImageObject\",\"inLanguage\":\"fr-FR\",\"@id\":\"https:\\\/\\\/www.latribunedufaso.net\\\/?p=21961#primaryimage\",\"url\":\"https:\\\/\\\/www.latribunedufaso.net\\\/wp-content\\\/uploads\\\/2025\\\/07\\\/IMG-20250716-WA0060.jpg\",\"contentUrl\":\"https:\\\/\\\/www.latribunedufaso.net\\\/wp-content\\\/uploads\\\/2025\\\/07\\\/IMG-20250716-WA0060.jpg\",\"width\":1600,\"height\":1066,\"caption\":\"Point de presse du conseil des ministres du 16 juillet 2025\"},{\"@type\":\"BreadcrumbList\",\"@id\":\"https:\\\/\\\/www.latribunedufaso.net\\\/?p=21961#breadcrumb\",\"itemListElement\":[{\"@type\":\"ListItem\",\"position\":1,\"name\":\"Accueil\",\"item\":\"https:\\\/\\\/www.latribunedufaso.net\\\/\"},{\"@type\":\"ListItem\",\"position\":2,\"name\":\"Burkina : Le Conseil des ministres adopte un projet de loi pour la dissolution de la CENI\"}]},{\"@type\":\"WebSite\",\"@id\":\"https:\\\/\\\/www.latribunedufaso.net\\\/#website\",\"url\":\"https:\\\/\\\/www.latribunedufaso.net\\\/\",\"name\":\"La Tribune du Faso\",\"description\":\"L&#039;information du monde rural en un clic\",\"publisher\":{\"@id\":\"https:\\\/\\\/www.latribunedufaso.net\\\/#organization\"},\"potentialAction\":[{\"@type\":\"SearchAction\",\"target\":{\"@type\":\"EntryPoint\",\"urlTemplate\":\"https:\\\/\\\/www.latribunedufaso.net\\\/?s={search_term_string}\"},\"query-input\":{\"@type\":\"PropertyValueSpecification\",\"valueRequired\":true,\"valueName\":\"search_term_string\"}}],\"inLanguage\":\"fr-FR\"},{\"@type\":\"Organization\",\"@id\":\"https:\\\/\\\/www.latribunedufaso.net\\\/#organization\",\"name\":\"La Tribune du Faso\",\"url\":\"https:\\\/\\\/www.latribunedufaso.net\\\/\",\"logo\":{\"@type\":\"ImageObject\",\"inLanguage\":\"fr-FR\",\"@id\":\"https:\\\/\\\/www.latribunedufaso.net\\\/#\\\/schema\\\/logo\\\/image\\\/\",\"url\":\"https:\\\/\\\/www.latribunedufaso.net\\\/wp-content\\\/uploads\\\/2020\\\/08\\\/Logo-Tribune-du-Faso-final-scaled.jpg\",\"contentUrl\":\"https:\\\/\\\/www.latribunedufaso.net\\\/wp-content\\\/uploads\\\/2020\\\/08\\\/Logo-Tribune-du-Faso-final-scaled.jpg\",\"width\":2560,\"height\":1856,\"caption\":\"La Tribune du Faso\"},\"image\":{\"@id\":\"https:\\\/\\\/www.latribunedufaso.net\\\/#\\\/schema\\\/logo\\\/image\\\/\"},\"sameAs\":[\"https:\\\/\\\/www.facebook.com\\\/LatribuneduFaso\\\/\"]},{\"@type\":\"Person\",\"@id\":\"https:\\\/\\\/www.latribunedufaso.net\\\/#\\\/schema\\\/person\\\/e54e64c5778a7e72cf80a318b7a622b0\",\"name\":\"Issouf Tapsoba\",\"image\":{\"@type\":\"ImageObject\",\"inLanguage\":\"fr-FR\",\"@id\":\"https:\\\/\\\/secure.gravatar.com\\\/avatar\\\/5e6c05150ce3230247d167f5b94d678eb05936197436d69b7921e3a95c9107ac?s=96&d=mm&r=g\",\"url\":\"https:\\\/\\\/secure.gravatar.com\\\/avatar\\\/5e6c05150ce3230247d167f5b94d678eb05936197436d69b7921e3a95c9107ac?s=96&d=mm&r=g\",\"contentUrl\":\"https:\\\/\\\/secure.gravatar.com\\\/avatar\\\/5e6c05150ce3230247d167f5b94d678eb05936197436d69b7921e3a95c9107ac?s=96&d=mm&r=g\",\"caption\":\"Issouf Tapsoba\"},\"url\":\"https:\\\/\\\/www.latribunedufaso.net\\\/?author=5\"}]}<\/script>\n<!-- \/ Yoast SEO plugin. -->","yoast_head_json":{"title":"Burkina : Le Conseil des ministres adopte un projet de loi pour la dissolution de la CENI - La Tribune du Faso","robots":{"index":"index","follow":"follow","max-snippet":"max-snippet:-1","max-image-preview":"max-image-preview:large","max-video-preview":"max-video-preview:-1"},"canonical":"https:\/\/www.latribunedufaso.net\/?p=21961","og_locale":"fr_FR","og_type":"article","og_title":"Burkina : Le Conseil des ministres adopte un projet de loi pour la dissolution de la CENI - La Tribune du Faso","og_description":"Le Pr\u00e9sident du Faso, Chef de l\u2019\u00c9tat, le Capitaine Ibrahim Traor\u00e9, a pr\u00e9sid\u00e9 le 16 juillet 2025 \u00e0 Ouagadougou, l\u2019hebdomadaire Conseil des ministres. L\u2019ex\u00e9cutif a examin\u00e9 et adopt\u00e9 plusieurs dossiers inscrits \u00e0 son ordre du jour et pris d\u2019importantes d\u00e9cisions pour la bonne marche de la Nation, selon le Porte-parole du Gouvernement, Gilbert Ou\u00e9draogo.","og_url":"https:\/\/www.latribunedufaso.net\/?p=21961","og_site_name":"La Tribune du Faso","article_publisher":"https:\/\/www.facebook.com\/LatribuneduFaso\/","article_published_time":"2025-07-16T19:30:48+00:00","article_modified_time":"2025-07-23T13:27:12+00:00","og_image":[{"width":1600,"height":1066,"url":"https:\/\/www.latribunedufaso.net\/wp-content\/uploads\/2025\/07\/IMG-20250716-WA0060.jpg","type":"image\/jpeg"}],"author":"Issouf Tapsoba","twitter_misc":{"\u00c9crit par":"Issouf Tapsoba","Dur\u00e9e de lecture estim\u00e9e":"3 minutes"},"schema":{"@context":"https:\/\/schema.org","@graph":[{"@type":"Article","@id":"https:\/\/www.latribunedufaso.net\/?p=21961#article","isPartOf":{"@id":"https:\/\/www.latribunedufaso.net\/?p=21961"},"author":{"name":"Issouf Tapsoba","@id":"https:\/\/www.latribunedufaso.net\/#\/schema\/person\/e54e64c5778a7e72cf80a318b7a622b0"},"headline":"Burkina : Le Conseil des ministres adopte un projet de loi pour la dissolution de la CENI","datePublished":"2025-07-16T19:30:48+00:00","dateModified":"2025-07-23T13:27:12+00:00","mainEntityOfPage":{"@id":"https:\/\/www.latribunedufaso.net\/?p=21961"},"wordCount":558,"commentCount":0,"publisher":{"@id":"https:\/\/www.latribunedufaso.net\/#organization"},"image":{"@id":"https:\/\/www.latribunedufaso.net\/?p=21961#primaryimage"},"thumbnailUrl":"https:\/\/www.latribunedufaso.net\/wp-content\/uploads\/2025\/07\/IMG-20250716-WA0060.jpg","keywords":["conseil des ministres","Dissolution de la CENI Burkina","latribunedufaso.net"],"articleSection":["A la une","Actualit\u00e9","Conseil des ministres","\u00c9ducation","Soci\u00e9t\u00e9"],"inLanguage":"fr-FR","potentialAction":[{"@type":"CommentAction","name":"Comment","target":["https:\/\/www.latribunedufaso.net\/?p=21961#respond"]}]},{"@type":"WebPage","@id":"https:\/\/www.latribunedufaso.net\/?p=21961","url":"https:\/\/www.latribunedufaso.net\/?p=21961","name":"Burkina : Le Conseil des ministres adopte un projet de loi pour la dissolution de la CENI - La Tribune du Faso","isPartOf":{"@id":"https:\/\/www.latribunedufaso.net\/#website"},"primaryImageOfPage":{"@id":"https:\/\/www.latribunedufaso.net\/?p=21961#primaryimage"},"image":{"@id":"https:\/\/www.latribunedufaso.net\/?p=21961#primaryimage"},"thumbnailUrl":"https:\/\/www.latribunedufaso.net\/wp-content\/uploads\/2025\/07\/IMG-20250716-WA0060.jpg","datePublished":"2025-07-16T19:30:48+00:00","dateModified":"2025-07-23T13:27:12+00:00","breadcrumb":{"@id":"https:\/\/www.latribunedufaso.net\/?p=21961#breadcrumb"},"inLanguage":"fr-FR","potentialAction":[{"@type":"ReadAction","target":["https:\/\/www.latribunedufaso.net\/?p=21961"]}]},{"@type":"ImageObject","inLanguage":"fr-FR","@id":"https:\/\/www.latribunedufaso.net\/?p=21961#primaryimage","url":"https:\/\/www.latribunedufaso.net\/wp-content\/uploads\/2025\/07\/IMG-20250716-WA0060.jpg","contentUrl":"https:\/\/www.latribunedufaso.net\/wp-content\/uploads\/2025\/07\/IMG-20250716-WA0060.jpg","width":1600,"height":1066,"caption":"Point de presse du conseil des ministres du 16 juillet 2025"},{"@type":"BreadcrumbList","@id":"https:\/\/www.latribunedufaso.net\/?p=21961#breadcrumb","itemListElement":[{"@type":"ListItem","position":1,"name":"Accueil","item":"https:\/\/www.latribunedufaso.net\/"},{"@type":"ListItem","position":2,"name":"Burkina : Le Conseil des ministres adopte un projet de loi pour la dissolution de la CENI"}]},{"@type":"WebSite","@id":"https:\/\/www.latribunedufaso.net\/#website","url":"https:\/\/www.latribunedufaso.net\/","name":"La Tribune du Faso","description":"L&#039;information du monde rural en un clic","publisher":{"@id":"https:\/\/www.latribunedufaso.net\/#organization"},"potentialAction":[{"@type":"SearchAction","target":{"@type":"EntryPoint","urlTemplate":"https:\/\/www.latribunedufaso.net\/?s={search_term_string}"},"query-input":{"@type":"PropertyValueSpecification","valueRequired":true,"valueName":"search_term_string"}}],"inLanguage":"fr-FR"},{"@type":"Organization","@id":"https:\/\/www.latribunedufaso.net\/#organization","name":"La Tribune du Faso","url":"https:\/\/www.latribunedufaso.net\/","logo":{"@type":"ImageObject","inLanguage":"fr-FR","@id":"https:\/\/www.latribunedufaso.net\/#\/schema\/logo\/image\/","url":"https:\/\/www.latribunedufaso.net\/wp-content\/uploads\/2020\/08\/Logo-Tribune-du-Faso-final-scaled.jpg","contentUrl":"https:\/\/www.latribunedufaso.net\/wp-content\/uploads\/2020\/08\/Logo-Tribune-du-Faso-final-scaled.jpg","width":2560,"height":1856,"caption":"La Tribune du Faso"},"image":{"@id":"https:\/\/www.latribunedufaso.net\/#\/schema\/logo\/image\/"},"sameAs":["https:\/\/www.facebook.com\/LatribuneduFaso\/"]},{"@type":"Person","@id":"https:\/\/www.latribunedufaso.net\/#\/schema\/person\/e54e64c5778a7e72cf80a318b7a622b0","name":"Issouf Tapsoba","image":{"@type":"ImageObject","inLanguage":"fr-FR","@id":"https:\/\/secure.gravatar.com\/avatar\/5e6c05150ce3230247d167f5b94d678eb05936197436d69b7921e3a95c9107ac?s=96&d=mm&r=g","url":"https:\/\/secure.gravatar.com\/avatar\/5e6c05150ce3230247d167f5b94d678eb05936197436d69b7921e3a95c9107ac?s=96&d=mm&r=g","contentUrl":"https:\/\/secure.gravatar.com\/avatar\/5e6c05150ce3230247d167f5b94d678eb05936197436d69b7921e3a95c9107ac?s=96&d=mm&r=g","caption":"Issouf Tapsoba"},"url":"https:\/\/www.latribunedufaso.net\/?author=5"}]}},"_links":{"self":[{"href":"https:\/\/www.latribunedufaso.net\/index.php?rest_route=\/wp\/v2\/posts\/21961","targetHints":{"allow":["GET"]}}],"collection":[{"href":"https:\/\/www.latribunedufaso.net\/index.php?rest_route=\/wp\/v2\/posts"}],"about":[{"href":"https:\/\/www.latribunedufaso.net\/index.php?rest_route=\/wp\/v2\/types\/post"}],"author":[{"embeddable":true,"href":"https:\/\/www.latribunedufaso.net\/index.php?rest_route=\/wp\/v2\/users\/5"}],"replies":[{"embeddable":true,"href":"https:\/\/www.latribunedufaso.net\/index.php?rest_route=%2Fwp%2Fv2%2Fcomments&post=21961"}],"version-history":[{"count":3,"href":"https:\/\/www.latribunedufaso.net\/index.php?rest_route=\/wp\/v2\/posts\/21961\/revisions"}],"predecessor-version":[{"id":22126,"href":"https:\/\/www.latribunedufaso.net\/index.php?rest_route=\/wp\/v2\/posts\/21961\/revisions\/22126"}],"wp:featuredmedia":[{"embeddable":true,"href":"https:\/\/www.latribunedufaso.net\/index.php?rest_route=\/wp\/v2\/media\/21964"}],"wp:attachment":[{"href":"https:\/\/www.latribunedufaso.net\/index.php?rest_route=%2Fwp%2Fv2%2Fmedia&parent=21961"}],"wp:term":[{"taxonomy":"category","embeddable":true,"href":"https:\/\/www.latribunedufaso.net\/index.php?rest_route=%2Fwp%2Fv2%2Fcategories&post=21961"},{"taxonomy":"post_tag","embeddable":true,"href":"https:\/\/www.latribunedufaso.net\/index.php?rest_route=%2Fwp%2Fv2%2Ftags&post=21961"}],"curies":[{"name":"wp","href":"https:\/\/api.w.org\/{rel}","templated":true}]}}