{"id":21913,"date":"2025-07-14T15:41:45","date_gmt":"2025-07-14T15:41:45","guid":{"rendered":"https:\/\/www.latribunedufaso.net\/?p=21913"},"modified":"2025-07-15T11:00:12","modified_gmt":"2025-07-15T11:00:12","slug":"strategie-nationale-de-la-protection-sociale-les-gouverneurs-outilles-pour-une-mise-en-oeuvre-efficace","status":"publish","type":"post","link":"https:\/\/www.latribunedufaso.net\/?p=21913","title":{"rendered":"Strat\u00e9gie nationale de la protection sociale : Les gouverneurs outill\u00e9s pour une mise en \u0153uvre efficace"},"content":{"rendered":"<p><strong>Le Secr\u00e9tariat permanent du Conseil national pour la protection tient un atelier d\u2019appropriation de la strat\u00e9gie nationale de protection sociale au profit des gouverneurs (Association des R\u00e9gions du Burkina) du 14 au 15 juillet 2025. La c\u00e9r\u00e9monie d\u2019ouverture a eu lieu ce lundi 14 juillet 2025 sous la pr\u00e9sidence du Secr\u00e9taire g\u00e9n\u00e9ral de la Primature, Abdou-Salam Gamp\u00e9n\u00e9.<\/strong><!--more--><\/p>\n<p>L\u2019objectif g\u00e9n\u00e9ral de cet atelier est l\u2019appropriation de la Strat\u00e9gie nationale de protection sociale (SPNS) et de son Plan d\u2019action op\u00e9rationnel (PAO) par l\u2019Association des r\u00e9gions du Burkina Faso (ARBF) pour sa mise \u0153uvre r\u00e9ussie.<\/p>\n<figure id=\"attachment_21915\" aria-describedby=\"caption-attachment-21915\" style=\"width: 1080px\" class=\"wp-caption aligncenter\"><a href=\"https:\/\/www.latribunedufaso.net\/wp-content\/uploads\/2025\/07\/FB_IMG_1752576549601.jpg\"><img loading=\"lazy\" decoding=\"async\" class=\"size-full wp-image-21915\" src=\"https:\/\/www.latribunedufaso.net\/wp-content\/uploads\/2025\/07\/FB_IMG_1752576549601.jpg\" alt=\"Le Secr\u00e9tariat permanent du Conseil national pour la protection tient un atelier d\u2019appropriation de la strat\u00e9gie nationale de protection sociale au profit des gouverneurs, 14 au 15 juillet 2025\" width=\"1080\" height=\"720\" srcset=\"https:\/\/www.latribunedufaso.net\/wp-content\/uploads\/2025\/07\/FB_IMG_1752576549601.jpg 1080w, https:\/\/www.latribunedufaso.net\/wp-content\/uploads\/2025\/07\/FB_IMG_1752576549601-300x200.jpg 300w, https:\/\/www.latribunedufaso.net\/wp-content\/uploads\/2025\/07\/FB_IMG_1752576549601-1024x683.jpg 1024w, https:\/\/www.latribunedufaso.net\/wp-content\/uploads\/2025\/07\/FB_IMG_1752576549601-768x512.jpg 768w, https:\/\/www.latribunedufaso.net\/wp-content\/uploads\/2025\/07\/FB_IMG_1752576549601-840x560.jpg 840w, https:\/\/www.latribunedufaso.net\/wp-content\/uploads\/2025\/07\/FB_IMG_1752576549601-120x80.jpg 120w, https:\/\/www.latribunedufaso.net\/wp-content\/uploads\/2025\/07\/FB_IMG_1752576549601-360x240.jpg 360w, https:\/\/www.latribunedufaso.net\/wp-content\/uploads\/2025\/07\/FB_IMG_1752576549601-600x400.jpg 600w\" sizes=\"auto, (max-width: 1080px) 100vw, 1080px\" \/><\/a><figcaption id=\"caption-attachment-21915\" class=\"wp-caption-text\">Une vue des participants lors de la c\u00e9r\u00e9monie de lancement des travaux &#8211; Ph. DR<\/figcaption><\/figure>\n<p>En effet, il convient de relever que les collectivit\u00e9s territoriales, dont les r\u00e9gions, constituent des maillons essentiels dans la promotion de la protection sociale de proximit\u00e9 pour les populations de leurs circonscriptions.<\/p>\n<p>Au-del\u00e0 d\u2019\u00eatre les pr\u00e9sidents des d\u00e9l\u00e9gations sp\u00e9ciales r\u00e9gionales, les gouverneurs sont les Pr\u00e9sidents des cellules r\u00e9gionales de la protection sociale, selon\u00a0 le Secr\u00e9taire g\u00e9n\u00e9ral de la primature, Abdou-Salam Gamp\u00e9n\u00e9.\u00a0<\/p>\n<figure id=\"attachment_21916\" aria-describedby=\"caption-attachment-21916\" style=\"width: 1080px\" class=\"wp-caption aligncenter\"><a href=\"https:\/\/www.latribunedufaso.net\/wp-content\/uploads\/2025\/07\/FB_IMG_1752576545018.jpg\"><img loading=\"lazy\" decoding=\"async\" class=\"size-full wp-image-21916\" src=\"https:\/\/www.latribunedufaso.net\/wp-content\/uploads\/2025\/07\/FB_IMG_1752576545018.jpg\" alt=\"Le Secr\u00e9tariat permanent du Conseil national pour la protection tient un atelier d\u2019appropriation de la strat\u00e9gie nationale de protection sociale au profit des gouverneurs, 14 au 15 juillet 2025\" width=\"1080\" height=\"720\" srcset=\"https:\/\/www.latribunedufaso.net\/wp-content\/uploads\/2025\/07\/FB_IMG_1752576545018.jpg 1080w, https:\/\/www.latribunedufaso.net\/wp-content\/uploads\/2025\/07\/FB_IMG_1752576545018-300x200.jpg 300w, https:\/\/www.latribunedufaso.net\/wp-content\/uploads\/2025\/07\/FB_IMG_1752576545018-1024x683.jpg 1024w, https:\/\/www.latribunedufaso.net\/wp-content\/uploads\/2025\/07\/FB_IMG_1752576545018-768x512.jpg 768w, https:\/\/www.latribunedufaso.net\/wp-content\/uploads\/2025\/07\/FB_IMG_1752576545018-840x560.jpg 840w, https:\/\/www.latribunedufaso.net\/wp-content\/uploads\/2025\/07\/FB_IMG_1752576545018-120x80.jpg 120w, https:\/\/www.latribunedufaso.net\/wp-content\/uploads\/2025\/07\/FB_IMG_1752576545018-360x240.jpg 360w, https:\/\/www.latribunedufaso.net\/wp-content\/uploads\/2025\/07\/FB_IMG_1752576545018-600x400.jpg 600w\" sizes=\"auto, (max-width: 1080px) 100vw, 1080px\" \/><\/a><figcaption id=\"caption-attachment-21916\" class=\"wp-caption-text\">Le Secr\u00e9taire g\u00e9n\u00e9ral de la Primature, Abdou-Salam Gamp\u00e9n\u00e9 (centre) a pr\u00e9sid\u00e9 la c\u00e9r\u00e9monie &#8211; Ph. DR<\/figcaption><\/figure>\n<p>A l&rsquo;\u00e9couter, cette double casquette fait des gouverneurs, des acteurs importants pour la mise en \u0153uvre r\u00e9ussie de la Strat\u00e9gie nationale de protection sociale au niveau r\u00e9gional, d\u2019o\u00f9 l\u2019organisation du pr\u00e9sent atelier, pour leur permettre une meilleure appropriation de ladite strat\u00e9gie.<\/p>\n<figure id=\"attachment_21914\" aria-describedby=\"caption-attachment-21914\" style=\"width: 1080px\" class=\"wp-caption aligncenter\"><a href=\"https:\/\/www.latribunedufaso.net\/wp-content\/uploads\/2025\/07\/FB_IMG_1752576554958.jpg\"><img loading=\"lazy\" decoding=\"async\" class=\"size-full wp-image-21914\" src=\"https:\/\/www.latribunedufaso.net\/wp-content\/uploads\/2025\/07\/FB_IMG_1752576554958.jpg\" alt=\"Le Secr\u00e9tariat permanent du Conseil national pour la protection tient un atelier d\u2019appropriation de la strat\u00e9gie nationale de protection sociale au profit des gouverneurs, 14 au 15 juillet 2025\" width=\"1080\" height=\"720\" srcset=\"https:\/\/www.latribunedufaso.net\/wp-content\/uploads\/2025\/07\/FB_IMG_1752576554958.jpg 1080w, https:\/\/www.latribunedufaso.net\/wp-content\/uploads\/2025\/07\/FB_IMG_1752576554958-300x200.jpg 300w, https:\/\/www.latribunedufaso.net\/wp-content\/uploads\/2025\/07\/FB_IMG_1752576554958-1024x683.jpg 1024w, https:\/\/www.latribunedufaso.net\/wp-content\/uploads\/2025\/07\/FB_IMG_1752576554958-768x512.jpg 768w, https:\/\/www.latribunedufaso.net\/wp-content\/uploads\/2025\/07\/FB_IMG_1752576554958-840x560.jpg 840w, https:\/\/www.latribunedufaso.net\/wp-content\/uploads\/2025\/07\/FB_IMG_1752576554958-120x80.jpg 120w, https:\/\/www.latribunedufaso.net\/wp-content\/uploads\/2025\/07\/FB_IMG_1752576554958-360x240.jpg 360w, https:\/\/www.latribunedufaso.net\/wp-content\/uploads\/2025\/07\/FB_IMG_1752576554958-600x400.jpg 600w\" sizes=\"auto, (max-width: 1080px) 100vw, 1080px\" \/><\/a><figcaption id=\"caption-attachment-21914\" class=\"wp-caption-text\">La photo de famille des gouverneurs pr\u00e9sent \u00e0 l\u2019atelier d\u2019appropriation de la strat\u00e9gie nationale de protection sociale &#8211; Ph. DR<\/figcaption><\/figure>\n<p>Durant les deux jours du pr\u00e9sent atelier, les \u00e9changes porteront, dans un premier temps, sur le syst\u00e8me de protection sociale dans le pays et dans un deuxi\u00e8me temps sur la strat\u00e9gie nationale pour la protection sociale.<\/p>\n<p><strong>In\u00e8s TOUGMA\u00a0<\/strong><\/p>\n<p><strong>Latribunedufaso.net<\/strong><\/p>\n<p>Lire aussi &gt;&gt; <a href=\"https:\/\/www.latribunedufaso.net\/?p=21627\">Protection sociale : Une d\u00e9l\u00e9gation Bissau-guin\u00e9enne s\u2019inspire de l\u2019exp\u00e9rience du Burkina Faso\u00a0<\/a><\/p>\n","protected":false},"excerpt":{"rendered":"<p>Le Secr\u00e9tariat permanent du Conseil national pour la protection tient un atelier d\u2019appropriation de la strat\u00e9gie nationale de protection sociale au profit des gouverneurs (Association des R\u00e9gions du Burkina) du 14 au 15 juillet 2025. La c\u00e9r\u00e9monie d\u2019ouverture a eu lieu ce lundi 14 juillet 2025 sous la pr\u00e9sidence du Secr\u00e9taire g\u00e9n\u00e9ral de la Primature, Abdou-Salam Gamp\u00e9n\u00e9.<\/p>\n","protected":false},"author":5,"featured_media":21916,"comment_status":"open","ping_status":"open","sticky":false,"template":"","format":"standard","meta":{"footnotes":""},"categories":[13,1,8],"tags":[39,384,1321],"class_list":["post-21913","post","type-post","status-publish","format-standard","has-post-thumbnail","hentry","category-une","category-actu","category-societe","tag-latribunedufaso-net","tag-protection-sociale","tag-strategie-nationale-de-protection-sociale"],"yoast_head":"<!-- This site is optimized with the Yoast SEO plugin v27.4 - https:\/\/yoast.com\/product\/yoast-seo-wordpress\/ -->\n<title>Strat\u00e9gie nationale de la protection sociale : Les gouverneurs outill\u00e9s pour une mise en \u0153uvre efficace - La Tribune du Faso<\/title>\n<meta name=\"robots\" content=\"index, follow, max-snippet:-1, max-image-preview:large, max-video-preview:-1\" \/>\n<link rel=\"canonical\" href=\"https:\/\/www.latribunedufaso.net\/?p=21913\" \/>\n<meta property=\"og:locale\" content=\"fr_FR\" \/>\n<meta property=\"og:type\" content=\"article\" \/>\n<meta property=\"og:title\" content=\"Strat\u00e9gie nationale de la protection sociale : Les gouverneurs outill\u00e9s pour une mise en \u0153uvre efficace - La Tribune du Faso\" \/>\n<meta property=\"og:description\" content=\"Le Secr\u00e9tariat permanent du Conseil national pour la protection tient un atelier d\u2019appropriation de la strat\u00e9gie nationale de protection sociale au profit des gouverneurs (Association des R\u00e9gions du Burkina) du 14 au 15 juillet 2025. La c\u00e9r\u00e9monie d\u2019ouverture a eu lieu ce lundi 14 juillet 2025 sous la pr\u00e9sidence du Secr\u00e9taire g\u00e9n\u00e9ral de la Primature, Abdou-Salam Gamp\u00e9n\u00e9.\" \/>\n<meta property=\"og:url\" content=\"https:\/\/www.latribunedufaso.net\/?p=21913\" \/>\n<meta property=\"og:site_name\" content=\"La Tribune du Faso\" \/>\n<meta property=\"article:publisher\" content=\"https:\/\/www.facebook.com\/LatribuneduFaso\/\" \/>\n<meta property=\"article:published_time\" content=\"2025-07-14T15:41:45+00:00\" \/>\n<meta property=\"article:modified_time\" content=\"2025-07-15T11:00:12+00:00\" \/>\n<meta property=\"og:image\" content=\"https:\/\/www.latribunedufaso.net\/wp-content\/uploads\/2025\/07\/FB_IMG_1752576545018.jpg\" \/>\n\t<meta property=\"og:image:width\" content=\"1080\" \/>\n\t<meta property=\"og:image:height\" content=\"720\" \/>\n\t<meta property=\"og:image:type\" content=\"image\/jpeg\" \/>\n<meta name=\"author\" content=\"Issouf Tapsoba\" \/>\n<meta name=\"twitter:label1\" content=\"\u00c9crit par\" \/>\n\t<meta name=\"twitter:data1\" content=\"Issouf Tapsoba\" \/>\n\t<meta name=\"twitter:label2\" content=\"Dur\u00e9e de lecture estim\u00e9e\" \/>\n\t<meta name=\"twitter:data2\" content=\"2 minutes\" \/>\n<script type=\"application\/ld+json\" class=\"yoast-schema-graph\">{\"@context\":\"https:\\\/\\\/schema.org\",\"@graph\":[{\"@type\":\"Article\",\"@id\":\"https:\\\/\\\/www.latribunedufaso.net\\\/?p=21913#article\",\"isPartOf\":{\"@id\":\"https:\\\/\\\/www.latribunedufaso.net\\\/?p=21913\"},\"author\":{\"name\":\"Issouf Tapsoba\",\"@id\":\"https:\\\/\\\/www.latribunedufaso.net\\\/#\\\/schema\\\/person\\\/e54e64c5778a7e72cf80a318b7a622b0\"},\"headline\":\"Strat\u00e9gie nationale de la protection sociale : Les gouverneurs outill\u00e9s pour une mise en \u0153uvre efficace\",\"datePublished\":\"2025-07-14T15:41:45+00:00\",\"dateModified\":\"2025-07-15T11:00:12+00:00\",\"mainEntityOfPage\":{\"@id\":\"https:\\\/\\\/www.latribunedufaso.net\\\/?p=21913\"},\"wordCount\":400,\"commentCount\":0,\"publisher\":{\"@id\":\"https:\\\/\\\/www.latribunedufaso.net\\\/#organization\"},\"image\":{\"@id\":\"https:\\\/\\\/www.latribunedufaso.net\\\/?p=21913#primaryimage\"},\"thumbnailUrl\":\"https:\\\/\\\/www.latribunedufaso.net\\\/wp-content\\\/uploads\\\/2025\\\/07\\\/FB_IMG_1752576545018.jpg\",\"keywords\":[\"latribunedufaso.net\",\"Protection sociale\",\"strat\u00e9gie nationale de protection sociale\"],\"articleSection\":[\"A la une\",\"Actualit\u00e9\",\"Soci\u00e9t\u00e9\"],\"inLanguage\":\"fr-FR\",\"potentialAction\":[{\"@type\":\"CommentAction\",\"name\":\"Comment\",\"target\":[\"https:\\\/\\\/www.latribunedufaso.net\\\/?p=21913#respond\"]}]},{\"@type\":\"WebPage\",\"@id\":\"https:\\\/\\\/www.latribunedufaso.net\\\/?p=21913\",\"url\":\"https:\\\/\\\/www.latribunedufaso.net\\\/?p=21913\",\"name\":\"Strat\u00e9gie nationale de la protection sociale : Les gouverneurs outill\u00e9s pour une mise en \u0153uvre efficace - La Tribune du Faso\",\"isPartOf\":{\"@id\":\"https:\\\/\\\/www.latribunedufaso.net\\\/#website\"},\"primaryImageOfPage\":{\"@id\":\"https:\\\/\\\/www.latribunedufaso.net\\\/?p=21913#primaryimage\"},\"image\":{\"@id\":\"https:\\\/\\\/www.latribunedufaso.net\\\/?p=21913#primaryimage\"},\"thumbnailUrl\":\"https:\\\/\\\/www.latribunedufaso.net\\\/wp-content\\\/uploads\\\/2025\\\/07\\\/FB_IMG_1752576545018.jpg\",\"datePublished\":\"2025-07-14T15:41:45+00:00\",\"dateModified\":\"2025-07-15T11:00:12+00:00\",\"breadcrumb\":{\"@id\":\"https:\\\/\\\/www.latribunedufaso.net\\\/?p=21913#breadcrumb\"},\"inLanguage\":\"fr-FR\",\"potentialAction\":[{\"@type\":\"ReadAction\",\"target\":[\"https:\\\/\\\/www.latribunedufaso.net\\\/?p=21913\"]}]},{\"@type\":\"ImageObject\",\"inLanguage\":\"fr-FR\",\"@id\":\"https:\\\/\\\/www.latribunedufaso.net\\\/?p=21913#primaryimage\",\"url\":\"https:\\\/\\\/www.latribunedufaso.net\\\/wp-content\\\/uploads\\\/2025\\\/07\\\/FB_IMG_1752576545018.jpg\",\"contentUrl\":\"https:\\\/\\\/www.latribunedufaso.net\\\/wp-content\\\/uploads\\\/2025\\\/07\\\/FB_IMG_1752576545018.jpg\",\"width\":1080,\"height\":720,\"caption\":\"Le Secr\u00e9taire g\u00e9n\u00e9ral de la Primature, Abdou-Salam Gamp\u00e9n\u00e9 (centre) a pr\u00e9sid\u00e9 la c\u00e9r\u00e9monie - Ph. DR\"},{\"@type\":\"BreadcrumbList\",\"@id\":\"https:\\\/\\\/www.latribunedufaso.net\\\/?p=21913#breadcrumb\",\"itemListElement\":[{\"@type\":\"ListItem\",\"position\":1,\"name\":\"Accueil\",\"item\":\"https:\\\/\\\/www.latribunedufaso.net\\\/\"},{\"@type\":\"ListItem\",\"position\":2,\"name\":\"Strat\u00e9gie nationale de la protection sociale : Les gouverneurs outill\u00e9s pour une mise en \u0153uvre efficace\"}]},{\"@type\":\"WebSite\",\"@id\":\"https:\\\/\\\/www.latribunedufaso.net\\\/#website\",\"url\":\"https:\\\/\\\/www.latribunedufaso.net\\\/\",\"name\":\"La Tribune du Faso\",\"description\":\"L&#039;information du monde rural en un clic\",\"publisher\":{\"@id\":\"https:\\\/\\\/www.latribunedufaso.net\\\/#organization\"},\"potentialAction\":[{\"@type\":\"SearchAction\",\"target\":{\"@type\":\"EntryPoint\",\"urlTemplate\":\"https:\\\/\\\/www.latribunedufaso.net\\\/?s={search_term_string}\"},\"query-input\":{\"@type\":\"PropertyValueSpecification\",\"valueRequired\":true,\"valueName\":\"search_term_string\"}}],\"inLanguage\":\"fr-FR\"},{\"@type\":\"Organization\",\"@id\":\"https:\\\/\\\/www.latribunedufaso.net\\\/#organization\",\"name\":\"La Tribune du Faso\",\"url\":\"https:\\\/\\\/www.latribunedufaso.net\\\/\",\"logo\":{\"@type\":\"ImageObject\",\"inLanguage\":\"fr-FR\",\"@id\":\"https:\\\/\\\/www.latribunedufaso.net\\\/#\\\/schema\\\/logo\\\/image\\\/\",\"url\":\"https:\\\/\\\/www.latribunedufaso.net\\\/wp-content\\\/uploads\\\/2020\\\/08\\\/Logo-Tribune-du-Faso-final-scaled.jpg\",\"contentUrl\":\"https:\\\/\\\/www.latribunedufaso.net\\\/wp-content\\\/uploads\\\/2020\\\/08\\\/Logo-Tribune-du-Faso-final-scaled.jpg\",\"width\":2560,\"height\":1856,\"caption\":\"La Tribune du Faso\"},\"image\":{\"@id\":\"https:\\\/\\\/www.latribunedufaso.net\\\/#\\\/schema\\\/logo\\\/image\\\/\"},\"sameAs\":[\"https:\\\/\\\/www.facebook.com\\\/LatribuneduFaso\\\/\"]},{\"@type\":\"Person\",\"@id\":\"https:\\\/\\\/www.latribunedufaso.net\\\/#\\\/schema\\\/person\\\/e54e64c5778a7e72cf80a318b7a622b0\",\"name\":\"Issouf Tapsoba\",\"image\":{\"@type\":\"ImageObject\",\"inLanguage\":\"fr-FR\",\"@id\":\"https:\\\/\\\/secure.gravatar.com\\\/avatar\\\/5e6c05150ce3230247d167f5b94d678eb05936197436d69b7921e3a95c9107ac?s=96&d=mm&r=g\",\"url\":\"https:\\\/\\\/secure.gravatar.com\\\/avatar\\\/5e6c05150ce3230247d167f5b94d678eb05936197436d69b7921e3a95c9107ac?s=96&d=mm&r=g\",\"contentUrl\":\"https:\\\/\\\/secure.gravatar.com\\\/avatar\\\/5e6c05150ce3230247d167f5b94d678eb05936197436d69b7921e3a95c9107ac?s=96&d=mm&r=g\",\"caption\":\"Issouf Tapsoba\"},\"url\":\"https:\\\/\\\/www.latribunedufaso.net\\\/?author=5\"}]}<\/script>\n<!-- \/ Yoast SEO plugin. -->","yoast_head_json":{"title":"Strat\u00e9gie nationale de la protection sociale : Les gouverneurs outill\u00e9s pour une mise en \u0153uvre efficace - La Tribune du Faso","robots":{"index":"index","follow":"follow","max-snippet":"max-snippet:-1","max-image-preview":"max-image-preview:large","max-video-preview":"max-video-preview:-1"},"canonical":"https:\/\/www.latribunedufaso.net\/?p=21913","og_locale":"fr_FR","og_type":"article","og_title":"Strat\u00e9gie nationale de la protection sociale : Les gouverneurs outill\u00e9s pour une mise en \u0153uvre efficace - La Tribune du Faso","og_description":"Le Secr\u00e9tariat permanent du Conseil national pour la protection tient un atelier d\u2019appropriation de la strat\u00e9gie nationale de protection sociale au profit des gouverneurs (Association des R\u00e9gions du Burkina) du 14 au 15 juillet 2025. La c\u00e9r\u00e9monie d\u2019ouverture a eu lieu ce lundi 14 juillet 2025 sous la pr\u00e9sidence du Secr\u00e9taire g\u00e9n\u00e9ral de la Primature, Abdou-Salam Gamp\u00e9n\u00e9.","og_url":"https:\/\/www.latribunedufaso.net\/?p=21913","og_site_name":"La Tribune du Faso","article_publisher":"https:\/\/www.facebook.com\/LatribuneduFaso\/","article_published_time":"2025-07-14T15:41:45+00:00","article_modified_time":"2025-07-15T11:00:12+00:00","og_image":[{"width":1080,"height":720,"url":"https:\/\/www.latribunedufaso.net\/wp-content\/uploads\/2025\/07\/FB_IMG_1752576545018.jpg","type":"image\/jpeg"}],"author":"Issouf Tapsoba","twitter_misc":{"\u00c9crit par":"Issouf Tapsoba","Dur\u00e9e de lecture estim\u00e9e":"2 minutes"},"schema":{"@context":"https:\/\/schema.org","@graph":[{"@type":"Article","@id":"https:\/\/www.latribunedufaso.net\/?p=21913#article","isPartOf":{"@id":"https:\/\/www.latribunedufaso.net\/?p=21913"},"author":{"name":"Issouf Tapsoba","@id":"https:\/\/www.latribunedufaso.net\/#\/schema\/person\/e54e64c5778a7e72cf80a318b7a622b0"},"headline":"Strat\u00e9gie nationale de la protection sociale : Les gouverneurs outill\u00e9s pour une mise en \u0153uvre efficace","datePublished":"2025-07-14T15:41:45+00:00","dateModified":"2025-07-15T11:00:12+00:00","mainEntityOfPage":{"@id":"https:\/\/www.latribunedufaso.net\/?p=21913"},"wordCount":400,"commentCount":0,"publisher":{"@id":"https:\/\/www.latribunedufaso.net\/#organization"},"image":{"@id":"https:\/\/www.latribunedufaso.net\/?p=21913#primaryimage"},"thumbnailUrl":"https:\/\/www.latribunedufaso.net\/wp-content\/uploads\/2025\/07\/FB_IMG_1752576545018.jpg","keywords":["latribunedufaso.net","Protection sociale","strat\u00e9gie nationale de protection sociale"],"articleSection":["A la une","Actualit\u00e9","Soci\u00e9t\u00e9"],"inLanguage":"fr-FR","potentialAction":[{"@type":"CommentAction","name":"Comment","target":["https:\/\/www.latribunedufaso.net\/?p=21913#respond"]}]},{"@type":"WebPage","@id":"https:\/\/www.latribunedufaso.net\/?p=21913","url":"https:\/\/www.latribunedufaso.net\/?p=21913","name":"Strat\u00e9gie nationale de la protection sociale : Les gouverneurs outill\u00e9s pour une mise en \u0153uvre efficace - La Tribune du Faso","isPartOf":{"@id":"https:\/\/www.latribunedufaso.net\/#website"},"primaryImageOfPage":{"@id":"https:\/\/www.latribunedufaso.net\/?p=21913#primaryimage"},"image":{"@id":"https:\/\/www.latribunedufaso.net\/?p=21913#primaryimage"},"thumbnailUrl":"https:\/\/www.latribunedufaso.net\/wp-content\/uploads\/2025\/07\/FB_IMG_1752576545018.jpg","datePublished":"2025-07-14T15:41:45+00:00","dateModified":"2025-07-15T11:00:12+00:00","breadcrumb":{"@id":"https:\/\/www.latribunedufaso.net\/?p=21913#breadcrumb"},"inLanguage":"fr-FR","potentialAction":[{"@type":"ReadAction","target":["https:\/\/www.latribunedufaso.net\/?p=21913"]}]},{"@type":"ImageObject","inLanguage":"fr-FR","@id":"https:\/\/www.latribunedufaso.net\/?p=21913#primaryimage","url":"https:\/\/www.latribunedufaso.net\/wp-content\/uploads\/2025\/07\/FB_IMG_1752576545018.jpg","contentUrl":"https:\/\/www.latribunedufaso.net\/wp-content\/uploads\/2025\/07\/FB_IMG_1752576545018.jpg","width":1080,"height":720,"caption":"Le Secr\u00e9taire g\u00e9n\u00e9ral de la Primature, Abdou-Salam Gamp\u00e9n\u00e9 (centre) a pr\u00e9sid\u00e9 la c\u00e9r\u00e9monie - Ph. DR"},{"@type":"BreadcrumbList","@id":"https:\/\/www.latribunedufaso.net\/?p=21913#breadcrumb","itemListElement":[{"@type":"ListItem","position":1,"name":"Accueil","item":"https:\/\/www.latribunedufaso.net\/"},{"@type":"ListItem","position":2,"name":"Strat\u00e9gie nationale de la protection sociale : Les gouverneurs outill\u00e9s pour une mise en \u0153uvre efficace"}]},{"@type":"WebSite","@id":"https:\/\/www.latribunedufaso.net\/#website","url":"https:\/\/www.latribunedufaso.net\/","name":"La Tribune du Faso","description":"L&#039;information du monde rural en un clic","publisher":{"@id":"https:\/\/www.latribunedufaso.net\/#organization"},"potentialAction":[{"@type":"SearchAction","target":{"@type":"EntryPoint","urlTemplate":"https:\/\/www.latribunedufaso.net\/?s={search_term_string}"},"query-input":{"@type":"PropertyValueSpecification","valueRequired":true,"valueName":"search_term_string"}}],"inLanguage":"fr-FR"},{"@type":"Organization","@id":"https:\/\/www.latribunedufaso.net\/#organization","name":"La Tribune du Faso","url":"https:\/\/www.latribunedufaso.net\/","logo":{"@type":"ImageObject","inLanguage":"fr-FR","@id":"https:\/\/www.latribunedufaso.net\/#\/schema\/logo\/image\/","url":"https:\/\/www.latribunedufaso.net\/wp-content\/uploads\/2020\/08\/Logo-Tribune-du-Faso-final-scaled.jpg","contentUrl":"https:\/\/www.latribunedufaso.net\/wp-content\/uploads\/2020\/08\/Logo-Tribune-du-Faso-final-scaled.jpg","width":2560,"height":1856,"caption":"La Tribune du Faso"},"image":{"@id":"https:\/\/www.latribunedufaso.net\/#\/schema\/logo\/image\/"},"sameAs":["https:\/\/www.facebook.com\/LatribuneduFaso\/"]},{"@type":"Person","@id":"https:\/\/www.latribunedufaso.net\/#\/schema\/person\/e54e64c5778a7e72cf80a318b7a622b0","name":"Issouf Tapsoba","image":{"@type":"ImageObject","inLanguage":"fr-FR","@id":"https:\/\/secure.gravatar.com\/avatar\/5e6c05150ce3230247d167f5b94d678eb05936197436d69b7921e3a95c9107ac?s=96&d=mm&r=g","url":"https:\/\/secure.gravatar.com\/avatar\/5e6c05150ce3230247d167f5b94d678eb05936197436d69b7921e3a95c9107ac?s=96&d=mm&r=g","contentUrl":"https:\/\/secure.gravatar.com\/avatar\/5e6c05150ce3230247d167f5b94d678eb05936197436d69b7921e3a95c9107ac?s=96&d=mm&r=g","caption":"Issouf Tapsoba"},"url":"https:\/\/www.latribunedufaso.net\/?author=5"}]}},"_links":{"self":[{"href":"https:\/\/www.latribunedufaso.net\/index.php?rest_route=\/wp\/v2\/posts\/21913","targetHints":{"allow":["GET"]}}],"collection":[{"href":"https:\/\/www.latribunedufaso.net\/index.php?rest_route=\/wp\/v2\/posts"}],"about":[{"href":"https:\/\/www.latribunedufaso.net\/index.php?rest_route=\/wp\/v2\/types\/post"}],"author":[{"embeddable":true,"href":"https:\/\/www.latribunedufaso.net\/index.php?rest_route=\/wp\/v2\/users\/5"}],"replies":[{"embeddable":true,"href":"https:\/\/www.latribunedufaso.net\/index.php?rest_route=%2Fwp%2Fv2%2Fcomments&post=21913"}],"version-history":[{"count":1,"href":"https:\/\/www.latribunedufaso.net\/index.php?rest_route=\/wp\/v2\/posts\/21913\/revisions"}],"predecessor-version":[{"id":21917,"href":"https:\/\/www.latribunedufaso.net\/index.php?rest_route=\/wp\/v2\/posts\/21913\/revisions\/21917"}],"wp:featuredmedia":[{"embeddable":true,"href":"https:\/\/www.latribunedufaso.net\/index.php?rest_route=\/wp\/v2\/media\/21916"}],"wp:attachment":[{"href":"https:\/\/www.latribunedufaso.net\/index.php?rest_route=%2Fwp%2Fv2%2Fmedia&parent=21913"}],"wp:term":[{"taxonomy":"category","embeddable":true,"href":"https:\/\/www.latribunedufaso.net\/index.php?rest_route=%2Fwp%2Fv2%2Fcategories&post=21913"},{"taxonomy":"post_tag","embeddable":true,"href":"https:\/\/www.latribunedufaso.net\/index.php?rest_route=%2Fwp%2Fv2%2Ftags&post=21913"}],"curies":[{"name":"wp","href":"https:\/\/api.w.org\/{rel}","templated":true}]}}