{"id":21756,"date":"2025-07-05T07:12:44","date_gmt":"2025-07-05T07:12:44","guid":{"rendered":"https:\/\/www.latribunedufaso.net\/?p=21756"},"modified":"2025-07-23T13:06:41","modified_gmt":"2025-07-23T13:06:41","slug":"semaine-nationale-de-linformation-et-de-lorientation-la-10e-edition-se-tiendra-du-14-au-19-juillet-2025-au-siao-ouagadougou","status":"publish","type":"post","link":"https:\/\/www.latribunedufaso.net\/?p=21756","title":{"rendered":"Semaine nationale de l&rsquo;information et de l&rsquo;orientation : La 10e \u00e9dition se tiendra du 14 au 19 juillet 2025 au SIAO (Ouagadougou)"},"content":{"rendered":"<p><strong>La 10e \u00e9dition de la Semaine nationale de l&rsquo;information et de l&rsquo;orientation (SIO) post baccalaur\u00e9at se tiendra du 14 au 19 juillet 2025, au pavillon Soleil Levant du SIAO \u00e0 Ouagadougou. <em>\u00ab Initiative pr\u00e9sidentielle pour une \u00e9ducation de qualit\u00e9 pour tous: repenser l&rsquo;orientation universitaire pour une employabilit\u00e9 durable \u00bb,<\/em> c&rsquo;est sous ce th\u00e8me que se tiendra la semaine. L&rsquo;information a \u00e9t\u00e9 donn\u00e9e en conf\u00e9rence de presse ce 04 juillet 2025 \u00e0 Ouagadougou par la Direction g\u00e9n\u00e9rale du conseil \u00e0 l&rsquo;orientation universitaire et des bourses (DGCOB), structure organisatrice de l&rsquo;\u00e9v\u00e9nement.<\/strong><!--more--><\/p>\n<p>Le minist\u00e8re de l\u2019Enseignement sup\u00e9rieur, de la Recherche et de l\u2019Innovation (MESRI), \u00e0 travers la Direction g\u00e9n\u00e9rale du conseil \u00e0 l\u2019orientation universitaire et des bourses (DGCOB), tient du 14 au 19 juillet 2025, au pavillon Soleil Levant du SIAO \u00e0 Ouagadougou, la 10 \u00e9dition de la Semaine nationale de l\u2019information et de l\u2019orientation (SIO) post baccalaur\u00e9at. La DGCOB a anim\u00e9 une conf\u00e9rence de presse, ce 04 juillet 2025 \u00e0 Ouagadougou, en vue de donner les grandes lignes de l\u2019\u00e9v\u00e8nement.\u00a0<\/p>\n<p>Organis\u00e9 depuis 2016, la SIO vise \u00e0 offrir aux nouveaux bacheliers, aux anciens \u00e9tudiants, aux parents et aux professionnels, un espace d&rsquo;informations, d&rsquo;\u00e9changes et de conseils en vue de les accompagner au mieux dans leurs choix d&rsquo;orientation. Selon la Directrice g\u00e9n\u00e9rale du conseil \u00e0 l&rsquo;orientation universitaire et des bourses, Pr Kuilpoko Marie Laure Sougoti\/Guissou, cette \u00e9dition pr\u00e9voit plusieurs activit\u00e9s. Il s&rsquo;agit, entre autres, des conf\u00e9rences et d\u00e9bats portant sur le choix des fili\u00e8res, les modalit\u00e9s d&rsquo;inscription et de r\u00e9inscription sur la plateforme Campus Faso ainsi que les conditions d&rsquo;acc\u00e8s aux services sociaux et aides (chambre en cit\u00e9 universitaire, restauration, FONER, bourse, etc).<\/p>\n<figure id=\"attachment_21759\" aria-describedby=\"caption-attachment-21759\" style=\"width: 800px\" class=\"wp-caption aligncenter\"><a href=\"https:\/\/www.latribunedufaso.net\/wp-content\/uploads\/2025\/07\/FB_IMG_1751698964337.jpg\"><img loading=\"lazy\" decoding=\"async\" class=\"size-full wp-image-21759\" src=\"https:\/\/www.latribunedufaso.net\/wp-content\/uploads\/2025\/07\/FB_IMG_1751698964337.jpg\" alt=\"Conf\u00e9rence de presse de la DGCOB sur la 10e \u00e9dition de la Semaine nationale de l'information et de l'orientation (SIO) post baccalaur\u00e9at, 4 juillet 2025\" width=\"800\" height=\"534\" srcset=\"https:\/\/www.latribunedufaso.net\/wp-content\/uploads\/2025\/07\/FB_IMG_1751698964337.jpg 800w, https:\/\/www.latribunedufaso.net\/wp-content\/uploads\/2025\/07\/FB_IMG_1751698964337-300x200.jpg 300w, https:\/\/www.latribunedufaso.net\/wp-content\/uploads\/2025\/07\/FB_IMG_1751698964337-768x513.jpg 768w, https:\/\/www.latribunedufaso.net\/wp-content\/uploads\/2025\/07\/FB_IMG_1751698964337-120x80.jpg 120w, https:\/\/www.latribunedufaso.net\/wp-content\/uploads\/2025\/07\/FB_IMG_1751698964337-360x240.jpg 360w, https:\/\/www.latribunedufaso.net\/wp-content\/uploads\/2025\/07\/FB_IMG_1751698964337-600x400.jpg 600w\" sizes=\"auto, (max-width: 800px) 100vw, 800px\" \/><\/a><figcaption id=\"caption-attachment-21759\" class=\"wp-caption-text\">La Directrice g\u00e9n\u00e9rale du conseil \u00e0 l&rsquo;orientation universitaire et des bourses (DGCOB), Pr Kuilpoko Marie Laure Sougoti\/Guissou (\u00e0 gauche) &#8211; Ph. DR<\/figcaption><\/figure>\n<p>Il s&rsquo;agit \u00e9galement des expositions, des tribunes d&rsquo;expression et des entretiens directs entre les participants et les techniciens de la DGCOB. Les travaux seront retransmis en direct via la page Facebook de la DGCOB pour permettre \u00e0 ceux qui ne pourront pas effectuer le d\u00e9placement au SIAO, de pouvoir suivre en ligne. L\u2019\u00e9v\u00e9nement va se d\u00e9rouler sous le th\u00e8me <em><strong>\u00ab Initiative pr\u00e9sidentielle pour une \u00e9ducation de qualit\u00e9 pour tous : repenser l\u2019orientation universitaire pour une employabilit\u00e9 durable \u00bb.<\/strong><\/em><\/p>\n<p>Plac\u00e9 sous la Pr\u00e9sidence du ministre en charge de l&rsquo;Enseignement sup\u00e9rieur, Pr Adjima Thiombiano, la SIO 2025 r\u00e9unira les universit\u00e9s publiques, les Institutions priv\u00e9es d&rsquo;enseignement sup\u00e9rieur (IPES) ainsi que les structures en charge de la fourniture des services sociaux aux \u00e9tudiants telles que le Fond national pour l&rsquo;\u00e9ducation et la recherche (FONER) et le Centre national des \u0153uvres universitaires (CENOU).<\/p>\n<p>Dans son allocution, le Pr Kuilpoko Marie Laure Sougoti\/Guissou a remerci\u00e9 les partenaires qui ont soutenu l&rsquo;organisation de la SIO en 2025 et qui ont renouvel\u00e9 leur engagement pour la pr\u00e9sente \u00e9dition.\u00a0<\/p>\n<figure id=\"attachment_21758\" aria-describedby=\"caption-attachment-21758\" style=\"width: 2560px\" class=\"wp-caption aligncenter\"><a href=\"https:\/\/www.latribunedufaso.net\/wp-content\/uploads\/2025\/07\/IMG-20250705-WA0010.jpg\"><img loading=\"lazy\" decoding=\"async\" class=\"size-full wp-image-21758\" src=\"https:\/\/www.latribunedufaso.net\/wp-content\/uploads\/2025\/07\/IMG-20250705-WA0010.jpg\" alt=\"Conf\u00e9rence de presse de la DGCOB sur la 10e \u00e9dition de la Semaine nationale de l'information et de l'orientation (SIO) post baccalaur\u00e9at, 4 juillet 2025\" width=\"2560\" height=\"2560\" srcset=\"https:\/\/www.latribunedufaso.net\/wp-content\/uploads\/2025\/07\/IMG-20250705-WA0010.jpg 2560w, https:\/\/www.latribunedufaso.net\/wp-content\/uploads\/2025\/07\/IMG-20250705-WA0010-300x300.jpg 300w, https:\/\/www.latribunedufaso.net\/wp-content\/uploads\/2025\/07\/IMG-20250705-WA0010-1024x1024.jpg 1024w, https:\/\/www.latribunedufaso.net\/wp-content\/uploads\/2025\/07\/IMG-20250705-WA0010-150x150.jpg 150w, https:\/\/www.latribunedufaso.net\/wp-content\/uploads\/2025\/07\/IMG-20250705-WA0010-768x768.jpg 768w, https:\/\/www.latribunedufaso.net\/wp-content\/uploads\/2025\/07\/IMG-20250705-WA0010-1536x1536.jpg 1536w, https:\/\/www.latribunedufaso.net\/wp-content\/uploads\/2025\/07\/IMG-20250705-WA0010-2048x2048.jpg 2048w\" sizes=\"auto, (max-width: 2560px) 100vw, 2560px\" \/><\/a><figcaption id=\"caption-attachment-21758\" class=\"wp-caption-text\">Une vue des journalistes lors de la conf\u00e9rence de presse &#8211; Ph. A. Kiendrebeogo<\/figcaption><\/figure>\n<p>A l&rsquo;intention de toutes les structures souhaitant occuper des stands, elle informe que les tarifs restent les m\u00eames que ceux de la SIO 2024. Il s&rsquo;agit de 200 000 FCFA pour les universit\u00e9s publiques et les autres structures du MESRI, 300 000 FCFA pour les universit\u00e9s priv\u00e9es et les structures connexes et 600 000 FCFA pour les universit\u00e9s \u00e9trang\u00e8res.<\/p>\n<blockquote>\n<p>Lire aussi &gt;&gt; <a href=\"https:\/\/www.latribunedufaso.net\/?p=14729\">Etude universitaire : C\u2019est partie pour la Semaine nationale de l\u2019information et de l\u2019orientation post BAC 2024<\/a><\/p>\n<\/blockquote>\n<p>La c\u00e9r\u00e9monie d&rsquo;ouverture de la SIO 2025 aura lieu le 15 juillet 2025 au Pavillon Kilmandjaro du SIAO \u00e0 9h30 minutes.<\/p>\n<p><strong>Rosana Astride KIENDREBEOGO\u00a0<\/strong><\/p>\n<p><strong>Latribunedufaso.net<\/strong><\/p>\n<p><iframe loading=\"lazy\" width=\"560\" height=\"315\" src=\"https:\/\/www.youtube.com\/embed\/VCBzi7B1z1o?si=mIbvzO-FFuQ3HC88\" title=\"YouTube video player\" frameborder=\"0\" allow=\"accelerometer; autoplay; clipboard-write; encrypted-media; gyroscope; picture-in-picture; web-share\" referrerpolicy=\"strict-origin-when-cross-origin\" allowfullscreen><\/iframe><\/p>\n","protected":false},"excerpt":{"rendered":"<p>La 10e \u00e9dition de la Semaine nationale de l&rsquo;information et de l&rsquo;orientation (SIO) post baccalaur\u00e9at se tiendra du 14 au 19 juillet 2025, au pavillon Soleil Levant du SIAO \u00e0 Ouagadougou. \u00ab Initiative pr\u00e9sidentielle pour une \u00e9ducation de qualit\u00e9 pour tous: repenser l&rsquo;orientation universitaire pour une employabilit\u00e9 durable \u00bb, c&rsquo;est sous ce th\u00e8me que se tiendra la semaine. L&rsquo;information a \u00e9t\u00e9 donn\u00e9e en conf\u00e9rence de presse ce 04 juillet 2025 \u00e0 Ouagadougou par la Direction g\u00e9n\u00e9rale du conseil \u00e0 l&rsquo;orientation universitaire et des bourses (DGCOB), structure organisatrice de l&rsquo;\u00e9v\u00e9nement.<\/p>\n","protected":false},"author":5,"featured_media":21760,"comment_status":"open","ping_status":"open","sticky":false,"template":"","format":"standard","meta":{"footnotes":""},"categories":[13,1,31],"tags":[1108,1291,258,39,1292,1290],"class_list":["post-21756","post","type-post","status-publish","format-standard","has-post-thumbnail","hentry","category-une","category-actu","category-education","tag-baccalaureat-2025","tag-direction-generale-du-conseil-a-lorientation-universitaire-et-des-bourses-dgcob","tag-education","tag-latribunedufaso-net","tag-orientation-universitaire","tag-semaine-nationale-de-linformation-et-de-lorientation-sio"],"yoast_head":"<!-- This site is optimized with the Yoast SEO plugin v27.4 - https:\/\/yoast.com\/product\/yoast-seo-wordpress\/ -->\n<title>Semaine nationale de l&#039;information et de l&#039;orientation : La 10e \u00e9dition se tiendra du 14 au 19 juillet 2025 au SIAO (Ouagadougou) - La Tribune du Faso<\/title>\n<meta name=\"robots\" content=\"index, follow, max-snippet:-1, max-image-preview:large, max-video-preview:-1\" \/>\n<link rel=\"canonical\" href=\"https:\/\/www.latribunedufaso.net\/?p=21756\" \/>\n<meta property=\"og:locale\" content=\"fr_FR\" \/>\n<meta property=\"og:type\" content=\"article\" \/>\n<meta property=\"og:title\" content=\"Semaine nationale de l&#039;information et de l&#039;orientation : La 10e \u00e9dition se tiendra du 14 au 19 juillet 2025 au SIAO (Ouagadougou) - La Tribune du Faso\" \/>\n<meta property=\"og:description\" content=\"La 10e \u00e9dition de la Semaine nationale de l&rsquo;information et de l&rsquo;orientation (SIO) post baccalaur\u00e9at se tiendra du 14 au 19 juillet 2025, au pavillon Soleil Levant du SIAO \u00e0 Ouagadougou. \u00ab Initiative pr\u00e9sidentielle pour une \u00e9ducation de qualit\u00e9 pour tous: repenser l&rsquo;orientation universitaire pour une employabilit\u00e9 durable \u00bb, c&rsquo;est sous ce th\u00e8me que se tiendra la semaine. L&rsquo;information a \u00e9t\u00e9 donn\u00e9e en conf\u00e9rence de presse ce 04 juillet 2025 \u00e0 Ouagadougou par la Direction g\u00e9n\u00e9rale du conseil \u00e0 l&rsquo;orientation universitaire et des bourses (DGCOB), structure organisatrice de l&rsquo;\u00e9v\u00e9nement.\" \/>\n<meta property=\"og:url\" content=\"https:\/\/www.latribunedufaso.net\/?p=21756\" \/>\n<meta property=\"og:site_name\" content=\"La Tribune du Faso\" \/>\n<meta property=\"article:publisher\" content=\"https:\/\/www.facebook.com\/LatribuneduFaso\/\" \/>\n<meta property=\"article:published_time\" content=\"2025-07-05T07:12:44+00:00\" \/>\n<meta property=\"article:modified_time\" content=\"2025-07-23T13:06:41+00:00\" \/>\n<meta property=\"og:image\" content=\"https:\/\/www.latribunedufaso.net\/wp-content\/uploads\/2025\/07\/FB_IMG_1751698938743.jpg\" \/>\n\t<meta property=\"og:image:width\" content=\"800\" \/>\n\t<meta property=\"og:image:height\" content=\"402\" \/>\n\t<meta property=\"og:image:type\" content=\"image\/jpeg\" \/>\n<meta name=\"author\" content=\"Issouf Tapsoba\" \/>\n<meta name=\"twitter:label1\" content=\"\u00c9crit par\" \/>\n\t<meta name=\"twitter:data1\" content=\"Issouf Tapsoba\" \/>\n\t<meta name=\"twitter:label2\" content=\"Dur\u00e9e de lecture estim\u00e9e\" \/>\n\t<meta name=\"twitter:data2\" content=\"3 minutes\" \/>\n<script type=\"application\/ld+json\" class=\"yoast-schema-graph\">{\"@context\":\"https:\\\/\\\/schema.org\",\"@graph\":[{\"@type\":\"Article\",\"@id\":\"https:\\\/\\\/www.latribunedufaso.net\\\/?p=21756#article\",\"isPartOf\":{\"@id\":\"https:\\\/\\\/www.latribunedufaso.net\\\/?p=21756\"},\"author\":{\"name\":\"Issouf Tapsoba\",\"@id\":\"https:\\\/\\\/www.latribunedufaso.net\\\/#\\\/schema\\\/person\\\/e54e64c5778a7e72cf80a318b7a622b0\"},\"headline\":\"Semaine nationale de l&rsquo;information et de l&rsquo;orientation : La 10e \u00e9dition se tiendra du 14 au 19 juillet 2025 au SIAO (Ouagadougou)\",\"datePublished\":\"2025-07-05T07:12:44+00:00\",\"dateModified\":\"2025-07-23T13:06:41+00:00\",\"mainEntityOfPage\":{\"@id\":\"https:\\\/\\\/www.latribunedufaso.net\\\/?p=21756\"},\"wordCount\":658,\"commentCount\":0,\"publisher\":{\"@id\":\"https:\\\/\\\/www.latribunedufaso.net\\\/#organization\"},\"image\":{\"@id\":\"https:\\\/\\\/www.latribunedufaso.net\\\/?p=21756#primaryimage\"},\"thumbnailUrl\":\"https:\\\/\\\/www.latribunedufaso.net\\\/wp-content\\\/uploads\\\/2025\\\/07\\\/FB_IMG_1751698938743.jpg\",\"keywords\":[\"Baccalaur\u00e9at 2025\",\"Direction g\u00e9n\u00e9rale du conseil \u00e0 l'orientation universitaire et des bourses (DGCOB)\",\"\u00e9ducation\",\"latribunedufaso.net\",\"Orientation universitaire\",\"Semaine nationale de l'information et de l'orientation (SIO)\"],\"articleSection\":[\"A la une\",\"Actualit\u00e9\",\"\u00c9ducation\"],\"inLanguage\":\"fr-FR\",\"potentialAction\":[{\"@type\":\"CommentAction\",\"name\":\"Comment\",\"target\":[\"https:\\\/\\\/www.latribunedufaso.net\\\/?p=21756#respond\"]}]},{\"@type\":\"WebPage\",\"@id\":\"https:\\\/\\\/www.latribunedufaso.net\\\/?p=21756\",\"url\":\"https:\\\/\\\/www.latribunedufaso.net\\\/?p=21756\",\"name\":\"Semaine nationale de l'information et de l'orientation : La 10e \u00e9dition se tiendra du 14 au 19 juillet 2025 au SIAO (Ouagadougou) - La Tribune du Faso\",\"isPartOf\":{\"@id\":\"https:\\\/\\\/www.latribunedufaso.net\\\/#website\"},\"primaryImageOfPage\":{\"@id\":\"https:\\\/\\\/www.latribunedufaso.net\\\/?p=21756#primaryimage\"},\"image\":{\"@id\":\"https:\\\/\\\/www.latribunedufaso.net\\\/?p=21756#primaryimage\"},\"thumbnailUrl\":\"https:\\\/\\\/www.latribunedufaso.net\\\/wp-content\\\/uploads\\\/2025\\\/07\\\/FB_IMG_1751698938743.jpg\",\"datePublished\":\"2025-07-05T07:12:44+00:00\",\"dateModified\":\"2025-07-23T13:06:41+00:00\",\"breadcrumb\":{\"@id\":\"https:\\\/\\\/www.latribunedufaso.net\\\/?p=21756#breadcrumb\"},\"inLanguage\":\"fr-FR\",\"potentialAction\":[{\"@type\":\"ReadAction\",\"target\":[\"https:\\\/\\\/www.latribunedufaso.net\\\/?p=21756\"]}]},{\"@type\":\"ImageObject\",\"inLanguage\":\"fr-FR\",\"@id\":\"https:\\\/\\\/www.latribunedufaso.net\\\/?p=21756#primaryimage\",\"url\":\"https:\\\/\\\/www.latribunedufaso.net\\\/wp-content\\\/uploads\\\/2025\\\/07\\\/FB_IMG_1751698938743.jpg\",\"contentUrl\":\"https:\\\/\\\/www.latribunedufaso.net\\\/wp-content\\\/uploads\\\/2025\\\/07\\\/FB_IMG_1751698938743.jpg\",\"width\":800,\"height\":402,\"caption\":\"Conf\u00e9rence de presse de la DGCOB sur la 10e \u00e9dition de la Semaine nationale de l'information et de l'orientation (SIO) post baccalaur\u00e9at, 4 juillet 2025\"},{\"@type\":\"BreadcrumbList\",\"@id\":\"https:\\\/\\\/www.latribunedufaso.net\\\/?p=21756#breadcrumb\",\"itemListElement\":[{\"@type\":\"ListItem\",\"position\":1,\"name\":\"Accueil\",\"item\":\"https:\\\/\\\/www.latribunedufaso.net\\\/\"},{\"@type\":\"ListItem\",\"position\":2,\"name\":\"Semaine nationale de l&rsquo;information et de l&rsquo;orientation : La 10e \u00e9dition se tiendra du 14 au 19 juillet 2025 au SIAO (Ouagadougou)\"}]},{\"@type\":\"WebSite\",\"@id\":\"https:\\\/\\\/www.latribunedufaso.net\\\/#website\",\"url\":\"https:\\\/\\\/www.latribunedufaso.net\\\/\",\"name\":\"La Tribune du Faso\",\"description\":\"L&#039;information du monde rural en un clic\",\"publisher\":{\"@id\":\"https:\\\/\\\/www.latribunedufaso.net\\\/#organization\"},\"potentialAction\":[{\"@type\":\"SearchAction\",\"target\":{\"@type\":\"EntryPoint\",\"urlTemplate\":\"https:\\\/\\\/www.latribunedufaso.net\\\/?s={search_term_string}\"},\"query-input\":{\"@type\":\"PropertyValueSpecification\",\"valueRequired\":true,\"valueName\":\"search_term_string\"}}],\"inLanguage\":\"fr-FR\"},{\"@type\":\"Organization\",\"@id\":\"https:\\\/\\\/www.latribunedufaso.net\\\/#organization\",\"name\":\"La Tribune du Faso\",\"url\":\"https:\\\/\\\/www.latribunedufaso.net\\\/\",\"logo\":{\"@type\":\"ImageObject\",\"inLanguage\":\"fr-FR\",\"@id\":\"https:\\\/\\\/www.latribunedufaso.net\\\/#\\\/schema\\\/logo\\\/image\\\/\",\"url\":\"https:\\\/\\\/www.latribunedufaso.net\\\/wp-content\\\/uploads\\\/2020\\\/08\\\/Logo-Tribune-du-Faso-final-scaled.jpg\",\"contentUrl\":\"https:\\\/\\\/www.latribunedufaso.net\\\/wp-content\\\/uploads\\\/2020\\\/08\\\/Logo-Tribune-du-Faso-final-scaled.jpg\",\"width\":2560,\"height\":1856,\"caption\":\"La Tribune du Faso\"},\"image\":{\"@id\":\"https:\\\/\\\/www.latribunedufaso.net\\\/#\\\/schema\\\/logo\\\/image\\\/\"},\"sameAs\":[\"https:\\\/\\\/www.facebook.com\\\/LatribuneduFaso\\\/\"]},{\"@type\":\"Person\",\"@id\":\"https:\\\/\\\/www.latribunedufaso.net\\\/#\\\/schema\\\/person\\\/e54e64c5778a7e72cf80a318b7a622b0\",\"name\":\"Issouf Tapsoba\",\"image\":{\"@type\":\"ImageObject\",\"inLanguage\":\"fr-FR\",\"@id\":\"https:\\\/\\\/secure.gravatar.com\\\/avatar\\\/5e6c05150ce3230247d167f5b94d678eb05936197436d69b7921e3a95c9107ac?s=96&d=mm&r=g\",\"url\":\"https:\\\/\\\/secure.gravatar.com\\\/avatar\\\/5e6c05150ce3230247d167f5b94d678eb05936197436d69b7921e3a95c9107ac?s=96&d=mm&r=g\",\"contentUrl\":\"https:\\\/\\\/secure.gravatar.com\\\/avatar\\\/5e6c05150ce3230247d167f5b94d678eb05936197436d69b7921e3a95c9107ac?s=96&d=mm&r=g\",\"caption\":\"Issouf Tapsoba\"},\"url\":\"https:\\\/\\\/www.latribunedufaso.net\\\/?author=5\"}]}<\/script>\n<!-- \/ Yoast SEO plugin. -->","yoast_head_json":{"title":"Semaine nationale de l'information et de l'orientation : La 10e \u00e9dition se tiendra du 14 au 19 juillet 2025 au SIAO (Ouagadougou) - La Tribune du Faso","robots":{"index":"index","follow":"follow","max-snippet":"max-snippet:-1","max-image-preview":"max-image-preview:large","max-video-preview":"max-video-preview:-1"},"canonical":"https:\/\/www.latribunedufaso.net\/?p=21756","og_locale":"fr_FR","og_type":"article","og_title":"Semaine nationale de l'information et de l'orientation : La 10e \u00e9dition se tiendra du 14 au 19 juillet 2025 au SIAO (Ouagadougou) - La Tribune du Faso","og_description":"La 10e \u00e9dition de la Semaine nationale de l&rsquo;information et de l&rsquo;orientation (SIO) post baccalaur\u00e9at se tiendra du 14 au 19 juillet 2025, au pavillon Soleil Levant du SIAO \u00e0 Ouagadougou. \u00ab Initiative pr\u00e9sidentielle pour une \u00e9ducation de qualit\u00e9 pour tous: repenser l&rsquo;orientation universitaire pour une employabilit\u00e9 durable \u00bb, c&rsquo;est sous ce th\u00e8me que se tiendra la semaine. L&rsquo;information a \u00e9t\u00e9 donn\u00e9e en conf\u00e9rence de presse ce 04 juillet 2025 \u00e0 Ouagadougou par la Direction g\u00e9n\u00e9rale du conseil \u00e0 l&rsquo;orientation universitaire et des bourses (DGCOB), structure organisatrice de l&rsquo;\u00e9v\u00e9nement.","og_url":"https:\/\/www.latribunedufaso.net\/?p=21756","og_site_name":"La Tribune du Faso","article_publisher":"https:\/\/www.facebook.com\/LatribuneduFaso\/","article_published_time":"2025-07-05T07:12:44+00:00","article_modified_time":"2025-07-23T13:06:41+00:00","og_image":[{"width":800,"height":402,"url":"https:\/\/www.latribunedufaso.net\/wp-content\/uploads\/2025\/07\/FB_IMG_1751698938743.jpg","type":"image\/jpeg"}],"author":"Issouf Tapsoba","twitter_misc":{"\u00c9crit par":"Issouf Tapsoba","Dur\u00e9e de lecture estim\u00e9e":"3 minutes"},"schema":{"@context":"https:\/\/schema.org","@graph":[{"@type":"Article","@id":"https:\/\/www.latribunedufaso.net\/?p=21756#article","isPartOf":{"@id":"https:\/\/www.latribunedufaso.net\/?p=21756"},"author":{"name":"Issouf Tapsoba","@id":"https:\/\/www.latribunedufaso.net\/#\/schema\/person\/e54e64c5778a7e72cf80a318b7a622b0"},"headline":"Semaine nationale de l&rsquo;information et de l&rsquo;orientation : La 10e \u00e9dition se tiendra du 14 au 19 juillet 2025 au SIAO (Ouagadougou)","datePublished":"2025-07-05T07:12:44+00:00","dateModified":"2025-07-23T13:06:41+00:00","mainEntityOfPage":{"@id":"https:\/\/www.latribunedufaso.net\/?p=21756"},"wordCount":658,"commentCount":0,"publisher":{"@id":"https:\/\/www.latribunedufaso.net\/#organization"},"image":{"@id":"https:\/\/www.latribunedufaso.net\/?p=21756#primaryimage"},"thumbnailUrl":"https:\/\/www.latribunedufaso.net\/wp-content\/uploads\/2025\/07\/FB_IMG_1751698938743.jpg","keywords":["Baccalaur\u00e9at 2025","Direction g\u00e9n\u00e9rale du conseil \u00e0 l'orientation universitaire et des bourses (DGCOB)","\u00e9ducation","latribunedufaso.net","Orientation universitaire","Semaine nationale de l'information et de l'orientation (SIO)"],"articleSection":["A la une","Actualit\u00e9","\u00c9ducation"],"inLanguage":"fr-FR","potentialAction":[{"@type":"CommentAction","name":"Comment","target":["https:\/\/www.latribunedufaso.net\/?p=21756#respond"]}]},{"@type":"WebPage","@id":"https:\/\/www.latribunedufaso.net\/?p=21756","url":"https:\/\/www.latribunedufaso.net\/?p=21756","name":"Semaine nationale de l'information et de l'orientation : La 10e \u00e9dition se tiendra du 14 au 19 juillet 2025 au SIAO (Ouagadougou) - La Tribune du Faso","isPartOf":{"@id":"https:\/\/www.latribunedufaso.net\/#website"},"primaryImageOfPage":{"@id":"https:\/\/www.latribunedufaso.net\/?p=21756#primaryimage"},"image":{"@id":"https:\/\/www.latribunedufaso.net\/?p=21756#primaryimage"},"thumbnailUrl":"https:\/\/www.latribunedufaso.net\/wp-content\/uploads\/2025\/07\/FB_IMG_1751698938743.jpg","datePublished":"2025-07-05T07:12:44+00:00","dateModified":"2025-07-23T13:06:41+00:00","breadcrumb":{"@id":"https:\/\/www.latribunedufaso.net\/?p=21756#breadcrumb"},"inLanguage":"fr-FR","potentialAction":[{"@type":"ReadAction","target":["https:\/\/www.latribunedufaso.net\/?p=21756"]}]},{"@type":"ImageObject","inLanguage":"fr-FR","@id":"https:\/\/www.latribunedufaso.net\/?p=21756#primaryimage","url":"https:\/\/www.latribunedufaso.net\/wp-content\/uploads\/2025\/07\/FB_IMG_1751698938743.jpg","contentUrl":"https:\/\/www.latribunedufaso.net\/wp-content\/uploads\/2025\/07\/FB_IMG_1751698938743.jpg","width":800,"height":402,"caption":"Conf\u00e9rence de presse de la DGCOB sur la 10e \u00e9dition de la Semaine nationale de l'information et de l'orientation (SIO) post baccalaur\u00e9at, 4 juillet 2025"},{"@type":"BreadcrumbList","@id":"https:\/\/www.latribunedufaso.net\/?p=21756#breadcrumb","itemListElement":[{"@type":"ListItem","position":1,"name":"Accueil","item":"https:\/\/www.latribunedufaso.net\/"},{"@type":"ListItem","position":2,"name":"Semaine nationale de l&rsquo;information et de l&rsquo;orientation : La 10e \u00e9dition se tiendra du 14 au 19 juillet 2025 au SIAO (Ouagadougou)"}]},{"@type":"WebSite","@id":"https:\/\/www.latribunedufaso.net\/#website","url":"https:\/\/www.latribunedufaso.net\/","name":"La Tribune du Faso","description":"L&#039;information du monde rural en un clic","publisher":{"@id":"https:\/\/www.latribunedufaso.net\/#organization"},"potentialAction":[{"@type":"SearchAction","target":{"@type":"EntryPoint","urlTemplate":"https:\/\/www.latribunedufaso.net\/?s={search_term_string}"},"query-input":{"@type":"PropertyValueSpecification","valueRequired":true,"valueName":"search_term_string"}}],"inLanguage":"fr-FR"},{"@type":"Organization","@id":"https:\/\/www.latribunedufaso.net\/#organization","name":"La Tribune du Faso","url":"https:\/\/www.latribunedufaso.net\/","logo":{"@type":"ImageObject","inLanguage":"fr-FR","@id":"https:\/\/www.latribunedufaso.net\/#\/schema\/logo\/image\/","url":"https:\/\/www.latribunedufaso.net\/wp-content\/uploads\/2020\/08\/Logo-Tribune-du-Faso-final-scaled.jpg","contentUrl":"https:\/\/www.latribunedufaso.net\/wp-content\/uploads\/2020\/08\/Logo-Tribune-du-Faso-final-scaled.jpg","width":2560,"height":1856,"caption":"La Tribune du Faso"},"image":{"@id":"https:\/\/www.latribunedufaso.net\/#\/schema\/logo\/image\/"},"sameAs":["https:\/\/www.facebook.com\/LatribuneduFaso\/"]},{"@type":"Person","@id":"https:\/\/www.latribunedufaso.net\/#\/schema\/person\/e54e64c5778a7e72cf80a318b7a622b0","name":"Issouf Tapsoba","image":{"@type":"ImageObject","inLanguage":"fr-FR","@id":"https:\/\/secure.gravatar.com\/avatar\/5e6c05150ce3230247d167f5b94d678eb05936197436d69b7921e3a95c9107ac?s=96&d=mm&r=g","url":"https:\/\/secure.gravatar.com\/avatar\/5e6c05150ce3230247d167f5b94d678eb05936197436d69b7921e3a95c9107ac?s=96&d=mm&r=g","contentUrl":"https:\/\/secure.gravatar.com\/avatar\/5e6c05150ce3230247d167f5b94d678eb05936197436d69b7921e3a95c9107ac?s=96&d=mm&r=g","caption":"Issouf Tapsoba"},"url":"https:\/\/www.latribunedufaso.net\/?author=5"}]}},"_links":{"self":[{"href":"https:\/\/www.latribunedufaso.net\/index.php?rest_route=\/wp\/v2\/posts\/21756","targetHints":{"allow":["GET"]}}],"collection":[{"href":"https:\/\/www.latribunedufaso.net\/index.php?rest_route=\/wp\/v2\/posts"}],"about":[{"href":"https:\/\/www.latribunedufaso.net\/index.php?rest_route=\/wp\/v2\/types\/post"}],"author":[{"embeddable":true,"href":"https:\/\/www.latribunedufaso.net\/index.php?rest_route=\/wp\/v2\/users\/5"}],"replies":[{"embeddable":true,"href":"https:\/\/www.latribunedufaso.net\/index.php?rest_route=%2Fwp%2Fv2%2Fcomments&post=21756"}],"version-history":[{"count":3,"href":"https:\/\/www.latribunedufaso.net\/index.php?rest_route=\/wp\/v2\/posts\/21756\/revisions"}],"predecessor-version":[{"id":22115,"href":"https:\/\/www.latribunedufaso.net\/index.php?rest_route=\/wp\/v2\/posts\/21756\/revisions\/22115"}],"wp:featuredmedia":[{"embeddable":true,"href":"https:\/\/www.latribunedufaso.net\/index.php?rest_route=\/wp\/v2\/media\/21760"}],"wp:attachment":[{"href":"https:\/\/www.latribunedufaso.net\/index.php?rest_route=%2Fwp%2Fv2%2Fmedia&parent=21756"}],"wp:term":[{"taxonomy":"category","embeddable":true,"href":"https:\/\/www.latribunedufaso.net\/index.php?rest_route=%2Fwp%2Fv2%2Fcategories&post=21756"},{"taxonomy":"post_tag","embeddable":true,"href":"https:\/\/www.latribunedufaso.net\/index.php?rest_route=%2Fwp%2Fv2%2Ftags&post=21756"}],"curies":[{"name":"wp","href":"https:\/\/api.w.org\/{rel}","templated":true}]}}