{"id":21720,"date":"2025-07-03T22:00:15","date_gmt":"2025-07-03T22:00:15","guid":{"rendered":"https:\/\/www.latribunedufaso.net\/?p=21720"},"modified":"2025-07-04T09:50:52","modified_gmt":"2025-07-04T09:50:52","slug":"hausse-du-prix-des-motocyclettes-burkina-voici-les-conclusions-de-lenquete-de-la-bmcrf","status":"publish","type":"post","link":"https:\/\/www.latribunedufaso.net\/?p=21720","title":{"rendered":"Hausse du prix des motocyclettes\/Burkina : Voici les conclusions de l&rsquo;enqu\u00eate de la BMCRF"},"content":{"rendered":"<p><strong>Le 3 juillet 2025, la Brigade mobile de contr\u00f4le \u00e9conomique et de la r\u00e9pression des fraudes (BMCRF) a tenu une conf\u00e9rence de presse d\u00e9cisive \u00e0 Ouagadougou.\u00a0<\/strong><!--more--><\/p>\n<p>Objectif, lever le voile sur les<em><strong> \u00ab causes r\u00e9elles \u00bb<\/strong><\/em> de la hausse des prix des motocyclettes au Burkina Faso et rassurer les consommateurs sur les actions concr\u00e8tes engag\u00e9es pour y rem\u00e9dier.<\/p>\n<p>Du 8 au 17 avril dernier, la BMCRF a men\u00e9 des investigations sur plusieurs points de vente \u00e0 Ouagadougou et Bobo-Dioulasso. Les prix des motos ont effectivement grimp\u00e9, et cette inflation s\u2019explique \u00e0 deux niveaux.<\/p>\n<p>Chez les importateurs, on note le ralentissement de la production internationale des marques Sirius et Finn, d\u00fb au manque de mati\u00e8res premi\u00e8res. S\u2019y ajoutent la difficult\u00e9 d\u2019acc\u00e8s direct aux usines, l\u2019obligation de passer par des interm\u00e9diaires, le co\u00fbt croissant du transport et du transit.<\/p>\n<p>Du c\u00f4t\u00e9 des d\u00e9taillants, la raret\u00e9 et les ruptures de stocks chez les grossistes ont automatiquement tir\u00e9 les prix vers le haut.<\/p>\n<p>Face \u00e0 cette crise persistante, le minist\u00e8re en charge du Commerce, par le biais de la BMCRF, propose une s\u00e9rie de mesures pour casser la spirale des prix. il s&rsquo;agit de la :\u00a0<\/p>\n<p>-Mise en place d\u2019une Autorisation Sp\u00e9ciale d\u2019Importation (ASI) pour mieux contr\u00f4ler l\u2019approvisionnement.<\/p>\n<p>&#8211; Montage local des motos dites <em><strong>\u00ab originales \u00bb <\/strong><\/em>afin de b\u00e9n\u00e9ficier d\u2019exon\u00e9rations fiscales et r\u00e9duire les co\u00fbts.<\/p>\n<p>&#8211; Surveillance p\u00e9riodique des prix et des stocks sur tout le territoire.<\/p>\n<p>En parall\u00e8le, le minist\u00e8re a saisi les Ambassades du Burkina Faso dans les pays fournisseurs afin de recueillir des donn\u00e9es pr\u00e9cises sur les prix \u00e0 l\u2019origine. Ces informations permettront une comparaison avec les pratiques commerciales internes, pour une transparence accrue.<\/p>\n<p>La BMCRF a annonc\u00e9 une intensification des contr\u00f4les chez les importateurs, unit\u00e9s de montage et revendeurs.\u00a0<\/p>\n<p>Le Coordonnateur G\u00e9n\u00e9ral de la BMCRF, Sanib\u00e8 Faho a \u00e9t\u00e9 sans \u00e9quivoque : <em><strong>\u00ab Toute pratique de sp\u00e9culation excessive sera sanctionn\u00e9e. Les motos seront saisies et revendues, et les recettes revers\u00e9es au Fonds de soutien patriotique. \u00bb<\/strong><\/em><\/p>\n<p>Il a exhort\u00e9 les op\u00e9rateurs \u00e9conomiques \u00e0 faire preuve d\u2019\u00e9thique et de respect des r\u00e8gles en vigueur.\u00a0<\/p>\n<blockquote>\n<p>Lire aussi &gt;&gt; <a href=\"https:\/\/www.latribunedufaso.net\/?p=19896\">Burkina\/Hausse des prix des motocycles : La BMCRF sur le terrain pour identifier les causes\u00a0<\/a><\/p>\n<\/blockquote>\n<p>Aux consommateurs, il a lanc\u00e9 un appel \u00e0 la vigilance et \u00e0 des choix strat\u00e9giques de r\u00e9silience face \u00e0 cette conjoncture difficile.<\/p>\n<p>Pour signaler tout abus ou manquement, des num\u00e9ros verts<\/p>\n<p>80 00 11 84 \/ 80 00 11 85 \/ 80 00 11 86 (Bobo Dioulasso)<\/p>\n<p><strong>Latribunedufaso.net<\/strong><\/p>\n<p><strong>Source : SCRP\/BMCRF<\/strong><\/p>\n","protected":false},"excerpt":{"rendered":"<p>Le 3 juillet 2025, la Brigade mobile de contr\u00f4le \u00e9conomique et de la r\u00e9pression des fraudes (BMCRF) a tenu une conf\u00e9rence de presse d\u00e9cisive \u00e0 Ouagadougou.\u00a0<\/p>\n","protected":false},"author":5,"featured_media":21722,"comment_status":"open","ping_status":"open","sticky":false,"template":"","format":"standard","meta":{"footnotes":""},"categories":[13,1,8],"tags":[273,1285,39],"class_list":["post-21720","post","type-post","status-publish","format-standard","has-post-thumbnail","hentry","category-une","category-actu","category-societe","tag-bmcrf","tag-hausse-du-prix-des-motos","tag-latribunedufaso-net"],"yoast_head":"<!-- This site is optimized with the Yoast SEO plugin v27.5 - https:\/\/yoast.com\/product\/yoast-seo-wordpress\/ -->\n<title>Hausse du prix des motocyclettes\/Burkina : Voici les conclusions de l&#039;enqu\u00eate de la BMCRF - La Tribune du Faso<\/title>\n<meta name=\"robots\" content=\"index, follow, max-snippet:-1, max-image-preview:large, max-video-preview:-1\" \/>\n<link rel=\"canonical\" href=\"https:\/\/www.latribunedufaso.net\/?p=21720\" \/>\n<meta property=\"og:locale\" content=\"fr_FR\" \/>\n<meta property=\"og:type\" content=\"article\" \/>\n<meta property=\"og:title\" content=\"Hausse du prix des motocyclettes\/Burkina : Voici les conclusions de l&#039;enqu\u00eate de la BMCRF - La Tribune du Faso\" \/>\n<meta property=\"og:description\" content=\"Le 3 juillet 2025, la Brigade mobile de contr\u00f4le \u00e9conomique et de la r\u00e9pression des fraudes (BMCRF) a tenu une conf\u00e9rence de presse d\u00e9cisive \u00e0 Ouagadougou.\u00a0\" \/>\n<meta property=\"og:url\" content=\"https:\/\/www.latribunedufaso.net\/?p=21720\" \/>\n<meta property=\"og:site_name\" content=\"La Tribune du Faso\" \/>\n<meta property=\"article:publisher\" content=\"https:\/\/www.facebook.com\/LatribuneduFaso\/\" \/>\n<meta property=\"article:published_time\" content=\"2025-07-03T22:00:15+00:00\" \/>\n<meta property=\"article:modified_time\" content=\"2025-07-04T09:50:52+00:00\" \/>\n<meta property=\"og:image\" content=\"https:\/\/www.latribunedufaso.net\/wp-content\/uploads\/2025\/07\/FB_IMG_1751580276135.jpg\" \/>\n\t<meta property=\"og:image:width\" content=\"1280\" \/>\n\t<meta property=\"og:image:height\" content=\"960\" \/>\n\t<meta property=\"og:image:type\" content=\"image\/jpeg\" \/>\n<meta name=\"author\" content=\"Issouf Tapsoba\" \/>\n<meta name=\"twitter:label1\" content=\"\u00c9crit par\" \/>\n\t<meta name=\"twitter:data1\" content=\"Issouf Tapsoba\" \/>\n\t<meta name=\"twitter:label2\" content=\"Dur\u00e9e de lecture estim\u00e9e\" \/>\n\t<meta name=\"twitter:data2\" content=\"2 minutes\" \/>\n<script type=\"application\/ld+json\" class=\"yoast-schema-graph\">{\"@context\":\"https:\\\/\\\/schema.org\",\"@graph\":[{\"@type\":\"Article\",\"@id\":\"https:\\\/\\\/www.latribunedufaso.net\\\/?p=21720#article\",\"isPartOf\":{\"@id\":\"https:\\\/\\\/www.latribunedufaso.net\\\/?p=21720\"},\"author\":{\"name\":\"Issouf Tapsoba\",\"@id\":\"https:\\\/\\\/www.latribunedufaso.net\\\/#\\\/schema\\\/person\\\/e54e64c5778a7e72cf80a318b7a622b0\"},\"headline\":\"Hausse du prix des motocyclettes\\\/Burkina : Voici les conclusions de l&rsquo;enqu\u00eate de la BMCRF\",\"datePublished\":\"2025-07-03T22:00:15+00:00\",\"dateModified\":\"2025-07-04T09:50:52+00:00\",\"mainEntityOfPage\":{\"@id\":\"https:\\\/\\\/www.latribunedufaso.net\\\/?p=21720\"},\"wordCount\":448,\"commentCount\":0,\"publisher\":{\"@id\":\"https:\\\/\\\/www.latribunedufaso.net\\\/#organization\"},\"image\":{\"@id\":\"https:\\\/\\\/www.latribunedufaso.net\\\/?p=21720#primaryimage\"},\"thumbnailUrl\":\"https:\\\/\\\/www.latribunedufaso.net\\\/wp-content\\\/uploads\\\/2025\\\/07\\\/FB_IMG_1751580276135.jpg\",\"keywords\":[\"BMCRF\",\"Hausse du prix des motos\",\"latribunedufaso.net\"],\"articleSection\":[\"A la une\",\"Actualit\u00e9\",\"Soci\u00e9t\u00e9\"],\"inLanguage\":\"fr-FR\",\"potentialAction\":[{\"@type\":\"CommentAction\",\"name\":\"Comment\",\"target\":[\"https:\\\/\\\/www.latribunedufaso.net\\\/?p=21720#respond\"]}]},{\"@type\":\"WebPage\",\"@id\":\"https:\\\/\\\/www.latribunedufaso.net\\\/?p=21720\",\"url\":\"https:\\\/\\\/www.latribunedufaso.net\\\/?p=21720\",\"name\":\"Hausse du prix des motocyclettes\\\/Burkina : Voici les conclusions de l'enqu\u00eate de la BMCRF - La Tribune du Faso\",\"isPartOf\":{\"@id\":\"https:\\\/\\\/www.latribunedufaso.net\\\/#website\"},\"primaryImageOfPage\":{\"@id\":\"https:\\\/\\\/www.latribunedufaso.net\\\/?p=21720#primaryimage\"},\"image\":{\"@id\":\"https:\\\/\\\/www.latribunedufaso.net\\\/?p=21720#primaryimage\"},\"thumbnailUrl\":\"https:\\\/\\\/www.latribunedufaso.net\\\/wp-content\\\/uploads\\\/2025\\\/07\\\/FB_IMG_1751580276135.jpg\",\"datePublished\":\"2025-07-03T22:00:15+00:00\",\"dateModified\":\"2025-07-04T09:50:52+00:00\",\"breadcrumb\":{\"@id\":\"https:\\\/\\\/www.latribunedufaso.net\\\/?p=21720#breadcrumb\"},\"inLanguage\":\"fr-FR\",\"potentialAction\":[{\"@type\":\"ReadAction\",\"target\":[\"https:\\\/\\\/www.latribunedufaso.net\\\/?p=21720\"]}]},{\"@type\":\"ImageObject\",\"inLanguage\":\"fr-FR\",\"@id\":\"https:\\\/\\\/www.latribunedufaso.net\\\/?p=21720#primaryimage\",\"url\":\"https:\\\/\\\/www.latribunedufaso.net\\\/wp-content\\\/uploads\\\/2025\\\/07\\\/FB_IMG_1751580276135.jpg\",\"contentUrl\":\"https:\\\/\\\/www.latribunedufaso.net\\\/wp-content\\\/uploads\\\/2025\\\/07\\\/FB_IMG_1751580276135.jpg\",\"width\":1280,\"height\":960,\"caption\":\"Conf\u00e9rence de presse de la BMCRF sur la flamb\u00e9e des prix des motos, 3 juillet 2025 \u00e0 Ouagadougou\"},{\"@type\":\"BreadcrumbList\",\"@id\":\"https:\\\/\\\/www.latribunedufaso.net\\\/?p=21720#breadcrumb\",\"itemListElement\":[{\"@type\":\"ListItem\",\"position\":1,\"name\":\"Accueil\",\"item\":\"https:\\\/\\\/www.latribunedufaso.net\\\/\"},{\"@type\":\"ListItem\",\"position\":2,\"name\":\"Hausse du prix des motocyclettes\\\/Burkina : Voici les conclusions de l&rsquo;enqu\u00eate de la BMCRF\"}]},{\"@type\":\"WebSite\",\"@id\":\"https:\\\/\\\/www.latribunedufaso.net\\\/#website\",\"url\":\"https:\\\/\\\/www.latribunedufaso.net\\\/\",\"name\":\"La Tribune du Faso\",\"description\":\"L&#039;information du monde rural en un clic\",\"publisher\":{\"@id\":\"https:\\\/\\\/www.latribunedufaso.net\\\/#organization\"},\"potentialAction\":[{\"@type\":\"SearchAction\",\"target\":{\"@type\":\"EntryPoint\",\"urlTemplate\":\"https:\\\/\\\/www.latribunedufaso.net\\\/?s={search_term_string}\"},\"query-input\":{\"@type\":\"PropertyValueSpecification\",\"valueRequired\":true,\"valueName\":\"search_term_string\"}}],\"inLanguage\":\"fr-FR\"},{\"@type\":\"Organization\",\"@id\":\"https:\\\/\\\/www.latribunedufaso.net\\\/#organization\",\"name\":\"La Tribune du Faso\",\"url\":\"https:\\\/\\\/www.latribunedufaso.net\\\/\",\"logo\":{\"@type\":\"ImageObject\",\"inLanguage\":\"fr-FR\",\"@id\":\"https:\\\/\\\/www.latribunedufaso.net\\\/#\\\/schema\\\/logo\\\/image\\\/\",\"url\":\"https:\\\/\\\/www.latribunedufaso.net\\\/wp-content\\\/uploads\\\/2020\\\/08\\\/Logo-Tribune-du-Faso-final-scaled.jpg\",\"contentUrl\":\"https:\\\/\\\/www.latribunedufaso.net\\\/wp-content\\\/uploads\\\/2020\\\/08\\\/Logo-Tribune-du-Faso-final-scaled.jpg\",\"width\":2560,\"height\":1856,\"caption\":\"La Tribune du Faso\"},\"image\":{\"@id\":\"https:\\\/\\\/www.latribunedufaso.net\\\/#\\\/schema\\\/logo\\\/image\\\/\"},\"sameAs\":[\"https:\\\/\\\/www.facebook.com\\\/LatribuneduFaso\\\/\"]},{\"@type\":\"Person\",\"@id\":\"https:\\\/\\\/www.latribunedufaso.net\\\/#\\\/schema\\\/person\\\/e54e64c5778a7e72cf80a318b7a622b0\",\"name\":\"Issouf Tapsoba\",\"image\":{\"@type\":\"ImageObject\",\"inLanguage\":\"fr-FR\",\"@id\":\"https:\\\/\\\/secure.gravatar.com\\\/avatar\\\/5e6c05150ce3230247d167f5b94d678eb05936197436d69b7921e3a95c9107ac?s=96&d=mm&r=g\",\"url\":\"https:\\\/\\\/secure.gravatar.com\\\/avatar\\\/5e6c05150ce3230247d167f5b94d678eb05936197436d69b7921e3a95c9107ac?s=96&d=mm&r=g\",\"contentUrl\":\"https:\\\/\\\/secure.gravatar.com\\\/avatar\\\/5e6c05150ce3230247d167f5b94d678eb05936197436d69b7921e3a95c9107ac?s=96&d=mm&r=g\",\"caption\":\"Issouf Tapsoba\"},\"url\":\"https:\\\/\\\/www.latribunedufaso.net\\\/?author=5\"}]}<\/script>\n<!-- \/ Yoast SEO plugin. -->","yoast_head_json":{"title":"Hausse du prix des motocyclettes\/Burkina : Voici les conclusions de l'enqu\u00eate de la BMCRF - La Tribune du Faso","robots":{"index":"index","follow":"follow","max-snippet":"max-snippet:-1","max-image-preview":"max-image-preview:large","max-video-preview":"max-video-preview:-1"},"canonical":"https:\/\/www.latribunedufaso.net\/?p=21720","og_locale":"fr_FR","og_type":"article","og_title":"Hausse du prix des motocyclettes\/Burkina : Voici les conclusions de l'enqu\u00eate de la BMCRF - La Tribune du Faso","og_description":"Le 3 juillet 2025, la Brigade mobile de contr\u00f4le \u00e9conomique et de la r\u00e9pression des fraudes (BMCRF) a tenu une conf\u00e9rence de presse d\u00e9cisive \u00e0 Ouagadougou.\u00a0","og_url":"https:\/\/www.latribunedufaso.net\/?p=21720","og_site_name":"La Tribune du Faso","article_publisher":"https:\/\/www.facebook.com\/LatribuneduFaso\/","article_published_time":"2025-07-03T22:00:15+00:00","article_modified_time":"2025-07-04T09:50:52+00:00","og_image":[{"width":1280,"height":960,"url":"https:\/\/www.latribunedufaso.net\/wp-content\/uploads\/2025\/07\/FB_IMG_1751580276135.jpg","type":"image\/jpeg"}],"author":"Issouf Tapsoba","twitter_misc":{"\u00c9crit par":"Issouf Tapsoba","Dur\u00e9e de lecture estim\u00e9e":"2 minutes"},"schema":{"@context":"https:\/\/schema.org","@graph":[{"@type":"Article","@id":"https:\/\/www.latribunedufaso.net\/?p=21720#article","isPartOf":{"@id":"https:\/\/www.latribunedufaso.net\/?p=21720"},"author":{"name":"Issouf Tapsoba","@id":"https:\/\/www.latribunedufaso.net\/#\/schema\/person\/e54e64c5778a7e72cf80a318b7a622b0"},"headline":"Hausse du prix des motocyclettes\/Burkina : Voici les conclusions de l&rsquo;enqu\u00eate de la BMCRF","datePublished":"2025-07-03T22:00:15+00:00","dateModified":"2025-07-04T09:50:52+00:00","mainEntityOfPage":{"@id":"https:\/\/www.latribunedufaso.net\/?p=21720"},"wordCount":448,"commentCount":0,"publisher":{"@id":"https:\/\/www.latribunedufaso.net\/#organization"},"image":{"@id":"https:\/\/www.latribunedufaso.net\/?p=21720#primaryimage"},"thumbnailUrl":"https:\/\/www.latribunedufaso.net\/wp-content\/uploads\/2025\/07\/FB_IMG_1751580276135.jpg","keywords":["BMCRF","Hausse du prix des motos","latribunedufaso.net"],"articleSection":["A la une","Actualit\u00e9","Soci\u00e9t\u00e9"],"inLanguage":"fr-FR","potentialAction":[{"@type":"CommentAction","name":"Comment","target":["https:\/\/www.latribunedufaso.net\/?p=21720#respond"]}]},{"@type":"WebPage","@id":"https:\/\/www.latribunedufaso.net\/?p=21720","url":"https:\/\/www.latribunedufaso.net\/?p=21720","name":"Hausse du prix des motocyclettes\/Burkina : Voici les conclusions de l'enqu\u00eate de la BMCRF - La Tribune du Faso","isPartOf":{"@id":"https:\/\/www.latribunedufaso.net\/#website"},"primaryImageOfPage":{"@id":"https:\/\/www.latribunedufaso.net\/?p=21720#primaryimage"},"image":{"@id":"https:\/\/www.latribunedufaso.net\/?p=21720#primaryimage"},"thumbnailUrl":"https:\/\/www.latribunedufaso.net\/wp-content\/uploads\/2025\/07\/FB_IMG_1751580276135.jpg","datePublished":"2025-07-03T22:00:15+00:00","dateModified":"2025-07-04T09:50:52+00:00","breadcrumb":{"@id":"https:\/\/www.latribunedufaso.net\/?p=21720#breadcrumb"},"inLanguage":"fr-FR","potentialAction":[{"@type":"ReadAction","target":["https:\/\/www.latribunedufaso.net\/?p=21720"]}]},{"@type":"ImageObject","inLanguage":"fr-FR","@id":"https:\/\/www.latribunedufaso.net\/?p=21720#primaryimage","url":"https:\/\/www.latribunedufaso.net\/wp-content\/uploads\/2025\/07\/FB_IMG_1751580276135.jpg","contentUrl":"https:\/\/www.latribunedufaso.net\/wp-content\/uploads\/2025\/07\/FB_IMG_1751580276135.jpg","width":1280,"height":960,"caption":"Conf\u00e9rence de presse de la BMCRF sur la flamb\u00e9e des prix des motos, 3 juillet 2025 \u00e0 Ouagadougou"},{"@type":"BreadcrumbList","@id":"https:\/\/www.latribunedufaso.net\/?p=21720#breadcrumb","itemListElement":[{"@type":"ListItem","position":1,"name":"Accueil","item":"https:\/\/www.latribunedufaso.net\/"},{"@type":"ListItem","position":2,"name":"Hausse du prix des motocyclettes\/Burkina : Voici les conclusions de l&rsquo;enqu\u00eate de la BMCRF"}]},{"@type":"WebSite","@id":"https:\/\/www.latribunedufaso.net\/#website","url":"https:\/\/www.latribunedufaso.net\/","name":"La Tribune du Faso","description":"L&#039;information du monde rural en un clic","publisher":{"@id":"https:\/\/www.latribunedufaso.net\/#organization"},"potentialAction":[{"@type":"SearchAction","target":{"@type":"EntryPoint","urlTemplate":"https:\/\/www.latribunedufaso.net\/?s={search_term_string}"},"query-input":{"@type":"PropertyValueSpecification","valueRequired":true,"valueName":"search_term_string"}}],"inLanguage":"fr-FR"},{"@type":"Organization","@id":"https:\/\/www.latribunedufaso.net\/#organization","name":"La Tribune du Faso","url":"https:\/\/www.latribunedufaso.net\/","logo":{"@type":"ImageObject","inLanguage":"fr-FR","@id":"https:\/\/www.latribunedufaso.net\/#\/schema\/logo\/image\/","url":"https:\/\/www.latribunedufaso.net\/wp-content\/uploads\/2020\/08\/Logo-Tribune-du-Faso-final-scaled.jpg","contentUrl":"https:\/\/www.latribunedufaso.net\/wp-content\/uploads\/2020\/08\/Logo-Tribune-du-Faso-final-scaled.jpg","width":2560,"height":1856,"caption":"La Tribune du Faso"},"image":{"@id":"https:\/\/www.latribunedufaso.net\/#\/schema\/logo\/image\/"},"sameAs":["https:\/\/www.facebook.com\/LatribuneduFaso\/"]},{"@type":"Person","@id":"https:\/\/www.latribunedufaso.net\/#\/schema\/person\/e54e64c5778a7e72cf80a318b7a622b0","name":"Issouf Tapsoba","image":{"@type":"ImageObject","inLanguage":"fr-FR","@id":"https:\/\/secure.gravatar.com\/avatar\/5e6c05150ce3230247d167f5b94d678eb05936197436d69b7921e3a95c9107ac?s=96&d=mm&r=g","url":"https:\/\/secure.gravatar.com\/avatar\/5e6c05150ce3230247d167f5b94d678eb05936197436d69b7921e3a95c9107ac?s=96&d=mm&r=g","contentUrl":"https:\/\/secure.gravatar.com\/avatar\/5e6c05150ce3230247d167f5b94d678eb05936197436d69b7921e3a95c9107ac?s=96&d=mm&r=g","caption":"Issouf Tapsoba"},"url":"https:\/\/www.latribunedufaso.net\/?author=5"}]}},"_links":{"self":[{"href":"https:\/\/www.latribunedufaso.net\/index.php?rest_route=\/wp\/v2\/posts\/21720","targetHints":{"allow":["GET"]}}],"collection":[{"href":"https:\/\/www.latribunedufaso.net\/index.php?rest_route=\/wp\/v2\/posts"}],"about":[{"href":"https:\/\/www.latribunedufaso.net\/index.php?rest_route=\/wp\/v2\/types\/post"}],"author":[{"embeddable":true,"href":"https:\/\/www.latribunedufaso.net\/index.php?rest_route=\/wp\/v2\/users\/5"}],"replies":[{"embeddable":true,"href":"https:\/\/www.latribunedufaso.net\/index.php?rest_route=%2Fwp%2Fv2%2Fcomments&post=21720"}],"version-history":[{"count":1,"href":"https:\/\/www.latribunedufaso.net\/index.php?rest_route=\/wp\/v2\/posts\/21720\/revisions"}],"predecessor-version":[{"id":21723,"href":"https:\/\/www.latribunedufaso.net\/index.php?rest_route=\/wp\/v2\/posts\/21720\/revisions\/21723"}],"wp:featuredmedia":[{"embeddable":true,"href":"https:\/\/www.latribunedufaso.net\/index.php?rest_route=\/wp\/v2\/media\/21722"}],"wp:attachment":[{"href":"https:\/\/www.latribunedufaso.net\/index.php?rest_route=%2Fwp%2Fv2%2Fmedia&parent=21720"}],"wp:term":[{"taxonomy":"category","embeddable":true,"href":"https:\/\/www.latribunedufaso.net\/index.php?rest_route=%2Fwp%2Fv2%2Fcategories&post=21720"},{"taxonomy":"post_tag","embeddable":true,"href":"https:\/\/www.latribunedufaso.net\/index.php?rest_route=%2Fwp%2Fv2%2Ftags&post=21720"}],"curies":[{"name":"wp","href":"https:\/\/api.w.org\/{rel}","templated":true}]}}