{"id":21712,"date":"2025-07-02T16:11:46","date_gmt":"2025-07-02T16:11:46","guid":{"rendered":"https:\/\/www.latribunedufaso.net\/?p=21712"},"modified":"2025-07-02T16:14:39","modified_gmt":"2025-07-02T16:14:39","slug":"lutte-contre-le-tride-drogues-la-douane-burkinabe-honoree","status":"publish","type":"post","link":"https:\/\/www.latribunedufaso.net\/?p=21712","title":{"rendered":"Lutte contre le tride drogues : La Douane burkinab\u00e8 honor\u00e9e"},"content":{"rendered":"<p><strong>\u00c0 l\u2019occasion de la 38\u1d49 Journ\u00e9e internationale contre l\u2019abus et le trafic illicite de drogues, c\u00e9l\u00e9br\u00e9e le 26 juin 2025, la Direction G\u00e9n\u00e9rale des Douanes du Burkina Faso a \u00e9t\u00e9 honor\u00e9e par une attestation de reconnaissance pour ses efforts <em>\u00ab remarquables \u00bb <\/em>dans la lutte contre le trafic de drogues. Cette distinction a \u00e9t\u00e9 d\u00e9cern\u00e9e par le ministre de la S\u00e9curit\u00e9, Pr\u00e9sident du Comit\u00e9 national de lutte contre la drogue.<\/strong><!--more--><\/p>\n<p>Au cours de cette c\u00e9l\u00e9bration, notamment lors de l\u2019activit\u00e9 d\u2019incin\u00e9ration, la Douane a contribu\u00e9 en transmettant les quantit\u00e9s de drogues saisies et disponibles pour destruction : 36 800 kg de m\u00e9dicaments contrefaisants, d\u2019une valeur estim\u00e9e \u00e0 184 millions de FCFA, ainsi que 2 126,4 kg de cannabis, \u00e9valu\u00e9s \u00e0 212,64 millions de FCFA, soit un total de 396,64 millions FCFA.<\/p>\n<figure id=\"attachment_21713\" aria-describedby=\"caption-attachment-21713\" style=\"width: 2048px\" class=\"wp-caption aligncenter\"><a href=\"https:\/\/www.latribunedufaso.net\/wp-content\/uploads\/2025\/07\/FB_IMG_1751472252084.jpg\"><img loading=\"lazy\" decoding=\"async\" class=\"size-full wp-image-21713\" src=\"https:\/\/www.latribunedufaso.net\/wp-content\/uploads\/2025\/07\/FB_IMG_1751472252084.jpg\" alt=\"\u00c0 l\u2019occasion de la 38\u1d49 Journ\u00e9e internationale contre l\u2019abus et le trafic illicite de drogues, c\u00e9l\u00e9br\u00e9e le 26 juin 2025, la Direction G\u00e9n\u00e9rale des Douanes du Burkina Faso a \u00e9t\u00e9 honor\u00e9e par une attestation de reconnaissance\" width=\"2048\" height=\"1410\" srcset=\"https:\/\/www.latribunedufaso.net\/wp-content\/uploads\/2025\/07\/FB_IMG_1751472252084.jpg 2048w, https:\/\/www.latribunedufaso.net\/wp-content\/uploads\/2025\/07\/FB_IMG_1751472252084-300x207.jpg 300w, https:\/\/www.latribunedufaso.net\/wp-content\/uploads\/2025\/07\/FB_IMG_1751472252084-1024x705.jpg 1024w, https:\/\/www.latribunedufaso.net\/wp-content\/uploads\/2025\/07\/FB_IMG_1751472252084-768x529.jpg 768w, https:\/\/www.latribunedufaso.net\/wp-content\/uploads\/2025\/07\/FB_IMG_1751472252084-1536x1058.jpg 1536w\" sizes=\"auto, (max-width: 2048px) 100vw, 2048px\" \/><\/a><figcaption id=\"caption-attachment-21713\" class=\"wp-caption-text\">La Douane du Burkina Faso honor\u00e9e pour ses efforts pour la lutte contre le trafic de drogues &#8211; Ph. DR<\/figcaption><\/figure>\n<p>En rappel la DGD avait contribu\u00e9 lors de la derni\u00e8re comm\u00e9moration environ 90% produits saisis et incin\u00e9r\u00e9s.\u00a0<\/p>\n<p>&nbsp;<\/p>\n<p>&nbsp;<\/p>\n<p>Cette distinction constitue une marque de reconnaissance envers les agents douaniers, engag\u00e9s en premi\u00e8re ligne dans la lutte contre les stup\u00e9fiants \u00e0 travers des saisies r\u00e9guli\u00e8res, le d\u00e9mant\u00e8lement de r\u00e9seaux illicites et la surveillance constante de nos fronti\u00e8res.<\/p>\n<p>\u00c0 travers cette attestation, le minist\u00e8re de la S\u00e9curit\u00e9 salue l&rsquo;engagement, le professionnalisme et la vigilance de la Douane burkinab\u00e8, devenue un acteur cl\u00e9 de la protection de la sant\u00e9 publique et de la s\u00e9curit\u00e9 nationale, notamment par l\u2019ass\u00e8chement des sources de financement du terrorisme.<\/p>\n<p>La Direction G\u00e9n\u00e9rale des Douanes r\u00e9affirme sa d\u00e9termination \u00e0 poursuivre cette lutte, en synergie avec les Forces de d\u00e9fense et de s\u00e9curit\u00e9, pour la protection de la soci\u00e9t\u00e9 et de l\u2019\u00e9conomie nationale.<\/p>\n<blockquote>\n<p>Lire aussi &gt;&gt; <a href=\"https:\/\/www.latribunedufaso.net\/?p=20010\">Lutte contre la drogue : 133 tonnes de drogues saisies en 2024<\/a><\/p>\n<\/blockquote>\n<p>Le Directeur G\u00e9n\u00e9ral des Douanes, l\u2019Inspecteur divisionnaire Yves Kafando, adresse ses vives f\u00e9licitations \u00e0 l\u2019ensemble des agents pour cette reconnaissance <em><strong>\u00ab bien m\u00e9rit\u00e9e \u00bb<\/strong><\/em>. Il les a exhort\u00e9 \u00e0 continuer \u00e0 faire barrage \u00e0 la drogue, pour un Burkina Faso plus s\u00fbr et plus sain.<\/p>\n<p><strong>Latribunedufaso.net<\/strong><\/p>\n<p><strong>Source : SCRP-DGD\ud835\udc12<\/strong><\/p>\n","protected":false},"excerpt":{"rendered":"<p>\u00c0 l\u2019occasion de la 38\u1d49 Journ\u00e9e internationale contre l\u2019abus et le trafic illicite de drogues, c\u00e9l\u00e9br\u00e9e le 26 juin 2025, la Direction G\u00e9n\u00e9rale des Douanes du Burkina Faso a \u00e9t\u00e9 honor\u00e9e par une attestation de reconnaissance pour ses efforts \u00ab remarquables \u00bb dans la lutte contre le trafic de drogues. Cette distinction a \u00e9t\u00e9 d\u00e9cern\u00e9e par le ministre de la S\u00e9curit\u00e9, Pr\u00e9sident du Comit\u00e9 national de lutte contre la drogue.<\/p>\n","protected":false},"author":5,"featured_media":21714,"comment_status":"open","ping_status":"open","sticky":false,"template":"","format":"standard","meta":{"footnotes":""},"categories":[13,1,8],"tags":[976,39,1280],"class_list":["post-21712","post","type-post","status-publish","format-standard","has-post-thumbnail","hentry","category-une","category-actu","category-societe","tag-douanes-burkina","tag-latribunedufaso-net","tag-lutte-contre-le-trafic-de-la-drogue"],"yoast_head":"<!-- This site is optimized with the Yoast SEO plugin v27.4 - https:\/\/yoast.com\/product\/yoast-seo-wordpress\/ -->\n<title>Lutte contre le tride drogues : La Douane burkinab\u00e8 honor\u00e9e - La Tribune du Faso<\/title>\n<meta name=\"robots\" content=\"index, follow, max-snippet:-1, max-image-preview:large, max-video-preview:-1\" \/>\n<link rel=\"canonical\" href=\"https:\/\/www.latribunedufaso.net\/?p=21712\" \/>\n<meta property=\"og:locale\" content=\"fr_FR\" \/>\n<meta property=\"og:type\" content=\"article\" \/>\n<meta property=\"og:title\" content=\"Lutte contre le tride drogues : La Douane burkinab\u00e8 honor\u00e9e - La Tribune du Faso\" \/>\n<meta property=\"og:description\" content=\"\u00c0 l\u2019occasion de la 38\u1d49 Journ\u00e9e internationale contre l\u2019abus et le trafic illicite de drogues, c\u00e9l\u00e9br\u00e9e le 26 juin 2025, la Direction G\u00e9n\u00e9rale des Douanes du Burkina Faso a \u00e9t\u00e9 honor\u00e9e par une attestation de reconnaissance pour ses efforts \u00ab remarquables \u00bb dans la lutte contre le trafic de drogues. Cette distinction a \u00e9t\u00e9 d\u00e9cern\u00e9e par le ministre de la S\u00e9curit\u00e9, Pr\u00e9sident du Comit\u00e9 national de lutte contre la drogue.\" \/>\n<meta property=\"og:url\" content=\"https:\/\/www.latribunedufaso.net\/?p=21712\" \/>\n<meta property=\"og:site_name\" content=\"La Tribune du Faso\" \/>\n<meta property=\"article:publisher\" content=\"https:\/\/www.facebook.com\/LatribuneduFaso\/\" \/>\n<meta property=\"article:published_time\" content=\"2025-07-02T16:11:46+00:00\" \/>\n<meta property=\"article:modified_time\" content=\"2025-07-02T16:14:39+00:00\" \/>\n<meta property=\"og:image\" content=\"https:\/\/www.latribunedufaso.net\/wp-content\/uploads\/2025\/07\/FB_IMG_1751472280326_1.jpg\" \/>\n\t<meta property=\"og:image:width\" content=\"476\" \/>\n\t<meta property=\"og:image:height\" content=\"358\" \/>\n\t<meta property=\"og:image:type\" content=\"image\/jpeg\" \/>\n<meta name=\"author\" content=\"Issouf Tapsoba\" \/>\n<meta name=\"twitter:label1\" content=\"\u00c9crit par\" \/>\n\t<meta name=\"twitter:data1\" content=\"Issouf Tapsoba\" \/>\n\t<meta name=\"twitter:label2\" content=\"Dur\u00e9e de lecture estim\u00e9e\" \/>\n\t<meta name=\"twitter:data2\" content=\"2 minutes\" \/>\n<script type=\"application\/ld+json\" class=\"yoast-schema-graph\">{\"@context\":\"https:\\\/\\\/schema.org\",\"@graph\":[{\"@type\":\"Article\",\"@id\":\"https:\\\/\\\/www.latribunedufaso.net\\\/?p=21712#article\",\"isPartOf\":{\"@id\":\"https:\\\/\\\/www.latribunedufaso.net\\\/?p=21712\"},\"author\":{\"name\":\"Issouf Tapsoba\",\"@id\":\"https:\\\/\\\/www.latribunedufaso.net\\\/#\\\/schema\\\/person\\\/e54e64c5778a7e72cf80a318b7a622b0\"},\"headline\":\"Lutte contre le tride drogues : La Douane burkinab\u00e8 honor\u00e9e\",\"datePublished\":\"2025-07-02T16:11:46+00:00\",\"dateModified\":\"2025-07-02T16:14:39+00:00\",\"mainEntityOfPage\":{\"@id\":\"https:\\\/\\\/www.latribunedufaso.net\\\/?p=21712\"},\"wordCount\":396,\"commentCount\":0,\"publisher\":{\"@id\":\"https:\\\/\\\/www.latribunedufaso.net\\\/#organization\"},\"image\":{\"@id\":\"https:\\\/\\\/www.latribunedufaso.net\\\/?p=21712#primaryimage\"},\"thumbnailUrl\":\"https:\\\/\\\/www.latribunedufaso.net\\\/wp-content\\\/uploads\\\/2025\\\/07\\\/FB_IMG_1751472280326_1.jpg\",\"keywords\":[\"Douanes Burkina\",\"latribunedufaso.net\",\"Lutte contre le trafic de la drogue\"],\"articleSection\":[\"A la une\",\"Actualit\u00e9\",\"Soci\u00e9t\u00e9\"],\"inLanguage\":\"fr-FR\",\"potentialAction\":[{\"@type\":\"CommentAction\",\"name\":\"Comment\",\"target\":[\"https:\\\/\\\/www.latribunedufaso.net\\\/?p=21712#respond\"]}]},{\"@type\":\"WebPage\",\"@id\":\"https:\\\/\\\/www.latribunedufaso.net\\\/?p=21712\",\"url\":\"https:\\\/\\\/www.latribunedufaso.net\\\/?p=21712\",\"name\":\"Lutte contre le tride drogues : La Douane burkinab\u00e8 honor\u00e9e - La Tribune du Faso\",\"isPartOf\":{\"@id\":\"https:\\\/\\\/www.latribunedufaso.net\\\/#website\"},\"primaryImageOfPage\":{\"@id\":\"https:\\\/\\\/www.latribunedufaso.net\\\/?p=21712#primaryimage\"},\"image\":{\"@id\":\"https:\\\/\\\/www.latribunedufaso.net\\\/?p=21712#primaryimage\"},\"thumbnailUrl\":\"https:\\\/\\\/www.latribunedufaso.net\\\/wp-content\\\/uploads\\\/2025\\\/07\\\/FB_IMG_1751472280326_1.jpg\",\"datePublished\":\"2025-07-02T16:11:46+00:00\",\"dateModified\":\"2025-07-02T16:14:39+00:00\",\"breadcrumb\":{\"@id\":\"https:\\\/\\\/www.latribunedufaso.net\\\/?p=21712#breadcrumb\"},\"inLanguage\":\"fr-FR\",\"potentialAction\":[{\"@type\":\"ReadAction\",\"target\":[\"https:\\\/\\\/www.latribunedufaso.net\\\/?p=21712\"]}]},{\"@type\":\"ImageObject\",\"inLanguage\":\"fr-FR\",\"@id\":\"https:\\\/\\\/www.latribunedufaso.net\\\/?p=21712#primaryimage\",\"url\":\"https:\\\/\\\/www.latribunedufaso.net\\\/wp-content\\\/uploads\\\/2025\\\/07\\\/FB_IMG_1751472280326_1.jpg\",\"contentUrl\":\"https:\\\/\\\/www.latribunedufaso.net\\\/wp-content\\\/uploads\\\/2025\\\/07\\\/FB_IMG_1751472280326_1.jpg\",\"width\":476,\"height\":358,\"caption\":\"\u00c0 l\u2019occasion de la 38\u1d49 Journ\u00e9e internationale contre l\u2019abus et le trafic illicite de drogues, c\u00e9l\u00e9br\u00e9e le 26 juin 2025, la Direction G\u00e9n\u00e9rale des Douanes du Burkina Faso a \u00e9t\u00e9 honor\u00e9e par une attestation de reconnaissance\"},{\"@type\":\"BreadcrumbList\",\"@id\":\"https:\\\/\\\/www.latribunedufaso.net\\\/?p=21712#breadcrumb\",\"itemListElement\":[{\"@type\":\"ListItem\",\"position\":1,\"name\":\"Accueil\",\"item\":\"https:\\\/\\\/www.latribunedufaso.net\\\/\"},{\"@type\":\"ListItem\",\"position\":2,\"name\":\"Lutte contre le tride drogues : La Douane burkinab\u00e8 honor\u00e9e\"}]},{\"@type\":\"WebSite\",\"@id\":\"https:\\\/\\\/www.latribunedufaso.net\\\/#website\",\"url\":\"https:\\\/\\\/www.latribunedufaso.net\\\/\",\"name\":\"La Tribune du Faso\",\"description\":\"L&#039;information du monde rural en un clic\",\"publisher\":{\"@id\":\"https:\\\/\\\/www.latribunedufaso.net\\\/#organization\"},\"potentialAction\":[{\"@type\":\"SearchAction\",\"target\":{\"@type\":\"EntryPoint\",\"urlTemplate\":\"https:\\\/\\\/www.latribunedufaso.net\\\/?s={search_term_string}\"},\"query-input\":{\"@type\":\"PropertyValueSpecification\",\"valueRequired\":true,\"valueName\":\"search_term_string\"}}],\"inLanguage\":\"fr-FR\"},{\"@type\":\"Organization\",\"@id\":\"https:\\\/\\\/www.latribunedufaso.net\\\/#organization\",\"name\":\"La Tribune du Faso\",\"url\":\"https:\\\/\\\/www.latribunedufaso.net\\\/\",\"logo\":{\"@type\":\"ImageObject\",\"inLanguage\":\"fr-FR\",\"@id\":\"https:\\\/\\\/www.latribunedufaso.net\\\/#\\\/schema\\\/logo\\\/image\\\/\",\"url\":\"https:\\\/\\\/www.latribunedufaso.net\\\/wp-content\\\/uploads\\\/2020\\\/08\\\/Logo-Tribune-du-Faso-final-scaled.jpg\",\"contentUrl\":\"https:\\\/\\\/www.latribunedufaso.net\\\/wp-content\\\/uploads\\\/2020\\\/08\\\/Logo-Tribune-du-Faso-final-scaled.jpg\",\"width\":2560,\"height\":1856,\"caption\":\"La Tribune du Faso\"},\"image\":{\"@id\":\"https:\\\/\\\/www.latribunedufaso.net\\\/#\\\/schema\\\/logo\\\/image\\\/\"},\"sameAs\":[\"https:\\\/\\\/www.facebook.com\\\/LatribuneduFaso\\\/\"]},{\"@type\":\"Person\",\"@id\":\"https:\\\/\\\/www.latribunedufaso.net\\\/#\\\/schema\\\/person\\\/e54e64c5778a7e72cf80a318b7a622b0\",\"name\":\"Issouf Tapsoba\",\"image\":{\"@type\":\"ImageObject\",\"inLanguage\":\"fr-FR\",\"@id\":\"https:\\\/\\\/secure.gravatar.com\\\/avatar\\\/5e6c05150ce3230247d167f5b94d678eb05936197436d69b7921e3a95c9107ac?s=96&d=mm&r=g\",\"url\":\"https:\\\/\\\/secure.gravatar.com\\\/avatar\\\/5e6c05150ce3230247d167f5b94d678eb05936197436d69b7921e3a95c9107ac?s=96&d=mm&r=g\",\"contentUrl\":\"https:\\\/\\\/secure.gravatar.com\\\/avatar\\\/5e6c05150ce3230247d167f5b94d678eb05936197436d69b7921e3a95c9107ac?s=96&d=mm&r=g\",\"caption\":\"Issouf Tapsoba\"},\"url\":\"https:\\\/\\\/www.latribunedufaso.net\\\/?author=5\"}]}<\/script>\n<!-- \/ Yoast SEO plugin. -->","yoast_head_json":{"title":"Lutte contre le tride drogues : La Douane burkinab\u00e8 honor\u00e9e - La Tribune du Faso","robots":{"index":"index","follow":"follow","max-snippet":"max-snippet:-1","max-image-preview":"max-image-preview:large","max-video-preview":"max-video-preview:-1"},"canonical":"https:\/\/www.latribunedufaso.net\/?p=21712","og_locale":"fr_FR","og_type":"article","og_title":"Lutte contre le tride drogues : La Douane burkinab\u00e8 honor\u00e9e - La Tribune du Faso","og_description":"\u00c0 l\u2019occasion de la 38\u1d49 Journ\u00e9e internationale contre l\u2019abus et le trafic illicite de drogues, c\u00e9l\u00e9br\u00e9e le 26 juin 2025, la Direction G\u00e9n\u00e9rale des Douanes du Burkina Faso a \u00e9t\u00e9 honor\u00e9e par une attestation de reconnaissance pour ses efforts \u00ab remarquables \u00bb dans la lutte contre le trafic de drogues. Cette distinction a \u00e9t\u00e9 d\u00e9cern\u00e9e par le ministre de la S\u00e9curit\u00e9, Pr\u00e9sident du Comit\u00e9 national de lutte contre la drogue.","og_url":"https:\/\/www.latribunedufaso.net\/?p=21712","og_site_name":"La Tribune du Faso","article_publisher":"https:\/\/www.facebook.com\/LatribuneduFaso\/","article_published_time":"2025-07-02T16:11:46+00:00","article_modified_time":"2025-07-02T16:14:39+00:00","og_image":[{"width":476,"height":358,"url":"https:\/\/www.latribunedufaso.net\/wp-content\/uploads\/2025\/07\/FB_IMG_1751472280326_1.jpg","type":"image\/jpeg"}],"author":"Issouf Tapsoba","twitter_misc":{"\u00c9crit par":"Issouf Tapsoba","Dur\u00e9e de lecture estim\u00e9e":"2 minutes"},"schema":{"@context":"https:\/\/schema.org","@graph":[{"@type":"Article","@id":"https:\/\/www.latribunedufaso.net\/?p=21712#article","isPartOf":{"@id":"https:\/\/www.latribunedufaso.net\/?p=21712"},"author":{"name":"Issouf Tapsoba","@id":"https:\/\/www.latribunedufaso.net\/#\/schema\/person\/e54e64c5778a7e72cf80a318b7a622b0"},"headline":"Lutte contre le tride drogues : La Douane burkinab\u00e8 honor\u00e9e","datePublished":"2025-07-02T16:11:46+00:00","dateModified":"2025-07-02T16:14:39+00:00","mainEntityOfPage":{"@id":"https:\/\/www.latribunedufaso.net\/?p=21712"},"wordCount":396,"commentCount":0,"publisher":{"@id":"https:\/\/www.latribunedufaso.net\/#organization"},"image":{"@id":"https:\/\/www.latribunedufaso.net\/?p=21712#primaryimage"},"thumbnailUrl":"https:\/\/www.latribunedufaso.net\/wp-content\/uploads\/2025\/07\/FB_IMG_1751472280326_1.jpg","keywords":["Douanes Burkina","latribunedufaso.net","Lutte contre le trafic de la drogue"],"articleSection":["A la une","Actualit\u00e9","Soci\u00e9t\u00e9"],"inLanguage":"fr-FR","potentialAction":[{"@type":"CommentAction","name":"Comment","target":["https:\/\/www.latribunedufaso.net\/?p=21712#respond"]}]},{"@type":"WebPage","@id":"https:\/\/www.latribunedufaso.net\/?p=21712","url":"https:\/\/www.latribunedufaso.net\/?p=21712","name":"Lutte contre le tride drogues : La Douane burkinab\u00e8 honor\u00e9e - La Tribune du Faso","isPartOf":{"@id":"https:\/\/www.latribunedufaso.net\/#website"},"primaryImageOfPage":{"@id":"https:\/\/www.latribunedufaso.net\/?p=21712#primaryimage"},"image":{"@id":"https:\/\/www.latribunedufaso.net\/?p=21712#primaryimage"},"thumbnailUrl":"https:\/\/www.latribunedufaso.net\/wp-content\/uploads\/2025\/07\/FB_IMG_1751472280326_1.jpg","datePublished":"2025-07-02T16:11:46+00:00","dateModified":"2025-07-02T16:14:39+00:00","breadcrumb":{"@id":"https:\/\/www.latribunedufaso.net\/?p=21712#breadcrumb"},"inLanguage":"fr-FR","potentialAction":[{"@type":"ReadAction","target":["https:\/\/www.latribunedufaso.net\/?p=21712"]}]},{"@type":"ImageObject","inLanguage":"fr-FR","@id":"https:\/\/www.latribunedufaso.net\/?p=21712#primaryimage","url":"https:\/\/www.latribunedufaso.net\/wp-content\/uploads\/2025\/07\/FB_IMG_1751472280326_1.jpg","contentUrl":"https:\/\/www.latribunedufaso.net\/wp-content\/uploads\/2025\/07\/FB_IMG_1751472280326_1.jpg","width":476,"height":358,"caption":"\u00c0 l\u2019occasion de la 38\u1d49 Journ\u00e9e internationale contre l\u2019abus et le trafic illicite de drogues, c\u00e9l\u00e9br\u00e9e le 26 juin 2025, la Direction G\u00e9n\u00e9rale des Douanes du Burkina Faso a \u00e9t\u00e9 honor\u00e9e par une attestation de reconnaissance"},{"@type":"BreadcrumbList","@id":"https:\/\/www.latribunedufaso.net\/?p=21712#breadcrumb","itemListElement":[{"@type":"ListItem","position":1,"name":"Accueil","item":"https:\/\/www.latribunedufaso.net\/"},{"@type":"ListItem","position":2,"name":"Lutte contre le tride drogues : La Douane burkinab\u00e8 honor\u00e9e"}]},{"@type":"WebSite","@id":"https:\/\/www.latribunedufaso.net\/#website","url":"https:\/\/www.latribunedufaso.net\/","name":"La Tribune du Faso","description":"L&#039;information du monde rural en un clic","publisher":{"@id":"https:\/\/www.latribunedufaso.net\/#organization"},"potentialAction":[{"@type":"SearchAction","target":{"@type":"EntryPoint","urlTemplate":"https:\/\/www.latribunedufaso.net\/?s={search_term_string}"},"query-input":{"@type":"PropertyValueSpecification","valueRequired":true,"valueName":"search_term_string"}}],"inLanguage":"fr-FR"},{"@type":"Organization","@id":"https:\/\/www.latribunedufaso.net\/#organization","name":"La Tribune du Faso","url":"https:\/\/www.latribunedufaso.net\/","logo":{"@type":"ImageObject","inLanguage":"fr-FR","@id":"https:\/\/www.latribunedufaso.net\/#\/schema\/logo\/image\/","url":"https:\/\/www.latribunedufaso.net\/wp-content\/uploads\/2020\/08\/Logo-Tribune-du-Faso-final-scaled.jpg","contentUrl":"https:\/\/www.latribunedufaso.net\/wp-content\/uploads\/2020\/08\/Logo-Tribune-du-Faso-final-scaled.jpg","width":2560,"height":1856,"caption":"La Tribune du Faso"},"image":{"@id":"https:\/\/www.latribunedufaso.net\/#\/schema\/logo\/image\/"},"sameAs":["https:\/\/www.facebook.com\/LatribuneduFaso\/"]},{"@type":"Person","@id":"https:\/\/www.latribunedufaso.net\/#\/schema\/person\/e54e64c5778a7e72cf80a318b7a622b0","name":"Issouf Tapsoba","image":{"@type":"ImageObject","inLanguage":"fr-FR","@id":"https:\/\/secure.gravatar.com\/avatar\/5e6c05150ce3230247d167f5b94d678eb05936197436d69b7921e3a95c9107ac?s=96&d=mm&r=g","url":"https:\/\/secure.gravatar.com\/avatar\/5e6c05150ce3230247d167f5b94d678eb05936197436d69b7921e3a95c9107ac?s=96&d=mm&r=g","contentUrl":"https:\/\/secure.gravatar.com\/avatar\/5e6c05150ce3230247d167f5b94d678eb05936197436d69b7921e3a95c9107ac?s=96&d=mm&r=g","caption":"Issouf Tapsoba"},"url":"https:\/\/www.latribunedufaso.net\/?author=5"}]}},"_links":{"self":[{"href":"https:\/\/www.latribunedufaso.net\/index.php?rest_route=\/wp\/v2\/posts\/21712","targetHints":{"allow":["GET"]}}],"collection":[{"href":"https:\/\/www.latribunedufaso.net\/index.php?rest_route=\/wp\/v2\/posts"}],"about":[{"href":"https:\/\/www.latribunedufaso.net\/index.php?rest_route=\/wp\/v2\/types\/post"}],"author":[{"embeddable":true,"href":"https:\/\/www.latribunedufaso.net\/index.php?rest_route=\/wp\/v2\/users\/5"}],"replies":[{"embeddable":true,"href":"https:\/\/www.latribunedufaso.net\/index.php?rest_route=%2Fwp%2Fv2%2Fcomments&post=21712"}],"version-history":[{"count":1,"href":"https:\/\/www.latribunedufaso.net\/index.php?rest_route=\/wp\/v2\/posts\/21712\/revisions"}],"predecessor-version":[{"id":21715,"href":"https:\/\/www.latribunedufaso.net\/index.php?rest_route=\/wp\/v2\/posts\/21712\/revisions\/21715"}],"wp:featuredmedia":[{"embeddable":true,"href":"https:\/\/www.latribunedufaso.net\/index.php?rest_route=\/wp\/v2\/media\/21714"}],"wp:attachment":[{"href":"https:\/\/www.latribunedufaso.net\/index.php?rest_route=%2Fwp%2Fv2%2Fmedia&parent=21712"}],"wp:term":[{"taxonomy":"category","embeddable":true,"href":"https:\/\/www.latribunedufaso.net\/index.php?rest_route=%2Fwp%2Fv2%2Fcategories&post=21712"},{"taxonomy":"post_tag","embeddable":true,"href":"https:\/\/www.latribunedufaso.net\/index.php?rest_route=%2Fwp%2Fv2%2Ftags&post=21712"}],"curies":[{"name":"wp","href":"https:\/\/api.w.org\/{rel}","templated":true}]}}