{"id":21700,"date":"2025-07-02T15:07:58","date_gmt":"2025-07-02T15:07:58","guid":{"rendered":"https:\/\/www.latribunedufaso.net\/?p=21700"},"modified":"2025-07-02T15:07:58","modified_gmt":"2025-07-02T15:07:58","slug":"a-la-tribune-de-redevabilite-me-edasso-rodrigue-bayala-revient-sur-02-ans-de-transformation-de-la-justice-burkinabe","status":"publish","type":"post","link":"https:\/\/www.latribunedufaso.net\/?p=21700","title":{"rendered":"A la tribune de redevabilit\u00e9 : Me Edasso Rodrigue Bayala revient sur 02 ans de transformation de la Justice burkinab\u00e8\u00a0"},"content":{"rendered":"<p><strong>L\u2019\u00e9mission Tribune de redevabilit\u00e9, diffus\u00e9e en direct sur les antennes de la RTB, recevait ce mardi 1er juillet 2025 comme invit\u00e9, Me Edasso Rodrigue Bayala, ministre de la Justice et des Droits humains, charg\u00e9 des Relations avec les Institutions, Garde des Sceaux. <\/strong><!--more--><\/p>\n<p>Face aux cam\u00e9ras, le ministre a dress\u00e9 un bilan des deux derni\u00e8res ann\u00e9es, <em><strong>\u00ab marqu\u00e9es par une volont\u00e9 affirm\u00e9e de refonder la justice burkinab\u00e8 sur des bases culturelles solides, modernes et inclusives \u00bb.<\/strong><\/em><\/p>\n<h3>Une justice r\u00e9concili\u00e9e avec les r\u00e9alit\u00e9s du pays<\/h3>\n<p>D\u2019entr\u00e9e de jeu, le ministre a abord\u00e9 les innovations du code de proc\u00e9dure p\u00e9nale r\u00e9cemment adopt\u00e9 par l\u2019ALT. Il a insist\u00e9 sur la n\u00e9cessit\u00e9 d\u2019adapter le syst\u00e8me judiciaire aux sp\u00e9cificit\u00e9s socioculturelles du Burkina Faso. Cette volont\u00e9 s\u2019est traduite par une r\u00e9forme pour l\u2019introduction des langues nationales dans les salles d\u2019audience, r\u00e9duisant ainsi le besoin syst\u00e9matique d\u2019interpr\u00e8tes, mais aussi par la reconnaissance des m\u00e9canismes endog\u00e8nes de r\u00e8glement des diff\u00e9rends.<\/p>\n<p>Le Travail d\u2019int\u00e9r\u00eat g\u00e9n\u00e9ral (TIG) a \u00e9t\u00e9 institu\u00e9 comme alternative \u00e0 l\u2019incarc\u00e9ration pour les infractions mineures, tandis que la visioconf\u00e9rence deviendra progressivement un outil courant dans le traitement des affaires. Autre innovation <em><strong>\u00ab majeure \u00bb,<\/strong><\/em> l\u2019\u00e9largissement du Conseil sup\u00e9rieur de la magistrature \u00e0 des membres non magistrats, pour plus de repr\u00e9sentativit\u00e9 et de cr\u00e9dibilit\u00e9.<\/p>\n<h3>Des r\u00e9sultats judiciaires qui parlent d\u2019eux-m\u00eames<\/h3>\n<p>En termes de performances, le minist\u00e8re enregistre des chiffres <em><strong>\u00ab \u00e9loquents \u00bb<\/strong><\/em>. Plus de 8195 dossiers correctionnels ont \u00e9t\u00e9 jug\u00e9s en seulement 55 jours, d\u00e9passant largement la moyenne annuelle des trois derni\u00e8res ann\u00e9es qui se situe \u00e0 autour de 7000 dossiers. La lutte contre les crimes \u00e9conomiques s\u2019est intensifi\u00e9e, avec pr\u00e8s de 300 dossiers jug\u00e9s, portant sur un montant cumul\u00e9 de 83 milliards FCFA et concernant la saisie de 71 biens, incluant immeubles, v\u00e9hicules et m\u00e9taux pr\u00e9cieux.<\/p>\n<p><a href=\"https:\/\/www.latribunedufaso.net\/wp-content\/uploads\/2025\/07\/IMG-20250702-WA0017.jpg\"><img loading=\"lazy\" decoding=\"async\" class=\"size-full wp-image-21701 aligncenter\" src=\"https:\/\/www.latribunedufaso.net\/wp-content\/uploads\/2025\/07\/IMG-20250702-WA0017.jpg\" alt=\"Sur le plateau de l'\u00e9mission Tribune de la recevabilit\u00e9 de RTB, le ministre de la Justice, Edasso Rodrigue Bayala a dress\u00e9 le bilan des r\u00e9formes judiciaires, 1er juillet 2025\" width=\"1024\" height=\"857\" srcset=\"https:\/\/www.latribunedufaso.net\/wp-content\/uploads\/2025\/07\/IMG-20250702-WA0017.jpg 1024w, https:\/\/www.latribunedufaso.net\/wp-content\/uploads\/2025\/07\/IMG-20250702-WA0017-300x251.jpg 300w, https:\/\/www.latribunedufaso.net\/wp-content\/uploads\/2025\/07\/IMG-20250702-WA0017-768x643.jpg 768w\" sizes=\"auto, (max-width: 1024px) 100vw, 1024px\" \/><\/a><\/p>\n<p>Les p\u00f4les de lutte contre les infractions \u00e9conomiques et financi\u00e8res (p\u00f4les ECOFI) se portent \u00e9galement bien avec 286 dossiers jug\u00e9s de 2023 au 31 mai 2025. Sur le front s\u00e9curitaire, pr\u00e8s de 350 personnes ont \u00e9t\u00e9 jug\u00e9es pour des actes de terrorisme, tandis que plus de 1000 conflits communautaires ont \u00e9t\u00e9 r\u00e9solus de mani\u00e8re pacifique, t\u00e9moignant d\u2019une justice active dans la pr\u00e9servation de la coh\u00e9sion sociale.<\/p>\n<h3>Le virage num\u00e9rique de la justice<\/h3>\n<p>Le processus de modernisation judiciaire a franchi une \u00e9tape d\u00e9cisive avec la mise en service du e-casier judiciaire et du e-certificat de nationalit\u00e9. L\u2019objectif est de simplifier et d\u2019acc\u00e9l\u00e9rer l\u2019acc\u00e8s aux actes judiciaires, tout en favorisant la transparence.<\/p>\n<p>Cette dynamique s\u2019est accompagn\u00e9e de la r\u00e9installation de quatre Tribunaux de grande instance (TGI) dans leur ressort d\u2019origine et de la r\u00e9duction de la distance moyenne pour acc\u00e9der \u00e0 un TGI, pass\u00e9e de plus de 66 km en 2022 \u00e0 59 km en 2025 avec l\u2019ouverture prochaine du TGI de Nouna. En outre, il a \u00e9t\u00e9 cr\u00e9\u00e9 aupr\u00e8s de chaque TGI, un tribunal de travail pour rapprocher davantage la justice du justiciable pour ce qui concerne la mati\u00e8re sociale.<\/p>\n<figure id=\"attachment_21702\" aria-describedby=\"caption-attachment-21702\" style=\"width: 1024px\" class=\"wp-caption aligncenter\"><a href=\"https:\/\/www.latribunedufaso.net\/wp-content\/uploads\/2025\/07\/IMG-20250702-WA0019.jpg\"><img loading=\"lazy\" decoding=\"async\" class=\"size-full wp-image-21702\" src=\"https:\/\/www.latribunedufaso.net\/wp-content\/uploads\/2025\/07\/IMG-20250702-WA0019.jpg\" alt=\"Sur le plateau de l'\u00e9mission Tribune de la recevabilit\u00e9 de RTB, le ministre de la Justice, Edasso Rodrigue Bayala a dress\u00e9 le bilan des r\u00e9formes judiciaires, 1er juillet 2025\" width=\"1024\" height=\"500\" srcset=\"https:\/\/www.latribunedufaso.net\/wp-content\/uploads\/2025\/07\/IMG-20250702-WA0019.jpg 1024w, https:\/\/www.latribunedufaso.net\/wp-content\/uploads\/2025\/07\/IMG-20250702-WA0019-300x146.jpg 300w, https:\/\/www.latribunedufaso.net\/wp-content\/uploads\/2025\/07\/IMG-20250702-WA0019-768x375.jpg 768w\" sizes=\"auto, (max-width: 1024px) 100vw, 1024px\" \/><\/a><figcaption id=\"caption-attachment-21702\" class=\"wp-caption-text\">Pr\u00e8s de 300 dossiers de crimes \u00e9conomiques jug\u00e9s, portant sur un montant cumul\u00e9 de 83 milliards FCFA &#8211; Ph. DR<\/figcaption><\/figure>\n<h3>Une identit\u00e9 nationale assum\u00e9e<\/h3>\n<p>Sur le plan symbolique, la dotation des magistrats en tenues d\u2019audience confectionn\u00e9es en Faso Danfani marque une volont\u00e9 forte de souverainet\u00e9 culturelle et d\u2019appropriation nationale du service public de la justice.<\/p>\n<h3>L\u00e9gislation et gouvernance : une trajectoire assum\u00e9e<\/h3>\n<p>Plus de cent lois ont \u00e9t\u00e9 suivies et adopt\u00e9es par l\u2019Assembl\u00e9e l\u00e9gislative de Transition, dans le but de renforcer la gouvernance et les fondations de l\u2019\u00c9tat. Parall\u00e8lement, plusieurs institutions ont \u00e9t\u00e9 restructur\u00e9es, certaines supprim\u00e9es, dans une d\u00e9marche de rationalisation et d\u2019efficience. L\u2019Agence nationale des avoirs saisis ou confisqu\u00e9s, devenue op\u00e9rationnelle, affiche un compte d\u2019attente de pr\u00e8s de 3 milliards FCFA en quatre mois, signe d\u2019une gestion accrue du patrimoine judiciaire.<\/p>\n<figure id=\"attachment_21704\" aria-describedby=\"caption-attachment-21704\" style=\"width: 1024px\" class=\"wp-caption aligncenter\"><a href=\"https:\/\/www.latribunedufaso.net\/wp-content\/uploads\/2025\/07\/IMG-20250702-WA0020.jpg\"><img loading=\"lazy\" decoding=\"async\" class=\"size-full wp-image-21704\" src=\"https:\/\/www.latribunedufaso.net\/wp-content\/uploads\/2025\/07\/IMG-20250702-WA0020.jpg\" alt=\"Sur le plateau de l'\u00e9mission Tribune de la recevabilit\u00e9 de RTB, le ministre de la Justice, Edasso Rodrigue Bayala a dress\u00e9 le bilan des r\u00e9formes judiciaires, 1er juillet 2025\" width=\"1024\" height=\"653\" srcset=\"https:\/\/www.latribunedufaso.net\/wp-content\/uploads\/2025\/07\/IMG-20250702-WA0020.jpg 1024w, https:\/\/www.latribunedufaso.net\/wp-content\/uploads\/2025\/07\/IMG-20250702-WA0020-300x191.jpg 300w, https:\/\/www.latribunedufaso.net\/wp-content\/uploads\/2025\/07\/IMG-20250702-WA0020-768x490.jpg 768w\" sizes=\"auto, (max-width: 1024px) 100vw, 1024px\" \/><\/a><figcaption id=\"caption-attachment-21704\" class=\"wp-caption-text\">Une vue des collaborateurs du minist\u00e8re lors de l&rsquo;\u00e9mission &#8211; Ph. DR<\/figcaption><\/figure>\n<h3>Le pilier humain au c\u0153ur des r\u00e9formes<\/h3>\n<p>La formation massive de plus de 56 000 Volontaires pour la d\u00e9fense de la patrie, 2000 Forces de d\u00e9fense et de s\u00e9curit\u00e9, et 10 000 autres acteurs en droits humains d\u00e9montre que l\u2019approche minist\u00e9rielle privil\u00e9gie aussi la pr\u00e9vention et l\u2019\u00e9ducation. \u00c0 cela s\u2019ajoutent plus de deux millions de citoyens sensibilis\u00e9s aux valeurs de civisme et de citoyennet\u00e9.<\/p>\n<h3>Un regain de confiance populaire<\/h3>\n<p>Toutes ces r\u00e9formes ont port\u00e9 leurs fruits en mati\u00e8re de perception citoyenne. Le taux de satisfaction globale de la population vis-\u00e0-vis de la justice est pass\u00e9 de 52% en 2020 \u00e0 63 % en 2023 soit une hausse de plus de 10 points de pourcentage confirmant que les efforts engag\u00e9s trouvent un \u00e9cho favorable aupr\u00e8s des Burkinab\u00e8.<\/p>\n<h3>Une dynamique \u00e0 consolider<\/h3>\n<p>Me Bayala conclut son exercice de redevabilit\u00e9 sur une note de responsabilit\u00e9 et d\u2019ouverture : il s\u2019agit d\u00e9sormais de consolider les acquis, d\u2019amplifier les actions en faveur d\u2019une justice \u00e9quitable, accessible et profond\u00e9ment humaine. Une justice qui, progressivement, cesse d\u2019\u00eatre per\u00e7ue comme lointaine pour devenir un levier essentiel de confiance et de paix sociale.<\/p>\n<p><strong>Latribunedufaso.net<\/strong><\/p>\n<p><strong>Source : DCRP-MJDHRI<\/strong><\/p>\n<p>Lire aussi &gt;&gt; <a href=\"https:\/\/www.latribunedufaso.net\/?p=21139\">R\u00e9formes juridiques : L\u2019ALT adopte \u00e0 l\u2019unanimit\u00e9 le projet de loi portant organisation judiciaire au Burkina Faso<\/a><\/p>\n","protected":false},"excerpt":{"rendered":"<p>L\u2019\u00e9mission Tribune de redevabilit\u00e9, diffus\u00e9e en direct sur les antennes de la RTB, recevait ce mardi 1er juillet 2025 comme invit\u00e9, Me Edasso Rodrigue Bayala, ministre de la Justice et des Droits humains, charg\u00e9 des Relations avec les Institutions, Garde des Sceaux.<\/p>\n","protected":false},"author":5,"featured_media":21703,"comment_status":"open","ping_status":"open","sticky":false,"template":"","format":"standard","meta":{"footnotes":""},"categories":[13,1,8],"tags":[208,39,1157],"class_list":["post-21700","post","type-post","status-publish","format-standard","has-post-thumbnail","hentry","category-une","category-actu","category-societe","tag-justice","tag-latribunedufaso-net","tag-reformes-judiciaires"],"yoast_head":"<!-- This site is optimized with the Yoast SEO plugin v27.5 - https:\/\/yoast.com\/product\/yoast-seo-wordpress\/ -->\n<title>A la tribune de redevabilit\u00e9 : Me Edasso Rodrigue Bayala revient sur 02 ans de transformation de la Justice burkinab\u00e8\u00a0 - La Tribune du Faso<\/title>\n<meta name=\"robots\" content=\"index, follow, max-snippet:-1, max-image-preview:large, max-video-preview:-1\" \/>\n<link rel=\"canonical\" href=\"https:\/\/www.latribunedufaso.net\/?p=21700\" \/>\n<meta property=\"og:locale\" content=\"fr_FR\" \/>\n<meta property=\"og:type\" content=\"article\" \/>\n<meta property=\"og:title\" content=\"A la tribune de redevabilit\u00e9 : Me Edasso Rodrigue Bayala revient sur 02 ans de transformation de la Justice burkinab\u00e8\u00a0 - La Tribune du Faso\" \/>\n<meta property=\"og:description\" content=\"L\u2019\u00e9mission Tribune de redevabilit\u00e9, diffus\u00e9e en direct sur les antennes de la RTB, recevait ce mardi 1er juillet 2025 comme invit\u00e9, Me Edasso Rodrigue Bayala, ministre de la Justice et des Droits humains, charg\u00e9 des Relations avec les Institutions, Garde des Sceaux.\" \/>\n<meta property=\"og:url\" content=\"https:\/\/www.latribunedufaso.net\/?p=21700\" \/>\n<meta property=\"og:site_name\" content=\"La Tribune du Faso\" \/>\n<meta property=\"article:publisher\" content=\"https:\/\/www.facebook.com\/LatribuneduFaso\/\" \/>\n<meta property=\"article:published_time\" content=\"2025-07-02T15:07:58+00:00\" \/>\n<meta property=\"og:image\" content=\"https:\/\/www.latribunedufaso.net\/wp-content\/uploads\/2025\/07\/IMG-20250702-WA0018.jpg\" \/>\n\t<meta property=\"og:image:width\" content=\"1024\" \/>\n\t<meta property=\"og:image:height\" content=\"583\" \/>\n\t<meta property=\"og:image:type\" content=\"image\/jpeg\" \/>\n<meta name=\"author\" content=\"Issouf Tapsoba\" \/>\n<meta name=\"twitter:label1\" content=\"\u00c9crit par\" \/>\n\t<meta name=\"twitter:data1\" content=\"Issouf Tapsoba\" \/>\n\t<meta name=\"twitter:label2\" content=\"Dur\u00e9e de lecture estim\u00e9e\" \/>\n\t<meta name=\"twitter:data2\" content=\"5 minutes\" \/>\n<script type=\"application\/ld+json\" class=\"yoast-schema-graph\">{\"@context\":\"https:\\\/\\\/schema.org\",\"@graph\":[{\"@type\":\"Article\",\"@id\":\"https:\\\/\\\/www.latribunedufaso.net\\\/?p=21700#article\",\"isPartOf\":{\"@id\":\"https:\\\/\\\/www.latribunedufaso.net\\\/?p=21700\"},\"author\":{\"name\":\"Issouf Tapsoba\",\"@id\":\"https:\\\/\\\/www.latribunedufaso.net\\\/#\\\/schema\\\/person\\\/e54e64c5778a7e72cf80a318b7a622b0\"},\"headline\":\"A la tribune de redevabilit\u00e9 : Me Edasso Rodrigue Bayala revient sur 02 ans de transformation de la Justice burkinab\u00e8\u00a0\",\"datePublished\":\"2025-07-02T15:07:58+00:00\",\"mainEntityOfPage\":{\"@id\":\"https:\\\/\\\/www.latribunedufaso.net\\\/?p=21700\"},\"wordCount\":960,\"commentCount\":0,\"publisher\":{\"@id\":\"https:\\\/\\\/www.latribunedufaso.net\\\/#organization\"},\"image\":{\"@id\":\"https:\\\/\\\/www.latribunedufaso.net\\\/?p=21700#primaryimage\"},\"thumbnailUrl\":\"https:\\\/\\\/www.latribunedufaso.net\\\/wp-content\\\/uploads\\\/2025\\\/07\\\/IMG-20250702-WA0018.jpg\",\"keywords\":[\"justice\",\"latribunedufaso.net\",\"reformes judiciaires\"],\"articleSection\":[\"A la une\",\"Actualit\u00e9\",\"Soci\u00e9t\u00e9\"],\"inLanguage\":\"fr-FR\",\"potentialAction\":[{\"@type\":\"CommentAction\",\"name\":\"Comment\",\"target\":[\"https:\\\/\\\/www.latribunedufaso.net\\\/?p=21700#respond\"]}]},{\"@type\":\"WebPage\",\"@id\":\"https:\\\/\\\/www.latribunedufaso.net\\\/?p=21700\",\"url\":\"https:\\\/\\\/www.latribunedufaso.net\\\/?p=21700\",\"name\":\"A la tribune de redevabilit\u00e9 : Me Edasso Rodrigue Bayala revient sur 02 ans de transformation de la Justice burkinab\u00e8\u00a0 - La Tribune du Faso\",\"isPartOf\":{\"@id\":\"https:\\\/\\\/www.latribunedufaso.net\\\/#website\"},\"primaryImageOfPage\":{\"@id\":\"https:\\\/\\\/www.latribunedufaso.net\\\/?p=21700#primaryimage\"},\"image\":{\"@id\":\"https:\\\/\\\/www.latribunedufaso.net\\\/?p=21700#primaryimage\"},\"thumbnailUrl\":\"https:\\\/\\\/www.latribunedufaso.net\\\/wp-content\\\/uploads\\\/2025\\\/07\\\/IMG-20250702-WA0018.jpg\",\"datePublished\":\"2025-07-02T15:07:58+00:00\",\"breadcrumb\":{\"@id\":\"https:\\\/\\\/www.latribunedufaso.net\\\/?p=21700#breadcrumb\"},\"inLanguage\":\"fr-FR\",\"potentialAction\":[{\"@type\":\"ReadAction\",\"target\":[\"https:\\\/\\\/www.latribunedufaso.net\\\/?p=21700\"]}]},{\"@type\":\"ImageObject\",\"inLanguage\":\"fr-FR\",\"@id\":\"https:\\\/\\\/www.latribunedufaso.net\\\/?p=21700#primaryimage\",\"url\":\"https:\\\/\\\/www.latribunedufaso.net\\\/wp-content\\\/uploads\\\/2025\\\/07\\\/IMG-20250702-WA0018.jpg\",\"contentUrl\":\"https:\\\/\\\/www.latribunedufaso.net\\\/wp-content\\\/uploads\\\/2025\\\/07\\\/IMG-20250702-WA0018.jpg\",\"width\":1024,\"height\":583,\"caption\":\"Sur le plateau de l'\u00e9mission Tribune de la recevabilit\u00e9 de RTB, le ministre de la Justice, Edasso Rodrigue Bayala a dress\u00e9 le bilan des r\u00e9formes judiciaires, 1er juillet 2025\"},{\"@type\":\"BreadcrumbList\",\"@id\":\"https:\\\/\\\/www.latribunedufaso.net\\\/?p=21700#breadcrumb\",\"itemListElement\":[{\"@type\":\"ListItem\",\"position\":1,\"name\":\"Accueil\",\"item\":\"https:\\\/\\\/www.latribunedufaso.net\\\/\"},{\"@type\":\"ListItem\",\"position\":2,\"name\":\"A la tribune de redevabilit\u00e9 : Me Edasso Rodrigue Bayala revient sur 02 ans de transformation de la Justice burkinab\u00e8\u00a0\"}]},{\"@type\":\"WebSite\",\"@id\":\"https:\\\/\\\/www.latribunedufaso.net\\\/#website\",\"url\":\"https:\\\/\\\/www.latribunedufaso.net\\\/\",\"name\":\"La Tribune du Faso\",\"description\":\"L&#039;information du monde rural en un clic\",\"publisher\":{\"@id\":\"https:\\\/\\\/www.latribunedufaso.net\\\/#organization\"},\"potentialAction\":[{\"@type\":\"SearchAction\",\"target\":{\"@type\":\"EntryPoint\",\"urlTemplate\":\"https:\\\/\\\/www.latribunedufaso.net\\\/?s={search_term_string}\"},\"query-input\":{\"@type\":\"PropertyValueSpecification\",\"valueRequired\":true,\"valueName\":\"search_term_string\"}}],\"inLanguage\":\"fr-FR\"},{\"@type\":\"Organization\",\"@id\":\"https:\\\/\\\/www.latribunedufaso.net\\\/#organization\",\"name\":\"La Tribune du Faso\",\"url\":\"https:\\\/\\\/www.latribunedufaso.net\\\/\",\"logo\":{\"@type\":\"ImageObject\",\"inLanguage\":\"fr-FR\",\"@id\":\"https:\\\/\\\/www.latribunedufaso.net\\\/#\\\/schema\\\/logo\\\/image\\\/\",\"url\":\"https:\\\/\\\/www.latribunedufaso.net\\\/wp-content\\\/uploads\\\/2020\\\/08\\\/Logo-Tribune-du-Faso-final-scaled.jpg\",\"contentUrl\":\"https:\\\/\\\/www.latribunedufaso.net\\\/wp-content\\\/uploads\\\/2020\\\/08\\\/Logo-Tribune-du-Faso-final-scaled.jpg\",\"width\":2560,\"height\":1856,\"caption\":\"La Tribune du Faso\"},\"image\":{\"@id\":\"https:\\\/\\\/www.latribunedufaso.net\\\/#\\\/schema\\\/logo\\\/image\\\/\"},\"sameAs\":[\"https:\\\/\\\/www.facebook.com\\\/LatribuneduFaso\\\/\"]},{\"@type\":\"Person\",\"@id\":\"https:\\\/\\\/www.latribunedufaso.net\\\/#\\\/schema\\\/person\\\/e54e64c5778a7e72cf80a318b7a622b0\",\"name\":\"Issouf Tapsoba\",\"image\":{\"@type\":\"ImageObject\",\"inLanguage\":\"fr-FR\",\"@id\":\"https:\\\/\\\/secure.gravatar.com\\\/avatar\\\/5e6c05150ce3230247d167f5b94d678eb05936197436d69b7921e3a95c9107ac?s=96&d=mm&r=g\",\"url\":\"https:\\\/\\\/secure.gravatar.com\\\/avatar\\\/5e6c05150ce3230247d167f5b94d678eb05936197436d69b7921e3a95c9107ac?s=96&d=mm&r=g\",\"contentUrl\":\"https:\\\/\\\/secure.gravatar.com\\\/avatar\\\/5e6c05150ce3230247d167f5b94d678eb05936197436d69b7921e3a95c9107ac?s=96&d=mm&r=g\",\"caption\":\"Issouf Tapsoba\"},\"url\":\"https:\\\/\\\/www.latribunedufaso.net\\\/?author=5\"}]}<\/script>\n<!-- \/ Yoast SEO plugin. -->","yoast_head_json":{"title":"A la tribune de redevabilit\u00e9 : Me Edasso Rodrigue Bayala revient sur 02 ans de transformation de la Justice burkinab\u00e8\u00a0 - La Tribune du Faso","robots":{"index":"index","follow":"follow","max-snippet":"max-snippet:-1","max-image-preview":"max-image-preview:large","max-video-preview":"max-video-preview:-1"},"canonical":"https:\/\/www.latribunedufaso.net\/?p=21700","og_locale":"fr_FR","og_type":"article","og_title":"A la tribune de redevabilit\u00e9 : Me Edasso Rodrigue Bayala revient sur 02 ans de transformation de la Justice burkinab\u00e8\u00a0 - La Tribune du Faso","og_description":"L\u2019\u00e9mission Tribune de redevabilit\u00e9, diffus\u00e9e en direct sur les antennes de la RTB, recevait ce mardi 1er juillet 2025 comme invit\u00e9, Me Edasso Rodrigue Bayala, ministre de la Justice et des Droits humains, charg\u00e9 des Relations avec les Institutions, Garde des Sceaux.","og_url":"https:\/\/www.latribunedufaso.net\/?p=21700","og_site_name":"La Tribune du Faso","article_publisher":"https:\/\/www.facebook.com\/LatribuneduFaso\/","article_published_time":"2025-07-02T15:07:58+00:00","og_image":[{"width":1024,"height":583,"url":"https:\/\/www.latribunedufaso.net\/wp-content\/uploads\/2025\/07\/IMG-20250702-WA0018.jpg","type":"image\/jpeg"}],"author":"Issouf Tapsoba","twitter_misc":{"\u00c9crit par":"Issouf Tapsoba","Dur\u00e9e de lecture estim\u00e9e":"5 minutes"},"schema":{"@context":"https:\/\/schema.org","@graph":[{"@type":"Article","@id":"https:\/\/www.latribunedufaso.net\/?p=21700#article","isPartOf":{"@id":"https:\/\/www.latribunedufaso.net\/?p=21700"},"author":{"name":"Issouf Tapsoba","@id":"https:\/\/www.latribunedufaso.net\/#\/schema\/person\/e54e64c5778a7e72cf80a318b7a622b0"},"headline":"A la tribune de redevabilit\u00e9 : Me Edasso Rodrigue Bayala revient sur 02 ans de transformation de la Justice burkinab\u00e8\u00a0","datePublished":"2025-07-02T15:07:58+00:00","mainEntityOfPage":{"@id":"https:\/\/www.latribunedufaso.net\/?p=21700"},"wordCount":960,"commentCount":0,"publisher":{"@id":"https:\/\/www.latribunedufaso.net\/#organization"},"image":{"@id":"https:\/\/www.latribunedufaso.net\/?p=21700#primaryimage"},"thumbnailUrl":"https:\/\/www.latribunedufaso.net\/wp-content\/uploads\/2025\/07\/IMG-20250702-WA0018.jpg","keywords":["justice","latribunedufaso.net","reformes judiciaires"],"articleSection":["A la une","Actualit\u00e9","Soci\u00e9t\u00e9"],"inLanguage":"fr-FR","potentialAction":[{"@type":"CommentAction","name":"Comment","target":["https:\/\/www.latribunedufaso.net\/?p=21700#respond"]}]},{"@type":"WebPage","@id":"https:\/\/www.latribunedufaso.net\/?p=21700","url":"https:\/\/www.latribunedufaso.net\/?p=21700","name":"A la tribune de redevabilit\u00e9 : Me Edasso Rodrigue Bayala revient sur 02 ans de transformation de la Justice burkinab\u00e8\u00a0 - La Tribune du Faso","isPartOf":{"@id":"https:\/\/www.latribunedufaso.net\/#website"},"primaryImageOfPage":{"@id":"https:\/\/www.latribunedufaso.net\/?p=21700#primaryimage"},"image":{"@id":"https:\/\/www.latribunedufaso.net\/?p=21700#primaryimage"},"thumbnailUrl":"https:\/\/www.latribunedufaso.net\/wp-content\/uploads\/2025\/07\/IMG-20250702-WA0018.jpg","datePublished":"2025-07-02T15:07:58+00:00","breadcrumb":{"@id":"https:\/\/www.latribunedufaso.net\/?p=21700#breadcrumb"},"inLanguage":"fr-FR","potentialAction":[{"@type":"ReadAction","target":["https:\/\/www.latribunedufaso.net\/?p=21700"]}]},{"@type":"ImageObject","inLanguage":"fr-FR","@id":"https:\/\/www.latribunedufaso.net\/?p=21700#primaryimage","url":"https:\/\/www.latribunedufaso.net\/wp-content\/uploads\/2025\/07\/IMG-20250702-WA0018.jpg","contentUrl":"https:\/\/www.latribunedufaso.net\/wp-content\/uploads\/2025\/07\/IMG-20250702-WA0018.jpg","width":1024,"height":583,"caption":"Sur le plateau de l'\u00e9mission Tribune de la recevabilit\u00e9 de RTB, le ministre de la Justice, Edasso Rodrigue Bayala a dress\u00e9 le bilan des r\u00e9formes judiciaires, 1er juillet 2025"},{"@type":"BreadcrumbList","@id":"https:\/\/www.latribunedufaso.net\/?p=21700#breadcrumb","itemListElement":[{"@type":"ListItem","position":1,"name":"Accueil","item":"https:\/\/www.latribunedufaso.net\/"},{"@type":"ListItem","position":2,"name":"A la tribune de redevabilit\u00e9 : Me Edasso Rodrigue Bayala revient sur 02 ans de transformation de la Justice burkinab\u00e8\u00a0"}]},{"@type":"WebSite","@id":"https:\/\/www.latribunedufaso.net\/#website","url":"https:\/\/www.latribunedufaso.net\/","name":"La Tribune du Faso","description":"L&#039;information du monde rural en un clic","publisher":{"@id":"https:\/\/www.latribunedufaso.net\/#organization"},"potentialAction":[{"@type":"SearchAction","target":{"@type":"EntryPoint","urlTemplate":"https:\/\/www.latribunedufaso.net\/?s={search_term_string}"},"query-input":{"@type":"PropertyValueSpecification","valueRequired":true,"valueName":"search_term_string"}}],"inLanguage":"fr-FR"},{"@type":"Organization","@id":"https:\/\/www.latribunedufaso.net\/#organization","name":"La Tribune du Faso","url":"https:\/\/www.latribunedufaso.net\/","logo":{"@type":"ImageObject","inLanguage":"fr-FR","@id":"https:\/\/www.latribunedufaso.net\/#\/schema\/logo\/image\/","url":"https:\/\/www.latribunedufaso.net\/wp-content\/uploads\/2020\/08\/Logo-Tribune-du-Faso-final-scaled.jpg","contentUrl":"https:\/\/www.latribunedufaso.net\/wp-content\/uploads\/2020\/08\/Logo-Tribune-du-Faso-final-scaled.jpg","width":2560,"height":1856,"caption":"La Tribune du Faso"},"image":{"@id":"https:\/\/www.latribunedufaso.net\/#\/schema\/logo\/image\/"},"sameAs":["https:\/\/www.facebook.com\/LatribuneduFaso\/"]},{"@type":"Person","@id":"https:\/\/www.latribunedufaso.net\/#\/schema\/person\/e54e64c5778a7e72cf80a318b7a622b0","name":"Issouf Tapsoba","image":{"@type":"ImageObject","inLanguage":"fr-FR","@id":"https:\/\/secure.gravatar.com\/avatar\/5e6c05150ce3230247d167f5b94d678eb05936197436d69b7921e3a95c9107ac?s=96&d=mm&r=g","url":"https:\/\/secure.gravatar.com\/avatar\/5e6c05150ce3230247d167f5b94d678eb05936197436d69b7921e3a95c9107ac?s=96&d=mm&r=g","contentUrl":"https:\/\/secure.gravatar.com\/avatar\/5e6c05150ce3230247d167f5b94d678eb05936197436d69b7921e3a95c9107ac?s=96&d=mm&r=g","caption":"Issouf Tapsoba"},"url":"https:\/\/www.latribunedufaso.net\/?author=5"}]}},"_links":{"self":[{"href":"https:\/\/www.latribunedufaso.net\/index.php?rest_route=\/wp\/v2\/posts\/21700","targetHints":{"allow":["GET"]}}],"collection":[{"href":"https:\/\/www.latribunedufaso.net\/index.php?rest_route=\/wp\/v2\/posts"}],"about":[{"href":"https:\/\/www.latribunedufaso.net\/index.php?rest_route=\/wp\/v2\/types\/post"}],"author":[{"embeddable":true,"href":"https:\/\/www.latribunedufaso.net\/index.php?rest_route=\/wp\/v2\/users\/5"}],"replies":[{"embeddable":true,"href":"https:\/\/www.latribunedufaso.net\/index.php?rest_route=%2Fwp%2Fv2%2Fcomments&post=21700"}],"version-history":[{"count":1,"href":"https:\/\/www.latribunedufaso.net\/index.php?rest_route=\/wp\/v2\/posts\/21700\/revisions"}],"predecessor-version":[{"id":21705,"href":"https:\/\/www.latribunedufaso.net\/index.php?rest_route=\/wp\/v2\/posts\/21700\/revisions\/21705"}],"wp:featuredmedia":[{"embeddable":true,"href":"https:\/\/www.latribunedufaso.net\/index.php?rest_route=\/wp\/v2\/media\/21703"}],"wp:attachment":[{"href":"https:\/\/www.latribunedufaso.net\/index.php?rest_route=%2Fwp%2Fv2%2Fmedia&parent=21700"}],"wp:term":[{"taxonomy":"category","embeddable":true,"href":"https:\/\/www.latribunedufaso.net\/index.php?rest_route=%2Fwp%2Fv2%2Fcategories&post=21700"},{"taxonomy":"post_tag","embeddable":true,"href":"https:\/\/www.latribunedufaso.net\/index.php?rest_route=%2Fwp%2Fv2%2Ftags&post=21700"}],"curies":[{"name":"wp","href":"https:\/\/api.w.org\/{rel}","templated":true}]}}