{"id":21693,"date":"2025-07-01T18:14:07","date_gmt":"2025-07-01T18:14:07","guid":{"rendered":"https:\/\/www.latribunedufaso.net\/?p=21693"},"modified":"2025-07-23T12:40:52","modified_gmt":"2025-07-23T12:40:52","slug":"preparatifs-de-la-fete-du-11-decembre-lancement-des-sessions-dexamen-des-candidatures-aux-decorations","status":"publish","type":"post","link":"https:\/\/www.latribunedufaso.net\/?p=21693","title":{"rendered":"Pr\u00e9paratifs de la F\u00eate du 11 D\u00e9cembre : Lancement des sessions d&rsquo;examen des candidatures aux d\u00e9corations"},"content":{"rendered":"<p><strong>Le Grand Chancelier des Ordre Burkinab\u00e8, Pingrenoma Zagr\u00e9 a proc\u00e9d\u00e9, le 1er juillet 2025 \u00e0 Ouagadougou, \u00e0 l\u2019ouverture des sessions des Conseils des ordres et des m\u00e9dailles. Ces sessions permettront d\u2019examiner et de valider les dossiers de candidatures des futurs r\u00e9cipiendaire en vue des d\u00e9corations officielles du 11 d\u00e9cembre 2025. <\/strong><!--more--><\/p>\n<p>Le processus de s\u00e9lection des r\u00e9cipiendaires des distinctions officielles pour la F\u00eate du 11 d\u00e9cembre 2025 est officiellement lanc\u00e9. Le Grand Chancelier des Ordres Burkinab\u00e8, Pingrenoma Zagr\u00e9, a pr\u00e9sid\u00e9, ce 1er juillet 2025 \u00e0 Ouagadougou, l&rsquo;ouverture des sessions des Conseils des ordres et des m\u00e9dailles. Ces rencontres permettront d&rsquo;examiner et de valider les dossiers des personnes propos\u00e9es pour d\u00e9coration.<\/p>\n<figure id=\"attachment_21696\" aria-describedby=\"caption-attachment-21696\" style=\"width: 2560px\" class=\"wp-caption aligncenter\"><a href=\"https:\/\/www.latribunedufaso.net\/wp-content\/uploads\/2025\/07\/IMG_20250701_091230_826-scaled.jpg\"><img loading=\"lazy\" decoding=\"async\" class=\"size-full wp-image-21696\" src=\"https:\/\/www.latribunedufaso.net\/wp-content\/uploads\/2025\/07\/IMG_20250701_091230_826-scaled.jpg\" alt=\"Dans le cadre des pr\u00e9paratifs de la f\u00eate du 11 d\u00e9cembre 2025, le Grand chancelier des Ordres Burkinab\u00e8, Pingrenoma Zagr\u00e9 a lanc\u00e9 les sessions des Conseils des ordres et des m\u00e9dailles, 1er juillet 2025\" width=\"2560\" height=\"1920\" srcset=\"https:\/\/www.latribunedufaso.net\/wp-content\/uploads\/2025\/07\/IMG_20250701_091230_826-scaled.jpg 2560w, https:\/\/www.latribunedufaso.net\/wp-content\/uploads\/2025\/07\/IMG_20250701_091230_826-300x225.jpg 300w, https:\/\/www.latribunedufaso.net\/wp-content\/uploads\/2025\/07\/IMG_20250701_091230_826-1024x768.jpg 1024w, https:\/\/www.latribunedufaso.net\/wp-content\/uploads\/2025\/07\/IMG_20250701_091230_826-768x576.jpg 768w, https:\/\/www.latribunedufaso.net\/wp-content\/uploads\/2025\/07\/IMG_20250701_091230_826-1536x1152.jpg 1536w, https:\/\/www.latribunedufaso.net\/wp-content\/uploads\/2025\/07\/IMG_20250701_091230_826-2048x1536.jpg 2048w\" sizes=\"auto, (max-width: 2560px) 100vw, 2560px\" \/><\/a><figcaption id=\"caption-attachment-21696\" class=\"wp-caption-text\">Une vue des membres des Conseils des ordres et des m\u00e9dailles lors de la c\u00e9r\u00e9monie d&rsquo;ouverture des travaux &#8211; Ph. I. Tapsoba<\/figcaption><\/figure>\n<p>Plus de 6 000 dossiers seront examin\u00e9s par les membres des Conseils. Ces candidatures proviennent de divers secteurs d&rsquo;activit\u00e9s, incluant la sant\u00e9, l&rsquo;\u00e9conomie, le commerce, l&rsquo;enseignement et la s\u00e9curit\u00e9.\u00a0<\/p>\n<p>Le Grand Chancelier Zagr\u00e9 a soulign\u00e9 que ces dossiers ont d\u00e9j\u00e0 fait l&rsquo;objet d&rsquo;une premi\u00e8re s\u00e9lection par des comit\u00e9s mis en place au sein des diff\u00e9rentes structures qui proposent les candidats. Il s&rsquo;agit, entre autres, des institutions, des d\u00e9partements minist\u00e9riels, des gouvernorats, des Cours de justice et des provinces.<\/p>\n<figure id=\"attachment_21697\" aria-describedby=\"caption-attachment-21697\" style=\"width: 2560px\" class=\"wp-caption aligncenter\"><a href=\"https:\/\/www.latribunedufaso.net\/wp-content\/uploads\/2025\/07\/IMG_20250701_091157_106-scaled.jpg\"><img loading=\"lazy\" decoding=\"async\" class=\"size-full wp-image-21697\" src=\"https:\/\/www.latribunedufaso.net\/wp-content\/uploads\/2025\/07\/IMG_20250701_091157_106-scaled.jpg\" alt=\"Dans le cadre des pr\u00e9paratifs de la f\u00eate du 11 d\u00e9cembre 2025, le Grand chancelier des Ordres Burkinab\u00e8, Pingrenoma Zagr\u00e9 a lanc\u00e9 les sessions des Conseils des ordres et des m\u00e9dailles, 1er juillet 2025\" width=\"2560\" height=\"1920\" srcset=\"https:\/\/www.latribunedufaso.net\/wp-content\/uploads\/2025\/07\/IMG_20250701_091157_106-scaled.jpg 2560w, https:\/\/www.latribunedufaso.net\/wp-content\/uploads\/2025\/07\/IMG_20250701_091157_106-300x225.jpg 300w, https:\/\/www.latribunedufaso.net\/wp-content\/uploads\/2025\/07\/IMG_20250701_091157_106-1024x768.jpg 1024w, https:\/\/www.latribunedufaso.net\/wp-content\/uploads\/2025\/07\/IMG_20250701_091157_106-768x576.jpg 768w, https:\/\/www.latribunedufaso.net\/wp-content\/uploads\/2025\/07\/IMG_20250701_091157_106-1536x1152.jpg 1536w, https:\/\/www.latribunedufaso.net\/wp-content\/uploads\/2025\/07\/IMG_20250701_091157_106-2048x1536.jpg 2048w\" sizes=\"auto, (max-width: 2560px) 100vw, 2560px\" \/><\/a><figcaption id=\"caption-attachment-21697\" class=\"wp-caption-text\">Le Grand Chancelier des Ordre Burkinab\u00e8, Pingrenoma Zagr\u00e9 &#8211; Ph. I. Tapsoba<\/figcaption><\/figure>\n<p>Cette ann\u00e9e, il y a une augmentation du nombre de candidatures. Cela t\u00e9moigne d&rsquo;un <em><strong>\u00ab contexte national marqu\u00e9 par une mobilisation exceptionnelle \u00bb<\/strong><\/em> d&rsquo;acteurs sur divers fronts, selon M. Zagr\u00e9.\u00a0<\/p>\n<h3>Les crit\u00e8res d&rsquo;\u00e9ligibilit\u00e9\u00a0<\/h3>\n<p>Pour \u00eatre \u00e9ligible \u00e0 ces distinctions, plusieurs crit\u00e8res sont requis.<em><strong> \u00ab il faut g\u00e9n\u00e9ralement avoir la majorit\u00e9, bien qu&rsquo;une exception puisse \u00eatre faite pour les mineurs. Pour les agents des secteurs priv\u00e9 et public, une dur\u00e9e minimale de 15 ans de service est n\u00e9cessaire pour les Ordres nationaux et 10 ans pour les Ordres sp\u00e9cifiques. Les conditions d&rsquo;\u00e2ge pour les m\u00e9dailles varient, mais tournent autour de 15 ans \u00bb<\/strong><\/em>, a expliqu\u00e9 Pingrenoma Zagr\u00e9.<\/p>\n<figure id=\"attachment_21695\" aria-describedby=\"caption-attachment-21695\" style=\"width: 2560px\" class=\"wp-caption aligncenter\"><a href=\"https:\/\/www.latribunedufaso.net\/wp-content\/uploads\/2025\/07\/IMG_20250701_093339_178-scaled.jpg\"><img loading=\"lazy\" decoding=\"async\" class=\"size-full wp-image-21695\" src=\"https:\/\/www.latribunedufaso.net\/wp-content\/uploads\/2025\/07\/IMG_20250701_093339_178-scaled.jpg\" alt=\"Dans le cadre des pr\u00e9paratifs de la f\u00eate du 11 d\u00e9cembre 2025, le Grand chancelier des Ordres Burkinab\u00e8, Pingrenoma Zagr\u00e9 a lanc\u00e9 les sessions des Conseils des ordres et des m\u00e9dailles, 1er juillet 2025\" width=\"2560\" height=\"1920\" srcset=\"https:\/\/www.latribunedufaso.net\/wp-content\/uploads\/2025\/07\/IMG_20250701_093339_178-scaled.jpg 2560w, https:\/\/www.latribunedufaso.net\/wp-content\/uploads\/2025\/07\/IMG_20250701_093339_178-300x225.jpg 300w, https:\/\/www.latribunedufaso.net\/wp-content\/uploads\/2025\/07\/IMG_20250701_093339_178-1024x768.jpg 1024w, https:\/\/www.latribunedufaso.net\/wp-content\/uploads\/2025\/07\/IMG_20250701_093339_178-768x576.jpg 768w, https:\/\/www.latribunedufaso.net\/wp-content\/uploads\/2025\/07\/IMG_20250701_093339_178-1536x1152.jpg 1536w, https:\/\/www.latribunedufaso.net\/wp-content\/uploads\/2025\/07\/IMG_20250701_093339_178-2048x1536.jpg 2048w\" sizes=\"auto, (max-width: 2560px) 100vw, 2560px\" \/><\/a><figcaption id=\"caption-attachment-21695\" class=\"wp-caption-text\">Photo de famille des membres des Conseils avec le Grand chancelier &#8211; Ph. I. Tapsoba<\/figcaption><\/figure>\n<p>Par ailleurs, la personne doit faire preuve de <em><strong>\u00ab m\u00e9rite personnel, de d\u00e9vouement professionnel exemplaire, de courage, d&rsquo;abn\u00e9gation, d&rsquo;esprit patriotique et de sacrifice remarquable \u00bb.<\/strong><\/em><\/p>\n<h3>Les m\u00e9dailles d\u00e9sormais produits au Burkina Faso\u00a0<\/h3>\n<p>Dans le cadre de la vision de d\u00e9veloppement endog\u00e8ne du Chef de l&rsquo;\u00c9tat, le Capitaine Ibrahim Traor\u00e9, une d\u00e9cision majeure a \u00e9t\u00e9 prise en 2023 : la production des m\u00e9dailles est d\u00e9sormais assur\u00e9e par des artisans burkinab\u00e8. Cette initiative permet au pays de rationaliser la gestion de ses ressources et contribue au d\u00e9veloppement socio-\u00e9conomique local, selon le Grand Chancelier.<\/p>\n<blockquote>\n<p>Lire aussi &gt;&gt; <a href=\"https:\/\/www.latribunedufaso.net\/?p=16100\">Distinction \u00e0 titre exceptionnel : Quatre ministres \u00e9lev\u00e9s au rang d\u2019Officiers de l\u2019Ordre de l\u2019Etalon<\/a><\/p>\n<\/blockquote>\n<p>A l&rsquo;issue de la c\u00e9r\u00e9monie d&rsquo;ouverture des travaux, il a invit\u00e9 les membres des Conseils des ordres et des m\u00e9dailles \u00e0 examiner les dossiers avec <em><strong>\u00ab \u00e9quit\u00e9, rigueur et discernement \u00bb<\/strong><\/em>. En plus, il leur a rappel\u00e9 de ne retenir que les candidats dont les m\u00e9rites individuels, le d\u00e9vouement et les valeurs professionnelles sont incontestables, et ce, dans le strict respect des crit\u00e8res d\u00e9finis par les textes en vigueur.<\/p>\n<p><strong>Issouf TAPSOBA\u00a0<\/strong><\/p>\n<p><strong>Latribunedufaso.net<\/strong><\/p>\n<p><iframe loading=\"lazy\" width=\"560\" height=\"315\" src=\"https:\/\/www.youtube.com\/embed\/Inc2ssxI4bg?si=QYKPgnkO-Hu2Dbi3\" title=\"YouTube video player\" frameborder=\"0\" allow=\"accelerometer; autoplay; clipboard-write; encrypted-media; gyroscope; picture-in-picture; web-share\" referrerpolicy=\"strict-origin-when-cross-origin\" allowfullscreen><\/iframe><\/p>\n","protected":false},"excerpt":{"rendered":"<p>Le Grand Chancelier des Ordre Burkinab\u00e8, Pingrenoma Zagr\u00e9 a proc\u00e9d\u00e9, le 1er juillet 2025 \u00e0 Ouagadougou, \u00e0 l\u2019ouverture des sessions des Conseils des ordres et des m\u00e9dailles. Ces sessions permettront d\u2019examiner et de valider les dossiers de candidatures des futurs r\u00e9cipiendaire en vue des d\u00e9corations officielles du 11 d\u00e9cembre 2025.<\/p>\n","protected":false},"author":5,"featured_media":21698,"comment_status":"open","ping_status":"open","sticky":false,"template":"","format":"standard","meta":{"footnotes":""},"categories":[13,1,8],"tags":[1276,272,39,1277],"class_list":["post-21693","post","type-post","status-publish","format-standard","has-post-thumbnail","hentry","category-une","category-actu","category-societe","tag-fete-du-11-decembre","tag-grande-chancellerie-des-ordres-burkinabe","tag-latribunedufaso-net","tag-sessions-des-conseils-des-ordres-et-des-medailles"],"yoast_head":"<!-- This site is optimized with the Yoast SEO plugin v27.4 - https:\/\/yoast.com\/product\/yoast-seo-wordpress\/ -->\n<title>Pr\u00e9paratifs de la F\u00eate du 11 D\u00e9cembre : Lancement des sessions d&#039;examen des candidatures aux d\u00e9corations - La Tribune du Faso<\/title>\n<meta name=\"robots\" content=\"index, follow, max-snippet:-1, max-image-preview:large, max-video-preview:-1\" \/>\n<link rel=\"canonical\" href=\"https:\/\/www.latribunedufaso.net\/?p=21693\" \/>\n<meta property=\"og:locale\" content=\"fr_FR\" \/>\n<meta property=\"og:type\" content=\"article\" \/>\n<meta property=\"og:title\" content=\"Pr\u00e9paratifs de la F\u00eate du 11 D\u00e9cembre : Lancement des sessions d&#039;examen des candidatures aux d\u00e9corations - La Tribune du Faso\" \/>\n<meta property=\"og:description\" content=\"Le Grand Chancelier des Ordre Burkinab\u00e8, Pingrenoma Zagr\u00e9 a proc\u00e9d\u00e9, le 1er juillet 2025 \u00e0 Ouagadougou, \u00e0 l\u2019ouverture des sessions des Conseils des ordres et des m\u00e9dailles. Ces sessions permettront d\u2019examiner et de valider les dossiers de candidatures des futurs r\u00e9cipiendaire en vue des d\u00e9corations officielles du 11 d\u00e9cembre 2025.\" \/>\n<meta property=\"og:url\" content=\"https:\/\/www.latribunedufaso.net\/?p=21693\" \/>\n<meta property=\"og:site_name\" content=\"La Tribune du Faso\" \/>\n<meta property=\"article:publisher\" content=\"https:\/\/www.facebook.com\/LatribuneduFaso\/\" \/>\n<meta property=\"article:published_time\" content=\"2025-07-01T18:14:07+00:00\" \/>\n<meta property=\"article:modified_time\" content=\"2025-07-23T12:40:52+00:00\" \/>\n<meta property=\"og:image\" content=\"https:\/\/www.latribunedufaso.net\/wp-content\/uploads\/2025\/07\/IMG_20250701_091059_339-scaled.jpg\" \/>\n\t<meta property=\"og:image:width\" content=\"2560\" \/>\n\t<meta property=\"og:image:height\" content=\"1920\" \/>\n\t<meta property=\"og:image:type\" content=\"image\/jpeg\" \/>\n<meta name=\"author\" content=\"Issouf Tapsoba\" \/>\n<meta name=\"twitter:label1\" content=\"\u00c9crit par\" \/>\n\t<meta name=\"twitter:data1\" content=\"Issouf Tapsoba\" \/>\n\t<meta name=\"twitter:label2\" content=\"Dur\u00e9e de lecture estim\u00e9e\" \/>\n\t<meta name=\"twitter:data2\" content=\"3 minutes\" \/>\n<script type=\"application\/ld+json\" class=\"yoast-schema-graph\">{\"@context\":\"https:\\\/\\\/schema.org\",\"@graph\":[{\"@type\":\"Article\",\"@id\":\"https:\\\/\\\/www.latribunedufaso.net\\\/?p=21693#article\",\"isPartOf\":{\"@id\":\"https:\\\/\\\/www.latribunedufaso.net\\\/?p=21693\"},\"author\":{\"name\":\"Issouf Tapsoba\",\"@id\":\"https:\\\/\\\/www.latribunedufaso.net\\\/#\\\/schema\\\/person\\\/e54e64c5778a7e72cf80a318b7a622b0\"},\"headline\":\"Pr\u00e9paratifs de la F\u00eate du 11 D\u00e9cembre : Lancement des sessions d&rsquo;examen des candidatures aux d\u00e9corations\",\"datePublished\":\"2025-07-01T18:14:07+00:00\",\"dateModified\":\"2025-07-23T12:40:52+00:00\",\"mainEntityOfPage\":{\"@id\":\"https:\\\/\\\/www.latribunedufaso.net\\\/?p=21693\"},\"wordCount\":618,\"commentCount\":0,\"publisher\":{\"@id\":\"https:\\\/\\\/www.latribunedufaso.net\\\/#organization\"},\"image\":{\"@id\":\"https:\\\/\\\/www.latribunedufaso.net\\\/?p=21693#primaryimage\"},\"thumbnailUrl\":\"https:\\\/\\\/www.latribunedufaso.net\\\/wp-content\\\/uploads\\\/2025\\\/07\\\/IMG_20250701_091059_339-scaled.jpg\",\"keywords\":[\"F\u00eate du 11 d\u00e9cembre\",\"Grande chancellerie des Ordres Burkinab\u00e8\",\"latribunedufaso.net\",\"sessions des Conseils des ordres et des m\u00e9dailles\"],\"articleSection\":[\"A la une\",\"Actualit\u00e9\",\"Soci\u00e9t\u00e9\"],\"inLanguage\":\"fr-FR\",\"potentialAction\":[{\"@type\":\"CommentAction\",\"name\":\"Comment\",\"target\":[\"https:\\\/\\\/www.latribunedufaso.net\\\/?p=21693#respond\"]}]},{\"@type\":\"WebPage\",\"@id\":\"https:\\\/\\\/www.latribunedufaso.net\\\/?p=21693\",\"url\":\"https:\\\/\\\/www.latribunedufaso.net\\\/?p=21693\",\"name\":\"Pr\u00e9paratifs de la F\u00eate du 11 D\u00e9cembre : Lancement des sessions d'examen des candidatures aux d\u00e9corations - La Tribune du Faso\",\"isPartOf\":{\"@id\":\"https:\\\/\\\/www.latribunedufaso.net\\\/#website\"},\"primaryImageOfPage\":{\"@id\":\"https:\\\/\\\/www.latribunedufaso.net\\\/?p=21693#primaryimage\"},\"image\":{\"@id\":\"https:\\\/\\\/www.latribunedufaso.net\\\/?p=21693#primaryimage\"},\"thumbnailUrl\":\"https:\\\/\\\/www.latribunedufaso.net\\\/wp-content\\\/uploads\\\/2025\\\/07\\\/IMG_20250701_091059_339-scaled.jpg\",\"datePublished\":\"2025-07-01T18:14:07+00:00\",\"dateModified\":\"2025-07-23T12:40:52+00:00\",\"breadcrumb\":{\"@id\":\"https:\\\/\\\/www.latribunedufaso.net\\\/?p=21693#breadcrumb\"},\"inLanguage\":\"fr-FR\",\"potentialAction\":[{\"@type\":\"ReadAction\",\"target\":[\"https:\\\/\\\/www.latribunedufaso.net\\\/?p=21693\"]}]},{\"@type\":\"ImageObject\",\"inLanguage\":\"fr-FR\",\"@id\":\"https:\\\/\\\/www.latribunedufaso.net\\\/?p=21693#primaryimage\",\"url\":\"https:\\\/\\\/www.latribunedufaso.net\\\/wp-content\\\/uploads\\\/2025\\\/07\\\/IMG_20250701_091059_339-scaled.jpg\",\"contentUrl\":\"https:\\\/\\\/www.latribunedufaso.net\\\/wp-content\\\/uploads\\\/2025\\\/07\\\/IMG_20250701_091059_339-scaled.jpg\",\"width\":2560,\"height\":1920,\"caption\":\"Dans le cadre des pr\u00e9paratifs de la f\u00eate du 11 d\u00e9cembre 2025, le Grand chancelier des Ordres Burkinab\u00e8, Pingrenoma Zagr\u00e9 a lanc\u00e9 les sessions des Conseils des ordres et des m\u00e9dailles, 1er juillet 2025\"},{\"@type\":\"BreadcrumbList\",\"@id\":\"https:\\\/\\\/www.latribunedufaso.net\\\/?p=21693#breadcrumb\",\"itemListElement\":[{\"@type\":\"ListItem\",\"position\":1,\"name\":\"Accueil\",\"item\":\"https:\\\/\\\/www.latribunedufaso.net\\\/\"},{\"@type\":\"ListItem\",\"position\":2,\"name\":\"Pr\u00e9paratifs de la F\u00eate du 11 D\u00e9cembre : Lancement des sessions d&rsquo;examen des candidatures aux d\u00e9corations\"}]},{\"@type\":\"WebSite\",\"@id\":\"https:\\\/\\\/www.latribunedufaso.net\\\/#website\",\"url\":\"https:\\\/\\\/www.latribunedufaso.net\\\/\",\"name\":\"La Tribune du Faso\",\"description\":\"L&#039;information du monde rural en un clic\",\"publisher\":{\"@id\":\"https:\\\/\\\/www.latribunedufaso.net\\\/#organization\"},\"potentialAction\":[{\"@type\":\"SearchAction\",\"target\":{\"@type\":\"EntryPoint\",\"urlTemplate\":\"https:\\\/\\\/www.latribunedufaso.net\\\/?s={search_term_string}\"},\"query-input\":{\"@type\":\"PropertyValueSpecification\",\"valueRequired\":true,\"valueName\":\"search_term_string\"}}],\"inLanguage\":\"fr-FR\"},{\"@type\":\"Organization\",\"@id\":\"https:\\\/\\\/www.latribunedufaso.net\\\/#organization\",\"name\":\"La Tribune du Faso\",\"url\":\"https:\\\/\\\/www.latribunedufaso.net\\\/\",\"logo\":{\"@type\":\"ImageObject\",\"inLanguage\":\"fr-FR\",\"@id\":\"https:\\\/\\\/www.latribunedufaso.net\\\/#\\\/schema\\\/logo\\\/image\\\/\",\"url\":\"https:\\\/\\\/www.latribunedufaso.net\\\/wp-content\\\/uploads\\\/2020\\\/08\\\/Logo-Tribune-du-Faso-final-scaled.jpg\",\"contentUrl\":\"https:\\\/\\\/www.latribunedufaso.net\\\/wp-content\\\/uploads\\\/2020\\\/08\\\/Logo-Tribune-du-Faso-final-scaled.jpg\",\"width\":2560,\"height\":1856,\"caption\":\"La Tribune du Faso\"},\"image\":{\"@id\":\"https:\\\/\\\/www.latribunedufaso.net\\\/#\\\/schema\\\/logo\\\/image\\\/\"},\"sameAs\":[\"https:\\\/\\\/www.facebook.com\\\/LatribuneduFaso\\\/\"]},{\"@type\":\"Person\",\"@id\":\"https:\\\/\\\/www.latribunedufaso.net\\\/#\\\/schema\\\/person\\\/e54e64c5778a7e72cf80a318b7a622b0\",\"name\":\"Issouf Tapsoba\",\"image\":{\"@type\":\"ImageObject\",\"inLanguage\":\"fr-FR\",\"@id\":\"https:\\\/\\\/secure.gravatar.com\\\/avatar\\\/5e6c05150ce3230247d167f5b94d678eb05936197436d69b7921e3a95c9107ac?s=96&d=mm&r=g\",\"url\":\"https:\\\/\\\/secure.gravatar.com\\\/avatar\\\/5e6c05150ce3230247d167f5b94d678eb05936197436d69b7921e3a95c9107ac?s=96&d=mm&r=g\",\"contentUrl\":\"https:\\\/\\\/secure.gravatar.com\\\/avatar\\\/5e6c05150ce3230247d167f5b94d678eb05936197436d69b7921e3a95c9107ac?s=96&d=mm&r=g\",\"caption\":\"Issouf Tapsoba\"},\"url\":\"https:\\\/\\\/www.latribunedufaso.net\\\/?author=5\"}]}<\/script>\n<!-- \/ Yoast SEO plugin. -->","yoast_head_json":{"title":"Pr\u00e9paratifs de la F\u00eate du 11 D\u00e9cembre : Lancement des sessions d'examen des candidatures aux d\u00e9corations - La Tribune du Faso","robots":{"index":"index","follow":"follow","max-snippet":"max-snippet:-1","max-image-preview":"max-image-preview:large","max-video-preview":"max-video-preview:-1"},"canonical":"https:\/\/www.latribunedufaso.net\/?p=21693","og_locale":"fr_FR","og_type":"article","og_title":"Pr\u00e9paratifs de la F\u00eate du 11 D\u00e9cembre : Lancement des sessions d'examen des candidatures aux d\u00e9corations - La Tribune du Faso","og_description":"Le Grand Chancelier des Ordre Burkinab\u00e8, Pingrenoma Zagr\u00e9 a proc\u00e9d\u00e9, le 1er juillet 2025 \u00e0 Ouagadougou, \u00e0 l\u2019ouverture des sessions des Conseils des ordres et des m\u00e9dailles. Ces sessions permettront d\u2019examiner et de valider les dossiers de candidatures des futurs r\u00e9cipiendaire en vue des d\u00e9corations officielles du 11 d\u00e9cembre 2025.","og_url":"https:\/\/www.latribunedufaso.net\/?p=21693","og_site_name":"La Tribune du Faso","article_publisher":"https:\/\/www.facebook.com\/LatribuneduFaso\/","article_published_time":"2025-07-01T18:14:07+00:00","article_modified_time":"2025-07-23T12:40:52+00:00","og_image":[{"width":2560,"height":1920,"url":"https:\/\/www.latribunedufaso.net\/wp-content\/uploads\/2025\/07\/IMG_20250701_091059_339-scaled.jpg","type":"image\/jpeg"}],"author":"Issouf Tapsoba","twitter_misc":{"\u00c9crit par":"Issouf Tapsoba","Dur\u00e9e de lecture estim\u00e9e":"3 minutes"},"schema":{"@context":"https:\/\/schema.org","@graph":[{"@type":"Article","@id":"https:\/\/www.latribunedufaso.net\/?p=21693#article","isPartOf":{"@id":"https:\/\/www.latribunedufaso.net\/?p=21693"},"author":{"name":"Issouf Tapsoba","@id":"https:\/\/www.latribunedufaso.net\/#\/schema\/person\/e54e64c5778a7e72cf80a318b7a622b0"},"headline":"Pr\u00e9paratifs de la F\u00eate du 11 D\u00e9cembre : Lancement des sessions d&rsquo;examen des candidatures aux d\u00e9corations","datePublished":"2025-07-01T18:14:07+00:00","dateModified":"2025-07-23T12:40:52+00:00","mainEntityOfPage":{"@id":"https:\/\/www.latribunedufaso.net\/?p=21693"},"wordCount":618,"commentCount":0,"publisher":{"@id":"https:\/\/www.latribunedufaso.net\/#organization"},"image":{"@id":"https:\/\/www.latribunedufaso.net\/?p=21693#primaryimage"},"thumbnailUrl":"https:\/\/www.latribunedufaso.net\/wp-content\/uploads\/2025\/07\/IMG_20250701_091059_339-scaled.jpg","keywords":["F\u00eate du 11 d\u00e9cembre","Grande chancellerie des Ordres Burkinab\u00e8","latribunedufaso.net","sessions des Conseils des ordres et des m\u00e9dailles"],"articleSection":["A la une","Actualit\u00e9","Soci\u00e9t\u00e9"],"inLanguage":"fr-FR","potentialAction":[{"@type":"CommentAction","name":"Comment","target":["https:\/\/www.latribunedufaso.net\/?p=21693#respond"]}]},{"@type":"WebPage","@id":"https:\/\/www.latribunedufaso.net\/?p=21693","url":"https:\/\/www.latribunedufaso.net\/?p=21693","name":"Pr\u00e9paratifs de la F\u00eate du 11 D\u00e9cembre : Lancement des sessions d'examen des candidatures aux d\u00e9corations - La Tribune du Faso","isPartOf":{"@id":"https:\/\/www.latribunedufaso.net\/#website"},"primaryImageOfPage":{"@id":"https:\/\/www.latribunedufaso.net\/?p=21693#primaryimage"},"image":{"@id":"https:\/\/www.latribunedufaso.net\/?p=21693#primaryimage"},"thumbnailUrl":"https:\/\/www.latribunedufaso.net\/wp-content\/uploads\/2025\/07\/IMG_20250701_091059_339-scaled.jpg","datePublished":"2025-07-01T18:14:07+00:00","dateModified":"2025-07-23T12:40:52+00:00","breadcrumb":{"@id":"https:\/\/www.latribunedufaso.net\/?p=21693#breadcrumb"},"inLanguage":"fr-FR","potentialAction":[{"@type":"ReadAction","target":["https:\/\/www.latribunedufaso.net\/?p=21693"]}]},{"@type":"ImageObject","inLanguage":"fr-FR","@id":"https:\/\/www.latribunedufaso.net\/?p=21693#primaryimage","url":"https:\/\/www.latribunedufaso.net\/wp-content\/uploads\/2025\/07\/IMG_20250701_091059_339-scaled.jpg","contentUrl":"https:\/\/www.latribunedufaso.net\/wp-content\/uploads\/2025\/07\/IMG_20250701_091059_339-scaled.jpg","width":2560,"height":1920,"caption":"Dans le cadre des pr\u00e9paratifs de la f\u00eate du 11 d\u00e9cembre 2025, le Grand chancelier des Ordres Burkinab\u00e8, Pingrenoma Zagr\u00e9 a lanc\u00e9 les sessions des Conseils des ordres et des m\u00e9dailles, 1er juillet 2025"},{"@type":"BreadcrumbList","@id":"https:\/\/www.latribunedufaso.net\/?p=21693#breadcrumb","itemListElement":[{"@type":"ListItem","position":1,"name":"Accueil","item":"https:\/\/www.latribunedufaso.net\/"},{"@type":"ListItem","position":2,"name":"Pr\u00e9paratifs de la F\u00eate du 11 D\u00e9cembre : Lancement des sessions d&rsquo;examen des candidatures aux d\u00e9corations"}]},{"@type":"WebSite","@id":"https:\/\/www.latribunedufaso.net\/#website","url":"https:\/\/www.latribunedufaso.net\/","name":"La Tribune du Faso","description":"L&#039;information du monde rural en un clic","publisher":{"@id":"https:\/\/www.latribunedufaso.net\/#organization"},"potentialAction":[{"@type":"SearchAction","target":{"@type":"EntryPoint","urlTemplate":"https:\/\/www.latribunedufaso.net\/?s={search_term_string}"},"query-input":{"@type":"PropertyValueSpecification","valueRequired":true,"valueName":"search_term_string"}}],"inLanguage":"fr-FR"},{"@type":"Organization","@id":"https:\/\/www.latribunedufaso.net\/#organization","name":"La Tribune du Faso","url":"https:\/\/www.latribunedufaso.net\/","logo":{"@type":"ImageObject","inLanguage":"fr-FR","@id":"https:\/\/www.latribunedufaso.net\/#\/schema\/logo\/image\/","url":"https:\/\/www.latribunedufaso.net\/wp-content\/uploads\/2020\/08\/Logo-Tribune-du-Faso-final-scaled.jpg","contentUrl":"https:\/\/www.latribunedufaso.net\/wp-content\/uploads\/2020\/08\/Logo-Tribune-du-Faso-final-scaled.jpg","width":2560,"height":1856,"caption":"La Tribune du Faso"},"image":{"@id":"https:\/\/www.latribunedufaso.net\/#\/schema\/logo\/image\/"},"sameAs":["https:\/\/www.facebook.com\/LatribuneduFaso\/"]},{"@type":"Person","@id":"https:\/\/www.latribunedufaso.net\/#\/schema\/person\/e54e64c5778a7e72cf80a318b7a622b0","name":"Issouf Tapsoba","image":{"@type":"ImageObject","inLanguage":"fr-FR","@id":"https:\/\/secure.gravatar.com\/avatar\/5e6c05150ce3230247d167f5b94d678eb05936197436d69b7921e3a95c9107ac?s=96&d=mm&r=g","url":"https:\/\/secure.gravatar.com\/avatar\/5e6c05150ce3230247d167f5b94d678eb05936197436d69b7921e3a95c9107ac?s=96&d=mm&r=g","contentUrl":"https:\/\/secure.gravatar.com\/avatar\/5e6c05150ce3230247d167f5b94d678eb05936197436d69b7921e3a95c9107ac?s=96&d=mm&r=g","caption":"Issouf Tapsoba"},"url":"https:\/\/www.latribunedufaso.net\/?author=5"}]}},"_links":{"self":[{"href":"https:\/\/www.latribunedufaso.net\/index.php?rest_route=\/wp\/v2\/posts\/21693","targetHints":{"allow":["GET"]}}],"collection":[{"href":"https:\/\/www.latribunedufaso.net\/index.php?rest_route=\/wp\/v2\/posts"}],"about":[{"href":"https:\/\/www.latribunedufaso.net\/index.php?rest_route=\/wp\/v2\/types\/post"}],"author":[{"embeddable":true,"href":"https:\/\/www.latribunedufaso.net\/index.php?rest_route=\/wp\/v2\/users\/5"}],"replies":[{"embeddable":true,"href":"https:\/\/www.latribunedufaso.net\/index.php?rest_route=%2Fwp%2Fv2%2Fcomments&post=21693"}],"version-history":[{"count":3,"href":"https:\/\/www.latribunedufaso.net\/index.php?rest_route=\/wp\/v2\/posts\/21693\/revisions"}],"predecessor-version":[{"id":22106,"href":"https:\/\/www.latribunedufaso.net\/index.php?rest_route=\/wp\/v2\/posts\/21693\/revisions\/22106"}],"wp:featuredmedia":[{"embeddable":true,"href":"https:\/\/www.latribunedufaso.net\/index.php?rest_route=\/wp\/v2\/media\/21698"}],"wp:attachment":[{"href":"https:\/\/www.latribunedufaso.net\/index.php?rest_route=%2Fwp%2Fv2%2Fmedia&parent=21693"}],"wp:term":[{"taxonomy":"category","embeddable":true,"href":"https:\/\/www.latribunedufaso.net\/index.php?rest_route=%2Fwp%2Fv2%2Fcategories&post=21693"},{"taxonomy":"post_tag","embeddable":true,"href":"https:\/\/www.latribunedufaso.net\/index.php?rest_route=%2Fwp%2Fv2%2Ftags&post=21693"}],"curies":[{"name":"wp","href":"https:\/\/api.w.org\/{rel}","templated":true}]}}