{"id":21632,"date":"2025-06-30T14:55:40","date_gmt":"2025-06-30T14:55:40","guid":{"rendered":"https:\/\/www.latribunedufaso.net\/?p=21632"},"modified":"2025-06-30T14:55:40","modified_gmt":"2025-06-30T14:55:40","slug":"asce-lc-le-rapport-dactivites-2023-remis-au-premier-ministre","status":"publish","type":"post","link":"https:\/\/www.latribunedufaso.net\/?p=21632","title":{"rendered":"ASCE-LC : Le rapport d\u2019activit\u00e9s 2023 remis au Premier ministre\u00a0"},"content":{"rendered":"<p><strong>Ce 30 juin 2025, le Premier ministre, Jean Emmanuel Ou\u00e9draogo, a re\u00e7u des mains du Contr\u00f4leur g\u00e9n\u00e9ral d\u2019\u00c9tat, Lassan\u00e9 Compaor\u00e9, le rapport annuel d\u2019activit\u00e9s 2023 de l\u2019Autorit\u00e9 sup\u00e9rieure de contr\u00f4le d\u2019\u00c9tat et de lutte contre la corruption (ASCE-LC). Ce rapport met en lumi\u00e8re les efforts consentis par l\u2019institution en mati\u00e8re de pr\u00e9vention et de r\u00e9pression de la mauvaise gouvernance, ainsi que les r\u00e9sultats enregistr\u00e9s en mati\u00e8re d\u2019audits et d\u2019investigations au titre de l\u2019ann\u00e9e de r\u00e9f\u00e9rence.<\/strong><!--more--><\/p>\n<p>Structur\u00e9 en trois tomes, le rapport annuel d\u2019activit\u00e9s 2023 de l\u2019ASCE-LC pr\u00e9sente, dans son premier tome, les moyens humains, mat\u00e9riels et financiers allou\u00e9s \u00e0 l\u2019institution pour la r\u00e9alisation de sa mission de lutte contre la corruption.<\/p>\n<p>Le deuxi\u00e8me tome porte sur les missions fondamentales, notamment les audits, contr\u00f4les et investigations men\u00e9s au cours de l\u2019ann\u00e9e.<\/p>\n<p>Quant au troisi\u00e8me tome, il est consacr\u00e9 aux recommandations issues des diff\u00e9rents audits et contr\u00f4les, ainsi qu\u2019aux suites judiciaires engag\u00e9es.<\/p>\n<p>\u00c0 l\u2019issue de l\u2019audience, le Contr\u00f4leur g\u00e9n\u00e9ral d\u2019\u00c9tat, Lassan\u00e9 Compaor\u00e9, a indiqu\u00e9 que son institution a relev\u00e9 plusieurs manquements aux textes en vigueur, occasionnant un pr\u00e9judice substantiel \u00e0 l\u2019\u00c9tat.<\/p>\n<figure id=\"attachment_21634\" aria-describedby=\"caption-attachment-21634\" style=\"width: 2048px\" class=\"wp-caption aligncenter\"><a href=\"https:\/\/www.latribunedufaso.net\/wp-content\/uploads\/2025\/06\/FB_IMG_1751294749016.jpg\"><img loading=\"lazy\" decoding=\"async\" class=\"size-full wp-image-21634\" src=\"https:\/\/www.latribunedufaso.net\/wp-content\/uploads\/2025\/06\/FB_IMG_1751294749016.jpg\" alt=\"Le Contr\u00f4leur g\u00e9n\u00e9ral d'Etat, Lassan\u00e9 Compaor\u00e9 remet le rapport 2023 de l'ASCE-LC au Premier ministre, Jean Emmanuel Ou\u00e9draogo, 30 juin 2025\" width=\"2048\" height=\"1348\" srcset=\"https:\/\/www.latribunedufaso.net\/wp-content\/uploads\/2025\/06\/FB_IMG_1751294749016.jpg 2048w, https:\/\/www.latribunedufaso.net\/wp-content\/uploads\/2025\/06\/FB_IMG_1751294749016-300x197.jpg 300w, https:\/\/www.latribunedufaso.net\/wp-content\/uploads\/2025\/06\/FB_IMG_1751294749016-1024x674.jpg 1024w, https:\/\/www.latribunedufaso.net\/wp-content\/uploads\/2025\/06\/FB_IMG_1751294749016-768x506.jpg 768w, https:\/\/www.latribunedufaso.net\/wp-content\/uploads\/2025\/06\/FB_IMG_1751294749016-1536x1011.jpg 1536w, https:\/\/www.latribunedufaso.net\/wp-content\/uploads\/2025\/06\/FB_IMG_1751294749016-120x80.jpg 120w\" sizes=\"auto, (max-width: 2048px) 100vw, 2048px\" \/><\/a><figcaption id=\"caption-attachment-21634\" class=\"wp-caption-text\">Le Contr\u00f4leur g\u00e9n\u00e9ral d\u2019\u00c9tat, Lassan\u00e9 Compaor\u00e9 &#8211; Ph. DR<\/figcaption><\/figure>\n<p><em><strong>\u00ab En mati\u00e8re d\u2019audit et de contr\u00f4le, nous avons effectivement relev\u00e9 sur le terrain des manquements aux textes en vigueur et proc\u00e9d\u00e9 \u00e0 une \u00e9valuation chiffr\u00e9e des pr\u00e9judices subis par l\u2019\u00c9tat. Outre ces audits et contr\u00f4les, nous menons \u00e9galement des enqu\u00eates et investigations. Sur le plan p\u00e9nal, au moins 21 dossiers ont \u00e9t\u00e9 finalis\u00e9s et transmis \u00e0 la justice pour suite \u00e0 donner. \u00c0 ce niveau, le pr\u00e9judice s\u2019\u00e9l\u00e8ve \u00e0 environ 25 milliards de FCFA, auxquels s\u2019ajoutent d\u2019autres pertes, portant le total \u00e0 pr\u00e8s de 30 milliards de F CFA pour l\u2019ann\u00e9e 2023 \u00bb<\/strong><\/em>, a-t-il pr\u00e9cis\u00e9.<\/p>\n<p>Le Premier ministre a salu\u00e9 la qualit\u00e9 du travail accompli par l\u2019ASCE-LC, soulignant que ce rapport constitue un outil pr\u00e9cieux pour l\u2019am\u00e9lioration de la gestion des affaires publiques et le renforcement de la confiance des citoyens dans les institutions.<\/p>\n<p>Il a r\u00e9it\u00e9r\u00e9 l\u2019engagement du Gouvernement \u00e0 soutenir sans r\u00e9serve toutes les initiatives de gouvernance exemplaire et de transparence.\u00a0<\/p>\n<figure id=\"attachment_21635\" aria-describedby=\"caption-attachment-21635\" style=\"width: 2048px\" class=\"wp-caption aligncenter\"><a href=\"https:\/\/www.latribunedufaso.net\/wp-content\/uploads\/2025\/06\/FB_IMG_1751294753211.jpg\"><img loading=\"lazy\" decoding=\"async\" class=\"size-full wp-image-21635\" src=\"https:\/\/www.latribunedufaso.net\/wp-content\/uploads\/2025\/06\/FB_IMG_1751294753211.jpg\" alt=\"Le Contr\u00f4leur g\u00e9n\u00e9ral d'Etat, Lassan\u00e9 Compaor\u00e9 remet le rapport 2023 de l'ASCE-LC au Premier ministre, Jean Emmanuel Ou\u00e9draogo, 30 juin 2025\" width=\"2048\" height=\"1205\" srcset=\"https:\/\/www.latribunedufaso.net\/wp-content\/uploads\/2025\/06\/FB_IMG_1751294753211.jpg 2048w, https:\/\/www.latribunedufaso.net\/wp-content\/uploads\/2025\/06\/FB_IMG_1751294753211-300x177.jpg 300w, https:\/\/www.latribunedufaso.net\/wp-content\/uploads\/2025\/06\/FB_IMG_1751294753211-1024x603.jpg 1024w, https:\/\/www.latribunedufaso.net\/wp-content\/uploads\/2025\/06\/FB_IMG_1751294753211-768x452.jpg 768w, https:\/\/www.latribunedufaso.net\/wp-content\/uploads\/2025\/06\/FB_IMG_1751294753211-1536x904.jpg 1536w\" sizes=\"auto, (max-width: 2048px) 100vw, 2048px\" \/><\/a><figcaption id=\"caption-attachment-21635\" class=\"wp-caption-text\">Une vue de la d\u00e9l\u00e9gation de l&rsquo;ASC-LC chez le Premier ministre &#8211; Ph. DR<\/figcaption><\/figure>\n<p>Dans cette lutte contre la corruption que le Chef du Gouvernement souhaite <em><strong>\u00ab implacable et sans \u00e9tat d\u2019\u00e2me \u00bb,<\/strong><\/em> l\u2019ASCE-LC a \u00e9t\u00e9 invit\u00e9e \u00e0 accentuer la pr\u00e9vention, \u00e0 travers des actions de formation orient\u00e9es, selon les manquements rencontr\u00e9s lors des audits et enqu\u00eates.\u00a0\u00a0<\/p>\n<p>La remise du rapport annuel d\u2019activit\u00e9s s\u2019inscrit dans le respect des dispositions de la loi organique r\u00e9gissant l\u2019ASCE-LC, qui pr\u00e9voit la production d\u2019un rapport \u00e0 l\u2019attention de plusieurs hautes autorit\u00e9s, dont le Chef du Gouvernement, en vue de promouvoir la bonne gouvernance et la lutte contre la corruption.<\/p>\n<blockquote>\n<p>Lire aussi &gt;&gt; <a href=\"https:\/\/www.latribunedufaso.net\/?p=21445\">L\u2019ASCE-LC remet son Rapport 2023 au Pr\u00e9sident du Faso : un pr\u00e9judice de plus 33 milliards FCFA r\u00e9v\u00e9l\u00e9\u00a0<\/a><\/p>\n<\/blockquote>\n<p>Depuis sa cr\u00e9ation, l\u2019ASCE-LC \u0153uvre sans rel\u00e2che au renforcement de l\u2019int\u00e9grit\u00e9 au sein des institutions publiques et priv\u00e9es, tout en sensibilisant les citoyens sur les m\u00e9faits de la corruption et la n\u00e9cessit\u00e9 d\u2019une culture d\u2019int\u00e9grit\u00e9.<\/p>\n<p><strong>Latribunedufaso.net<\/strong><\/p>\n<p><strong>Source: DCRP\/Primature<\/strong><\/p>\n","protected":false},"excerpt":{"rendered":"<p>Ce 30 juin 2025, le Premier ministre, Jean Emmanuel Ou\u00e9draogo, a re\u00e7u des mains du Contr\u00f4leur g\u00e9n\u00e9ral d\u2019\u00c9tat, Lassan\u00e9 Compaor\u00e9, le rapport annuel d\u2019activit\u00e9s 2023 de l\u2019Autorit\u00e9 sup\u00e9rieure de contr\u00f4le d\u2019\u00c9tat et de lutte contre la corruption (ASCE-LC). Ce rapport met en lumi\u00e8re les efforts consentis par l\u2019institution en mati\u00e8re de pr\u00e9vention et de r\u00e9pression de la mauvaise gouvernance, ainsi que les r\u00e9sultats enregistr\u00e9s en mati\u00e8re d\u2019audits et d\u2019investigations au titre de l\u2019ann\u00e9e de r\u00e9f\u00e9rence.<\/p>\n","protected":false},"author":5,"featured_media":21633,"comment_status":"open","ping_status":"open","sticky":false,"template":"","format":"standard","meta":{"footnotes":""},"categories":[13,1,8],"tags":[485,39,543],"class_list":["post-21632","post","type-post","status-publish","format-standard","has-post-thumbnail","hentry","category-une","category-actu","category-societe","tag-asce-lc","tag-latribunedufaso-net","tag-lutte-contre-la-corruption"],"yoast_head":"<!-- This site is optimized with the Yoast SEO plugin v27.4 - https:\/\/yoast.com\/product\/yoast-seo-wordpress\/ -->\n<title>ASCE-LC : Le rapport d\u2019activit\u00e9s 2023 remis au Premier ministre\u00a0 - La Tribune du Faso<\/title>\n<meta name=\"robots\" content=\"index, follow, max-snippet:-1, max-image-preview:large, max-video-preview:-1\" \/>\n<link rel=\"canonical\" href=\"https:\/\/www.latribunedufaso.net\/?p=21632\" \/>\n<meta property=\"og:locale\" content=\"fr_FR\" \/>\n<meta property=\"og:type\" content=\"article\" \/>\n<meta property=\"og:title\" content=\"ASCE-LC : Le rapport d\u2019activit\u00e9s 2023 remis au Premier ministre\u00a0 - La Tribune du Faso\" \/>\n<meta property=\"og:description\" content=\"Ce 30 juin 2025, le Premier ministre, Jean Emmanuel Ou\u00e9draogo, a re\u00e7u des mains du Contr\u00f4leur g\u00e9n\u00e9ral d\u2019\u00c9tat, Lassan\u00e9 Compaor\u00e9, le rapport annuel d\u2019activit\u00e9s 2023 de l\u2019Autorit\u00e9 sup\u00e9rieure de contr\u00f4le d\u2019\u00c9tat et de lutte contre la corruption (ASCE-LC). Ce rapport met en lumi\u00e8re les efforts consentis par l\u2019institution en mati\u00e8re de pr\u00e9vention et de r\u00e9pression de la mauvaise gouvernance, ainsi que les r\u00e9sultats enregistr\u00e9s en mati\u00e8re d\u2019audits et d\u2019investigations au titre de l\u2019ann\u00e9e de r\u00e9f\u00e9rence.\" \/>\n<meta property=\"og:url\" content=\"https:\/\/www.latribunedufaso.net\/?p=21632\" \/>\n<meta property=\"og:site_name\" content=\"La Tribune du Faso\" \/>\n<meta property=\"article:publisher\" content=\"https:\/\/www.facebook.com\/LatribuneduFaso\/\" \/>\n<meta property=\"article:published_time\" content=\"2025-06-30T14:55:40+00:00\" \/>\n<meta property=\"og:image\" content=\"https:\/\/www.latribunedufaso.net\/wp-content\/uploads\/2025\/06\/FB_IMG_1751294743445.jpg\" \/>\n\t<meta property=\"og:image:width\" content=\"2048\" \/>\n\t<meta property=\"og:image:height\" content=\"1462\" \/>\n\t<meta property=\"og:image:type\" content=\"image\/jpeg\" \/>\n<meta name=\"author\" content=\"Issouf Tapsoba\" \/>\n<meta name=\"twitter:label1\" content=\"\u00c9crit par\" \/>\n\t<meta name=\"twitter:data1\" content=\"Issouf Tapsoba\" \/>\n\t<meta name=\"twitter:label2\" content=\"Dur\u00e9e de lecture estim\u00e9e\" \/>\n\t<meta name=\"twitter:data2\" content=\"3 minutes\" \/>\n<script type=\"application\/ld+json\" class=\"yoast-schema-graph\">{\"@context\":\"https:\\\/\\\/schema.org\",\"@graph\":[{\"@type\":\"Article\",\"@id\":\"https:\\\/\\\/www.latribunedufaso.net\\\/?p=21632#article\",\"isPartOf\":{\"@id\":\"https:\\\/\\\/www.latribunedufaso.net\\\/?p=21632\"},\"author\":{\"name\":\"Issouf Tapsoba\",\"@id\":\"https:\\\/\\\/www.latribunedufaso.net\\\/#\\\/schema\\\/person\\\/e54e64c5778a7e72cf80a318b7a622b0\"},\"headline\":\"ASCE-LC : Le rapport d\u2019activit\u00e9s 2023 remis au Premier ministre\u00a0\",\"datePublished\":\"2025-06-30T14:55:40+00:00\",\"mainEntityOfPage\":{\"@id\":\"https:\\\/\\\/www.latribunedufaso.net\\\/?p=21632\"},\"wordCount\":624,\"commentCount\":0,\"publisher\":{\"@id\":\"https:\\\/\\\/www.latribunedufaso.net\\\/#organization\"},\"image\":{\"@id\":\"https:\\\/\\\/www.latribunedufaso.net\\\/?p=21632#primaryimage\"},\"thumbnailUrl\":\"https:\\\/\\\/www.latribunedufaso.net\\\/wp-content\\\/uploads\\\/2025\\\/06\\\/FB_IMG_1751294743445.jpg\",\"keywords\":[\"ASCE-LC\",\"latribunedufaso.net\",\"lutte contre la corruption\"],\"articleSection\":[\"A la une\",\"Actualit\u00e9\",\"Soci\u00e9t\u00e9\"],\"inLanguage\":\"fr-FR\",\"potentialAction\":[{\"@type\":\"CommentAction\",\"name\":\"Comment\",\"target\":[\"https:\\\/\\\/www.latribunedufaso.net\\\/?p=21632#respond\"]}]},{\"@type\":\"WebPage\",\"@id\":\"https:\\\/\\\/www.latribunedufaso.net\\\/?p=21632\",\"url\":\"https:\\\/\\\/www.latribunedufaso.net\\\/?p=21632\",\"name\":\"ASCE-LC : Le rapport d\u2019activit\u00e9s 2023 remis au Premier ministre\u00a0 - La Tribune du Faso\",\"isPartOf\":{\"@id\":\"https:\\\/\\\/www.latribunedufaso.net\\\/#website\"},\"primaryImageOfPage\":{\"@id\":\"https:\\\/\\\/www.latribunedufaso.net\\\/?p=21632#primaryimage\"},\"image\":{\"@id\":\"https:\\\/\\\/www.latribunedufaso.net\\\/?p=21632#primaryimage\"},\"thumbnailUrl\":\"https:\\\/\\\/www.latribunedufaso.net\\\/wp-content\\\/uploads\\\/2025\\\/06\\\/FB_IMG_1751294743445.jpg\",\"datePublished\":\"2025-06-30T14:55:40+00:00\",\"breadcrumb\":{\"@id\":\"https:\\\/\\\/www.latribunedufaso.net\\\/?p=21632#breadcrumb\"},\"inLanguage\":\"fr-FR\",\"potentialAction\":[{\"@type\":\"ReadAction\",\"target\":[\"https:\\\/\\\/www.latribunedufaso.net\\\/?p=21632\"]}]},{\"@type\":\"ImageObject\",\"inLanguage\":\"fr-FR\",\"@id\":\"https:\\\/\\\/www.latribunedufaso.net\\\/?p=21632#primaryimage\",\"url\":\"https:\\\/\\\/www.latribunedufaso.net\\\/wp-content\\\/uploads\\\/2025\\\/06\\\/FB_IMG_1751294743445.jpg\",\"contentUrl\":\"https:\\\/\\\/www.latribunedufaso.net\\\/wp-content\\\/uploads\\\/2025\\\/06\\\/FB_IMG_1751294743445.jpg\",\"width\":2048,\"height\":1462,\"caption\":\"Le Contr\u00f4leur g\u00e9n\u00e9ral d'Etat, Lassan\u00e9 Compaor\u00e9 remet le rapport 2023 de l'ASCE-LC au Premier ministre, Jean Emmanuel Ou\u00e9draogo, 30 juin 2025\"},{\"@type\":\"BreadcrumbList\",\"@id\":\"https:\\\/\\\/www.latribunedufaso.net\\\/?p=21632#breadcrumb\",\"itemListElement\":[{\"@type\":\"ListItem\",\"position\":1,\"name\":\"Accueil\",\"item\":\"https:\\\/\\\/www.latribunedufaso.net\\\/\"},{\"@type\":\"ListItem\",\"position\":2,\"name\":\"ASCE-LC : Le rapport d\u2019activit\u00e9s 2023 remis au Premier ministre\u00a0\"}]},{\"@type\":\"WebSite\",\"@id\":\"https:\\\/\\\/www.latribunedufaso.net\\\/#website\",\"url\":\"https:\\\/\\\/www.latribunedufaso.net\\\/\",\"name\":\"La Tribune du Faso\",\"description\":\"L&#039;information du monde rural en un clic\",\"publisher\":{\"@id\":\"https:\\\/\\\/www.latribunedufaso.net\\\/#organization\"},\"potentialAction\":[{\"@type\":\"SearchAction\",\"target\":{\"@type\":\"EntryPoint\",\"urlTemplate\":\"https:\\\/\\\/www.latribunedufaso.net\\\/?s={search_term_string}\"},\"query-input\":{\"@type\":\"PropertyValueSpecification\",\"valueRequired\":true,\"valueName\":\"search_term_string\"}}],\"inLanguage\":\"fr-FR\"},{\"@type\":\"Organization\",\"@id\":\"https:\\\/\\\/www.latribunedufaso.net\\\/#organization\",\"name\":\"La Tribune du Faso\",\"url\":\"https:\\\/\\\/www.latribunedufaso.net\\\/\",\"logo\":{\"@type\":\"ImageObject\",\"inLanguage\":\"fr-FR\",\"@id\":\"https:\\\/\\\/www.latribunedufaso.net\\\/#\\\/schema\\\/logo\\\/image\\\/\",\"url\":\"https:\\\/\\\/www.latribunedufaso.net\\\/wp-content\\\/uploads\\\/2020\\\/08\\\/Logo-Tribune-du-Faso-final-scaled.jpg\",\"contentUrl\":\"https:\\\/\\\/www.latribunedufaso.net\\\/wp-content\\\/uploads\\\/2020\\\/08\\\/Logo-Tribune-du-Faso-final-scaled.jpg\",\"width\":2560,\"height\":1856,\"caption\":\"La Tribune du Faso\"},\"image\":{\"@id\":\"https:\\\/\\\/www.latribunedufaso.net\\\/#\\\/schema\\\/logo\\\/image\\\/\"},\"sameAs\":[\"https:\\\/\\\/www.facebook.com\\\/LatribuneduFaso\\\/\"]},{\"@type\":\"Person\",\"@id\":\"https:\\\/\\\/www.latribunedufaso.net\\\/#\\\/schema\\\/person\\\/e54e64c5778a7e72cf80a318b7a622b0\",\"name\":\"Issouf Tapsoba\",\"image\":{\"@type\":\"ImageObject\",\"inLanguage\":\"fr-FR\",\"@id\":\"https:\\\/\\\/secure.gravatar.com\\\/avatar\\\/5e6c05150ce3230247d167f5b94d678eb05936197436d69b7921e3a95c9107ac?s=96&d=mm&r=g\",\"url\":\"https:\\\/\\\/secure.gravatar.com\\\/avatar\\\/5e6c05150ce3230247d167f5b94d678eb05936197436d69b7921e3a95c9107ac?s=96&d=mm&r=g\",\"contentUrl\":\"https:\\\/\\\/secure.gravatar.com\\\/avatar\\\/5e6c05150ce3230247d167f5b94d678eb05936197436d69b7921e3a95c9107ac?s=96&d=mm&r=g\",\"caption\":\"Issouf Tapsoba\"},\"url\":\"https:\\\/\\\/www.latribunedufaso.net\\\/?author=5\"}]}<\/script>\n<!-- \/ Yoast SEO plugin. -->","yoast_head_json":{"title":"ASCE-LC : Le rapport d\u2019activit\u00e9s 2023 remis au Premier ministre\u00a0 - La Tribune du Faso","robots":{"index":"index","follow":"follow","max-snippet":"max-snippet:-1","max-image-preview":"max-image-preview:large","max-video-preview":"max-video-preview:-1"},"canonical":"https:\/\/www.latribunedufaso.net\/?p=21632","og_locale":"fr_FR","og_type":"article","og_title":"ASCE-LC : Le rapport d\u2019activit\u00e9s 2023 remis au Premier ministre\u00a0 - La Tribune du Faso","og_description":"Ce 30 juin 2025, le Premier ministre, Jean Emmanuel Ou\u00e9draogo, a re\u00e7u des mains du Contr\u00f4leur g\u00e9n\u00e9ral d\u2019\u00c9tat, Lassan\u00e9 Compaor\u00e9, le rapport annuel d\u2019activit\u00e9s 2023 de l\u2019Autorit\u00e9 sup\u00e9rieure de contr\u00f4le d\u2019\u00c9tat et de lutte contre la corruption (ASCE-LC). Ce rapport met en lumi\u00e8re les efforts consentis par l\u2019institution en mati\u00e8re de pr\u00e9vention et de r\u00e9pression de la mauvaise gouvernance, ainsi que les r\u00e9sultats enregistr\u00e9s en mati\u00e8re d\u2019audits et d\u2019investigations au titre de l\u2019ann\u00e9e de r\u00e9f\u00e9rence.","og_url":"https:\/\/www.latribunedufaso.net\/?p=21632","og_site_name":"La Tribune du Faso","article_publisher":"https:\/\/www.facebook.com\/LatribuneduFaso\/","article_published_time":"2025-06-30T14:55:40+00:00","og_image":[{"width":2048,"height":1462,"url":"https:\/\/www.latribunedufaso.net\/wp-content\/uploads\/2025\/06\/FB_IMG_1751294743445.jpg","type":"image\/jpeg"}],"author":"Issouf Tapsoba","twitter_misc":{"\u00c9crit par":"Issouf Tapsoba","Dur\u00e9e de lecture estim\u00e9e":"3 minutes"},"schema":{"@context":"https:\/\/schema.org","@graph":[{"@type":"Article","@id":"https:\/\/www.latribunedufaso.net\/?p=21632#article","isPartOf":{"@id":"https:\/\/www.latribunedufaso.net\/?p=21632"},"author":{"name":"Issouf Tapsoba","@id":"https:\/\/www.latribunedufaso.net\/#\/schema\/person\/e54e64c5778a7e72cf80a318b7a622b0"},"headline":"ASCE-LC : Le rapport d\u2019activit\u00e9s 2023 remis au Premier ministre\u00a0","datePublished":"2025-06-30T14:55:40+00:00","mainEntityOfPage":{"@id":"https:\/\/www.latribunedufaso.net\/?p=21632"},"wordCount":624,"commentCount":0,"publisher":{"@id":"https:\/\/www.latribunedufaso.net\/#organization"},"image":{"@id":"https:\/\/www.latribunedufaso.net\/?p=21632#primaryimage"},"thumbnailUrl":"https:\/\/www.latribunedufaso.net\/wp-content\/uploads\/2025\/06\/FB_IMG_1751294743445.jpg","keywords":["ASCE-LC","latribunedufaso.net","lutte contre la corruption"],"articleSection":["A la une","Actualit\u00e9","Soci\u00e9t\u00e9"],"inLanguage":"fr-FR","potentialAction":[{"@type":"CommentAction","name":"Comment","target":["https:\/\/www.latribunedufaso.net\/?p=21632#respond"]}]},{"@type":"WebPage","@id":"https:\/\/www.latribunedufaso.net\/?p=21632","url":"https:\/\/www.latribunedufaso.net\/?p=21632","name":"ASCE-LC : Le rapport d\u2019activit\u00e9s 2023 remis au Premier ministre\u00a0 - La Tribune du Faso","isPartOf":{"@id":"https:\/\/www.latribunedufaso.net\/#website"},"primaryImageOfPage":{"@id":"https:\/\/www.latribunedufaso.net\/?p=21632#primaryimage"},"image":{"@id":"https:\/\/www.latribunedufaso.net\/?p=21632#primaryimage"},"thumbnailUrl":"https:\/\/www.latribunedufaso.net\/wp-content\/uploads\/2025\/06\/FB_IMG_1751294743445.jpg","datePublished":"2025-06-30T14:55:40+00:00","breadcrumb":{"@id":"https:\/\/www.latribunedufaso.net\/?p=21632#breadcrumb"},"inLanguage":"fr-FR","potentialAction":[{"@type":"ReadAction","target":["https:\/\/www.latribunedufaso.net\/?p=21632"]}]},{"@type":"ImageObject","inLanguage":"fr-FR","@id":"https:\/\/www.latribunedufaso.net\/?p=21632#primaryimage","url":"https:\/\/www.latribunedufaso.net\/wp-content\/uploads\/2025\/06\/FB_IMG_1751294743445.jpg","contentUrl":"https:\/\/www.latribunedufaso.net\/wp-content\/uploads\/2025\/06\/FB_IMG_1751294743445.jpg","width":2048,"height":1462,"caption":"Le Contr\u00f4leur g\u00e9n\u00e9ral d'Etat, Lassan\u00e9 Compaor\u00e9 remet le rapport 2023 de l'ASCE-LC au Premier ministre, Jean Emmanuel Ou\u00e9draogo, 30 juin 2025"},{"@type":"BreadcrumbList","@id":"https:\/\/www.latribunedufaso.net\/?p=21632#breadcrumb","itemListElement":[{"@type":"ListItem","position":1,"name":"Accueil","item":"https:\/\/www.latribunedufaso.net\/"},{"@type":"ListItem","position":2,"name":"ASCE-LC : Le rapport d\u2019activit\u00e9s 2023 remis au Premier ministre\u00a0"}]},{"@type":"WebSite","@id":"https:\/\/www.latribunedufaso.net\/#website","url":"https:\/\/www.latribunedufaso.net\/","name":"La Tribune du Faso","description":"L&#039;information du monde rural en un clic","publisher":{"@id":"https:\/\/www.latribunedufaso.net\/#organization"},"potentialAction":[{"@type":"SearchAction","target":{"@type":"EntryPoint","urlTemplate":"https:\/\/www.latribunedufaso.net\/?s={search_term_string}"},"query-input":{"@type":"PropertyValueSpecification","valueRequired":true,"valueName":"search_term_string"}}],"inLanguage":"fr-FR"},{"@type":"Organization","@id":"https:\/\/www.latribunedufaso.net\/#organization","name":"La Tribune du Faso","url":"https:\/\/www.latribunedufaso.net\/","logo":{"@type":"ImageObject","inLanguage":"fr-FR","@id":"https:\/\/www.latribunedufaso.net\/#\/schema\/logo\/image\/","url":"https:\/\/www.latribunedufaso.net\/wp-content\/uploads\/2020\/08\/Logo-Tribune-du-Faso-final-scaled.jpg","contentUrl":"https:\/\/www.latribunedufaso.net\/wp-content\/uploads\/2020\/08\/Logo-Tribune-du-Faso-final-scaled.jpg","width":2560,"height":1856,"caption":"La Tribune du Faso"},"image":{"@id":"https:\/\/www.latribunedufaso.net\/#\/schema\/logo\/image\/"},"sameAs":["https:\/\/www.facebook.com\/LatribuneduFaso\/"]},{"@type":"Person","@id":"https:\/\/www.latribunedufaso.net\/#\/schema\/person\/e54e64c5778a7e72cf80a318b7a622b0","name":"Issouf Tapsoba","image":{"@type":"ImageObject","inLanguage":"fr-FR","@id":"https:\/\/secure.gravatar.com\/avatar\/5e6c05150ce3230247d167f5b94d678eb05936197436d69b7921e3a95c9107ac?s=96&d=mm&r=g","url":"https:\/\/secure.gravatar.com\/avatar\/5e6c05150ce3230247d167f5b94d678eb05936197436d69b7921e3a95c9107ac?s=96&d=mm&r=g","contentUrl":"https:\/\/secure.gravatar.com\/avatar\/5e6c05150ce3230247d167f5b94d678eb05936197436d69b7921e3a95c9107ac?s=96&d=mm&r=g","caption":"Issouf Tapsoba"},"url":"https:\/\/www.latribunedufaso.net\/?author=5"}]}},"_links":{"self":[{"href":"https:\/\/www.latribunedufaso.net\/index.php?rest_route=\/wp\/v2\/posts\/21632","targetHints":{"allow":["GET"]}}],"collection":[{"href":"https:\/\/www.latribunedufaso.net\/index.php?rest_route=\/wp\/v2\/posts"}],"about":[{"href":"https:\/\/www.latribunedufaso.net\/index.php?rest_route=\/wp\/v2\/types\/post"}],"author":[{"embeddable":true,"href":"https:\/\/www.latribunedufaso.net\/index.php?rest_route=\/wp\/v2\/users\/5"}],"replies":[{"embeddable":true,"href":"https:\/\/www.latribunedufaso.net\/index.php?rest_route=%2Fwp%2Fv2%2Fcomments&post=21632"}],"version-history":[{"count":1,"href":"https:\/\/www.latribunedufaso.net\/index.php?rest_route=\/wp\/v2\/posts\/21632\/revisions"}],"predecessor-version":[{"id":21636,"href":"https:\/\/www.latribunedufaso.net\/index.php?rest_route=\/wp\/v2\/posts\/21632\/revisions\/21636"}],"wp:featuredmedia":[{"embeddable":true,"href":"https:\/\/www.latribunedufaso.net\/index.php?rest_route=\/wp\/v2\/media\/21633"}],"wp:attachment":[{"href":"https:\/\/www.latribunedufaso.net\/index.php?rest_route=%2Fwp%2Fv2%2Fmedia&parent=21632"}],"wp:term":[{"taxonomy":"category","embeddable":true,"href":"https:\/\/www.latribunedufaso.net\/index.php?rest_route=%2Fwp%2Fv2%2Fcategories&post=21632"},{"taxonomy":"post_tag","embeddable":true,"href":"https:\/\/www.latribunedufaso.net\/index.php?rest_route=%2Fwp%2Fv2%2Ftags&post=21632"}],"curies":[{"name":"wp","href":"https:\/\/api.w.org\/{rel}","templated":true}]}}