{"id":21603,"date":"2025-06-29T18:23:23","date_gmt":"2025-06-29T18:23:23","guid":{"rendered":"https:\/\/www.latribunedufaso.net\/?p=21603"},"modified":"2025-06-29T18:23:23","modified_gmt":"2025-06-29T18:23:23","slug":"royaume-de-kouritenga-le-premier-ministre-en-visite-de-courtoisie-chez-sa-majeste-naaba-yemde","status":"publish","type":"post","link":"https:\/\/www.latribunedufaso.net\/?p=21603","title":{"rendered":"Royaume de Kouritenga : Le Premier ministre en visite de courtoisie chez Sa Majest\u00e9 Naaba Yemd\u00e9"},"content":{"rendered":"<p><strong>Le Premier ministre, Jean Emmanuel Ou\u00e9draogo, a effectu\u00e9, ce dimanche 29 juin 2025, une visite de courtoisie \u00e0 Sa Majest\u00e9 Naaba Yemd\u00e9, Kourit-Yir Soaba. Dans le strict respect des us et coutumes, le Chef du Gouvernement s\u2019est rendu aupr\u00e8s de l\u2019autorit\u00e9 coutumi\u00e8re afin de saluer ses nobles actions au sein de la communaut\u00e9 et solliciter ses b\u00e9n\u00e9dictions pour le retour de la paix au Faso.<\/strong><!--more--><\/p>\n<p>Au cours de l\u2019audience, le Premier ministre a salu\u00e9 l\u2019engagement constant de Sa Majest\u00e9 aux c\u00f4t\u00e9s des autorit\u00e9s administratives et politiques, notamment en faveur du d\u00e9veloppement local et de l\u2019encadrement de la jeunesse du Kouritenga.<em><strong> \u00ab Vous \u00eates un acteur cl\u00e9 du d\u00e9veloppement de cette province. \u00c0 ce titre, je tiens \u00e0 vous exprimer toute ma reconnaissance \u00bb<\/strong><\/em>, a-t-il soulign\u00e9.<\/p>\n<figure id=\"attachment_21604\" aria-describedby=\"caption-attachment-21604\" style=\"width: 2048px\" class=\"wp-caption aligncenter\"><a href=\"https:\/\/www.latribunedufaso.net\/wp-content\/uploads\/2025\/06\/FB_IMG_1751220438864.jpg\"><img loading=\"lazy\" decoding=\"async\" class=\"size-full wp-image-21604\" src=\"https:\/\/www.latribunedufaso.net\/wp-content\/uploads\/2025\/06\/FB_IMG_1751220438864.jpg\" alt=\"Le Premier ministre Jean Emmanuel Ou\u00e9draogo a effectu\u00e9 une visite de courtoisie \u00e0 Sa Majest\u00e9 Naaba Yemd\u00e9, Kourit-Yir Soaba, 26 juin 2025\" width=\"2048\" height=\"1303\" srcset=\"https:\/\/www.latribunedufaso.net\/wp-content\/uploads\/2025\/06\/FB_IMG_1751220438864.jpg 2048w, https:\/\/www.latribunedufaso.net\/wp-content\/uploads\/2025\/06\/FB_IMG_1751220438864-300x191.jpg 300w, https:\/\/www.latribunedufaso.net\/wp-content\/uploads\/2025\/06\/FB_IMG_1751220438864-1024x652.jpg 1024w, https:\/\/www.latribunedufaso.net\/wp-content\/uploads\/2025\/06\/FB_IMG_1751220438864-768x489.jpg 768w, https:\/\/www.latribunedufaso.net\/wp-content\/uploads\/2025\/06\/FB_IMG_1751220438864-1536x977.jpg 1536w\" sizes=\"auto, (max-width: 2048px) 100vw, 2048px\" \/><\/a><figcaption id=\"caption-attachment-21604\" class=\"wp-caption-text\">Une vue du Premier ministre, Jean Emmanuel Ou\u00e9draogo lors de la visite &#8211; Ph. DR<\/figcaption><\/figure>\n<p>Sur le plan agricole, Naaba Yemd\u00e9 est reconnu comme une figure de proue dans la province du Kouritenga. Il exploite une dizaine d\u2019hectares, cultivant diverses sp\u00e9culations, du riz au manioc, faisant ainsi figure de mod\u00e8le dans la dynamique nationale pour l\u2019autosuffisance alimentaire. Anim\u00e9 par la foi et l\u2019esp\u00e9rance, le Premier ministre a implor\u00e9 la b\u00e9n\u00e9diction divine et l\u2019intercession des m\u00e2nes des anc\u00eatres pour une saison pluvieuse abondante, gage d\u2019une campagne agricole r\u00e9ussie.<\/p>\n<blockquote>\n<p>Lire aussi &gt;&gt; <a href=\"https:\/\/www.latribunedufaso.net\/?p=21599\">Royaume de Tenkodogo : Le Premier ministre re\u00e7u en audience par Sa Majest\u00e9 Naaba Guiguempol\u00e9<\/a><\/p>\n<\/blockquote>\n<p>Pour sa part, Sa Majest\u00e9 Naaba Yemd\u00e9, Kourit-Yir Soaba, s\u2019est dit honor\u00e9 par la d\u00e9marche respectueuse du Premier ministre \u00e0 son endroit et, au-del\u00e0, envers toute la communaut\u00e9. Il a formul\u00e9 des pri\u00e8res pour le succ\u00e8s de la mission confi\u00e9e au Chef du Gouvernement et a r\u00e9affirm\u00e9 sa disponibilit\u00e9 \u00e0 \u0153uvrer sans rel\u00e2che \u00e0 la r\u00e9ussite des grands chantiers impuls\u00e9s par le Pr\u00e9sident du Faso, le Capitaine Ibrahim Traor\u00e9.<\/p>\n<p><strong>Latribunedufaso.net<\/strong><\/p>\n<p><strong>Source : DCRP\/Primature<\/strong><\/p>\n","protected":false},"excerpt":{"rendered":"<p>Le Premier ministre, Jean Emmanuel Ou\u00e9draogo, a effectu\u00e9, ce dimanche 29 juin 2025, une visite de courtoisie \u00e0 Sa Majest\u00e9 Naaba Yemd\u00e9, Kourit-Yir Soaba. Dans le strict respect des us et coutumes, le Chef du Gouvernement s\u2019est rendu aupr\u00e8s de l\u2019autorit\u00e9 coutumi\u00e8re afin de saluer ses nobles actions au sein de la communaut\u00e9 et solliciter ses b\u00e9n\u00e9dictions pour le retour de la paix au Faso.<\/p>\n","protected":false},"author":5,"featured_media":21605,"comment_status":"open","ping_status":"open","sticky":false,"template":"","format":"standard","meta":{"footnotes":""},"categories":[13,1,8],"tags":[1252,39,1251],"class_list":["post-21603","post","type-post","status-publish","format-standard","has-post-thumbnail","hentry","category-une","category-actu","category-societe","tag-kourit-yir-soaba","tag-latribunedufaso-net","tag-visite-du-premier-ministre-a-sa-majeste-naaba-yemde"],"yoast_head":"<!-- This site is optimized with the Yoast SEO plugin v27.4 - https:\/\/yoast.com\/product\/yoast-seo-wordpress\/ -->\n<title>Royaume de Kouritenga : Le Premier ministre en visite de courtoisie chez Sa Majest\u00e9 Naaba Yemd\u00e9 - La Tribune du Faso<\/title>\n<meta name=\"robots\" content=\"index, follow, max-snippet:-1, max-image-preview:large, max-video-preview:-1\" \/>\n<link rel=\"canonical\" href=\"https:\/\/www.latribunedufaso.net\/?p=21603\" \/>\n<meta property=\"og:locale\" content=\"fr_FR\" \/>\n<meta property=\"og:type\" content=\"article\" \/>\n<meta property=\"og:title\" content=\"Royaume de Kouritenga : Le Premier ministre en visite de courtoisie chez Sa Majest\u00e9 Naaba Yemd\u00e9 - La Tribune du Faso\" \/>\n<meta property=\"og:description\" content=\"Le Premier ministre, Jean Emmanuel Ou\u00e9draogo, a effectu\u00e9, ce dimanche 29 juin 2025, une visite de courtoisie \u00e0 Sa Majest\u00e9 Naaba Yemd\u00e9, Kourit-Yir Soaba. Dans le strict respect des us et coutumes, le Chef du Gouvernement s\u2019est rendu aupr\u00e8s de l\u2019autorit\u00e9 coutumi\u00e8re afin de saluer ses nobles actions au sein de la communaut\u00e9 et solliciter ses b\u00e9n\u00e9dictions pour le retour de la paix au Faso.\" \/>\n<meta property=\"og:url\" content=\"https:\/\/www.latribunedufaso.net\/?p=21603\" \/>\n<meta property=\"og:site_name\" content=\"La Tribune du Faso\" \/>\n<meta property=\"article:publisher\" content=\"https:\/\/www.facebook.com\/LatribuneduFaso\/\" \/>\n<meta property=\"article:published_time\" content=\"2025-06-29T18:23:23+00:00\" \/>\n<meta property=\"og:image\" content=\"https:\/\/www.latribunedufaso.net\/wp-content\/uploads\/2025\/06\/FB_IMG_1751220430359.jpg\" \/>\n\t<meta property=\"og:image:width\" content=\"2048\" \/>\n\t<meta property=\"og:image:height\" content=\"1536\" \/>\n\t<meta property=\"og:image:type\" content=\"image\/jpeg\" \/>\n<meta name=\"author\" content=\"Issouf Tapsoba\" \/>\n<meta name=\"twitter:label1\" content=\"\u00c9crit par\" \/>\n\t<meta name=\"twitter:data1\" content=\"Issouf Tapsoba\" \/>\n\t<meta name=\"twitter:label2\" content=\"Dur\u00e9e de lecture estim\u00e9e\" \/>\n\t<meta name=\"twitter:data2\" content=\"2 minutes\" \/>\n<script type=\"application\/ld+json\" class=\"yoast-schema-graph\">{\"@context\":\"https:\\\/\\\/schema.org\",\"@graph\":[{\"@type\":\"Article\",\"@id\":\"https:\\\/\\\/www.latribunedufaso.net\\\/?p=21603#article\",\"isPartOf\":{\"@id\":\"https:\\\/\\\/www.latribunedufaso.net\\\/?p=21603\"},\"author\":{\"name\":\"Issouf Tapsoba\",\"@id\":\"https:\\\/\\\/www.latribunedufaso.net\\\/#\\\/schema\\\/person\\\/e54e64c5778a7e72cf80a318b7a622b0\"},\"headline\":\"Royaume de Kouritenga : Le Premier ministre en visite de courtoisie chez Sa Majest\u00e9 Naaba Yemd\u00e9\",\"datePublished\":\"2025-06-29T18:23:23+00:00\",\"mainEntityOfPage\":{\"@id\":\"https:\\\/\\\/www.latribunedufaso.net\\\/?p=21603\"},\"wordCount\":356,\"commentCount\":0,\"publisher\":{\"@id\":\"https:\\\/\\\/www.latribunedufaso.net\\\/#organization\"},\"image\":{\"@id\":\"https:\\\/\\\/www.latribunedufaso.net\\\/?p=21603#primaryimage\"},\"thumbnailUrl\":\"https:\\\/\\\/www.latribunedufaso.net\\\/wp-content\\\/uploads\\\/2025\\\/06\\\/FB_IMG_1751220430359.jpg\",\"keywords\":[\"Kourit-Yir Soaba\",\"latribunedufaso.net\",\"Visite du Premier ministre \u00e0 Sa Majest\u00e9 Naaba Yemd\u00e9\"],\"articleSection\":[\"A la une\",\"Actualit\u00e9\",\"Soci\u00e9t\u00e9\"],\"inLanguage\":\"fr-FR\",\"potentialAction\":[{\"@type\":\"CommentAction\",\"name\":\"Comment\",\"target\":[\"https:\\\/\\\/www.latribunedufaso.net\\\/?p=21603#respond\"]}]},{\"@type\":\"WebPage\",\"@id\":\"https:\\\/\\\/www.latribunedufaso.net\\\/?p=21603\",\"url\":\"https:\\\/\\\/www.latribunedufaso.net\\\/?p=21603\",\"name\":\"Royaume de Kouritenga : Le Premier ministre en visite de courtoisie chez Sa Majest\u00e9 Naaba Yemd\u00e9 - La Tribune du Faso\",\"isPartOf\":{\"@id\":\"https:\\\/\\\/www.latribunedufaso.net\\\/#website\"},\"primaryImageOfPage\":{\"@id\":\"https:\\\/\\\/www.latribunedufaso.net\\\/?p=21603#primaryimage\"},\"image\":{\"@id\":\"https:\\\/\\\/www.latribunedufaso.net\\\/?p=21603#primaryimage\"},\"thumbnailUrl\":\"https:\\\/\\\/www.latribunedufaso.net\\\/wp-content\\\/uploads\\\/2025\\\/06\\\/FB_IMG_1751220430359.jpg\",\"datePublished\":\"2025-06-29T18:23:23+00:00\",\"breadcrumb\":{\"@id\":\"https:\\\/\\\/www.latribunedufaso.net\\\/?p=21603#breadcrumb\"},\"inLanguage\":\"fr-FR\",\"potentialAction\":[{\"@type\":\"ReadAction\",\"target\":[\"https:\\\/\\\/www.latribunedufaso.net\\\/?p=21603\"]}]},{\"@type\":\"ImageObject\",\"inLanguage\":\"fr-FR\",\"@id\":\"https:\\\/\\\/www.latribunedufaso.net\\\/?p=21603#primaryimage\",\"url\":\"https:\\\/\\\/www.latribunedufaso.net\\\/wp-content\\\/uploads\\\/2025\\\/06\\\/FB_IMG_1751220430359.jpg\",\"contentUrl\":\"https:\\\/\\\/www.latribunedufaso.net\\\/wp-content\\\/uploads\\\/2025\\\/06\\\/FB_IMG_1751220430359.jpg\",\"width\":2048,\"height\":1536,\"caption\":\"Le Premier ministre Jean Emmanuel Ou\u00e9draogo a effectu\u00e9 une visite de courtoisie \u00e0 Sa Majest\u00e9 Naaba Yemd\u00e9, Kourit-Yir Soaba, 26 juin 2025\"},{\"@type\":\"BreadcrumbList\",\"@id\":\"https:\\\/\\\/www.latribunedufaso.net\\\/?p=21603#breadcrumb\",\"itemListElement\":[{\"@type\":\"ListItem\",\"position\":1,\"name\":\"Accueil\",\"item\":\"https:\\\/\\\/www.latribunedufaso.net\\\/\"},{\"@type\":\"ListItem\",\"position\":2,\"name\":\"Royaume de Kouritenga : Le Premier ministre en visite de courtoisie chez Sa Majest\u00e9 Naaba Yemd\u00e9\"}]},{\"@type\":\"WebSite\",\"@id\":\"https:\\\/\\\/www.latribunedufaso.net\\\/#website\",\"url\":\"https:\\\/\\\/www.latribunedufaso.net\\\/\",\"name\":\"La Tribune du Faso\",\"description\":\"L&#039;information du monde rural en un clic\",\"publisher\":{\"@id\":\"https:\\\/\\\/www.latribunedufaso.net\\\/#organization\"},\"potentialAction\":[{\"@type\":\"SearchAction\",\"target\":{\"@type\":\"EntryPoint\",\"urlTemplate\":\"https:\\\/\\\/www.latribunedufaso.net\\\/?s={search_term_string}\"},\"query-input\":{\"@type\":\"PropertyValueSpecification\",\"valueRequired\":true,\"valueName\":\"search_term_string\"}}],\"inLanguage\":\"fr-FR\"},{\"@type\":\"Organization\",\"@id\":\"https:\\\/\\\/www.latribunedufaso.net\\\/#organization\",\"name\":\"La Tribune du Faso\",\"url\":\"https:\\\/\\\/www.latribunedufaso.net\\\/\",\"logo\":{\"@type\":\"ImageObject\",\"inLanguage\":\"fr-FR\",\"@id\":\"https:\\\/\\\/www.latribunedufaso.net\\\/#\\\/schema\\\/logo\\\/image\\\/\",\"url\":\"https:\\\/\\\/www.latribunedufaso.net\\\/wp-content\\\/uploads\\\/2020\\\/08\\\/Logo-Tribune-du-Faso-final-scaled.jpg\",\"contentUrl\":\"https:\\\/\\\/www.latribunedufaso.net\\\/wp-content\\\/uploads\\\/2020\\\/08\\\/Logo-Tribune-du-Faso-final-scaled.jpg\",\"width\":2560,\"height\":1856,\"caption\":\"La Tribune du Faso\"},\"image\":{\"@id\":\"https:\\\/\\\/www.latribunedufaso.net\\\/#\\\/schema\\\/logo\\\/image\\\/\"},\"sameAs\":[\"https:\\\/\\\/www.facebook.com\\\/LatribuneduFaso\\\/\"]},{\"@type\":\"Person\",\"@id\":\"https:\\\/\\\/www.latribunedufaso.net\\\/#\\\/schema\\\/person\\\/e54e64c5778a7e72cf80a318b7a622b0\",\"name\":\"Issouf Tapsoba\",\"image\":{\"@type\":\"ImageObject\",\"inLanguage\":\"fr-FR\",\"@id\":\"https:\\\/\\\/secure.gravatar.com\\\/avatar\\\/5e6c05150ce3230247d167f5b94d678eb05936197436d69b7921e3a95c9107ac?s=96&d=mm&r=g\",\"url\":\"https:\\\/\\\/secure.gravatar.com\\\/avatar\\\/5e6c05150ce3230247d167f5b94d678eb05936197436d69b7921e3a95c9107ac?s=96&d=mm&r=g\",\"contentUrl\":\"https:\\\/\\\/secure.gravatar.com\\\/avatar\\\/5e6c05150ce3230247d167f5b94d678eb05936197436d69b7921e3a95c9107ac?s=96&d=mm&r=g\",\"caption\":\"Issouf Tapsoba\"},\"url\":\"https:\\\/\\\/www.latribunedufaso.net\\\/?author=5\"}]}<\/script>\n<!-- \/ Yoast SEO plugin. -->","yoast_head_json":{"title":"Royaume de Kouritenga : Le Premier ministre en visite de courtoisie chez Sa Majest\u00e9 Naaba Yemd\u00e9 - La Tribune du Faso","robots":{"index":"index","follow":"follow","max-snippet":"max-snippet:-1","max-image-preview":"max-image-preview:large","max-video-preview":"max-video-preview:-1"},"canonical":"https:\/\/www.latribunedufaso.net\/?p=21603","og_locale":"fr_FR","og_type":"article","og_title":"Royaume de Kouritenga : Le Premier ministre en visite de courtoisie chez Sa Majest\u00e9 Naaba Yemd\u00e9 - La Tribune du Faso","og_description":"Le Premier ministre, Jean Emmanuel Ou\u00e9draogo, a effectu\u00e9, ce dimanche 29 juin 2025, une visite de courtoisie \u00e0 Sa Majest\u00e9 Naaba Yemd\u00e9, Kourit-Yir Soaba. Dans le strict respect des us et coutumes, le Chef du Gouvernement s\u2019est rendu aupr\u00e8s de l\u2019autorit\u00e9 coutumi\u00e8re afin de saluer ses nobles actions au sein de la communaut\u00e9 et solliciter ses b\u00e9n\u00e9dictions pour le retour de la paix au Faso.","og_url":"https:\/\/www.latribunedufaso.net\/?p=21603","og_site_name":"La Tribune du Faso","article_publisher":"https:\/\/www.facebook.com\/LatribuneduFaso\/","article_published_time":"2025-06-29T18:23:23+00:00","og_image":[{"width":2048,"height":1536,"url":"https:\/\/www.latribunedufaso.net\/wp-content\/uploads\/2025\/06\/FB_IMG_1751220430359.jpg","type":"image\/jpeg"}],"author":"Issouf Tapsoba","twitter_misc":{"\u00c9crit par":"Issouf Tapsoba","Dur\u00e9e de lecture estim\u00e9e":"2 minutes"},"schema":{"@context":"https:\/\/schema.org","@graph":[{"@type":"Article","@id":"https:\/\/www.latribunedufaso.net\/?p=21603#article","isPartOf":{"@id":"https:\/\/www.latribunedufaso.net\/?p=21603"},"author":{"name":"Issouf Tapsoba","@id":"https:\/\/www.latribunedufaso.net\/#\/schema\/person\/e54e64c5778a7e72cf80a318b7a622b0"},"headline":"Royaume de Kouritenga : Le Premier ministre en visite de courtoisie chez Sa Majest\u00e9 Naaba Yemd\u00e9","datePublished":"2025-06-29T18:23:23+00:00","mainEntityOfPage":{"@id":"https:\/\/www.latribunedufaso.net\/?p=21603"},"wordCount":356,"commentCount":0,"publisher":{"@id":"https:\/\/www.latribunedufaso.net\/#organization"},"image":{"@id":"https:\/\/www.latribunedufaso.net\/?p=21603#primaryimage"},"thumbnailUrl":"https:\/\/www.latribunedufaso.net\/wp-content\/uploads\/2025\/06\/FB_IMG_1751220430359.jpg","keywords":["Kourit-Yir Soaba","latribunedufaso.net","Visite du Premier ministre \u00e0 Sa Majest\u00e9 Naaba Yemd\u00e9"],"articleSection":["A la une","Actualit\u00e9","Soci\u00e9t\u00e9"],"inLanguage":"fr-FR","potentialAction":[{"@type":"CommentAction","name":"Comment","target":["https:\/\/www.latribunedufaso.net\/?p=21603#respond"]}]},{"@type":"WebPage","@id":"https:\/\/www.latribunedufaso.net\/?p=21603","url":"https:\/\/www.latribunedufaso.net\/?p=21603","name":"Royaume de Kouritenga : Le Premier ministre en visite de courtoisie chez Sa Majest\u00e9 Naaba Yemd\u00e9 - La Tribune du Faso","isPartOf":{"@id":"https:\/\/www.latribunedufaso.net\/#website"},"primaryImageOfPage":{"@id":"https:\/\/www.latribunedufaso.net\/?p=21603#primaryimage"},"image":{"@id":"https:\/\/www.latribunedufaso.net\/?p=21603#primaryimage"},"thumbnailUrl":"https:\/\/www.latribunedufaso.net\/wp-content\/uploads\/2025\/06\/FB_IMG_1751220430359.jpg","datePublished":"2025-06-29T18:23:23+00:00","breadcrumb":{"@id":"https:\/\/www.latribunedufaso.net\/?p=21603#breadcrumb"},"inLanguage":"fr-FR","potentialAction":[{"@type":"ReadAction","target":["https:\/\/www.latribunedufaso.net\/?p=21603"]}]},{"@type":"ImageObject","inLanguage":"fr-FR","@id":"https:\/\/www.latribunedufaso.net\/?p=21603#primaryimage","url":"https:\/\/www.latribunedufaso.net\/wp-content\/uploads\/2025\/06\/FB_IMG_1751220430359.jpg","contentUrl":"https:\/\/www.latribunedufaso.net\/wp-content\/uploads\/2025\/06\/FB_IMG_1751220430359.jpg","width":2048,"height":1536,"caption":"Le Premier ministre Jean Emmanuel Ou\u00e9draogo a effectu\u00e9 une visite de courtoisie \u00e0 Sa Majest\u00e9 Naaba Yemd\u00e9, Kourit-Yir Soaba, 26 juin 2025"},{"@type":"BreadcrumbList","@id":"https:\/\/www.latribunedufaso.net\/?p=21603#breadcrumb","itemListElement":[{"@type":"ListItem","position":1,"name":"Accueil","item":"https:\/\/www.latribunedufaso.net\/"},{"@type":"ListItem","position":2,"name":"Royaume de Kouritenga : Le Premier ministre en visite de courtoisie chez Sa Majest\u00e9 Naaba Yemd\u00e9"}]},{"@type":"WebSite","@id":"https:\/\/www.latribunedufaso.net\/#website","url":"https:\/\/www.latribunedufaso.net\/","name":"La Tribune du Faso","description":"L&#039;information du monde rural en un clic","publisher":{"@id":"https:\/\/www.latribunedufaso.net\/#organization"},"potentialAction":[{"@type":"SearchAction","target":{"@type":"EntryPoint","urlTemplate":"https:\/\/www.latribunedufaso.net\/?s={search_term_string}"},"query-input":{"@type":"PropertyValueSpecification","valueRequired":true,"valueName":"search_term_string"}}],"inLanguage":"fr-FR"},{"@type":"Organization","@id":"https:\/\/www.latribunedufaso.net\/#organization","name":"La Tribune du Faso","url":"https:\/\/www.latribunedufaso.net\/","logo":{"@type":"ImageObject","inLanguage":"fr-FR","@id":"https:\/\/www.latribunedufaso.net\/#\/schema\/logo\/image\/","url":"https:\/\/www.latribunedufaso.net\/wp-content\/uploads\/2020\/08\/Logo-Tribune-du-Faso-final-scaled.jpg","contentUrl":"https:\/\/www.latribunedufaso.net\/wp-content\/uploads\/2020\/08\/Logo-Tribune-du-Faso-final-scaled.jpg","width":2560,"height":1856,"caption":"La Tribune du Faso"},"image":{"@id":"https:\/\/www.latribunedufaso.net\/#\/schema\/logo\/image\/"},"sameAs":["https:\/\/www.facebook.com\/LatribuneduFaso\/"]},{"@type":"Person","@id":"https:\/\/www.latribunedufaso.net\/#\/schema\/person\/e54e64c5778a7e72cf80a318b7a622b0","name":"Issouf Tapsoba","image":{"@type":"ImageObject","inLanguage":"fr-FR","@id":"https:\/\/secure.gravatar.com\/avatar\/5e6c05150ce3230247d167f5b94d678eb05936197436d69b7921e3a95c9107ac?s=96&d=mm&r=g","url":"https:\/\/secure.gravatar.com\/avatar\/5e6c05150ce3230247d167f5b94d678eb05936197436d69b7921e3a95c9107ac?s=96&d=mm&r=g","contentUrl":"https:\/\/secure.gravatar.com\/avatar\/5e6c05150ce3230247d167f5b94d678eb05936197436d69b7921e3a95c9107ac?s=96&d=mm&r=g","caption":"Issouf Tapsoba"},"url":"https:\/\/www.latribunedufaso.net\/?author=5"}]}},"_links":{"self":[{"href":"https:\/\/www.latribunedufaso.net\/index.php?rest_route=\/wp\/v2\/posts\/21603","targetHints":{"allow":["GET"]}}],"collection":[{"href":"https:\/\/www.latribunedufaso.net\/index.php?rest_route=\/wp\/v2\/posts"}],"about":[{"href":"https:\/\/www.latribunedufaso.net\/index.php?rest_route=\/wp\/v2\/types\/post"}],"author":[{"embeddable":true,"href":"https:\/\/www.latribunedufaso.net\/index.php?rest_route=\/wp\/v2\/users\/5"}],"replies":[{"embeddable":true,"href":"https:\/\/www.latribunedufaso.net\/index.php?rest_route=%2Fwp%2Fv2%2Fcomments&post=21603"}],"version-history":[{"count":1,"href":"https:\/\/www.latribunedufaso.net\/index.php?rest_route=\/wp\/v2\/posts\/21603\/revisions"}],"predecessor-version":[{"id":21606,"href":"https:\/\/www.latribunedufaso.net\/index.php?rest_route=\/wp\/v2\/posts\/21603\/revisions\/21606"}],"wp:featuredmedia":[{"embeddable":true,"href":"https:\/\/www.latribunedufaso.net\/index.php?rest_route=\/wp\/v2\/media\/21605"}],"wp:attachment":[{"href":"https:\/\/www.latribunedufaso.net\/index.php?rest_route=%2Fwp%2Fv2%2Fmedia&parent=21603"}],"wp:term":[{"taxonomy":"category","embeddable":true,"href":"https:\/\/www.latribunedufaso.net\/index.php?rest_route=%2Fwp%2Fv2%2Fcategories&post=21603"},{"taxonomy":"post_tag","embeddable":true,"href":"https:\/\/www.latribunedufaso.net\/index.php?rest_route=%2Fwp%2Fv2%2Ftags&post=21603"}],"curies":[{"name":"wp","href":"https:\/\/api.w.org\/{rel}","templated":true}]}}