{"id":21577,"date":"2025-06-28T07:20:26","date_gmt":"2025-06-28T07:20:26","guid":{"rendered":"https:\/\/www.latribunedufaso.net\/?p=21577"},"modified":"2025-06-30T16:25:02","modified_gmt":"2025-06-30T16:25:02","slug":"burkina-journee-mondiale-des-mpme-lafp-pme-sensibilise-les-jeunes-sur-lentrepreneuriat-et-linnovation-locale","status":"publish","type":"post","link":"https:\/\/www.latribunedufaso.net\/?p=21577","title":{"rendered":"Burkina\/Journ\u00e9e mondiale des MPME : L&rsquo;AFP-PME sensibilise les jeunes sur l\u2019entrepreneuriat et l\u2019innovation locale"},"content":{"rendered":"<p><strong>L\u2019AFP-PME a marqu\u00e9 la Journ\u00e9e mondiale des MPME, le 27 juin 2025, par une conf\u00e9rence \u00e0 Ouagadougou visant \u00e0 sensibiliser les \u00e9tudiants et professionnels sur les enjeux de l\u2019innovation locale et de l\u2019entrepreneuriat comme levier de souverainet\u00e9 \u00e9conomique.<\/strong><!--more--><\/p>\n<p>Dans le cadre de la Journ\u00e9e mondiale des micros, petites et moyennes entreprises (JM-MPME), c\u00e9l\u00e9br\u00e9e le 27 juin 2025, l\u2019Agence de financement et de promotion des petites et moyennes entreprises (AFP-PME) a organis\u00e9 une conf\u00e9rence publique \u00e0 l\u2019Universit\u00e9 Aube Nouvelle de Ouagadougou. La c\u00e9r\u00e9monie d\u2019ouverture a \u00e9t\u00e9 plac\u00e9e sous la pr\u00e9sidence du ministre en charge de l\u2019Industrie, Serge Poda, repr\u00e9sent\u00e9 par son conseiller des affaires \u00e9conomiques, Joseph Zerbo.<\/p>\n<p>Plac\u00e9e sous le th\u00e8me national <em><strong>\u00ab Promotion des produits innovants made in Burkina Faso : quelles strat\u00e9gies de r\u00e9silience pour la souverainet\u00e9 \u00e9conomique ? \u00bb<\/strong><\/em>, cette rencontre a mobilis\u00e9 \u00e9tudiants, professionnels et acteurs du secteur autour des enjeux li\u00e9s \u00e0 l\u2019innovation, \u00e0 la cr\u00e9ation et au d\u00e9veloppement des MPME.<\/p>\n<figure id=\"attachment_21580\" aria-describedby=\"caption-attachment-21580\" style=\"width: 778px\" class=\"wp-caption aligncenter\"><a href=\"https:\/\/www.latribunedufaso.net\/wp-content\/uploads\/2025\/06\/IMG-20250628-WA0008.jpg\"><img loading=\"lazy\" decoding=\"async\" class=\"size-full wp-image-21580\" src=\"https:\/\/www.latribunedufaso.net\/wp-content\/uploads\/2025\/06\/IMG-20250628-WA0008.jpg\" alt=\"A l'occasion de la Journ\u00e9e mondiale des MPME, l'AFP-PME a organis\u00e9 une conf\u00e9rence publique au profit des \u00e9tudiants sur l'entrepreneuriat, 27 juin 2025 \u00e0 Ouagadougou \" width=\"778\" height=\"420\" srcset=\"https:\/\/www.latribunedufaso.net\/wp-content\/uploads\/2025\/06\/IMG-20250628-WA0008.jpg 778w, https:\/\/www.latribunedufaso.net\/wp-content\/uploads\/2025\/06\/IMG-20250628-WA0008-300x162.jpg 300w, https:\/\/www.latribunedufaso.net\/wp-content\/uploads\/2025\/06\/IMG-20250628-WA0008-768x415.jpg 768w\" sizes=\"auto, (max-width: 778px) 100vw, 778px\" \/><\/a><figcaption id=\"caption-attachment-21580\" class=\"wp-caption-text\">Le Directeur g\u00e9n\u00e9ral de L&rsquo;AFP-PME, Issa Traor\u00e9 &#8211; Ph. A. Kiendrebeogo<\/figcaption><\/figure>\n<p>L\u2019objectif est, entre autres, de sensibiliser les jeunes \u00e0 l\u2019esprit d\u2019entreprise, de leur pr\u00e9senter les opportunit\u00e9s offertes par l\u2019AFP-PME, et de les encourager \u00e0 initier ou renforcer leurs projets entrepreneuriaux.<em><strong> \u00ab Les jeunes \u00e0 l\u2019universit\u00e9 repr\u00e9sentent un vivier important de futurs promoteurs de PME. C\u2019est pourquoi, chaque ann\u00e9e, nous organisons des sessions d\u2019\u00e9changes pour les sensibiliser \u00e0 l\u2019esprit d\u2019entreprise, leur pr\u00e9senter les opportunit\u00e9s offertes par l\u2019AFP-PME, et leur expliquer notre r\u00f4le dans l\u2019accompagnement de leurs projets \u00bb<\/strong><\/em>, a expliqu\u00e9 le Directeur g\u00e9n\u00e9ral de l\u2019AFP-PME, Issa Traor\u00e9.\u00a0<\/p>\n<figure id=\"attachment_21582\" aria-describedby=\"caption-attachment-21582\" style=\"width: 2560px\" class=\"wp-caption aligncenter\"><a href=\"https:\/\/www.latribunedufaso.net\/wp-content\/uploads\/2025\/06\/IMG-20250628-WA0015.jpg\"><img loading=\"lazy\" decoding=\"async\" class=\"size-full wp-image-21582\" src=\"https:\/\/www.latribunedufaso.net\/wp-content\/uploads\/2025\/06\/IMG-20250628-WA0015.jpg\" alt=\"A l'occasion de la Journ\u00e9e mondiale des MPME, l'AFP-PME a organis\u00e9 une conf\u00e9rence publique au profit des \u00e9tudiants sur l'entrepreneuriat, 27 juin 2025 \u00e0 Ouagadougou \" width=\"2560\" height=\"2560\" srcset=\"https:\/\/www.latribunedufaso.net\/wp-content\/uploads\/2025\/06\/IMG-20250628-WA0015.jpg 2560w, https:\/\/www.latribunedufaso.net\/wp-content\/uploads\/2025\/06\/IMG-20250628-WA0015-300x300.jpg 300w, https:\/\/www.latribunedufaso.net\/wp-content\/uploads\/2025\/06\/IMG-20250628-WA0015-1024x1024.jpg 1024w, https:\/\/www.latribunedufaso.net\/wp-content\/uploads\/2025\/06\/IMG-20250628-WA0015-150x150.jpg 150w, https:\/\/www.latribunedufaso.net\/wp-content\/uploads\/2025\/06\/IMG-20250628-WA0015-768x768.jpg 768w, https:\/\/www.latribunedufaso.net\/wp-content\/uploads\/2025\/06\/IMG-20250628-WA0015-1536x1536.jpg 1536w, https:\/\/www.latribunedufaso.net\/wp-content\/uploads\/2025\/06\/IMG-20250628-WA0015-2048x2048.jpg 2048w\" sizes=\"auto, (max-width: 2560px) 100vw, 2560px\" \/><\/a><figcaption id=\"caption-attachment-21582\" class=\"wp-caption-text\">Une vue des participants \u00e0 la c\u00e9r\u00e9monie &#8211; Ph. A. Kiendrebeogo<\/figcaption><\/figure>\n<p>Selon lui, le th\u00e8me de cette ann\u00e9e interpelle sur la d\u00e9pendance vis-\u00e0-vis de l\u2019ext\u00e9rieur pour les produits strat\u00e9giques et invite \u00e0 identifier les opportunit\u00e9s de cr\u00e9ation d\u2019entreprises locales innovantes.<\/p>\n<p>Prenant la parole, Joseph Zerbo a rappel\u00e9 la vision du gouvernement visant \u00e0 valoriser le <em><strong>\u00ab Made in Burkina \u00bb<\/strong><\/em>.<\/p>\n<figure id=\"attachment_21579\" aria-describedby=\"caption-attachment-21579\" style=\"width: 863px\" class=\"wp-caption aligncenter\"><a href=\"https:\/\/www.latribunedufaso.net\/wp-content\/uploads\/2025\/06\/IMG-20250628-WA0009.jpg\"><img loading=\"lazy\" decoding=\"async\" class=\"size-full wp-image-21579\" src=\"https:\/\/www.latribunedufaso.net\/wp-content\/uploads\/2025\/06\/IMG-20250628-WA0009.jpg\" alt=\"A l'occasion de la Journ\u00e9e mondiale des MPME, l'AFP-PME a organis\u00e9 une conf\u00e9rence publique au profit des \u00e9tudiants sur l'entrepreneuriat, 27 juin 2025 \u00e0 Ouagadougou \" width=\"863\" height=\"611\" srcset=\"https:\/\/www.latribunedufaso.net\/wp-content\/uploads\/2025\/06\/IMG-20250628-WA0009.jpg 863w, https:\/\/www.latribunedufaso.net\/wp-content\/uploads\/2025\/06\/IMG-20250628-WA0009-300x212.jpg 300w, https:\/\/www.latribunedufaso.net\/wp-content\/uploads\/2025\/06\/IMG-20250628-WA0009-768x544.jpg 768w, https:\/\/www.latribunedufaso.net\/wp-content\/uploads\/2025\/06\/IMG-20250628-WA0009-90x65.jpg 90w\" sizes=\"auto, (max-width: 863px) 100vw, 863px\" \/><\/a><figcaption id=\"caption-attachment-21579\" class=\"wp-caption-text\">Le conseiller des affaires \u00e9conomiques du minist\u00e8re en charge des PME, Joseph Zerbo, repr\u00e9sentant le ministre, pr\u00e9sident de la c\u00e9r\u00e9monie &#8211; Ph. A. Kiendrebeogo<\/figcaption><\/figure>\n<p>Il a notamment cit\u00e9 le Mois du consommer local, organis\u00e9 chaque mois d\u2019octobre, comme initiative phare pour booster la production et la consommation locale au sein du Burkina Faso et de l\u2019espace UEMOA. Il a \u00e9galement soulign\u00e9 les efforts d\u00e9ploy\u00e9s \u00e0 travers des programmes d\u2019incubation, d\u2019acc\u00e9l\u00e9ration d\u2019entreprises, de franchises et de capital-risque port\u00e9s par le minist\u00e8re en charge de l\u2019Industrie via l\u2019AFP-PME. Il a aussi not\u00e9 la labellisation de 04 produits locaux \u00e0 travers le Centre national de la Propri\u00e9t\u00e9 intellectuelle. Il s&rsquo;agit du Koko dunda, le chapeau de Sapon\u00e9, le beurre de karit\u00e9 et le Faso danfani.<\/p>\n<blockquote>\n<p>Lire aussi &gt;&gt; <a href=\"https:\/\/www.latribunedufaso.net\/?p=19447\">Programme \u00ab FASO SCALE-UP \u00bb : Une initiative de l\u2019AFP-PME pour renforcer le d\u00e9veloppement des PME<\/a><\/p>\n<\/blockquote>\n<p>En rappel, l\u2019AFP-PME est un Fonds national de financement (FNF) plac\u00e9 sous la tutelle technique du minist\u00e8re de l\u2019Industrie, du Commerce et de l\u2019Artisanat, et la tutelle financi\u00e8re du minist\u00e8re de l\u2019\u00c9conomie et des Finances. Elle a pour mission de contribuer au d\u00e9veloppement du secteur priv\u00e9 par le soutien \u00e0 la promotion d\u2019une dynamique entrepreneuriale et \u00e0 l\u2019\u00e9mergence d\u2019un tissu de petites et moyennes entreprises (PME) burkinab\u00e8 viables et comp\u00e9titives.<\/p>\n<p><strong>Rosana Astride KIENDREBEOGO<\/strong><\/p>\n<p><strong>Latribunedufaso.net\u00a0<\/strong><\/p>\n<p><iframe loading=\"lazy\" width=\"560\" height=\"315\" src=\"https:\/\/www.youtube.com\/embed\/LAtt6WkL1pc?si=c-9LWUjnqCxxEsww\" title=\"YouTube video player\" frameborder=\"0\" allow=\"accelerometer; autoplay; clipboard-write; encrypted-media; gyroscope; picture-in-picture; web-share\" referrerpolicy=\"strict-origin-when-cross-origin\" allowfullscreen><\/iframe><\/p>\n","protected":false},"excerpt":{"rendered":"<p>L\u2019AFP-PME a marqu\u00e9 la Journ\u00e9e mondiale des MPME, le 27 juin 2025, par une conf\u00e9rence \u00e0 Ouagadougou visant \u00e0 sensibiliser les \u00e9tudiants et professionnels sur les enjeux de l\u2019innovation locale et de l\u2019entrepreneuriat comme levier de souverainet\u00e9 \u00e9conomique.<\/p>\n","protected":false},"author":5,"featured_media":21581,"comment_status":"open","ping_status":"open","sticky":false,"template":"","format":"standard","meta":{"footnotes":""},"categories":[13,1,6],"tags":[721,1243,39,1244],"class_list":["post-21577","post","type-post","status-publish","format-standard","has-post-thumbnail","hentry","category-une","category-actu","category-entrep","tag-afp-pme","tag-journee-mondiale-des-mpme","tag-latribunedufaso-net","tag-produits-made-in-burkina"],"yoast_head":"<!-- This site is optimized with the Yoast SEO plugin v27.5 - https:\/\/yoast.com\/product\/yoast-seo-wordpress\/ -->\n<title>Burkina\/Journ\u00e9e mondiale des MPME : L&#039;AFP-PME sensibilise les jeunes sur l\u2019entrepreneuriat et l\u2019innovation locale - La Tribune du Faso<\/title>\n<meta name=\"robots\" content=\"index, follow, max-snippet:-1, max-image-preview:large, max-video-preview:-1\" \/>\n<link rel=\"canonical\" href=\"https:\/\/www.latribunedufaso.net\/?p=21577\" \/>\n<meta property=\"og:locale\" content=\"fr_FR\" \/>\n<meta property=\"og:type\" content=\"article\" \/>\n<meta property=\"og:title\" content=\"Burkina\/Journ\u00e9e mondiale des MPME : L&#039;AFP-PME sensibilise les jeunes sur l\u2019entrepreneuriat et l\u2019innovation locale - La Tribune du Faso\" \/>\n<meta property=\"og:description\" content=\"L\u2019AFP-PME a marqu\u00e9 la Journ\u00e9e mondiale des MPME, le 27 juin 2025, par une conf\u00e9rence \u00e0 Ouagadougou visant \u00e0 sensibiliser les \u00e9tudiants et professionnels sur les enjeux de l\u2019innovation locale et de l\u2019entrepreneuriat comme levier de souverainet\u00e9 \u00e9conomique.\" \/>\n<meta property=\"og:url\" content=\"https:\/\/www.latribunedufaso.net\/?p=21577\" \/>\n<meta property=\"og:site_name\" content=\"La Tribune du Faso\" \/>\n<meta property=\"article:publisher\" content=\"https:\/\/www.facebook.com\/LatribuneduFaso\/\" \/>\n<meta property=\"article:published_time\" content=\"2025-06-28T07:20:26+00:00\" \/>\n<meta property=\"article:modified_time\" content=\"2025-06-30T16:25:02+00:00\" \/>\n<meta property=\"og:image\" content=\"https:\/\/www.latribunedufaso.net\/wp-content\/uploads\/2025\/06\/IMG-20250628-WA0011.jpg\" \/>\n\t<meta property=\"og:image:width\" content=\"2560\" \/>\n\t<meta property=\"og:image:height\" content=\"2560\" \/>\n\t<meta property=\"og:image:type\" content=\"image\/jpeg\" \/>\n<meta name=\"author\" content=\"Issouf Tapsoba\" \/>\n<meta name=\"twitter:label1\" content=\"\u00c9crit par\" \/>\n\t<meta name=\"twitter:data1\" content=\"Issouf Tapsoba\" \/>\n\t<meta name=\"twitter:label2\" content=\"Dur\u00e9e de lecture estim\u00e9e\" \/>\n\t<meta name=\"twitter:data2\" content=\"3 minutes\" \/>\n<script type=\"application\/ld+json\" class=\"yoast-schema-graph\">{\"@context\":\"https:\\\/\\\/schema.org\",\"@graph\":[{\"@type\":\"Article\",\"@id\":\"https:\\\/\\\/www.latribunedufaso.net\\\/?p=21577#article\",\"isPartOf\":{\"@id\":\"https:\\\/\\\/www.latribunedufaso.net\\\/?p=21577\"},\"author\":{\"name\":\"Issouf Tapsoba\",\"@id\":\"https:\\\/\\\/www.latribunedufaso.net\\\/#\\\/schema\\\/person\\\/e54e64c5778a7e72cf80a318b7a622b0\"},\"headline\":\"Burkina\\\/Journ\u00e9e mondiale des MPME : L&rsquo;AFP-PME sensibilise les jeunes sur l\u2019entrepreneuriat et l\u2019innovation locale\",\"datePublished\":\"2025-06-28T07:20:26+00:00\",\"dateModified\":\"2025-06-30T16:25:02+00:00\",\"mainEntityOfPage\":{\"@id\":\"https:\\\/\\\/www.latribunedufaso.net\\\/?p=21577\"},\"wordCount\":633,\"commentCount\":0,\"publisher\":{\"@id\":\"https:\\\/\\\/www.latribunedufaso.net\\\/#organization\"},\"image\":{\"@id\":\"https:\\\/\\\/www.latribunedufaso.net\\\/?p=21577#primaryimage\"},\"thumbnailUrl\":\"https:\\\/\\\/www.latribunedufaso.net\\\/wp-content\\\/uploads\\\/2025\\\/06\\\/IMG-20250628-WA0011.jpg\",\"keywords\":[\"AFP-PME\",\"Journ\u00e9e mondiale des MPME\",\"latribunedufaso.net\",\"Produits Made in Burkina\"],\"articleSection\":[\"A la une\",\"Actualit\u00e9\",\"Entreprenariat\"],\"inLanguage\":\"fr-FR\",\"potentialAction\":[{\"@type\":\"CommentAction\",\"name\":\"Comment\",\"target\":[\"https:\\\/\\\/www.latribunedufaso.net\\\/?p=21577#respond\"]}]},{\"@type\":\"WebPage\",\"@id\":\"https:\\\/\\\/www.latribunedufaso.net\\\/?p=21577\",\"url\":\"https:\\\/\\\/www.latribunedufaso.net\\\/?p=21577\",\"name\":\"Burkina\\\/Journ\u00e9e mondiale des MPME : L'AFP-PME sensibilise les jeunes sur l\u2019entrepreneuriat et l\u2019innovation locale - La Tribune du Faso\",\"isPartOf\":{\"@id\":\"https:\\\/\\\/www.latribunedufaso.net\\\/#website\"},\"primaryImageOfPage\":{\"@id\":\"https:\\\/\\\/www.latribunedufaso.net\\\/?p=21577#primaryimage\"},\"image\":{\"@id\":\"https:\\\/\\\/www.latribunedufaso.net\\\/?p=21577#primaryimage\"},\"thumbnailUrl\":\"https:\\\/\\\/www.latribunedufaso.net\\\/wp-content\\\/uploads\\\/2025\\\/06\\\/IMG-20250628-WA0011.jpg\",\"datePublished\":\"2025-06-28T07:20:26+00:00\",\"dateModified\":\"2025-06-30T16:25:02+00:00\",\"breadcrumb\":{\"@id\":\"https:\\\/\\\/www.latribunedufaso.net\\\/?p=21577#breadcrumb\"},\"inLanguage\":\"fr-FR\",\"potentialAction\":[{\"@type\":\"ReadAction\",\"target\":[\"https:\\\/\\\/www.latribunedufaso.net\\\/?p=21577\"]}]},{\"@type\":\"ImageObject\",\"inLanguage\":\"fr-FR\",\"@id\":\"https:\\\/\\\/www.latribunedufaso.net\\\/?p=21577#primaryimage\",\"url\":\"https:\\\/\\\/www.latribunedufaso.net\\\/wp-content\\\/uploads\\\/2025\\\/06\\\/IMG-20250628-WA0011.jpg\",\"contentUrl\":\"https:\\\/\\\/www.latribunedufaso.net\\\/wp-content\\\/uploads\\\/2025\\\/06\\\/IMG-20250628-WA0011.jpg\",\"width\":2560,\"height\":2560,\"caption\":\"A l'occasion de la Journ\u00e9e mondiale des MPME, l'AFP-PME a organis\u00e9 une conf\u00e9rence publique au profit des \u00e9tudiants sur l'entrepreneuriat, 27 juin 2025 \u00e0 Ouagadougou\"},{\"@type\":\"BreadcrumbList\",\"@id\":\"https:\\\/\\\/www.latribunedufaso.net\\\/?p=21577#breadcrumb\",\"itemListElement\":[{\"@type\":\"ListItem\",\"position\":1,\"name\":\"Accueil\",\"item\":\"https:\\\/\\\/www.latribunedufaso.net\\\/\"},{\"@type\":\"ListItem\",\"position\":2,\"name\":\"Burkina\\\/Journ\u00e9e mondiale des MPME : L&rsquo;AFP-PME sensibilise les jeunes sur l\u2019entrepreneuriat et l\u2019innovation locale\"}]},{\"@type\":\"WebSite\",\"@id\":\"https:\\\/\\\/www.latribunedufaso.net\\\/#website\",\"url\":\"https:\\\/\\\/www.latribunedufaso.net\\\/\",\"name\":\"La Tribune du Faso\",\"description\":\"L&#039;information du monde rural en un clic\",\"publisher\":{\"@id\":\"https:\\\/\\\/www.latribunedufaso.net\\\/#organization\"},\"potentialAction\":[{\"@type\":\"SearchAction\",\"target\":{\"@type\":\"EntryPoint\",\"urlTemplate\":\"https:\\\/\\\/www.latribunedufaso.net\\\/?s={search_term_string}\"},\"query-input\":{\"@type\":\"PropertyValueSpecification\",\"valueRequired\":true,\"valueName\":\"search_term_string\"}}],\"inLanguage\":\"fr-FR\"},{\"@type\":\"Organization\",\"@id\":\"https:\\\/\\\/www.latribunedufaso.net\\\/#organization\",\"name\":\"La Tribune du Faso\",\"url\":\"https:\\\/\\\/www.latribunedufaso.net\\\/\",\"logo\":{\"@type\":\"ImageObject\",\"inLanguage\":\"fr-FR\",\"@id\":\"https:\\\/\\\/www.latribunedufaso.net\\\/#\\\/schema\\\/logo\\\/image\\\/\",\"url\":\"https:\\\/\\\/www.latribunedufaso.net\\\/wp-content\\\/uploads\\\/2020\\\/08\\\/Logo-Tribune-du-Faso-final-scaled.jpg\",\"contentUrl\":\"https:\\\/\\\/www.latribunedufaso.net\\\/wp-content\\\/uploads\\\/2020\\\/08\\\/Logo-Tribune-du-Faso-final-scaled.jpg\",\"width\":2560,\"height\":1856,\"caption\":\"La Tribune du Faso\"},\"image\":{\"@id\":\"https:\\\/\\\/www.latribunedufaso.net\\\/#\\\/schema\\\/logo\\\/image\\\/\"},\"sameAs\":[\"https:\\\/\\\/www.facebook.com\\\/LatribuneduFaso\\\/\"]},{\"@type\":\"Person\",\"@id\":\"https:\\\/\\\/www.latribunedufaso.net\\\/#\\\/schema\\\/person\\\/e54e64c5778a7e72cf80a318b7a622b0\",\"name\":\"Issouf Tapsoba\",\"image\":{\"@type\":\"ImageObject\",\"inLanguage\":\"fr-FR\",\"@id\":\"https:\\\/\\\/secure.gravatar.com\\\/avatar\\\/5e6c05150ce3230247d167f5b94d678eb05936197436d69b7921e3a95c9107ac?s=96&d=mm&r=g\",\"url\":\"https:\\\/\\\/secure.gravatar.com\\\/avatar\\\/5e6c05150ce3230247d167f5b94d678eb05936197436d69b7921e3a95c9107ac?s=96&d=mm&r=g\",\"contentUrl\":\"https:\\\/\\\/secure.gravatar.com\\\/avatar\\\/5e6c05150ce3230247d167f5b94d678eb05936197436d69b7921e3a95c9107ac?s=96&d=mm&r=g\",\"caption\":\"Issouf Tapsoba\"},\"url\":\"https:\\\/\\\/www.latribunedufaso.net\\\/?author=5\"}]}<\/script>\n<!-- \/ Yoast SEO plugin. -->","yoast_head_json":{"title":"Burkina\/Journ\u00e9e mondiale des MPME : L'AFP-PME sensibilise les jeunes sur l\u2019entrepreneuriat et l\u2019innovation locale - La Tribune du Faso","robots":{"index":"index","follow":"follow","max-snippet":"max-snippet:-1","max-image-preview":"max-image-preview:large","max-video-preview":"max-video-preview:-1"},"canonical":"https:\/\/www.latribunedufaso.net\/?p=21577","og_locale":"fr_FR","og_type":"article","og_title":"Burkina\/Journ\u00e9e mondiale des MPME : L'AFP-PME sensibilise les jeunes sur l\u2019entrepreneuriat et l\u2019innovation locale - La Tribune du Faso","og_description":"L\u2019AFP-PME a marqu\u00e9 la Journ\u00e9e mondiale des MPME, le 27 juin 2025, par une conf\u00e9rence \u00e0 Ouagadougou visant \u00e0 sensibiliser les \u00e9tudiants et professionnels sur les enjeux de l\u2019innovation locale et de l\u2019entrepreneuriat comme levier de souverainet\u00e9 \u00e9conomique.","og_url":"https:\/\/www.latribunedufaso.net\/?p=21577","og_site_name":"La Tribune du Faso","article_publisher":"https:\/\/www.facebook.com\/LatribuneduFaso\/","article_published_time":"2025-06-28T07:20:26+00:00","article_modified_time":"2025-06-30T16:25:02+00:00","og_image":[{"width":2560,"height":2560,"url":"https:\/\/www.latribunedufaso.net\/wp-content\/uploads\/2025\/06\/IMG-20250628-WA0011.jpg","type":"image\/jpeg"}],"author":"Issouf Tapsoba","twitter_misc":{"\u00c9crit par":"Issouf Tapsoba","Dur\u00e9e de lecture estim\u00e9e":"3 minutes"},"schema":{"@context":"https:\/\/schema.org","@graph":[{"@type":"Article","@id":"https:\/\/www.latribunedufaso.net\/?p=21577#article","isPartOf":{"@id":"https:\/\/www.latribunedufaso.net\/?p=21577"},"author":{"name":"Issouf Tapsoba","@id":"https:\/\/www.latribunedufaso.net\/#\/schema\/person\/e54e64c5778a7e72cf80a318b7a622b0"},"headline":"Burkina\/Journ\u00e9e mondiale des MPME : L&rsquo;AFP-PME sensibilise les jeunes sur l\u2019entrepreneuriat et l\u2019innovation locale","datePublished":"2025-06-28T07:20:26+00:00","dateModified":"2025-06-30T16:25:02+00:00","mainEntityOfPage":{"@id":"https:\/\/www.latribunedufaso.net\/?p=21577"},"wordCount":633,"commentCount":0,"publisher":{"@id":"https:\/\/www.latribunedufaso.net\/#organization"},"image":{"@id":"https:\/\/www.latribunedufaso.net\/?p=21577#primaryimage"},"thumbnailUrl":"https:\/\/www.latribunedufaso.net\/wp-content\/uploads\/2025\/06\/IMG-20250628-WA0011.jpg","keywords":["AFP-PME","Journ\u00e9e mondiale des MPME","latribunedufaso.net","Produits Made in Burkina"],"articleSection":["A la une","Actualit\u00e9","Entreprenariat"],"inLanguage":"fr-FR","potentialAction":[{"@type":"CommentAction","name":"Comment","target":["https:\/\/www.latribunedufaso.net\/?p=21577#respond"]}]},{"@type":"WebPage","@id":"https:\/\/www.latribunedufaso.net\/?p=21577","url":"https:\/\/www.latribunedufaso.net\/?p=21577","name":"Burkina\/Journ\u00e9e mondiale des MPME : L'AFP-PME sensibilise les jeunes sur l\u2019entrepreneuriat et l\u2019innovation locale - La Tribune du Faso","isPartOf":{"@id":"https:\/\/www.latribunedufaso.net\/#website"},"primaryImageOfPage":{"@id":"https:\/\/www.latribunedufaso.net\/?p=21577#primaryimage"},"image":{"@id":"https:\/\/www.latribunedufaso.net\/?p=21577#primaryimage"},"thumbnailUrl":"https:\/\/www.latribunedufaso.net\/wp-content\/uploads\/2025\/06\/IMG-20250628-WA0011.jpg","datePublished":"2025-06-28T07:20:26+00:00","dateModified":"2025-06-30T16:25:02+00:00","breadcrumb":{"@id":"https:\/\/www.latribunedufaso.net\/?p=21577#breadcrumb"},"inLanguage":"fr-FR","potentialAction":[{"@type":"ReadAction","target":["https:\/\/www.latribunedufaso.net\/?p=21577"]}]},{"@type":"ImageObject","inLanguage":"fr-FR","@id":"https:\/\/www.latribunedufaso.net\/?p=21577#primaryimage","url":"https:\/\/www.latribunedufaso.net\/wp-content\/uploads\/2025\/06\/IMG-20250628-WA0011.jpg","contentUrl":"https:\/\/www.latribunedufaso.net\/wp-content\/uploads\/2025\/06\/IMG-20250628-WA0011.jpg","width":2560,"height":2560,"caption":"A l'occasion de la Journ\u00e9e mondiale des MPME, l'AFP-PME a organis\u00e9 une conf\u00e9rence publique au profit des \u00e9tudiants sur l'entrepreneuriat, 27 juin 2025 \u00e0 Ouagadougou"},{"@type":"BreadcrumbList","@id":"https:\/\/www.latribunedufaso.net\/?p=21577#breadcrumb","itemListElement":[{"@type":"ListItem","position":1,"name":"Accueil","item":"https:\/\/www.latribunedufaso.net\/"},{"@type":"ListItem","position":2,"name":"Burkina\/Journ\u00e9e mondiale des MPME : L&rsquo;AFP-PME sensibilise les jeunes sur l\u2019entrepreneuriat et l\u2019innovation locale"}]},{"@type":"WebSite","@id":"https:\/\/www.latribunedufaso.net\/#website","url":"https:\/\/www.latribunedufaso.net\/","name":"La Tribune du Faso","description":"L&#039;information du monde rural en un clic","publisher":{"@id":"https:\/\/www.latribunedufaso.net\/#organization"},"potentialAction":[{"@type":"SearchAction","target":{"@type":"EntryPoint","urlTemplate":"https:\/\/www.latribunedufaso.net\/?s={search_term_string}"},"query-input":{"@type":"PropertyValueSpecification","valueRequired":true,"valueName":"search_term_string"}}],"inLanguage":"fr-FR"},{"@type":"Organization","@id":"https:\/\/www.latribunedufaso.net\/#organization","name":"La Tribune du Faso","url":"https:\/\/www.latribunedufaso.net\/","logo":{"@type":"ImageObject","inLanguage":"fr-FR","@id":"https:\/\/www.latribunedufaso.net\/#\/schema\/logo\/image\/","url":"https:\/\/www.latribunedufaso.net\/wp-content\/uploads\/2020\/08\/Logo-Tribune-du-Faso-final-scaled.jpg","contentUrl":"https:\/\/www.latribunedufaso.net\/wp-content\/uploads\/2020\/08\/Logo-Tribune-du-Faso-final-scaled.jpg","width":2560,"height":1856,"caption":"La Tribune du Faso"},"image":{"@id":"https:\/\/www.latribunedufaso.net\/#\/schema\/logo\/image\/"},"sameAs":["https:\/\/www.facebook.com\/LatribuneduFaso\/"]},{"@type":"Person","@id":"https:\/\/www.latribunedufaso.net\/#\/schema\/person\/e54e64c5778a7e72cf80a318b7a622b0","name":"Issouf Tapsoba","image":{"@type":"ImageObject","inLanguage":"fr-FR","@id":"https:\/\/secure.gravatar.com\/avatar\/5e6c05150ce3230247d167f5b94d678eb05936197436d69b7921e3a95c9107ac?s=96&d=mm&r=g","url":"https:\/\/secure.gravatar.com\/avatar\/5e6c05150ce3230247d167f5b94d678eb05936197436d69b7921e3a95c9107ac?s=96&d=mm&r=g","contentUrl":"https:\/\/secure.gravatar.com\/avatar\/5e6c05150ce3230247d167f5b94d678eb05936197436d69b7921e3a95c9107ac?s=96&d=mm&r=g","caption":"Issouf Tapsoba"},"url":"https:\/\/www.latribunedufaso.net\/?author=5"}]}},"_links":{"self":[{"href":"https:\/\/www.latribunedufaso.net\/index.php?rest_route=\/wp\/v2\/posts\/21577","targetHints":{"allow":["GET"]}}],"collection":[{"href":"https:\/\/www.latribunedufaso.net\/index.php?rest_route=\/wp\/v2\/posts"}],"about":[{"href":"https:\/\/www.latribunedufaso.net\/index.php?rest_route=\/wp\/v2\/types\/post"}],"author":[{"embeddable":true,"href":"https:\/\/www.latribunedufaso.net\/index.php?rest_route=\/wp\/v2\/users\/5"}],"replies":[{"embeddable":true,"href":"https:\/\/www.latribunedufaso.net\/index.php?rest_route=%2Fwp%2Fv2%2Fcomments&post=21577"}],"version-history":[{"count":3,"href":"https:\/\/www.latribunedufaso.net\/index.php?rest_route=\/wp\/v2\/posts\/21577\/revisions"}],"predecessor-version":[{"id":21644,"href":"https:\/\/www.latribunedufaso.net\/index.php?rest_route=\/wp\/v2\/posts\/21577\/revisions\/21644"}],"wp:featuredmedia":[{"embeddable":true,"href":"https:\/\/www.latribunedufaso.net\/index.php?rest_route=\/wp\/v2\/media\/21581"}],"wp:attachment":[{"href":"https:\/\/www.latribunedufaso.net\/index.php?rest_route=%2Fwp%2Fv2%2Fmedia&parent=21577"}],"wp:term":[{"taxonomy":"category","embeddable":true,"href":"https:\/\/www.latribunedufaso.net\/index.php?rest_route=%2Fwp%2Fv2%2Fcategories&post=21577"},{"taxonomy":"post_tag","embeddable":true,"href":"https:\/\/www.latribunedufaso.net\/index.php?rest_route=%2Fwp%2Fv2%2Ftags&post=21577"}],"curies":[{"name":"wp","href":"https:\/\/api.w.org\/{rel}","templated":true}]}}