{"id":21542,"date":"2025-06-27T10:02:11","date_gmt":"2025-06-27T10:02:11","guid":{"rendered":"https:\/\/www.latribunedufaso.net\/?p=21542"},"modified":"2025-06-27T10:02:11","modified_gmt":"2025-06-27T10:02:11","slug":"journee-internationale-contre-labus-et-le-trafic-illicite-de-drogues-522-personnes-traduit-en-justice-en-2024","status":"publish","type":"post","link":"https:\/\/www.latribunedufaso.net\/?p=21542","title":{"rendered":"Journ\u00e9e internationale contre l&rsquo;abus et le trafic illicite de drogues : 522 personnes traduit en justice en 2024"},"content":{"rendered":"<p><strong>Le Secr\u00e9taire G\u00e9n\u00e9ral du minist\u00e8re de la S\u00e9curit\u00e9, le Commandant Ahmed Ouedraogo, a pr\u00e9sid\u00e9, le 26 juin 2025 \u00e0 Ouagadougou, la c\u00e9r\u00e9monie de lancement officiel des activit\u00e9s comm\u00e9moratives de la 38\u1d49 Journ\u00e9e internationale contre l\u2019abus et le trafic illicite de drogues au Burkina Faso.<\/strong><!--more--><\/p>\n<p>Plac\u00e9e sous la pr\u00e9sidence du ministre de la S\u00e9curit\u00e9, Pr\u00e9sident du Comit\u00e9 national de lutte contre la drogue (CNLD), cette \u00e9dition s\u2019est tenue autour du th\u00e8me : <em><strong>\u00ab Premi\u00e8re strat\u00e9gie nationale de lutte contre la drogue au Burkina Faso : d\u00e9fis d\u2019un engagement collectif pour sa mise en \u0153uvre \u00bb<\/strong><\/em>. \u00c0 travers ce choix, le Commandant Ahmed Ouedraogo a soulign\u00e9 la n\u00e9cessit\u00e9 d\u2019une mobilisation concert\u00e9e de l\u2019ensemble des acteurs pour faire face aux nombreux d\u00e9fis que pose le fl\u00e9au de la drogue dans notre pays.<\/p>\n<figure id=\"attachment_21545\" aria-describedby=\"caption-attachment-21545\" style=\"width: 2048px\" class=\"wp-caption aligncenter\"><a href=\"https:\/\/www.latribunedufaso.net\/wp-content\/uploads\/2025\/06\/FB_IMG_1751017676350.jpg\"><img loading=\"lazy\" decoding=\"async\" class=\"size-full wp-image-21545\" src=\"https:\/\/www.latribunedufaso.net\/wp-content\/uploads\/2025\/06\/FB_IMG_1751017676350.jpg\" alt=\"Le lancement officiel des activit\u00e9s comm\u00e9moratives de la 38\u1d49 Journ\u00e9e internationale contre l\u2019abus et le trafic illicite de drogue, 26 juin 2025\" width=\"2048\" height=\"1363\" srcset=\"https:\/\/www.latribunedufaso.net\/wp-content\/uploads\/2025\/06\/FB_IMG_1751017676350.jpg 2048w, https:\/\/www.latribunedufaso.net\/wp-content\/uploads\/2025\/06\/FB_IMG_1751017676350-300x200.jpg 300w, https:\/\/www.latribunedufaso.net\/wp-content\/uploads\/2025\/06\/FB_IMG_1751017676350-1024x682.jpg 1024w, https:\/\/www.latribunedufaso.net\/wp-content\/uploads\/2025\/06\/FB_IMG_1751017676350-768x511.jpg 768w, https:\/\/www.latribunedufaso.net\/wp-content\/uploads\/2025\/06\/FB_IMG_1751017676350-1536x1022.jpg 1536w, https:\/\/www.latribunedufaso.net\/wp-content\/uploads\/2025\/06\/FB_IMG_1751017676350-840x560.jpg 840w, https:\/\/www.latribunedufaso.net\/wp-content\/uploads\/2025\/06\/FB_IMG_1751017676350-120x80.jpg 120w, https:\/\/www.latribunedufaso.net\/wp-content\/uploads\/2025\/06\/FB_IMG_1751017676350-360x240.jpg 360w, https:\/\/www.latribunedufaso.net\/wp-content\/uploads\/2025\/06\/FB_IMG_1751017676350-600x400.jpg 600w\" sizes=\"auto, (max-width: 2048px) 100vw, 2048px\" \/><\/a><figcaption id=\"caption-attachment-21545\" class=\"wp-caption-text\">Le Secr\u00e9taire Permanent du CNLD, Emano\u00ebl Kabor\u00e9 &#8211; Ph. DR<\/figcaption><\/figure>\n<p>Dans son adresse, le Secr\u00e9taire Permanent du CNLD, Emano\u00ebl Kabor\u00e9, a dress\u00e9 le bilan des actions men\u00e9es en 2024 dans les domaines de la pr\u00e9vention, de la r\u00e9pression, de la prise en charge sanitaire et de la r\u00e9insertion sociale. Il a ainsi relev\u00e9 les r\u00e9sultats suivants :<\/p>\n<p>&#8211; Plus de 89 000 personnes sensibilis\u00e9es sur les dangers li\u00e9s \u00e0 la consommation et au trafic de drogues ;<\/p>\n<p>&#8211; 2 599 personnes prises en charge, majoritairement des jeunes ;<\/p>\n<p>&#8211; 186 personnes r\u00e9ins\u00e9r\u00e9es apr\u00e8s accompagnement ;<\/p>\n<p>&#8211; 133,74 tonnes de substances illicites saisies ;<\/p>\n<p>&#8211; 522 personnes d\u00e9f\u00e9r\u00e9es devant les juridictions pour des infractions li\u00e9es \u00e0 la drogue.<\/p>\n<figure id=\"attachment_21543\" aria-describedby=\"caption-attachment-21543\" style=\"width: 2048px\" class=\"wp-caption aligncenter\"><a href=\"https:\/\/www.latribunedufaso.net\/wp-content\/uploads\/2025\/06\/FB_IMG_1751018065957.jpg\"><img loading=\"lazy\" decoding=\"async\" class=\"size-full wp-image-21543\" src=\"https:\/\/www.latribunedufaso.net\/wp-content\/uploads\/2025\/06\/FB_IMG_1751018065957.jpg\" alt=\"Le lancement officiel des activit\u00e9s comm\u00e9moratives de la 38\u1d49 Journ\u00e9e internationale contre l\u2019abus et le trafic illicite de drogue, 26 juin 2025\" width=\"2048\" height=\"1189\" srcset=\"https:\/\/www.latribunedufaso.net\/wp-content\/uploads\/2025\/06\/FB_IMG_1751018065957.jpg 2048w, https:\/\/www.latribunedufaso.net\/wp-content\/uploads\/2025\/06\/FB_IMG_1751018065957-300x174.jpg 300w, https:\/\/www.latribunedufaso.net\/wp-content\/uploads\/2025\/06\/FB_IMG_1751018065957-1024x595.jpg 1024w, https:\/\/www.latribunedufaso.net\/wp-content\/uploads\/2025\/06\/FB_IMG_1751018065957-768x446.jpg 768w, https:\/\/www.latribunedufaso.net\/wp-content\/uploads\/2025\/06\/FB_IMG_1751018065957-1536x892.jpg 1536w\" sizes=\"auto, (max-width: 2048px) 100vw, 2048px\" \/><\/a><figcaption id=\"caption-attachment-21543\" class=\"wp-caption-text\">Une vue des participants \u00e0 la c\u00e9r\u00e9monie de comm\u00e9moration &#8211; Ph. DR<\/figcaption><\/figure>\n<p>Ansi, le Commandant Ahmed Ouedraogo a profit\u00e9 de cette tribune pour saluer et encourager l\u2019ensemble des acteurs engag\u00e9s dans cette lutte, notamment les forces de d\u00e9fense et de s\u00e9curit\u00e9, les leaders communautaires, religieux et coutumiers, les organisations de la soci\u00e9t\u00e9 civile, ainsi que les m\u00e9dias.<\/p>\n<p>La c\u00e9r\u00e9monie a \u00e9t\u00e9 marqu\u00e9e par plusieurs activit\u00e9s : une conf\u00e9rence de presse, une prestation th\u00e9\u00e2trale de sensibilisation sur les m\u00e9faits de la drogue, et une remise d\u2019attestations de reconnaissance \u00e0 des structures et personnalit\u00e9s ayant \u0153uvr\u00e9 activement dans la lutte contre ce fl\u00e9au.<\/p>\n<p>Pour rappel, la Journ\u00e9e internationale contre l\u2019abus et le trafic illicite de drogues, \u00e9galement appel\u00e9e Journ\u00e9e mondiale contre la drogue, est c\u00e9l\u00e9br\u00e9e chaque 26 juin afin de renforcer l\u2019action et la coop\u00e9ration internationales en vue d\u2019un monde sans toxicomanie.\u00a0<\/p>\n<blockquote>\n<p>Lire aussi &gt;&gt; <a href=\"https:\/\/www.latribunedufaso.net\/?p=20010\">Lutte contre la drogue : 133 tonnes de drogues saisies en 2024<\/a><\/p>\n<\/blockquote>\n<p>Cette ann\u00e9e, elle invite les nations et les communaut\u00e9s \u00e0 investir dans la pr\u00e9vention, en misant notamment sur la justice, l\u2019\u00e9ducation, les soins de sant\u00e9 et les moyens de subsistance alternatifs, v\u00e9ritables leviers d\u2019une r\u00e9silience durable.<\/p>\n<p><strong>Latribunedufaso.net<\/strong><\/p>\n<p><strong>Source : DCRP \/ MSECU<\/strong><\/p>\n","protected":false},"excerpt":{"rendered":"<p>Le Secr\u00e9taire G\u00e9n\u00e9ral du minist\u00e8re de la S\u00e9curit\u00e9, le Commandant Ahmed Ouedraogo, a pr\u00e9sid\u00e9, le 26 juin 2025 \u00e0 Ouagadougou, la c\u00e9r\u00e9monie de lancement officiel des activit\u00e9s comm\u00e9moratives de la 38\u1d49 Journ\u00e9e internationale contre l\u2019abus et le trafic illicite de drogues au Burkina Faso.<\/p>\n","protected":false},"author":5,"featured_media":21544,"comment_status":"open","ping_status":"open","sticky":false,"template":"","format":"standard","meta":{"footnotes":""},"categories":[13,1,8],"tags":[895,39,644],"class_list":["post-21542","post","type-post","status-publish","format-standard","has-post-thumbnail","hentry","category-une","category-actu","category-societe","tag-comite-national-de-lutte-contre-la-drogue-cnld","tag-latribunedufaso-net","tag-lutte-contre-la-drogue"],"yoast_head":"<!-- This site is optimized with the Yoast SEO plugin v27.5 - https:\/\/yoast.com\/product\/yoast-seo-wordpress\/ -->\n<title>Journ\u00e9e internationale contre l&#039;abus et le trafic illicite de drogues : 522 personnes traduit en justice en 2024 - La Tribune du Faso<\/title>\n<meta name=\"robots\" content=\"index, follow, max-snippet:-1, max-image-preview:large, max-video-preview:-1\" \/>\n<link rel=\"canonical\" href=\"https:\/\/www.latribunedufaso.net\/?p=21542\" \/>\n<meta property=\"og:locale\" content=\"fr_FR\" \/>\n<meta property=\"og:type\" content=\"article\" \/>\n<meta property=\"og:title\" content=\"Journ\u00e9e internationale contre l&#039;abus et le trafic illicite de drogues : 522 personnes traduit en justice en 2024 - La Tribune du Faso\" \/>\n<meta property=\"og:description\" content=\"Le Secr\u00e9taire G\u00e9n\u00e9ral du minist\u00e8re de la S\u00e9curit\u00e9, le Commandant Ahmed Ouedraogo, a pr\u00e9sid\u00e9, le 26 juin 2025 \u00e0 Ouagadougou, la c\u00e9r\u00e9monie de lancement officiel des activit\u00e9s comm\u00e9moratives de la 38\u1d49 Journ\u00e9e internationale contre l\u2019abus et le trafic illicite de drogues au Burkina Faso.\" \/>\n<meta property=\"og:url\" content=\"https:\/\/www.latribunedufaso.net\/?p=21542\" \/>\n<meta property=\"og:site_name\" content=\"La Tribune du Faso\" \/>\n<meta property=\"article:publisher\" content=\"https:\/\/www.facebook.com\/LatribuneduFaso\/\" \/>\n<meta property=\"article:published_time\" content=\"2025-06-27T10:02:11+00:00\" \/>\n<meta property=\"og:image\" content=\"https:\/\/www.latribunedufaso.net\/wp-content\/uploads\/2025\/06\/FB_IMG_1751018043676.jpg\" \/>\n\t<meta property=\"og:image:width\" content=\"2048\" \/>\n\t<meta property=\"og:image:height\" content=\"1230\" \/>\n\t<meta property=\"og:image:type\" content=\"image\/jpeg\" \/>\n<meta name=\"author\" content=\"Issouf Tapsoba\" \/>\n<meta name=\"twitter:label1\" content=\"\u00c9crit par\" \/>\n\t<meta name=\"twitter:data1\" content=\"Issouf Tapsoba\" \/>\n\t<meta name=\"twitter:label2\" content=\"Dur\u00e9e de lecture estim\u00e9e\" \/>\n\t<meta name=\"twitter:data2\" content=\"3 minutes\" \/>\n<script type=\"application\/ld+json\" class=\"yoast-schema-graph\">{\"@context\":\"https:\\\/\\\/schema.org\",\"@graph\":[{\"@type\":\"Article\",\"@id\":\"https:\\\/\\\/www.latribunedufaso.net\\\/?p=21542#article\",\"isPartOf\":{\"@id\":\"https:\\\/\\\/www.latribunedufaso.net\\\/?p=21542\"},\"author\":{\"name\":\"Issouf Tapsoba\",\"@id\":\"https:\\\/\\\/www.latribunedufaso.net\\\/#\\\/schema\\\/person\\\/e54e64c5778a7e72cf80a318b7a622b0\"},\"headline\":\"Journ\u00e9e internationale contre l&rsquo;abus et le trafic illicite de drogues : 522 personnes traduit en justice en 2024\",\"datePublished\":\"2025-06-27T10:02:11+00:00\",\"mainEntityOfPage\":{\"@id\":\"https:\\\/\\\/www.latribunedufaso.net\\\/?p=21542\"},\"wordCount\":525,\"commentCount\":0,\"publisher\":{\"@id\":\"https:\\\/\\\/www.latribunedufaso.net\\\/#organization\"},\"image\":{\"@id\":\"https:\\\/\\\/www.latribunedufaso.net\\\/?p=21542#primaryimage\"},\"thumbnailUrl\":\"https:\\\/\\\/www.latribunedufaso.net\\\/wp-content\\\/uploads\\\/2025\\\/06\\\/FB_IMG_1751018043676.jpg\",\"keywords\":[\"Comit\u00e9 national de lutte contre la drogue (CNLD)\",\"latribunedufaso.net\",\"Lutte contre la drogue\"],\"articleSection\":[\"A la une\",\"Actualit\u00e9\",\"Soci\u00e9t\u00e9\"],\"inLanguage\":\"fr-FR\",\"potentialAction\":[{\"@type\":\"CommentAction\",\"name\":\"Comment\",\"target\":[\"https:\\\/\\\/www.latribunedufaso.net\\\/?p=21542#respond\"]}]},{\"@type\":\"WebPage\",\"@id\":\"https:\\\/\\\/www.latribunedufaso.net\\\/?p=21542\",\"url\":\"https:\\\/\\\/www.latribunedufaso.net\\\/?p=21542\",\"name\":\"Journ\u00e9e internationale contre l'abus et le trafic illicite de drogues : 522 personnes traduit en justice en 2024 - La Tribune du Faso\",\"isPartOf\":{\"@id\":\"https:\\\/\\\/www.latribunedufaso.net\\\/#website\"},\"primaryImageOfPage\":{\"@id\":\"https:\\\/\\\/www.latribunedufaso.net\\\/?p=21542#primaryimage\"},\"image\":{\"@id\":\"https:\\\/\\\/www.latribunedufaso.net\\\/?p=21542#primaryimage\"},\"thumbnailUrl\":\"https:\\\/\\\/www.latribunedufaso.net\\\/wp-content\\\/uploads\\\/2025\\\/06\\\/FB_IMG_1751018043676.jpg\",\"datePublished\":\"2025-06-27T10:02:11+00:00\",\"breadcrumb\":{\"@id\":\"https:\\\/\\\/www.latribunedufaso.net\\\/?p=21542#breadcrumb\"},\"inLanguage\":\"fr-FR\",\"potentialAction\":[{\"@type\":\"ReadAction\",\"target\":[\"https:\\\/\\\/www.latribunedufaso.net\\\/?p=21542\"]}]},{\"@type\":\"ImageObject\",\"inLanguage\":\"fr-FR\",\"@id\":\"https:\\\/\\\/www.latribunedufaso.net\\\/?p=21542#primaryimage\",\"url\":\"https:\\\/\\\/www.latribunedufaso.net\\\/wp-content\\\/uploads\\\/2025\\\/06\\\/FB_IMG_1751018043676.jpg\",\"contentUrl\":\"https:\\\/\\\/www.latribunedufaso.net\\\/wp-content\\\/uploads\\\/2025\\\/06\\\/FB_IMG_1751018043676.jpg\",\"width\":2048,\"height\":1230,\"caption\":\"Le lancement officiel des activit\u00e9s comm\u00e9moratives de la 38\u1d49 Journ\u00e9e internationale contre l\u2019abus et le trafic illicite de drogue, 26 juin 2025\"},{\"@type\":\"BreadcrumbList\",\"@id\":\"https:\\\/\\\/www.latribunedufaso.net\\\/?p=21542#breadcrumb\",\"itemListElement\":[{\"@type\":\"ListItem\",\"position\":1,\"name\":\"Accueil\",\"item\":\"https:\\\/\\\/www.latribunedufaso.net\\\/\"},{\"@type\":\"ListItem\",\"position\":2,\"name\":\"Journ\u00e9e internationale contre l&rsquo;abus et le trafic illicite de drogues : 522 personnes traduit en justice en 2024\"}]},{\"@type\":\"WebSite\",\"@id\":\"https:\\\/\\\/www.latribunedufaso.net\\\/#website\",\"url\":\"https:\\\/\\\/www.latribunedufaso.net\\\/\",\"name\":\"La Tribune du Faso\",\"description\":\"L&#039;information du monde rural en un clic\",\"publisher\":{\"@id\":\"https:\\\/\\\/www.latribunedufaso.net\\\/#organization\"},\"potentialAction\":[{\"@type\":\"SearchAction\",\"target\":{\"@type\":\"EntryPoint\",\"urlTemplate\":\"https:\\\/\\\/www.latribunedufaso.net\\\/?s={search_term_string}\"},\"query-input\":{\"@type\":\"PropertyValueSpecification\",\"valueRequired\":true,\"valueName\":\"search_term_string\"}}],\"inLanguage\":\"fr-FR\"},{\"@type\":\"Organization\",\"@id\":\"https:\\\/\\\/www.latribunedufaso.net\\\/#organization\",\"name\":\"La Tribune du Faso\",\"url\":\"https:\\\/\\\/www.latribunedufaso.net\\\/\",\"logo\":{\"@type\":\"ImageObject\",\"inLanguage\":\"fr-FR\",\"@id\":\"https:\\\/\\\/www.latribunedufaso.net\\\/#\\\/schema\\\/logo\\\/image\\\/\",\"url\":\"https:\\\/\\\/www.latribunedufaso.net\\\/wp-content\\\/uploads\\\/2020\\\/08\\\/Logo-Tribune-du-Faso-final-scaled.jpg\",\"contentUrl\":\"https:\\\/\\\/www.latribunedufaso.net\\\/wp-content\\\/uploads\\\/2020\\\/08\\\/Logo-Tribune-du-Faso-final-scaled.jpg\",\"width\":2560,\"height\":1856,\"caption\":\"La Tribune du Faso\"},\"image\":{\"@id\":\"https:\\\/\\\/www.latribunedufaso.net\\\/#\\\/schema\\\/logo\\\/image\\\/\"},\"sameAs\":[\"https:\\\/\\\/www.facebook.com\\\/LatribuneduFaso\\\/\"]},{\"@type\":\"Person\",\"@id\":\"https:\\\/\\\/www.latribunedufaso.net\\\/#\\\/schema\\\/person\\\/e54e64c5778a7e72cf80a318b7a622b0\",\"name\":\"Issouf Tapsoba\",\"image\":{\"@type\":\"ImageObject\",\"inLanguage\":\"fr-FR\",\"@id\":\"https:\\\/\\\/secure.gravatar.com\\\/avatar\\\/5e6c05150ce3230247d167f5b94d678eb05936197436d69b7921e3a95c9107ac?s=96&d=mm&r=g\",\"url\":\"https:\\\/\\\/secure.gravatar.com\\\/avatar\\\/5e6c05150ce3230247d167f5b94d678eb05936197436d69b7921e3a95c9107ac?s=96&d=mm&r=g\",\"contentUrl\":\"https:\\\/\\\/secure.gravatar.com\\\/avatar\\\/5e6c05150ce3230247d167f5b94d678eb05936197436d69b7921e3a95c9107ac?s=96&d=mm&r=g\",\"caption\":\"Issouf Tapsoba\"},\"url\":\"https:\\\/\\\/www.latribunedufaso.net\\\/?author=5\"}]}<\/script>\n<!-- \/ Yoast SEO plugin. -->","yoast_head_json":{"title":"Journ\u00e9e internationale contre l'abus et le trafic illicite de drogues : 522 personnes traduit en justice en 2024 - La Tribune du Faso","robots":{"index":"index","follow":"follow","max-snippet":"max-snippet:-1","max-image-preview":"max-image-preview:large","max-video-preview":"max-video-preview:-1"},"canonical":"https:\/\/www.latribunedufaso.net\/?p=21542","og_locale":"fr_FR","og_type":"article","og_title":"Journ\u00e9e internationale contre l'abus et le trafic illicite de drogues : 522 personnes traduit en justice en 2024 - La Tribune du Faso","og_description":"Le Secr\u00e9taire G\u00e9n\u00e9ral du minist\u00e8re de la S\u00e9curit\u00e9, le Commandant Ahmed Ouedraogo, a pr\u00e9sid\u00e9, le 26 juin 2025 \u00e0 Ouagadougou, la c\u00e9r\u00e9monie de lancement officiel des activit\u00e9s comm\u00e9moratives de la 38\u1d49 Journ\u00e9e internationale contre l\u2019abus et le trafic illicite de drogues au Burkina Faso.","og_url":"https:\/\/www.latribunedufaso.net\/?p=21542","og_site_name":"La Tribune du Faso","article_publisher":"https:\/\/www.facebook.com\/LatribuneduFaso\/","article_published_time":"2025-06-27T10:02:11+00:00","og_image":[{"width":2048,"height":1230,"url":"https:\/\/www.latribunedufaso.net\/wp-content\/uploads\/2025\/06\/FB_IMG_1751018043676.jpg","type":"image\/jpeg"}],"author":"Issouf Tapsoba","twitter_misc":{"\u00c9crit par":"Issouf Tapsoba","Dur\u00e9e de lecture estim\u00e9e":"3 minutes"},"schema":{"@context":"https:\/\/schema.org","@graph":[{"@type":"Article","@id":"https:\/\/www.latribunedufaso.net\/?p=21542#article","isPartOf":{"@id":"https:\/\/www.latribunedufaso.net\/?p=21542"},"author":{"name":"Issouf Tapsoba","@id":"https:\/\/www.latribunedufaso.net\/#\/schema\/person\/e54e64c5778a7e72cf80a318b7a622b0"},"headline":"Journ\u00e9e internationale contre l&rsquo;abus et le trafic illicite de drogues : 522 personnes traduit en justice en 2024","datePublished":"2025-06-27T10:02:11+00:00","mainEntityOfPage":{"@id":"https:\/\/www.latribunedufaso.net\/?p=21542"},"wordCount":525,"commentCount":0,"publisher":{"@id":"https:\/\/www.latribunedufaso.net\/#organization"},"image":{"@id":"https:\/\/www.latribunedufaso.net\/?p=21542#primaryimage"},"thumbnailUrl":"https:\/\/www.latribunedufaso.net\/wp-content\/uploads\/2025\/06\/FB_IMG_1751018043676.jpg","keywords":["Comit\u00e9 national de lutte contre la drogue (CNLD)","latribunedufaso.net","Lutte contre la drogue"],"articleSection":["A la une","Actualit\u00e9","Soci\u00e9t\u00e9"],"inLanguage":"fr-FR","potentialAction":[{"@type":"CommentAction","name":"Comment","target":["https:\/\/www.latribunedufaso.net\/?p=21542#respond"]}]},{"@type":"WebPage","@id":"https:\/\/www.latribunedufaso.net\/?p=21542","url":"https:\/\/www.latribunedufaso.net\/?p=21542","name":"Journ\u00e9e internationale contre l'abus et le trafic illicite de drogues : 522 personnes traduit en justice en 2024 - La Tribune du Faso","isPartOf":{"@id":"https:\/\/www.latribunedufaso.net\/#website"},"primaryImageOfPage":{"@id":"https:\/\/www.latribunedufaso.net\/?p=21542#primaryimage"},"image":{"@id":"https:\/\/www.latribunedufaso.net\/?p=21542#primaryimage"},"thumbnailUrl":"https:\/\/www.latribunedufaso.net\/wp-content\/uploads\/2025\/06\/FB_IMG_1751018043676.jpg","datePublished":"2025-06-27T10:02:11+00:00","breadcrumb":{"@id":"https:\/\/www.latribunedufaso.net\/?p=21542#breadcrumb"},"inLanguage":"fr-FR","potentialAction":[{"@type":"ReadAction","target":["https:\/\/www.latribunedufaso.net\/?p=21542"]}]},{"@type":"ImageObject","inLanguage":"fr-FR","@id":"https:\/\/www.latribunedufaso.net\/?p=21542#primaryimage","url":"https:\/\/www.latribunedufaso.net\/wp-content\/uploads\/2025\/06\/FB_IMG_1751018043676.jpg","contentUrl":"https:\/\/www.latribunedufaso.net\/wp-content\/uploads\/2025\/06\/FB_IMG_1751018043676.jpg","width":2048,"height":1230,"caption":"Le lancement officiel des activit\u00e9s comm\u00e9moratives de la 38\u1d49 Journ\u00e9e internationale contre l\u2019abus et le trafic illicite de drogue, 26 juin 2025"},{"@type":"BreadcrumbList","@id":"https:\/\/www.latribunedufaso.net\/?p=21542#breadcrumb","itemListElement":[{"@type":"ListItem","position":1,"name":"Accueil","item":"https:\/\/www.latribunedufaso.net\/"},{"@type":"ListItem","position":2,"name":"Journ\u00e9e internationale contre l&rsquo;abus et le trafic illicite de drogues : 522 personnes traduit en justice en 2024"}]},{"@type":"WebSite","@id":"https:\/\/www.latribunedufaso.net\/#website","url":"https:\/\/www.latribunedufaso.net\/","name":"La Tribune du Faso","description":"L&#039;information du monde rural en un clic","publisher":{"@id":"https:\/\/www.latribunedufaso.net\/#organization"},"potentialAction":[{"@type":"SearchAction","target":{"@type":"EntryPoint","urlTemplate":"https:\/\/www.latribunedufaso.net\/?s={search_term_string}"},"query-input":{"@type":"PropertyValueSpecification","valueRequired":true,"valueName":"search_term_string"}}],"inLanguage":"fr-FR"},{"@type":"Organization","@id":"https:\/\/www.latribunedufaso.net\/#organization","name":"La Tribune du Faso","url":"https:\/\/www.latribunedufaso.net\/","logo":{"@type":"ImageObject","inLanguage":"fr-FR","@id":"https:\/\/www.latribunedufaso.net\/#\/schema\/logo\/image\/","url":"https:\/\/www.latribunedufaso.net\/wp-content\/uploads\/2020\/08\/Logo-Tribune-du-Faso-final-scaled.jpg","contentUrl":"https:\/\/www.latribunedufaso.net\/wp-content\/uploads\/2020\/08\/Logo-Tribune-du-Faso-final-scaled.jpg","width":2560,"height":1856,"caption":"La Tribune du Faso"},"image":{"@id":"https:\/\/www.latribunedufaso.net\/#\/schema\/logo\/image\/"},"sameAs":["https:\/\/www.facebook.com\/LatribuneduFaso\/"]},{"@type":"Person","@id":"https:\/\/www.latribunedufaso.net\/#\/schema\/person\/e54e64c5778a7e72cf80a318b7a622b0","name":"Issouf Tapsoba","image":{"@type":"ImageObject","inLanguage":"fr-FR","@id":"https:\/\/secure.gravatar.com\/avatar\/5e6c05150ce3230247d167f5b94d678eb05936197436d69b7921e3a95c9107ac?s=96&d=mm&r=g","url":"https:\/\/secure.gravatar.com\/avatar\/5e6c05150ce3230247d167f5b94d678eb05936197436d69b7921e3a95c9107ac?s=96&d=mm&r=g","contentUrl":"https:\/\/secure.gravatar.com\/avatar\/5e6c05150ce3230247d167f5b94d678eb05936197436d69b7921e3a95c9107ac?s=96&d=mm&r=g","caption":"Issouf Tapsoba"},"url":"https:\/\/www.latribunedufaso.net\/?author=5"}]}},"_links":{"self":[{"href":"https:\/\/www.latribunedufaso.net\/index.php?rest_route=\/wp\/v2\/posts\/21542","targetHints":{"allow":["GET"]}}],"collection":[{"href":"https:\/\/www.latribunedufaso.net\/index.php?rest_route=\/wp\/v2\/posts"}],"about":[{"href":"https:\/\/www.latribunedufaso.net\/index.php?rest_route=\/wp\/v2\/types\/post"}],"author":[{"embeddable":true,"href":"https:\/\/www.latribunedufaso.net\/index.php?rest_route=\/wp\/v2\/users\/5"}],"replies":[{"embeddable":true,"href":"https:\/\/www.latribunedufaso.net\/index.php?rest_route=%2Fwp%2Fv2%2Fcomments&post=21542"}],"version-history":[{"count":1,"href":"https:\/\/www.latribunedufaso.net\/index.php?rest_route=\/wp\/v2\/posts\/21542\/revisions"}],"predecessor-version":[{"id":21546,"href":"https:\/\/www.latribunedufaso.net\/index.php?rest_route=\/wp\/v2\/posts\/21542\/revisions\/21546"}],"wp:featuredmedia":[{"embeddable":true,"href":"https:\/\/www.latribunedufaso.net\/index.php?rest_route=\/wp\/v2\/media\/21544"}],"wp:attachment":[{"href":"https:\/\/www.latribunedufaso.net\/index.php?rest_route=%2Fwp%2Fv2%2Fmedia&parent=21542"}],"wp:term":[{"taxonomy":"category","embeddable":true,"href":"https:\/\/www.latribunedufaso.net\/index.php?rest_route=%2Fwp%2Fv2%2Fcategories&post=21542"},{"taxonomy":"post_tag","embeddable":true,"href":"https:\/\/www.latribunedufaso.net\/index.php?rest_route=%2Fwp%2Fv2%2Ftags&post=21542"}],"curies":[{"name":"wp","href":"https:\/\/api.w.org\/{rel}","templated":true}]}}