{"id":21528,"date":"2025-06-26T16:32:07","date_gmt":"2025-06-26T16:32:07","guid":{"rendered":"https:\/\/www.latribunedufaso.net\/?p=21528"},"modified":"2025-06-26T16:32:07","modified_gmt":"2025-06-26T16:32:07","slug":"cooperation-turkiye-burkina-faso-la-defense-et-lenseignement-superieur-comme-champs-daction","status":"publish","type":"post","link":"https:\/\/www.latribunedufaso.net\/?p=21528","title":{"rendered":"Coop\u00e9ration T\u00fcrkiye-Burkina Faso : La d\u00e9fense et l&rsquo;enseignement sup\u00e9rieur comme champs d&rsquo;action"},"content":{"rendered":"<p><strong>Le Pr\u00e9sident du Faso, Chef de l\u2019\u00c9tat, le Capitaine Ibrahim TRAOR\u00c9 a re\u00e7u, ce 26 juin 2025 \u00e0 Ouagadougou, les lettres de cr\u00e9ance de l\u2019Ambassadeur extraordinaire et pl\u00e9nipotentiaire de la R\u00e9publique de T\u00fcrkiye, accr\u00e9dit\u00e9 au Burkina Faso,\u00a0 Feriba Duygu HOKKACI ESIRGEN, avec pour r\u00e9sidence \u00e0 Ouagadougou.<\/strong><!--more--><\/p>\n<p>Feriba Duygu HOKKACI ESIRGEN est titulaire d\u2019un dipl\u00f4me d\u2019\u00c9tude Sup\u00e9rieure de la Facult\u00e9 des Sciences \u00e9conomiques et administrative de l\u2019Universit\u00e9 de Gazi. Elle a d\u00e9but\u00e9 sa carri\u00e8re professionnelle en 2000 et a occup\u00e9 de hautes fonctions dans l\u2019administration publique de son pays ainsi qu\u2019\u00e0 l\u2019ext\u00e9rieur du pays.<\/p>\n<blockquote>\n<p>Lire aussi &gt;&gt; <a href=\"https:\/\/www.latribunedufaso.net\/?p=20210\">Coop\u00e9ration : En fin de mission au Burkina, l\u2019ambassadeur de Turquie dit au-revoir au Premier ministre\u00a0<\/a><\/p>\n<\/blockquote>\n<p>Le Burkina Faso et la R\u00e9publique de T\u00fcrkiye entretiennent une coop\u00e9ration marqu\u00e9e par la signature d\u2019un Accord g\u00e9n\u00e9ral de coop\u00e9ration, plusieurs protocoles d\u2019accords, la tenue effective de Commissions mixtes et des partenariats dans beaucoup de domaines dont la d\u00e9fense et l\u2019enseignement sup\u00e9rieur.\u00a0<\/p>\n<p><strong>Latribunedufaso.net<\/strong><\/p>\n<p><strong>Source : Direction de la Communication de la Pr\u00e9sidence du Faso<\/strong><\/p>\n","protected":false},"excerpt":{"rendered":"<p>Le Pr\u00e9sident du Faso, Chef de l\u2019\u00c9tat, le Capitaine Ibrahim TRAOR\u00c9 a re\u00e7u, ce 26 juin 2025 \u00e0 Ouagadougou, les lettres de cr\u00e9ance de l\u2019Ambassadeur extraordinaire et pl\u00e9nipotentiaire de la R\u00e9publique de T\u00fcrkiye, accr\u00e9dit\u00e9 au Burkina Faso,\u00a0 Feriba Duygu HOKKACI ESIRGEN, avec pour r\u00e9sidence \u00e0 Ouagadougou.<\/p>\n","protected":false},"author":5,"featured_media":21529,"comment_status":"open","ping_status":"open","sticky":false,"template":"","format":"standard","meta":{"footnotes":""},"categories":[13,1,8],"tags":[938,39],"class_list":["post-21528","post","type-post","status-publish","format-standard","has-post-thumbnail","hentry","category-une","category-actu","category-societe","tag-cooperation-burkina-turquie","tag-latribunedufaso-net"],"yoast_head":"<!-- This site is optimized with the Yoast SEO plugin v27.5 - https:\/\/yoast.com\/product\/yoast-seo-wordpress\/ -->\n<title>Coop\u00e9ration T\u00fcrkiye-Burkina Faso : La d\u00e9fense et l&#039;enseignement sup\u00e9rieur comme champs d&#039;action - La Tribune du Faso<\/title>\n<meta name=\"robots\" content=\"index, follow, max-snippet:-1, max-image-preview:large, max-video-preview:-1\" \/>\n<link rel=\"canonical\" href=\"https:\/\/www.latribunedufaso.net\/?p=21528\" \/>\n<meta property=\"og:locale\" content=\"fr_FR\" \/>\n<meta property=\"og:type\" content=\"article\" \/>\n<meta property=\"og:title\" content=\"Coop\u00e9ration T\u00fcrkiye-Burkina Faso : La d\u00e9fense et l&#039;enseignement sup\u00e9rieur comme champs d&#039;action - La Tribune du Faso\" \/>\n<meta property=\"og:description\" content=\"Le Pr\u00e9sident du Faso, Chef de l\u2019\u00c9tat, le Capitaine Ibrahim TRAOR\u00c9 a re\u00e7u, ce 26 juin 2025 \u00e0 Ouagadougou, les lettres de cr\u00e9ance de l\u2019Ambassadeur extraordinaire et pl\u00e9nipotentiaire de la R\u00e9publique de T\u00fcrkiye, accr\u00e9dit\u00e9 au Burkina Faso,\u00a0 Feriba Duygu HOKKACI ESIRGEN, avec pour r\u00e9sidence \u00e0 Ouagadougou.\" \/>\n<meta property=\"og:url\" content=\"https:\/\/www.latribunedufaso.net\/?p=21528\" \/>\n<meta property=\"og:site_name\" content=\"La Tribune du Faso\" \/>\n<meta property=\"article:publisher\" content=\"https:\/\/www.facebook.com\/LatribuneduFaso\/\" \/>\n<meta property=\"article:published_time\" content=\"2025-06-26T16:32:07+00:00\" \/>\n<meta property=\"og:image\" content=\"https:\/\/www.latribunedufaso.net\/wp-content\/uploads\/2025\/06\/IMG-20250626-WA0070_1.jpg\" \/>\n\t<meta property=\"og:image:width\" content=\"1004\" \/>\n\t<meta property=\"og:image:height\" content=\"753\" \/>\n\t<meta property=\"og:image:type\" content=\"image\/jpeg\" \/>\n<meta name=\"author\" content=\"Issouf Tapsoba\" \/>\n<meta name=\"twitter:label1\" content=\"\u00c9crit par\" \/>\n\t<meta name=\"twitter:data1\" content=\"Issouf Tapsoba\" \/>\n\t<meta name=\"twitter:label2\" content=\"Dur\u00e9e de lecture estim\u00e9e\" \/>\n\t<meta name=\"twitter:data2\" content=\"1 minute\" \/>\n<script type=\"application\/ld+json\" class=\"yoast-schema-graph\">{\"@context\":\"https:\\\/\\\/schema.org\",\"@graph\":[{\"@type\":\"Article\",\"@id\":\"https:\\\/\\\/www.latribunedufaso.net\\\/?p=21528#article\",\"isPartOf\":{\"@id\":\"https:\\\/\\\/www.latribunedufaso.net\\\/?p=21528\"},\"author\":{\"name\":\"Issouf Tapsoba\",\"@id\":\"https:\\\/\\\/www.latribunedufaso.net\\\/#\\\/schema\\\/person\\\/e54e64c5778a7e72cf80a318b7a622b0\"},\"headline\":\"Coop\u00e9ration T\u00fcrkiye-Burkina Faso : La d\u00e9fense et l&rsquo;enseignement sup\u00e9rieur comme champs d&rsquo;action\",\"datePublished\":\"2025-06-26T16:32:07+00:00\",\"mainEntityOfPage\":{\"@id\":\"https:\\\/\\\/www.latribunedufaso.net\\\/?p=21528\"},\"wordCount\":213,\"commentCount\":0,\"publisher\":{\"@id\":\"https:\\\/\\\/www.latribunedufaso.net\\\/#organization\"},\"image\":{\"@id\":\"https:\\\/\\\/www.latribunedufaso.net\\\/?p=21528#primaryimage\"},\"thumbnailUrl\":\"https:\\\/\\\/www.latribunedufaso.net\\\/wp-content\\\/uploads\\\/2025\\\/06\\\/IMG-20250626-WA0070_1.jpg\",\"keywords\":[\"Coop\u00e9ration Burkina-Turquie\",\"latribunedufaso.net\"],\"articleSection\":[\"A la une\",\"Actualit\u00e9\",\"Soci\u00e9t\u00e9\"],\"inLanguage\":\"fr-FR\",\"potentialAction\":[{\"@type\":\"CommentAction\",\"name\":\"Comment\",\"target\":[\"https:\\\/\\\/www.latribunedufaso.net\\\/?p=21528#respond\"]}]},{\"@type\":\"WebPage\",\"@id\":\"https:\\\/\\\/www.latribunedufaso.net\\\/?p=21528\",\"url\":\"https:\\\/\\\/www.latribunedufaso.net\\\/?p=21528\",\"name\":\"Coop\u00e9ration T\u00fcrkiye-Burkina Faso : La d\u00e9fense et l'enseignement sup\u00e9rieur comme champs d'action - La Tribune du Faso\",\"isPartOf\":{\"@id\":\"https:\\\/\\\/www.latribunedufaso.net\\\/#website\"},\"primaryImageOfPage\":{\"@id\":\"https:\\\/\\\/www.latribunedufaso.net\\\/?p=21528#primaryimage\"},\"image\":{\"@id\":\"https:\\\/\\\/www.latribunedufaso.net\\\/?p=21528#primaryimage\"},\"thumbnailUrl\":\"https:\\\/\\\/www.latribunedufaso.net\\\/wp-content\\\/uploads\\\/2025\\\/06\\\/IMG-20250626-WA0070_1.jpg\",\"datePublished\":\"2025-06-26T16:32:07+00:00\",\"breadcrumb\":{\"@id\":\"https:\\\/\\\/www.latribunedufaso.net\\\/?p=21528#breadcrumb\"},\"inLanguage\":\"fr-FR\",\"potentialAction\":[{\"@type\":\"ReadAction\",\"target\":[\"https:\\\/\\\/www.latribunedufaso.net\\\/?p=21528\"]}]},{\"@type\":\"ImageObject\",\"inLanguage\":\"fr-FR\",\"@id\":\"https:\\\/\\\/www.latribunedufaso.net\\\/?p=21528#primaryimage\",\"url\":\"https:\\\/\\\/www.latribunedufaso.net\\\/wp-content\\\/uploads\\\/2025\\\/06\\\/IMG-20250626-WA0070_1.jpg\",\"contentUrl\":\"https:\\\/\\\/www.latribunedufaso.net\\\/wp-content\\\/uploads\\\/2025\\\/06\\\/IMG-20250626-WA0070_1.jpg\",\"width\":1004,\"height\":753,\"caption\":\"Pr\u00e9sentation de lettre de cr\u00e9ance de l'ambassadeur de la Turkiye, Feriba Duygu HOKKACI ESIRGEN au Pr\u00e9sident du Faso, 26 juin 2025\"},{\"@type\":\"BreadcrumbList\",\"@id\":\"https:\\\/\\\/www.latribunedufaso.net\\\/?p=21528#breadcrumb\",\"itemListElement\":[{\"@type\":\"ListItem\",\"position\":1,\"name\":\"Accueil\",\"item\":\"https:\\\/\\\/www.latribunedufaso.net\\\/\"},{\"@type\":\"ListItem\",\"position\":2,\"name\":\"Coop\u00e9ration T\u00fcrkiye-Burkina Faso : La d\u00e9fense et l&rsquo;enseignement sup\u00e9rieur comme champs d&rsquo;action\"}]},{\"@type\":\"WebSite\",\"@id\":\"https:\\\/\\\/www.latribunedufaso.net\\\/#website\",\"url\":\"https:\\\/\\\/www.latribunedufaso.net\\\/\",\"name\":\"La Tribune du Faso\",\"description\":\"L&#039;information du monde rural en un clic\",\"publisher\":{\"@id\":\"https:\\\/\\\/www.latribunedufaso.net\\\/#organization\"},\"potentialAction\":[{\"@type\":\"SearchAction\",\"target\":{\"@type\":\"EntryPoint\",\"urlTemplate\":\"https:\\\/\\\/www.latribunedufaso.net\\\/?s={search_term_string}\"},\"query-input\":{\"@type\":\"PropertyValueSpecification\",\"valueRequired\":true,\"valueName\":\"search_term_string\"}}],\"inLanguage\":\"fr-FR\"},{\"@type\":\"Organization\",\"@id\":\"https:\\\/\\\/www.latribunedufaso.net\\\/#organization\",\"name\":\"La Tribune du Faso\",\"url\":\"https:\\\/\\\/www.latribunedufaso.net\\\/\",\"logo\":{\"@type\":\"ImageObject\",\"inLanguage\":\"fr-FR\",\"@id\":\"https:\\\/\\\/www.latribunedufaso.net\\\/#\\\/schema\\\/logo\\\/image\\\/\",\"url\":\"https:\\\/\\\/www.latribunedufaso.net\\\/wp-content\\\/uploads\\\/2020\\\/08\\\/Logo-Tribune-du-Faso-final-scaled.jpg\",\"contentUrl\":\"https:\\\/\\\/www.latribunedufaso.net\\\/wp-content\\\/uploads\\\/2020\\\/08\\\/Logo-Tribune-du-Faso-final-scaled.jpg\",\"width\":2560,\"height\":1856,\"caption\":\"La Tribune du Faso\"},\"image\":{\"@id\":\"https:\\\/\\\/www.latribunedufaso.net\\\/#\\\/schema\\\/logo\\\/image\\\/\"},\"sameAs\":[\"https:\\\/\\\/www.facebook.com\\\/LatribuneduFaso\\\/\"]},{\"@type\":\"Person\",\"@id\":\"https:\\\/\\\/www.latribunedufaso.net\\\/#\\\/schema\\\/person\\\/e54e64c5778a7e72cf80a318b7a622b0\",\"name\":\"Issouf Tapsoba\",\"image\":{\"@type\":\"ImageObject\",\"inLanguage\":\"fr-FR\",\"@id\":\"https:\\\/\\\/secure.gravatar.com\\\/avatar\\\/5e6c05150ce3230247d167f5b94d678eb05936197436d69b7921e3a95c9107ac?s=96&d=mm&r=g\",\"url\":\"https:\\\/\\\/secure.gravatar.com\\\/avatar\\\/5e6c05150ce3230247d167f5b94d678eb05936197436d69b7921e3a95c9107ac?s=96&d=mm&r=g\",\"contentUrl\":\"https:\\\/\\\/secure.gravatar.com\\\/avatar\\\/5e6c05150ce3230247d167f5b94d678eb05936197436d69b7921e3a95c9107ac?s=96&d=mm&r=g\",\"caption\":\"Issouf Tapsoba\"},\"url\":\"https:\\\/\\\/www.latribunedufaso.net\\\/?author=5\"}]}<\/script>\n<!-- \/ Yoast SEO plugin. -->","yoast_head_json":{"title":"Coop\u00e9ration T\u00fcrkiye-Burkina Faso : La d\u00e9fense et l'enseignement sup\u00e9rieur comme champs d'action - La Tribune du Faso","robots":{"index":"index","follow":"follow","max-snippet":"max-snippet:-1","max-image-preview":"max-image-preview:large","max-video-preview":"max-video-preview:-1"},"canonical":"https:\/\/www.latribunedufaso.net\/?p=21528","og_locale":"fr_FR","og_type":"article","og_title":"Coop\u00e9ration T\u00fcrkiye-Burkina Faso : La d\u00e9fense et l'enseignement sup\u00e9rieur comme champs d'action - La Tribune du Faso","og_description":"Le Pr\u00e9sident du Faso, Chef de l\u2019\u00c9tat, le Capitaine Ibrahim TRAOR\u00c9 a re\u00e7u, ce 26 juin 2025 \u00e0 Ouagadougou, les lettres de cr\u00e9ance de l\u2019Ambassadeur extraordinaire et pl\u00e9nipotentiaire de la R\u00e9publique de T\u00fcrkiye, accr\u00e9dit\u00e9 au Burkina Faso,\u00a0 Feriba Duygu HOKKACI ESIRGEN, avec pour r\u00e9sidence \u00e0 Ouagadougou.","og_url":"https:\/\/www.latribunedufaso.net\/?p=21528","og_site_name":"La Tribune du Faso","article_publisher":"https:\/\/www.facebook.com\/LatribuneduFaso\/","article_published_time":"2025-06-26T16:32:07+00:00","og_image":[{"width":1004,"height":753,"url":"https:\/\/www.latribunedufaso.net\/wp-content\/uploads\/2025\/06\/IMG-20250626-WA0070_1.jpg","type":"image\/jpeg"}],"author":"Issouf Tapsoba","twitter_misc":{"\u00c9crit par":"Issouf Tapsoba","Dur\u00e9e de lecture estim\u00e9e":"1 minute"},"schema":{"@context":"https:\/\/schema.org","@graph":[{"@type":"Article","@id":"https:\/\/www.latribunedufaso.net\/?p=21528#article","isPartOf":{"@id":"https:\/\/www.latribunedufaso.net\/?p=21528"},"author":{"name":"Issouf Tapsoba","@id":"https:\/\/www.latribunedufaso.net\/#\/schema\/person\/e54e64c5778a7e72cf80a318b7a622b0"},"headline":"Coop\u00e9ration T\u00fcrkiye-Burkina Faso : La d\u00e9fense et l&rsquo;enseignement sup\u00e9rieur comme champs d&rsquo;action","datePublished":"2025-06-26T16:32:07+00:00","mainEntityOfPage":{"@id":"https:\/\/www.latribunedufaso.net\/?p=21528"},"wordCount":213,"commentCount":0,"publisher":{"@id":"https:\/\/www.latribunedufaso.net\/#organization"},"image":{"@id":"https:\/\/www.latribunedufaso.net\/?p=21528#primaryimage"},"thumbnailUrl":"https:\/\/www.latribunedufaso.net\/wp-content\/uploads\/2025\/06\/IMG-20250626-WA0070_1.jpg","keywords":["Coop\u00e9ration Burkina-Turquie","latribunedufaso.net"],"articleSection":["A la une","Actualit\u00e9","Soci\u00e9t\u00e9"],"inLanguage":"fr-FR","potentialAction":[{"@type":"CommentAction","name":"Comment","target":["https:\/\/www.latribunedufaso.net\/?p=21528#respond"]}]},{"@type":"WebPage","@id":"https:\/\/www.latribunedufaso.net\/?p=21528","url":"https:\/\/www.latribunedufaso.net\/?p=21528","name":"Coop\u00e9ration T\u00fcrkiye-Burkina Faso : La d\u00e9fense et l'enseignement sup\u00e9rieur comme champs d'action - La Tribune du Faso","isPartOf":{"@id":"https:\/\/www.latribunedufaso.net\/#website"},"primaryImageOfPage":{"@id":"https:\/\/www.latribunedufaso.net\/?p=21528#primaryimage"},"image":{"@id":"https:\/\/www.latribunedufaso.net\/?p=21528#primaryimage"},"thumbnailUrl":"https:\/\/www.latribunedufaso.net\/wp-content\/uploads\/2025\/06\/IMG-20250626-WA0070_1.jpg","datePublished":"2025-06-26T16:32:07+00:00","breadcrumb":{"@id":"https:\/\/www.latribunedufaso.net\/?p=21528#breadcrumb"},"inLanguage":"fr-FR","potentialAction":[{"@type":"ReadAction","target":["https:\/\/www.latribunedufaso.net\/?p=21528"]}]},{"@type":"ImageObject","inLanguage":"fr-FR","@id":"https:\/\/www.latribunedufaso.net\/?p=21528#primaryimage","url":"https:\/\/www.latribunedufaso.net\/wp-content\/uploads\/2025\/06\/IMG-20250626-WA0070_1.jpg","contentUrl":"https:\/\/www.latribunedufaso.net\/wp-content\/uploads\/2025\/06\/IMG-20250626-WA0070_1.jpg","width":1004,"height":753,"caption":"Pr\u00e9sentation de lettre de cr\u00e9ance de l'ambassadeur de la Turkiye, Feriba Duygu HOKKACI ESIRGEN au Pr\u00e9sident du Faso, 26 juin 2025"},{"@type":"BreadcrumbList","@id":"https:\/\/www.latribunedufaso.net\/?p=21528#breadcrumb","itemListElement":[{"@type":"ListItem","position":1,"name":"Accueil","item":"https:\/\/www.latribunedufaso.net\/"},{"@type":"ListItem","position":2,"name":"Coop\u00e9ration T\u00fcrkiye-Burkina Faso : La d\u00e9fense et l&rsquo;enseignement sup\u00e9rieur comme champs d&rsquo;action"}]},{"@type":"WebSite","@id":"https:\/\/www.latribunedufaso.net\/#website","url":"https:\/\/www.latribunedufaso.net\/","name":"La Tribune du Faso","description":"L&#039;information du monde rural en un clic","publisher":{"@id":"https:\/\/www.latribunedufaso.net\/#organization"},"potentialAction":[{"@type":"SearchAction","target":{"@type":"EntryPoint","urlTemplate":"https:\/\/www.latribunedufaso.net\/?s={search_term_string}"},"query-input":{"@type":"PropertyValueSpecification","valueRequired":true,"valueName":"search_term_string"}}],"inLanguage":"fr-FR"},{"@type":"Organization","@id":"https:\/\/www.latribunedufaso.net\/#organization","name":"La Tribune du Faso","url":"https:\/\/www.latribunedufaso.net\/","logo":{"@type":"ImageObject","inLanguage":"fr-FR","@id":"https:\/\/www.latribunedufaso.net\/#\/schema\/logo\/image\/","url":"https:\/\/www.latribunedufaso.net\/wp-content\/uploads\/2020\/08\/Logo-Tribune-du-Faso-final-scaled.jpg","contentUrl":"https:\/\/www.latribunedufaso.net\/wp-content\/uploads\/2020\/08\/Logo-Tribune-du-Faso-final-scaled.jpg","width":2560,"height":1856,"caption":"La Tribune du Faso"},"image":{"@id":"https:\/\/www.latribunedufaso.net\/#\/schema\/logo\/image\/"},"sameAs":["https:\/\/www.facebook.com\/LatribuneduFaso\/"]},{"@type":"Person","@id":"https:\/\/www.latribunedufaso.net\/#\/schema\/person\/e54e64c5778a7e72cf80a318b7a622b0","name":"Issouf Tapsoba","image":{"@type":"ImageObject","inLanguage":"fr-FR","@id":"https:\/\/secure.gravatar.com\/avatar\/5e6c05150ce3230247d167f5b94d678eb05936197436d69b7921e3a95c9107ac?s=96&d=mm&r=g","url":"https:\/\/secure.gravatar.com\/avatar\/5e6c05150ce3230247d167f5b94d678eb05936197436d69b7921e3a95c9107ac?s=96&d=mm&r=g","contentUrl":"https:\/\/secure.gravatar.com\/avatar\/5e6c05150ce3230247d167f5b94d678eb05936197436d69b7921e3a95c9107ac?s=96&d=mm&r=g","caption":"Issouf Tapsoba"},"url":"https:\/\/www.latribunedufaso.net\/?author=5"}]}},"_links":{"self":[{"href":"https:\/\/www.latribunedufaso.net\/index.php?rest_route=\/wp\/v2\/posts\/21528","targetHints":{"allow":["GET"]}}],"collection":[{"href":"https:\/\/www.latribunedufaso.net\/index.php?rest_route=\/wp\/v2\/posts"}],"about":[{"href":"https:\/\/www.latribunedufaso.net\/index.php?rest_route=\/wp\/v2\/types\/post"}],"author":[{"embeddable":true,"href":"https:\/\/www.latribunedufaso.net\/index.php?rest_route=\/wp\/v2\/users\/5"}],"replies":[{"embeddable":true,"href":"https:\/\/www.latribunedufaso.net\/index.php?rest_route=%2Fwp%2Fv2%2Fcomments&post=21528"}],"version-history":[{"count":1,"href":"https:\/\/www.latribunedufaso.net\/index.php?rest_route=\/wp\/v2\/posts\/21528\/revisions"}],"predecessor-version":[{"id":21530,"href":"https:\/\/www.latribunedufaso.net\/index.php?rest_route=\/wp\/v2\/posts\/21528\/revisions\/21530"}],"wp:featuredmedia":[{"embeddable":true,"href":"https:\/\/www.latribunedufaso.net\/index.php?rest_route=\/wp\/v2\/media\/21529"}],"wp:attachment":[{"href":"https:\/\/www.latribunedufaso.net\/index.php?rest_route=%2Fwp%2Fv2%2Fmedia&parent=21528"}],"wp:term":[{"taxonomy":"category","embeddable":true,"href":"https:\/\/www.latribunedufaso.net\/index.php?rest_route=%2Fwp%2Fv2%2Fcategories&post=21528"},{"taxonomy":"post_tag","embeddable":true,"href":"https:\/\/www.latribunedufaso.net\/index.php?rest_route=%2Fwp%2Fv2%2Ftags&post=21528"}],"curies":[{"name":"wp","href":"https:\/\/api.w.org\/{rel}","templated":true}]}}