{"id":21524,"date":"2025-06-26T16:23:04","date_gmt":"2025-06-26T16:23:04","guid":{"rendered":"https:\/\/www.latribunedufaso.net\/?p=21524"},"modified":"2025-06-26T16:24:09","modified_gmt":"2025-06-26T16:24:09","slug":"cooperation-inde-burkina-faso-le-transport-lenergie-et-leducation-au-centre-des-interets","status":"publish","type":"post","link":"https:\/\/www.latribunedufaso.net\/?p=21524","title":{"rendered":"Coop\u00e9ration Inde-Burkina Faso : Le transport, l\u2019\u00e9nergie et l\u2019\u00e9ducation au centre des int\u00e9r\u00eats"},"content":{"rendered":"<p><strong>Le Pr\u00e9sident du Faso, Chef de l\u2019\u00c9tat, le Capitaine Ibrahim Traor\u00e9 a re\u00e7u, le 26 juin 2025 \u00e0 Ouagadougou, les lettres de cr\u00e9ance de l\u2019Ambassadeur extraordinaire et pl\u00e9nipotentiaire de la R\u00e9publique de l\u2019Inde, accr\u00e9dit\u00e9 au Burkina Faso, Om Prakash Meena, avec pour r\u00e9sidence Ouagadougou.<\/strong><!--more--><\/p>\n<p>Diplomate de carri\u00e8re, Om Prakash Meena est titulaire d&rsquo;une Licence en Lettres. Il a occup\u00e9 de hautes fonctions aussi bien dans son pays qu&rsquo;\u00e0 l&rsquo;ext\u00e9rieur. Le diplomate indien a servi dans les ambassades et consulats de son pays \u00e0 Copenhague (Danemark), \u00e0 Pretoria (Afrique du Sud), \u00e0 Baku (Azerba\u00efdjan), \u00e0 Dakar (S\u00e9n\u00e9gal) et \u00e0 Chicago (\u00c9tats-Unis d\u2019Am\u00e9rique).<\/p>\n<figure id=\"attachment_21526\" aria-describedby=\"caption-attachment-21526\" style=\"width: 1600px\" class=\"wp-caption aligncenter\"><a href=\"https:\/\/www.latribunedufaso.net\/wp-content\/uploads\/2025\/06\/IMG-20250626-WA0068.jpg\"><img loading=\"lazy\" decoding=\"async\" class=\"size-full wp-image-21526\" src=\"https:\/\/www.latribunedufaso.net\/wp-content\/uploads\/2025\/06\/IMG-20250626-WA0068.jpg\" alt=\"Pr\u00e9sentation de lettre de cr\u00e9ance de l'ambassadeur de l'Inde au Burkina au Pr\u00e9sident du Faso, 26 juin 2025\" width=\"1600\" height=\"1067\" srcset=\"https:\/\/www.latribunedufaso.net\/wp-content\/uploads\/2025\/06\/IMG-20250626-WA0068.jpg 1600w, https:\/\/www.latribunedufaso.net\/wp-content\/uploads\/2025\/06\/IMG-20250626-WA0068-300x200.jpg 300w, https:\/\/www.latribunedufaso.net\/wp-content\/uploads\/2025\/06\/IMG-20250626-WA0068-1024x683.jpg 1024w, https:\/\/www.latribunedufaso.net\/wp-content\/uploads\/2025\/06\/IMG-20250626-WA0068-768x512.jpg 768w, https:\/\/www.latribunedufaso.net\/wp-content\/uploads\/2025\/06\/IMG-20250626-WA0068-1536x1024.jpg 1536w, https:\/\/www.latribunedufaso.net\/wp-content\/uploads\/2025\/06\/IMG-20250626-WA0068-840x560.jpg 840w, https:\/\/www.latribunedufaso.net\/wp-content\/uploads\/2025\/06\/IMG-20250626-WA0068-120x80.jpg 120w, https:\/\/www.latribunedufaso.net\/wp-content\/uploads\/2025\/06\/IMG-20250626-WA0068-360x240.jpg 360w, https:\/\/www.latribunedufaso.net\/wp-content\/uploads\/2025\/06\/IMG-20250626-WA0068-600x400.jpg 600w\" sizes=\"auto, (max-width: 1600px) 100vw, 1600px\" \/><\/a><figcaption id=\"caption-attachment-21526\" class=\"wp-caption-text\">L&rsquo;Ambassadeur extraordinaire et pl\u00e9nipotentiaire de la R\u00e9publique de l\u2019Inde, accr\u00e9dit\u00e9 au Burkina Faso, Om Prakash Meena &#8211; Ph. DR<\/figcaption><\/figure>\n<p>La coop\u00e9ration entre le Burkina Faso et la R\u00e9publique de l&rsquo;Inde est soutenue par la volont\u00e9 des deux pays d\u2019\u0153uvrer \u00e0 son renforcement particuli\u00e8rement dans les domaines de l&rsquo;\u00e9nergie, du transport, du logement et de l&rsquo;\u00e9ducation.<\/p>\n<p><strong>Latribunedufaso.net<\/strong><\/p>\n<p><strong>Source : Direction de la Communication de la Pr\u00e9sidence du Faso<\/strong><\/p>\n","protected":false},"excerpt":{"rendered":"<p>Le Pr\u00e9sident du Faso, Chef de l\u2019\u00c9tat, le Capitaine Ibrahim Traor\u00e9 a re\u00e7u, le 26 juin 2025 \u00e0 Ouagadougou, les lettres de cr\u00e9ance de l\u2019Ambassadeur extraordinaire et pl\u00e9nipotentiaire de la R\u00e9publique de l\u2019Inde, accr\u00e9dit\u00e9 au Burkina Faso, Om Prakash Meena, avec pour r\u00e9sidence Ouagadougou.<\/p>\n","protected":false},"author":5,"featured_media":21525,"comment_status":"open","ping_status":"open","sticky":false,"template":"","format":"standard","meta":{"footnotes":""},"categories":[13,1,8],"tags":[1233,39],"class_list":["post-21524","post","type-post","status-publish","format-standard","has-post-thumbnail","hentry","category-une","category-actu","category-societe","tag-cooperation-inde-burkina","tag-latribunedufaso-net"],"yoast_head":"<!-- This site is optimized with the Yoast SEO plugin v27.5 - https:\/\/yoast.com\/product\/yoast-seo-wordpress\/ -->\n<title>Coop\u00e9ration Inde-Burkina Faso : Le transport, l\u2019\u00e9nergie et l\u2019\u00e9ducation au centre des int\u00e9r\u00eats - La Tribune du Faso<\/title>\n<meta name=\"robots\" content=\"index, follow, max-snippet:-1, max-image-preview:large, max-video-preview:-1\" \/>\n<link rel=\"canonical\" href=\"https:\/\/www.latribunedufaso.net\/?p=21524\" \/>\n<meta property=\"og:locale\" content=\"fr_FR\" \/>\n<meta property=\"og:type\" content=\"article\" \/>\n<meta property=\"og:title\" content=\"Coop\u00e9ration Inde-Burkina Faso : Le transport, l\u2019\u00e9nergie et l\u2019\u00e9ducation au centre des int\u00e9r\u00eats - La Tribune du Faso\" \/>\n<meta property=\"og:description\" content=\"Le Pr\u00e9sident du Faso, Chef de l\u2019\u00c9tat, le Capitaine Ibrahim Traor\u00e9 a re\u00e7u, le 26 juin 2025 \u00e0 Ouagadougou, les lettres de cr\u00e9ance de l\u2019Ambassadeur extraordinaire et pl\u00e9nipotentiaire de la R\u00e9publique de l\u2019Inde, accr\u00e9dit\u00e9 au Burkina Faso, Om Prakash Meena, avec pour r\u00e9sidence Ouagadougou.\" \/>\n<meta property=\"og:url\" content=\"https:\/\/www.latribunedufaso.net\/?p=21524\" \/>\n<meta property=\"og:site_name\" content=\"La Tribune du Faso\" \/>\n<meta property=\"article:publisher\" content=\"https:\/\/www.facebook.com\/LatribuneduFaso\/\" \/>\n<meta property=\"article:published_time\" content=\"2025-06-26T16:23:04+00:00\" \/>\n<meta property=\"article:modified_time\" content=\"2025-06-26T16:24:09+00:00\" \/>\n<meta property=\"og:image\" content=\"https:\/\/www.latribunedufaso.net\/wp-content\/uploads\/2025\/06\/IMG-20250626-WA0069.jpg\" \/>\n\t<meta property=\"og:image:width\" content=\"1600\" \/>\n\t<meta property=\"og:image:height\" content=\"1475\" \/>\n\t<meta property=\"og:image:type\" content=\"image\/jpeg\" \/>\n<meta name=\"author\" content=\"Issouf Tapsoba\" \/>\n<meta name=\"twitter:label1\" content=\"\u00c9crit par\" \/>\n\t<meta name=\"twitter:data1\" content=\"Issouf Tapsoba\" \/>\n\t<meta name=\"twitter:label2\" content=\"Dur\u00e9e de lecture estim\u00e9e\" \/>\n\t<meta name=\"twitter:data2\" content=\"1 minute\" \/>\n<script type=\"application\/ld+json\" class=\"yoast-schema-graph\">{\"@context\":\"https:\\\/\\\/schema.org\",\"@graph\":[{\"@type\":\"Article\",\"@id\":\"https:\\\/\\\/www.latribunedufaso.net\\\/?p=21524#article\",\"isPartOf\":{\"@id\":\"https:\\\/\\\/www.latribunedufaso.net\\\/?p=21524\"},\"author\":{\"name\":\"Issouf Tapsoba\",\"@id\":\"https:\\\/\\\/www.latribunedufaso.net\\\/#\\\/schema\\\/person\\\/e54e64c5778a7e72cf80a318b7a622b0\"},\"headline\":\"Coop\u00e9ration Inde-Burkina Faso : Le transport, l\u2019\u00e9nergie et l\u2019\u00e9ducation au centre des int\u00e9r\u00eats\",\"datePublished\":\"2025-06-26T16:23:04+00:00\",\"dateModified\":\"2025-06-26T16:24:09+00:00\",\"mainEntityOfPage\":{\"@id\":\"https:\\\/\\\/www.latribunedufaso.net\\\/?p=21524\"},\"wordCount\":215,\"commentCount\":0,\"publisher\":{\"@id\":\"https:\\\/\\\/www.latribunedufaso.net\\\/#organization\"},\"image\":{\"@id\":\"https:\\\/\\\/www.latribunedufaso.net\\\/?p=21524#primaryimage\"},\"thumbnailUrl\":\"https:\\\/\\\/www.latribunedufaso.net\\\/wp-content\\\/uploads\\\/2025\\\/06\\\/IMG-20250626-WA0069.jpg\",\"keywords\":[\"Coop\u00e9ration Inde-Burkina\",\"latribunedufaso.net\"],\"articleSection\":[\"A la une\",\"Actualit\u00e9\",\"Soci\u00e9t\u00e9\"],\"inLanguage\":\"fr-FR\",\"potentialAction\":[{\"@type\":\"CommentAction\",\"name\":\"Comment\",\"target\":[\"https:\\\/\\\/www.latribunedufaso.net\\\/?p=21524#respond\"]}]},{\"@type\":\"WebPage\",\"@id\":\"https:\\\/\\\/www.latribunedufaso.net\\\/?p=21524\",\"url\":\"https:\\\/\\\/www.latribunedufaso.net\\\/?p=21524\",\"name\":\"Coop\u00e9ration Inde-Burkina Faso : Le transport, l\u2019\u00e9nergie et l\u2019\u00e9ducation au centre des int\u00e9r\u00eats - La Tribune du Faso\",\"isPartOf\":{\"@id\":\"https:\\\/\\\/www.latribunedufaso.net\\\/#website\"},\"primaryImageOfPage\":{\"@id\":\"https:\\\/\\\/www.latribunedufaso.net\\\/?p=21524#primaryimage\"},\"image\":{\"@id\":\"https:\\\/\\\/www.latribunedufaso.net\\\/?p=21524#primaryimage\"},\"thumbnailUrl\":\"https:\\\/\\\/www.latribunedufaso.net\\\/wp-content\\\/uploads\\\/2025\\\/06\\\/IMG-20250626-WA0069.jpg\",\"datePublished\":\"2025-06-26T16:23:04+00:00\",\"dateModified\":\"2025-06-26T16:24:09+00:00\",\"breadcrumb\":{\"@id\":\"https:\\\/\\\/www.latribunedufaso.net\\\/?p=21524#breadcrumb\"},\"inLanguage\":\"fr-FR\",\"potentialAction\":[{\"@type\":\"ReadAction\",\"target\":[\"https:\\\/\\\/www.latribunedufaso.net\\\/?p=21524\"]}]},{\"@type\":\"ImageObject\",\"inLanguage\":\"fr-FR\",\"@id\":\"https:\\\/\\\/www.latribunedufaso.net\\\/?p=21524#primaryimage\",\"url\":\"https:\\\/\\\/www.latribunedufaso.net\\\/wp-content\\\/uploads\\\/2025\\\/06\\\/IMG-20250626-WA0069.jpg\",\"contentUrl\":\"https:\\\/\\\/www.latribunedufaso.net\\\/wp-content\\\/uploads\\\/2025\\\/06\\\/IMG-20250626-WA0069.jpg\",\"width\":1600,\"height\":1475,\"caption\":\"Pr\u00e9sentation de lettre de cr\u00e9ance de l'ambassadeur de l'Inde au Burkina au Pr\u00e9sident du Faso, 26 juin 2025\"},{\"@type\":\"BreadcrumbList\",\"@id\":\"https:\\\/\\\/www.latribunedufaso.net\\\/?p=21524#breadcrumb\",\"itemListElement\":[{\"@type\":\"ListItem\",\"position\":1,\"name\":\"Accueil\",\"item\":\"https:\\\/\\\/www.latribunedufaso.net\\\/\"},{\"@type\":\"ListItem\",\"position\":2,\"name\":\"Coop\u00e9ration Inde-Burkina Faso : Le transport, l\u2019\u00e9nergie et l\u2019\u00e9ducation au centre des int\u00e9r\u00eats\"}]},{\"@type\":\"WebSite\",\"@id\":\"https:\\\/\\\/www.latribunedufaso.net\\\/#website\",\"url\":\"https:\\\/\\\/www.latribunedufaso.net\\\/\",\"name\":\"La Tribune du Faso\",\"description\":\"L&#039;information du monde rural en un clic\",\"publisher\":{\"@id\":\"https:\\\/\\\/www.latribunedufaso.net\\\/#organization\"},\"potentialAction\":[{\"@type\":\"SearchAction\",\"target\":{\"@type\":\"EntryPoint\",\"urlTemplate\":\"https:\\\/\\\/www.latribunedufaso.net\\\/?s={search_term_string}\"},\"query-input\":{\"@type\":\"PropertyValueSpecification\",\"valueRequired\":true,\"valueName\":\"search_term_string\"}}],\"inLanguage\":\"fr-FR\"},{\"@type\":\"Organization\",\"@id\":\"https:\\\/\\\/www.latribunedufaso.net\\\/#organization\",\"name\":\"La Tribune du Faso\",\"url\":\"https:\\\/\\\/www.latribunedufaso.net\\\/\",\"logo\":{\"@type\":\"ImageObject\",\"inLanguage\":\"fr-FR\",\"@id\":\"https:\\\/\\\/www.latribunedufaso.net\\\/#\\\/schema\\\/logo\\\/image\\\/\",\"url\":\"https:\\\/\\\/www.latribunedufaso.net\\\/wp-content\\\/uploads\\\/2020\\\/08\\\/Logo-Tribune-du-Faso-final-scaled.jpg\",\"contentUrl\":\"https:\\\/\\\/www.latribunedufaso.net\\\/wp-content\\\/uploads\\\/2020\\\/08\\\/Logo-Tribune-du-Faso-final-scaled.jpg\",\"width\":2560,\"height\":1856,\"caption\":\"La Tribune du Faso\"},\"image\":{\"@id\":\"https:\\\/\\\/www.latribunedufaso.net\\\/#\\\/schema\\\/logo\\\/image\\\/\"},\"sameAs\":[\"https:\\\/\\\/www.facebook.com\\\/LatribuneduFaso\\\/\"]},{\"@type\":\"Person\",\"@id\":\"https:\\\/\\\/www.latribunedufaso.net\\\/#\\\/schema\\\/person\\\/e54e64c5778a7e72cf80a318b7a622b0\",\"name\":\"Issouf Tapsoba\",\"image\":{\"@type\":\"ImageObject\",\"inLanguage\":\"fr-FR\",\"@id\":\"https:\\\/\\\/secure.gravatar.com\\\/avatar\\\/5e6c05150ce3230247d167f5b94d678eb05936197436d69b7921e3a95c9107ac?s=96&d=mm&r=g\",\"url\":\"https:\\\/\\\/secure.gravatar.com\\\/avatar\\\/5e6c05150ce3230247d167f5b94d678eb05936197436d69b7921e3a95c9107ac?s=96&d=mm&r=g\",\"contentUrl\":\"https:\\\/\\\/secure.gravatar.com\\\/avatar\\\/5e6c05150ce3230247d167f5b94d678eb05936197436d69b7921e3a95c9107ac?s=96&d=mm&r=g\",\"caption\":\"Issouf Tapsoba\"},\"url\":\"https:\\\/\\\/www.latribunedufaso.net\\\/?author=5\"}]}<\/script>\n<!-- \/ Yoast SEO plugin. -->","yoast_head_json":{"title":"Coop\u00e9ration Inde-Burkina Faso : Le transport, l\u2019\u00e9nergie et l\u2019\u00e9ducation au centre des int\u00e9r\u00eats - La Tribune du Faso","robots":{"index":"index","follow":"follow","max-snippet":"max-snippet:-1","max-image-preview":"max-image-preview:large","max-video-preview":"max-video-preview:-1"},"canonical":"https:\/\/www.latribunedufaso.net\/?p=21524","og_locale":"fr_FR","og_type":"article","og_title":"Coop\u00e9ration Inde-Burkina Faso : Le transport, l\u2019\u00e9nergie et l\u2019\u00e9ducation au centre des int\u00e9r\u00eats - La Tribune du Faso","og_description":"Le Pr\u00e9sident du Faso, Chef de l\u2019\u00c9tat, le Capitaine Ibrahim Traor\u00e9 a re\u00e7u, le 26 juin 2025 \u00e0 Ouagadougou, les lettres de cr\u00e9ance de l\u2019Ambassadeur extraordinaire et pl\u00e9nipotentiaire de la R\u00e9publique de l\u2019Inde, accr\u00e9dit\u00e9 au Burkina Faso, Om Prakash Meena, avec pour r\u00e9sidence Ouagadougou.","og_url":"https:\/\/www.latribunedufaso.net\/?p=21524","og_site_name":"La Tribune du Faso","article_publisher":"https:\/\/www.facebook.com\/LatribuneduFaso\/","article_published_time":"2025-06-26T16:23:04+00:00","article_modified_time":"2025-06-26T16:24:09+00:00","og_image":[{"width":1600,"height":1475,"url":"https:\/\/www.latribunedufaso.net\/wp-content\/uploads\/2025\/06\/IMG-20250626-WA0069.jpg","type":"image\/jpeg"}],"author":"Issouf Tapsoba","twitter_misc":{"\u00c9crit par":"Issouf Tapsoba","Dur\u00e9e de lecture estim\u00e9e":"1 minute"},"schema":{"@context":"https:\/\/schema.org","@graph":[{"@type":"Article","@id":"https:\/\/www.latribunedufaso.net\/?p=21524#article","isPartOf":{"@id":"https:\/\/www.latribunedufaso.net\/?p=21524"},"author":{"name":"Issouf Tapsoba","@id":"https:\/\/www.latribunedufaso.net\/#\/schema\/person\/e54e64c5778a7e72cf80a318b7a622b0"},"headline":"Coop\u00e9ration Inde-Burkina Faso : Le transport, l\u2019\u00e9nergie et l\u2019\u00e9ducation au centre des int\u00e9r\u00eats","datePublished":"2025-06-26T16:23:04+00:00","dateModified":"2025-06-26T16:24:09+00:00","mainEntityOfPage":{"@id":"https:\/\/www.latribunedufaso.net\/?p=21524"},"wordCount":215,"commentCount":0,"publisher":{"@id":"https:\/\/www.latribunedufaso.net\/#organization"},"image":{"@id":"https:\/\/www.latribunedufaso.net\/?p=21524#primaryimage"},"thumbnailUrl":"https:\/\/www.latribunedufaso.net\/wp-content\/uploads\/2025\/06\/IMG-20250626-WA0069.jpg","keywords":["Coop\u00e9ration Inde-Burkina","latribunedufaso.net"],"articleSection":["A la une","Actualit\u00e9","Soci\u00e9t\u00e9"],"inLanguage":"fr-FR","potentialAction":[{"@type":"CommentAction","name":"Comment","target":["https:\/\/www.latribunedufaso.net\/?p=21524#respond"]}]},{"@type":"WebPage","@id":"https:\/\/www.latribunedufaso.net\/?p=21524","url":"https:\/\/www.latribunedufaso.net\/?p=21524","name":"Coop\u00e9ration Inde-Burkina Faso : Le transport, l\u2019\u00e9nergie et l\u2019\u00e9ducation au centre des int\u00e9r\u00eats - La Tribune du Faso","isPartOf":{"@id":"https:\/\/www.latribunedufaso.net\/#website"},"primaryImageOfPage":{"@id":"https:\/\/www.latribunedufaso.net\/?p=21524#primaryimage"},"image":{"@id":"https:\/\/www.latribunedufaso.net\/?p=21524#primaryimage"},"thumbnailUrl":"https:\/\/www.latribunedufaso.net\/wp-content\/uploads\/2025\/06\/IMG-20250626-WA0069.jpg","datePublished":"2025-06-26T16:23:04+00:00","dateModified":"2025-06-26T16:24:09+00:00","breadcrumb":{"@id":"https:\/\/www.latribunedufaso.net\/?p=21524#breadcrumb"},"inLanguage":"fr-FR","potentialAction":[{"@type":"ReadAction","target":["https:\/\/www.latribunedufaso.net\/?p=21524"]}]},{"@type":"ImageObject","inLanguage":"fr-FR","@id":"https:\/\/www.latribunedufaso.net\/?p=21524#primaryimage","url":"https:\/\/www.latribunedufaso.net\/wp-content\/uploads\/2025\/06\/IMG-20250626-WA0069.jpg","contentUrl":"https:\/\/www.latribunedufaso.net\/wp-content\/uploads\/2025\/06\/IMG-20250626-WA0069.jpg","width":1600,"height":1475,"caption":"Pr\u00e9sentation de lettre de cr\u00e9ance de l'ambassadeur de l'Inde au Burkina au Pr\u00e9sident du Faso, 26 juin 2025"},{"@type":"BreadcrumbList","@id":"https:\/\/www.latribunedufaso.net\/?p=21524#breadcrumb","itemListElement":[{"@type":"ListItem","position":1,"name":"Accueil","item":"https:\/\/www.latribunedufaso.net\/"},{"@type":"ListItem","position":2,"name":"Coop\u00e9ration Inde-Burkina Faso : Le transport, l\u2019\u00e9nergie et l\u2019\u00e9ducation au centre des int\u00e9r\u00eats"}]},{"@type":"WebSite","@id":"https:\/\/www.latribunedufaso.net\/#website","url":"https:\/\/www.latribunedufaso.net\/","name":"La Tribune du Faso","description":"L&#039;information du monde rural en un clic","publisher":{"@id":"https:\/\/www.latribunedufaso.net\/#organization"},"potentialAction":[{"@type":"SearchAction","target":{"@type":"EntryPoint","urlTemplate":"https:\/\/www.latribunedufaso.net\/?s={search_term_string}"},"query-input":{"@type":"PropertyValueSpecification","valueRequired":true,"valueName":"search_term_string"}}],"inLanguage":"fr-FR"},{"@type":"Organization","@id":"https:\/\/www.latribunedufaso.net\/#organization","name":"La Tribune du Faso","url":"https:\/\/www.latribunedufaso.net\/","logo":{"@type":"ImageObject","inLanguage":"fr-FR","@id":"https:\/\/www.latribunedufaso.net\/#\/schema\/logo\/image\/","url":"https:\/\/www.latribunedufaso.net\/wp-content\/uploads\/2020\/08\/Logo-Tribune-du-Faso-final-scaled.jpg","contentUrl":"https:\/\/www.latribunedufaso.net\/wp-content\/uploads\/2020\/08\/Logo-Tribune-du-Faso-final-scaled.jpg","width":2560,"height":1856,"caption":"La Tribune du Faso"},"image":{"@id":"https:\/\/www.latribunedufaso.net\/#\/schema\/logo\/image\/"},"sameAs":["https:\/\/www.facebook.com\/LatribuneduFaso\/"]},{"@type":"Person","@id":"https:\/\/www.latribunedufaso.net\/#\/schema\/person\/e54e64c5778a7e72cf80a318b7a622b0","name":"Issouf Tapsoba","image":{"@type":"ImageObject","inLanguage":"fr-FR","@id":"https:\/\/secure.gravatar.com\/avatar\/5e6c05150ce3230247d167f5b94d678eb05936197436d69b7921e3a95c9107ac?s=96&d=mm&r=g","url":"https:\/\/secure.gravatar.com\/avatar\/5e6c05150ce3230247d167f5b94d678eb05936197436d69b7921e3a95c9107ac?s=96&d=mm&r=g","contentUrl":"https:\/\/secure.gravatar.com\/avatar\/5e6c05150ce3230247d167f5b94d678eb05936197436d69b7921e3a95c9107ac?s=96&d=mm&r=g","caption":"Issouf Tapsoba"},"url":"https:\/\/www.latribunedufaso.net\/?author=5"}]}},"_links":{"self":[{"href":"https:\/\/www.latribunedufaso.net\/index.php?rest_route=\/wp\/v2\/posts\/21524","targetHints":{"allow":["GET"]}}],"collection":[{"href":"https:\/\/www.latribunedufaso.net\/index.php?rest_route=\/wp\/v2\/posts"}],"about":[{"href":"https:\/\/www.latribunedufaso.net\/index.php?rest_route=\/wp\/v2\/types\/post"}],"author":[{"embeddable":true,"href":"https:\/\/www.latribunedufaso.net\/index.php?rest_route=\/wp\/v2\/users\/5"}],"replies":[{"embeddable":true,"href":"https:\/\/www.latribunedufaso.net\/index.php?rest_route=%2Fwp%2Fv2%2Fcomments&post=21524"}],"version-history":[{"count":1,"href":"https:\/\/www.latribunedufaso.net\/index.php?rest_route=\/wp\/v2\/posts\/21524\/revisions"}],"predecessor-version":[{"id":21527,"href":"https:\/\/www.latribunedufaso.net\/index.php?rest_route=\/wp\/v2\/posts\/21524\/revisions\/21527"}],"wp:featuredmedia":[{"embeddable":true,"href":"https:\/\/www.latribunedufaso.net\/index.php?rest_route=\/wp\/v2\/media\/21525"}],"wp:attachment":[{"href":"https:\/\/www.latribunedufaso.net\/index.php?rest_route=%2Fwp%2Fv2%2Fmedia&parent=21524"}],"wp:term":[{"taxonomy":"category","embeddable":true,"href":"https:\/\/www.latribunedufaso.net\/index.php?rest_route=%2Fwp%2Fv2%2Fcategories&post=21524"},{"taxonomy":"post_tag","embeddable":true,"href":"https:\/\/www.latribunedufaso.net\/index.php?rest_route=%2Fwp%2Fv2%2Ftags&post=21524"}],"curies":[{"name":"wp","href":"https:\/\/api.w.org\/{rel}","templated":true}]}}