{"id":21518,"date":"2025-06-26T14:28:25","date_gmt":"2025-06-26T14:28:25","guid":{"rendered":"https:\/\/www.latribunedufaso.net\/?p=21518"},"modified":"2025-06-30T11:53:28","modified_gmt":"2025-06-30T11:53:28","slug":"21518","status":"publish","type":"post","link":"https:\/\/www.latribunedufaso.net\/?p=21518","title":{"rendered":"\u00c9ducation en situation d\u2019urgence : le Burkina Faso engage une nouvelle phase de r\u00e9silience"},"content":{"rendered":"<p><strong>Le ministre de l\u2019Enseignement de Base, de l\u2019Alphab\u00e9tisation et de la Promotion des Langues nationales (MEBAPLN), a officiellement lanc\u00e9 le 26 juin 2025, le deuxi\u00e8me Programme Pluriannuel de R\u00e9silience (PPR), pour la p\u00e9riode 2024-2027. Sous l\u2019appellation Multi-Year Resilience Program (MYRP), ce programme s\u2019inscrit dans le cadre de la Strat\u00e9gie nationale de l\u2019\u00e9ducation en situation d\u2019urgence.<\/strong><!--more--><\/p>\n<p>Le MYRP est b\u00e2ti autour de trois axes strat\u00e9giques : l\u2019acc\u00e8s, la qualit\u00e9 et le pilotage de l\u2019Education en Situation d\u2019Urgence. Financ\u00e9e \u00e0 la hauteur de 14 millions de dollars, soit pr\u00e8s de huit milliards de FCFA, cette phase du programme vise \u00e0 consolider les acquis \u00e9ducatifs dans les contextes les plus fragiles. A ce titre, il va renforcer l\u2019acc\u00e8s et le maintien de tous les enfants et jeunes de 3 \u00e0 17 ans dans un syst\u00e8me \u00e9ducatif formel et non formel, sain, s\u00fbr, inclusif et protecteur.<\/p>\n<figure id=\"attachment_21520\" aria-describedby=\"caption-attachment-21520\" style=\"width: 1280px\" class=\"wp-caption aligncenter\"><a href=\"https:\/\/www.latribunedufaso.net\/wp-content\/uploads\/2025\/06\/FB_IMG_1750947377427.jpg\"><img loading=\"lazy\" decoding=\"async\" class=\"size-full wp-image-21520\" src=\"https:\/\/www.latribunedufaso.net\/wp-content\/uploads\/2025\/06\/FB_IMG_1750947377427.jpg\" alt=\"Lancement du deuxi\u00e8me Programme Pluriannuel de R\u00e9silience (PPR), 26 juin 2025\" width=\"1280\" height=\"1264\" srcset=\"https:\/\/www.latribunedufaso.net\/wp-content\/uploads\/2025\/06\/FB_IMG_1750947377427.jpg 1280w, https:\/\/www.latribunedufaso.net\/wp-content\/uploads\/2025\/06\/FB_IMG_1750947377427-300x296.jpg 300w, https:\/\/www.latribunedufaso.net\/wp-content\/uploads\/2025\/06\/FB_IMG_1750947377427-1024x1011.jpg 1024w, https:\/\/www.latribunedufaso.net\/wp-content\/uploads\/2025\/06\/FB_IMG_1750947377427-768x758.jpg 768w\" sizes=\"auto, (max-width: 1280px) 100vw, 1280px\" \/><\/a><figcaption id=\"caption-attachment-21520\" class=\"wp-caption-text\">Le ministre de l\u2019Enseignement de Base, de l\u2019Alphab\u00e9tisation et de la Promotion des Langues nationales, Jacques Sosth\u00e8ne Dingara &#8211; Ph. DR<\/figcaption><\/figure>\n<p>Aussi, doit-il am\u00e9liorer la qualit\u00e9 de l\u2019offre \u00e9ducative pour garantir un apprentissage pertinent et \u00e9quitable \u00e0 chaque \u00e9l\u00e8ve. En troisi\u00e8me lieu, le MYRP vise \u00e0 renforcer la coordination entre les acteurs institutionnels, communautaires et techniques, en vue d\u2019une r\u00e9ponse harmonis\u00e9e, durable et r\u00e9siliente.<\/p>\n<p>Trois r\u00e9gions, le Nord, le Centre-Nord et le Sahel, b\u00e9n\u00e9ficieront directement du programme, pour un total de 383 520 b\u00e9n\u00e9ficiaires directs, compos\u00e9s d\u2019enfants, d\u2019adolescents, de jeunes, d\u2019enseignants et de membres des communaut\u00e9s \u00e9ducatives.<\/p>\n<figure id=\"attachment_21519\" aria-describedby=\"caption-attachment-21519\" style=\"width: 2048px\" class=\"wp-caption aligncenter\"><a href=\"https:\/\/www.latribunedufaso.net\/wp-content\/uploads\/2025\/06\/FB_IMG_1750947391830.jpg\"><img loading=\"lazy\" decoding=\"async\" class=\"size-full wp-image-21519\" src=\"https:\/\/www.latribunedufaso.net\/wp-content\/uploads\/2025\/06\/FB_IMG_1750947391830.jpg\" alt=\"Lancement du deuxi\u00e8me Programme Pluriannuel de R\u00e9silience (PPR), 26 juin 2025\" width=\"2048\" height=\"1365\" srcset=\"https:\/\/www.latribunedufaso.net\/wp-content\/uploads\/2025\/06\/FB_IMG_1750947391830.jpg 2048w, https:\/\/www.latribunedufaso.net\/wp-content\/uploads\/2025\/06\/FB_IMG_1750947391830-300x200.jpg 300w, https:\/\/www.latribunedufaso.net\/wp-content\/uploads\/2025\/06\/FB_IMG_1750947391830-1024x683.jpg 1024w, https:\/\/www.latribunedufaso.net\/wp-content\/uploads\/2025\/06\/FB_IMG_1750947391830-768x512.jpg 768w, https:\/\/www.latribunedufaso.net\/wp-content\/uploads\/2025\/06\/FB_IMG_1750947391830-1536x1024.jpg 1536w, https:\/\/www.latribunedufaso.net\/wp-content\/uploads\/2025\/06\/FB_IMG_1750947391830-840x560.jpg 840w, https:\/\/www.latribunedufaso.net\/wp-content\/uploads\/2025\/06\/FB_IMG_1750947391830-120x80.jpg 120w, https:\/\/www.latribunedufaso.net\/wp-content\/uploads\/2025\/06\/FB_IMG_1750947391830-360x240.jpg 360w, https:\/\/www.latribunedufaso.net\/wp-content\/uploads\/2025\/06\/FB_IMG_1750947391830-600x400.jpg 600w\" sizes=\"auto, (max-width: 2048px) 100vw, 2048px\" \/><\/a><figcaption id=\"caption-attachment-21519\" class=\"wp-caption-text\">Une vue des participants \u00e0 la c\u00e9r\u00e9monie de lancement &#8211; Ph. DR<\/figcaption><\/figure>\n<p>La Repr\u00e9sentante r\u00e9sidente de l\u2019UNICEF au Burkina Faso, Chantal Umutoni, partenaire strat\u00e9gique de ce programme, a salu\u00e9 cette initiative en soulignant que, <em><strong>\u00ab Conform\u00e9ment \u00e0 l\u2019Initiative pr\u00e9sidentielle pour une \u00e9ducation de qualit\u00e9, ce deuxi\u00e8me programme p<\/strong><\/em><strong>luriannuel de r\u00e9silience permet \u00e0<\/strong><strong> des milliers d\u2019enfants, d\u2019adolescents et de jeunes d\u2019acqu\u00e9rir des comp\u00e9tences indispensables pour contribuer \u00e0 la croissance et au d\u00e9veloppement du Burkina Faso. \u00bb<\/strong><\/p>\n<blockquote>\n<p>Lire aussi &gt;&gt; <a href=\"https:\/\/www.latribunedufaso.net\/?p=19367\">Cadre sectoriel de dialogue \u00ab Education et Formation \u00bb : Les acteurs analysent les performances r\u00e9alis\u00e9es au 31 d\u00e9cembre 2024\u00a0<\/a><\/p>\n<\/blockquote>\n<p>Apr\u00e8s avoir rendu un vibrant hommage \u00e0 tous les acteurs ayant concouru aux meilleurs r\u00e9sultats au Certificat d\u2019Etudes Primaire (CEP) session 2025 que sont les enseignants et les forces combattantes, le ministre Jacques Sosth\u00e8ne Dingara a r\u00e9affirm\u00e9 l\u2019engagement du MEBAPLN \u00e0 travailler sans rel\u00e2che pour que chaque enfant, o\u00f9 qu\u2019il se trouve, ait acc\u00e8s \u00e0 une \u00e9ducation de qualit\u00e9.<\/p>\n<p><strong>Latribunedufaso.net<\/strong><\/p>\n<p><strong>Source : DCRP\/ MEBAPLN<\/strong><\/p>\n","protected":false},"excerpt":{"rendered":"<p>Le ministre de l\u2019Enseignement de Base, de l\u2019Alphab\u00e9tisation et de la Promotion des Langues nationales (MEBAPLN), a officiellement lanc\u00e9 le 26 juin 2025, le deuxi\u00e8me Programme Pluriannuel de R\u00e9silience (PPR), pour la p\u00e9riode 2024-2027. Sous l\u2019appellation Multi-Year Resilience Program (MYRP), ce programme s\u2019inscrit dans le cadre de la Strat\u00e9gie nationale de l\u2019\u00e9ducation en situation d\u2019urgence.<\/p>\n","protected":false},"author":5,"featured_media":21521,"comment_status":"open","ping_status":"open","sticky":false,"template":"","format":"standard","meta":{"footnotes":""},"categories":[13,1,31],"tags":[1230,1232,39,1231],"class_list":["post-21518","post","type-post","status-publish","format-standard","has-post-thumbnail","hentry","category-une","category-actu","category-education","tag-education-durgence","tag-lancement-programme-pluriannuel-de-resilience-ppr","tag-latribunedufaso-net","tag-multi-year-resilience-program"],"yoast_head":"<!-- This site is optimized with the Yoast SEO plugin v27.5 - https:\/\/yoast.com\/product\/yoast-seo-wordpress\/ -->\n<title>\u00c9ducation en situation d\u2019urgence : le Burkina Faso engage une nouvelle phase de r\u00e9silience - La Tribune du Faso<\/title>\n<meta name=\"robots\" content=\"index, follow, max-snippet:-1, max-image-preview:large, max-video-preview:-1\" \/>\n<link rel=\"canonical\" href=\"https:\/\/www.latribunedufaso.net\/?p=21518\" \/>\n<meta property=\"og:locale\" content=\"fr_FR\" \/>\n<meta property=\"og:type\" content=\"article\" \/>\n<meta property=\"og:title\" content=\"\u00c9ducation en situation d\u2019urgence : le Burkina Faso engage une nouvelle phase de r\u00e9silience - La Tribune du Faso\" \/>\n<meta property=\"og:description\" content=\"Le ministre de l\u2019Enseignement de Base, de l\u2019Alphab\u00e9tisation et de la Promotion des Langues nationales (MEBAPLN), a officiellement lanc\u00e9 le 26 juin 2025, le deuxi\u00e8me Programme Pluriannuel de R\u00e9silience (PPR), pour la p\u00e9riode 2024-2027. Sous l\u2019appellation Multi-Year Resilience Program (MYRP), ce programme s\u2019inscrit dans le cadre de la Strat\u00e9gie nationale de l\u2019\u00e9ducation en situation d\u2019urgence.\" \/>\n<meta property=\"og:url\" content=\"https:\/\/www.latribunedufaso.net\/?p=21518\" \/>\n<meta property=\"og:site_name\" content=\"La Tribune du Faso\" \/>\n<meta property=\"article:publisher\" content=\"https:\/\/www.facebook.com\/LatribuneduFaso\/\" \/>\n<meta property=\"article:published_time\" content=\"2025-06-26T14:28:25+00:00\" \/>\n<meta property=\"article:modified_time\" content=\"2025-06-30T11:53:28+00:00\" \/>\n<meta property=\"og:image\" content=\"https:\/\/www.latribunedufaso.net\/wp-content\/uploads\/2025\/06\/FB_IMG_1750947365505.jpg\" \/>\n\t<meta property=\"og:image:width\" content=\"2048\" \/>\n\t<meta property=\"og:image:height\" content=\"1365\" \/>\n\t<meta property=\"og:image:type\" content=\"image\/jpeg\" \/>\n<meta name=\"author\" content=\"Issouf Tapsoba\" \/>\n<meta name=\"twitter:label1\" content=\"\u00c9crit par\" \/>\n\t<meta name=\"twitter:data1\" content=\"Issouf Tapsoba\" \/>\n\t<meta name=\"twitter:label2\" content=\"Dur\u00e9e de lecture estim\u00e9e\" \/>\n\t<meta name=\"twitter:data2\" content=\"2 minutes\" \/>\n<script type=\"application\/ld+json\" class=\"yoast-schema-graph\">{\"@context\":\"https:\\\/\\\/schema.org\",\"@graph\":[{\"@type\":\"Article\",\"@id\":\"https:\\\/\\\/www.latribunedufaso.net\\\/?p=21518#article\",\"isPartOf\":{\"@id\":\"https:\\\/\\\/www.latribunedufaso.net\\\/?p=21518\"},\"author\":{\"name\":\"Issouf Tapsoba\",\"@id\":\"https:\\\/\\\/www.latribunedufaso.net\\\/#\\\/schema\\\/person\\\/e54e64c5778a7e72cf80a318b7a622b0\"},\"headline\":\"\u00c9ducation en situation d\u2019urgence : le Burkina Faso engage une nouvelle phase de r\u00e9silience\",\"datePublished\":\"2025-06-26T14:28:25+00:00\",\"dateModified\":\"2025-06-30T11:53:28+00:00\",\"mainEntityOfPage\":{\"@id\":\"https:\\\/\\\/www.latribunedufaso.net\\\/?p=21518\"},\"wordCount\":478,\"commentCount\":0,\"publisher\":{\"@id\":\"https:\\\/\\\/www.latribunedufaso.net\\\/#organization\"},\"image\":{\"@id\":\"https:\\\/\\\/www.latribunedufaso.net\\\/?p=21518#primaryimage\"},\"thumbnailUrl\":\"https:\\\/\\\/www.latribunedufaso.net\\\/wp-content\\\/uploads\\\/2025\\\/06\\\/FB_IMG_1750947365505.jpg\",\"keywords\":[\"\u00c9ducation d'urgence\",\"Lancement Programme Pluriannuel de R\u00e9silience (PPR)\",\"latribunedufaso.net\",\"Multi-Year Resilience Program\"],\"articleSection\":[\"A la une\",\"Actualit\u00e9\",\"\u00c9ducation\"],\"inLanguage\":\"fr-FR\",\"potentialAction\":[{\"@type\":\"CommentAction\",\"name\":\"Comment\",\"target\":[\"https:\\\/\\\/www.latribunedufaso.net\\\/?p=21518#respond\"]}]},{\"@type\":\"WebPage\",\"@id\":\"https:\\\/\\\/www.latribunedufaso.net\\\/?p=21518\",\"url\":\"https:\\\/\\\/www.latribunedufaso.net\\\/?p=21518\",\"name\":\"\u00c9ducation en situation d\u2019urgence : le Burkina Faso engage une nouvelle phase de r\u00e9silience - La Tribune du Faso\",\"isPartOf\":{\"@id\":\"https:\\\/\\\/www.latribunedufaso.net\\\/#website\"},\"primaryImageOfPage\":{\"@id\":\"https:\\\/\\\/www.latribunedufaso.net\\\/?p=21518#primaryimage\"},\"image\":{\"@id\":\"https:\\\/\\\/www.latribunedufaso.net\\\/?p=21518#primaryimage\"},\"thumbnailUrl\":\"https:\\\/\\\/www.latribunedufaso.net\\\/wp-content\\\/uploads\\\/2025\\\/06\\\/FB_IMG_1750947365505.jpg\",\"datePublished\":\"2025-06-26T14:28:25+00:00\",\"dateModified\":\"2025-06-30T11:53:28+00:00\",\"breadcrumb\":{\"@id\":\"https:\\\/\\\/www.latribunedufaso.net\\\/?p=21518#breadcrumb\"},\"inLanguage\":\"fr-FR\",\"potentialAction\":[{\"@type\":\"ReadAction\",\"target\":[\"https:\\\/\\\/www.latribunedufaso.net\\\/?p=21518\"]}]},{\"@type\":\"ImageObject\",\"inLanguage\":\"fr-FR\",\"@id\":\"https:\\\/\\\/www.latribunedufaso.net\\\/?p=21518#primaryimage\",\"url\":\"https:\\\/\\\/www.latribunedufaso.net\\\/wp-content\\\/uploads\\\/2025\\\/06\\\/FB_IMG_1750947365505.jpg\",\"contentUrl\":\"https:\\\/\\\/www.latribunedufaso.net\\\/wp-content\\\/uploads\\\/2025\\\/06\\\/FB_IMG_1750947365505.jpg\",\"width\":2048,\"height\":1365,\"caption\":\"Lancement du deuxi\u00e8me Programme Pluriannuel de R\u00e9silience (PPR), 26 juin 2025\"},{\"@type\":\"BreadcrumbList\",\"@id\":\"https:\\\/\\\/www.latribunedufaso.net\\\/?p=21518#breadcrumb\",\"itemListElement\":[{\"@type\":\"ListItem\",\"position\":1,\"name\":\"Accueil\",\"item\":\"https:\\\/\\\/www.latribunedufaso.net\\\/\"},{\"@type\":\"ListItem\",\"position\":2,\"name\":\"\u00c9ducation en situation d\u2019urgence : le Burkina Faso engage une nouvelle phase de r\u00e9silience\"}]},{\"@type\":\"WebSite\",\"@id\":\"https:\\\/\\\/www.latribunedufaso.net\\\/#website\",\"url\":\"https:\\\/\\\/www.latribunedufaso.net\\\/\",\"name\":\"La Tribune du Faso\",\"description\":\"L&#039;information du monde rural en un clic\",\"publisher\":{\"@id\":\"https:\\\/\\\/www.latribunedufaso.net\\\/#organization\"},\"potentialAction\":[{\"@type\":\"SearchAction\",\"target\":{\"@type\":\"EntryPoint\",\"urlTemplate\":\"https:\\\/\\\/www.latribunedufaso.net\\\/?s={search_term_string}\"},\"query-input\":{\"@type\":\"PropertyValueSpecification\",\"valueRequired\":true,\"valueName\":\"search_term_string\"}}],\"inLanguage\":\"fr-FR\"},{\"@type\":\"Organization\",\"@id\":\"https:\\\/\\\/www.latribunedufaso.net\\\/#organization\",\"name\":\"La Tribune du Faso\",\"url\":\"https:\\\/\\\/www.latribunedufaso.net\\\/\",\"logo\":{\"@type\":\"ImageObject\",\"inLanguage\":\"fr-FR\",\"@id\":\"https:\\\/\\\/www.latribunedufaso.net\\\/#\\\/schema\\\/logo\\\/image\\\/\",\"url\":\"https:\\\/\\\/www.latribunedufaso.net\\\/wp-content\\\/uploads\\\/2020\\\/08\\\/Logo-Tribune-du-Faso-final-scaled.jpg\",\"contentUrl\":\"https:\\\/\\\/www.latribunedufaso.net\\\/wp-content\\\/uploads\\\/2020\\\/08\\\/Logo-Tribune-du-Faso-final-scaled.jpg\",\"width\":2560,\"height\":1856,\"caption\":\"La Tribune du Faso\"},\"image\":{\"@id\":\"https:\\\/\\\/www.latribunedufaso.net\\\/#\\\/schema\\\/logo\\\/image\\\/\"},\"sameAs\":[\"https:\\\/\\\/www.facebook.com\\\/LatribuneduFaso\\\/\"]},{\"@type\":\"Person\",\"@id\":\"https:\\\/\\\/www.latribunedufaso.net\\\/#\\\/schema\\\/person\\\/e54e64c5778a7e72cf80a318b7a622b0\",\"name\":\"Issouf Tapsoba\",\"image\":{\"@type\":\"ImageObject\",\"inLanguage\":\"fr-FR\",\"@id\":\"https:\\\/\\\/secure.gravatar.com\\\/avatar\\\/5e6c05150ce3230247d167f5b94d678eb05936197436d69b7921e3a95c9107ac?s=96&d=mm&r=g\",\"url\":\"https:\\\/\\\/secure.gravatar.com\\\/avatar\\\/5e6c05150ce3230247d167f5b94d678eb05936197436d69b7921e3a95c9107ac?s=96&d=mm&r=g\",\"contentUrl\":\"https:\\\/\\\/secure.gravatar.com\\\/avatar\\\/5e6c05150ce3230247d167f5b94d678eb05936197436d69b7921e3a95c9107ac?s=96&d=mm&r=g\",\"caption\":\"Issouf Tapsoba\"},\"url\":\"https:\\\/\\\/www.latribunedufaso.net\\\/?author=5\"}]}<\/script>\n<!-- \/ Yoast SEO plugin. -->","yoast_head_json":{"title":"\u00c9ducation en situation d\u2019urgence : le Burkina Faso engage une nouvelle phase de r\u00e9silience - La Tribune du Faso","robots":{"index":"index","follow":"follow","max-snippet":"max-snippet:-1","max-image-preview":"max-image-preview:large","max-video-preview":"max-video-preview:-1"},"canonical":"https:\/\/www.latribunedufaso.net\/?p=21518","og_locale":"fr_FR","og_type":"article","og_title":"\u00c9ducation en situation d\u2019urgence : le Burkina Faso engage une nouvelle phase de r\u00e9silience - La Tribune du Faso","og_description":"Le ministre de l\u2019Enseignement de Base, de l\u2019Alphab\u00e9tisation et de la Promotion des Langues nationales (MEBAPLN), a officiellement lanc\u00e9 le 26 juin 2025, le deuxi\u00e8me Programme Pluriannuel de R\u00e9silience (PPR), pour la p\u00e9riode 2024-2027. Sous l\u2019appellation Multi-Year Resilience Program (MYRP), ce programme s\u2019inscrit dans le cadre de la Strat\u00e9gie nationale de l\u2019\u00e9ducation en situation d\u2019urgence.","og_url":"https:\/\/www.latribunedufaso.net\/?p=21518","og_site_name":"La Tribune du Faso","article_publisher":"https:\/\/www.facebook.com\/LatribuneduFaso\/","article_published_time":"2025-06-26T14:28:25+00:00","article_modified_time":"2025-06-30T11:53:28+00:00","og_image":[{"width":2048,"height":1365,"url":"https:\/\/www.latribunedufaso.net\/wp-content\/uploads\/2025\/06\/FB_IMG_1750947365505.jpg","type":"image\/jpeg"}],"author":"Issouf Tapsoba","twitter_misc":{"\u00c9crit par":"Issouf Tapsoba","Dur\u00e9e de lecture estim\u00e9e":"2 minutes"},"schema":{"@context":"https:\/\/schema.org","@graph":[{"@type":"Article","@id":"https:\/\/www.latribunedufaso.net\/?p=21518#article","isPartOf":{"@id":"https:\/\/www.latribunedufaso.net\/?p=21518"},"author":{"name":"Issouf Tapsoba","@id":"https:\/\/www.latribunedufaso.net\/#\/schema\/person\/e54e64c5778a7e72cf80a318b7a622b0"},"headline":"\u00c9ducation en situation d\u2019urgence : le Burkina Faso engage une nouvelle phase de r\u00e9silience","datePublished":"2025-06-26T14:28:25+00:00","dateModified":"2025-06-30T11:53:28+00:00","mainEntityOfPage":{"@id":"https:\/\/www.latribunedufaso.net\/?p=21518"},"wordCount":478,"commentCount":0,"publisher":{"@id":"https:\/\/www.latribunedufaso.net\/#organization"},"image":{"@id":"https:\/\/www.latribunedufaso.net\/?p=21518#primaryimage"},"thumbnailUrl":"https:\/\/www.latribunedufaso.net\/wp-content\/uploads\/2025\/06\/FB_IMG_1750947365505.jpg","keywords":["\u00c9ducation d'urgence","Lancement Programme Pluriannuel de R\u00e9silience (PPR)","latribunedufaso.net","Multi-Year Resilience Program"],"articleSection":["A la une","Actualit\u00e9","\u00c9ducation"],"inLanguage":"fr-FR","potentialAction":[{"@type":"CommentAction","name":"Comment","target":["https:\/\/www.latribunedufaso.net\/?p=21518#respond"]}]},{"@type":"WebPage","@id":"https:\/\/www.latribunedufaso.net\/?p=21518","url":"https:\/\/www.latribunedufaso.net\/?p=21518","name":"\u00c9ducation en situation d\u2019urgence : le Burkina Faso engage une nouvelle phase de r\u00e9silience - La Tribune du Faso","isPartOf":{"@id":"https:\/\/www.latribunedufaso.net\/#website"},"primaryImageOfPage":{"@id":"https:\/\/www.latribunedufaso.net\/?p=21518#primaryimage"},"image":{"@id":"https:\/\/www.latribunedufaso.net\/?p=21518#primaryimage"},"thumbnailUrl":"https:\/\/www.latribunedufaso.net\/wp-content\/uploads\/2025\/06\/FB_IMG_1750947365505.jpg","datePublished":"2025-06-26T14:28:25+00:00","dateModified":"2025-06-30T11:53:28+00:00","breadcrumb":{"@id":"https:\/\/www.latribunedufaso.net\/?p=21518#breadcrumb"},"inLanguage":"fr-FR","potentialAction":[{"@type":"ReadAction","target":["https:\/\/www.latribunedufaso.net\/?p=21518"]}]},{"@type":"ImageObject","inLanguage":"fr-FR","@id":"https:\/\/www.latribunedufaso.net\/?p=21518#primaryimage","url":"https:\/\/www.latribunedufaso.net\/wp-content\/uploads\/2025\/06\/FB_IMG_1750947365505.jpg","contentUrl":"https:\/\/www.latribunedufaso.net\/wp-content\/uploads\/2025\/06\/FB_IMG_1750947365505.jpg","width":2048,"height":1365,"caption":"Lancement du deuxi\u00e8me Programme Pluriannuel de R\u00e9silience (PPR), 26 juin 2025"},{"@type":"BreadcrumbList","@id":"https:\/\/www.latribunedufaso.net\/?p=21518#breadcrumb","itemListElement":[{"@type":"ListItem","position":1,"name":"Accueil","item":"https:\/\/www.latribunedufaso.net\/"},{"@type":"ListItem","position":2,"name":"\u00c9ducation en situation d\u2019urgence : le Burkina Faso engage une nouvelle phase de r\u00e9silience"}]},{"@type":"WebSite","@id":"https:\/\/www.latribunedufaso.net\/#website","url":"https:\/\/www.latribunedufaso.net\/","name":"La Tribune du Faso","description":"L&#039;information du monde rural en un clic","publisher":{"@id":"https:\/\/www.latribunedufaso.net\/#organization"},"potentialAction":[{"@type":"SearchAction","target":{"@type":"EntryPoint","urlTemplate":"https:\/\/www.latribunedufaso.net\/?s={search_term_string}"},"query-input":{"@type":"PropertyValueSpecification","valueRequired":true,"valueName":"search_term_string"}}],"inLanguage":"fr-FR"},{"@type":"Organization","@id":"https:\/\/www.latribunedufaso.net\/#organization","name":"La Tribune du Faso","url":"https:\/\/www.latribunedufaso.net\/","logo":{"@type":"ImageObject","inLanguage":"fr-FR","@id":"https:\/\/www.latribunedufaso.net\/#\/schema\/logo\/image\/","url":"https:\/\/www.latribunedufaso.net\/wp-content\/uploads\/2020\/08\/Logo-Tribune-du-Faso-final-scaled.jpg","contentUrl":"https:\/\/www.latribunedufaso.net\/wp-content\/uploads\/2020\/08\/Logo-Tribune-du-Faso-final-scaled.jpg","width":2560,"height":1856,"caption":"La Tribune du Faso"},"image":{"@id":"https:\/\/www.latribunedufaso.net\/#\/schema\/logo\/image\/"},"sameAs":["https:\/\/www.facebook.com\/LatribuneduFaso\/"]},{"@type":"Person","@id":"https:\/\/www.latribunedufaso.net\/#\/schema\/person\/e54e64c5778a7e72cf80a318b7a622b0","name":"Issouf Tapsoba","image":{"@type":"ImageObject","inLanguage":"fr-FR","@id":"https:\/\/secure.gravatar.com\/avatar\/5e6c05150ce3230247d167f5b94d678eb05936197436d69b7921e3a95c9107ac?s=96&d=mm&r=g","url":"https:\/\/secure.gravatar.com\/avatar\/5e6c05150ce3230247d167f5b94d678eb05936197436d69b7921e3a95c9107ac?s=96&d=mm&r=g","contentUrl":"https:\/\/secure.gravatar.com\/avatar\/5e6c05150ce3230247d167f5b94d678eb05936197436d69b7921e3a95c9107ac?s=96&d=mm&r=g","caption":"Issouf Tapsoba"},"url":"https:\/\/www.latribunedufaso.net\/?author=5"}]}},"_links":{"self":[{"href":"https:\/\/www.latribunedufaso.net\/index.php?rest_route=\/wp\/v2\/posts\/21518","targetHints":{"allow":["GET"]}}],"collection":[{"href":"https:\/\/www.latribunedufaso.net\/index.php?rest_route=\/wp\/v2\/posts"}],"about":[{"href":"https:\/\/www.latribunedufaso.net\/index.php?rest_route=\/wp\/v2\/types\/post"}],"author":[{"embeddable":true,"href":"https:\/\/www.latribunedufaso.net\/index.php?rest_route=\/wp\/v2\/users\/5"}],"replies":[{"embeddable":true,"href":"https:\/\/www.latribunedufaso.net\/index.php?rest_route=%2Fwp%2Fv2%2Fcomments&post=21518"}],"version-history":[{"count":3,"href":"https:\/\/www.latribunedufaso.net\/index.php?rest_route=\/wp\/v2\/posts\/21518\/revisions"}],"predecessor-version":[{"id":21523,"href":"https:\/\/www.latribunedufaso.net\/index.php?rest_route=\/wp\/v2\/posts\/21518\/revisions\/21523"}],"wp:featuredmedia":[{"embeddable":true,"href":"https:\/\/www.latribunedufaso.net\/index.php?rest_route=\/wp\/v2\/media\/21521"}],"wp:attachment":[{"href":"https:\/\/www.latribunedufaso.net\/index.php?rest_route=%2Fwp%2Fv2%2Fmedia&parent=21518"}],"wp:term":[{"taxonomy":"category","embeddable":true,"href":"https:\/\/www.latribunedufaso.net\/index.php?rest_route=%2Fwp%2Fv2%2Fcategories&post=21518"},{"taxonomy":"post_tag","embeddable":true,"href":"https:\/\/www.latribunedufaso.net\/index.php?rest_route=%2Fwp%2Fv2%2Ftags&post=21518"}],"curies":[{"name":"wp","href":"https:\/\/api.w.org\/{rel}","templated":true}]}}