{"id":21386,"date":"2025-06-20T14:06:48","date_gmt":"2025-06-20T14:06:48","guid":{"rendered":"https:\/\/www.latribunedufaso.net\/?p=21386"},"modified":"2025-06-20T17:11:57","modified_gmt":"2025-06-20T17:11:57","slug":"communication-au-burkina-abdoulaziz-bamogo-publie-un-guide-pratique-sur-le-cadre-legal","status":"publish","type":"post","link":"https:\/\/www.latribunedufaso.net\/?p=21386","title":{"rendered":"Communication au Burkina : Abdoulaziz Bamogo publie un guide pratique sur le cadre l\u00e9gal"},"content":{"rendered":"<p><strong>L\u2019ancien pr\u00e9sident du Conseil sup\u00e9rieur de la communication, Abdoulaziz Bamogo, a pr\u00e9sent\u00e9 ce 19 juin 2025 un ouvrage de r\u00e9f\u00e9rence sur le cadre l\u00e9gal de la communication au Burkina Faso. Un outil strat\u00e9gique qui regroupe plus de 60 textes essentiels pour les professionnels des m\u00e9dias, du num\u00e9rique et de la publicit\u00e9.<\/strong><!--more--><\/p>\n<p>L\u2019ancien pr\u00e9sident du Conseil sup\u00e9rieur de la communication (CSC), Abdoulaziz Bamogo, a proc\u00e9d\u00e9 le 19 juin 2025 \u00e0 Ouagadougou \u00e0 la d\u00e9dicace de son ouvrage intitul\u00e9 <em><strong>\u00ab Communication au Burkina Faso : cadre l\u00e9gal et institutionnel \u00bb<\/strong><\/em>. La c\u00e9r\u00e9monie s\u2019est tenue sous la pr\u00e9sidence de l\u2019actuel pr\u00e9sident du CSC, Louis Modeste Ou\u00e9draogo, et le parrainage du ministre de la Communication, Gilbert Ou\u00e9draogo, repr\u00e9sent\u00e9 pour l\u2019occasion par son charg\u00e9 de mission, Michel Saba.<\/p>\n<figure id=\"attachment_21391\" aria-describedby=\"caption-attachment-21391\" style=\"width: 1000px\" class=\"wp-caption aligncenter\"><a href=\"https:\/\/www.latribunedufaso.net\/wp-content\/uploads\/2025\/06\/FB_IMG_1750427821939.jpg\"><img loading=\"lazy\" decoding=\"async\" class=\"size-full wp-image-21391\" src=\"https:\/\/www.latribunedufaso.net\/wp-content\/uploads\/2025\/06\/FB_IMG_1750427821939.jpg\" alt=\"D\u00e9dicace du livre de l'ancien pr\u00e9sident du CSC, 19 juin 2025\" width=\"1000\" height=\"944\" srcset=\"https:\/\/www.latribunedufaso.net\/wp-content\/uploads\/2025\/06\/FB_IMG_1750427821939.jpg 1000w, https:\/\/www.latribunedufaso.net\/wp-content\/uploads\/2025\/06\/FB_IMG_1750427821939-300x283.jpg 300w, https:\/\/www.latribunedufaso.net\/wp-content\/uploads\/2025\/06\/FB_IMG_1750427821939-768x725.jpg 768w\" sizes=\"auto, (max-width: 1000px) 100vw, 1000px\" \/><\/a><figcaption id=\"caption-attachment-21391\" class=\"wp-caption-text\">L&rsquo;auteur Abdoul Aziz Bamogo (\u00e0 droite) \u00e0 remis un exemplaire au Pr\u00e9sident du CSC, Louis Modeste Ou\u00e9draogo (\u00e0 gauche) &#8211; Ph. DR<\/figcaption><\/figure>\n<p>Dans ce livre riche de 409 pages, l\u2019auteur pr\u00e9sente les fondements juridiques de la communication publique au Burkina Faso. L\u2019ouvrage regroupe 62 textes fondamentaux, couvrant la r\u00e9gulation de la presse \u00e9crite, de la presse en ligne, de la radiodiffusion sonore et t\u00e9l\u00e9visuelle, ainsi que les domaines du marketing, de la publicit\u00e9, des communications \u00e9lectroniques et des usages num\u00e9riques, y compris la protection des donn\u00e9es personnelles et les comportements sur les r\u00e9seaux sociaux.<\/p>\n<h3>Un outil strat\u00e9gique pour le secteur de la communication<\/h3>\n<p>S\u2019adressant \u00e0 un large public, journalistes, publicitaires, communicateurs institutionnels, responsables marketing, \u00e9tudiants, juristes, internautes et d\u00e9cideurs, l\u2019ouvrage se veut un outil strat\u00e9gique pour renforcer une communication encadr\u00e9e, responsable et adapt\u00e9e aux enjeux contemporains.<\/p>\n<figure id=\"attachment_21390\" aria-describedby=\"caption-attachment-21390\" style=\"width: 2560px\" class=\"wp-caption aligncenter\"><a href=\"https:\/\/www.latribunedufaso.net\/wp-content\/uploads\/2025\/06\/IMG-20250620-WA0004.jpg\"><img loading=\"lazy\" decoding=\"async\" class=\"size-full wp-image-21390\" src=\"https:\/\/www.latribunedufaso.net\/wp-content\/uploads\/2025\/06\/IMG-20250620-WA0004.jpg\" alt=\"D\u00e9dicace du livre de l'ancien pr\u00e9sident du CSC, 19 juin 2025\" width=\"2560\" height=\"2560\" srcset=\"https:\/\/www.latribunedufaso.net\/wp-content\/uploads\/2025\/06\/IMG-20250620-WA0004.jpg 2560w, https:\/\/www.latribunedufaso.net\/wp-content\/uploads\/2025\/06\/IMG-20250620-WA0004-300x300.jpg 300w, https:\/\/www.latribunedufaso.net\/wp-content\/uploads\/2025\/06\/IMG-20250620-WA0004-1024x1024.jpg 1024w, https:\/\/www.latribunedufaso.net\/wp-content\/uploads\/2025\/06\/IMG-20250620-WA0004-150x150.jpg 150w, https:\/\/www.latribunedufaso.net\/wp-content\/uploads\/2025\/06\/IMG-20250620-WA0004-768x768.jpg 768w, https:\/\/www.latribunedufaso.net\/wp-content\/uploads\/2025\/06\/IMG-20250620-WA0004-1536x1536.jpg 1536w, https:\/\/www.latribunedufaso.net\/wp-content\/uploads\/2025\/06\/IMG-20250620-WA0004-2048x2048.jpg 2048w\" sizes=\"auto, (max-width: 2560px) 100vw, 2560px\" \/><\/a><figcaption id=\"caption-attachment-21390\" class=\"wp-caption-text\">Une vue du livre &#8211; Ph. A. Kiendrebeogo<\/figcaption><\/figure>\n<p><em><strong>\u00ab\u202fCe livre n\u2019est pas qu\u2019un simple recueil de textes. C\u2019est un outil con\u00e7u pour avoir un impact direct et positif sur le secteur de la communication au Burkina Faso\u202f\u00bb<\/strong><\/em>, a indiqu\u00e9 Abdoulaziz Bamogo.<\/p>\n<p>Dans son discours lu par son charg\u00e9 de mission, Michel Saba, le ministre Gilbert Ou\u00e9draogo a f\u00e9licit\u00e9 l\u2019auteur pour cette contribution majeure et a encourag\u00e9 les citoyens \u00e0 se procurer l\u2019ouvrage.<\/p>\n<figure id=\"attachment_21388\" aria-describedby=\"caption-attachment-21388\" style=\"width: 2560px\" class=\"wp-caption aligncenter\"><a href=\"https:\/\/www.latribunedufaso.net\/wp-content\/uploads\/2025\/06\/IMG-20250620-WA0008.jpg\"><img loading=\"lazy\" decoding=\"async\" class=\"size-full wp-image-21388\" src=\"https:\/\/www.latribunedufaso.net\/wp-content\/uploads\/2025\/06\/IMG-20250620-WA0008.jpg\" alt=\"D\u00e9dicace du livre de l'ancien pr\u00e9sident du CSC, 19 juin 2025\" width=\"2560\" height=\"2560\" srcset=\"https:\/\/www.latribunedufaso.net\/wp-content\/uploads\/2025\/06\/IMG-20250620-WA0008.jpg 2560w, https:\/\/www.latribunedufaso.net\/wp-content\/uploads\/2025\/06\/IMG-20250620-WA0008-300x300.jpg 300w, https:\/\/www.latribunedufaso.net\/wp-content\/uploads\/2025\/06\/IMG-20250620-WA0008-1024x1024.jpg 1024w, https:\/\/www.latribunedufaso.net\/wp-content\/uploads\/2025\/06\/IMG-20250620-WA0008-150x150.jpg 150w, https:\/\/www.latribunedufaso.net\/wp-content\/uploads\/2025\/06\/IMG-20250620-WA0008-768x768.jpg 768w, https:\/\/www.latribunedufaso.net\/wp-content\/uploads\/2025\/06\/IMG-20250620-WA0008-1536x1536.jpg 1536w, https:\/\/www.latribunedufaso.net\/wp-content\/uploads\/2025\/06\/IMG-20250620-WA0008-2048x2048.jpg 2048w\" sizes=\"auto, (max-width: 2560px) 100vw, 2560px\" \/><\/a><figcaption id=\"caption-attachment-21388\" class=\"wp-caption-text\">Une vue des participants \u00e0 la c\u00e9r\u00e9monie de d\u00e9dicace &#8211; Ph. A. Kiendrebeogo<\/figcaption><\/figure>\n<p>De son c\u00f4t\u00e9, le pr\u00e9sident du CSC, Louis Modeste Ou\u00e9draogo, a salu\u00e9 une initiative bienvenue dans un contexte d\u2019\u00e9volution rapide du paysage m\u00e9diatique et num\u00e9rique.<em><strong> \u00ab\u202fCet ouvrage vient combler un vide, et \u00e0 ce titre, je salue cette belle initiative. Elle marque non pas une fin, mais bien une \u00e9tape majeure dans notre ambition collective de b\u00e2tir une communication forte et responsable au Burkina Faso \u00bb,<\/strong><\/em> a t-il signifi\u00e9.<\/p>\n<blockquote>\n<p>Lire aussi &gt;&gt; <a href=\"https:\/\/www.latribunedufaso.net\/?p=20029\">Litt\u00e9rature\/M\u00e9tier de Secr\u00e9taire : Evelyne Zongo\/Kabor\u00e9 propose des solutions pour r\u00e9ussir \u00e0 l\u2019\u00e8re de l\u2019IA<\/a><\/p>\n<\/blockquote>\n<p>La <em><strong>\u00ab Communication au Burkina Faso : cadre l\u00e9gal et institutionnel \u00bb<\/strong><\/em> est disponible \u00e0 la librairie Mercury au prix unitaire de 12 000 F CFA.<\/p>\n<p><strong>Rosana Astride KIENDREBEOGO\u00a0<\/strong><\/p>\n<p><strong>Latribunedufaso.net<\/strong><\/p>\n<p><iframe loading=\"lazy\" width=\"560\" height=\"315\" src=\"https:\/\/www.youtube.com\/embed\/9-ujr5PZ4SI?si=dod2WMAg2xUJVgkY\" title=\"YouTube video player\" frameborder=\"0\" allow=\"accelerometer; autoplay; clipboard-write; encrypted-media; gyroscope; picture-in-picture; web-share\" referrerpolicy=\"strict-origin-when-cross-origin\" allowfullscreen><\/iframe><\/p>\n","protected":false},"excerpt":{"rendered":"<p>L\u2019ancien pr\u00e9sident du Conseil sup\u00e9rieur de la communication, Abdoulaziz Bamogo, a pr\u00e9sent\u00e9 ce 19 juin 2025 un ouvrage de r\u00e9f\u00e9rence sur le cadre l\u00e9gal de la communication au Burkina Faso. Un outil strat\u00e9gique qui regroupe plus de 60 textes essentiels pour les professionnels des m\u00e9dias, du num\u00e9rique et de la publicit\u00e9.<\/p>\n","protected":false},"author":5,"featured_media":21389,"comment_status":"open","ping_status":"open","sticky":false,"template":"","format":"standard","meta":{"footnotes":""},"categories":[13,1,8],"tags":[564,675,415,859],"class_list":["post-21386","post","type-post","status-publish","format-standard","has-post-thumbnail","hentry","category-une","category-actu","category-societe","tag-conseil-superieur-de-la-communication","tag-csc","tag-journalisme-et-communication","tag-regulation-des-nouveaux-medias"],"yoast_head":"<!-- This site is optimized with the Yoast SEO plugin v27.4 - https:\/\/yoast.com\/product\/yoast-seo-wordpress\/ -->\n<title>Communication au Burkina : Abdoulaziz Bamogo publie un guide pratique sur le cadre l\u00e9gal - La Tribune du Faso<\/title>\n<meta name=\"robots\" content=\"index, follow, max-snippet:-1, max-image-preview:large, max-video-preview:-1\" \/>\n<link rel=\"canonical\" href=\"https:\/\/www.latribunedufaso.net\/?p=21386\" \/>\n<meta property=\"og:locale\" content=\"fr_FR\" \/>\n<meta property=\"og:type\" content=\"article\" \/>\n<meta property=\"og:title\" content=\"Communication au Burkina : Abdoulaziz Bamogo publie un guide pratique sur le cadre l\u00e9gal - La Tribune du Faso\" \/>\n<meta property=\"og:description\" content=\"L\u2019ancien pr\u00e9sident du Conseil sup\u00e9rieur de la communication, Abdoulaziz Bamogo, a pr\u00e9sent\u00e9 ce 19 juin 2025 un ouvrage de r\u00e9f\u00e9rence sur le cadre l\u00e9gal de la communication au Burkina Faso. Un outil strat\u00e9gique qui regroupe plus de 60 textes essentiels pour les professionnels des m\u00e9dias, du num\u00e9rique et de la publicit\u00e9.\" \/>\n<meta property=\"og:url\" content=\"https:\/\/www.latribunedufaso.net\/?p=21386\" \/>\n<meta property=\"og:site_name\" content=\"La Tribune du Faso\" \/>\n<meta property=\"article:publisher\" content=\"https:\/\/www.facebook.com\/LatribuneduFaso\/\" \/>\n<meta property=\"article:published_time\" content=\"2025-06-20T14:06:48+00:00\" \/>\n<meta property=\"article:modified_time\" content=\"2025-06-20T17:11:57+00:00\" \/>\n<meta property=\"og:image\" content=\"https:\/\/www.latribunedufaso.net\/wp-content\/uploads\/2025\/06\/IMG-20250620-WA0007.jpg\" \/>\n\t<meta property=\"og:image:width\" content=\"2560\" \/>\n\t<meta property=\"og:image:height\" content=\"1193\" \/>\n\t<meta property=\"og:image:type\" content=\"image\/jpeg\" \/>\n<meta name=\"author\" content=\"Issouf Tapsoba\" \/>\n<meta name=\"twitter:label1\" content=\"\u00c9crit par\" \/>\n\t<meta name=\"twitter:data1\" content=\"Issouf Tapsoba\" \/>\n\t<meta name=\"twitter:label2\" content=\"Dur\u00e9e de lecture estim\u00e9e\" \/>\n\t<meta name=\"twitter:data2\" content=\"3 minutes\" \/>\n<script type=\"application\/ld+json\" class=\"yoast-schema-graph\">{\"@context\":\"https:\\\/\\\/schema.org\",\"@graph\":[{\"@type\":\"Article\",\"@id\":\"https:\\\/\\\/www.latribunedufaso.net\\\/?p=21386#article\",\"isPartOf\":{\"@id\":\"https:\\\/\\\/www.latribunedufaso.net\\\/?p=21386\"},\"author\":{\"name\":\"Issouf Tapsoba\",\"@id\":\"https:\\\/\\\/www.latribunedufaso.net\\\/#\\\/schema\\\/person\\\/e54e64c5778a7e72cf80a318b7a622b0\"},\"headline\":\"Communication au Burkina : Abdoulaziz Bamogo publie un guide pratique sur le cadre l\u00e9gal\",\"datePublished\":\"2025-06-20T14:06:48+00:00\",\"dateModified\":\"2025-06-20T17:11:57+00:00\",\"mainEntityOfPage\":{\"@id\":\"https:\\\/\\\/www.latribunedufaso.net\\\/?p=21386\"},\"wordCount\":542,\"commentCount\":0,\"publisher\":{\"@id\":\"https:\\\/\\\/www.latribunedufaso.net\\\/#organization\"},\"image\":{\"@id\":\"https:\\\/\\\/www.latribunedufaso.net\\\/?p=21386#primaryimage\"},\"thumbnailUrl\":\"https:\\\/\\\/www.latribunedufaso.net\\\/wp-content\\\/uploads\\\/2025\\\/06\\\/IMG-20250620-WA0007.jpg\",\"keywords\":[\"Conseil sup\u00e9rieur de la communication\",\"CSC\",\"journalisme et communication\",\"R\u00e9gulation des nouveaux m\u00e9dias\"],\"articleSection\":[\"A la une\",\"Actualit\u00e9\",\"Soci\u00e9t\u00e9\"],\"inLanguage\":\"fr-FR\",\"potentialAction\":[{\"@type\":\"CommentAction\",\"name\":\"Comment\",\"target\":[\"https:\\\/\\\/www.latribunedufaso.net\\\/?p=21386#respond\"]}]},{\"@type\":\"WebPage\",\"@id\":\"https:\\\/\\\/www.latribunedufaso.net\\\/?p=21386\",\"url\":\"https:\\\/\\\/www.latribunedufaso.net\\\/?p=21386\",\"name\":\"Communication au Burkina : Abdoulaziz Bamogo publie un guide pratique sur le cadre l\u00e9gal - La Tribune du Faso\",\"isPartOf\":{\"@id\":\"https:\\\/\\\/www.latribunedufaso.net\\\/#website\"},\"primaryImageOfPage\":{\"@id\":\"https:\\\/\\\/www.latribunedufaso.net\\\/?p=21386#primaryimage\"},\"image\":{\"@id\":\"https:\\\/\\\/www.latribunedufaso.net\\\/?p=21386#primaryimage\"},\"thumbnailUrl\":\"https:\\\/\\\/www.latribunedufaso.net\\\/wp-content\\\/uploads\\\/2025\\\/06\\\/IMG-20250620-WA0007.jpg\",\"datePublished\":\"2025-06-20T14:06:48+00:00\",\"dateModified\":\"2025-06-20T17:11:57+00:00\",\"breadcrumb\":{\"@id\":\"https:\\\/\\\/www.latribunedufaso.net\\\/?p=21386#breadcrumb\"},\"inLanguage\":\"fr-FR\",\"potentialAction\":[{\"@type\":\"ReadAction\",\"target\":[\"https:\\\/\\\/www.latribunedufaso.net\\\/?p=21386\"]}]},{\"@type\":\"ImageObject\",\"inLanguage\":\"fr-FR\",\"@id\":\"https:\\\/\\\/www.latribunedufaso.net\\\/?p=21386#primaryimage\",\"url\":\"https:\\\/\\\/www.latribunedufaso.net\\\/wp-content\\\/uploads\\\/2025\\\/06\\\/IMG-20250620-WA0007.jpg\",\"contentUrl\":\"https:\\\/\\\/www.latribunedufaso.net\\\/wp-content\\\/uploads\\\/2025\\\/06\\\/IMG-20250620-WA0007.jpg\",\"width\":2560,\"height\":1193,\"caption\":\"D\u00e9dicace du livre de l'ancien pr\u00e9sident du CSC, 19 juin 2025\"},{\"@type\":\"BreadcrumbList\",\"@id\":\"https:\\\/\\\/www.latribunedufaso.net\\\/?p=21386#breadcrumb\",\"itemListElement\":[{\"@type\":\"ListItem\",\"position\":1,\"name\":\"Accueil\",\"item\":\"https:\\\/\\\/www.latribunedufaso.net\\\/\"},{\"@type\":\"ListItem\",\"position\":2,\"name\":\"Communication au Burkina : Abdoulaziz Bamogo publie un guide pratique sur le cadre l\u00e9gal\"}]},{\"@type\":\"WebSite\",\"@id\":\"https:\\\/\\\/www.latribunedufaso.net\\\/#website\",\"url\":\"https:\\\/\\\/www.latribunedufaso.net\\\/\",\"name\":\"La Tribune du Faso\",\"description\":\"L&#039;information du monde rural en un clic\",\"publisher\":{\"@id\":\"https:\\\/\\\/www.latribunedufaso.net\\\/#organization\"},\"potentialAction\":[{\"@type\":\"SearchAction\",\"target\":{\"@type\":\"EntryPoint\",\"urlTemplate\":\"https:\\\/\\\/www.latribunedufaso.net\\\/?s={search_term_string}\"},\"query-input\":{\"@type\":\"PropertyValueSpecification\",\"valueRequired\":true,\"valueName\":\"search_term_string\"}}],\"inLanguage\":\"fr-FR\"},{\"@type\":\"Organization\",\"@id\":\"https:\\\/\\\/www.latribunedufaso.net\\\/#organization\",\"name\":\"La Tribune du Faso\",\"url\":\"https:\\\/\\\/www.latribunedufaso.net\\\/\",\"logo\":{\"@type\":\"ImageObject\",\"inLanguage\":\"fr-FR\",\"@id\":\"https:\\\/\\\/www.latribunedufaso.net\\\/#\\\/schema\\\/logo\\\/image\\\/\",\"url\":\"https:\\\/\\\/www.latribunedufaso.net\\\/wp-content\\\/uploads\\\/2020\\\/08\\\/Logo-Tribune-du-Faso-final-scaled.jpg\",\"contentUrl\":\"https:\\\/\\\/www.latribunedufaso.net\\\/wp-content\\\/uploads\\\/2020\\\/08\\\/Logo-Tribune-du-Faso-final-scaled.jpg\",\"width\":2560,\"height\":1856,\"caption\":\"La Tribune du Faso\"},\"image\":{\"@id\":\"https:\\\/\\\/www.latribunedufaso.net\\\/#\\\/schema\\\/logo\\\/image\\\/\"},\"sameAs\":[\"https:\\\/\\\/www.facebook.com\\\/LatribuneduFaso\\\/\"]},{\"@type\":\"Person\",\"@id\":\"https:\\\/\\\/www.latribunedufaso.net\\\/#\\\/schema\\\/person\\\/e54e64c5778a7e72cf80a318b7a622b0\",\"name\":\"Issouf Tapsoba\",\"image\":{\"@type\":\"ImageObject\",\"inLanguage\":\"fr-FR\",\"@id\":\"https:\\\/\\\/secure.gravatar.com\\\/avatar\\\/5e6c05150ce3230247d167f5b94d678eb05936197436d69b7921e3a95c9107ac?s=96&d=mm&r=g\",\"url\":\"https:\\\/\\\/secure.gravatar.com\\\/avatar\\\/5e6c05150ce3230247d167f5b94d678eb05936197436d69b7921e3a95c9107ac?s=96&d=mm&r=g\",\"contentUrl\":\"https:\\\/\\\/secure.gravatar.com\\\/avatar\\\/5e6c05150ce3230247d167f5b94d678eb05936197436d69b7921e3a95c9107ac?s=96&d=mm&r=g\",\"caption\":\"Issouf Tapsoba\"},\"url\":\"https:\\\/\\\/www.latribunedufaso.net\\\/?author=5\"}]}<\/script>\n<!-- \/ Yoast SEO plugin. -->","yoast_head_json":{"title":"Communication au Burkina : Abdoulaziz Bamogo publie un guide pratique sur le cadre l\u00e9gal - La Tribune du Faso","robots":{"index":"index","follow":"follow","max-snippet":"max-snippet:-1","max-image-preview":"max-image-preview:large","max-video-preview":"max-video-preview:-1"},"canonical":"https:\/\/www.latribunedufaso.net\/?p=21386","og_locale":"fr_FR","og_type":"article","og_title":"Communication au Burkina : Abdoulaziz Bamogo publie un guide pratique sur le cadre l\u00e9gal - La Tribune du Faso","og_description":"L\u2019ancien pr\u00e9sident du Conseil sup\u00e9rieur de la communication, Abdoulaziz Bamogo, a pr\u00e9sent\u00e9 ce 19 juin 2025 un ouvrage de r\u00e9f\u00e9rence sur le cadre l\u00e9gal de la communication au Burkina Faso. Un outil strat\u00e9gique qui regroupe plus de 60 textes essentiels pour les professionnels des m\u00e9dias, du num\u00e9rique et de la publicit\u00e9.","og_url":"https:\/\/www.latribunedufaso.net\/?p=21386","og_site_name":"La Tribune du Faso","article_publisher":"https:\/\/www.facebook.com\/LatribuneduFaso\/","article_published_time":"2025-06-20T14:06:48+00:00","article_modified_time":"2025-06-20T17:11:57+00:00","og_image":[{"width":2560,"height":1193,"url":"https:\/\/www.latribunedufaso.net\/wp-content\/uploads\/2025\/06\/IMG-20250620-WA0007.jpg","type":"image\/jpeg"}],"author":"Issouf Tapsoba","twitter_misc":{"\u00c9crit par":"Issouf Tapsoba","Dur\u00e9e de lecture estim\u00e9e":"3 minutes"},"schema":{"@context":"https:\/\/schema.org","@graph":[{"@type":"Article","@id":"https:\/\/www.latribunedufaso.net\/?p=21386#article","isPartOf":{"@id":"https:\/\/www.latribunedufaso.net\/?p=21386"},"author":{"name":"Issouf Tapsoba","@id":"https:\/\/www.latribunedufaso.net\/#\/schema\/person\/e54e64c5778a7e72cf80a318b7a622b0"},"headline":"Communication au Burkina : Abdoulaziz Bamogo publie un guide pratique sur le cadre l\u00e9gal","datePublished":"2025-06-20T14:06:48+00:00","dateModified":"2025-06-20T17:11:57+00:00","mainEntityOfPage":{"@id":"https:\/\/www.latribunedufaso.net\/?p=21386"},"wordCount":542,"commentCount":0,"publisher":{"@id":"https:\/\/www.latribunedufaso.net\/#organization"},"image":{"@id":"https:\/\/www.latribunedufaso.net\/?p=21386#primaryimage"},"thumbnailUrl":"https:\/\/www.latribunedufaso.net\/wp-content\/uploads\/2025\/06\/IMG-20250620-WA0007.jpg","keywords":["Conseil sup\u00e9rieur de la communication","CSC","journalisme et communication","R\u00e9gulation des nouveaux m\u00e9dias"],"articleSection":["A la une","Actualit\u00e9","Soci\u00e9t\u00e9"],"inLanguage":"fr-FR","potentialAction":[{"@type":"CommentAction","name":"Comment","target":["https:\/\/www.latribunedufaso.net\/?p=21386#respond"]}]},{"@type":"WebPage","@id":"https:\/\/www.latribunedufaso.net\/?p=21386","url":"https:\/\/www.latribunedufaso.net\/?p=21386","name":"Communication au Burkina : Abdoulaziz Bamogo publie un guide pratique sur le cadre l\u00e9gal - La Tribune du Faso","isPartOf":{"@id":"https:\/\/www.latribunedufaso.net\/#website"},"primaryImageOfPage":{"@id":"https:\/\/www.latribunedufaso.net\/?p=21386#primaryimage"},"image":{"@id":"https:\/\/www.latribunedufaso.net\/?p=21386#primaryimage"},"thumbnailUrl":"https:\/\/www.latribunedufaso.net\/wp-content\/uploads\/2025\/06\/IMG-20250620-WA0007.jpg","datePublished":"2025-06-20T14:06:48+00:00","dateModified":"2025-06-20T17:11:57+00:00","breadcrumb":{"@id":"https:\/\/www.latribunedufaso.net\/?p=21386#breadcrumb"},"inLanguage":"fr-FR","potentialAction":[{"@type":"ReadAction","target":["https:\/\/www.latribunedufaso.net\/?p=21386"]}]},{"@type":"ImageObject","inLanguage":"fr-FR","@id":"https:\/\/www.latribunedufaso.net\/?p=21386#primaryimage","url":"https:\/\/www.latribunedufaso.net\/wp-content\/uploads\/2025\/06\/IMG-20250620-WA0007.jpg","contentUrl":"https:\/\/www.latribunedufaso.net\/wp-content\/uploads\/2025\/06\/IMG-20250620-WA0007.jpg","width":2560,"height":1193,"caption":"D\u00e9dicace du livre de l'ancien pr\u00e9sident du CSC, 19 juin 2025"},{"@type":"BreadcrumbList","@id":"https:\/\/www.latribunedufaso.net\/?p=21386#breadcrumb","itemListElement":[{"@type":"ListItem","position":1,"name":"Accueil","item":"https:\/\/www.latribunedufaso.net\/"},{"@type":"ListItem","position":2,"name":"Communication au Burkina : Abdoulaziz Bamogo publie un guide pratique sur le cadre l\u00e9gal"}]},{"@type":"WebSite","@id":"https:\/\/www.latribunedufaso.net\/#website","url":"https:\/\/www.latribunedufaso.net\/","name":"La Tribune du Faso","description":"L&#039;information du monde rural en un clic","publisher":{"@id":"https:\/\/www.latribunedufaso.net\/#organization"},"potentialAction":[{"@type":"SearchAction","target":{"@type":"EntryPoint","urlTemplate":"https:\/\/www.latribunedufaso.net\/?s={search_term_string}"},"query-input":{"@type":"PropertyValueSpecification","valueRequired":true,"valueName":"search_term_string"}}],"inLanguage":"fr-FR"},{"@type":"Organization","@id":"https:\/\/www.latribunedufaso.net\/#organization","name":"La Tribune du Faso","url":"https:\/\/www.latribunedufaso.net\/","logo":{"@type":"ImageObject","inLanguage":"fr-FR","@id":"https:\/\/www.latribunedufaso.net\/#\/schema\/logo\/image\/","url":"https:\/\/www.latribunedufaso.net\/wp-content\/uploads\/2020\/08\/Logo-Tribune-du-Faso-final-scaled.jpg","contentUrl":"https:\/\/www.latribunedufaso.net\/wp-content\/uploads\/2020\/08\/Logo-Tribune-du-Faso-final-scaled.jpg","width":2560,"height":1856,"caption":"La Tribune du Faso"},"image":{"@id":"https:\/\/www.latribunedufaso.net\/#\/schema\/logo\/image\/"},"sameAs":["https:\/\/www.facebook.com\/LatribuneduFaso\/"]},{"@type":"Person","@id":"https:\/\/www.latribunedufaso.net\/#\/schema\/person\/e54e64c5778a7e72cf80a318b7a622b0","name":"Issouf Tapsoba","image":{"@type":"ImageObject","inLanguage":"fr-FR","@id":"https:\/\/secure.gravatar.com\/avatar\/5e6c05150ce3230247d167f5b94d678eb05936197436d69b7921e3a95c9107ac?s=96&d=mm&r=g","url":"https:\/\/secure.gravatar.com\/avatar\/5e6c05150ce3230247d167f5b94d678eb05936197436d69b7921e3a95c9107ac?s=96&d=mm&r=g","contentUrl":"https:\/\/secure.gravatar.com\/avatar\/5e6c05150ce3230247d167f5b94d678eb05936197436d69b7921e3a95c9107ac?s=96&d=mm&r=g","caption":"Issouf Tapsoba"},"url":"https:\/\/www.latribunedufaso.net\/?author=5"}]}},"_links":{"self":[{"href":"https:\/\/www.latribunedufaso.net\/index.php?rest_route=\/wp\/v2\/posts\/21386","targetHints":{"allow":["GET"]}}],"collection":[{"href":"https:\/\/www.latribunedufaso.net\/index.php?rest_route=\/wp\/v2\/posts"}],"about":[{"href":"https:\/\/www.latribunedufaso.net\/index.php?rest_route=\/wp\/v2\/types\/post"}],"author":[{"embeddable":true,"href":"https:\/\/www.latribunedufaso.net\/index.php?rest_route=\/wp\/v2\/users\/5"}],"replies":[{"embeddable":true,"href":"https:\/\/www.latribunedufaso.net\/index.php?rest_route=%2Fwp%2Fv2%2Fcomments&post=21386"}],"version-history":[{"count":3,"href":"https:\/\/www.latribunedufaso.net\/index.php?rest_route=\/wp\/v2\/posts\/21386\/revisions"}],"predecessor-version":[{"id":21411,"href":"https:\/\/www.latribunedufaso.net\/index.php?rest_route=\/wp\/v2\/posts\/21386\/revisions\/21411"}],"wp:featuredmedia":[{"embeddable":true,"href":"https:\/\/www.latribunedufaso.net\/index.php?rest_route=\/wp\/v2\/media\/21389"}],"wp:attachment":[{"href":"https:\/\/www.latribunedufaso.net\/index.php?rest_route=%2Fwp%2Fv2%2Fmedia&parent=21386"}],"wp:term":[{"taxonomy":"category","embeddable":true,"href":"https:\/\/www.latribunedufaso.net\/index.php?rest_route=%2Fwp%2Fv2%2Fcategories&post=21386"},{"taxonomy":"post_tag","embeddable":true,"href":"https:\/\/www.latribunedufaso.net\/index.php?rest_route=%2Fwp%2Fv2%2Ftags&post=21386"}],"curies":[{"name":"wp","href":"https:\/\/api.w.org\/{rel}","templated":true}]}}