{"id":21367,"date":"2025-06-19T15:39:55","date_gmt":"2025-06-19T15:39:55","guid":{"rendered":"https:\/\/www.latribunedufaso.net\/?p=21367"},"modified":"2025-06-19T15:39:55","modified_gmt":"2025-06-19T15:39:55","slug":"securite-nationale-690-nouveaux-vdp-prets-a-defendre-le-territoire","status":"publish","type":"post","link":"https:\/\/www.latribunedufaso.net\/?p=21367","title":{"rendered":"S\u00e9curit\u00e9 nationale : 690 nouveaux VDP pr\u00eats \u00e0 d\u00e9fendre le territoire"},"content":{"rendered":"<p><strong>Le mardi 17 juin 2025, 690 Volontaires pour la D\u00e9fense de la Patrie (VDP) ont achev\u00e9 leur formation militaire de base au poste de commandement du Bataillon Mixte de Marche de Tenga. Cette c\u00e9r\u00e9monie, pr\u00e9sid\u00e9e par le Lieutenant-Colonel \u00c9ric Compaor\u00e9, marque une nouvelle \u00e9tape dans le renforcement des effectifs pour la reconqu\u00eate et la s\u00e9curisation du territoire burkinab\u00e8.<\/strong><!--more--><\/p>\n<p>Ces jeunes recrues ont \u00e9t\u00e9 enr\u00f4l\u00e9es dans le cadre du renforcement des effectifs des bataillons mixtes de marche, notamment ceux de Tenga, Tigre et Nanga. Pendant un mois, ils ont b\u00e9n\u00e9fici\u00e9 d\u2019une formation militaire initiale ax\u00e9e sur les techniques de combat, le secourisme de combat, les mouvements d\u2019ordre serr\u00e9 ainsi que la discipline militaire. La formation a \u00e9t\u00e9 conduite sous la responsabilit\u00e9 du Sergent-chef de police Madou Ou\u00e9draogo, Commandant le bataillon mixte de marche Tenga.<\/p>\n<figure id=\"attachment_21368\" aria-describedby=\"caption-attachment-21368\" style=\"width: 1000px\" class=\"wp-caption aligncenter\"><a href=\"https:\/\/www.latribunedufaso.net\/wp-content\/uploads\/2025\/06\/FB_IMG_1750347162463.jpg\"><img loading=\"lazy\" decoding=\"async\" class=\"size-full wp-image-21368\" src=\"https:\/\/www.latribunedufaso.net\/wp-content\/uploads\/2025\/06\/FB_IMG_1750347162463.jpg\" alt=\"Fin de formation de 690 VDP, 17 juin 2025\" width=\"1000\" height=\"500\" srcset=\"https:\/\/www.latribunedufaso.net\/wp-content\/uploads\/2025\/06\/FB_IMG_1750347162463.jpg 1000w, https:\/\/www.latribunedufaso.net\/wp-content\/uploads\/2025\/06\/FB_IMG_1750347162463-300x150.jpg 300w, https:\/\/www.latribunedufaso.net\/wp-content\/uploads\/2025\/06\/FB_IMG_1750347162463-768x384.jpg 768w, https:\/\/www.latribunedufaso.net\/wp-content\/uploads\/2025\/06\/FB_IMG_1750347162463-840x420.jpg 840w\" sizes=\"auto, (max-width: 1000px) 100vw, 1000px\" \/><\/a><figcaption id=\"caption-attachment-21368\" class=\"wp-caption-text\">Ils sont au total 690 VDP \u00e0 avoir termin\u00e9 leur formation &#8211; Ph. DR<\/figcaption><\/figure>\n<p>Dans son allocution, le Lieutenant-Colonel \u00c9ric Compaor\u00e9, repr\u00e9sentant le commandant BVDP a salu\u00e9 l&rsquo;engagement des stagiaires et soulign\u00e9 l\u2019importance de leur mission. <em><strong>\u00ab Vous avez \u00e9t\u00e9 instruits. Vous \u00eates d\u00e9sormais pr\u00e9par\u00e9s et investis d\u2019une mission sacr\u00e9e. D\u2019autres avant vous ont montr\u00e9 le chemin, parfois au prix de leur vie. Inspirez-vous de leur exemple. Restez unis, dans la coh\u00e9sion et la fraternit\u00e9 d\u2019armes, pour faire face \u00e0 l\u2019ennemi. Allez puiser en vous la force int\u00e9rieure n\u00e9cessaire afin que, tous ensemble, nous puissions reconqu\u00e9rir l\u2019int\u00e9grit\u00e9 du territoire national et restaurer la paix au Burkina Faso. Et pour cela, la discipline doit rester le ma\u00eetre-mot \u00bb<\/strong><\/em>, a-t-il exhort\u00e9.<\/p>\n<blockquote>\n<p>Lire aussi &gt;&gt; <a href=\"https:\/\/www.latribunedufaso.net\/?p=14660\">S\u00e9curit\u00e9 : Les FDS et les VDP renforcent leur solidarit\u00e9 et l\u2019esprit du patriotisme\u00a0<\/a><\/p>\n<\/blockquote>\n<p>La formation a \u00e9t\u00e9 unanimement salu\u00e9e par les nouveaux VDP, qui ont exprim\u00e9 leur d\u00e9termination \u00e0 se mettre r\u00e9solument au service de la nation pour sa lib\u00e9ration totale.<\/p>\n<p><strong>Latribunedufaso.net<\/strong><\/p>\n<p><strong>Source : Bureau Communication et Relations Publiques\/BVDP<\/strong><\/p>\n","protected":false},"excerpt":{"rendered":"<p>Le mardi 17 juin 2025, 690 Volontaires pour la D\u00e9fense de la Patrie (VDP) ont achev\u00e9 leur formation militaire de base au poste de commandement du Bataillon Mixte de Marche de Tenga. Cette c\u00e9r\u00e9monie, pr\u00e9sid\u00e9e par le Lieutenant-Colonel \u00c9ric Compaor\u00e9, marque une nouvelle \u00e9tape dans le renforcement des effectifs pour la reconqu\u00eate et la s\u00e9curisation du territoire burkinab\u00e8.<\/p>\n","protected":false},"author":5,"featured_media":21369,"comment_status":"open","ping_status":"open","sticky":false,"template":"","format":"standard","meta":{"footnotes":""},"categories":[13,1,8],"tags":[39,231,1198],"class_list":["post-21367","post","type-post","status-publish","format-standard","has-post-thumbnail","hentry","category-une","category-actu","category-societe","tag-latribunedufaso-net","tag-securite","tag-vdp"],"yoast_head":"<!-- This site is optimized with the Yoast SEO plugin v27.4 - https:\/\/yoast.com\/product\/yoast-seo-wordpress\/ -->\n<title>S\u00e9curit\u00e9 nationale : 690 nouveaux VDP pr\u00eats \u00e0 d\u00e9fendre le territoire - La Tribune du Faso<\/title>\n<meta name=\"robots\" content=\"index, follow, max-snippet:-1, max-image-preview:large, max-video-preview:-1\" \/>\n<link rel=\"canonical\" href=\"https:\/\/www.latribunedufaso.net\/?p=21367\" \/>\n<meta property=\"og:locale\" content=\"fr_FR\" \/>\n<meta property=\"og:type\" content=\"article\" \/>\n<meta property=\"og:title\" content=\"S\u00e9curit\u00e9 nationale : 690 nouveaux VDP pr\u00eats \u00e0 d\u00e9fendre le territoire - La Tribune du Faso\" \/>\n<meta property=\"og:description\" content=\"Le mardi 17 juin 2025, 690 Volontaires pour la D\u00e9fense de la Patrie (VDP) ont achev\u00e9 leur formation militaire de base au poste de commandement du Bataillon Mixte de Marche de Tenga. Cette c\u00e9r\u00e9monie, pr\u00e9sid\u00e9e par le Lieutenant-Colonel \u00c9ric Compaor\u00e9, marque une nouvelle \u00e9tape dans le renforcement des effectifs pour la reconqu\u00eate et la s\u00e9curisation du territoire burkinab\u00e8.\" \/>\n<meta property=\"og:url\" content=\"https:\/\/www.latribunedufaso.net\/?p=21367\" \/>\n<meta property=\"og:site_name\" content=\"La Tribune du Faso\" \/>\n<meta property=\"article:publisher\" content=\"https:\/\/www.facebook.com\/LatribuneduFaso\/\" \/>\n<meta property=\"article:published_time\" content=\"2025-06-19T15:39:55+00:00\" \/>\n<meta property=\"og:image\" content=\"https:\/\/www.latribunedufaso.net\/wp-content\/uploads\/2025\/06\/FB_IMG_1750347151075.jpg\" \/>\n\t<meta property=\"og:image:width\" content=\"960\" \/>\n\t<meta property=\"og:image:height\" content=\"552\" \/>\n\t<meta property=\"og:image:type\" content=\"image\/jpeg\" \/>\n<meta name=\"author\" content=\"Issouf Tapsoba\" \/>\n<meta name=\"twitter:label1\" content=\"\u00c9crit par\" \/>\n\t<meta name=\"twitter:data1\" content=\"Issouf Tapsoba\" \/>\n\t<meta name=\"twitter:label2\" content=\"Dur\u00e9e de lecture estim\u00e9e\" \/>\n\t<meta name=\"twitter:data2\" content=\"2 minutes\" \/>\n<script type=\"application\/ld+json\" class=\"yoast-schema-graph\">{\"@context\":\"https:\\\/\\\/schema.org\",\"@graph\":[{\"@type\":\"Article\",\"@id\":\"https:\\\/\\\/www.latribunedufaso.net\\\/?p=21367#article\",\"isPartOf\":{\"@id\":\"https:\\\/\\\/www.latribunedufaso.net\\\/?p=21367\"},\"author\":{\"name\":\"Issouf Tapsoba\",\"@id\":\"https:\\\/\\\/www.latribunedufaso.net\\\/#\\\/schema\\\/person\\\/e54e64c5778a7e72cf80a318b7a622b0\"},\"headline\":\"S\u00e9curit\u00e9 nationale : 690 nouveaux VDP pr\u00eats \u00e0 d\u00e9fendre le territoire\",\"datePublished\":\"2025-06-19T15:39:55+00:00\",\"mainEntityOfPage\":{\"@id\":\"https:\\\/\\\/www.latribunedufaso.net\\\/?p=21367\"},\"wordCount\":354,\"commentCount\":0,\"publisher\":{\"@id\":\"https:\\\/\\\/www.latribunedufaso.net\\\/#organization\"},\"image\":{\"@id\":\"https:\\\/\\\/www.latribunedufaso.net\\\/?p=21367#primaryimage\"},\"thumbnailUrl\":\"https:\\\/\\\/www.latribunedufaso.net\\\/wp-content\\\/uploads\\\/2025\\\/06\\\/FB_IMG_1750347151075.jpg\",\"keywords\":[\"latribunedufaso.net\",\"s\u00e9curit\u00e9\",\"VDP\"],\"articleSection\":[\"A la une\",\"Actualit\u00e9\",\"Soci\u00e9t\u00e9\"],\"inLanguage\":\"fr-FR\",\"potentialAction\":[{\"@type\":\"CommentAction\",\"name\":\"Comment\",\"target\":[\"https:\\\/\\\/www.latribunedufaso.net\\\/?p=21367#respond\"]}]},{\"@type\":\"WebPage\",\"@id\":\"https:\\\/\\\/www.latribunedufaso.net\\\/?p=21367\",\"url\":\"https:\\\/\\\/www.latribunedufaso.net\\\/?p=21367\",\"name\":\"S\u00e9curit\u00e9 nationale : 690 nouveaux VDP pr\u00eats \u00e0 d\u00e9fendre le territoire - La Tribune du Faso\",\"isPartOf\":{\"@id\":\"https:\\\/\\\/www.latribunedufaso.net\\\/#website\"},\"primaryImageOfPage\":{\"@id\":\"https:\\\/\\\/www.latribunedufaso.net\\\/?p=21367#primaryimage\"},\"image\":{\"@id\":\"https:\\\/\\\/www.latribunedufaso.net\\\/?p=21367#primaryimage\"},\"thumbnailUrl\":\"https:\\\/\\\/www.latribunedufaso.net\\\/wp-content\\\/uploads\\\/2025\\\/06\\\/FB_IMG_1750347151075.jpg\",\"datePublished\":\"2025-06-19T15:39:55+00:00\",\"breadcrumb\":{\"@id\":\"https:\\\/\\\/www.latribunedufaso.net\\\/?p=21367#breadcrumb\"},\"inLanguage\":\"fr-FR\",\"potentialAction\":[{\"@type\":\"ReadAction\",\"target\":[\"https:\\\/\\\/www.latribunedufaso.net\\\/?p=21367\"]}]},{\"@type\":\"ImageObject\",\"inLanguage\":\"fr-FR\",\"@id\":\"https:\\\/\\\/www.latribunedufaso.net\\\/?p=21367#primaryimage\",\"url\":\"https:\\\/\\\/www.latribunedufaso.net\\\/wp-content\\\/uploads\\\/2025\\\/06\\\/FB_IMG_1750347151075.jpg\",\"contentUrl\":\"https:\\\/\\\/www.latribunedufaso.net\\\/wp-content\\\/uploads\\\/2025\\\/06\\\/FB_IMG_1750347151075.jpg\",\"width\":960,\"height\":552,\"caption\":\"Fin de formation de 690 VDP, 17 juin 2025\"},{\"@type\":\"BreadcrumbList\",\"@id\":\"https:\\\/\\\/www.latribunedufaso.net\\\/?p=21367#breadcrumb\",\"itemListElement\":[{\"@type\":\"ListItem\",\"position\":1,\"name\":\"Accueil\",\"item\":\"https:\\\/\\\/www.latribunedufaso.net\\\/\"},{\"@type\":\"ListItem\",\"position\":2,\"name\":\"S\u00e9curit\u00e9 nationale : 690 nouveaux VDP pr\u00eats \u00e0 d\u00e9fendre le territoire\"}]},{\"@type\":\"WebSite\",\"@id\":\"https:\\\/\\\/www.latribunedufaso.net\\\/#website\",\"url\":\"https:\\\/\\\/www.latribunedufaso.net\\\/\",\"name\":\"La Tribune du Faso\",\"description\":\"L&#039;information du monde rural en un clic\",\"publisher\":{\"@id\":\"https:\\\/\\\/www.latribunedufaso.net\\\/#organization\"},\"potentialAction\":[{\"@type\":\"SearchAction\",\"target\":{\"@type\":\"EntryPoint\",\"urlTemplate\":\"https:\\\/\\\/www.latribunedufaso.net\\\/?s={search_term_string}\"},\"query-input\":{\"@type\":\"PropertyValueSpecification\",\"valueRequired\":true,\"valueName\":\"search_term_string\"}}],\"inLanguage\":\"fr-FR\"},{\"@type\":\"Organization\",\"@id\":\"https:\\\/\\\/www.latribunedufaso.net\\\/#organization\",\"name\":\"La Tribune du Faso\",\"url\":\"https:\\\/\\\/www.latribunedufaso.net\\\/\",\"logo\":{\"@type\":\"ImageObject\",\"inLanguage\":\"fr-FR\",\"@id\":\"https:\\\/\\\/www.latribunedufaso.net\\\/#\\\/schema\\\/logo\\\/image\\\/\",\"url\":\"https:\\\/\\\/www.latribunedufaso.net\\\/wp-content\\\/uploads\\\/2020\\\/08\\\/Logo-Tribune-du-Faso-final-scaled.jpg\",\"contentUrl\":\"https:\\\/\\\/www.latribunedufaso.net\\\/wp-content\\\/uploads\\\/2020\\\/08\\\/Logo-Tribune-du-Faso-final-scaled.jpg\",\"width\":2560,\"height\":1856,\"caption\":\"La Tribune du Faso\"},\"image\":{\"@id\":\"https:\\\/\\\/www.latribunedufaso.net\\\/#\\\/schema\\\/logo\\\/image\\\/\"},\"sameAs\":[\"https:\\\/\\\/www.facebook.com\\\/LatribuneduFaso\\\/\"]},{\"@type\":\"Person\",\"@id\":\"https:\\\/\\\/www.latribunedufaso.net\\\/#\\\/schema\\\/person\\\/e54e64c5778a7e72cf80a318b7a622b0\",\"name\":\"Issouf Tapsoba\",\"image\":{\"@type\":\"ImageObject\",\"inLanguage\":\"fr-FR\",\"@id\":\"https:\\\/\\\/secure.gravatar.com\\\/avatar\\\/5e6c05150ce3230247d167f5b94d678eb05936197436d69b7921e3a95c9107ac?s=96&d=mm&r=g\",\"url\":\"https:\\\/\\\/secure.gravatar.com\\\/avatar\\\/5e6c05150ce3230247d167f5b94d678eb05936197436d69b7921e3a95c9107ac?s=96&d=mm&r=g\",\"contentUrl\":\"https:\\\/\\\/secure.gravatar.com\\\/avatar\\\/5e6c05150ce3230247d167f5b94d678eb05936197436d69b7921e3a95c9107ac?s=96&d=mm&r=g\",\"caption\":\"Issouf Tapsoba\"},\"url\":\"https:\\\/\\\/www.latribunedufaso.net\\\/?author=5\"}]}<\/script>\n<!-- \/ Yoast SEO plugin. -->","yoast_head_json":{"title":"S\u00e9curit\u00e9 nationale : 690 nouveaux VDP pr\u00eats \u00e0 d\u00e9fendre le territoire - La Tribune du Faso","robots":{"index":"index","follow":"follow","max-snippet":"max-snippet:-1","max-image-preview":"max-image-preview:large","max-video-preview":"max-video-preview:-1"},"canonical":"https:\/\/www.latribunedufaso.net\/?p=21367","og_locale":"fr_FR","og_type":"article","og_title":"S\u00e9curit\u00e9 nationale : 690 nouveaux VDP pr\u00eats \u00e0 d\u00e9fendre le territoire - La Tribune du Faso","og_description":"Le mardi 17 juin 2025, 690 Volontaires pour la D\u00e9fense de la Patrie (VDP) ont achev\u00e9 leur formation militaire de base au poste de commandement du Bataillon Mixte de Marche de Tenga. Cette c\u00e9r\u00e9monie, pr\u00e9sid\u00e9e par le Lieutenant-Colonel \u00c9ric Compaor\u00e9, marque une nouvelle \u00e9tape dans le renforcement des effectifs pour la reconqu\u00eate et la s\u00e9curisation du territoire burkinab\u00e8.","og_url":"https:\/\/www.latribunedufaso.net\/?p=21367","og_site_name":"La Tribune du Faso","article_publisher":"https:\/\/www.facebook.com\/LatribuneduFaso\/","article_published_time":"2025-06-19T15:39:55+00:00","og_image":[{"width":960,"height":552,"url":"https:\/\/www.latribunedufaso.net\/wp-content\/uploads\/2025\/06\/FB_IMG_1750347151075.jpg","type":"image\/jpeg"}],"author":"Issouf Tapsoba","twitter_misc":{"\u00c9crit par":"Issouf Tapsoba","Dur\u00e9e de lecture estim\u00e9e":"2 minutes"},"schema":{"@context":"https:\/\/schema.org","@graph":[{"@type":"Article","@id":"https:\/\/www.latribunedufaso.net\/?p=21367#article","isPartOf":{"@id":"https:\/\/www.latribunedufaso.net\/?p=21367"},"author":{"name":"Issouf Tapsoba","@id":"https:\/\/www.latribunedufaso.net\/#\/schema\/person\/e54e64c5778a7e72cf80a318b7a622b0"},"headline":"S\u00e9curit\u00e9 nationale : 690 nouveaux VDP pr\u00eats \u00e0 d\u00e9fendre le territoire","datePublished":"2025-06-19T15:39:55+00:00","mainEntityOfPage":{"@id":"https:\/\/www.latribunedufaso.net\/?p=21367"},"wordCount":354,"commentCount":0,"publisher":{"@id":"https:\/\/www.latribunedufaso.net\/#organization"},"image":{"@id":"https:\/\/www.latribunedufaso.net\/?p=21367#primaryimage"},"thumbnailUrl":"https:\/\/www.latribunedufaso.net\/wp-content\/uploads\/2025\/06\/FB_IMG_1750347151075.jpg","keywords":["latribunedufaso.net","s\u00e9curit\u00e9","VDP"],"articleSection":["A la une","Actualit\u00e9","Soci\u00e9t\u00e9"],"inLanguage":"fr-FR","potentialAction":[{"@type":"CommentAction","name":"Comment","target":["https:\/\/www.latribunedufaso.net\/?p=21367#respond"]}]},{"@type":"WebPage","@id":"https:\/\/www.latribunedufaso.net\/?p=21367","url":"https:\/\/www.latribunedufaso.net\/?p=21367","name":"S\u00e9curit\u00e9 nationale : 690 nouveaux VDP pr\u00eats \u00e0 d\u00e9fendre le territoire - La Tribune du Faso","isPartOf":{"@id":"https:\/\/www.latribunedufaso.net\/#website"},"primaryImageOfPage":{"@id":"https:\/\/www.latribunedufaso.net\/?p=21367#primaryimage"},"image":{"@id":"https:\/\/www.latribunedufaso.net\/?p=21367#primaryimage"},"thumbnailUrl":"https:\/\/www.latribunedufaso.net\/wp-content\/uploads\/2025\/06\/FB_IMG_1750347151075.jpg","datePublished":"2025-06-19T15:39:55+00:00","breadcrumb":{"@id":"https:\/\/www.latribunedufaso.net\/?p=21367#breadcrumb"},"inLanguage":"fr-FR","potentialAction":[{"@type":"ReadAction","target":["https:\/\/www.latribunedufaso.net\/?p=21367"]}]},{"@type":"ImageObject","inLanguage":"fr-FR","@id":"https:\/\/www.latribunedufaso.net\/?p=21367#primaryimage","url":"https:\/\/www.latribunedufaso.net\/wp-content\/uploads\/2025\/06\/FB_IMG_1750347151075.jpg","contentUrl":"https:\/\/www.latribunedufaso.net\/wp-content\/uploads\/2025\/06\/FB_IMG_1750347151075.jpg","width":960,"height":552,"caption":"Fin de formation de 690 VDP, 17 juin 2025"},{"@type":"BreadcrumbList","@id":"https:\/\/www.latribunedufaso.net\/?p=21367#breadcrumb","itemListElement":[{"@type":"ListItem","position":1,"name":"Accueil","item":"https:\/\/www.latribunedufaso.net\/"},{"@type":"ListItem","position":2,"name":"S\u00e9curit\u00e9 nationale : 690 nouveaux VDP pr\u00eats \u00e0 d\u00e9fendre le territoire"}]},{"@type":"WebSite","@id":"https:\/\/www.latribunedufaso.net\/#website","url":"https:\/\/www.latribunedufaso.net\/","name":"La Tribune du Faso","description":"L&#039;information du monde rural en un clic","publisher":{"@id":"https:\/\/www.latribunedufaso.net\/#organization"},"potentialAction":[{"@type":"SearchAction","target":{"@type":"EntryPoint","urlTemplate":"https:\/\/www.latribunedufaso.net\/?s={search_term_string}"},"query-input":{"@type":"PropertyValueSpecification","valueRequired":true,"valueName":"search_term_string"}}],"inLanguage":"fr-FR"},{"@type":"Organization","@id":"https:\/\/www.latribunedufaso.net\/#organization","name":"La Tribune du Faso","url":"https:\/\/www.latribunedufaso.net\/","logo":{"@type":"ImageObject","inLanguage":"fr-FR","@id":"https:\/\/www.latribunedufaso.net\/#\/schema\/logo\/image\/","url":"https:\/\/www.latribunedufaso.net\/wp-content\/uploads\/2020\/08\/Logo-Tribune-du-Faso-final-scaled.jpg","contentUrl":"https:\/\/www.latribunedufaso.net\/wp-content\/uploads\/2020\/08\/Logo-Tribune-du-Faso-final-scaled.jpg","width":2560,"height":1856,"caption":"La Tribune du Faso"},"image":{"@id":"https:\/\/www.latribunedufaso.net\/#\/schema\/logo\/image\/"},"sameAs":["https:\/\/www.facebook.com\/LatribuneduFaso\/"]},{"@type":"Person","@id":"https:\/\/www.latribunedufaso.net\/#\/schema\/person\/e54e64c5778a7e72cf80a318b7a622b0","name":"Issouf Tapsoba","image":{"@type":"ImageObject","inLanguage":"fr-FR","@id":"https:\/\/secure.gravatar.com\/avatar\/5e6c05150ce3230247d167f5b94d678eb05936197436d69b7921e3a95c9107ac?s=96&d=mm&r=g","url":"https:\/\/secure.gravatar.com\/avatar\/5e6c05150ce3230247d167f5b94d678eb05936197436d69b7921e3a95c9107ac?s=96&d=mm&r=g","contentUrl":"https:\/\/secure.gravatar.com\/avatar\/5e6c05150ce3230247d167f5b94d678eb05936197436d69b7921e3a95c9107ac?s=96&d=mm&r=g","caption":"Issouf Tapsoba"},"url":"https:\/\/www.latribunedufaso.net\/?author=5"}]}},"_links":{"self":[{"href":"https:\/\/www.latribunedufaso.net\/index.php?rest_route=\/wp\/v2\/posts\/21367","targetHints":{"allow":["GET"]}}],"collection":[{"href":"https:\/\/www.latribunedufaso.net\/index.php?rest_route=\/wp\/v2\/posts"}],"about":[{"href":"https:\/\/www.latribunedufaso.net\/index.php?rest_route=\/wp\/v2\/types\/post"}],"author":[{"embeddable":true,"href":"https:\/\/www.latribunedufaso.net\/index.php?rest_route=\/wp\/v2\/users\/5"}],"replies":[{"embeddable":true,"href":"https:\/\/www.latribunedufaso.net\/index.php?rest_route=%2Fwp%2Fv2%2Fcomments&post=21367"}],"version-history":[{"count":1,"href":"https:\/\/www.latribunedufaso.net\/index.php?rest_route=\/wp\/v2\/posts\/21367\/revisions"}],"predecessor-version":[{"id":21370,"href":"https:\/\/www.latribunedufaso.net\/index.php?rest_route=\/wp\/v2\/posts\/21367\/revisions\/21370"}],"wp:featuredmedia":[{"embeddable":true,"href":"https:\/\/www.latribunedufaso.net\/index.php?rest_route=\/wp\/v2\/media\/21369"}],"wp:attachment":[{"href":"https:\/\/www.latribunedufaso.net\/index.php?rest_route=%2Fwp%2Fv2%2Fmedia&parent=21367"}],"wp:term":[{"taxonomy":"category","embeddable":true,"href":"https:\/\/www.latribunedufaso.net\/index.php?rest_route=%2Fwp%2Fv2%2Fcategories&post=21367"},{"taxonomy":"post_tag","embeddable":true,"href":"https:\/\/www.latribunedufaso.net\/index.php?rest_route=%2Fwp%2Fv2%2Ftags&post=21367"}],"curies":[{"name":"wp","href":"https:\/\/api.w.org\/{rel}","templated":true}]}}