{"id":21307,"date":"2025-06-18T15:33:14","date_gmt":"2025-06-18T15:33:14","guid":{"rendered":"https:\/\/www.latribunedufaso.net\/?p=21307"},"modified":"2025-06-18T19:12:55","modified_gmt":"2025-06-18T19:12:55","slug":"fin-du-projet-planetgold-burkina-bilan-positif-et-perspectives-pour-une-exploitation-miniere-sans-mercure","status":"publish","type":"post","link":"https:\/\/www.latribunedufaso.net\/?p=21307","title":{"rendered":"Fin du Projet PlanetGOLD Burkina : Bilan positif et perspectives pour une exploitation mini\u00e8re sans mercure"},"content":{"rendered":"<p><strong>Le minist\u00e8re en charge de l&rsquo;Environnement, en partenariat avec l&rsquo;Artisanal Gold Council (AGC), a organis\u00e9 le 17 juin 2025 \u00e0 Ouagadougou, un atelier de cl\u00f4ture et de diss\u00e9mination des r\u00e9sultats du projet PlanetGOLD Burkina Faso. Ce projet vise \u00e0 promouvoir l\u2019\u00e9limination du mercure dans les op\u00e9rations de l\u2019Exploitation mini\u00e8re artisanale et \u00e0 petite \u00e9chelle (EMAPE) de l&rsquo;or.<\/strong><!--more--><\/p>\n<p>Apr\u00e8s six ans de mise en \u0153uvre, le projet PlanetGOLD Burkina Faso est arriv\u00e9 \u00e0 terme. \u00c0 l&rsquo;occasion d&rsquo;un atelier organis\u00e9 le 17 juin 2025 \u00e0 Ouagadougou, les acteurs ont proc\u00e9d\u00e9 \u00e0 la cl\u00f4ture officielle des travaux et au partage des r\u00e9sultats. La c\u00e9r\u00e9monie \u00e9tait plac\u00e9e sous la pr\u00e9sidence du Charg\u00e9 d&rsquo;\u00e9tude du minist\u00e8re charg\u00e9 de l&rsquo;Environnement, F\u00e9lix Ibrango, repr\u00e9sentant le Secr\u00e9taire g\u00e9n\u00e9ral.<\/p>\n<figure id=\"attachment_21312\" aria-describedby=\"caption-attachment-21312\" style=\"width: 2560px\" class=\"wp-caption aligncenter\"><a href=\"https:\/\/www.latribunedufaso.net\/wp-content\/uploads\/2025\/06\/IMG_20250617_095925_549-scaled.jpg\"><img loading=\"lazy\" decoding=\"async\" class=\"size-full wp-image-21312\" src=\"https:\/\/www.latribunedufaso.net\/wp-content\/uploads\/2025\/06\/IMG_20250617_095925_549-scaled.jpg\" alt=\"Atelier de cl\u00f4ture et de partage des r\u00e9sultats du projet PlanetGOLD mis en \u0153uvre par AVG, 17 juin 2025 \u00e0 Ouagadougou \" width=\"2560\" height=\"1920\" srcset=\"https:\/\/www.latribunedufaso.net\/wp-content\/uploads\/2025\/06\/IMG_20250617_095925_549-scaled.jpg 2560w, https:\/\/www.latribunedufaso.net\/wp-content\/uploads\/2025\/06\/IMG_20250617_095925_549-300x225.jpg 300w, https:\/\/www.latribunedufaso.net\/wp-content\/uploads\/2025\/06\/IMG_20250617_095925_549-1024x768.jpg 1024w, https:\/\/www.latribunedufaso.net\/wp-content\/uploads\/2025\/06\/IMG_20250617_095925_549-768x576.jpg 768w, https:\/\/www.latribunedufaso.net\/wp-content\/uploads\/2025\/06\/IMG_20250617_095925_549-1536x1152.jpg 1536w, https:\/\/www.latribunedufaso.net\/wp-content\/uploads\/2025\/06\/IMG_20250617_095925_549-2048x1536.jpg 2048w\" sizes=\"auto, (max-width: 2560px) 100vw, 2560px\" \/><\/a><figcaption id=\"caption-attachment-21312\" class=\"wp-caption-text\">Le charg\u00e9 d&rsquo;\u00e9tudes au minist\u00e8re charg\u00e9 de l&rsquo;Environnement, F\u00e9lix Ibrango, repr\u00e9sentant le Secr\u00e9taire g\u00e9n\u00e9ral, pr\u00e9sident de la c\u00e9r\u00e9monie &#8211; Ph. I. Tapsoba<\/figcaption><\/figure>\n<p>Selon lui, l&rsquo;EMAPE de l&rsquo;or est une activit\u00e9 qui occupe une place importante dans l&rsquo;\u00e9conomie burkinab\u00e8. Elle g\u00e9n\u00e8re 140 196 emplois directs, r\u00e9partis sur 448 sites artisanaux d&rsquo;or fonctionnels. Elle a produit 9,5 tonnes d&rsquo;or, repr\u00e9sentant une valeur de 232,2 milliards FCFA (INSD 2017).<\/p>\n<p>En d\u00e9pit de son importance sur le plan socio-\u00e9conomique, cette activit\u00e9 repr\u00e9sente un danger pour l&rsquo;environnement avec l&rsquo;utilisation de produits chimiques comme le mercure. Environ 268 595 kg de ce produit ont \u00e9t\u00e9 utilis\u00e9s dans le secteur de l&rsquo;EMAPE de l&rsquo;or au Burkina en 2022 (rapport national de mise en \u0153uvre de la Convention de Minamata sur le mercure au Burkina).<\/p>\n<h3>R\u00e9sultats du projet<\/h3>\n<p>C&rsquo;est fort de ce constat que le projet PlanetGOLD Burkina Faso a \u00e9t\u00e9 initi\u00e9. Il a permis d&rsquo;engranger plusieurs acquis, selon le repr\u00e9sentant pays de l&rsquo;AGC, Seydou Kabr\u00e9, par ailleurs coordonnateur national du projet.<\/p>\n<figure id=\"attachment_21309\" aria-describedby=\"caption-attachment-21309\" style=\"width: 2560px\" class=\"wp-caption aligncenter\"><a href=\"https:\/\/www.latribunedufaso.net\/wp-content\/uploads\/2025\/06\/IMG_20250617_101116_229-scaled.jpg\"><img loading=\"lazy\" decoding=\"async\" class=\"size-full wp-image-21309\" src=\"https:\/\/www.latribunedufaso.net\/wp-content\/uploads\/2025\/06\/IMG_20250617_101116_229-scaled.jpg\" alt=\"Atelier de cl\u00f4ture et de partage des r\u00e9sultats du projet PlanetGOLD mis en \u0153uvre par AVG, 17 juin 2025 \u00e0 Ouagadougou \" width=\"2560\" height=\"1920\" srcset=\"https:\/\/www.latribunedufaso.net\/wp-content\/uploads\/2025\/06\/IMG_20250617_101116_229-scaled.jpg 2560w, https:\/\/www.latribunedufaso.net\/wp-content\/uploads\/2025\/06\/IMG_20250617_101116_229-300x225.jpg 300w, https:\/\/www.latribunedufaso.net\/wp-content\/uploads\/2025\/06\/IMG_20250617_101116_229-1024x768.jpg 1024w, https:\/\/www.latribunedufaso.net\/wp-content\/uploads\/2025\/06\/IMG_20250617_101116_229-768x576.jpg 768w, https:\/\/www.latribunedufaso.net\/wp-content\/uploads\/2025\/06\/IMG_20250617_101116_229-1536x1152.jpg 1536w, https:\/\/www.latribunedufaso.net\/wp-content\/uploads\/2025\/06\/IMG_20250617_101116_229-2048x1536.jpg 2048w\" sizes=\"auto, (max-width: 2560px) 100vw, 2560px\" \/><\/a><figcaption id=\"caption-attachment-21309\" class=\"wp-caption-text\">Le coordonnateur national du projet PlanetGOLD, Seydou Kabr\u00e9 &#8211; Ph. I. Tapsoba<\/figcaption><\/figure>\n<p>Il s&rsquo;agit notamment de l&rsquo;\u00e9laboration d&rsquo;un cadre juridique et politique favorable \u00e0 la formalisation de l&rsquo;EMAPE et de l&rsquo;am\u00e9lioration de l&rsquo;acc\u00e8s au financement formel au profit des acteurs gr\u00e2ce \u00e0 la mise en place d&rsquo;un Fonds d&rsquo;appui au secteur de l&rsquo;artisanat minier.<\/p>\n<p>Le projet a \u00e9galement permis de r\u00e9duire l&rsquo;utilisation du mercure de 265 kg sur la cha\u00eene d&rsquo;approvisionnement de l&rsquo;EMAPE et d&rsquo;am\u00e9liorer les conditions de travail et environnementales gr\u00e2ce \u00e0 la Technologie sans mercure (TSM). \u00c0 cela s&rsquo;ajoute la professionnalisation des acteurs \u00e0 travers leur formation en TSM. 159 artisans miniers ont r\u00e9ussi cette formation, selon M. Kabr\u00e9.<\/p>\n<figure id=\"attachment_21311\" aria-describedby=\"caption-attachment-21311\" style=\"width: 2560px\" class=\"wp-caption aligncenter\"><a href=\"https:\/\/www.latribunedufaso.net\/wp-content\/uploads\/2025\/06\/IMG_20250617_094933_599-scaled.jpg\"><img loading=\"lazy\" decoding=\"async\" class=\"size-full wp-image-21311\" src=\"https:\/\/www.latribunedufaso.net\/wp-content\/uploads\/2025\/06\/IMG_20250617_094933_599-scaled.jpg\" alt=\"Atelier de cl\u00f4ture et de partage des r\u00e9sultats du projet PlanetGOLD mis en \u0153uvre par AVG, 17 juin 2025 \u00e0 Ouagadougou \" width=\"2560\" height=\"1920\" srcset=\"https:\/\/www.latribunedufaso.net\/wp-content\/uploads\/2025\/06\/IMG_20250617_094933_599-scaled.jpg 2560w, https:\/\/www.latribunedufaso.net\/wp-content\/uploads\/2025\/06\/IMG_20250617_094933_599-300x225.jpg 300w, https:\/\/www.latribunedufaso.net\/wp-content\/uploads\/2025\/06\/IMG_20250617_094933_599-1024x768.jpg 1024w, https:\/\/www.latribunedufaso.net\/wp-content\/uploads\/2025\/06\/IMG_20250617_094933_599-768x576.jpg 768w, https:\/\/www.latribunedufaso.net\/wp-content\/uploads\/2025\/06\/IMG_20250617_094933_599-1536x1152.jpg 1536w, https:\/\/www.latribunedufaso.net\/wp-content\/uploads\/2025\/06\/IMG_20250617_094933_599-2048x1536.jpg 2048w\" sizes=\"auto, (max-width: 2560px) 100vw, 2560px\" \/><\/a><figcaption id=\"caption-attachment-21311\" class=\"wp-caption-text\">Une vue des participants lors de la c\u00e9r\u00e9monie de lancement &#8211; Ph. I. Tapsoba<\/figcaption><\/figure>\n<h3>Perspectives<\/h3>\n<p>Du point de vue environnemental, ces r\u00e9sultats sont bien accueillis par Abou Traor\u00e9, Directeur de la pr\u00e9vention des pollutions et des risques environnementaux \u00e0 la Direction g\u00e9n\u00e9rale de la pr\u00e9servation de l&rsquo;environnement (DGPE).<\/p>\n<p><iframe loading=\"lazy\" width=\"560\" height=\"315\" src=\"https:\/\/www.youtube.com\/embed\/l5vQJ9AhNIw?si=X8N6Vd-1YlY50g1P\" title=\"YouTube video player\" frameborder=\"0\" allow=\"accelerometer; autoplay; clipboard-write; encrypted-media; gyroscope; picture-in-picture; web-share\" referrerpolicy=\"strict-origin-when-cross-origin\" allowfullscreen><\/iframe><\/p>\n<p>Comme perspectives, un nouveau projet d\u00e9nomm\u00e9 <em><strong>\u00ab GOLD+ \u00bb<\/strong><\/em> sera mis en \u0153uvre. Il devra permettre de corriger les insuffisances rencontr\u00e9es dans l&rsquo;ex\u00e9cution de PlanetGOLD et de mettre \u00e0 l&rsquo;\u00e9chelle les bonnes pratiques adopt\u00e9es par ses b\u00e9n\u00e9ficiaires.<\/p>\n<blockquote>\n<p>Lire aussi &gt;&gt; <a href=\"https:\/\/www.latribunedufaso.net\/?p=17789\">Inauguration d\u2019un syst\u00e8me de traitement sans mercure \u00e0 R\u00e9o : Vers un orpaillage responsable<\/a><\/p>\n<\/blockquote>\n<p>L&rsquo;atelier a \u00e9t\u00e9 marqu\u00e9e par la pr\u00e9sentation des r\u00e9sultats et un panel sur l&rsquo;impact du projet, la politique d&rsquo;\u00e9limination du mercure et l&rsquo;encadrement de l&rsquo;artisanat minier. Des artisans miniers en fin de formation ont re\u00e7u symboliquement leur dipl\u00f4mes de CQB et BQP en TSM.<\/p>\n<p><strong>Issouf TAPSOBA<\/strong><\/p>\n<p><strong>Latribunedufaso.net<\/strong><\/p>\n<figure id=\"attachment_21314\" aria-describedby=\"caption-attachment-21314\" style=\"width: 2560px\" class=\"wp-caption aligncenter\"><a href=\"https:\/\/www.latribunedufaso.net\/wp-content\/uploads\/2025\/06\/IMG_20250617_104450_951-scaled.jpg\"><img loading=\"lazy\" decoding=\"async\" class=\"wp-image-21314 size-full\" src=\"https:\/\/www.latribunedufaso.net\/wp-content\/uploads\/2025\/06\/IMG_20250617_104450_951-scaled.jpg\" alt=\"Atelier de cl\u00f4ture et de partage des r\u00e9sultats du projet PlanetGOLD mis en \u0153uvre par AVG, 17 juin 2025 \u00e0 Ouagadougou \" width=\"2560\" height=\"1920\" srcset=\"https:\/\/www.latribunedufaso.net\/wp-content\/uploads\/2025\/06\/IMG_20250617_104450_951-scaled.jpg 2560w, https:\/\/www.latribunedufaso.net\/wp-content\/uploads\/2025\/06\/IMG_20250617_104450_951-300x225.jpg 300w, https:\/\/www.latribunedufaso.net\/wp-content\/uploads\/2025\/06\/IMG_20250617_104450_951-1024x768.jpg 1024w, https:\/\/www.latribunedufaso.net\/wp-content\/uploads\/2025\/06\/IMG_20250617_104450_951-768x576.jpg 768w, https:\/\/www.latribunedufaso.net\/wp-content\/uploads\/2025\/06\/IMG_20250617_104450_951-1536x1152.jpg 1536w, https:\/\/www.latribunedufaso.net\/wp-content\/uploads\/2025\/06\/IMG_20250617_104450_951-2048x1536.jpg 2048w\" sizes=\"auto, (max-width: 2560px) 100vw, 2560px\" \/><\/a><figcaption id=\"caption-attachment-21314\" class=\"wp-caption-text\">Remise symbolique de dipl\u00f4me \u00e0 un artisan minier (\u00e0 gauche) en fin de formation &#8211; Ph. I. Tapsoba<\/figcaption><\/figure>\n","protected":false},"excerpt":{"rendered":"<p>Le minist\u00e8re en charge de l&rsquo;Environnement, en partenariat avec l&rsquo;Artisanal Gold Council (AGC), a organis\u00e9 le 17 juin 2025 \u00e0 Ouagadougou, un atelier de cl\u00f4ture et de diss\u00e9mination des r\u00e9sultats du projet PlanetGOLD Burkina Faso. Ce projet vise \u00e0 promouvoir l\u2019\u00e9limination du mercure dans les op\u00e9rations de l\u2019Exploitation mini\u00e8re artisanale et \u00e0 petite \u00e9chelle (EMAPE) de l&rsquo;or.<\/p>\n","protected":false},"author":5,"featured_media":21313,"comment_status":"open","ping_status":"open","sticky":false,"template":"","format":"standard","meta":{"footnotes":""},"categories":[13,1,19],"tags":[673,1192,823,484,585],"class_list":["post-21307","post","type-post","status-publish","format-standard","has-post-thumbnail","hentry","category-une","category-actu","category-mines-et-carrieres","tag-artisanal-gold-council-agc","tag-exploitation-artisanale-de-lor","tag-formation-jeunes-orpailleurs","tag-protection-de-lenvironnement","tag-systeme-de-traitement-du-minerais-sans-mercure"],"yoast_head":"<!-- This site is optimized with the Yoast SEO plugin v27.5 - https:\/\/yoast.com\/product\/yoast-seo-wordpress\/ -->\n<title>Fin du Projet PlanetGOLD Burkina : Bilan positif et perspectives pour une exploitation mini\u00e8re sans mercure - La Tribune du Faso<\/title>\n<meta name=\"robots\" content=\"index, follow, max-snippet:-1, max-image-preview:large, max-video-preview:-1\" \/>\n<link rel=\"canonical\" href=\"https:\/\/www.latribunedufaso.net\/?p=21307\" \/>\n<meta property=\"og:locale\" content=\"fr_FR\" \/>\n<meta property=\"og:type\" content=\"article\" \/>\n<meta property=\"og:title\" content=\"Fin du Projet PlanetGOLD Burkina : Bilan positif et perspectives pour une exploitation mini\u00e8re sans mercure - La Tribune du Faso\" \/>\n<meta property=\"og:description\" content=\"Le minist\u00e8re en charge de l&rsquo;Environnement, en partenariat avec l&rsquo;Artisanal Gold Council (AGC), a organis\u00e9 le 17 juin 2025 \u00e0 Ouagadougou, un atelier de cl\u00f4ture et de diss\u00e9mination des r\u00e9sultats du projet PlanetGOLD Burkina Faso. Ce projet vise \u00e0 promouvoir l\u2019\u00e9limination du mercure dans les op\u00e9rations de l\u2019Exploitation mini\u00e8re artisanale et \u00e0 petite \u00e9chelle (EMAPE) de l&rsquo;or.\" \/>\n<meta property=\"og:url\" content=\"https:\/\/www.latribunedufaso.net\/?p=21307\" \/>\n<meta property=\"og:site_name\" content=\"La Tribune du Faso\" \/>\n<meta property=\"article:publisher\" content=\"https:\/\/www.facebook.com\/LatribuneduFaso\/\" \/>\n<meta property=\"article:published_time\" content=\"2025-06-18T15:33:14+00:00\" \/>\n<meta property=\"article:modified_time\" content=\"2025-06-18T19:12:55+00:00\" \/>\n<meta property=\"og:image\" content=\"https:\/\/www.latribunedufaso.net\/wp-content\/uploads\/2025\/06\/IMG_20250617_094546_835-scaled.jpg\" \/>\n\t<meta property=\"og:image:width\" content=\"2560\" \/>\n\t<meta property=\"og:image:height\" content=\"1920\" \/>\n\t<meta property=\"og:image:type\" content=\"image\/jpeg\" \/>\n<meta name=\"author\" content=\"Issouf Tapsoba\" \/>\n<meta name=\"twitter:label1\" content=\"\u00c9crit par\" \/>\n\t<meta name=\"twitter:data1\" content=\"Issouf Tapsoba\" \/>\n\t<meta name=\"twitter:label2\" content=\"Dur\u00e9e de lecture estim\u00e9e\" \/>\n\t<meta name=\"twitter:data2\" content=\"3 minutes\" \/>\n<script type=\"application\/ld+json\" class=\"yoast-schema-graph\">{\"@context\":\"https:\\\/\\\/schema.org\",\"@graph\":[{\"@type\":\"Article\",\"@id\":\"https:\\\/\\\/www.latribunedufaso.net\\\/?p=21307#article\",\"isPartOf\":{\"@id\":\"https:\\\/\\\/www.latribunedufaso.net\\\/?p=21307\"},\"author\":{\"name\":\"Issouf Tapsoba\",\"@id\":\"https:\\\/\\\/www.latribunedufaso.net\\\/#\\\/schema\\\/person\\\/e54e64c5778a7e72cf80a318b7a622b0\"},\"headline\":\"Fin du Projet PlanetGOLD Burkina : Bilan positif et perspectives pour une exploitation mini\u00e8re sans mercure\",\"datePublished\":\"2025-06-18T15:33:14+00:00\",\"dateModified\":\"2025-06-18T19:12:55+00:00\",\"mainEntityOfPage\":{\"@id\":\"https:\\\/\\\/www.latribunedufaso.net\\\/?p=21307\"},\"wordCount\":687,\"commentCount\":0,\"publisher\":{\"@id\":\"https:\\\/\\\/www.latribunedufaso.net\\\/#organization\"},\"image\":{\"@id\":\"https:\\\/\\\/www.latribunedufaso.net\\\/?p=21307#primaryimage\"},\"thumbnailUrl\":\"https:\\\/\\\/www.latribunedufaso.net\\\/wp-content\\\/uploads\\\/2025\\\/06\\\/IMG_20250617_094546_835-scaled.jpg\",\"keywords\":[\"Artisanal Gold Council (AGC)\",\"Exploitation artisanale de l'or\",\"Formation jeunes orpailleurs\",\"Protection de l'environnement\",\"Syst\u00e8me de traitement du minerais sans mercure\"],\"articleSection\":[\"A la une\",\"Actualit\u00e9\",\"Mines et Carri\u00e8res\"],\"inLanguage\":\"fr-FR\",\"potentialAction\":[{\"@type\":\"CommentAction\",\"name\":\"Comment\",\"target\":[\"https:\\\/\\\/www.latribunedufaso.net\\\/?p=21307#respond\"]}]},{\"@type\":\"WebPage\",\"@id\":\"https:\\\/\\\/www.latribunedufaso.net\\\/?p=21307\",\"url\":\"https:\\\/\\\/www.latribunedufaso.net\\\/?p=21307\",\"name\":\"Fin du Projet PlanetGOLD Burkina : Bilan positif et perspectives pour une exploitation mini\u00e8re sans mercure - La Tribune du Faso\",\"isPartOf\":{\"@id\":\"https:\\\/\\\/www.latribunedufaso.net\\\/#website\"},\"primaryImageOfPage\":{\"@id\":\"https:\\\/\\\/www.latribunedufaso.net\\\/?p=21307#primaryimage\"},\"image\":{\"@id\":\"https:\\\/\\\/www.latribunedufaso.net\\\/?p=21307#primaryimage\"},\"thumbnailUrl\":\"https:\\\/\\\/www.latribunedufaso.net\\\/wp-content\\\/uploads\\\/2025\\\/06\\\/IMG_20250617_094546_835-scaled.jpg\",\"datePublished\":\"2025-06-18T15:33:14+00:00\",\"dateModified\":\"2025-06-18T19:12:55+00:00\",\"breadcrumb\":{\"@id\":\"https:\\\/\\\/www.latribunedufaso.net\\\/?p=21307#breadcrumb\"},\"inLanguage\":\"fr-FR\",\"potentialAction\":[{\"@type\":\"ReadAction\",\"target\":[\"https:\\\/\\\/www.latribunedufaso.net\\\/?p=21307\"]}]},{\"@type\":\"ImageObject\",\"inLanguage\":\"fr-FR\",\"@id\":\"https:\\\/\\\/www.latribunedufaso.net\\\/?p=21307#primaryimage\",\"url\":\"https:\\\/\\\/www.latribunedufaso.net\\\/wp-content\\\/uploads\\\/2025\\\/06\\\/IMG_20250617_094546_835-scaled.jpg\",\"contentUrl\":\"https:\\\/\\\/www.latribunedufaso.net\\\/wp-content\\\/uploads\\\/2025\\\/06\\\/IMG_20250617_094546_835-scaled.jpg\",\"width\":2560,\"height\":1920,\"caption\":\"Atelier de cl\u00f4ture et de partage des r\u00e9sultats du projet PlanetGOLD mis en \u0153uvre par AVG, 17 juin 2025 \u00e0 Ouagadougou\"},{\"@type\":\"BreadcrumbList\",\"@id\":\"https:\\\/\\\/www.latribunedufaso.net\\\/?p=21307#breadcrumb\",\"itemListElement\":[{\"@type\":\"ListItem\",\"position\":1,\"name\":\"Accueil\",\"item\":\"https:\\\/\\\/www.latribunedufaso.net\\\/\"},{\"@type\":\"ListItem\",\"position\":2,\"name\":\"Fin du Projet PlanetGOLD Burkina : Bilan positif et perspectives pour une exploitation mini\u00e8re sans mercure\"}]},{\"@type\":\"WebSite\",\"@id\":\"https:\\\/\\\/www.latribunedufaso.net\\\/#website\",\"url\":\"https:\\\/\\\/www.latribunedufaso.net\\\/\",\"name\":\"La Tribune du Faso\",\"description\":\"L&#039;information du monde rural en un clic\",\"publisher\":{\"@id\":\"https:\\\/\\\/www.latribunedufaso.net\\\/#organization\"},\"potentialAction\":[{\"@type\":\"SearchAction\",\"target\":{\"@type\":\"EntryPoint\",\"urlTemplate\":\"https:\\\/\\\/www.latribunedufaso.net\\\/?s={search_term_string}\"},\"query-input\":{\"@type\":\"PropertyValueSpecification\",\"valueRequired\":true,\"valueName\":\"search_term_string\"}}],\"inLanguage\":\"fr-FR\"},{\"@type\":\"Organization\",\"@id\":\"https:\\\/\\\/www.latribunedufaso.net\\\/#organization\",\"name\":\"La Tribune du Faso\",\"url\":\"https:\\\/\\\/www.latribunedufaso.net\\\/\",\"logo\":{\"@type\":\"ImageObject\",\"inLanguage\":\"fr-FR\",\"@id\":\"https:\\\/\\\/www.latribunedufaso.net\\\/#\\\/schema\\\/logo\\\/image\\\/\",\"url\":\"https:\\\/\\\/www.latribunedufaso.net\\\/wp-content\\\/uploads\\\/2020\\\/08\\\/Logo-Tribune-du-Faso-final-scaled.jpg\",\"contentUrl\":\"https:\\\/\\\/www.latribunedufaso.net\\\/wp-content\\\/uploads\\\/2020\\\/08\\\/Logo-Tribune-du-Faso-final-scaled.jpg\",\"width\":2560,\"height\":1856,\"caption\":\"La Tribune du Faso\"},\"image\":{\"@id\":\"https:\\\/\\\/www.latribunedufaso.net\\\/#\\\/schema\\\/logo\\\/image\\\/\"},\"sameAs\":[\"https:\\\/\\\/www.facebook.com\\\/LatribuneduFaso\\\/\"]},{\"@type\":\"Person\",\"@id\":\"https:\\\/\\\/www.latribunedufaso.net\\\/#\\\/schema\\\/person\\\/e54e64c5778a7e72cf80a318b7a622b0\",\"name\":\"Issouf Tapsoba\",\"image\":{\"@type\":\"ImageObject\",\"inLanguage\":\"fr-FR\",\"@id\":\"https:\\\/\\\/secure.gravatar.com\\\/avatar\\\/5e6c05150ce3230247d167f5b94d678eb05936197436d69b7921e3a95c9107ac?s=96&d=mm&r=g\",\"url\":\"https:\\\/\\\/secure.gravatar.com\\\/avatar\\\/5e6c05150ce3230247d167f5b94d678eb05936197436d69b7921e3a95c9107ac?s=96&d=mm&r=g\",\"contentUrl\":\"https:\\\/\\\/secure.gravatar.com\\\/avatar\\\/5e6c05150ce3230247d167f5b94d678eb05936197436d69b7921e3a95c9107ac?s=96&d=mm&r=g\",\"caption\":\"Issouf Tapsoba\"},\"url\":\"https:\\\/\\\/www.latribunedufaso.net\\\/?author=5\"}]}<\/script>\n<!-- \/ Yoast SEO plugin. -->","yoast_head_json":{"title":"Fin du Projet PlanetGOLD Burkina : Bilan positif et perspectives pour une exploitation mini\u00e8re sans mercure - La Tribune du Faso","robots":{"index":"index","follow":"follow","max-snippet":"max-snippet:-1","max-image-preview":"max-image-preview:large","max-video-preview":"max-video-preview:-1"},"canonical":"https:\/\/www.latribunedufaso.net\/?p=21307","og_locale":"fr_FR","og_type":"article","og_title":"Fin du Projet PlanetGOLD Burkina : Bilan positif et perspectives pour une exploitation mini\u00e8re sans mercure - La Tribune du Faso","og_description":"Le minist\u00e8re en charge de l&rsquo;Environnement, en partenariat avec l&rsquo;Artisanal Gold Council (AGC), a organis\u00e9 le 17 juin 2025 \u00e0 Ouagadougou, un atelier de cl\u00f4ture et de diss\u00e9mination des r\u00e9sultats du projet PlanetGOLD Burkina Faso. Ce projet vise \u00e0 promouvoir l\u2019\u00e9limination du mercure dans les op\u00e9rations de l\u2019Exploitation mini\u00e8re artisanale et \u00e0 petite \u00e9chelle (EMAPE) de l&rsquo;or.","og_url":"https:\/\/www.latribunedufaso.net\/?p=21307","og_site_name":"La Tribune du Faso","article_publisher":"https:\/\/www.facebook.com\/LatribuneduFaso\/","article_published_time":"2025-06-18T15:33:14+00:00","article_modified_time":"2025-06-18T19:12:55+00:00","og_image":[{"width":2560,"height":1920,"url":"https:\/\/www.latribunedufaso.net\/wp-content\/uploads\/2025\/06\/IMG_20250617_094546_835-scaled.jpg","type":"image\/jpeg"}],"author":"Issouf Tapsoba","twitter_misc":{"\u00c9crit par":"Issouf Tapsoba","Dur\u00e9e de lecture estim\u00e9e":"3 minutes"},"schema":{"@context":"https:\/\/schema.org","@graph":[{"@type":"Article","@id":"https:\/\/www.latribunedufaso.net\/?p=21307#article","isPartOf":{"@id":"https:\/\/www.latribunedufaso.net\/?p=21307"},"author":{"name":"Issouf Tapsoba","@id":"https:\/\/www.latribunedufaso.net\/#\/schema\/person\/e54e64c5778a7e72cf80a318b7a622b0"},"headline":"Fin du Projet PlanetGOLD Burkina : Bilan positif et perspectives pour une exploitation mini\u00e8re sans mercure","datePublished":"2025-06-18T15:33:14+00:00","dateModified":"2025-06-18T19:12:55+00:00","mainEntityOfPage":{"@id":"https:\/\/www.latribunedufaso.net\/?p=21307"},"wordCount":687,"commentCount":0,"publisher":{"@id":"https:\/\/www.latribunedufaso.net\/#organization"},"image":{"@id":"https:\/\/www.latribunedufaso.net\/?p=21307#primaryimage"},"thumbnailUrl":"https:\/\/www.latribunedufaso.net\/wp-content\/uploads\/2025\/06\/IMG_20250617_094546_835-scaled.jpg","keywords":["Artisanal Gold Council (AGC)","Exploitation artisanale de l'or","Formation jeunes orpailleurs","Protection de l'environnement","Syst\u00e8me de traitement du minerais sans mercure"],"articleSection":["A la une","Actualit\u00e9","Mines et Carri\u00e8res"],"inLanguage":"fr-FR","potentialAction":[{"@type":"CommentAction","name":"Comment","target":["https:\/\/www.latribunedufaso.net\/?p=21307#respond"]}]},{"@type":"WebPage","@id":"https:\/\/www.latribunedufaso.net\/?p=21307","url":"https:\/\/www.latribunedufaso.net\/?p=21307","name":"Fin du Projet PlanetGOLD Burkina : Bilan positif et perspectives pour une exploitation mini\u00e8re sans mercure - La Tribune du Faso","isPartOf":{"@id":"https:\/\/www.latribunedufaso.net\/#website"},"primaryImageOfPage":{"@id":"https:\/\/www.latribunedufaso.net\/?p=21307#primaryimage"},"image":{"@id":"https:\/\/www.latribunedufaso.net\/?p=21307#primaryimage"},"thumbnailUrl":"https:\/\/www.latribunedufaso.net\/wp-content\/uploads\/2025\/06\/IMG_20250617_094546_835-scaled.jpg","datePublished":"2025-06-18T15:33:14+00:00","dateModified":"2025-06-18T19:12:55+00:00","breadcrumb":{"@id":"https:\/\/www.latribunedufaso.net\/?p=21307#breadcrumb"},"inLanguage":"fr-FR","potentialAction":[{"@type":"ReadAction","target":["https:\/\/www.latribunedufaso.net\/?p=21307"]}]},{"@type":"ImageObject","inLanguage":"fr-FR","@id":"https:\/\/www.latribunedufaso.net\/?p=21307#primaryimage","url":"https:\/\/www.latribunedufaso.net\/wp-content\/uploads\/2025\/06\/IMG_20250617_094546_835-scaled.jpg","contentUrl":"https:\/\/www.latribunedufaso.net\/wp-content\/uploads\/2025\/06\/IMG_20250617_094546_835-scaled.jpg","width":2560,"height":1920,"caption":"Atelier de cl\u00f4ture et de partage des r\u00e9sultats du projet PlanetGOLD mis en \u0153uvre par AVG, 17 juin 2025 \u00e0 Ouagadougou"},{"@type":"BreadcrumbList","@id":"https:\/\/www.latribunedufaso.net\/?p=21307#breadcrumb","itemListElement":[{"@type":"ListItem","position":1,"name":"Accueil","item":"https:\/\/www.latribunedufaso.net\/"},{"@type":"ListItem","position":2,"name":"Fin du Projet PlanetGOLD Burkina : Bilan positif et perspectives pour une exploitation mini\u00e8re sans mercure"}]},{"@type":"WebSite","@id":"https:\/\/www.latribunedufaso.net\/#website","url":"https:\/\/www.latribunedufaso.net\/","name":"La Tribune du Faso","description":"L&#039;information du monde rural en un clic","publisher":{"@id":"https:\/\/www.latribunedufaso.net\/#organization"},"potentialAction":[{"@type":"SearchAction","target":{"@type":"EntryPoint","urlTemplate":"https:\/\/www.latribunedufaso.net\/?s={search_term_string}"},"query-input":{"@type":"PropertyValueSpecification","valueRequired":true,"valueName":"search_term_string"}}],"inLanguage":"fr-FR"},{"@type":"Organization","@id":"https:\/\/www.latribunedufaso.net\/#organization","name":"La Tribune du Faso","url":"https:\/\/www.latribunedufaso.net\/","logo":{"@type":"ImageObject","inLanguage":"fr-FR","@id":"https:\/\/www.latribunedufaso.net\/#\/schema\/logo\/image\/","url":"https:\/\/www.latribunedufaso.net\/wp-content\/uploads\/2020\/08\/Logo-Tribune-du-Faso-final-scaled.jpg","contentUrl":"https:\/\/www.latribunedufaso.net\/wp-content\/uploads\/2020\/08\/Logo-Tribune-du-Faso-final-scaled.jpg","width":2560,"height":1856,"caption":"La Tribune du Faso"},"image":{"@id":"https:\/\/www.latribunedufaso.net\/#\/schema\/logo\/image\/"},"sameAs":["https:\/\/www.facebook.com\/LatribuneduFaso\/"]},{"@type":"Person","@id":"https:\/\/www.latribunedufaso.net\/#\/schema\/person\/e54e64c5778a7e72cf80a318b7a622b0","name":"Issouf Tapsoba","image":{"@type":"ImageObject","inLanguage":"fr-FR","@id":"https:\/\/secure.gravatar.com\/avatar\/5e6c05150ce3230247d167f5b94d678eb05936197436d69b7921e3a95c9107ac?s=96&d=mm&r=g","url":"https:\/\/secure.gravatar.com\/avatar\/5e6c05150ce3230247d167f5b94d678eb05936197436d69b7921e3a95c9107ac?s=96&d=mm&r=g","contentUrl":"https:\/\/secure.gravatar.com\/avatar\/5e6c05150ce3230247d167f5b94d678eb05936197436d69b7921e3a95c9107ac?s=96&d=mm&r=g","caption":"Issouf Tapsoba"},"url":"https:\/\/www.latribunedufaso.net\/?author=5"}]}},"_links":{"self":[{"href":"https:\/\/www.latribunedufaso.net\/index.php?rest_route=\/wp\/v2\/posts\/21307","targetHints":{"allow":["GET"]}}],"collection":[{"href":"https:\/\/www.latribunedufaso.net\/index.php?rest_route=\/wp\/v2\/posts"}],"about":[{"href":"https:\/\/www.latribunedufaso.net\/index.php?rest_route=\/wp\/v2\/types\/post"}],"author":[{"embeddable":true,"href":"https:\/\/www.latribunedufaso.net\/index.php?rest_route=\/wp\/v2\/users\/5"}],"replies":[{"embeddable":true,"href":"https:\/\/www.latribunedufaso.net\/index.php?rest_route=%2Fwp%2Fv2%2Fcomments&post=21307"}],"version-history":[{"count":4,"href":"https:\/\/www.latribunedufaso.net\/index.php?rest_route=\/wp\/v2\/posts\/21307\/revisions"}],"predecessor-version":[{"id":21337,"href":"https:\/\/www.latribunedufaso.net\/index.php?rest_route=\/wp\/v2\/posts\/21307\/revisions\/21337"}],"wp:featuredmedia":[{"embeddable":true,"href":"https:\/\/www.latribunedufaso.net\/index.php?rest_route=\/wp\/v2\/media\/21313"}],"wp:attachment":[{"href":"https:\/\/www.latribunedufaso.net\/index.php?rest_route=%2Fwp%2Fv2%2Fmedia&parent=21307"}],"wp:term":[{"taxonomy":"category","embeddable":true,"href":"https:\/\/www.latribunedufaso.net\/index.php?rest_route=%2Fwp%2Fv2%2Fcategories&post=21307"},{"taxonomy":"post_tag","embeddable":true,"href":"https:\/\/www.latribunedufaso.net\/index.php?rest_route=%2Fwp%2Fv2%2Ftags&post=21307"}],"curies":[{"name":"wp","href":"https:\/\/api.w.org\/{rel}","templated":true}]}}