{"id":2130,"date":"2020-12-18T09:25:18","date_gmt":"2020-12-18T09:25:18","guid":{"rendered":"https:\/\/www.latribunedufaso.net\/?p=2130"},"modified":"2020-12-18T09:26:31","modified_gmt":"2020-12-18T09:26:31","slug":"inclusion-financiere-le-burkina-enregistre-un-taux-de-plus-de-70-en-fin-2019","status":"publish","type":"post","link":"https:\/\/www.latribunedufaso.net\/?p=2130","title":{"rendered":"Inclusion financi\u00e8re : Le Burkina enregistre un taux de plus de 70% en fin 2019\u00a0"},"content":{"rendered":"<p><strong><span style=\"font-size: 1.0625rem;\">A l\u2019initiative du Secr\u00e9tariat permanent pour la promotion de l\u2019inclusion financi\u00e8re, il s\u2019est ouvert \u00e0 Ouagadougou, ce jeudi 17 d\u00e9cembre 2020, la premi\u00e8re \u00e9dition du Cadre national de concertation des acteurs de l\u2019inclusion financi\u00e8re (CNC-AIF). L\u2019ouverture des travaux a \u00e9t\u00e9 pr\u00e9sid\u00e9e par le ministre de l\u2019\u00e9conomie, des finances et du d\u00e9veloppement, Lassan\u00e9 Kabor\u00e9.<\/span><\/strong><br \/>\n<!--more--><\/p>\n<p><a href=\"https:\/\/latribunedufaso.net\/wp-content\/uploads\/2020\/12\/IMG-20201217-WA0004.jpg\"><img loading=\"lazy\" decoding=\"async\" class=\"size-medium wp-image-2131 aligncenter\" src=\"https:\/\/latribunedufaso.net\/wp-content\/uploads\/2020\/12\/IMG-20201217-WA0004-300x225.jpg\" alt=\"\" width=\"300\" height=\"225\" srcset=\"https:\/\/www.latribunedufaso.net\/wp-content\/uploads\/2020\/12\/IMG-20201217-WA0004-300x225.jpg 300w, https:\/\/www.latribunedufaso.net\/wp-content\/uploads\/2020\/12\/IMG-20201217-WA0004-1024x767.jpg 1024w, https:\/\/www.latribunedufaso.net\/wp-content\/uploads\/2020\/12\/IMG-20201217-WA0004-768x575.jpg 768w, https:\/\/www.latribunedufaso.net\/wp-content\/uploads\/2020\/12\/IMG-20201217-WA0004.jpg 1080w\" sizes=\"auto, (max-width: 300px) 100vw, 300px\" \/><\/a> Deux jours durant, soit du 17 au 18 d\u00e9cembre 2020, plus de 200 participants issus du monde des banques, de soci\u00e9t\u00e9s d\u2019assurance, des institutions de micro-finances, d\u2019Organisation non gouvernementales (ONG), des partenaires au d\u00e9veloppement, etc. r\u00e9unis pour la premi\u00e8re \u00e9dition du Cadre national de concertation des acteurs de l\u2019inclusion financi\u00e8re (CNC-AIF) auront pour fil conducteur de leurs \u00e9changes le th\u00e8me central\u00a0: \u00ab Cadre national de concertation des acteurs de l\u2019inclusion financi\u00e8re du Burkina Faso : quels d\u00e9fis pour une capitalisation des interventions du secteur ? \u00bb.<br \/>\nLe th\u00e8me retenu, des dires de Fid\u00e8le Yam\u00e9ogo, Secr\u00e9taire permanent (SP) pour la promotion de l\u2019inclusion financi\u00e8re, permettra aux acteurs du syst\u00e8me financier du Burkina Faso, de r\u00e9fl\u00e9chir sur les possibilit\u00e9s d\u2019harmoniser leurs interventions, de limiter les incoh\u00e9rences et de mieux appr\u00e9cier les progr\u00e8s enregistr\u00e9s dans le secteur de l\u2019inclusion financi\u00e8re. Ainsi, fait-il remarquer, afin de mieux contribuer au th\u00e8me, deux sous-th\u00e8mes ont \u00e9t\u00e9 identifi\u00e9s et concernent les \u00ab r\u00f4les et responsabilit\u00e9s des acteurs dans la mise en \u0153uvre de la strat\u00e9gie nationale de la finance inclusive 2019-2023 \u00bb et la \u00ab coordination et capitalisation des acquis des interventions dans le secteur de l\u2019inclusion financi\u00e8re au Burkina Faso \u00bb.<\/p>\n<p>Aussi est-il revenu sur l\u2019inclusion financi\u00e8re, dont l\u2019importance n\u2019est plus \u00e0 d\u00e9montrer au Burkina Faso en particulier et dans le monde en g\u00e9n\u00e9ral. \u00ab Elle permet aux individus, aux m\u00e9nages, aux Petites et moyennes entreprises (PME) de contribuer \u00e0 la cr\u00e9ation de la richesse en mettant \u00e0 leur disposition des outils pour maitriser leur finance et sortir de la pauvret\u00e9 \u00bb, a-t-il expliqu\u00e9. Le pr\u00e9sent cadre, poursuit-il, constitue une tribune d\u2019\u00e9changes sur les pr\u00e9occupations des acteurs de l\u2019inclusion financi\u00e8re d\u2019une part, et vise \u00e0 trouver des solutions consensuelles et efficaces en vue de relever les d\u00e9fis de l\u2019inclusion financi\u00e8re d\u2019autre part.<\/p>\n<p><a href=\"https:\/\/latribunedufaso.net\/wp-content\/uploads\/2020\/12\/IMG-20201217-WA0002.jpg\"><br \/>\n<img loading=\"lazy\" decoding=\"async\" class=\"size-medium wp-image-2134 aligncenter\" src=\"https:\/\/latribunedufaso.net\/wp-content\/uploads\/2020\/12\/IMG-20201217-WA0002-300x225.jpg\" alt=\"\" width=\"300\" height=\"225\" srcset=\"https:\/\/www.latribunedufaso.net\/wp-content\/uploads\/2020\/12\/IMG-20201217-WA0002-300x225.jpg 300w, https:\/\/www.latribunedufaso.net\/wp-content\/uploads\/2020\/12\/IMG-20201217-WA0002-1024x767.jpg 1024w, https:\/\/www.latribunedufaso.net\/wp-content\/uploads\/2020\/12\/IMG-20201217-WA0002-768x575.jpg 768w, https:\/\/www.latribunedufaso.net\/wp-content\/uploads\/2020\/12\/IMG-20201217-WA0002.jpg 1080w\" sizes=\"auto, (max-width: 300px) 100vw, 300px\" \/><\/a><\/p>\n<p>Afin de permettre \u00e0 tous les acteurs du paysage financier burkinab\u00e9 de f\u00e9d\u00e9rer leurs \u00e9nergies, le gouvernement a adopt\u00e9 en avril 2019 la strat\u00e9gie nationale de la finance inclusive qui couvre la p\u00e9riode 2019-2023. Et, \u00e0 en croire le propos de Fid\u00e8le Yam\u00e9ogo, ladite strat\u00e9gie connait une performance assez remarquable. \u00ab A l\u2019\u00e9laboration de la strat\u00e9gie en 2017, le taux d\u2019inclusion financi\u00e8re \u00e9tait de l\u2019ordre de 61% au Burkina Faso. Et pr\u00e9sentement, en fin 2019, le taux d\u2019inclusion financi\u00e8re est de plus de 70% contre une moyenne r\u00e9gionale au niveau de l\u2019UEMOA de 60%. Le gouvernement nous a assign\u00e9 l\u2019objectif de 75% \u00e0 l\u2019horizon 2021 \u00bb, a renseign\u00e9 Fid\u00e8le Yam\u00e9ogo.<\/p>\n<p>Cyrille Ou\u00e9draogo, Vice-pr\u00e9sident de l\u2019Association professionnelle des syst\u00e8mes financiers d\u00e9centralis\u00e9s du Burkina Faso (APSFD-BF), dit repr\u00e9senter \u00e0 cette session, les institutions de micro-finances, massivement repr\u00e9sent\u00e9es en milieu rural. \u00abNous travaillons d\u00e9j\u00e0 avec les populations en milieu rural, mais il faut continuer et faire davantage parce que la population rurale est encore en marge, dans sa grande majorit\u00e9, des services financiers\u00a0\u00bb, a-t-il indiqu\u00e9 tout en avan\u00e7ant\u00a0: \u00ab\u00a0nous devons retravailler, d\u00e9velopper des produits innovants adapt\u00e9s \u00e0 ce milieu rural\u00a0; nous comptons utiliser l\u2019opportunit\u00e9 qu\u2019offre la technologie\u00a0\u00bb.<\/p>\n<p><a href=\"https:\/\/latribunedufaso.net\/wp-content\/uploads\/2020\/12\/IMG-20201217-WA0003.jpg\"><img loading=\"lazy\" decoding=\"async\" class=\"size-medium wp-image-2132 aligncenter\" src=\"https:\/\/latribunedufaso.net\/wp-content\/uploads\/2020\/12\/IMG-20201217-WA0003-300x169.jpg\" alt=\"\" width=\"300\" height=\"169\" srcset=\"https:\/\/www.latribunedufaso.net\/wp-content\/uploads\/2020\/12\/IMG-20201217-WA0003-300x169.jpg 300w, https:\/\/www.latribunedufaso.net\/wp-content\/uploads\/2020\/12\/IMG-20201217-WA0003-768x432.jpg 768w, https:\/\/www.latribunedufaso.net\/wp-content\/uploads\/2020\/12\/IMG-20201217-WA0003.jpg 960w\" sizes=\"auto, (max-width: 300px) 100vw, 300px\" \/><\/a><\/p>\n<p>Lassan\u00e9 Kabor\u00e9, ministre de l\u2019\u00e9conomie, des finances et du d\u00e9veloppement, pr\u00e9sident du cadre de concertation, fait savoir qu\u2019\u00e0 travers l\u2019adoption de la strat\u00e9gie nationale de la finance inclusive (2019-2023) par le gouvernement, \u00ab il s\u2019agira de faire en sorte que 75% de la population adulte burkinab\u00e8 acc\u00e8dent et utilisent des produits et services financiers \u00e0 des conditions abordables et adapt\u00e9es \u00e0 l\u2019horizon 2023 \u00bb. Il a alors invit\u00e9 les participants \u00e0 des d\u00e9bats francs afin de faire de ce cadre de concertation, un moment d\u2019\u00e9changes et de partage d\u2019exp\u00e9rience avantageux avec pour finalit\u00e9 la formulation de recommandations pertinentes pour une inclusion financi\u00e8re r\u00e9ussie au Burkina Faso.<\/p>\n<p><strong>Tambi Serge Pac\u00f4me Zongo<\/strong><br \/>\n<strong>Latribunedufaso.net<\/strong><\/p>\n<p>&nbsp;<\/p>\n<p>&nbsp;<\/p>\n<p>&nbsp;<\/p>\n","protected":false},"excerpt":{"rendered":"<p>A l\u2019initiative du Secr\u00e9tariat permanent pour la promotion de l\u2019inclusion financi\u00e8re, il s\u2019est ouvert \u00e0 Ouagadougou, ce jeudi 17 d\u00e9cembre 2020, la premi\u00e8re \u00e9dition du Cadre national de concertation des acteurs de l\u2019inclusion financi\u00e8re (CNC-AIF). L\u2019ouverture des travaux a \u00e9t\u00e9 pr\u00e9sid\u00e9e par le ministre de l\u2019\u00e9conomie, des finances et du d\u00e9veloppement, Lassan\u00e9 Kabor\u00e9.<\/p>\n","protected":false},"author":2,"featured_media":2133,"comment_status":"open","ping_status":"open","sticky":false,"template":"","format":"standard","meta":{"footnotes":""},"categories":[13,1,10],"tags":[],"class_list":["post-2130","post","type-post","status-publish","format-standard","has-post-thumbnail","hentry","category-une","category-actu","category-eco"],"yoast_head":"<!-- This site is optimized with the Yoast SEO plugin v27.5 - https:\/\/yoast.com\/product\/yoast-seo-wordpress\/ -->\n<title>Inclusion financi\u00e8re : Le Burkina enregistre un taux de plus de 70% en fin 2019\u00a0 - La Tribune du Faso<\/title>\n<meta name=\"robots\" content=\"index, follow, max-snippet:-1, max-image-preview:large, max-video-preview:-1\" \/>\n<link rel=\"canonical\" href=\"https:\/\/www.latribunedufaso.net\/?p=2130\" \/>\n<meta property=\"og:locale\" content=\"fr_FR\" \/>\n<meta property=\"og:type\" content=\"article\" \/>\n<meta property=\"og:title\" content=\"Inclusion financi\u00e8re : Le Burkina enregistre un taux de plus de 70% en fin 2019\u00a0 - La Tribune du Faso\" \/>\n<meta property=\"og:description\" content=\"A l\u2019initiative du Secr\u00e9tariat permanent pour la promotion de l\u2019inclusion financi\u00e8re, il s\u2019est ouvert \u00e0 Ouagadougou, ce jeudi 17 d\u00e9cembre 2020, la premi\u00e8re \u00e9dition du Cadre national de concertation des acteurs de l\u2019inclusion financi\u00e8re (CNC-AIF). L\u2019ouverture des travaux a \u00e9t\u00e9 pr\u00e9sid\u00e9e par le ministre de l\u2019\u00e9conomie, des finances et du d\u00e9veloppement, Lassan\u00e9 Kabor\u00e9.\" \/>\n<meta property=\"og:url\" content=\"https:\/\/www.latribunedufaso.net\/?p=2130\" \/>\n<meta property=\"og:site_name\" content=\"La Tribune du Faso\" \/>\n<meta property=\"article:publisher\" content=\"https:\/\/www.facebook.com\/LatribuneduFaso\/\" \/>\n<meta property=\"article:published_time\" content=\"2020-12-18T09:25:18+00:00\" \/>\n<meta property=\"article:modified_time\" content=\"2020-12-18T09:26:31+00:00\" \/>\n<meta property=\"og:image\" content=\"https:\/\/latribunedufaso.net\/wp-content\/uploads\/2020\/12\/IMG-20201217-WA0005.jpg\" \/>\n\t<meta property=\"og:image:width\" content=\"1080\" \/>\n\t<meta property=\"og:image:height\" content=\"809\" \/>\n\t<meta property=\"og:image:type\" content=\"image\/jpeg\" \/>\n<meta name=\"author\" content=\"Administrateur\" \/>\n<meta name=\"twitter:label1\" content=\"\u00c9crit par\" \/>\n\t<meta name=\"twitter:data1\" content=\"Administrateur\" \/>\n\t<meta name=\"twitter:label2\" content=\"Dur\u00e9e de lecture estim\u00e9e\" \/>\n\t<meta name=\"twitter:data2\" content=\"4 minutes\" \/>\n<script type=\"application\/ld+json\" class=\"yoast-schema-graph\">{\"@context\":\"https:\\\/\\\/schema.org\",\"@graph\":[{\"@type\":\"Article\",\"@id\":\"https:\\\/\\\/www.latribunedufaso.net\\\/?p=2130#article\",\"isPartOf\":{\"@id\":\"https:\\\/\\\/www.latribunedufaso.net\\\/?p=2130\"},\"author\":{\"name\":\"Administrateur\",\"@id\":\"https:\\\/\\\/www.latribunedufaso.net\\\/#\\\/schema\\\/person\\\/a380782d0605bb8aae27c40ea93b35b1\"},\"headline\":\"Inclusion financi\u00e8re : Le Burkina enregistre un taux de plus de 70% en fin 2019\u00a0\",\"datePublished\":\"2020-12-18T09:25:18+00:00\",\"dateModified\":\"2020-12-18T09:26:31+00:00\",\"mainEntityOfPage\":{\"@id\":\"https:\\\/\\\/www.latribunedufaso.net\\\/?p=2130\"},\"wordCount\":752,\"commentCount\":0,\"publisher\":{\"@id\":\"https:\\\/\\\/www.latribunedufaso.net\\\/#organization\"},\"image\":{\"@id\":\"https:\\\/\\\/www.latribunedufaso.net\\\/?p=2130#primaryimage\"},\"thumbnailUrl\":\"https:\\\/\\\/www.latribunedufaso.net\\\/wp-content\\\/uploads\\\/2020\\\/12\\\/IMG-20201217-WA0005.jpg\",\"articleSection\":[\"A la une\",\"Actualit\u00e9\",\"Economie\"],\"inLanguage\":\"fr-FR\",\"potentialAction\":[{\"@type\":\"CommentAction\",\"name\":\"Comment\",\"target\":[\"https:\\\/\\\/www.latribunedufaso.net\\\/?p=2130#respond\"]}]},{\"@type\":\"WebPage\",\"@id\":\"https:\\\/\\\/www.latribunedufaso.net\\\/?p=2130\",\"url\":\"https:\\\/\\\/www.latribunedufaso.net\\\/?p=2130\",\"name\":\"Inclusion financi\u00e8re : Le Burkina enregistre un taux de plus de 70% en fin 2019\u00a0 - La Tribune du Faso\",\"isPartOf\":{\"@id\":\"https:\\\/\\\/www.latribunedufaso.net\\\/#website\"},\"primaryImageOfPage\":{\"@id\":\"https:\\\/\\\/www.latribunedufaso.net\\\/?p=2130#primaryimage\"},\"image\":{\"@id\":\"https:\\\/\\\/www.latribunedufaso.net\\\/?p=2130#primaryimage\"},\"thumbnailUrl\":\"https:\\\/\\\/www.latribunedufaso.net\\\/wp-content\\\/uploads\\\/2020\\\/12\\\/IMG-20201217-WA0005.jpg\",\"datePublished\":\"2020-12-18T09:25:18+00:00\",\"dateModified\":\"2020-12-18T09:26:31+00:00\",\"breadcrumb\":{\"@id\":\"https:\\\/\\\/www.latribunedufaso.net\\\/?p=2130#breadcrumb\"},\"inLanguage\":\"fr-FR\",\"potentialAction\":[{\"@type\":\"ReadAction\",\"target\":[\"https:\\\/\\\/www.latribunedufaso.net\\\/?p=2130\"]}]},{\"@type\":\"ImageObject\",\"inLanguage\":\"fr-FR\",\"@id\":\"https:\\\/\\\/www.latribunedufaso.net\\\/?p=2130#primaryimage\",\"url\":\"https:\\\/\\\/www.latribunedufaso.net\\\/wp-content\\\/uploads\\\/2020\\\/12\\\/IMG-20201217-WA0005.jpg\",\"contentUrl\":\"https:\\\/\\\/www.latribunedufaso.net\\\/wp-content\\\/uploads\\\/2020\\\/12\\\/IMG-20201217-WA0005.jpg\",\"width\":1080,\"height\":809},{\"@type\":\"BreadcrumbList\",\"@id\":\"https:\\\/\\\/www.latribunedufaso.net\\\/?p=2130#breadcrumb\",\"itemListElement\":[{\"@type\":\"ListItem\",\"position\":1,\"name\":\"Accueil\",\"item\":\"https:\\\/\\\/www.latribunedufaso.net\\\/\"},{\"@type\":\"ListItem\",\"position\":2,\"name\":\"Inclusion financi\u00e8re : Le Burkina enregistre un taux de plus de 70% en fin 2019\u00a0\"}]},{\"@type\":\"WebSite\",\"@id\":\"https:\\\/\\\/www.latribunedufaso.net\\\/#website\",\"url\":\"https:\\\/\\\/www.latribunedufaso.net\\\/\",\"name\":\"La Tribune du Faso\",\"description\":\"L&#039;information du monde rural en un clic\",\"publisher\":{\"@id\":\"https:\\\/\\\/www.latribunedufaso.net\\\/#organization\"},\"potentialAction\":[{\"@type\":\"SearchAction\",\"target\":{\"@type\":\"EntryPoint\",\"urlTemplate\":\"https:\\\/\\\/www.latribunedufaso.net\\\/?s={search_term_string}\"},\"query-input\":{\"@type\":\"PropertyValueSpecification\",\"valueRequired\":true,\"valueName\":\"search_term_string\"}}],\"inLanguage\":\"fr-FR\"},{\"@type\":\"Organization\",\"@id\":\"https:\\\/\\\/www.latribunedufaso.net\\\/#organization\",\"name\":\"La Tribune du Faso\",\"url\":\"https:\\\/\\\/www.latribunedufaso.net\\\/\",\"logo\":{\"@type\":\"ImageObject\",\"inLanguage\":\"fr-FR\",\"@id\":\"https:\\\/\\\/www.latribunedufaso.net\\\/#\\\/schema\\\/logo\\\/image\\\/\",\"url\":\"https:\\\/\\\/www.latribunedufaso.net\\\/wp-content\\\/uploads\\\/2020\\\/08\\\/Logo-Tribune-du-Faso-final-scaled.jpg\",\"contentUrl\":\"https:\\\/\\\/www.latribunedufaso.net\\\/wp-content\\\/uploads\\\/2020\\\/08\\\/Logo-Tribune-du-Faso-final-scaled.jpg\",\"width\":2560,\"height\":1856,\"caption\":\"La Tribune du Faso\"},\"image\":{\"@id\":\"https:\\\/\\\/www.latribunedufaso.net\\\/#\\\/schema\\\/logo\\\/image\\\/\"},\"sameAs\":[\"https:\\\/\\\/www.facebook.com\\\/LatribuneduFaso\\\/\"]},{\"@type\":\"Person\",\"@id\":\"https:\\\/\\\/www.latribunedufaso.net\\\/#\\\/schema\\\/person\\\/a380782d0605bb8aae27c40ea93b35b1\",\"name\":\"Administrateur\",\"image\":{\"@type\":\"ImageObject\",\"inLanguage\":\"fr-FR\",\"@id\":\"https:\\\/\\\/secure.gravatar.com\\\/avatar\\\/e20266f97d741f0e80ba1f60283074a9b3317fd7bfb727e0d95b51dafbf854a1?s=96&d=mm&r=g\",\"url\":\"https:\\\/\\\/secure.gravatar.com\\\/avatar\\\/e20266f97d741f0e80ba1f60283074a9b3317fd7bfb727e0d95b51dafbf854a1?s=96&d=mm&r=g\",\"contentUrl\":\"https:\\\/\\\/secure.gravatar.com\\\/avatar\\\/e20266f97d741f0e80ba1f60283074a9b3317fd7bfb727e0d95b51dafbf854a1?s=96&d=mm&r=g\",\"caption\":\"Administrateur\"},\"url\":\"https:\\\/\\\/www.latribunedufaso.net\\\/?author=2\"}]}<\/script>\n<!-- \/ Yoast SEO plugin. -->","yoast_head_json":{"title":"Inclusion financi\u00e8re : Le Burkina enregistre un taux de plus de 70% en fin 2019\u00a0 - La Tribune du Faso","robots":{"index":"index","follow":"follow","max-snippet":"max-snippet:-1","max-image-preview":"max-image-preview:large","max-video-preview":"max-video-preview:-1"},"canonical":"https:\/\/www.latribunedufaso.net\/?p=2130","og_locale":"fr_FR","og_type":"article","og_title":"Inclusion financi\u00e8re : Le Burkina enregistre un taux de plus de 70% en fin 2019\u00a0 - La Tribune du Faso","og_description":"A l\u2019initiative du Secr\u00e9tariat permanent pour la promotion de l\u2019inclusion financi\u00e8re, il s\u2019est ouvert \u00e0 Ouagadougou, ce jeudi 17 d\u00e9cembre 2020, la premi\u00e8re \u00e9dition du Cadre national de concertation des acteurs de l\u2019inclusion financi\u00e8re (CNC-AIF). L\u2019ouverture des travaux a \u00e9t\u00e9 pr\u00e9sid\u00e9e par le ministre de l\u2019\u00e9conomie, des finances et du d\u00e9veloppement, Lassan\u00e9 Kabor\u00e9.","og_url":"https:\/\/www.latribunedufaso.net\/?p=2130","og_site_name":"La Tribune du Faso","article_publisher":"https:\/\/www.facebook.com\/LatribuneduFaso\/","article_published_time":"2020-12-18T09:25:18+00:00","article_modified_time":"2020-12-18T09:26:31+00:00","og_image":[{"width":1080,"height":809,"url":"https:\/\/latribunedufaso.net\/wp-content\/uploads\/2020\/12\/IMG-20201217-WA0005.jpg","type":"image\/jpeg"}],"author":"Administrateur","twitter_misc":{"\u00c9crit par":"Administrateur","Dur\u00e9e de lecture estim\u00e9e":"4 minutes"},"schema":{"@context":"https:\/\/schema.org","@graph":[{"@type":"Article","@id":"https:\/\/www.latribunedufaso.net\/?p=2130#article","isPartOf":{"@id":"https:\/\/www.latribunedufaso.net\/?p=2130"},"author":{"name":"Administrateur","@id":"https:\/\/www.latribunedufaso.net\/#\/schema\/person\/a380782d0605bb8aae27c40ea93b35b1"},"headline":"Inclusion financi\u00e8re : Le Burkina enregistre un taux de plus de 70% en fin 2019\u00a0","datePublished":"2020-12-18T09:25:18+00:00","dateModified":"2020-12-18T09:26:31+00:00","mainEntityOfPage":{"@id":"https:\/\/www.latribunedufaso.net\/?p=2130"},"wordCount":752,"commentCount":0,"publisher":{"@id":"https:\/\/www.latribunedufaso.net\/#organization"},"image":{"@id":"https:\/\/www.latribunedufaso.net\/?p=2130#primaryimage"},"thumbnailUrl":"https:\/\/www.latribunedufaso.net\/wp-content\/uploads\/2020\/12\/IMG-20201217-WA0005.jpg","articleSection":["A la une","Actualit\u00e9","Economie"],"inLanguage":"fr-FR","potentialAction":[{"@type":"CommentAction","name":"Comment","target":["https:\/\/www.latribunedufaso.net\/?p=2130#respond"]}]},{"@type":"WebPage","@id":"https:\/\/www.latribunedufaso.net\/?p=2130","url":"https:\/\/www.latribunedufaso.net\/?p=2130","name":"Inclusion financi\u00e8re : Le Burkina enregistre un taux de plus de 70% en fin 2019\u00a0 - La Tribune du Faso","isPartOf":{"@id":"https:\/\/www.latribunedufaso.net\/#website"},"primaryImageOfPage":{"@id":"https:\/\/www.latribunedufaso.net\/?p=2130#primaryimage"},"image":{"@id":"https:\/\/www.latribunedufaso.net\/?p=2130#primaryimage"},"thumbnailUrl":"https:\/\/www.latribunedufaso.net\/wp-content\/uploads\/2020\/12\/IMG-20201217-WA0005.jpg","datePublished":"2020-12-18T09:25:18+00:00","dateModified":"2020-12-18T09:26:31+00:00","breadcrumb":{"@id":"https:\/\/www.latribunedufaso.net\/?p=2130#breadcrumb"},"inLanguage":"fr-FR","potentialAction":[{"@type":"ReadAction","target":["https:\/\/www.latribunedufaso.net\/?p=2130"]}]},{"@type":"ImageObject","inLanguage":"fr-FR","@id":"https:\/\/www.latribunedufaso.net\/?p=2130#primaryimage","url":"https:\/\/www.latribunedufaso.net\/wp-content\/uploads\/2020\/12\/IMG-20201217-WA0005.jpg","contentUrl":"https:\/\/www.latribunedufaso.net\/wp-content\/uploads\/2020\/12\/IMG-20201217-WA0005.jpg","width":1080,"height":809},{"@type":"BreadcrumbList","@id":"https:\/\/www.latribunedufaso.net\/?p=2130#breadcrumb","itemListElement":[{"@type":"ListItem","position":1,"name":"Accueil","item":"https:\/\/www.latribunedufaso.net\/"},{"@type":"ListItem","position":2,"name":"Inclusion financi\u00e8re : Le Burkina enregistre un taux de plus de 70% en fin 2019\u00a0"}]},{"@type":"WebSite","@id":"https:\/\/www.latribunedufaso.net\/#website","url":"https:\/\/www.latribunedufaso.net\/","name":"La Tribune du Faso","description":"L&#039;information du monde rural en un clic","publisher":{"@id":"https:\/\/www.latribunedufaso.net\/#organization"},"potentialAction":[{"@type":"SearchAction","target":{"@type":"EntryPoint","urlTemplate":"https:\/\/www.latribunedufaso.net\/?s={search_term_string}"},"query-input":{"@type":"PropertyValueSpecification","valueRequired":true,"valueName":"search_term_string"}}],"inLanguage":"fr-FR"},{"@type":"Organization","@id":"https:\/\/www.latribunedufaso.net\/#organization","name":"La Tribune du Faso","url":"https:\/\/www.latribunedufaso.net\/","logo":{"@type":"ImageObject","inLanguage":"fr-FR","@id":"https:\/\/www.latribunedufaso.net\/#\/schema\/logo\/image\/","url":"https:\/\/www.latribunedufaso.net\/wp-content\/uploads\/2020\/08\/Logo-Tribune-du-Faso-final-scaled.jpg","contentUrl":"https:\/\/www.latribunedufaso.net\/wp-content\/uploads\/2020\/08\/Logo-Tribune-du-Faso-final-scaled.jpg","width":2560,"height":1856,"caption":"La Tribune du Faso"},"image":{"@id":"https:\/\/www.latribunedufaso.net\/#\/schema\/logo\/image\/"},"sameAs":["https:\/\/www.facebook.com\/LatribuneduFaso\/"]},{"@type":"Person","@id":"https:\/\/www.latribunedufaso.net\/#\/schema\/person\/a380782d0605bb8aae27c40ea93b35b1","name":"Administrateur","image":{"@type":"ImageObject","inLanguage":"fr-FR","@id":"https:\/\/secure.gravatar.com\/avatar\/e20266f97d741f0e80ba1f60283074a9b3317fd7bfb727e0d95b51dafbf854a1?s=96&d=mm&r=g","url":"https:\/\/secure.gravatar.com\/avatar\/e20266f97d741f0e80ba1f60283074a9b3317fd7bfb727e0d95b51dafbf854a1?s=96&d=mm&r=g","contentUrl":"https:\/\/secure.gravatar.com\/avatar\/e20266f97d741f0e80ba1f60283074a9b3317fd7bfb727e0d95b51dafbf854a1?s=96&d=mm&r=g","caption":"Administrateur"},"url":"https:\/\/www.latribunedufaso.net\/?author=2"}]}},"_links":{"self":[{"href":"https:\/\/www.latribunedufaso.net\/index.php?rest_route=\/wp\/v2\/posts\/2130","targetHints":{"allow":["GET"]}}],"collection":[{"href":"https:\/\/www.latribunedufaso.net\/index.php?rest_route=\/wp\/v2\/posts"}],"about":[{"href":"https:\/\/www.latribunedufaso.net\/index.php?rest_route=\/wp\/v2\/types\/post"}],"author":[{"embeddable":true,"href":"https:\/\/www.latribunedufaso.net\/index.php?rest_route=\/wp\/v2\/users\/2"}],"replies":[{"embeddable":true,"href":"https:\/\/www.latribunedufaso.net\/index.php?rest_route=%2Fwp%2Fv2%2Fcomments&post=2130"}],"version-history":[{"count":1,"href":"https:\/\/www.latribunedufaso.net\/index.php?rest_route=\/wp\/v2\/posts\/2130\/revisions"}],"predecessor-version":[{"id":2135,"href":"https:\/\/www.latribunedufaso.net\/index.php?rest_route=\/wp\/v2\/posts\/2130\/revisions\/2135"}],"wp:featuredmedia":[{"embeddable":true,"href":"https:\/\/www.latribunedufaso.net\/index.php?rest_route=\/wp\/v2\/media\/2133"}],"wp:attachment":[{"href":"https:\/\/www.latribunedufaso.net\/index.php?rest_route=%2Fwp%2Fv2%2Fmedia&parent=2130"}],"wp:term":[{"taxonomy":"category","embeddable":true,"href":"https:\/\/www.latribunedufaso.net\/index.php?rest_route=%2Fwp%2Fv2%2Fcategories&post=2130"},{"taxonomy":"post_tag","embeddable":true,"href":"https:\/\/www.latribunedufaso.net\/index.php?rest_route=%2Fwp%2Fv2%2Ftags&post=2130"}],"curies":[{"name":"wp","href":"https:\/\/api.w.org\/{rel}","templated":true}]}}