{"id":21258,"date":"2025-06-16T16:18:38","date_gmt":"2025-06-16T16:18:38","guid":{"rendered":"https:\/\/www.latribunedufaso.net\/?p=21258"},"modified":"2025-06-18T19:18:24","modified_gmt":"2025-06-18T19:18:24","slug":"burkina-faso-la-35e-journee-de-lenfant-africain-sous-le-signe-de-linvestissement-pour-lavenir","status":"publish","type":"post","link":"https:\/\/www.latribunedufaso.net\/?p=21258","title":{"rendered":"Burkina Faso : La 35e Journ\u00e9e de l&rsquo;Enfant Africain sous le signe de l&rsquo;investissement pour l&rsquo;avenir"},"content":{"rendered":"<p><strong>\u00c0 l\u2019occasion de la 35e Journ\u00e9e de l\u2019enfant Africain, le minist\u00e8re en charge de l\u2019Action humanitaire a organis\u00e9 une c\u00e9r\u00e9monie comm\u00e9morative ce 16 juin 2025 \u00e0 Sakoula, Ouagadougou. Elle \u00e9tait plac\u00e9e sous le haut patronage du Premier ministre, repr\u00e9sent\u00e9 par le ministre d\u2019\u00c9tat, ministre charg\u00e9 de l\u2019Administration territoriale, \u00c9mile Zerbo, et sous la Pr\u00e9sidence de la ministre charg\u00e9e de l\u2019Action humanitaire, Commandant P\u00e9lagie Kabor\u00e9. L&rsquo;<\/strong><strong>UNICEF \u00e9tait le parrain.<\/strong><!--more--><\/p>\n<p><em><strong>\u00ab Investir dans l\u2019enfant burkinab\u00e8, c\u2019est b\u00e2tir une nation fi\u00e8re de ses valeurs \u00bb<\/strong><\/em>, c\u2019est sous ce th\u00e8me qu\u2019est c\u00e9l\u00e9br\u00e9e la 35e Journ\u00e9e de l\u2019enfant Africain au Burkina Faso. La c\u00e9r\u00e9monie de comm\u00e9moration s\u2019est tenue ce 16 juin 2025 \u00e0 Ouagadougou.<\/p>\n<figure id=\"attachment_21262\" aria-describedby=\"caption-attachment-21262\" style=\"width: 2560px\" class=\"wp-caption aligncenter\"><a href=\"https:\/\/www.latribunedufaso.net\/wp-content\/uploads\/2025\/06\/IMG_20250616_093404_267-scaled.jpg\"><img loading=\"lazy\" decoding=\"async\" class=\"size-full wp-image-21262\" src=\"https:\/\/www.latribunedufaso.net\/wp-content\/uploads\/2025\/06\/IMG_20250616_093404_267-scaled.jpg\" alt=\"Comm\u00e9moration de la 35e Journ\u00e9e de l'enfant Africain au Burkina, 16 juin 2025\" width=\"2560\" height=\"1920\" srcset=\"https:\/\/www.latribunedufaso.net\/wp-content\/uploads\/2025\/06\/IMG_20250616_093404_267-scaled.jpg 2560w, https:\/\/www.latribunedufaso.net\/wp-content\/uploads\/2025\/06\/IMG_20250616_093404_267-300x225.jpg 300w, https:\/\/www.latribunedufaso.net\/wp-content\/uploads\/2025\/06\/IMG_20250616_093404_267-1024x768.jpg 1024w, https:\/\/www.latribunedufaso.net\/wp-content\/uploads\/2025\/06\/IMG_20250616_093404_267-768x576.jpg 768w, https:\/\/www.latribunedufaso.net\/wp-content\/uploads\/2025\/06\/IMG_20250616_093404_267-1536x1152.jpg 1536w, https:\/\/www.latribunedufaso.net\/wp-content\/uploads\/2025\/06\/IMG_20250616_093404_267-2048x1536.jpg 2048w\" sizes=\"auto, (max-width: 2560px) 100vw, 2560px\" \/><\/a><figcaption id=\"caption-attachment-21262\" class=\"wp-caption-text\">Le ministre d&rsquo;Etat, ministre charg\u00e9 de l&rsquo;Administration territoriale, \u00c9mile Zerbo, repr\u00e9sentant le Premier ministre, patron de la c\u00e9r\u00e9monie &#8211; Ph. I. Tapsoba<\/figcaption><\/figure>\n<p>Selon le repr\u00e9sentant du Premier ministre, le ministre d\u2019\u00c9tat, \u00c9mile Zerbo, le choix de ce th\u00e8me n\u2019est pas fortuit. <em><strong>\u00ab Il traduit notre conviction que l\u2019avenir de notre Nation se construit avec nos enfants, dans les \u00e9coles, les centres d\u2019accueil, les foyers et les march\u00e9s, dans les zones de paix comme dans celles fragilis\u00e9es par les conflits \u00bb<\/strong><\/em>, a-t-il expliqu\u00e9.<\/p>\n<p>La Journ\u00e9e de l\u2019enfant Africain rev\u00eat une importance capitale. Elle vise \u00e0 faire conna\u00eetre aux enfants les valeurs africaines de respect, d\u2019int\u00e9grit\u00e9, de solidarit\u00e9 et de patriotisme. \u00c0 l\u2019occasion de cette journ\u00e9e, plusieurs activit\u00e9s sont pr\u00e9vues pour permettre aux enfants de s\u2019approprier le patrimoine du Burkina Faso. Les enfants iront \u00e0 la rencontre des chefs coutumiers, visiteront le mausol\u00e9e Thomas Sankara, et entendront des contes et des r\u00e9cits.<\/p>\n<h3>Des acquis engrang\u00e9s par les actions de protection de l&rsquo;enfant<\/h3>\n<p>Par ailleurs, le ministre Zerbo a profit\u00e9 de l\u2019occasion pour saluer les efforts conjoints de l\u2019\u00c9tat et de ses partenaires qui ont permis d\u2019engranger des acquis. <em><strong>\u00ab 70 millions de soins gratuits dispens\u00e9s aux enfants de moins de 5 ans et aux femmes enceintes, pour un co\u00fbt de 120 milliards FCFA entre 2016 et 2020; plus de 343 000 enfants soutenus pour rester \u00e0 l\u2019\u00e9cole, malgr\u00e9 l\u2019adversit\u00e9; 455 pupilles de la Nation pris en charge mensuellement\u2026 \u00bb<\/strong><\/em>, a-t-il notamment cit\u00e9.<\/p>\n<figure id=\"attachment_21263\" aria-describedby=\"caption-attachment-21263\" style=\"width: 2560px\" class=\"wp-caption aligncenter\"><a href=\"https:\/\/www.latribunedufaso.net\/wp-content\/uploads\/2025\/06\/IMG_20250616_090312_269-scaled.jpg\"><img loading=\"lazy\" decoding=\"async\" class=\"size-full wp-image-21263\" src=\"https:\/\/www.latribunedufaso.net\/wp-content\/uploads\/2025\/06\/IMG_20250616_090312_269-scaled.jpg\" alt=\"Comm\u00e9moration de la 35e Journ\u00e9e de l'enfant Africain au Burkina, 16 juin 2025\" width=\"2560\" height=\"1920\" srcset=\"https:\/\/www.latribunedufaso.net\/wp-content\/uploads\/2025\/06\/IMG_20250616_090312_269-scaled.jpg 2560w, https:\/\/www.latribunedufaso.net\/wp-content\/uploads\/2025\/06\/IMG_20250616_090312_269-300x225.jpg 300w, https:\/\/www.latribunedufaso.net\/wp-content\/uploads\/2025\/06\/IMG_20250616_090312_269-1024x768.jpg 1024w, https:\/\/www.latribunedufaso.net\/wp-content\/uploads\/2025\/06\/IMG_20250616_090312_269-768x576.jpg 768w, https:\/\/www.latribunedufaso.net\/wp-content\/uploads\/2025\/06\/IMG_20250616_090312_269-1536x1152.jpg 1536w, https:\/\/www.latribunedufaso.net\/wp-content\/uploads\/2025\/06\/IMG_20250616_090312_269-2048x1536.jpg 2048w\" sizes=\"auto, (max-width: 2560px) 100vw, 2560px\" \/><\/a><figcaption id=\"caption-attachment-21263\" class=\"wp-caption-text\">Les enfants ont particip\u00e9 massivement \u00e0 la c\u00e9r\u00e9monie de comm\u00e9moration &#8211; Ph. I. Tapsoba<\/figcaption><\/figure>\n<h3>Les d\u00e9fis restent immenses<\/h3>\n<p>Malgr\u00e9 ces efforts, les d\u00e9fis restent immenses, selon le repr\u00e9sentant adjoint du Fonds des Nations unies pour l&rsquo;enfance (UNICEF) au Burkina Faso, James Mugaju. Selon ses dires, plus de 3 millions d\u2019enfants sont touch\u00e9s par la crise humanitaire actuelle, 56% des femmes de 15 \u00e0 49 ans et plus de 9% des moins de 14 ans ont subi des Mutilations g\u00e9nitales f\u00e9minines (MGF), bien que cette pratique soit interdite par la loi, et un enfant sur quatre est victime d\u2019au moins une forme de violence. En plus, des milliers d\u2019enfants d\u2019\u00e2ge scolaire sont d\u00e9scolaris\u00e9s ou non scolaris\u00e9s, en raison notamment de l\u2019ins\u00e9curit\u00e9.<\/p>\n<p><iframe loading=\"lazy\" width=\"560\" height=\"315\" src=\"https:\/\/www.youtube.com\/embed\/z4KO4x2rXhw?si=BTppzFJwAoDqMmli\" title=\"YouTube video player\" frameborder=\"0\" allow=\"accelerometer; autoplay; clipboard-write; encrypted-media; gyroscope; picture-in-picture; web-share\" referrerpolicy=\"strict-origin-when-cross-origin\" allowfullscreen><\/iframe><\/p>\n<p>Pour relever ce d\u00e9fi, le pays a mis l\u2019enfant au c\u0153ur de son action. Le Gouvernement, sous l\u2019impulsion du Chef de l\u2019\u00c9tat, le Capitaine Ibrahim Traor\u00e9, reste engag\u00e9 pour une politique inclusive de protection de l\u2019enfant.<\/p>\n<figure id=\"attachment_21260\" aria-describedby=\"caption-attachment-21260\" style=\"width: 2560px\" class=\"wp-caption aligncenter\"><a href=\"https:\/\/www.latribunedufaso.net\/wp-content\/uploads\/2025\/06\/IMG_20250616_095739_278-scaled.jpg\"><img loading=\"lazy\" decoding=\"async\" class=\"size-full wp-image-21260\" src=\"https:\/\/www.latribunedufaso.net\/wp-content\/uploads\/2025\/06\/IMG_20250616_095739_278-scaled.jpg\" alt=\"Comm\u00e9moration de la 35e Journ\u00e9e de l'enfant Africain au Burkina, 16 juin 2025\" width=\"2560\" height=\"1920\" srcset=\"https:\/\/www.latribunedufaso.net\/wp-content\/uploads\/2025\/06\/IMG_20250616_095739_278-scaled.jpg 2560w, https:\/\/www.latribunedufaso.net\/wp-content\/uploads\/2025\/06\/IMG_20250616_095739_278-300x225.jpg 300w, https:\/\/www.latribunedufaso.net\/wp-content\/uploads\/2025\/06\/IMG_20250616_095739_278-1024x768.jpg 1024w, https:\/\/www.latribunedufaso.net\/wp-content\/uploads\/2025\/06\/IMG_20250616_095739_278-768x576.jpg 768w, https:\/\/www.latribunedufaso.net\/wp-content\/uploads\/2025\/06\/IMG_20250616_095739_278-1536x1152.jpg 1536w, https:\/\/www.latribunedufaso.net\/wp-content\/uploads\/2025\/06\/IMG_20250616_095739_278-2048x1536.jpg 2048w\" sizes=\"auto, (max-width: 2560px) 100vw, 2560px\" \/><\/a><figcaption id=\"caption-attachment-21260\" class=\"wp-caption-text\">Photo de famille des b\u00e9n\u00e9ficiaires avec les officiels apr\u00e8s la remises des kits &#8211; Ph. I. Tapsoba<\/figcaption><\/figure>\n<p>La c\u00e9r\u00e9monie a \u00e9t\u00e9 marqu\u00e9e par une remise de 414 kits alimentaires et de 100 kits hygi\u00e9niques \u00e0 des enfants d\u00e9plac\u00e9s internes. Les centres de transit de Ouagadougou et de Boromo ont re\u00e7u du mat\u00e9riel compos\u00e9 notamment de nattes, de lits, de balais et de f\u00fbts m\u00e9talliques.<\/p>\n<blockquote>\n<p>Lire aussi &gt;&gt; <a href=\"https:\/\/www.latribunedufaso.net\/?p=16587\">Protection des enfants et formation des jeunes : Les acteurs du projet FEJ-PEFJ \u00e9changent sur la mise en \u0153uvre des activit\u00e9s<\/a><\/p>\n<\/blockquote>\n<p>En rappel, la Journ\u00e9e de l\u2019enfant Africain, c\u00e9l\u00e9br\u00e9e chaque ann\u00e9e le 16 juin, comm\u00e9more le soul\u00e8vement de Soweto en 1976 en Afrique du Sud, o\u00f9 des \u00e9coliers ont manifest\u00e9 pour leurs droits, notamment celui \u00e0 une \u00e9ducation de qualit\u00e9. Cette journ\u00e9e, instaur\u00e9e par l\u2019Union africaine en 1991, vise \u00e0 sensibiliser aux droits des enfants en Afrique et \u00e0 mettre en lumi\u00e8re les d\u00e9fis auxquels ils sont confront\u00e9s. Cette ann\u00e9e, le th\u00e8me continental est : <em><strong>\u00ab Planification et budg\u00e9tisation des droits de l\u2019enfant : progr\u00e8s depuis 2010 \u00bb.<\/strong><\/em><\/p>\n<p><strong>Issouf TAPSOBA<\/strong><\/p>\n<p><strong>Latribunedufaso.net<\/strong><\/p>\n","protected":false},"excerpt":{"rendered":"<p>\u00c0 l\u2019occasion de la 35e Journ\u00e9e de l\u2019enfant Africain, le minist\u00e8re en charge de l\u2019Action humanitaire a organis\u00e9 une c\u00e9r\u00e9monie comm\u00e9morative ce 16 juin 2025 \u00e0 Sakoula, Ouagadougou. Elle \u00e9tait plac\u00e9e sous le haut patronage du Premier ministre, repr\u00e9sent\u00e9 par le ministre d\u2019\u00c9tat, ministre charg\u00e9 de l\u2019Administration territoriale, \u00c9mile Zerbo, et sous la Pr\u00e9sidence de la ministre charg\u00e9e de l\u2019Action humanitaire, Commandant P\u00e9lagie Kabor\u00e9. L&rsquo;UNICEF \u00e9tait le parrain.<\/p>\n","protected":false},"author":5,"featured_media":21264,"comment_status":"open","ping_status":"open","sticky":false,"template":"","format":"standard","meta":{"footnotes":""},"categories":[13,1,8],"tags":[1180,39,1181],"class_list":["post-21258","post","type-post","status-publish","format-standard","has-post-thumbnail","hentry","category-une","category-actu","category-societe","tag-journee-de-lenfant-africain","tag-latribunedufaso-net","tag-protection-de-lenfant"],"yoast_head":"<!-- This site is optimized with the Yoast SEO plugin v27.4 - https:\/\/yoast.com\/product\/yoast-seo-wordpress\/ -->\n<title>Burkina Faso : La 35e Journ\u00e9e de l&#039;Enfant Africain sous le signe de l&#039;investissement pour l&#039;avenir - La Tribune du Faso<\/title>\n<meta name=\"robots\" content=\"index, follow, max-snippet:-1, max-image-preview:large, max-video-preview:-1\" \/>\n<link rel=\"canonical\" href=\"https:\/\/www.latribunedufaso.net\/?p=21258\" \/>\n<meta property=\"og:locale\" content=\"fr_FR\" \/>\n<meta property=\"og:type\" content=\"article\" \/>\n<meta property=\"og:title\" content=\"Burkina Faso : La 35e Journ\u00e9e de l&#039;Enfant Africain sous le signe de l&#039;investissement pour l&#039;avenir - La Tribune du Faso\" \/>\n<meta property=\"og:description\" content=\"\u00c0 l\u2019occasion de la 35e Journ\u00e9e de l\u2019enfant Africain, le minist\u00e8re en charge de l\u2019Action humanitaire a organis\u00e9 une c\u00e9r\u00e9monie comm\u00e9morative ce 16 juin 2025 \u00e0 Sakoula, Ouagadougou. Elle \u00e9tait plac\u00e9e sous le haut patronage du Premier ministre, repr\u00e9sent\u00e9 par le ministre d\u2019\u00c9tat, ministre charg\u00e9 de l\u2019Administration territoriale, \u00c9mile Zerbo, et sous la Pr\u00e9sidence de la ministre charg\u00e9e de l\u2019Action humanitaire, Commandant P\u00e9lagie Kabor\u00e9. L&rsquo;UNICEF \u00e9tait le parrain.\" \/>\n<meta property=\"og:url\" content=\"https:\/\/www.latribunedufaso.net\/?p=21258\" \/>\n<meta property=\"og:site_name\" content=\"La Tribune du Faso\" \/>\n<meta property=\"article:publisher\" content=\"https:\/\/www.facebook.com\/LatribuneduFaso\/\" \/>\n<meta property=\"article:published_time\" content=\"2025-06-16T16:18:38+00:00\" \/>\n<meta property=\"article:modified_time\" content=\"2025-06-18T19:18:24+00:00\" \/>\n<meta property=\"og:image\" content=\"https:\/\/www.latribunedufaso.net\/wp-content\/uploads\/2025\/06\/IMG_20250616_085727_582-scaled.jpg\" \/>\n\t<meta property=\"og:image:width\" content=\"2560\" \/>\n\t<meta property=\"og:image:height\" content=\"1920\" \/>\n\t<meta property=\"og:image:type\" content=\"image\/jpeg\" \/>\n<meta name=\"author\" content=\"Issouf Tapsoba\" \/>\n<meta name=\"twitter:label1\" content=\"\u00c9crit par\" \/>\n\t<meta name=\"twitter:data1\" content=\"Issouf Tapsoba\" \/>\n\t<meta name=\"twitter:label2\" content=\"Dur\u00e9e de lecture estim\u00e9e\" \/>\n\t<meta name=\"twitter:data2\" content=\"4 minutes\" \/>\n<script type=\"application\/ld+json\" class=\"yoast-schema-graph\">{\"@context\":\"https:\\\/\\\/schema.org\",\"@graph\":[{\"@type\":\"Article\",\"@id\":\"https:\\\/\\\/www.latribunedufaso.net\\\/?p=21258#article\",\"isPartOf\":{\"@id\":\"https:\\\/\\\/www.latribunedufaso.net\\\/?p=21258\"},\"author\":{\"name\":\"Issouf Tapsoba\",\"@id\":\"https:\\\/\\\/www.latribunedufaso.net\\\/#\\\/schema\\\/person\\\/e54e64c5778a7e72cf80a318b7a622b0\"},\"headline\":\"Burkina Faso : La 35e Journ\u00e9e de l&rsquo;Enfant Africain sous le signe de l&rsquo;investissement pour l&rsquo;avenir\",\"datePublished\":\"2025-06-16T16:18:38+00:00\",\"dateModified\":\"2025-06-18T19:18:24+00:00\",\"mainEntityOfPage\":{\"@id\":\"https:\\\/\\\/www.latribunedufaso.net\\\/?p=21258\"},\"wordCount\":803,\"commentCount\":0,\"publisher\":{\"@id\":\"https:\\\/\\\/www.latribunedufaso.net\\\/#organization\"},\"image\":{\"@id\":\"https:\\\/\\\/www.latribunedufaso.net\\\/?p=21258#primaryimage\"},\"thumbnailUrl\":\"https:\\\/\\\/www.latribunedufaso.net\\\/wp-content\\\/uploads\\\/2025\\\/06\\\/IMG_20250616_085727_582-scaled.jpg\",\"keywords\":[\"Journ\u00e9e de l\u2019enfant Africain\",\"latribunedufaso.net\",\"Protection de l'enfant\"],\"articleSection\":[\"A la une\",\"Actualit\u00e9\",\"Soci\u00e9t\u00e9\"],\"inLanguage\":\"fr-FR\",\"potentialAction\":[{\"@type\":\"CommentAction\",\"name\":\"Comment\",\"target\":[\"https:\\\/\\\/www.latribunedufaso.net\\\/?p=21258#respond\"]}]},{\"@type\":\"WebPage\",\"@id\":\"https:\\\/\\\/www.latribunedufaso.net\\\/?p=21258\",\"url\":\"https:\\\/\\\/www.latribunedufaso.net\\\/?p=21258\",\"name\":\"Burkina Faso : La 35e Journ\u00e9e de l'Enfant Africain sous le signe de l'investissement pour l'avenir - La Tribune du Faso\",\"isPartOf\":{\"@id\":\"https:\\\/\\\/www.latribunedufaso.net\\\/#website\"},\"primaryImageOfPage\":{\"@id\":\"https:\\\/\\\/www.latribunedufaso.net\\\/?p=21258#primaryimage\"},\"image\":{\"@id\":\"https:\\\/\\\/www.latribunedufaso.net\\\/?p=21258#primaryimage\"},\"thumbnailUrl\":\"https:\\\/\\\/www.latribunedufaso.net\\\/wp-content\\\/uploads\\\/2025\\\/06\\\/IMG_20250616_085727_582-scaled.jpg\",\"datePublished\":\"2025-06-16T16:18:38+00:00\",\"dateModified\":\"2025-06-18T19:18:24+00:00\",\"breadcrumb\":{\"@id\":\"https:\\\/\\\/www.latribunedufaso.net\\\/?p=21258#breadcrumb\"},\"inLanguage\":\"fr-FR\",\"potentialAction\":[{\"@type\":\"ReadAction\",\"target\":[\"https:\\\/\\\/www.latribunedufaso.net\\\/?p=21258\"]}]},{\"@type\":\"ImageObject\",\"inLanguage\":\"fr-FR\",\"@id\":\"https:\\\/\\\/www.latribunedufaso.net\\\/?p=21258#primaryimage\",\"url\":\"https:\\\/\\\/www.latribunedufaso.net\\\/wp-content\\\/uploads\\\/2025\\\/06\\\/IMG_20250616_085727_582-scaled.jpg\",\"contentUrl\":\"https:\\\/\\\/www.latribunedufaso.net\\\/wp-content\\\/uploads\\\/2025\\\/06\\\/IMG_20250616_085727_582-scaled.jpg\",\"width\":2560,\"height\":1920,\"caption\":\"Comm\u00e9moration de la 35e Journ\u00e9e de l'enfant Africain au Burkina, 16 juin 2025\"},{\"@type\":\"BreadcrumbList\",\"@id\":\"https:\\\/\\\/www.latribunedufaso.net\\\/?p=21258#breadcrumb\",\"itemListElement\":[{\"@type\":\"ListItem\",\"position\":1,\"name\":\"Accueil\",\"item\":\"https:\\\/\\\/www.latribunedufaso.net\\\/\"},{\"@type\":\"ListItem\",\"position\":2,\"name\":\"Burkina Faso : La 35e Journ\u00e9e de l&rsquo;Enfant Africain sous le signe de l&rsquo;investissement pour l&rsquo;avenir\"}]},{\"@type\":\"WebSite\",\"@id\":\"https:\\\/\\\/www.latribunedufaso.net\\\/#website\",\"url\":\"https:\\\/\\\/www.latribunedufaso.net\\\/\",\"name\":\"La Tribune du Faso\",\"description\":\"L&#039;information du monde rural en un clic\",\"publisher\":{\"@id\":\"https:\\\/\\\/www.latribunedufaso.net\\\/#organization\"},\"potentialAction\":[{\"@type\":\"SearchAction\",\"target\":{\"@type\":\"EntryPoint\",\"urlTemplate\":\"https:\\\/\\\/www.latribunedufaso.net\\\/?s={search_term_string}\"},\"query-input\":{\"@type\":\"PropertyValueSpecification\",\"valueRequired\":true,\"valueName\":\"search_term_string\"}}],\"inLanguage\":\"fr-FR\"},{\"@type\":\"Organization\",\"@id\":\"https:\\\/\\\/www.latribunedufaso.net\\\/#organization\",\"name\":\"La Tribune du Faso\",\"url\":\"https:\\\/\\\/www.latribunedufaso.net\\\/\",\"logo\":{\"@type\":\"ImageObject\",\"inLanguage\":\"fr-FR\",\"@id\":\"https:\\\/\\\/www.latribunedufaso.net\\\/#\\\/schema\\\/logo\\\/image\\\/\",\"url\":\"https:\\\/\\\/www.latribunedufaso.net\\\/wp-content\\\/uploads\\\/2020\\\/08\\\/Logo-Tribune-du-Faso-final-scaled.jpg\",\"contentUrl\":\"https:\\\/\\\/www.latribunedufaso.net\\\/wp-content\\\/uploads\\\/2020\\\/08\\\/Logo-Tribune-du-Faso-final-scaled.jpg\",\"width\":2560,\"height\":1856,\"caption\":\"La Tribune du Faso\"},\"image\":{\"@id\":\"https:\\\/\\\/www.latribunedufaso.net\\\/#\\\/schema\\\/logo\\\/image\\\/\"},\"sameAs\":[\"https:\\\/\\\/www.facebook.com\\\/LatribuneduFaso\\\/\"]},{\"@type\":\"Person\",\"@id\":\"https:\\\/\\\/www.latribunedufaso.net\\\/#\\\/schema\\\/person\\\/e54e64c5778a7e72cf80a318b7a622b0\",\"name\":\"Issouf Tapsoba\",\"image\":{\"@type\":\"ImageObject\",\"inLanguage\":\"fr-FR\",\"@id\":\"https:\\\/\\\/secure.gravatar.com\\\/avatar\\\/5e6c05150ce3230247d167f5b94d678eb05936197436d69b7921e3a95c9107ac?s=96&d=mm&r=g\",\"url\":\"https:\\\/\\\/secure.gravatar.com\\\/avatar\\\/5e6c05150ce3230247d167f5b94d678eb05936197436d69b7921e3a95c9107ac?s=96&d=mm&r=g\",\"contentUrl\":\"https:\\\/\\\/secure.gravatar.com\\\/avatar\\\/5e6c05150ce3230247d167f5b94d678eb05936197436d69b7921e3a95c9107ac?s=96&d=mm&r=g\",\"caption\":\"Issouf Tapsoba\"},\"url\":\"https:\\\/\\\/www.latribunedufaso.net\\\/?author=5\"}]}<\/script>\n<!-- \/ Yoast SEO plugin. -->","yoast_head_json":{"title":"Burkina Faso : La 35e Journ\u00e9e de l'Enfant Africain sous le signe de l'investissement pour l'avenir - La Tribune du Faso","robots":{"index":"index","follow":"follow","max-snippet":"max-snippet:-1","max-image-preview":"max-image-preview:large","max-video-preview":"max-video-preview:-1"},"canonical":"https:\/\/www.latribunedufaso.net\/?p=21258","og_locale":"fr_FR","og_type":"article","og_title":"Burkina Faso : La 35e Journ\u00e9e de l'Enfant Africain sous le signe de l'investissement pour l'avenir - La Tribune du Faso","og_description":"\u00c0 l\u2019occasion de la 35e Journ\u00e9e de l\u2019enfant Africain, le minist\u00e8re en charge de l\u2019Action humanitaire a organis\u00e9 une c\u00e9r\u00e9monie comm\u00e9morative ce 16 juin 2025 \u00e0 Sakoula, Ouagadougou. Elle \u00e9tait plac\u00e9e sous le haut patronage du Premier ministre, repr\u00e9sent\u00e9 par le ministre d\u2019\u00c9tat, ministre charg\u00e9 de l\u2019Administration territoriale, \u00c9mile Zerbo, et sous la Pr\u00e9sidence de la ministre charg\u00e9e de l\u2019Action humanitaire, Commandant P\u00e9lagie Kabor\u00e9. L&rsquo;UNICEF \u00e9tait le parrain.","og_url":"https:\/\/www.latribunedufaso.net\/?p=21258","og_site_name":"La Tribune du Faso","article_publisher":"https:\/\/www.facebook.com\/LatribuneduFaso\/","article_published_time":"2025-06-16T16:18:38+00:00","article_modified_time":"2025-06-18T19:18:24+00:00","og_image":[{"width":2560,"height":1920,"url":"https:\/\/www.latribunedufaso.net\/wp-content\/uploads\/2025\/06\/IMG_20250616_085727_582-scaled.jpg","type":"image\/jpeg"}],"author":"Issouf Tapsoba","twitter_misc":{"\u00c9crit par":"Issouf Tapsoba","Dur\u00e9e de lecture estim\u00e9e":"4 minutes"},"schema":{"@context":"https:\/\/schema.org","@graph":[{"@type":"Article","@id":"https:\/\/www.latribunedufaso.net\/?p=21258#article","isPartOf":{"@id":"https:\/\/www.latribunedufaso.net\/?p=21258"},"author":{"name":"Issouf Tapsoba","@id":"https:\/\/www.latribunedufaso.net\/#\/schema\/person\/e54e64c5778a7e72cf80a318b7a622b0"},"headline":"Burkina Faso : La 35e Journ\u00e9e de l&rsquo;Enfant Africain sous le signe de l&rsquo;investissement pour l&rsquo;avenir","datePublished":"2025-06-16T16:18:38+00:00","dateModified":"2025-06-18T19:18:24+00:00","mainEntityOfPage":{"@id":"https:\/\/www.latribunedufaso.net\/?p=21258"},"wordCount":803,"commentCount":0,"publisher":{"@id":"https:\/\/www.latribunedufaso.net\/#organization"},"image":{"@id":"https:\/\/www.latribunedufaso.net\/?p=21258#primaryimage"},"thumbnailUrl":"https:\/\/www.latribunedufaso.net\/wp-content\/uploads\/2025\/06\/IMG_20250616_085727_582-scaled.jpg","keywords":["Journ\u00e9e de l\u2019enfant Africain","latribunedufaso.net","Protection de l'enfant"],"articleSection":["A la une","Actualit\u00e9","Soci\u00e9t\u00e9"],"inLanguage":"fr-FR","potentialAction":[{"@type":"CommentAction","name":"Comment","target":["https:\/\/www.latribunedufaso.net\/?p=21258#respond"]}]},{"@type":"WebPage","@id":"https:\/\/www.latribunedufaso.net\/?p=21258","url":"https:\/\/www.latribunedufaso.net\/?p=21258","name":"Burkina Faso : La 35e Journ\u00e9e de l'Enfant Africain sous le signe de l'investissement pour l'avenir - La Tribune du Faso","isPartOf":{"@id":"https:\/\/www.latribunedufaso.net\/#website"},"primaryImageOfPage":{"@id":"https:\/\/www.latribunedufaso.net\/?p=21258#primaryimage"},"image":{"@id":"https:\/\/www.latribunedufaso.net\/?p=21258#primaryimage"},"thumbnailUrl":"https:\/\/www.latribunedufaso.net\/wp-content\/uploads\/2025\/06\/IMG_20250616_085727_582-scaled.jpg","datePublished":"2025-06-16T16:18:38+00:00","dateModified":"2025-06-18T19:18:24+00:00","breadcrumb":{"@id":"https:\/\/www.latribunedufaso.net\/?p=21258#breadcrumb"},"inLanguage":"fr-FR","potentialAction":[{"@type":"ReadAction","target":["https:\/\/www.latribunedufaso.net\/?p=21258"]}]},{"@type":"ImageObject","inLanguage":"fr-FR","@id":"https:\/\/www.latribunedufaso.net\/?p=21258#primaryimage","url":"https:\/\/www.latribunedufaso.net\/wp-content\/uploads\/2025\/06\/IMG_20250616_085727_582-scaled.jpg","contentUrl":"https:\/\/www.latribunedufaso.net\/wp-content\/uploads\/2025\/06\/IMG_20250616_085727_582-scaled.jpg","width":2560,"height":1920,"caption":"Comm\u00e9moration de la 35e Journ\u00e9e de l'enfant Africain au Burkina, 16 juin 2025"},{"@type":"BreadcrumbList","@id":"https:\/\/www.latribunedufaso.net\/?p=21258#breadcrumb","itemListElement":[{"@type":"ListItem","position":1,"name":"Accueil","item":"https:\/\/www.latribunedufaso.net\/"},{"@type":"ListItem","position":2,"name":"Burkina Faso : La 35e Journ\u00e9e de l&rsquo;Enfant Africain sous le signe de l&rsquo;investissement pour l&rsquo;avenir"}]},{"@type":"WebSite","@id":"https:\/\/www.latribunedufaso.net\/#website","url":"https:\/\/www.latribunedufaso.net\/","name":"La Tribune du Faso","description":"L&#039;information du monde rural en un clic","publisher":{"@id":"https:\/\/www.latribunedufaso.net\/#organization"},"potentialAction":[{"@type":"SearchAction","target":{"@type":"EntryPoint","urlTemplate":"https:\/\/www.latribunedufaso.net\/?s={search_term_string}"},"query-input":{"@type":"PropertyValueSpecification","valueRequired":true,"valueName":"search_term_string"}}],"inLanguage":"fr-FR"},{"@type":"Organization","@id":"https:\/\/www.latribunedufaso.net\/#organization","name":"La Tribune du Faso","url":"https:\/\/www.latribunedufaso.net\/","logo":{"@type":"ImageObject","inLanguage":"fr-FR","@id":"https:\/\/www.latribunedufaso.net\/#\/schema\/logo\/image\/","url":"https:\/\/www.latribunedufaso.net\/wp-content\/uploads\/2020\/08\/Logo-Tribune-du-Faso-final-scaled.jpg","contentUrl":"https:\/\/www.latribunedufaso.net\/wp-content\/uploads\/2020\/08\/Logo-Tribune-du-Faso-final-scaled.jpg","width":2560,"height":1856,"caption":"La Tribune du Faso"},"image":{"@id":"https:\/\/www.latribunedufaso.net\/#\/schema\/logo\/image\/"},"sameAs":["https:\/\/www.facebook.com\/LatribuneduFaso\/"]},{"@type":"Person","@id":"https:\/\/www.latribunedufaso.net\/#\/schema\/person\/e54e64c5778a7e72cf80a318b7a622b0","name":"Issouf Tapsoba","image":{"@type":"ImageObject","inLanguage":"fr-FR","@id":"https:\/\/secure.gravatar.com\/avatar\/5e6c05150ce3230247d167f5b94d678eb05936197436d69b7921e3a95c9107ac?s=96&d=mm&r=g","url":"https:\/\/secure.gravatar.com\/avatar\/5e6c05150ce3230247d167f5b94d678eb05936197436d69b7921e3a95c9107ac?s=96&d=mm&r=g","contentUrl":"https:\/\/secure.gravatar.com\/avatar\/5e6c05150ce3230247d167f5b94d678eb05936197436d69b7921e3a95c9107ac?s=96&d=mm&r=g","caption":"Issouf Tapsoba"},"url":"https:\/\/www.latribunedufaso.net\/?author=5"}]}},"_links":{"self":[{"href":"https:\/\/www.latribunedufaso.net\/index.php?rest_route=\/wp\/v2\/posts\/21258","targetHints":{"allow":["GET"]}}],"collection":[{"href":"https:\/\/www.latribunedufaso.net\/index.php?rest_route=\/wp\/v2\/posts"}],"about":[{"href":"https:\/\/www.latribunedufaso.net\/index.php?rest_route=\/wp\/v2\/types\/post"}],"author":[{"embeddable":true,"href":"https:\/\/www.latribunedufaso.net\/index.php?rest_route=\/wp\/v2\/users\/5"}],"replies":[{"embeddable":true,"href":"https:\/\/www.latribunedufaso.net\/index.php?rest_route=%2Fwp%2Fv2%2Fcomments&post=21258"}],"version-history":[{"count":3,"href":"https:\/\/www.latribunedufaso.net\/index.php?rest_route=\/wp\/v2\/posts\/21258\/revisions"}],"predecessor-version":[{"id":21340,"href":"https:\/\/www.latribunedufaso.net\/index.php?rest_route=\/wp\/v2\/posts\/21258\/revisions\/21340"}],"wp:featuredmedia":[{"embeddable":true,"href":"https:\/\/www.latribunedufaso.net\/index.php?rest_route=\/wp\/v2\/media\/21264"}],"wp:attachment":[{"href":"https:\/\/www.latribunedufaso.net\/index.php?rest_route=%2Fwp%2Fv2%2Fmedia&parent=21258"}],"wp:term":[{"taxonomy":"category","embeddable":true,"href":"https:\/\/www.latribunedufaso.net\/index.php?rest_route=%2Fwp%2Fv2%2Fcategories&post=21258"},{"taxonomy":"post_tag","embeddable":true,"href":"https:\/\/www.latribunedufaso.net\/index.php?rest_route=%2Fwp%2Fv2%2Ftags&post=21258"}],"curies":[{"name":"wp","href":"https:\/\/api.w.org\/{rel}","templated":true}]}}