{"id":21225,"date":"2025-06-13T18:27:20","date_gmt":"2025-06-13T18:27:20","guid":{"rendered":"https:\/\/www.latribunedufaso.net\/?p=21225"},"modified":"2025-06-18T19:21:08","modified_gmt":"2025-06-18T19:21:08","slug":"burkina-lutte-contre-le-chomage-une-initiative-de-placement-de-10-000-jeunes-en-stage-officiellement-lancee","status":"publish","type":"post","link":"https:\/\/www.latribunedufaso.net\/?p=21225","title":{"rendered":"Burkina\/Lutte contre le ch\u00f4mage : Une initiative de placement de 10 000 jeunes en stage officiellement lanc\u00e9e\u00a0"},"content":{"rendered":"<p><strong>Dans sa volont\u00e9 de lutter contre le ch\u00f4mage et de renforcer l\u2019employabilit\u00e9 des jeunes, le gouvernement a lanc\u00e9 deux initiatives d\u2019envergure ce 13 juin 2025 \u00e0 Ouagadougou. Ces actions visent \u00e0 offrir 10 000 stages d\u2019initiation \u00e0 la vie professionnelle et \u00e0 moderniser les centres d\u2019\u00e9coute pour jeunes, en partenariat avec plusieurs acteurs du d\u00e9veloppement.<\/strong><!--more--><\/p>\n<p>Sous le haut patronage du Premier ministre, Jean Emmanuel Ou\u00e9draogo, et la pr\u00e9sidence du ministre des Sports, de la Jeunesse et de l\u2019Emploi, Roland Somda, le gouvernement a proc\u00e9d\u00e9 ce vendredi 13 juin 2025 \u00e0 Ouagadougou, au lancement officiel de deux grandes initiatives en faveur des jeunes.<\/p>\n<p>La premi\u00e8re initiative concerne le programme de stages d\u2019initiation \u00e0 la vie professionnelle. Pour l\u2019ann\u00e9e 2025, 10 000 jeunes, r\u00e9partis dans les 45 provinces du Burkina Faso, seront plac\u00e9s en stage dans des secteurs tels que l\u2019artisanat, l\u2019agroalimentaire, l\u2019agro-sylvo-pastoralisme, les BTP, les mines, les services et l\u2019administration publique. Une allocation mensuelle de 25 000 FCFA sera octroy\u00e9e \u00e0 chaque stagiaire afin de<em><strong> \u00ab soutenir leur mobilit\u00e9 et \u00e9viter la d\u00e9perdition ou l\u2019abandon en cours de formation \u00bb.<\/strong><\/em><\/p>\n<figure id=\"attachment_21231\" aria-describedby=\"caption-attachment-21231\" style=\"width: 1722px\" class=\"wp-caption aligncenter\"><a href=\"https:\/\/www.latribunedufaso.net\/wp-content\/uploads\/2025\/06\/FB_IMG_1749838412956.jpg\"><img loading=\"lazy\" decoding=\"async\" class=\"size-full wp-image-21231\" src=\"https:\/\/www.latribunedufaso.net\/wp-content\/uploads\/2025\/06\/FB_IMG_1749838412956.jpg\" alt=\"Le Premier ministre, Jean Emmanuel Ou\u00e9draogo a proc\u00e9d\u00e9 au lancement d'une initiative de 10 000 stages d\u00e9di\u00e9s aux jeunes et la modernisation des centres d\u2019\u00e9coute pour jeunes, 13 juin 2025\" width=\"1722\" height=\"2048\" srcset=\"https:\/\/www.latribunedufaso.net\/wp-content\/uploads\/2025\/06\/FB_IMG_1749838412956.jpg 1722w, https:\/\/www.latribunedufaso.net\/wp-content\/uploads\/2025\/06\/FB_IMG_1749838412956-252x300.jpg 252w, https:\/\/www.latribunedufaso.net\/wp-content\/uploads\/2025\/06\/FB_IMG_1749838412956-861x1024.jpg 861w, https:\/\/www.latribunedufaso.net\/wp-content\/uploads\/2025\/06\/FB_IMG_1749838412956-768x913.jpg 768w, https:\/\/www.latribunedufaso.net\/wp-content\/uploads\/2025\/06\/FB_IMG_1749838412956-1292x1536.jpg 1292w\" sizes=\"auto, (max-width: 1722px) 100vw, 1722px\" \/><\/a><figcaption id=\"caption-attachment-21231\" class=\"wp-caption-text\">Le Premier ministre, Jean Emmanuel Ou\u00e9draogo &#8211; Ph. DR<\/figcaption><\/figure>\n<p><em><strong>\u00ab\u202fCette immersion dans le monde professionnel est une belle opportunit\u00e9 de montrer votre savoir-faire et votre savoir-\u00eatre. Donnez \u00e0 vos encadreurs la preuve que vous \u00eates aptes, en tout point de vue, \u00e0 occuper un poste d\u2019emploi\u202f\u00bb<\/strong><\/em>, a exhort\u00e9 le chef du gouvernement \u00e0 l\u2019endroit des jeunes b\u00e9n\u00e9ficiaires.<\/p>\n<p><iframe loading=\"lazy\" width=\"560\" height=\"315\" src=\"https:\/\/www.youtube.com\/embed\/InyP02E5wLs?si=WJrv9PqS90i7cIMs\" title=\"YouTube video player\" frameborder=\"0\" allow=\"accelerometer; autoplay; clipboard-write; encrypted-media; gyroscope; picture-in-picture; web-share\" referrerpolicy=\"strict-origin-when-cross-origin\" allowfullscreen><\/iframe><\/p>\n<p>La seconde initiative, tout aussi structurante, vise \u00e0 la r\u00e9habilitation, l\u2019\u00e9quipement et la digitalisation des centres d\u2019\u00e9coute et de dialogue pour jeunes. Ces structures, longtemps laiss\u00e9es \u00e0 l\u2019abandon, seront transform\u00e9es en hubs r\u00e9gionaux modernes v\u00e9ritables incubateurs d\u2019id\u00e9es et de solutions.<\/p>\n<figure id=\"attachment_21230\" aria-describedby=\"caption-attachment-21230\" style=\"width: 2048px\" class=\"wp-caption aligncenter\"><a href=\"https:\/\/www.latribunedufaso.net\/wp-content\/uploads\/2025\/06\/FB_IMG_1749838421960.jpg\"><img loading=\"lazy\" decoding=\"async\" class=\"size-full wp-image-21230\" src=\"https:\/\/www.latribunedufaso.net\/wp-content\/uploads\/2025\/06\/FB_IMG_1749838421960.jpg\" alt=\"Le Premier ministre, Jean Emmanuel Ou\u00e9draogo a proc\u00e9d\u00e9 au lancement d'une initiative de 10 000 stages d\u00e9di\u00e9s aux jeunes et la modernisation des centres d\u2019\u00e9coute pour jeunes, 13 juin 2025\" width=\"2048\" height=\"1279\" srcset=\"https:\/\/www.latribunedufaso.net\/wp-content\/uploads\/2025\/06\/FB_IMG_1749838421960.jpg 2048w, https:\/\/www.latribunedufaso.net\/wp-content\/uploads\/2025\/06\/FB_IMG_1749838421960-300x187.jpg 300w, https:\/\/www.latribunedufaso.net\/wp-content\/uploads\/2025\/06\/FB_IMG_1749838421960-1024x640.jpg 1024w, https:\/\/www.latribunedufaso.net\/wp-content\/uploads\/2025\/06\/FB_IMG_1749838421960-768x480.jpg 768w, https:\/\/www.latribunedufaso.net\/wp-content\/uploads\/2025\/06\/FB_IMG_1749838421960-1536x959.jpg 1536w\" sizes=\"auto, (max-width: 2048px) 100vw, 2048px\" \/><\/a><figcaption id=\"caption-attachment-21230\" class=\"wp-caption-text\">Une vue des participants \u00e0 la c\u00e9r\u00e9monie de lancement &#8211; Ph. DR<\/figcaption><\/figure>\n<p><em><strong>\u00ab\u202fCes espaces, pens\u00e9s pour \u00eatre des carrefours d\u2019\u00e9coute, des ateliers de formation et d\u2019orientation, se trouvent aujourd\u2019hui dans un \u00e9tat de d\u00e9labrement\u202f\u00bb,<\/strong><\/em> a reconnu le Premier ministre. Selon lui, leur transformation permettra \u00e0 chaque jeune, o\u00f9 qu\u2019il se trouve, d\u2019avoir acc\u00e8s \u00e0 des services de qualit\u00e9 en mati\u00e8re de formation, information, cr\u00e9ativit\u00e9, culture et accompagnement entrepreneurial.<\/p>\n<blockquote>\n<p>Lire aussi &gt;&gt; <a href=\"https:\/\/www.latribunedufaso.net\/?p=9439\">Employabilit\u00e9 des femmes d\u00e9plac\u00e9es internes : 1000 m\u00e9tiers \u00e0 tisser pour leur autonomisation financi\u00e8re<\/a><\/p>\n<\/blockquote>\n<p>Pour le ministre Roland Somda, ces initiatives traduisent la volont\u00e9 des autorit\u00e9s de <em><strong>\u00ab valoriser le capital humain et promouvoir un d\u00e9veloppement endog\u00e8ne\u202f\u00bb<\/strong><\/em>. Il a \u00e9galement salu\u00e9 l\u2019accompagnement de partenaires tels que l\u2019UNICEF, le PNUD, qui ont contribu\u00e9 \u00e0 rendre ces actions possibles.<\/p>\n<p><strong>Rosana Astride KIENDREBEOGO\u00a0<\/strong><\/p>\n<p><strong>Latribunedufaso.net<\/strong><\/p>\n<figure id=\"attachment_21232\" aria-describedby=\"caption-attachment-21232\" style=\"width: 2048px\" class=\"wp-caption aligncenter\"><a href=\"https:\/\/www.latribunedufaso.net\/wp-content\/uploads\/2025\/06\/FB_IMG_1749838780468.jpg\"><img loading=\"lazy\" decoding=\"async\" class=\"size-full wp-image-21232\" src=\"https:\/\/www.latribunedufaso.net\/wp-content\/uploads\/2025\/06\/FB_IMG_1749838780468.jpg\" alt=\"Le Premier ministre, Jean Emmanuel Ou\u00e9draogo a proc\u00e9d\u00e9 au lancement d'une initiative de 10 000 stages d\u00e9di\u00e9s aux jeunes et la modernisation des centres d\u2019\u00e9coute pour jeunes, 13 juin 2025\" width=\"2048\" height=\"1191\" srcset=\"https:\/\/www.latribunedufaso.net\/wp-content\/uploads\/2025\/06\/FB_IMG_1749838780468.jpg 2048w, https:\/\/www.latribunedufaso.net\/wp-content\/uploads\/2025\/06\/FB_IMG_1749838780468-300x174.jpg 300w, https:\/\/www.latribunedufaso.net\/wp-content\/uploads\/2025\/06\/FB_IMG_1749838780468-1024x596.jpg 1024w, https:\/\/www.latribunedufaso.net\/wp-content\/uploads\/2025\/06\/FB_IMG_1749838780468-768x447.jpg 768w, https:\/\/www.latribunedufaso.net\/wp-content\/uploads\/2025\/06\/FB_IMG_1749838780468-1536x893.jpg 1536w\" sizes=\"auto, (max-width: 2048px) 100vw, 2048px\" \/><\/a><figcaption id=\"caption-attachment-21232\" class=\"wp-caption-text\">Photo de famille des officiels \u00e0 l&rsquo;issue de la c\u00e9r\u00e9monie de lancement &#8211; Ph. DR<\/figcaption><\/figure>\n","protected":false},"excerpt":{"rendered":"<p>Dans sa volont\u00e9 de lutter contre le ch\u00f4mage et de renforcer l\u2019employabilit\u00e9 des jeunes, le gouvernement a lanc\u00e9 deux initiatives d\u2019envergure ce 13 juin 2025 \u00e0 Ouagadougou. Ces actions visent \u00e0 offrir 10 000 stages d\u2019initiation \u00e0 la vie professionnelle et \u00e0 moderniser les centres d\u2019\u00e9coute pour jeunes, en partenariat avec plusieurs acteurs du d\u00e9veloppement.<\/p>\n","protected":false},"author":5,"featured_media":21227,"comment_status":"open","ping_status":"open","sticky":false,"template":"","format":"standard","meta":{"footnotes":""},"categories":[13,1,6],"tags":[1174,1173,39,1172],"class_list":["post-21225","post","type-post","status-publish","format-standard","has-post-thumbnail","hentry","category-une","category-actu","category-entrep","tag-10-000-stages-dinitiation-a-la-vie-professionnelle","tag-employabilite-des-jeunes","tag-latribunedufaso-net","tag-lutte-contre-le-chomage"],"yoast_head":"<!-- This site is optimized with the Yoast SEO plugin v27.4 - https:\/\/yoast.com\/product\/yoast-seo-wordpress\/ -->\n<title>Burkina\/Lutte contre le ch\u00f4mage : Une initiative de placement de 10 000 jeunes en stage officiellement lanc\u00e9e\u00a0 - La Tribune du Faso<\/title>\n<meta name=\"robots\" content=\"index, follow, max-snippet:-1, max-image-preview:large, max-video-preview:-1\" \/>\n<link rel=\"canonical\" href=\"https:\/\/www.latribunedufaso.net\/?p=21225\" \/>\n<meta property=\"og:locale\" content=\"fr_FR\" \/>\n<meta property=\"og:type\" content=\"article\" \/>\n<meta property=\"og:title\" content=\"Burkina\/Lutte contre le ch\u00f4mage : Une initiative de placement de 10 000 jeunes en stage officiellement lanc\u00e9e\u00a0 - La Tribune du Faso\" \/>\n<meta property=\"og:description\" content=\"Dans sa volont\u00e9 de lutter contre le ch\u00f4mage et de renforcer l\u2019employabilit\u00e9 des jeunes, le gouvernement a lanc\u00e9 deux initiatives d\u2019envergure ce 13 juin 2025 \u00e0 Ouagadougou. Ces actions visent \u00e0 offrir 10 000 stages d\u2019initiation \u00e0 la vie professionnelle et \u00e0 moderniser les centres d\u2019\u00e9coute pour jeunes, en partenariat avec plusieurs acteurs du d\u00e9veloppement.\" \/>\n<meta property=\"og:url\" content=\"https:\/\/www.latribunedufaso.net\/?p=21225\" \/>\n<meta property=\"og:site_name\" content=\"La Tribune du Faso\" \/>\n<meta property=\"article:publisher\" content=\"https:\/\/www.facebook.com\/LatribuneduFaso\/\" \/>\n<meta property=\"article:published_time\" content=\"2025-06-13T18:27:20+00:00\" \/>\n<meta property=\"article:modified_time\" content=\"2025-06-18T19:21:08+00:00\" \/>\n<meta property=\"og:image\" content=\"https:\/\/www.latribunedufaso.net\/wp-content\/uploads\/2025\/06\/IMG-20250613-WA0035.jpg\" \/>\n\t<meta property=\"og:image:width\" content=\"2560\" \/>\n\t<meta property=\"og:image:height\" content=\"2560\" \/>\n\t<meta property=\"og:image:type\" content=\"image\/jpeg\" \/>\n<meta name=\"author\" content=\"Issouf Tapsoba\" \/>\n<meta name=\"twitter:label1\" content=\"\u00c9crit par\" \/>\n\t<meta name=\"twitter:data1\" content=\"Issouf Tapsoba\" \/>\n\t<meta name=\"twitter:label2\" content=\"Dur\u00e9e de lecture estim\u00e9e\" \/>\n\t<meta name=\"twitter:data2\" content=\"2 minutes\" \/>\n<script type=\"application\/ld+json\" class=\"yoast-schema-graph\">{\"@context\":\"https:\\\/\\\/schema.org\",\"@graph\":[{\"@type\":\"Article\",\"@id\":\"https:\\\/\\\/www.latribunedufaso.net\\\/?p=21225#article\",\"isPartOf\":{\"@id\":\"https:\\\/\\\/www.latribunedufaso.net\\\/?p=21225\"},\"author\":{\"name\":\"Issouf Tapsoba\",\"@id\":\"https:\\\/\\\/www.latribunedufaso.net\\\/#\\\/schema\\\/person\\\/e54e64c5778a7e72cf80a318b7a622b0\"},\"headline\":\"Burkina\\\/Lutte contre le ch\u00f4mage : Une initiative de placement de 10 000 jeunes en stage officiellement lanc\u00e9e\u00a0\",\"datePublished\":\"2025-06-13T18:27:20+00:00\",\"dateModified\":\"2025-06-18T19:21:08+00:00\",\"mainEntityOfPage\":{\"@id\":\"https:\\\/\\\/www.latribunedufaso.net\\\/?p=21225\"},\"wordCount\":491,\"commentCount\":0,\"publisher\":{\"@id\":\"https:\\\/\\\/www.latribunedufaso.net\\\/#organization\"},\"image\":{\"@id\":\"https:\\\/\\\/www.latribunedufaso.net\\\/?p=21225#primaryimage\"},\"thumbnailUrl\":\"https:\\\/\\\/www.latribunedufaso.net\\\/wp-content\\\/uploads\\\/2025\\\/06\\\/IMG-20250613-WA0035.jpg\",\"keywords\":[\"10 000 stages d\u2019initiation \u00e0 la vie professionnelle\",\"employabilit\u00e9 des jeunes\",\"latribunedufaso.net\",\"Lutte contre le ch\u00f4mage\"],\"articleSection\":[\"A la une\",\"Actualit\u00e9\",\"Entreprenariat\"],\"inLanguage\":\"fr-FR\",\"potentialAction\":[{\"@type\":\"CommentAction\",\"name\":\"Comment\",\"target\":[\"https:\\\/\\\/www.latribunedufaso.net\\\/?p=21225#respond\"]}]},{\"@type\":\"WebPage\",\"@id\":\"https:\\\/\\\/www.latribunedufaso.net\\\/?p=21225\",\"url\":\"https:\\\/\\\/www.latribunedufaso.net\\\/?p=21225\",\"name\":\"Burkina\\\/Lutte contre le ch\u00f4mage : Une initiative de placement de 10 000 jeunes en stage officiellement lanc\u00e9e\u00a0 - La Tribune du Faso\",\"isPartOf\":{\"@id\":\"https:\\\/\\\/www.latribunedufaso.net\\\/#website\"},\"primaryImageOfPage\":{\"@id\":\"https:\\\/\\\/www.latribunedufaso.net\\\/?p=21225#primaryimage\"},\"image\":{\"@id\":\"https:\\\/\\\/www.latribunedufaso.net\\\/?p=21225#primaryimage\"},\"thumbnailUrl\":\"https:\\\/\\\/www.latribunedufaso.net\\\/wp-content\\\/uploads\\\/2025\\\/06\\\/IMG-20250613-WA0035.jpg\",\"datePublished\":\"2025-06-13T18:27:20+00:00\",\"dateModified\":\"2025-06-18T19:21:08+00:00\",\"breadcrumb\":{\"@id\":\"https:\\\/\\\/www.latribunedufaso.net\\\/?p=21225#breadcrumb\"},\"inLanguage\":\"fr-FR\",\"potentialAction\":[{\"@type\":\"ReadAction\",\"target\":[\"https:\\\/\\\/www.latribunedufaso.net\\\/?p=21225\"]}]},{\"@type\":\"ImageObject\",\"inLanguage\":\"fr-FR\",\"@id\":\"https:\\\/\\\/www.latribunedufaso.net\\\/?p=21225#primaryimage\",\"url\":\"https:\\\/\\\/www.latribunedufaso.net\\\/wp-content\\\/uploads\\\/2025\\\/06\\\/IMG-20250613-WA0035.jpg\",\"contentUrl\":\"https:\\\/\\\/www.latribunedufaso.net\\\/wp-content\\\/uploads\\\/2025\\\/06\\\/IMG-20250613-WA0035.jpg\",\"width\":2560,\"height\":2560,\"caption\":\"Le Premier ministre, Jean Emmanuel Ou\u00e9draogo a proc\u00e9d\u00e9 au lancement d'une initiative de 10 000 stages d\u00e9di\u00e9s aux jeunes et la modernisation des centres d\u2019\u00e9coute pour jeunes, 13 juin 2025\"},{\"@type\":\"BreadcrumbList\",\"@id\":\"https:\\\/\\\/www.latribunedufaso.net\\\/?p=21225#breadcrumb\",\"itemListElement\":[{\"@type\":\"ListItem\",\"position\":1,\"name\":\"Accueil\",\"item\":\"https:\\\/\\\/www.latribunedufaso.net\\\/\"},{\"@type\":\"ListItem\",\"position\":2,\"name\":\"Burkina\\\/Lutte contre le ch\u00f4mage : Une initiative de placement de 10 000 jeunes en stage officiellement lanc\u00e9e\u00a0\"}]},{\"@type\":\"WebSite\",\"@id\":\"https:\\\/\\\/www.latribunedufaso.net\\\/#website\",\"url\":\"https:\\\/\\\/www.latribunedufaso.net\\\/\",\"name\":\"La Tribune du Faso\",\"description\":\"L&#039;information du monde rural en un clic\",\"publisher\":{\"@id\":\"https:\\\/\\\/www.latribunedufaso.net\\\/#organization\"},\"potentialAction\":[{\"@type\":\"SearchAction\",\"target\":{\"@type\":\"EntryPoint\",\"urlTemplate\":\"https:\\\/\\\/www.latribunedufaso.net\\\/?s={search_term_string}\"},\"query-input\":{\"@type\":\"PropertyValueSpecification\",\"valueRequired\":true,\"valueName\":\"search_term_string\"}}],\"inLanguage\":\"fr-FR\"},{\"@type\":\"Organization\",\"@id\":\"https:\\\/\\\/www.latribunedufaso.net\\\/#organization\",\"name\":\"La Tribune du Faso\",\"url\":\"https:\\\/\\\/www.latribunedufaso.net\\\/\",\"logo\":{\"@type\":\"ImageObject\",\"inLanguage\":\"fr-FR\",\"@id\":\"https:\\\/\\\/www.latribunedufaso.net\\\/#\\\/schema\\\/logo\\\/image\\\/\",\"url\":\"https:\\\/\\\/www.latribunedufaso.net\\\/wp-content\\\/uploads\\\/2020\\\/08\\\/Logo-Tribune-du-Faso-final-scaled.jpg\",\"contentUrl\":\"https:\\\/\\\/www.latribunedufaso.net\\\/wp-content\\\/uploads\\\/2020\\\/08\\\/Logo-Tribune-du-Faso-final-scaled.jpg\",\"width\":2560,\"height\":1856,\"caption\":\"La Tribune du Faso\"},\"image\":{\"@id\":\"https:\\\/\\\/www.latribunedufaso.net\\\/#\\\/schema\\\/logo\\\/image\\\/\"},\"sameAs\":[\"https:\\\/\\\/www.facebook.com\\\/LatribuneduFaso\\\/\"]},{\"@type\":\"Person\",\"@id\":\"https:\\\/\\\/www.latribunedufaso.net\\\/#\\\/schema\\\/person\\\/e54e64c5778a7e72cf80a318b7a622b0\",\"name\":\"Issouf Tapsoba\",\"image\":{\"@type\":\"ImageObject\",\"inLanguage\":\"fr-FR\",\"@id\":\"https:\\\/\\\/secure.gravatar.com\\\/avatar\\\/5e6c05150ce3230247d167f5b94d678eb05936197436d69b7921e3a95c9107ac?s=96&d=mm&r=g\",\"url\":\"https:\\\/\\\/secure.gravatar.com\\\/avatar\\\/5e6c05150ce3230247d167f5b94d678eb05936197436d69b7921e3a95c9107ac?s=96&d=mm&r=g\",\"contentUrl\":\"https:\\\/\\\/secure.gravatar.com\\\/avatar\\\/5e6c05150ce3230247d167f5b94d678eb05936197436d69b7921e3a95c9107ac?s=96&d=mm&r=g\",\"caption\":\"Issouf Tapsoba\"},\"url\":\"https:\\\/\\\/www.latribunedufaso.net\\\/?author=5\"}]}<\/script>\n<!-- \/ Yoast SEO plugin. -->","yoast_head_json":{"title":"Burkina\/Lutte contre le ch\u00f4mage : Une initiative de placement de 10 000 jeunes en stage officiellement lanc\u00e9e\u00a0 - La Tribune du Faso","robots":{"index":"index","follow":"follow","max-snippet":"max-snippet:-1","max-image-preview":"max-image-preview:large","max-video-preview":"max-video-preview:-1"},"canonical":"https:\/\/www.latribunedufaso.net\/?p=21225","og_locale":"fr_FR","og_type":"article","og_title":"Burkina\/Lutte contre le ch\u00f4mage : Une initiative de placement de 10 000 jeunes en stage officiellement lanc\u00e9e\u00a0 - La Tribune du Faso","og_description":"Dans sa volont\u00e9 de lutter contre le ch\u00f4mage et de renforcer l\u2019employabilit\u00e9 des jeunes, le gouvernement a lanc\u00e9 deux initiatives d\u2019envergure ce 13 juin 2025 \u00e0 Ouagadougou. Ces actions visent \u00e0 offrir 10 000 stages d\u2019initiation \u00e0 la vie professionnelle et \u00e0 moderniser les centres d\u2019\u00e9coute pour jeunes, en partenariat avec plusieurs acteurs du d\u00e9veloppement.","og_url":"https:\/\/www.latribunedufaso.net\/?p=21225","og_site_name":"La Tribune du Faso","article_publisher":"https:\/\/www.facebook.com\/LatribuneduFaso\/","article_published_time":"2025-06-13T18:27:20+00:00","article_modified_time":"2025-06-18T19:21:08+00:00","og_image":[{"width":2560,"height":2560,"url":"https:\/\/www.latribunedufaso.net\/wp-content\/uploads\/2025\/06\/IMG-20250613-WA0035.jpg","type":"image\/jpeg"}],"author":"Issouf Tapsoba","twitter_misc":{"\u00c9crit par":"Issouf Tapsoba","Dur\u00e9e de lecture estim\u00e9e":"2 minutes"},"schema":{"@context":"https:\/\/schema.org","@graph":[{"@type":"Article","@id":"https:\/\/www.latribunedufaso.net\/?p=21225#article","isPartOf":{"@id":"https:\/\/www.latribunedufaso.net\/?p=21225"},"author":{"name":"Issouf Tapsoba","@id":"https:\/\/www.latribunedufaso.net\/#\/schema\/person\/e54e64c5778a7e72cf80a318b7a622b0"},"headline":"Burkina\/Lutte contre le ch\u00f4mage : Une initiative de placement de 10 000 jeunes en stage officiellement lanc\u00e9e\u00a0","datePublished":"2025-06-13T18:27:20+00:00","dateModified":"2025-06-18T19:21:08+00:00","mainEntityOfPage":{"@id":"https:\/\/www.latribunedufaso.net\/?p=21225"},"wordCount":491,"commentCount":0,"publisher":{"@id":"https:\/\/www.latribunedufaso.net\/#organization"},"image":{"@id":"https:\/\/www.latribunedufaso.net\/?p=21225#primaryimage"},"thumbnailUrl":"https:\/\/www.latribunedufaso.net\/wp-content\/uploads\/2025\/06\/IMG-20250613-WA0035.jpg","keywords":["10 000 stages d\u2019initiation \u00e0 la vie professionnelle","employabilit\u00e9 des jeunes","latribunedufaso.net","Lutte contre le ch\u00f4mage"],"articleSection":["A la une","Actualit\u00e9","Entreprenariat"],"inLanguage":"fr-FR","potentialAction":[{"@type":"CommentAction","name":"Comment","target":["https:\/\/www.latribunedufaso.net\/?p=21225#respond"]}]},{"@type":"WebPage","@id":"https:\/\/www.latribunedufaso.net\/?p=21225","url":"https:\/\/www.latribunedufaso.net\/?p=21225","name":"Burkina\/Lutte contre le ch\u00f4mage : Une initiative de placement de 10 000 jeunes en stage officiellement lanc\u00e9e\u00a0 - La Tribune du Faso","isPartOf":{"@id":"https:\/\/www.latribunedufaso.net\/#website"},"primaryImageOfPage":{"@id":"https:\/\/www.latribunedufaso.net\/?p=21225#primaryimage"},"image":{"@id":"https:\/\/www.latribunedufaso.net\/?p=21225#primaryimage"},"thumbnailUrl":"https:\/\/www.latribunedufaso.net\/wp-content\/uploads\/2025\/06\/IMG-20250613-WA0035.jpg","datePublished":"2025-06-13T18:27:20+00:00","dateModified":"2025-06-18T19:21:08+00:00","breadcrumb":{"@id":"https:\/\/www.latribunedufaso.net\/?p=21225#breadcrumb"},"inLanguage":"fr-FR","potentialAction":[{"@type":"ReadAction","target":["https:\/\/www.latribunedufaso.net\/?p=21225"]}]},{"@type":"ImageObject","inLanguage":"fr-FR","@id":"https:\/\/www.latribunedufaso.net\/?p=21225#primaryimage","url":"https:\/\/www.latribunedufaso.net\/wp-content\/uploads\/2025\/06\/IMG-20250613-WA0035.jpg","contentUrl":"https:\/\/www.latribunedufaso.net\/wp-content\/uploads\/2025\/06\/IMG-20250613-WA0035.jpg","width":2560,"height":2560,"caption":"Le Premier ministre, Jean Emmanuel Ou\u00e9draogo a proc\u00e9d\u00e9 au lancement d'une initiative de 10 000 stages d\u00e9di\u00e9s aux jeunes et la modernisation des centres d\u2019\u00e9coute pour jeunes, 13 juin 2025"},{"@type":"BreadcrumbList","@id":"https:\/\/www.latribunedufaso.net\/?p=21225#breadcrumb","itemListElement":[{"@type":"ListItem","position":1,"name":"Accueil","item":"https:\/\/www.latribunedufaso.net\/"},{"@type":"ListItem","position":2,"name":"Burkina\/Lutte contre le ch\u00f4mage : Une initiative de placement de 10 000 jeunes en stage officiellement lanc\u00e9e\u00a0"}]},{"@type":"WebSite","@id":"https:\/\/www.latribunedufaso.net\/#website","url":"https:\/\/www.latribunedufaso.net\/","name":"La Tribune du Faso","description":"L&#039;information du monde rural en un clic","publisher":{"@id":"https:\/\/www.latribunedufaso.net\/#organization"},"potentialAction":[{"@type":"SearchAction","target":{"@type":"EntryPoint","urlTemplate":"https:\/\/www.latribunedufaso.net\/?s={search_term_string}"},"query-input":{"@type":"PropertyValueSpecification","valueRequired":true,"valueName":"search_term_string"}}],"inLanguage":"fr-FR"},{"@type":"Organization","@id":"https:\/\/www.latribunedufaso.net\/#organization","name":"La Tribune du Faso","url":"https:\/\/www.latribunedufaso.net\/","logo":{"@type":"ImageObject","inLanguage":"fr-FR","@id":"https:\/\/www.latribunedufaso.net\/#\/schema\/logo\/image\/","url":"https:\/\/www.latribunedufaso.net\/wp-content\/uploads\/2020\/08\/Logo-Tribune-du-Faso-final-scaled.jpg","contentUrl":"https:\/\/www.latribunedufaso.net\/wp-content\/uploads\/2020\/08\/Logo-Tribune-du-Faso-final-scaled.jpg","width":2560,"height":1856,"caption":"La Tribune du Faso"},"image":{"@id":"https:\/\/www.latribunedufaso.net\/#\/schema\/logo\/image\/"},"sameAs":["https:\/\/www.facebook.com\/LatribuneduFaso\/"]},{"@type":"Person","@id":"https:\/\/www.latribunedufaso.net\/#\/schema\/person\/e54e64c5778a7e72cf80a318b7a622b0","name":"Issouf Tapsoba","image":{"@type":"ImageObject","inLanguage":"fr-FR","@id":"https:\/\/secure.gravatar.com\/avatar\/5e6c05150ce3230247d167f5b94d678eb05936197436d69b7921e3a95c9107ac?s=96&d=mm&r=g","url":"https:\/\/secure.gravatar.com\/avatar\/5e6c05150ce3230247d167f5b94d678eb05936197436d69b7921e3a95c9107ac?s=96&d=mm&r=g","contentUrl":"https:\/\/secure.gravatar.com\/avatar\/5e6c05150ce3230247d167f5b94d678eb05936197436d69b7921e3a95c9107ac?s=96&d=mm&r=g","caption":"Issouf Tapsoba"},"url":"https:\/\/www.latribunedufaso.net\/?author=5"}]}},"_links":{"self":[{"href":"https:\/\/www.latribunedufaso.net\/index.php?rest_route=\/wp\/v2\/posts\/21225","targetHints":{"allow":["GET"]}}],"collection":[{"href":"https:\/\/www.latribunedufaso.net\/index.php?rest_route=\/wp\/v2\/posts"}],"about":[{"href":"https:\/\/www.latribunedufaso.net\/index.php?rest_route=\/wp\/v2\/types\/post"}],"author":[{"embeddable":true,"href":"https:\/\/www.latribunedufaso.net\/index.php?rest_route=\/wp\/v2\/users\/5"}],"replies":[{"embeddable":true,"href":"https:\/\/www.latribunedufaso.net\/index.php?rest_route=%2Fwp%2Fv2%2Fcomments&post=21225"}],"version-history":[{"count":3,"href":"https:\/\/www.latribunedufaso.net\/index.php?rest_route=\/wp\/v2\/posts\/21225\/revisions"}],"predecessor-version":[{"id":21341,"href":"https:\/\/www.latribunedufaso.net\/index.php?rest_route=\/wp\/v2\/posts\/21225\/revisions\/21341"}],"wp:featuredmedia":[{"embeddable":true,"href":"https:\/\/www.latribunedufaso.net\/index.php?rest_route=\/wp\/v2\/media\/21227"}],"wp:attachment":[{"href":"https:\/\/www.latribunedufaso.net\/index.php?rest_route=%2Fwp%2Fv2%2Fmedia&parent=21225"}],"wp:term":[{"taxonomy":"category","embeddable":true,"href":"https:\/\/www.latribunedufaso.net\/index.php?rest_route=%2Fwp%2Fv2%2Fcategories&post=21225"},{"taxonomy":"post_tag","embeddable":true,"href":"https:\/\/www.latribunedufaso.net\/index.php?rest_route=%2Fwp%2Fv2%2Ftags&post=21225"}],"curies":[{"name":"wp","href":"https:\/\/api.w.org\/{rel}","templated":true}]}}