{"id":21194,"date":"2025-06-12T08:51:31","date_gmt":"2025-06-12T08:51:31","guid":{"rendered":"https:\/\/www.latribunedufaso.net\/?p=21194"},"modified":"2025-06-12T08:51:31","modified_gmt":"2025-06-12T08:51:31","slug":"journee-mondiale-contre-le-travail-des-enfants-le-message-du-ministre-mathias-traore","status":"publish","type":"post","link":"https:\/\/www.latribunedufaso.net\/?p=21194","title":{"rendered":"Journ\u00e9e Mondiale contre le Travail des Enfants : Le message du ministre Mathias Traor\u00e9\u00a0"},"content":{"rendered":"<p><strong>Ce 12 juin 2025, le monde entier comm\u00e9more la Journ\u00e9e mondiale contre le travail des enfants (JMTE). Cette initiative se veut un cadre d\u2019interpellation de la communaut\u00e9 internationale et des populations sur le ph\u00e9nom\u00e8ne du travail des enfants et la n\u00e9cessit\u00e9 d\u2019y mettre fin. A l&rsquo;occasion, le ministre charg\u00e9 du Travail et de la Protection Sociale, Matthias Traor\u00e9 a livr\u00e9 un message. Il fait l&rsquo;\u00e9tat des lieux de la lutte contre le ph\u00e9nom\u00e8ne au Burkina tout en \u00e9num\u00e9rant des acquis qu&rsquo;il faudra renforcer.<\/strong><!--more--><\/p>\n<h3>Lisez l&rsquo;int\u00e9gralit\u00e9 de la d\u00e9claration\u2935\ufe0f<\/h3>\n<p>D\u00e9claration de Monsieur le Ministre de la Fonction Publique, du Travail et de la Protection Sociale \u00e0 l\u2019occasion de la Journ\u00e9e Mondiale contre le Travail des Enfants (JMTE)<\/p>\n<p>12 juin 2025<\/p>\n<p>Institu\u00e9e en 2002 par l\u2019Organisation Internationale du Travail, la Journ\u00e9e mondiale contre le travail des enfants (JMTE), comm\u00e9mor\u00e9e chaque 12 juin, constitue un cadre d\u2019interpellation de la communaut\u00e9 internationale et des populations sur le ph\u00e9nom\u00e8ne du travail des enfants et la n\u00e9cessit\u00e9 d\u2019y mettre fin.<\/p>\n<p>La comm\u00e9moration de cette journ\u00e9e dans notre pays se tient dans un contexte de crise s\u00e9curitaire et humanitaire avec de nombreuses r\u00e9percussions socio-\u00e9conomiques. Ainsi, tout en f\u00e9licitant le peuple burkinab\u00e8 pour son esprit de r\u00e9silience, je salue tout particuli\u00e8rement la mobilisation et le sacrifice des vaillantes Forces de D\u00e9fense et de S\u00e9curit\u00e9 ainsi que des Volontaires pour la D\u00e9fense de la Patrie pour la reconqu\u00eate de notre territoire. Je rends \u00e9galement un vibrant hommage \u00e0 tous les combattants tomb\u00e9s pour la patrie et formule mes v\u0153ux de prompt r\u00e9tablissement aux bless\u00e9s.<\/p>\n<p>Cette ann\u00e9e 2025, la Journ\u00e9e mondiale contre le travail des enfants est c\u00e9l\u00e9br\u00e9e sous le th\u00e8me \u00ab Les progr\u00e8s sont visibles, mais il reste beaucoup \u00e0 faire : acc\u00e9l\u00e9rons nos efforts \u00bb. Par le choix de ce th\u00e8me, l\u2019Organisation Internationale du Travail tout en reconnaissant les efforts fournis, invite les Etats membres \u00e0 intensifier les actions de lutte contre le travail des enfants : l\u2019\u00e9limination du travail des enfants \u00e9tant un pari \u00e0 gagner pour la communaut\u00e9 internationale.\u00a0<\/p>\n<p>Ainsi, la convention n\u00b0182 de l\u2019Organisation Internationale du Travail sur les pires formes de travail des enfants universellement ratifi\u00e9e appelle les Etats membres \u00e0 \u00e9laborer et mettre en \u0153uvre des programmes d\u2019actions en vue d\u2019\u00e9liminer en priorit\u00e9 les pires formes de travail des enfants.\u00a0<\/p>\n<p>A cet effet, la communaut\u00e9 internationale s\u2019est engag\u00e9e, \u00e0 travers les Objectifs de D\u00e9veloppement Durable (ODD) adopt\u00e9s par les Nations Unies en 2015 et repr\u00e9sentant l\u2019agenda mondial pour un d\u00e9veloppement humain harmonieux, \u00e0 prendre \u00ab des mesures imm\u00e9diates et efficaces pour interdire et \u00e9liminer les pires formes de travail des enfants, supprimer le travail forc\u00e9 et, d\u2019ici \u00e0 2025, mettre fin au travail des enfants sous toutes ses formes, y compris les enfants associ\u00e9s aux groupes ou forces arm\u00e9es\u00bb.\u00a0 \u00a0<\/p>\n<p>Nous sommes en 2025, et le travail des enfants demeure toujours une r\u00e9alit\u00e9. Au Burkina Faso, de par une volont\u00e9 politique affirm\u00e9e de respecter cet engagement, des acquis ont \u00e9t\u00e9 engrang\u00e9s au nombre desquels on peut citer :<\/p>\n<p>&#8211; l\u2019adoption et la mise en \u0153uvre de la strat\u00e9gie de lutte contre les pires formes de travail des enfants (SN-PFTE) 2019-2023 ;<\/p>\n<p>&#8211; le renforcement du cadre juridique de la lutte contre le travail des enfants \u00e0 travers la relecture des textes relatifs aux travaux dangereux interdits aux enfants et la liste des travaux l\u00e9gers autoris\u00e9s aux enfants de 13 \u00e0 16 ans ;<\/p>\n<p>&#8211; le contr\u00f4le de 1216 lieux de travail \u00e0 fort potentiel de pires formes de travail des enfants ;<\/p>\n<p>&#8211; la diffusion de 800 exemplaires de recueils juridiques sur le travail des enfants ;<\/p>\n<p>&#8211; la sensibilisation de 14 746 producteurs de coton sur le travail des enfants ;<\/p>\n<p>&#8211; l\u2019appui \u00e0 9097 m\u00e9nages vuln\u00e9rables en Activit\u00e9s G\u00e9n\u00e9ratrices de Revenus ;<\/p>\n<p>&#8211; la d\u00e9livrance de 12036 extraits de naissance aux enfants victimes de pires formes de travail ;<\/p>\n<p>&#8211; la prise en charge psychosociale et sanitaire de 14 786 enfants retir\u00e9s des pires formes de travail.\u00a0<\/p>\n<p>Il est tout de m\u00eame imp\u00e9ratif d\u2019intensifier les efforts pour assurer un avenir meilleur et plus s\u00fbr \u00e0 chaque enfant burkinab\u00e8. Je saisis l\u2019occasion pour inviter l\u2019ensemble de la population burkinab\u00e8 \u00e0 rester mobilis\u00e9e face \u00e0 notre d\u00e9fi commun, l\u2019\u00e9limination imm\u00e9diate des pires formes de travail des enfants et \u00e0 terme l\u2019\u00e9limination du travail des enfants.<\/p>\n<p>J\u2019invite \u00e9galement les organisations des employeurs et des travailleurs, les organisations non gouvernementales, les organisations de la soci\u00e9t\u00e9 civile, les autorit\u00e9s administratives, religieuses et coutumi\u00e8res \u00e0 engager \u00e0 l\u2019occasion de la Journ\u00e9e mondiale contre le travail des enfants 2025, des r\u00e9flexions constructives pour une protection efficace des enfants du Burkina Faso.\u00a0<\/p>\n<p>Je tiens \u00e0 saluer les efforts des partenaires au d\u00e9veloppement qui \u0153uvrent inlassablement aux c\u00f4t\u00e9s du Gouvernement pour un avenir radieux dans un Burkina Faso en paix et exempt des pires formes de travail des enfants.<\/p>\n<p>Ensemble, \u0153uvrons \u00e0 l\u2019\u00e9radication du travail des enfants pour forger un avenir sans travail des enfants o\u00f9 chaque enfant sera libre de poursuivre son \u00e9ducation et ses r\u00eaves dans la soci\u00e9t\u00e9.<\/p>\n<p>Bonne c\u00e9l\u00e9bration \u00e0 toutes et \u00e0 tous !<\/p>\n<p>La Patrie ou la Mort, nous Vaincrons\u00a0 \u00a0 \u00a0 \u00a0 \u00a0 \u00a0 \u00a0 \u00a0 \u00a0 \u00a0 \u00a0 \u00a0 \u00a0 \u00a0 \u00a0 \u00a0 \u00a0 \u00a0 \u00a0 \u00a0 \u00a0 \u00a0<\/p>\n<p>Mathias TRAORE\u00a0 \u00a0 \u00a0<\/p>\n<p>Officier de l\u2019Ordre de l\u2019\u00c9talon\u00a0 \u00a0\u00a0<\/p>\n<p><strong>Latribunedufaso.net<\/strong><\/p>\n<p><strong>Source : MFPTPS<\/strong>\u00a0<\/p>\n","protected":false},"excerpt":{"rendered":"<p>Ce 12 juin 2025, le monde entier comm\u00e9more la Journ\u00e9e mondiale contre le travail des enfants (JMTE). Cette initiative se veut un cadre d\u2019interpellation de la communaut\u00e9 internationale et des populations sur le ph\u00e9nom\u00e8ne du travail des enfants et la n\u00e9cessit\u00e9 d\u2019y mettre fin. A l&rsquo;occasion, le ministre charg\u00e9 du Travail et de la Protection Sociale, Matthias Traor\u00e9 a livr\u00e9 un message. Il fait l&rsquo;\u00e9tat des lieux de la lutte contre le ph\u00e9nom\u00e8ne au Burkina tout en \u00e9num\u00e9rant des acquis qu&rsquo;il faudra renforcer.<\/p>\n","protected":false},"author":5,"featured_media":21195,"comment_status":"open","ping_status":"open","sticky":false,"template":"","format":"standard","meta":{"footnotes":""},"categories":[13,1,8],"tags":[1167,39],"class_list":["post-21194","post","type-post","status-publish","format-standard","has-post-thumbnail","hentry","category-une","category-actu","category-societe","tag-journee-mondiale-contre-le-travail-des-enfants-jmte","tag-latribunedufaso-net"],"yoast_head":"<!-- This site is optimized with the Yoast SEO plugin v27.5 - https:\/\/yoast.com\/product\/yoast-seo-wordpress\/ -->\n<title>Journ\u00e9e Mondiale contre le Travail des Enfants : Le message du ministre Mathias Traor\u00e9\u00a0 - La Tribune du Faso<\/title>\n<meta name=\"robots\" content=\"index, follow, max-snippet:-1, max-image-preview:large, max-video-preview:-1\" \/>\n<link rel=\"canonical\" href=\"https:\/\/www.latribunedufaso.net\/?p=21194\" \/>\n<meta property=\"og:locale\" content=\"fr_FR\" \/>\n<meta property=\"og:type\" content=\"article\" \/>\n<meta property=\"og:title\" content=\"Journ\u00e9e Mondiale contre le Travail des Enfants : Le message du ministre Mathias Traor\u00e9\u00a0 - La Tribune du Faso\" \/>\n<meta property=\"og:description\" content=\"Ce 12 juin 2025, le monde entier comm\u00e9more la Journ\u00e9e mondiale contre le travail des enfants (JMTE). Cette initiative se veut un cadre d\u2019interpellation de la communaut\u00e9 internationale et des populations sur le ph\u00e9nom\u00e8ne du travail des enfants et la n\u00e9cessit\u00e9 d\u2019y mettre fin. A l&rsquo;occasion, le ministre charg\u00e9 du Travail et de la Protection Sociale, Matthias Traor\u00e9 a livr\u00e9 un message. Il fait l&rsquo;\u00e9tat des lieux de la lutte contre le ph\u00e9nom\u00e8ne au Burkina tout en \u00e9num\u00e9rant des acquis qu&rsquo;il faudra renforcer.\" \/>\n<meta property=\"og:url\" content=\"https:\/\/www.latribunedufaso.net\/?p=21194\" \/>\n<meta property=\"og:site_name\" content=\"La Tribune du Faso\" \/>\n<meta property=\"article:publisher\" content=\"https:\/\/www.facebook.com\/LatribuneduFaso\/\" \/>\n<meta property=\"article:published_time\" content=\"2025-06-12T08:51:31+00:00\" \/>\n<meta property=\"og:image\" content=\"https:\/\/www.latribunedufaso.net\/wp-content\/uploads\/2025\/06\/FB_IMG_1749717077005.jpg\" \/>\n\t<meta property=\"og:image:width\" content=\"720\" \/>\n\t<meta property=\"og:image:height\" content=\"527\" \/>\n\t<meta property=\"og:image:type\" content=\"image\/jpeg\" \/>\n<meta name=\"author\" content=\"Issouf Tapsoba\" \/>\n<meta name=\"twitter:label1\" content=\"\u00c9crit par\" \/>\n\t<meta name=\"twitter:data1\" content=\"Issouf Tapsoba\" \/>\n\t<meta name=\"twitter:label2\" content=\"Dur\u00e9e de lecture estim\u00e9e\" \/>\n\t<meta name=\"twitter:data2\" content=\"5 minutes\" \/>\n<script type=\"application\/ld+json\" class=\"yoast-schema-graph\">{\"@context\":\"https:\\\/\\\/schema.org\",\"@graph\":[{\"@type\":\"Article\",\"@id\":\"https:\\\/\\\/www.latribunedufaso.net\\\/?p=21194#article\",\"isPartOf\":{\"@id\":\"https:\\\/\\\/www.latribunedufaso.net\\\/?p=21194\"},\"author\":{\"name\":\"Issouf Tapsoba\",\"@id\":\"https:\\\/\\\/www.latribunedufaso.net\\\/#\\\/schema\\\/person\\\/e54e64c5778a7e72cf80a318b7a622b0\"},\"headline\":\"Journ\u00e9e Mondiale contre le Travail des Enfants : Le message du ministre Mathias Traor\u00e9\u00a0\",\"datePublished\":\"2025-06-12T08:51:31+00:00\",\"mainEntityOfPage\":{\"@id\":\"https:\\\/\\\/www.latribunedufaso.net\\\/?p=21194\"},\"wordCount\":927,\"commentCount\":0,\"publisher\":{\"@id\":\"https:\\\/\\\/www.latribunedufaso.net\\\/#organization\"},\"image\":{\"@id\":\"https:\\\/\\\/www.latribunedufaso.net\\\/?p=21194#primaryimage\"},\"thumbnailUrl\":\"https:\\\/\\\/www.latribunedufaso.net\\\/wp-content\\\/uploads\\\/2025\\\/06\\\/FB_IMG_1749717077005.jpg\",\"keywords\":[\"Journ\u00e9e mondiale contre le travail des enfants (JMTE)\",\"latribunedufaso.net\"],\"articleSection\":[\"A la une\",\"Actualit\u00e9\",\"Soci\u00e9t\u00e9\"],\"inLanguage\":\"fr-FR\",\"potentialAction\":[{\"@type\":\"CommentAction\",\"name\":\"Comment\",\"target\":[\"https:\\\/\\\/www.latribunedufaso.net\\\/?p=21194#respond\"]}]},{\"@type\":\"WebPage\",\"@id\":\"https:\\\/\\\/www.latribunedufaso.net\\\/?p=21194\",\"url\":\"https:\\\/\\\/www.latribunedufaso.net\\\/?p=21194\",\"name\":\"Journ\u00e9e Mondiale contre le Travail des Enfants : Le message du ministre Mathias Traor\u00e9\u00a0 - La Tribune du Faso\",\"isPartOf\":{\"@id\":\"https:\\\/\\\/www.latribunedufaso.net\\\/#website\"},\"primaryImageOfPage\":{\"@id\":\"https:\\\/\\\/www.latribunedufaso.net\\\/?p=21194#primaryimage\"},\"image\":{\"@id\":\"https:\\\/\\\/www.latribunedufaso.net\\\/?p=21194#primaryimage\"},\"thumbnailUrl\":\"https:\\\/\\\/www.latribunedufaso.net\\\/wp-content\\\/uploads\\\/2025\\\/06\\\/FB_IMG_1749717077005.jpg\",\"datePublished\":\"2025-06-12T08:51:31+00:00\",\"breadcrumb\":{\"@id\":\"https:\\\/\\\/www.latribunedufaso.net\\\/?p=21194#breadcrumb\"},\"inLanguage\":\"fr-FR\",\"potentialAction\":[{\"@type\":\"ReadAction\",\"target\":[\"https:\\\/\\\/www.latribunedufaso.net\\\/?p=21194\"]}]},{\"@type\":\"ImageObject\",\"inLanguage\":\"fr-FR\",\"@id\":\"https:\\\/\\\/www.latribunedufaso.net\\\/?p=21194#primaryimage\",\"url\":\"https:\\\/\\\/www.latribunedufaso.net\\\/wp-content\\\/uploads\\\/2025\\\/06\\\/FB_IMG_1749717077005.jpg\",\"contentUrl\":\"https:\\\/\\\/www.latribunedufaso.net\\\/wp-content\\\/uploads\\\/2025\\\/06\\\/FB_IMG_1749717077005.jpg\",\"width\":720,\"height\":527,\"caption\":\"Message du ministre en charge du Travail \u00e0 l'occasion de la Journ\u00e9e mondiale de lutte contre le travail des enfants, 12 juin 2025\"},{\"@type\":\"BreadcrumbList\",\"@id\":\"https:\\\/\\\/www.latribunedufaso.net\\\/?p=21194#breadcrumb\",\"itemListElement\":[{\"@type\":\"ListItem\",\"position\":1,\"name\":\"Accueil\",\"item\":\"https:\\\/\\\/www.latribunedufaso.net\\\/\"},{\"@type\":\"ListItem\",\"position\":2,\"name\":\"Journ\u00e9e Mondiale contre le Travail des Enfants : Le message du ministre Mathias Traor\u00e9\u00a0\"}]},{\"@type\":\"WebSite\",\"@id\":\"https:\\\/\\\/www.latribunedufaso.net\\\/#website\",\"url\":\"https:\\\/\\\/www.latribunedufaso.net\\\/\",\"name\":\"La Tribune du Faso\",\"description\":\"L&#039;information du monde rural en un clic\",\"publisher\":{\"@id\":\"https:\\\/\\\/www.latribunedufaso.net\\\/#organization\"},\"potentialAction\":[{\"@type\":\"SearchAction\",\"target\":{\"@type\":\"EntryPoint\",\"urlTemplate\":\"https:\\\/\\\/www.latribunedufaso.net\\\/?s={search_term_string}\"},\"query-input\":{\"@type\":\"PropertyValueSpecification\",\"valueRequired\":true,\"valueName\":\"search_term_string\"}}],\"inLanguage\":\"fr-FR\"},{\"@type\":\"Organization\",\"@id\":\"https:\\\/\\\/www.latribunedufaso.net\\\/#organization\",\"name\":\"La Tribune du Faso\",\"url\":\"https:\\\/\\\/www.latribunedufaso.net\\\/\",\"logo\":{\"@type\":\"ImageObject\",\"inLanguage\":\"fr-FR\",\"@id\":\"https:\\\/\\\/www.latribunedufaso.net\\\/#\\\/schema\\\/logo\\\/image\\\/\",\"url\":\"https:\\\/\\\/www.latribunedufaso.net\\\/wp-content\\\/uploads\\\/2020\\\/08\\\/Logo-Tribune-du-Faso-final-scaled.jpg\",\"contentUrl\":\"https:\\\/\\\/www.latribunedufaso.net\\\/wp-content\\\/uploads\\\/2020\\\/08\\\/Logo-Tribune-du-Faso-final-scaled.jpg\",\"width\":2560,\"height\":1856,\"caption\":\"La Tribune du Faso\"},\"image\":{\"@id\":\"https:\\\/\\\/www.latribunedufaso.net\\\/#\\\/schema\\\/logo\\\/image\\\/\"},\"sameAs\":[\"https:\\\/\\\/www.facebook.com\\\/LatribuneduFaso\\\/\"]},{\"@type\":\"Person\",\"@id\":\"https:\\\/\\\/www.latribunedufaso.net\\\/#\\\/schema\\\/person\\\/e54e64c5778a7e72cf80a318b7a622b0\",\"name\":\"Issouf Tapsoba\",\"image\":{\"@type\":\"ImageObject\",\"inLanguage\":\"fr-FR\",\"@id\":\"https:\\\/\\\/secure.gravatar.com\\\/avatar\\\/5e6c05150ce3230247d167f5b94d678eb05936197436d69b7921e3a95c9107ac?s=96&d=mm&r=g\",\"url\":\"https:\\\/\\\/secure.gravatar.com\\\/avatar\\\/5e6c05150ce3230247d167f5b94d678eb05936197436d69b7921e3a95c9107ac?s=96&d=mm&r=g\",\"contentUrl\":\"https:\\\/\\\/secure.gravatar.com\\\/avatar\\\/5e6c05150ce3230247d167f5b94d678eb05936197436d69b7921e3a95c9107ac?s=96&d=mm&r=g\",\"caption\":\"Issouf Tapsoba\"},\"url\":\"https:\\\/\\\/www.latribunedufaso.net\\\/?author=5\"}]}<\/script>\n<!-- \/ Yoast SEO plugin. -->","yoast_head_json":{"title":"Journ\u00e9e Mondiale contre le Travail des Enfants : Le message du ministre Mathias Traor\u00e9\u00a0 - La Tribune du Faso","robots":{"index":"index","follow":"follow","max-snippet":"max-snippet:-1","max-image-preview":"max-image-preview:large","max-video-preview":"max-video-preview:-1"},"canonical":"https:\/\/www.latribunedufaso.net\/?p=21194","og_locale":"fr_FR","og_type":"article","og_title":"Journ\u00e9e Mondiale contre le Travail des Enfants : Le message du ministre Mathias Traor\u00e9\u00a0 - La Tribune du Faso","og_description":"Ce 12 juin 2025, le monde entier comm\u00e9more la Journ\u00e9e mondiale contre le travail des enfants (JMTE). Cette initiative se veut un cadre d\u2019interpellation de la communaut\u00e9 internationale et des populations sur le ph\u00e9nom\u00e8ne du travail des enfants et la n\u00e9cessit\u00e9 d\u2019y mettre fin. A l&rsquo;occasion, le ministre charg\u00e9 du Travail et de la Protection Sociale, Matthias Traor\u00e9 a livr\u00e9 un message. Il fait l&rsquo;\u00e9tat des lieux de la lutte contre le ph\u00e9nom\u00e8ne au Burkina tout en \u00e9num\u00e9rant des acquis qu&rsquo;il faudra renforcer.","og_url":"https:\/\/www.latribunedufaso.net\/?p=21194","og_site_name":"La Tribune du Faso","article_publisher":"https:\/\/www.facebook.com\/LatribuneduFaso\/","article_published_time":"2025-06-12T08:51:31+00:00","og_image":[{"width":720,"height":527,"url":"https:\/\/www.latribunedufaso.net\/wp-content\/uploads\/2025\/06\/FB_IMG_1749717077005.jpg","type":"image\/jpeg"}],"author":"Issouf Tapsoba","twitter_misc":{"\u00c9crit par":"Issouf Tapsoba","Dur\u00e9e de lecture estim\u00e9e":"5 minutes"},"schema":{"@context":"https:\/\/schema.org","@graph":[{"@type":"Article","@id":"https:\/\/www.latribunedufaso.net\/?p=21194#article","isPartOf":{"@id":"https:\/\/www.latribunedufaso.net\/?p=21194"},"author":{"name":"Issouf Tapsoba","@id":"https:\/\/www.latribunedufaso.net\/#\/schema\/person\/e54e64c5778a7e72cf80a318b7a622b0"},"headline":"Journ\u00e9e Mondiale contre le Travail des Enfants : Le message du ministre Mathias Traor\u00e9\u00a0","datePublished":"2025-06-12T08:51:31+00:00","mainEntityOfPage":{"@id":"https:\/\/www.latribunedufaso.net\/?p=21194"},"wordCount":927,"commentCount":0,"publisher":{"@id":"https:\/\/www.latribunedufaso.net\/#organization"},"image":{"@id":"https:\/\/www.latribunedufaso.net\/?p=21194#primaryimage"},"thumbnailUrl":"https:\/\/www.latribunedufaso.net\/wp-content\/uploads\/2025\/06\/FB_IMG_1749717077005.jpg","keywords":["Journ\u00e9e mondiale contre le travail des enfants (JMTE)","latribunedufaso.net"],"articleSection":["A la une","Actualit\u00e9","Soci\u00e9t\u00e9"],"inLanguage":"fr-FR","potentialAction":[{"@type":"CommentAction","name":"Comment","target":["https:\/\/www.latribunedufaso.net\/?p=21194#respond"]}]},{"@type":"WebPage","@id":"https:\/\/www.latribunedufaso.net\/?p=21194","url":"https:\/\/www.latribunedufaso.net\/?p=21194","name":"Journ\u00e9e Mondiale contre le Travail des Enfants : Le message du ministre Mathias Traor\u00e9\u00a0 - La Tribune du Faso","isPartOf":{"@id":"https:\/\/www.latribunedufaso.net\/#website"},"primaryImageOfPage":{"@id":"https:\/\/www.latribunedufaso.net\/?p=21194#primaryimage"},"image":{"@id":"https:\/\/www.latribunedufaso.net\/?p=21194#primaryimage"},"thumbnailUrl":"https:\/\/www.latribunedufaso.net\/wp-content\/uploads\/2025\/06\/FB_IMG_1749717077005.jpg","datePublished":"2025-06-12T08:51:31+00:00","breadcrumb":{"@id":"https:\/\/www.latribunedufaso.net\/?p=21194#breadcrumb"},"inLanguage":"fr-FR","potentialAction":[{"@type":"ReadAction","target":["https:\/\/www.latribunedufaso.net\/?p=21194"]}]},{"@type":"ImageObject","inLanguage":"fr-FR","@id":"https:\/\/www.latribunedufaso.net\/?p=21194#primaryimage","url":"https:\/\/www.latribunedufaso.net\/wp-content\/uploads\/2025\/06\/FB_IMG_1749717077005.jpg","contentUrl":"https:\/\/www.latribunedufaso.net\/wp-content\/uploads\/2025\/06\/FB_IMG_1749717077005.jpg","width":720,"height":527,"caption":"Message du ministre en charge du Travail \u00e0 l'occasion de la Journ\u00e9e mondiale de lutte contre le travail des enfants, 12 juin 2025"},{"@type":"BreadcrumbList","@id":"https:\/\/www.latribunedufaso.net\/?p=21194#breadcrumb","itemListElement":[{"@type":"ListItem","position":1,"name":"Accueil","item":"https:\/\/www.latribunedufaso.net\/"},{"@type":"ListItem","position":2,"name":"Journ\u00e9e Mondiale contre le Travail des Enfants : Le message du ministre Mathias Traor\u00e9\u00a0"}]},{"@type":"WebSite","@id":"https:\/\/www.latribunedufaso.net\/#website","url":"https:\/\/www.latribunedufaso.net\/","name":"La Tribune du Faso","description":"L&#039;information du monde rural en un clic","publisher":{"@id":"https:\/\/www.latribunedufaso.net\/#organization"},"potentialAction":[{"@type":"SearchAction","target":{"@type":"EntryPoint","urlTemplate":"https:\/\/www.latribunedufaso.net\/?s={search_term_string}"},"query-input":{"@type":"PropertyValueSpecification","valueRequired":true,"valueName":"search_term_string"}}],"inLanguage":"fr-FR"},{"@type":"Organization","@id":"https:\/\/www.latribunedufaso.net\/#organization","name":"La Tribune du Faso","url":"https:\/\/www.latribunedufaso.net\/","logo":{"@type":"ImageObject","inLanguage":"fr-FR","@id":"https:\/\/www.latribunedufaso.net\/#\/schema\/logo\/image\/","url":"https:\/\/www.latribunedufaso.net\/wp-content\/uploads\/2020\/08\/Logo-Tribune-du-Faso-final-scaled.jpg","contentUrl":"https:\/\/www.latribunedufaso.net\/wp-content\/uploads\/2020\/08\/Logo-Tribune-du-Faso-final-scaled.jpg","width":2560,"height":1856,"caption":"La Tribune du Faso"},"image":{"@id":"https:\/\/www.latribunedufaso.net\/#\/schema\/logo\/image\/"},"sameAs":["https:\/\/www.facebook.com\/LatribuneduFaso\/"]},{"@type":"Person","@id":"https:\/\/www.latribunedufaso.net\/#\/schema\/person\/e54e64c5778a7e72cf80a318b7a622b0","name":"Issouf Tapsoba","image":{"@type":"ImageObject","inLanguage":"fr-FR","@id":"https:\/\/secure.gravatar.com\/avatar\/5e6c05150ce3230247d167f5b94d678eb05936197436d69b7921e3a95c9107ac?s=96&d=mm&r=g","url":"https:\/\/secure.gravatar.com\/avatar\/5e6c05150ce3230247d167f5b94d678eb05936197436d69b7921e3a95c9107ac?s=96&d=mm&r=g","contentUrl":"https:\/\/secure.gravatar.com\/avatar\/5e6c05150ce3230247d167f5b94d678eb05936197436d69b7921e3a95c9107ac?s=96&d=mm&r=g","caption":"Issouf Tapsoba"},"url":"https:\/\/www.latribunedufaso.net\/?author=5"}]}},"_links":{"self":[{"href":"https:\/\/www.latribunedufaso.net\/index.php?rest_route=\/wp\/v2\/posts\/21194","targetHints":{"allow":["GET"]}}],"collection":[{"href":"https:\/\/www.latribunedufaso.net\/index.php?rest_route=\/wp\/v2\/posts"}],"about":[{"href":"https:\/\/www.latribunedufaso.net\/index.php?rest_route=\/wp\/v2\/types\/post"}],"author":[{"embeddable":true,"href":"https:\/\/www.latribunedufaso.net\/index.php?rest_route=\/wp\/v2\/users\/5"}],"replies":[{"embeddable":true,"href":"https:\/\/www.latribunedufaso.net\/index.php?rest_route=%2Fwp%2Fv2%2Fcomments&post=21194"}],"version-history":[{"count":1,"href":"https:\/\/www.latribunedufaso.net\/index.php?rest_route=\/wp\/v2\/posts\/21194\/revisions"}],"predecessor-version":[{"id":21196,"href":"https:\/\/www.latribunedufaso.net\/index.php?rest_route=\/wp\/v2\/posts\/21194\/revisions\/21196"}],"wp:featuredmedia":[{"embeddable":true,"href":"https:\/\/www.latribunedufaso.net\/index.php?rest_route=\/wp\/v2\/media\/21195"}],"wp:attachment":[{"href":"https:\/\/www.latribunedufaso.net\/index.php?rest_route=%2Fwp%2Fv2%2Fmedia&parent=21194"}],"wp:term":[{"taxonomy":"category","embeddable":true,"href":"https:\/\/www.latribunedufaso.net\/index.php?rest_route=%2Fwp%2Fv2%2Fcategories&post=21194"},{"taxonomy":"post_tag","embeddable":true,"href":"https:\/\/www.latribunedufaso.net\/index.php?rest_route=%2Fwp%2Fv2%2Ftags&post=21194"}],"curies":[{"name":"wp","href":"https:\/\/api.w.org\/{rel}","templated":true}]}}