{"id":21156,"date":"2025-06-10T14:54:02","date_gmt":"2025-06-10T14:54:02","guid":{"rendered":"https:\/\/www.latribunedufaso.net\/?p=21156"},"modified":"2025-06-10T14:54:02","modified_gmt":"2025-06-10T14:54:02","slug":"beatification-dun-martyr-de-lhonnetete-floribert-bwana-chui-jeune-congolais-qui-a-dit-non-a-la-corruption","status":"publish","type":"post","link":"https:\/\/www.latribunedufaso.net\/?p=21156","title":{"rendered":"B\u00e9atification d&rsquo;un \u00ab martyr de l&rsquo;honn\u00eatet\u00e9 \u00bb: Floribert Bwana Chui, jeune congolais qui a dit \u00ab non \u00bb \u00e0 la corruption"},"content":{"rendered":"<p><strong>L&rsquo;Eglise catholique va proc\u00e9der \u00e0 la b\u00e9atification de Floribert Bwana Chui pour son refus h\u00e9ro\u00efque de la corruption. La c\u00e9r\u00e9monie aura lieu ce dimanche 15 juin 2025 \u00e0\u00a0la Basilique Saint-Paul-hors-les-Murs \u00e0 Rome. Martyr de la corruption, ce jeune congolais \u00e9tait membre de la Communaut\u00e9 de Sant&rsquo;Egidio. La c\u00e9r\u00e9monie est plac\u00e9e sous la pr\u00e9sidence du Cardinal Marcello Semeraro, pr\u00e9fet du dicast\u00e8re pour les causes des Saints.<\/strong><!--more--><\/p>\n<p>Ci dessous, le communiqu\u00e9 de la Communaut\u00e9 de Sant&rsquo;Egidio\u2935\ufe0f<\/p>\n<p>La Communaut\u00e9 de Sant&rsquo;Egidio a la joie d&rsquo;annoncer que la b\u00e9atification du Serviteur de Dieu Floribert Bwana Chui aura lieu le 15 juin prochain, \u00e0 17h30, en la basilique Saint-Paul-hors-les-Murs, sous la pr\u00e9sidence du cardinal Marcello Semeraro, pr\u00e9fet du Dicast\u00e8re pour les causes des saints.<\/p>\n<p>Le dioc\u00e8se de Goma, \u00e0 commencer par son \u00e9v\u00eaque Mgr Willy Ngumbi, et d&rsquo;autres repr\u00e9sentants de l&rsquo;\u00c9glise en RD Congo, dont le cardinal archev\u00eaque de Kinshasa, Fridolin Ambongo, participeront \u00e0 la c\u00e9l\u00e9bration.<\/p>\n<p>Nous rendons gr\u00e2ce pour le t\u00e9moignage de foi et de saintet\u00e9 de ce jeune homme qui a partag\u00e9 la vie de la Communaut\u00e9 dans l&rsquo;amour des pauvres et la protection des plus petits. Floribert, qui \u00e9tait douanier \u00e0 la fronti\u00e8re avec le Rwanda, engag\u00e9 depuis ses \u00e9tudes universitaires \u00e0 l&rsquo;Ecole de la paix de Sant&rsquo;Egidio \u00e0 Goma, a refus\u00e9 de laisser passer, en \u00e9change d&rsquo;argent, des cargaisons de nourriture avari\u00e9e qui auraient mis en danger la vie des plus pauvres. Pour cela, en juillet 2007, il a \u00e9t\u00e9 tortur\u00e9 et tu\u00e9 \u00e0 l&rsquo;\u00e2ge de vingt-six ans. Son martyre \u00ab en haine de la foi \u00bb a \u00e9t\u00e9 reconnu en novembre dernier par le pape Fran\u00e7ois, ouvrant la voie \u00e0 sa b\u00e9atification, car il est li\u00e9 \u00e0 la corruption et au culte de l&rsquo;argent, qui pollue l&rsquo;avenir et les espoirs de l&rsquo;Afrique. Sa r\u00e9sistance au mal est un signe d&rsquo;esp\u00e9rance et de r\u00e9surrection pour la r\u00e9gion martyre du Kivu, ravag\u00e9e depuis des ann\u00e9es par une douloureuse guerre civile qui s&rsquo;est aggrav\u00e9e ces derniers mois, mais aussi pour tous les jeunes du continent, qui constituent l&rsquo;immense majorit\u00e9 de sa population.<\/p>\n<p>C&rsquo;est par ces mots que le pape Fran\u00e7ois l&rsquo;avait rappel\u00e9, le 2 f\u00e9vrier 2023, au stade des Martyrs de Kinshasa, lors de sa visite en R\u00e9publique d\u00e9mocratique du Congo :<\/p>\n<p>\u00ab Un jeune homme comme vous, Floribert Bwana Chui, \u00e2g\u00e9 seulement de vingt-six ans, a \u00e9t\u00e9 tu\u00e9 \u00e0 Goma pour avoir bloqu\u00e9 le passage de denr\u00e9es alimentaires avari\u00e9es, qui auraient port\u00e9 atteinte \u00e0 la sant\u00e9 de la population. Il aurait pu laisser faire, on ne l&rsquo;aurait pas su et il aurait gagn\u00e9 de l&rsquo;argent. Mais en tant que chr\u00e9tien, il a pri\u00e9, il a pens\u00e9 aux autres et a choisi d&rsquo;\u00eatre honn\u00eate, en disant \u00ab\u00a0non\u00a0\u00bb \u00e0 la salet\u00e9 de la corruption. Il s&rsquo;agit de garder les mains propres, alors que les mains qui trafiquent de l&rsquo;argent sont ensanglant\u00e9es. Si quelqu&rsquo;un te tend une enveloppe, te promet des faveurs et des richesses, ne tombe pas dans le pi\u00e8ge, ne te laisse pas tromper, ne te laisse pas engloutir par le marais du mal. Ne te laisse pas vaincre par le mal, ne crois pas aux sombres complots de l&rsquo;argent, qui te plongent dans la nuit. \u00catre honn\u00eate, c&rsquo;est briller le jour, c&rsquo;est r\u00e9pandre la lumi\u00e8re de Dieu, c&rsquo;est vivre la f\u00e9licit\u00e9 de la justice : vaincre le mal par le bien ! \u00bb.<\/p>\n<p><strong>Latribunedufaso.net<\/strong><\/p>\n<p><a href=\"https:\/\/www.latribunedufaso.net\/wp-content\/uploads\/2025\/06\/IMG-20250610-WA0023.jpg\"><img loading=\"lazy\" decoding=\"async\" class=\"size-full wp-image-21160 aligncenter\" src=\"https:\/\/www.latribunedufaso.net\/wp-content\/uploads\/2025\/06\/IMG-20250610-WA0023.jpg\" alt=\"\" width=\"1080\" height=\"696\" srcset=\"https:\/\/www.latribunedufaso.net\/wp-content\/uploads\/2025\/06\/IMG-20250610-WA0023.jpg 1080w, https:\/\/www.latribunedufaso.net\/wp-content\/uploads\/2025\/06\/IMG-20250610-WA0023-300x193.jpg 300w, https:\/\/www.latribunedufaso.net\/wp-content\/uploads\/2025\/06\/IMG-20250610-WA0023-1024x660.jpg 1024w, https:\/\/www.latribunedufaso.net\/wp-content\/uploads\/2025\/06\/IMG-20250610-WA0023-768x495.jpg 768w\" sizes=\"auto, (max-width: 1080px) 100vw, 1080px\" \/><\/a> <a href=\"https:\/\/www.latribunedufaso.net\/wp-content\/uploads\/2025\/06\/IMG-20250610-WA0024.jpg\"><img loading=\"lazy\" decoding=\"async\" class=\"size-poseidonthumbnailsmall wp-image-21161 aligncenter\" src=\"https:\/\/www.latribunedufaso.net\/wp-content\/uploads\/2025\/06\/IMG-20250610-WA0024.jpg\" alt=\"\" width=\"1080\" height=\"882\" srcset=\"https:\/\/www.latribunedufaso.net\/wp-content\/uploads\/2025\/06\/IMG-20250610-WA0024.jpg 1080w, https:\/\/www.latribunedufaso.net\/wp-content\/uploads\/2025\/06\/IMG-20250610-WA0024-300x245.jpg 300w, https:\/\/www.latribunedufaso.net\/wp-content\/uploads\/2025\/06\/IMG-20250610-WA0024-1024x836.jpg 1024w, https:\/\/www.latribunedufaso.net\/wp-content\/uploads\/2025\/06\/IMG-20250610-WA0024-768x627.jpg 768w\" sizes=\"auto, (max-width: 1080px) 100vw, 1080px\" \/><\/a> <a href=\"https:\/\/www.latribunedufaso.net\/wp-content\/uploads\/2025\/06\/IMG-20250610-WA0022.jpg\"><img loading=\"lazy\" decoding=\"async\" class=\"size-poseidonthumbnailsmall wp-image-21162 aligncenter\" src=\"https:\/\/www.latribunedufaso.net\/wp-content\/uploads\/2025\/06\/IMG-20250610-WA0022.jpg\" alt=\"\" width=\"1080\" height=\"720\" srcset=\"https:\/\/www.latribunedufaso.net\/wp-content\/uploads\/2025\/06\/IMG-20250610-WA0022.jpg 1080w, https:\/\/www.latribunedufaso.net\/wp-content\/uploads\/2025\/06\/IMG-20250610-WA0022-300x200.jpg 300w, https:\/\/www.latribunedufaso.net\/wp-content\/uploads\/2025\/06\/IMG-20250610-WA0022-1024x683.jpg 1024w, https:\/\/www.latribunedufaso.net\/wp-content\/uploads\/2025\/06\/IMG-20250610-WA0022-768x512.jpg 768w, https:\/\/www.latribunedufaso.net\/wp-content\/uploads\/2025\/06\/IMG-20250610-WA0022-840x560.jpg 840w, https:\/\/www.latribunedufaso.net\/wp-content\/uploads\/2025\/06\/IMG-20250610-WA0022-120x80.jpg 120w, https:\/\/www.latribunedufaso.net\/wp-content\/uploads\/2025\/06\/IMG-20250610-WA0022-360x240.jpg 360w, https:\/\/www.latribunedufaso.net\/wp-content\/uploads\/2025\/06\/IMG-20250610-WA0022-600x400.jpg 600w\" sizes=\"auto, (max-width: 1080px) 100vw, 1080px\" \/><\/a><\/p>\n","protected":false},"excerpt":{"rendered":"<p>L&rsquo;Eglise catholique va proc\u00e9der \u00e0 la b\u00e9atification de Floribert Bwana Chui pour son refus h\u00e9ro\u00efque de la corruption. La c\u00e9r\u00e9monie aura lieu ce dimanche 15 juin 2025 \u00e0\u00a0la Basilique Saint-Paul-hors-les-Murs \u00e0 Rome. Martyr de la corruption, ce jeune congolais \u00e9tait membre de la Communaut\u00e9 de Sant&rsquo;Egidio. La c\u00e9r\u00e9monie est plac\u00e9e sous la pr\u00e9sidence du Cardinal Marcello Semeraro, pr\u00e9fet du dicast\u00e8re pour les causes des Saints.<\/p>\n","protected":false},"author":5,"featured_media":21159,"comment_status":"open","ping_status":"open","sticky":false,"template":"","format":"standard","meta":{"footnotes":""},"categories":[13,1,8],"tags":[1160,589,222],"class_list":["post-21156","post","type-post","status-publish","format-standard","has-post-thumbnail","hentry","category-une","category-actu","category-societe","tag-beatification-de-floribert-bwana-chui","tag-communaute-santegidio","tag-eglise-catholique"],"yoast_head":"<!-- This site is optimized with the Yoast SEO plugin v27.5 - https:\/\/yoast.com\/product\/yoast-seo-wordpress\/ -->\n<title>B\u00e9atification d&#039;un \u00ab martyr de l&#039;honn\u00eatet\u00e9 \u00bb: Floribert Bwana Chui, jeune congolais qui a dit \u00ab non \u00bb \u00e0 la corruption - La Tribune du Faso<\/title>\n<meta name=\"robots\" content=\"index, follow, max-snippet:-1, max-image-preview:large, max-video-preview:-1\" \/>\n<link rel=\"canonical\" href=\"https:\/\/www.latribunedufaso.net\/?p=21156\" \/>\n<meta property=\"og:locale\" content=\"fr_FR\" \/>\n<meta property=\"og:type\" content=\"article\" \/>\n<meta property=\"og:title\" content=\"B\u00e9atification d&#039;un \u00ab martyr de l&#039;honn\u00eatet\u00e9 \u00bb: Floribert Bwana Chui, jeune congolais qui a dit \u00ab non \u00bb \u00e0 la corruption - La Tribune du Faso\" \/>\n<meta property=\"og:description\" content=\"L&rsquo;Eglise catholique va proc\u00e9der \u00e0 la b\u00e9atification de Floribert Bwana Chui pour son refus h\u00e9ro\u00efque de la corruption. La c\u00e9r\u00e9monie aura lieu ce dimanche 15 juin 2025 \u00e0\u00a0la Basilique Saint-Paul-hors-les-Murs \u00e0 Rome. Martyr de la corruption, ce jeune congolais \u00e9tait membre de la Communaut\u00e9 de Sant&rsquo;Egidio. La c\u00e9r\u00e9monie est plac\u00e9e sous la pr\u00e9sidence du Cardinal Marcello Semeraro, pr\u00e9fet du dicast\u00e8re pour les causes des Saints.\" \/>\n<meta property=\"og:url\" content=\"https:\/\/www.latribunedufaso.net\/?p=21156\" \/>\n<meta property=\"og:site_name\" content=\"La Tribune du Faso\" \/>\n<meta property=\"article:publisher\" content=\"https:\/\/www.facebook.com\/LatribuneduFaso\/\" \/>\n<meta property=\"article:published_time\" content=\"2025-06-10T14:54:02+00:00\" \/>\n<meta property=\"og:image\" content=\"https:\/\/www.latribunedufaso.net\/wp-content\/uploads\/2025\/06\/IMG-20250610-WA0025_1.jpg\" \/>\n\t<meta property=\"og:image:width\" content=\"888\" \/>\n\t<meta property=\"og:image:height\" content=\"666\" \/>\n\t<meta property=\"og:image:type\" content=\"image\/jpeg\" \/>\n<meta name=\"author\" content=\"Issouf Tapsoba\" \/>\n<meta name=\"twitter:label1\" content=\"\u00c9crit par\" \/>\n\t<meta name=\"twitter:data1\" content=\"Issouf Tapsoba\" \/>\n\t<meta name=\"twitter:label2\" content=\"Dur\u00e9e de lecture estim\u00e9e\" \/>\n\t<meta name=\"twitter:data2\" content=\"3 minutes\" \/>\n<script type=\"application\/ld+json\" class=\"yoast-schema-graph\">{\"@context\":\"https:\\\/\\\/schema.org\",\"@graph\":[{\"@type\":\"Article\",\"@id\":\"https:\\\/\\\/www.latribunedufaso.net\\\/?p=21156#article\",\"isPartOf\":{\"@id\":\"https:\\\/\\\/www.latribunedufaso.net\\\/?p=21156\"},\"author\":{\"name\":\"Issouf Tapsoba\",\"@id\":\"https:\\\/\\\/www.latribunedufaso.net\\\/#\\\/schema\\\/person\\\/e54e64c5778a7e72cf80a318b7a622b0\"},\"headline\":\"B\u00e9atification d&rsquo;un \u00ab martyr de l&rsquo;honn\u00eatet\u00e9 \u00bb: Floribert Bwana Chui, jeune congolais qui a dit \u00ab non \u00bb \u00e0 la corruption\",\"datePublished\":\"2025-06-10T14:54:02+00:00\",\"mainEntityOfPage\":{\"@id\":\"https:\\\/\\\/www.latribunedufaso.net\\\/?p=21156\"},\"wordCount\":625,\"commentCount\":0,\"publisher\":{\"@id\":\"https:\\\/\\\/www.latribunedufaso.net\\\/#organization\"},\"image\":{\"@id\":\"https:\\\/\\\/www.latribunedufaso.net\\\/?p=21156#primaryimage\"},\"thumbnailUrl\":\"https:\\\/\\\/www.latribunedufaso.net\\\/wp-content\\\/uploads\\\/2025\\\/06\\\/IMG-20250610-WA0025_1.jpg\",\"keywords\":[\"B\u00e9atification de Floribert Bwana Chui\",\"Communaut\u00e9 Sant'Egidio\",\"Eglise catholique\"],\"articleSection\":[\"A la une\",\"Actualit\u00e9\",\"Soci\u00e9t\u00e9\"],\"inLanguage\":\"fr-FR\",\"potentialAction\":[{\"@type\":\"CommentAction\",\"name\":\"Comment\",\"target\":[\"https:\\\/\\\/www.latribunedufaso.net\\\/?p=21156#respond\"]}]},{\"@type\":\"WebPage\",\"@id\":\"https:\\\/\\\/www.latribunedufaso.net\\\/?p=21156\",\"url\":\"https:\\\/\\\/www.latribunedufaso.net\\\/?p=21156\",\"name\":\"B\u00e9atification d'un \u00ab martyr de l'honn\u00eatet\u00e9 \u00bb: Floribert Bwana Chui, jeune congolais qui a dit \u00ab non \u00bb \u00e0 la corruption - La Tribune du Faso\",\"isPartOf\":{\"@id\":\"https:\\\/\\\/www.latribunedufaso.net\\\/#website\"},\"primaryImageOfPage\":{\"@id\":\"https:\\\/\\\/www.latribunedufaso.net\\\/?p=21156#primaryimage\"},\"image\":{\"@id\":\"https:\\\/\\\/www.latribunedufaso.net\\\/?p=21156#primaryimage\"},\"thumbnailUrl\":\"https:\\\/\\\/www.latribunedufaso.net\\\/wp-content\\\/uploads\\\/2025\\\/06\\\/IMG-20250610-WA0025_1.jpg\",\"datePublished\":\"2025-06-10T14:54:02+00:00\",\"breadcrumb\":{\"@id\":\"https:\\\/\\\/www.latribunedufaso.net\\\/?p=21156#breadcrumb\"},\"inLanguage\":\"fr-FR\",\"potentialAction\":[{\"@type\":\"ReadAction\",\"target\":[\"https:\\\/\\\/www.latribunedufaso.net\\\/?p=21156\"]}]},{\"@type\":\"ImageObject\",\"inLanguage\":\"fr-FR\",\"@id\":\"https:\\\/\\\/www.latribunedufaso.net\\\/?p=21156#primaryimage\",\"url\":\"https:\\\/\\\/www.latribunedufaso.net\\\/wp-content\\\/uploads\\\/2025\\\/06\\\/IMG-20250610-WA0025_1.jpg\",\"contentUrl\":\"https:\\\/\\\/www.latribunedufaso.net\\\/wp-content\\\/uploads\\\/2025\\\/06\\\/IMG-20250610-WA0025_1.jpg\",\"width\":888,\"height\":666,\"caption\":\"La b\u00e9atification du jeune congolais, Floribert Bwana Chui pour son refus h\u00e9ro\u00efque de la corruption\"},{\"@type\":\"BreadcrumbList\",\"@id\":\"https:\\\/\\\/www.latribunedufaso.net\\\/?p=21156#breadcrumb\",\"itemListElement\":[{\"@type\":\"ListItem\",\"position\":1,\"name\":\"Accueil\",\"item\":\"https:\\\/\\\/www.latribunedufaso.net\\\/\"},{\"@type\":\"ListItem\",\"position\":2,\"name\":\"B\u00e9atification d&rsquo;un \u00ab martyr de l&rsquo;honn\u00eatet\u00e9 \u00bb: Floribert Bwana Chui, jeune congolais qui a dit \u00ab non \u00bb \u00e0 la corruption\"}]},{\"@type\":\"WebSite\",\"@id\":\"https:\\\/\\\/www.latribunedufaso.net\\\/#website\",\"url\":\"https:\\\/\\\/www.latribunedufaso.net\\\/\",\"name\":\"La Tribune du Faso\",\"description\":\"L&#039;information du monde rural en un clic\",\"publisher\":{\"@id\":\"https:\\\/\\\/www.latribunedufaso.net\\\/#organization\"},\"potentialAction\":[{\"@type\":\"SearchAction\",\"target\":{\"@type\":\"EntryPoint\",\"urlTemplate\":\"https:\\\/\\\/www.latribunedufaso.net\\\/?s={search_term_string}\"},\"query-input\":{\"@type\":\"PropertyValueSpecification\",\"valueRequired\":true,\"valueName\":\"search_term_string\"}}],\"inLanguage\":\"fr-FR\"},{\"@type\":\"Organization\",\"@id\":\"https:\\\/\\\/www.latribunedufaso.net\\\/#organization\",\"name\":\"La Tribune du Faso\",\"url\":\"https:\\\/\\\/www.latribunedufaso.net\\\/\",\"logo\":{\"@type\":\"ImageObject\",\"inLanguage\":\"fr-FR\",\"@id\":\"https:\\\/\\\/www.latribunedufaso.net\\\/#\\\/schema\\\/logo\\\/image\\\/\",\"url\":\"https:\\\/\\\/www.latribunedufaso.net\\\/wp-content\\\/uploads\\\/2020\\\/08\\\/Logo-Tribune-du-Faso-final-scaled.jpg\",\"contentUrl\":\"https:\\\/\\\/www.latribunedufaso.net\\\/wp-content\\\/uploads\\\/2020\\\/08\\\/Logo-Tribune-du-Faso-final-scaled.jpg\",\"width\":2560,\"height\":1856,\"caption\":\"La Tribune du Faso\"},\"image\":{\"@id\":\"https:\\\/\\\/www.latribunedufaso.net\\\/#\\\/schema\\\/logo\\\/image\\\/\"},\"sameAs\":[\"https:\\\/\\\/www.facebook.com\\\/LatribuneduFaso\\\/\"]},{\"@type\":\"Person\",\"@id\":\"https:\\\/\\\/www.latribunedufaso.net\\\/#\\\/schema\\\/person\\\/e54e64c5778a7e72cf80a318b7a622b0\",\"name\":\"Issouf Tapsoba\",\"image\":{\"@type\":\"ImageObject\",\"inLanguage\":\"fr-FR\",\"@id\":\"https:\\\/\\\/secure.gravatar.com\\\/avatar\\\/5e6c05150ce3230247d167f5b94d678eb05936197436d69b7921e3a95c9107ac?s=96&d=mm&r=g\",\"url\":\"https:\\\/\\\/secure.gravatar.com\\\/avatar\\\/5e6c05150ce3230247d167f5b94d678eb05936197436d69b7921e3a95c9107ac?s=96&d=mm&r=g\",\"contentUrl\":\"https:\\\/\\\/secure.gravatar.com\\\/avatar\\\/5e6c05150ce3230247d167f5b94d678eb05936197436d69b7921e3a95c9107ac?s=96&d=mm&r=g\",\"caption\":\"Issouf Tapsoba\"},\"url\":\"https:\\\/\\\/www.latribunedufaso.net\\\/?author=5\"}]}<\/script>\n<!-- \/ Yoast SEO plugin. -->","yoast_head_json":{"title":"B\u00e9atification d'un \u00ab martyr de l'honn\u00eatet\u00e9 \u00bb: Floribert Bwana Chui, jeune congolais qui a dit \u00ab non \u00bb \u00e0 la corruption - La Tribune du Faso","robots":{"index":"index","follow":"follow","max-snippet":"max-snippet:-1","max-image-preview":"max-image-preview:large","max-video-preview":"max-video-preview:-1"},"canonical":"https:\/\/www.latribunedufaso.net\/?p=21156","og_locale":"fr_FR","og_type":"article","og_title":"B\u00e9atification d'un \u00ab martyr de l'honn\u00eatet\u00e9 \u00bb: Floribert Bwana Chui, jeune congolais qui a dit \u00ab non \u00bb \u00e0 la corruption - La Tribune du Faso","og_description":"L&rsquo;Eglise catholique va proc\u00e9der \u00e0 la b\u00e9atification de Floribert Bwana Chui pour son refus h\u00e9ro\u00efque de la corruption. La c\u00e9r\u00e9monie aura lieu ce dimanche 15 juin 2025 \u00e0\u00a0la Basilique Saint-Paul-hors-les-Murs \u00e0 Rome. Martyr de la corruption, ce jeune congolais \u00e9tait membre de la Communaut\u00e9 de Sant&rsquo;Egidio. La c\u00e9r\u00e9monie est plac\u00e9e sous la pr\u00e9sidence du Cardinal Marcello Semeraro, pr\u00e9fet du dicast\u00e8re pour les causes des Saints.","og_url":"https:\/\/www.latribunedufaso.net\/?p=21156","og_site_name":"La Tribune du Faso","article_publisher":"https:\/\/www.facebook.com\/LatribuneduFaso\/","article_published_time":"2025-06-10T14:54:02+00:00","og_image":[{"width":888,"height":666,"url":"https:\/\/www.latribunedufaso.net\/wp-content\/uploads\/2025\/06\/IMG-20250610-WA0025_1.jpg","type":"image\/jpeg"}],"author":"Issouf Tapsoba","twitter_misc":{"\u00c9crit par":"Issouf Tapsoba","Dur\u00e9e de lecture estim\u00e9e":"3 minutes"},"schema":{"@context":"https:\/\/schema.org","@graph":[{"@type":"Article","@id":"https:\/\/www.latribunedufaso.net\/?p=21156#article","isPartOf":{"@id":"https:\/\/www.latribunedufaso.net\/?p=21156"},"author":{"name":"Issouf Tapsoba","@id":"https:\/\/www.latribunedufaso.net\/#\/schema\/person\/e54e64c5778a7e72cf80a318b7a622b0"},"headline":"B\u00e9atification d&rsquo;un \u00ab martyr de l&rsquo;honn\u00eatet\u00e9 \u00bb: Floribert Bwana Chui, jeune congolais qui a dit \u00ab non \u00bb \u00e0 la corruption","datePublished":"2025-06-10T14:54:02+00:00","mainEntityOfPage":{"@id":"https:\/\/www.latribunedufaso.net\/?p=21156"},"wordCount":625,"commentCount":0,"publisher":{"@id":"https:\/\/www.latribunedufaso.net\/#organization"},"image":{"@id":"https:\/\/www.latribunedufaso.net\/?p=21156#primaryimage"},"thumbnailUrl":"https:\/\/www.latribunedufaso.net\/wp-content\/uploads\/2025\/06\/IMG-20250610-WA0025_1.jpg","keywords":["B\u00e9atification de Floribert Bwana Chui","Communaut\u00e9 Sant'Egidio","Eglise catholique"],"articleSection":["A la une","Actualit\u00e9","Soci\u00e9t\u00e9"],"inLanguage":"fr-FR","potentialAction":[{"@type":"CommentAction","name":"Comment","target":["https:\/\/www.latribunedufaso.net\/?p=21156#respond"]}]},{"@type":"WebPage","@id":"https:\/\/www.latribunedufaso.net\/?p=21156","url":"https:\/\/www.latribunedufaso.net\/?p=21156","name":"B\u00e9atification d'un \u00ab martyr de l'honn\u00eatet\u00e9 \u00bb: Floribert Bwana Chui, jeune congolais qui a dit \u00ab non \u00bb \u00e0 la corruption - La Tribune du Faso","isPartOf":{"@id":"https:\/\/www.latribunedufaso.net\/#website"},"primaryImageOfPage":{"@id":"https:\/\/www.latribunedufaso.net\/?p=21156#primaryimage"},"image":{"@id":"https:\/\/www.latribunedufaso.net\/?p=21156#primaryimage"},"thumbnailUrl":"https:\/\/www.latribunedufaso.net\/wp-content\/uploads\/2025\/06\/IMG-20250610-WA0025_1.jpg","datePublished":"2025-06-10T14:54:02+00:00","breadcrumb":{"@id":"https:\/\/www.latribunedufaso.net\/?p=21156#breadcrumb"},"inLanguage":"fr-FR","potentialAction":[{"@type":"ReadAction","target":["https:\/\/www.latribunedufaso.net\/?p=21156"]}]},{"@type":"ImageObject","inLanguage":"fr-FR","@id":"https:\/\/www.latribunedufaso.net\/?p=21156#primaryimage","url":"https:\/\/www.latribunedufaso.net\/wp-content\/uploads\/2025\/06\/IMG-20250610-WA0025_1.jpg","contentUrl":"https:\/\/www.latribunedufaso.net\/wp-content\/uploads\/2025\/06\/IMG-20250610-WA0025_1.jpg","width":888,"height":666,"caption":"La b\u00e9atification du jeune congolais, Floribert Bwana Chui pour son refus h\u00e9ro\u00efque de la corruption"},{"@type":"BreadcrumbList","@id":"https:\/\/www.latribunedufaso.net\/?p=21156#breadcrumb","itemListElement":[{"@type":"ListItem","position":1,"name":"Accueil","item":"https:\/\/www.latribunedufaso.net\/"},{"@type":"ListItem","position":2,"name":"B\u00e9atification d&rsquo;un \u00ab martyr de l&rsquo;honn\u00eatet\u00e9 \u00bb: Floribert Bwana Chui, jeune congolais qui a dit \u00ab non \u00bb \u00e0 la corruption"}]},{"@type":"WebSite","@id":"https:\/\/www.latribunedufaso.net\/#website","url":"https:\/\/www.latribunedufaso.net\/","name":"La Tribune du Faso","description":"L&#039;information du monde rural en un clic","publisher":{"@id":"https:\/\/www.latribunedufaso.net\/#organization"},"potentialAction":[{"@type":"SearchAction","target":{"@type":"EntryPoint","urlTemplate":"https:\/\/www.latribunedufaso.net\/?s={search_term_string}"},"query-input":{"@type":"PropertyValueSpecification","valueRequired":true,"valueName":"search_term_string"}}],"inLanguage":"fr-FR"},{"@type":"Organization","@id":"https:\/\/www.latribunedufaso.net\/#organization","name":"La Tribune du Faso","url":"https:\/\/www.latribunedufaso.net\/","logo":{"@type":"ImageObject","inLanguage":"fr-FR","@id":"https:\/\/www.latribunedufaso.net\/#\/schema\/logo\/image\/","url":"https:\/\/www.latribunedufaso.net\/wp-content\/uploads\/2020\/08\/Logo-Tribune-du-Faso-final-scaled.jpg","contentUrl":"https:\/\/www.latribunedufaso.net\/wp-content\/uploads\/2020\/08\/Logo-Tribune-du-Faso-final-scaled.jpg","width":2560,"height":1856,"caption":"La Tribune du Faso"},"image":{"@id":"https:\/\/www.latribunedufaso.net\/#\/schema\/logo\/image\/"},"sameAs":["https:\/\/www.facebook.com\/LatribuneduFaso\/"]},{"@type":"Person","@id":"https:\/\/www.latribunedufaso.net\/#\/schema\/person\/e54e64c5778a7e72cf80a318b7a622b0","name":"Issouf Tapsoba","image":{"@type":"ImageObject","inLanguage":"fr-FR","@id":"https:\/\/secure.gravatar.com\/avatar\/5e6c05150ce3230247d167f5b94d678eb05936197436d69b7921e3a95c9107ac?s=96&d=mm&r=g","url":"https:\/\/secure.gravatar.com\/avatar\/5e6c05150ce3230247d167f5b94d678eb05936197436d69b7921e3a95c9107ac?s=96&d=mm&r=g","contentUrl":"https:\/\/secure.gravatar.com\/avatar\/5e6c05150ce3230247d167f5b94d678eb05936197436d69b7921e3a95c9107ac?s=96&d=mm&r=g","caption":"Issouf Tapsoba"},"url":"https:\/\/www.latribunedufaso.net\/?author=5"}]}},"_links":{"self":[{"href":"https:\/\/www.latribunedufaso.net\/index.php?rest_route=\/wp\/v2\/posts\/21156","targetHints":{"allow":["GET"]}}],"collection":[{"href":"https:\/\/www.latribunedufaso.net\/index.php?rest_route=\/wp\/v2\/posts"}],"about":[{"href":"https:\/\/www.latribunedufaso.net\/index.php?rest_route=\/wp\/v2\/types\/post"}],"author":[{"embeddable":true,"href":"https:\/\/www.latribunedufaso.net\/index.php?rest_route=\/wp\/v2\/users\/5"}],"replies":[{"embeddable":true,"href":"https:\/\/www.latribunedufaso.net\/index.php?rest_route=%2Fwp%2Fv2%2Fcomments&post=21156"}],"version-history":[{"count":1,"href":"https:\/\/www.latribunedufaso.net\/index.php?rest_route=\/wp\/v2\/posts\/21156\/revisions"}],"predecessor-version":[{"id":21163,"href":"https:\/\/www.latribunedufaso.net\/index.php?rest_route=\/wp\/v2\/posts\/21156\/revisions\/21163"}],"wp:featuredmedia":[{"embeddable":true,"href":"https:\/\/www.latribunedufaso.net\/index.php?rest_route=\/wp\/v2\/media\/21159"}],"wp:attachment":[{"href":"https:\/\/www.latribunedufaso.net\/index.php?rest_route=%2Fwp%2Fv2%2Fmedia&parent=21156"}],"wp:term":[{"taxonomy":"category","embeddable":true,"href":"https:\/\/www.latribunedufaso.net\/index.php?rest_route=%2Fwp%2Fv2%2Fcategories&post=21156"},{"taxonomy":"post_tag","embeddable":true,"href":"https:\/\/www.latribunedufaso.net\/index.php?rest_route=%2Fwp%2Fv2%2Ftags&post=21156"}],"curies":[{"name":"wp","href":"https:\/\/api.w.org\/{rel}","templated":true}]}}