{"id":21133,"date":"2025-06-10T12:01:06","date_gmt":"2025-06-10T12:01:06","guid":{"rendered":"https:\/\/www.latribunedufaso.net\/?p=21133"},"modified":"2025-06-10T12:01:06","modified_gmt":"2025-06-10T12:01:06","slug":"gurunga-du-cineaste-ildevert-meda-une-comedie-burkinabe-qui-celebre-la-parente-a-plaisanterie-et-renforce-la-cohesion-sociale","status":"publish","type":"post","link":"https:\/\/www.latribunedufaso.net\/?p=21133","title":{"rendered":"\u00ab GURUNGA \u00bb du cin\u00e9aste Ildevert Meda : une com\u00e9die burkinab\u00e8 qui c\u00e9l\u00e8bre la parent\u00e9 \u00e0 plaisanterie et renforce la coh\u00e9sion sociale"},"content":{"rendered":"<p><strong>Dans la soir\u00e9e du 9 juin 2025, le ministre de la Communication, de la Culture, des Arts et du Tourisme, Gilbert Ouedraogo a assist\u00e9 \u00e0 l\u2019avant-premi\u00e8re de la projection du long m\u00e9trage <em>\u00ab GURUNGA, une marmite pour un projet \u00bb<\/em> au Cin\u00e9 Burkina \u00e0 Ouagadougou.<\/strong><!--more--><\/p>\n<p>R\u00e9alis\u00e9e par le cin\u00e9aste burkinab\u00e8 Ildevert Meda, cette fiction pleine d\u2019humour et de sens d\u2019une heure cinquante minutes (1h50min) met en lumi\u00e8re les aventures rocambolesques de Gurunga, un fier Gurunsi mari\u00e9 \u00e0 une femme Bissa.<\/p>\n<figure id=\"attachment_21135\" aria-describedby=\"caption-attachment-21135\" style=\"width: 720px\" class=\"wp-caption aligncenter\"><a href=\"https:\/\/www.latribunedufaso.net\/wp-content\/uploads\/2025\/06\/FB_IMG_1749555932034.jpg\"><img loading=\"lazy\" decoding=\"async\" class=\"size-full wp-image-21135\" src=\"https:\/\/www.latribunedufaso.net\/wp-content\/uploads\/2025\/06\/FB_IMG_1749555932034.jpg\" alt=\"Le ministre charg\u00e9 de la Culture, Gilbert Ou\u00e9draogo a assist\u00e9 \u00e0 la projection de l'avant premi\u00e8re du film GURUNGA de Ildevert Meda, 9 juin 2025\" width=\"720\" height=\"538\" srcset=\"https:\/\/www.latribunedufaso.net\/wp-content\/uploads\/2025\/06\/FB_IMG_1749555932034.jpg 720w, https:\/\/www.latribunedufaso.net\/wp-content\/uploads\/2025\/06\/FB_IMG_1749555932034-300x224.jpg 300w\" sizes=\"auto, (max-width: 720px) 100vw, 720px\" \/><\/a><figcaption id=\"caption-attachment-21135\" class=\"wp-caption-text\">Le ministre charg\u00e9 de la Culture, Gilbert Ou\u00e9draogo &#8211; Ph. DR<\/figcaption><\/figure>\n<p>Entre cabarets, chamailleries conjugales et quiproquos culturels, le quotidien de ce couple devient un v\u00e9ritable terrain de com\u00e9die. Mais derri\u00e8re les \u00e9clats de rire, le film transmet un message fort : la parent\u00e9 \u00e0 plaisanterie peut \u00eatre un outil de paix, de tol\u00e9rance et de coh\u00e9sion sociale.<\/p>\n<p>Pour le ministre Gilbert Ouedraogo, ce film est bien plus qu\u2019une simple com\u00e9die : <em><strong>\u00ab Il s\u2019agit d\u2019un appel \u00e0 revisiter nos valeurs traditionnelles, notamment la parent\u00e9 \u00e0 plaisanterie, pour b\u00e2tir la coh\u00e9sion sociale. Ce long m\u00e9trage est une v\u00e9ritable le\u00e7on de vivre-ensemble \u00bb,<\/strong><\/em> a-t-il soutenu.<\/p>\n<figure id=\"attachment_21137\" aria-describedby=\"caption-attachment-21137\" style=\"width: 720px\" class=\"wp-caption aligncenter\"><a href=\"https:\/\/www.latribunedufaso.net\/wp-content\/uploads\/2025\/06\/FB_IMG_1749555967312.jpg\"><img loading=\"lazy\" decoding=\"async\" class=\"size-full wp-image-21137\" src=\"https:\/\/www.latribunedufaso.net\/wp-content\/uploads\/2025\/06\/FB_IMG_1749555967312.jpg\" alt=\"Le ministre charg\u00e9 de la Culture, Gilbert Ou\u00e9draogo a assist\u00e9 \u00e0 la projection de l'avant premi\u00e8re du film GURUNGA de Ildevert Meda, 9 juin 2025\" width=\"720\" height=\"480\" srcset=\"https:\/\/www.latribunedufaso.net\/wp-content\/uploads\/2025\/06\/FB_IMG_1749555967312.jpg 720w, https:\/\/www.latribunedufaso.net\/wp-content\/uploads\/2025\/06\/FB_IMG_1749555967312-300x200.jpg 300w, https:\/\/www.latribunedufaso.net\/wp-content\/uploads\/2025\/06\/FB_IMG_1749555967312-120x80.jpg 120w, https:\/\/www.latribunedufaso.net\/wp-content\/uploads\/2025\/06\/FB_IMG_1749555967312-360x240.jpg 360w, https:\/\/www.latribunedufaso.net\/wp-content\/uploads\/2025\/06\/FB_IMG_1749555967312-600x400.jpg 600w\" sizes=\"auto, (max-width: 720px) 100vw, 720px\" \/><\/a><figcaption id=\"caption-attachment-21137\" class=\"wp-caption-text\">Une vue des cin\u00e9philes dans la salle de projection &#8211; Ph. DR<\/figcaption><\/figure>\n<p>Le chef du d\u00e9partement de la Culture a par ailleurs saisi l\u2019occasion pour inviter tous les cin\u00e9philes burkinab\u00e8 \u00e0 aller d\u00e9couvrir cette \u0153uvre qui met en valeur l\u2019humour comme outil de dialogue social. Il a enfin lancer l\u2019appel \u00e0 tous les cin\u00e9astes burkinab\u00e8 \u00e0 \u0153uvrer afin que des <em><strong>\u00ab contenus endog\u00e8nes envahissent nos \u00e9crans \u00bb.<\/strong><\/em><\/p>\n<p>\u00c0 l\u2019issue de la projection, le r\u00e9alisateur Ildevert Meda, a remerci\u00e9 le ministre de la Culture, soulignant que sa pr\u00e9sence valorise et honore le travail accompli. Pour lui, il est primordial de pr\u00e9server la parent\u00e9 \u00e0 plaisanterie qui joue un r\u00f4le essentiel dans le renforcement du lien social et du vivre-ensemble entre les communaut\u00e9s.<\/p>\n<figure id=\"attachment_21134\" aria-describedby=\"caption-attachment-21134\" style=\"width: 720px\" class=\"wp-caption aligncenter\"><a href=\"https:\/\/www.latribunedufaso.net\/wp-content\/uploads\/2025\/06\/FB_IMG_1749555928818.jpg\"><img loading=\"lazy\" decoding=\"async\" class=\"size-full wp-image-21134\" src=\"https:\/\/www.latribunedufaso.net\/wp-content\/uploads\/2025\/06\/FB_IMG_1749555928818.jpg\" alt=\"Le ministre charg\u00e9 de la Culture, Gilbert Ou\u00e9draogo a assist\u00e9 \u00e0 la projection de l'avant premi\u00e8re du film GURUNGA de Ildevert Meda, 9 juin 2025\" width=\"720\" height=\"480\" srcset=\"https:\/\/www.latribunedufaso.net\/wp-content\/uploads\/2025\/06\/FB_IMG_1749555928818.jpg 720w, https:\/\/www.latribunedufaso.net\/wp-content\/uploads\/2025\/06\/FB_IMG_1749555928818-300x200.jpg 300w, https:\/\/www.latribunedufaso.net\/wp-content\/uploads\/2025\/06\/FB_IMG_1749555928818-120x80.jpg 120w, https:\/\/www.latribunedufaso.net\/wp-content\/uploads\/2025\/06\/FB_IMG_1749555928818-360x240.jpg 360w, https:\/\/www.latribunedufaso.net\/wp-content\/uploads\/2025\/06\/FB_IMG_1749555928818-600x400.jpg 600w\" sizes=\"auto, (max-width: 720px) 100vw, 720px\" \/><\/a><figcaption id=\"caption-attachment-21134\" class=\"wp-caption-text\">Le r\u00e9alisateur du film GURUNGA, Ildevert Meda &#8211; Ph. DR<\/figcaption><\/figure>\n<p><em><strong>\u00ab GURUNGA, une marmite pour un projet \u00bb<\/strong><\/em> est \u00e0 l\u2019affiche au Cin\u00e9 Burkina du 9 au 22 juin 2025.\u00a0<\/p>\n<p><strong>Latribunedufaso.net\u00a0<\/strong><\/p>\n<p><strong>Source : DCRP\/ MCCAT<\/strong><\/p>\n<p>Lire aussi &gt;&gt; <a href=\"https:\/\/www.latribunedufaso.net\/?p=19017\">FESPACO 2025 : Un hommage rendu aux pionniers du cin\u00e9ma africain<\/a><\/p>\n","protected":false},"excerpt":{"rendered":"<p>Dans la soir\u00e9e du 9 juin 2025, le ministre de la Communication, de la Culture, des Arts et du Tourisme, Gilbert Ouedraogo a assist\u00e9 \u00e0 l\u2019avant-premi\u00e8re de la projection du long m\u00e9trage \u00ab GURUNGA, une marmite pour un projet \u00bb au Cin\u00e9 Burkina \u00e0 Ouagadougou.<\/p>\n","protected":false},"author":5,"featured_media":21136,"comment_status":"open","ping_status":"open","sticky":false,"template":"","format":"standard","meta":{"footnotes":""},"categories":[13,1,30],"tags":[149,1156,39,409],"class_list":["post-21133","post","type-post","status-publish","format-standard","has-post-thumbnail","hentry","category-une","category-actu","category-art-et-culture","tag-cohesion-sociale","tag-film-gurunga-de-ildevert-meda","tag-latribunedufaso-net","tag-parente-a-plaisanterie"],"yoast_head":"<!-- This site is optimized with the Yoast SEO plugin v27.5 - https:\/\/yoast.com\/product\/yoast-seo-wordpress\/ -->\n<title>\u00ab GURUNGA \u00bb du cin\u00e9aste Ildevert Meda : une com\u00e9die burkinab\u00e8 qui c\u00e9l\u00e8bre la parent\u00e9 \u00e0 plaisanterie et renforce la coh\u00e9sion sociale - La Tribune du Faso<\/title>\n<meta name=\"robots\" content=\"index, follow, max-snippet:-1, max-image-preview:large, max-video-preview:-1\" \/>\n<link rel=\"canonical\" href=\"https:\/\/www.latribunedufaso.net\/?p=21133\" \/>\n<meta property=\"og:locale\" content=\"fr_FR\" \/>\n<meta property=\"og:type\" content=\"article\" \/>\n<meta property=\"og:title\" content=\"\u00ab GURUNGA \u00bb du cin\u00e9aste Ildevert Meda : une com\u00e9die burkinab\u00e8 qui c\u00e9l\u00e8bre la parent\u00e9 \u00e0 plaisanterie et renforce la coh\u00e9sion sociale - La Tribune du Faso\" \/>\n<meta property=\"og:description\" content=\"Dans la soir\u00e9e du 9 juin 2025, le ministre de la Communication, de la Culture, des Arts et du Tourisme, Gilbert Ouedraogo a assist\u00e9 \u00e0 l\u2019avant-premi\u00e8re de la projection du long m\u00e9trage \u00ab GURUNGA, une marmite pour un projet \u00bb au Cin\u00e9 Burkina \u00e0 Ouagadougou.\" \/>\n<meta property=\"og:url\" content=\"https:\/\/www.latribunedufaso.net\/?p=21133\" \/>\n<meta property=\"og:site_name\" content=\"La Tribune du Faso\" \/>\n<meta property=\"article:publisher\" content=\"https:\/\/www.facebook.com\/LatribuneduFaso\/\" \/>\n<meta property=\"article:published_time\" content=\"2025-06-10T12:01:06+00:00\" \/>\n<meta property=\"og:image\" content=\"https:\/\/www.latribunedufaso.net\/wp-content\/uploads\/2025\/06\/FB_IMG_1749555952307.jpg\" \/>\n\t<meta property=\"og:image:width\" content=\"720\" \/>\n\t<meta property=\"og:image:height\" content=\"480\" \/>\n\t<meta property=\"og:image:type\" content=\"image\/jpeg\" \/>\n<meta name=\"author\" content=\"Issouf Tapsoba\" \/>\n<meta name=\"twitter:label1\" content=\"\u00c9crit par\" \/>\n\t<meta name=\"twitter:data1\" content=\"Issouf Tapsoba\" \/>\n\t<meta name=\"twitter:label2\" content=\"Dur\u00e9e de lecture estim\u00e9e\" \/>\n\t<meta name=\"twitter:data2\" content=\"2 minutes\" \/>\n<script type=\"application\/ld+json\" class=\"yoast-schema-graph\">{\"@context\":\"https:\\\/\\\/schema.org\",\"@graph\":[{\"@type\":\"Article\",\"@id\":\"https:\\\/\\\/www.latribunedufaso.net\\\/?p=21133#article\",\"isPartOf\":{\"@id\":\"https:\\\/\\\/www.latribunedufaso.net\\\/?p=21133\"},\"author\":{\"name\":\"Issouf Tapsoba\",\"@id\":\"https:\\\/\\\/www.latribunedufaso.net\\\/#\\\/schema\\\/person\\\/e54e64c5778a7e72cf80a318b7a622b0\"},\"headline\":\"\u00ab GURUNGA \u00bb du cin\u00e9aste Ildevert Meda : une com\u00e9die burkinab\u00e8 qui c\u00e9l\u00e8bre la parent\u00e9 \u00e0 plaisanterie et renforce la coh\u00e9sion sociale\",\"datePublished\":\"2025-06-10T12:01:06+00:00\",\"mainEntityOfPage\":{\"@id\":\"https:\\\/\\\/www.latribunedufaso.net\\\/?p=21133\"},\"wordCount\":414,\"commentCount\":0,\"publisher\":{\"@id\":\"https:\\\/\\\/www.latribunedufaso.net\\\/#organization\"},\"image\":{\"@id\":\"https:\\\/\\\/www.latribunedufaso.net\\\/?p=21133#primaryimage\"},\"thumbnailUrl\":\"https:\\\/\\\/www.latribunedufaso.net\\\/wp-content\\\/uploads\\\/2025\\\/06\\\/FB_IMG_1749555952307.jpg\",\"keywords\":[\"coh\u00e9sion sociale\",\"Film GURUNGA de Ildevert Meda\",\"latribunedufaso.net\",\"Parent\u00e9 \u00e0 plaisanterie\"],\"articleSection\":[\"A la une\",\"Actualit\u00e9\",\"Art et Culture\"],\"inLanguage\":\"fr-FR\",\"potentialAction\":[{\"@type\":\"CommentAction\",\"name\":\"Comment\",\"target\":[\"https:\\\/\\\/www.latribunedufaso.net\\\/?p=21133#respond\"]}]},{\"@type\":\"WebPage\",\"@id\":\"https:\\\/\\\/www.latribunedufaso.net\\\/?p=21133\",\"url\":\"https:\\\/\\\/www.latribunedufaso.net\\\/?p=21133\",\"name\":\"\u00ab GURUNGA \u00bb du cin\u00e9aste Ildevert Meda : une com\u00e9die burkinab\u00e8 qui c\u00e9l\u00e8bre la parent\u00e9 \u00e0 plaisanterie et renforce la coh\u00e9sion sociale - La Tribune du Faso\",\"isPartOf\":{\"@id\":\"https:\\\/\\\/www.latribunedufaso.net\\\/#website\"},\"primaryImageOfPage\":{\"@id\":\"https:\\\/\\\/www.latribunedufaso.net\\\/?p=21133#primaryimage\"},\"image\":{\"@id\":\"https:\\\/\\\/www.latribunedufaso.net\\\/?p=21133#primaryimage\"},\"thumbnailUrl\":\"https:\\\/\\\/www.latribunedufaso.net\\\/wp-content\\\/uploads\\\/2025\\\/06\\\/FB_IMG_1749555952307.jpg\",\"datePublished\":\"2025-06-10T12:01:06+00:00\",\"breadcrumb\":{\"@id\":\"https:\\\/\\\/www.latribunedufaso.net\\\/?p=21133#breadcrumb\"},\"inLanguage\":\"fr-FR\",\"potentialAction\":[{\"@type\":\"ReadAction\",\"target\":[\"https:\\\/\\\/www.latribunedufaso.net\\\/?p=21133\"]}]},{\"@type\":\"ImageObject\",\"inLanguage\":\"fr-FR\",\"@id\":\"https:\\\/\\\/www.latribunedufaso.net\\\/?p=21133#primaryimage\",\"url\":\"https:\\\/\\\/www.latribunedufaso.net\\\/wp-content\\\/uploads\\\/2025\\\/06\\\/FB_IMG_1749555952307.jpg\",\"contentUrl\":\"https:\\\/\\\/www.latribunedufaso.net\\\/wp-content\\\/uploads\\\/2025\\\/06\\\/FB_IMG_1749555952307.jpg\",\"width\":720,\"height\":480,\"caption\":\"Le ministre charg\u00e9 de la Culture, Gilbert Ou\u00e9draogo a assist\u00e9 \u00e0 la projection de l'avant premi\u00e8re du film GURUNGA de Ildevert Meda, 9 juin 2025\"},{\"@type\":\"BreadcrumbList\",\"@id\":\"https:\\\/\\\/www.latribunedufaso.net\\\/?p=21133#breadcrumb\",\"itemListElement\":[{\"@type\":\"ListItem\",\"position\":1,\"name\":\"Accueil\",\"item\":\"https:\\\/\\\/www.latribunedufaso.net\\\/\"},{\"@type\":\"ListItem\",\"position\":2,\"name\":\"\u00ab GURUNGA \u00bb du cin\u00e9aste Ildevert Meda : une com\u00e9die burkinab\u00e8 qui c\u00e9l\u00e8bre la parent\u00e9 \u00e0 plaisanterie et renforce la coh\u00e9sion sociale\"}]},{\"@type\":\"WebSite\",\"@id\":\"https:\\\/\\\/www.latribunedufaso.net\\\/#website\",\"url\":\"https:\\\/\\\/www.latribunedufaso.net\\\/\",\"name\":\"La Tribune du Faso\",\"description\":\"L&#039;information du monde rural en un clic\",\"publisher\":{\"@id\":\"https:\\\/\\\/www.latribunedufaso.net\\\/#organization\"},\"potentialAction\":[{\"@type\":\"SearchAction\",\"target\":{\"@type\":\"EntryPoint\",\"urlTemplate\":\"https:\\\/\\\/www.latribunedufaso.net\\\/?s={search_term_string}\"},\"query-input\":{\"@type\":\"PropertyValueSpecification\",\"valueRequired\":true,\"valueName\":\"search_term_string\"}}],\"inLanguage\":\"fr-FR\"},{\"@type\":\"Organization\",\"@id\":\"https:\\\/\\\/www.latribunedufaso.net\\\/#organization\",\"name\":\"La Tribune du Faso\",\"url\":\"https:\\\/\\\/www.latribunedufaso.net\\\/\",\"logo\":{\"@type\":\"ImageObject\",\"inLanguage\":\"fr-FR\",\"@id\":\"https:\\\/\\\/www.latribunedufaso.net\\\/#\\\/schema\\\/logo\\\/image\\\/\",\"url\":\"https:\\\/\\\/www.latribunedufaso.net\\\/wp-content\\\/uploads\\\/2020\\\/08\\\/Logo-Tribune-du-Faso-final-scaled.jpg\",\"contentUrl\":\"https:\\\/\\\/www.latribunedufaso.net\\\/wp-content\\\/uploads\\\/2020\\\/08\\\/Logo-Tribune-du-Faso-final-scaled.jpg\",\"width\":2560,\"height\":1856,\"caption\":\"La Tribune du Faso\"},\"image\":{\"@id\":\"https:\\\/\\\/www.latribunedufaso.net\\\/#\\\/schema\\\/logo\\\/image\\\/\"},\"sameAs\":[\"https:\\\/\\\/www.facebook.com\\\/LatribuneduFaso\\\/\"]},{\"@type\":\"Person\",\"@id\":\"https:\\\/\\\/www.latribunedufaso.net\\\/#\\\/schema\\\/person\\\/e54e64c5778a7e72cf80a318b7a622b0\",\"name\":\"Issouf Tapsoba\",\"image\":{\"@type\":\"ImageObject\",\"inLanguage\":\"fr-FR\",\"@id\":\"https:\\\/\\\/secure.gravatar.com\\\/avatar\\\/5e6c05150ce3230247d167f5b94d678eb05936197436d69b7921e3a95c9107ac?s=96&d=mm&r=g\",\"url\":\"https:\\\/\\\/secure.gravatar.com\\\/avatar\\\/5e6c05150ce3230247d167f5b94d678eb05936197436d69b7921e3a95c9107ac?s=96&d=mm&r=g\",\"contentUrl\":\"https:\\\/\\\/secure.gravatar.com\\\/avatar\\\/5e6c05150ce3230247d167f5b94d678eb05936197436d69b7921e3a95c9107ac?s=96&d=mm&r=g\",\"caption\":\"Issouf Tapsoba\"},\"url\":\"https:\\\/\\\/www.latribunedufaso.net\\\/?author=5\"}]}<\/script>\n<!-- \/ Yoast SEO plugin. -->","yoast_head_json":{"title":"\u00ab GURUNGA \u00bb du cin\u00e9aste Ildevert Meda : une com\u00e9die burkinab\u00e8 qui c\u00e9l\u00e8bre la parent\u00e9 \u00e0 plaisanterie et renforce la coh\u00e9sion sociale - La Tribune du Faso","robots":{"index":"index","follow":"follow","max-snippet":"max-snippet:-1","max-image-preview":"max-image-preview:large","max-video-preview":"max-video-preview:-1"},"canonical":"https:\/\/www.latribunedufaso.net\/?p=21133","og_locale":"fr_FR","og_type":"article","og_title":"\u00ab GURUNGA \u00bb du cin\u00e9aste Ildevert Meda : une com\u00e9die burkinab\u00e8 qui c\u00e9l\u00e8bre la parent\u00e9 \u00e0 plaisanterie et renforce la coh\u00e9sion sociale - La Tribune du Faso","og_description":"Dans la soir\u00e9e du 9 juin 2025, le ministre de la Communication, de la Culture, des Arts et du Tourisme, Gilbert Ouedraogo a assist\u00e9 \u00e0 l\u2019avant-premi\u00e8re de la projection du long m\u00e9trage \u00ab GURUNGA, une marmite pour un projet \u00bb au Cin\u00e9 Burkina \u00e0 Ouagadougou.","og_url":"https:\/\/www.latribunedufaso.net\/?p=21133","og_site_name":"La Tribune du Faso","article_publisher":"https:\/\/www.facebook.com\/LatribuneduFaso\/","article_published_time":"2025-06-10T12:01:06+00:00","og_image":[{"width":720,"height":480,"url":"https:\/\/www.latribunedufaso.net\/wp-content\/uploads\/2025\/06\/FB_IMG_1749555952307.jpg","type":"image\/jpeg"}],"author":"Issouf Tapsoba","twitter_misc":{"\u00c9crit par":"Issouf Tapsoba","Dur\u00e9e de lecture estim\u00e9e":"2 minutes"},"schema":{"@context":"https:\/\/schema.org","@graph":[{"@type":"Article","@id":"https:\/\/www.latribunedufaso.net\/?p=21133#article","isPartOf":{"@id":"https:\/\/www.latribunedufaso.net\/?p=21133"},"author":{"name":"Issouf Tapsoba","@id":"https:\/\/www.latribunedufaso.net\/#\/schema\/person\/e54e64c5778a7e72cf80a318b7a622b0"},"headline":"\u00ab GURUNGA \u00bb du cin\u00e9aste Ildevert Meda : une com\u00e9die burkinab\u00e8 qui c\u00e9l\u00e8bre la parent\u00e9 \u00e0 plaisanterie et renforce la coh\u00e9sion sociale","datePublished":"2025-06-10T12:01:06+00:00","mainEntityOfPage":{"@id":"https:\/\/www.latribunedufaso.net\/?p=21133"},"wordCount":414,"commentCount":0,"publisher":{"@id":"https:\/\/www.latribunedufaso.net\/#organization"},"image":{"@id":"https:\/\/www.latribunedufaso.net\/?p=21133#primaryimage"},"thumbnailUrl":"https:\/\/www.latribunedufaso.net\/wp-content\/uploads\/2025\/06\/FB_IMG_1749555952307.jpg","keywords":["coh\u00e9sion sociale","Film GURUNGA de Ildevert Meda","latribunedufaso.net","Parent\u00e9 \u00e0 plaisanterie"],"articleSection":["A la une","Actualit\u00e9","Art et Culture"],"inLanguage":"fr-FR","potentialAction":[{"@type":"CommentAction","name":"Comment","target":["https:\/\/www.latribunedufaso.net\/?p=21133#respond"]}]},{"@type":"WebPage","@id":"https:\/\/www.latribunedufaso.net\/?p=21133","url":"https:\/\/www.latribunedufaso.net\/?p=21133","name":"\u00ab GURUNGA \u00bb du cin\u00e9aste Ildevert Meda : une com\u00e9die burkinab\u00e8 qui c\u00e9l\u00e8bre la parent\u00e9 \u00e0 plaisanterie et renforce la coh\u00e9sion sociale - La Tribune du Faso","isPartOf":{"@id":"https:\/\/www.latribunedufaso.net\/#website"},"primaryImageOfPage":{"@id":"https:\/\/www.latribunedufaso.net\/?p=21133#primaryimage"},"image":{"@id":"https:\/\/www.latribunedufaso.net\/?p=21133#primaryimage"},"thumbnailUrl":"https:\/\/www.latribunedufaso.net\/wp-content\/uploads\/2025\/06\/FB_IMG_1749555952307.jpg","datePublished":"2025-06-10T12:01:06+00:00","breadcrumb":{"@id":"https:\/\/www.latribunedufaso.net\/?p=21133#breadcrumb"},"inLanguage":"fr-FR","potentialAction":[{"@type":"ReadAction","target":["https:\/\/www.latribunedufaso.net\/?p=21133"]}]},{"@type":"ImageObject","inLanguage":"fr-FR","@id":"https:\/\/www.latribunedufaso.net\/?p=21133#primaryimage","url":"https:\/\/www.latribunedufaso.net\/wp-content\/uploads\/2025\/06\/FB_IMG_1749555952307.jpg","contentUrl":"https:\/\/www.latribunedufaso.net\/wp-content\/uploads\/2025\/06\/FB_IMG_1749555952307.jpg","width":720,"height":480,"caption":"Le ministre charg\u00e9 de la Culture, Gilbert Ou\u00e9draogo a assist\u00e9 \u00e0 la projection de l'avant premi\u00e8re du film GURUNGA de Ildevert Meda, 9 juin 2025"},{"@type":"BreadcrumbList","@id":"https:\/\/www.latribunedufaso.net\/?p=21133#breadcrumb","itemListElement":[{"@type":"ListItem","position":1,"name":"Accueil","item":"https:\/\/www.latribunedufaso.net\/"},{"@type":"ListItem","position":2,"name":"\u00ab GURUNGA \u00bb du cin\u00e9aste Ildevert Meda : une com\u00e9die burkinab\u00e8 qui c\u00e9l\u00e8bre la parent\u00e9 \u00e0 plaisanterie et renforce la coh\u00e9sion sociale"}]},{"@type":"WebSite","@id":"https:\/\/www.latribunedufaso.net\/#website","url":"https:\/\/www.latribunedufaso.net\/","name":"La Tribune du Faso","description":"L&#039;information du monde rural en un clic","publisher":{"@id":"https:\/\/www.latribunedufaso.net\/#organization"},"potentialAction":[{"@type":"SearchAction","target":{"@type":"EntryPoint","urlTemplate":"https:\/\/www.latribunedufaso.net\/?s={search_term_string}"},"query-input":{"@type":"PropertyValueSpecification","valueRequired":true,"valueName":"search_term_string"}}],"inLanguage":"fr-FR"},{"@type":"Organization","@id":"https:\/\/www.latribunedufaso.net\/#organization","name":"La Tribune du Faso","url":"https:\/\/www.latribunedufaso.net\/","logo":{"@type":"ImageObject","inLanguage":"fr-FR","@id":"https:\/\/www.latribunedufaso.net\/#\/schema\/logo\/image\/","url":"https:\/\/www.latribunedufaso.net\/wp-content\/uploads\/2020\/08\/Logo-Tribune-du-Faso-final-scaled.jpg","contentUrl":"https:\/\/www.latribunedufaso.net\/wp-content\/uploads\/2020\/08\/Logo-Tribune-du-Faso-final-scaled.jpg","width":2560,"height":1856,"caption":"La Tribune du Faso"},"image":{"@id":"https:\/\/www.latribunedufaso.net\/#\/schema\/logo\/image\/"},"sameAs":["https:\/\/www.facebook.com\/LatribuneduFaso\/"]},{"@type":"Person","@id":"https:\/\/www.latribunedufaso.net\/#\/schema\/person\/e54e64c5778a7e72cf80a318b7a622b0","name":"Issouf Tapsoba","image":{"@type":"ImageObject","inLanguage":"fr-FR","@id":"https:\/\/secure.gravatar.com\/avatar\/5e6c05150ce3230247d167f5b94d678eb05936197436d69b7921e3a95c9107ac?s=96&d=mm&r=g","url":"https:\/\/secure.gravatar.com\/avatar\/5e6c05150ce3230247d167f5b94d678eb05936197436d69b7921e3a95c9107ac?s=96&d=mm&r=g","contentUrl":"https:\/\/secure.gravatar.com\/avatar\/5e6c05150ce3230247d167f5b94d678eb05936197436d69b7921e3a95c9107ac?s=96&d=mm&r=g","caption":"Issouf Tapsoba"},"url":"https:\/\/www.latribunedufaso.net\/?author=5"}]}},"_links":{"self":[{"href":"https:\/\/www.latribunedufaso.net\/index.php?rest_route=\/wp\/v2\/posts\/21133","targetHints":{"allow":["GET"]}}],"collection":[{"href":"https:\/\/www.latribunedufaso.net\/index.php?rest_route=\/wp\/v2\/posts"}],"about":[{"href":"https:\/\/www.latribunedufaso.net\/index.php?rest_route=\/wp\/v2\/types\/post"}],"author":[{"embeddable":true,"href":"https:\/\/www.latribunedufaso.net\/index.php?rest_route=\/wp\/v2\/users\/5"}],"replies":[{"embeddable":true,"href":"https:\/\/www.latribunedufaso.net\/index.php?rest_route=%2Fwp%2Fv2%2Fcomments&post=21133"}],"version-history":[{"count":1,"href":"https:\/\/www.latribunedufaso.net\/index.php?rest_route=\/wp\/v2\/posts\/21133\/revisions"}],"predecessor-version":[{"id":21138,"href":"https:\/\/www.latribunedufaso.net\/index.php?rest_route=\/wp\/v2\/posts\/21133\/revisions\/21138"}],"wp:featuredmedia":[{"embeddable":true,"href":"https:\/\/www.latribunedufaso.net\/index.php?rest_route=\/wp\/v2\/media\/21136"}],"wp:attachment":[{"href":"https:\/\/www.latribunedufaso.net\/index.php?rest_route=%2Fwp%2Fv2%2Fmedia&parent=21133"}],"wp:term":[{"taxonomy":"category","embeddable":true,"href":"https:\/\/www.latribunedufaso.net\/index.php?rest_route=%2Fwp%2Fv2%2Fcategories&post=21133"},{"taxonomy":"post_tag","embeddable":true,"href":"https:\/\/www.latribunedufaso.net\/index.php?rest_route=%2Fwp%2Fv2%2Ftags&post=21133"}],"curies":[{"name":"wp","href":"https:\/\/api.w.org\/{rel}","templated":true}]}}