{"id":21128,"date":"2025-06-09T18:14:20","date_gmt":"2025-06-09T18:14:20","guid":{"rendered":"https:\/\/www.latribunedufaso.net\/?p=21128"},"modified":"2025-06-18T19:26:57","modified_gmt":"2025-06-18T19:26:57","slug":"journee-nationale-de-larbre-la-7e-edition-sera-celebree-a-manga-dans-la-region-du-centre-sud","status":"publish","type":"post","link":"https:\/\/www.latribunedufaso.net\/?p=21128","title":{"rendered":"Journ\u00e9e nationale de l\u2019arbre : La 7e \u00e9dition sera c\u00e9l\u00e9br\u00e9e \u00e0 Manga, dans la r\u00e9gion du Centre-Sud"},"content":{"rendered":"<p><strong>La Journ\u00e9e nationale de l\u2019arbre (JNA), rendez-vous annuel de mobilisation citoyenne pour la protection de l\u2019environnement, revient pour sa 7e \u00e9dition. Cette ann\u00e9e, c\u2019est la ville de Manga, dans le Centre-Sud, qui accueillera les festivit\u00e9s. Trois grandes dates rythmeront cette \u00e9dition, avec une place centrale accord\u00e9e aux plantes m\u00e9dicinales et \u00e0 l\u2019engagement collectif pour reverdir le Burkina Faso.<\/strong><!--more--><\/p>\n<p>La 7e \u00e9dition de la Journ\u00e9e nationale de l\u2019arbre (JNA) se tiendra \u00e0 Manga, dans la r\u00e9gion du Centre-Sud. L\u2019annonce a \u00e9t\u00e9 faite ce 9 juin 2025 \u00e0 Ouagadougou par le comit\u00e9 national d\u2019organisation. Coupl\u00e9e \u00e0 la campagne nationale de reforestation 2025, cette \u00e9dition de la JNA sera marqu\u00e9e par trois temps forts.\u00a0<\/p>\n<p>Le premi\u00e8re est le 14 juin 2025. Il s&rsquo;agira du lancement officiel des bosquets \u00e0 plantes m\u00e9dicinales dans la commune rurale de Guiba, sous le tr\u00e8s haut patronage du Pr\u00e9sident du Faso, le Capitaine Ibrahim Traor\u00e9. La superficie minimale fix\u00e9e pour ces bosquets est de 2 hectares, mais l\u2019ambition affich\u00e9e est d\u2019atteindre des superficies beaucoup plus importantes. Ces espaces seront enti\u00e8rement cl\u00f4tur\u00e9s et dot\u00e9s d\u2019un point d\u2019eau afin de faciliter l\u2019entretien des plants.<\/p>\n<figure id=\"attachment_21129\" aria-describedby=\"caption-attachment-21129\" style=\"width: 1600px\" class=\"wp-caption aligncenter\"><a href=\"https:\/\/www.latribunedufaso.net\/wp-content\/uploads\/2025\/06\/IMG-20250610-WA0011.jpg\"><img loading=\"lazy\" decoding=\"async\" class=\"size-full wp-image-21129\" src=\"https:\/\/www.latribunedufaso.net\/wp-content\/uploads\/2025\/06\/IMG-20250610-WA0011.jpg\" alt=\"Conf\u00e9rence de presse de la Journ\u00e9e nationale de l'arbre, 9 juin 2025\" width=\"1600\" height=\"1226\" srcset=\"https:\/\/www.latribunedufaso.net\/wp-content\/uploads\/2025\/06\/IMG-20250610-WA0011.jpg 1600w, https:\/\/www.latribunedufaso.net\/wp-content\/uploads\/2025\/06\/IMG-20250610-WA0011-300x230.jpg 300w, https:\/\/www.latribunedufaso.net\/wp-content\/uploads\/2025\/06\/IMG-20250610-WA0011-1024x785.jpg 1024w, https:\/\/www.latribunedufaso.net\/wp-content\/uploads\/2025\/06\/IMG-20250610-WA0011-768x588.jpg 768w, https:\/\/www.latribunedufaso.net\/wp-content\/uploads\/2025\/06\/IMG-20250610-WA0011-1536x1177.jpg 1536w\" sizes=\"auto, (max-width: 1600px) 100vw, 1600px\" \/><\/a><figcaption id=\"caption-attachment-21129\" class=\"wp-caption-text\">Le pr\u00e9sident du comit\u00e9 national d\u2019organisation de la JNA, Dr Boureima Kouanda &#8211; Ph. A. Kiendrebeogo<\/figcaption><\/figure>\n<p>Le deuxi\u00e8me temps fort est le 21 juin 2025 avec la c\u00e9l\u00e9bration officielle de la JNA \u00e0 Manga sous le th\u00e8me : <em><strong>\u00ab Plantes m\u00e9dicinales, source de r\u00e9silience sanitaire et climatique des communaut\u00e9s \u00bb.<\/strong><\/em> Cette journ\u00e9e d\u00e9butera avec une initiative in\u00e9dite et patriotique baptis\u00e9e <em><strong>\u00ab l\u2019heure patriotique pour reverdir le Faso \u00bb<\/strong><\/em>. De 8h \u00e0 9h, chaque burkinab\u00e8 est invit\u00e9 \u00e0 planter un arbre aux c\u00f4t\u00e9s des plus hautes autorit\u00e9s du pays. L\u2019objectif est ambitieux, 5 millions d\u2019arbres \u00e0 planter en 1 heure. Ce chiffre, selon le pr\u00e9sident du comit\u00e9 national d\u2019organisation de la JNA, Dr Boureima Kouanda, repr\u00e9sente 25 % des objectifs de reboisement de l\u2019ann\u00e9e 2025.<\/p>\n<p>Une plateforme num\u00e9rique est disponible pour capitaliser les efforts fournis. Elle est accessible via le lien, fasoreboisement.gov.bf .<\/p>\n<figure id=\"attachment_21131\" aria-describedby=\"caption-attachment-21131\" style=\"width: 1600px\" class=\"wp-caption aligncenter\"><a href=\"https:\/\/www.latribunedufaso.net\/wp-content\/uploads\/2025\/06\/IMG-20250610-WA0013.jpg\"><img loading=\"lazy\" decoding=\"async\" class=\"size-full wp-image-21131\" src=\"https:\/\/www.latribunedufaso.net\/wp-content\/uploads\/2025\/06\/IMG-20250610-WA0013.jpg\" alt=\"Conf\u00e9rence de presse de la Journ\u00e9e nationale de l'arbre, 9 juin 2025\" width=\"1600\" height=\"1066\" srcset=\"https:\/\/www.latribunedufaso.net\/wp-content\/uploads\/2025\/06\/IMG-20250610-WA0013.jpg 1600w, https:\/\/www.latribunedufaso.net\/wp-content\/uploads\/2025\/06\/IMG-20250610-WA0013-300x200.jpg 300w, https:\/\/www.latribunedufaso.net\/wp-content\/uploads\/2025\/06\/IMG-20250610-WA0013-1024x682.jpg 1024w, https:\/\/www.latribunedufaso.net\/wp-content\/uploads\/2025\/06\/IMG-20250610-WA0013-768x512.jpg 768w, https:\/\/www.latribunedufaso.net\/wp-content\/uploads\/2025\/06\/IMG-20250610-WA0013-1536x1023.jpg 1536w, https:\/\/www.latribunedufaso.net\/wp-content\/uploads\/2025\/06\/IMG-20250610-WA0013-840x560.jpg 840w, https:\/\/www.latribunedufaso.net\/wp-content\/uploads\/2025\/06\/IMG-20250610-WA0013-120x80.jpg 120w, https:\/\/www.latribunedufaso.net\/wp-content\/uploads\/2025\/06\/IMG-20250610-WA0013-360x240.jpg 360w, https:\/\/www.latribunedufaso.net\/wp-content\/uploads\/2025\/06\/IMG-20250610-WA0013-600x400.jpg 600w\" sizes=\"auto, (max-width: 1600px) 100vw, 1600px\" \/><\/a><figcaption id=\"caption-attachment-21131\" class=\"wp-caption-text\">Une vue des participants \u00e0 la conf\u00e9rence de presse &#8211; Ph. A. Kiendrebeogo<\/figcaption><\/figure>\n<p>Au programme \u00e9galement du 21 juin 2025, des panels autour des plantes m\u00e9dicinales, anim\u00e9s par des sp\u00e9cialistes et des tradipraticiens, pour encourager les \u00e9changes et valoriser les savoirs endog\u00e8nes.<\/p>\n<p>Une autre innovation marquera cette journ\u00e9e du 21 juin la <em><strong>\u00ab Tree Night \u00bb <\/strong><\/em>ou Nuit de l\u2019arbre, introduite pour la premi\u00e8re fois en 2024. Cette soir\u00e9e a pour but de r\u00e9compenser les acteurs engag\u00e9s dans la lutte contre la d\u00e9sertification et de susciter des engagements forts en faveur de projets structurants comme la mise en place de bosquets ou la plantation d\u2019alignement.<\/p>\n<p><iframe loading=\"lazy\" width=\"560\" height=\"315\" src=\"https:\/\/www.youtube.com\/embed\/gt0l-aFsOaQ?si=-Yo6oxVY4n34ScaY\" title=\"YouTube video player\" frameborder=\"0\" allow=\"accelerometer; autoplay; clipboard-write; encrypted-media; gyroscope; picture-in-picture; web-share\" referrerpolicy=\"strict-origin-when-cross-origin\" allowfullscreen><\/iframe><\/p>\n<p>Le 3e et dernier temps fort est la date du 29 juin 2025. La F\u00e9d\u00e9ration burkinab\u00e8 de cyclisme apportera sa contribution \u00e0 la sensibilisation \u00e0 travers une course cycliste d\u00e9nomm\u00e9e <em><strong>\u00ab Le coup de p\u00e9dale pour l\u2019arbre \u00bb<\/strong><\/em>, qui se tiendra sur l\u2019avenue Thomas Sankara. L\u2019objectif est de promouvoir la plantation d\u2019arbres le long des voies.<\/p>\n<blockquote>\n<p>Lire aussi &gt;&gt; <a href=\"https:\/\/www.latribunedufaso.net\/?p=13505\">6\u00e8me \u00e9dition de la Journ\u00e9e nationale de l\u2019arbre (JNA) : Rendez-vous le 22 juin 2024 \u00e0 Bobo-Dioulasso<\/a><\/p>\n<\/blockquote>\n<p>Pour assurer la r\u00e9ussite de la campagne de reboisement, Dr Boureima Kouanda a rappel\u00e9 trois combats essentiels, d\u00e9j\u00e0 men\u00e9s sous la r\u00e9volution par le Capitaine Thomas Sankara. Il s&rsquo;agit de la lutte contre la coupe abusive des arbres, les feux de brousse et la divagation des animaux.<\/p>\n<p><strong>Rosana Astride KIENDREBEOGO\u00a0<\/strong><\/p>\n<p><strong>Latribunedufaso.net<\/strong><\/p>\n","protected":false},"excerpt":{"rendered":"<p>La Journ\u00e9e nationale de l\u2019arbre (JNA), rendez-vous annuel de mobilisation citoyenne pour la protection de l\u2019environnement, revient pour sa 7e \u00e9dition. Cette ann\u00e9e, c\u2019est la ville de Manga, dans le Centre-Sud, qui accueillera les festivit\u00e9s. Trois grandes dates rythmeront cette \u00e9dition, avec une place centrale accord\u00e9e aux plantes m\u00e9dicinales et \u00e0 l\u2019engagement collectif pour reverdir le Burkina Faso.<\/p>\n","protected":false},"author":5,"featured_media":21130,"comment_status":"open","ping_status":"open","sticky":false,"template":"","format":"standard","meta":{"footnotes":""},"categories":[13,1,5],"tags":[1154,39,1155],"class_list":["post-21128","post","type-post","status-publish","format-standard","has-post-thumbnail","hentry","category-une","category-actu","category-envir","tag-journee-nationale-de-larbre","tag-latribunedufaso-net","tag-manga"],"yoast_head":"<!-- This site is optimized with the Yoast SEO plugin v27.4 - https:\/\/yoast.com\/product\/yoast-seo-wordpress\/ -->\n<title>Journ\u00e9e nationale de l\u2019arbre : La 7e \u00e9dition sera c\u00e9l\u00e9br\u00e9e \u00e0 Manga, dans la r\u00e9gion du Centre-Sud - La Tribune du Faso<\/title>\n<meta name=\"robots\" content=\"index, follow, max-snippet:-1, max-image-preview:large, max-video-preview:-1\" \/>\n<link rel=\"canonical\" href=\"https:\/\/www.latribunedufaso.net\/?p=21128\" \/>\n<meta property=\"og:locale\" content=\"fr_FR\" \/>\n<meta property=\"og:type\" content=\"article\" \/>\n<meta property=\"og:title\" content=\"Journ\u00e9e nationale de l\u2019arbre : La 7e \u00e9dition sera c\u00e9l\u00e9br\u00e9e \u00e0 Manga, dans la r\u00e9gion du Centre-Sud - La Tribune du Faso\" \/>\n<meta property=\"og:description\" content=\"La Journ\u00e9e nationale de l\u2019arbre (JNA), rendez-vous annuel de mobilisation citoyenne pour la protection de l\u2019environnement, revient pour sa 7e \u00e9dition. Cette ann\u00e9e, c\u2019est la ville de Manga, dans le Centre-Sud, qui accueillera les festivit\u00e9s. Trois grandes dates rythmeront cette \u00e9dition, avec une place centrale accord\u00e9e aux plantes m\u00e9dicinales et \u00e0 l\u2019engagement collectif pour reverdir le Burkina Faso.\" \/>\n<meta property=\"og:url\" content=\"https:\/\/www.latribunedufaso.net\/?p=21128\" \/>\n<meta property=\"og:site_name\" content=\"La Tribune du Faso\" \/>\n<meta property=\"article:publisher\" content=\"https:\/\/www.facebook.com\/LatribuneduFaso\/\" \/>\n<meta property=\"article:published_time\" content=\"2025-06-09T18:14:20+00:00\" \/>\n<meta property=\"article:modified_time\" content=\"2025-06-18T19:26:57+00:00\" \/>\n<meta property=\"og:image\" content=\"https:\/\/www.latribunedufaso.net\/wp-content\/uploads\/2025\/06\/IMG-20250610-WA0012.jpg\" \/>\n\t<meta property=\"og:image:width\" content=\"1600\" \/>\n\t<meta property=\"og:image:height\" content=\"840\" \/>\n\t<meta property=\"og:image:type\" content=\"image\/jpeg\" \/>\n<meta name=\"author\" content=\"Issouf Tapsoba\" \/>\n<meta name=\"twitter:label1\" content=\"\u00c9crit par\" \/>\n\t<meta name=\"twitter:data1\" content=\"Issouf Tapsoba\" \/>\n\t<meta name=\"twitter:label2\" content=\"Dur\u00e9e de lecture estim\u00e9e\" \/>\n\t<meta name=\"twitter:data2\" content=\"3 minutes\" \/>\n<script type=\"application\/ld+json\" class=\"yoast-schema-graph\">{\"@context\":\"https:\\\/\\\/schema.org\",\"@graph\":[{\"@type\":\"Article\",\"@id\":\"https:\\\/\\\/www.latribunedufaso.net\\\/?p=21128#article\",\"isPartOf\":{\"@id\":\"https:\\\/\\\/www.latribunedufaso.net\\\/?p=21128\"},\"author\":{\"name\":\"Issouf Tapsoba\",\"@id\":\"https:\\\/\\\/www.latribunedufaso.net\\\/#\\\/schema\\\/person\\\/e54e64c5778a7e72cf80a318b7a622b0\"},\"headline\":\"Journ\u00e9e nationale de l\u2019arbre : La 7e \u00e9dition sera c\u00e9l\u00e9br\u00e9e \u00e0 Manga, dans la r\u00e9gion du Centre-Sud\",\"datePublished\":\"2025-06-09T18:14:20+00:00\",\"dateModified\":\"2025-06-18T19:26:57+00:00\",\"mainEntityOfPage\":{\"@id\":\"https:\\\/\\\/www.latribunedufaso.net\\\/?p=21128\"},\"wordCount\":638,\"commentCount\":0,\"publisher\":{\"@id\":\"https:\\\/\\\/www.latribunedufaso.net\\\/#organization\"},\"image\":{\"@id\":\"https:\\\/\\\/www.latribunedufaso.net\\\/?p=21128#primaryimage\"},\"thumbnailUrl\":\"https:\\\/\\\/www.latribunedufaso.net\\\/wp-content\\\/uploads\\\/2025\\\/06\\\/IMG-20250610-WA0012.jpg\",\"keywords\":[\"Journ\u00e9e nationale de l'arbre\",\"latribunedufaso.net\",\"Manga\"],\"articleSection\":[\"A la une\",\"Actualit\u00e9\",\"Environnement\"],\"inLanguage\":\"fr-FR\",\"potentialAction\":[{\"@type\":\"CommentAction\",\"name\":\"Comment\",\"target\":[\"https:\\\/\\\/www.latribunedufaso.net\\\/?p=21128#respond\"]}]},{\"@type\":\"WebPage\",\"@id\":\"https:\\\/\\\/www.latribunedufaso.net\\\/?p=21128\",\"url\":\"https:\\\/\\\/www.latribunedufaso.net\\\/?p=21128\",\"name\":\"Journ\u00e9e nationale de l\u2019arbre : La 7e \u00e9dition sera c\u00e9l\u00e9br\u00e9e \u00e0 Manga, dans la r\u00e9gion du Centre-Sud - La Tribune du Faso\",\"isPartOf\":{\"@id\":\"https:\\\/\\\/www.latribunedufaso.net\\\/#website\"},\"primaryImageOfPage\":{\"@id\":\"https:\\\/\\\/www.latribunedufaso.net\\\/?p=21128#primaryimage\"},\"image\":{\"@id\":\"https:\\\/\\\/www.latribunedufaso.net\\\/?p=21128#primaryimage\"},\"thumbnailUrl\":\"https:\\\/\\\/www.latribunedufaso.net\\\/wp-content\\\/uploads\\\/2025\\\/06\\\/IMG-20250610-WA0012.jpg\",\"datePublished\":\"2025-06-09T18:14:20+00:00\",\"dateModified\":\"2025-06-18T19:26:57+00:00\",\"breadcrumb\":{\"@id\":\"https:\\\/\\\/www.latribunedufaso.net\\\/?p=21128#breadcrumb\"},\"inLanguage\":\"fr-FR\",\"potentialAction\":[{\"@type\":\"ReadAction\",\"target\":[\"https:\\\/\\\/www.latribunedufaso.net\\\/?p=21128\"]}]},{\"@type\":\"ImageObject\",\"inLanguage\":\"fr-FR\",\"@id\":\"https:\\\/\\\/www.latribunedufaso.net\\\/?p=21128#primaryimage\",\"url\":\"https:\\\/\\\/www.latribunedufaso.net\\\/wp-content\\\/uploads\\\/2025\\\/06\\\/IMG-20250610-WA0012.jpg\",\"contentUrl\":\"https:\\\/\\\/www.latribunedufaso.net\\\/wp-content\\\/uploads\\\/2025\\\/06\\\/IMG-20250610-WA0012.jpg\",\"width\":1600,\"height\":840,\"caption\":\"Conf\u00e9rence de presse de la Journ\u00e9e nationale de l'arbre, 9 juin 2025\"},{\"@type\":\"BreadcrumbList\",\"@id\":\"https:\\\/\\\/www.latribunedufaso.net\\\/?p=21128#breadcrumb\",\"itemListElement\":[{\"@type\":\"ListItem\",\"position\":1,\"name\":\"Accueil\",\"item\":\"https:\\\/\\\/www.latribunedufaso.net\\\/\"},{\"@type\":\"ListItem\",\"position\":2,\"name\":\"Journ\u00e9e nationale de l\u2019arbre : La 7e \u00e9dition sera c\u00e9l\u00e9br\u00e9e \u00e0 Manga, dans la r\u00e9gion du Centre-Sud\"}]},{\"@type\":\"WebSite\",\"@id\":\"https:\\\/\\\/www.latribunedufaso.net\\\/#website\",\"url\":\"https:\\\/\\\/www.latribunedufaso.net\\\/\",\"name\":\"La Tribune du Faso\",\"description\":\"L&#039;information du monde rural en un clic\",\"publisher\":{\"@id\":\"https:\\\/\\\/www.latribunedufaso.net\\\/#organization\"},\"potentialAction\":[{\"@type\":\"SearchAction\",\"target\":{\"@type\":\"EntryPoint\",\"urlTemplate\":\"https:\\\/\\\/www.latribunedufaso.net\\\/?s={search_term_string}\"},\"query-input\":{\"@type\":\"PropertyValueSpecification\",\"valueRequired\":true,\"valueName\":\"search_term_string\"}}],\"inLanguage\":\"fr-FR\"},{\"@type\":\"Organization\",\"@id\":\"https:\\\/\\\/www.latribunedufaso.net\\\/#organization\",\"name\":\"La Tribune du Faso\",\"url\":\"https:\\\/\\\/www.latribunedufaso.net\\\/\",\"logo\":{\"@type\":\"ImageObject\",\"inLanguage\":\"fr-FR\",\"@id\":\"https:\\\/\\\/www.latribunedufaso.net\\\/#\\\/schema\\\/logo\\\/image\\\/\",\"url\":\"https:\\\/\\\/www.latribunedufaso.net\\\/wp-content\\\/uploads\\\/2020\\\/08\\\/Logo-Tribune-du-Faso-final-scaled.jpg\",\"contentUrl\":\"https:\\\/\\\/www.latribunedufaso.net\\\/wp-content\\\/uploads\\\/2020\\\/08\\\/Logo-Tribune-du-Faso-final-scaled.jpg\",\"width\":2560,\"height\":1856,\"caption\":\"La Tribune du Faso\"},\"image\":{\"@id\":\"https:\\\/\\\/www.latribunedufaso.net\\\/#\\\/schema\\\/logo\\\/image\\\/\"},\"sameAs\":[\"https:\\\/\\\/www.facebook.com\\\/LatribuneduFaso\\\/\"]},{\"@type\":\"Person\",\"@id\":\"https:\\\/\\\/www.latribunedufaso.net\\\/#\\\/schema\\\/person\\\/e54e64c5778a7e72cf80a318b7a622b0\",\"name\":\"Issouf Tapsoba\",\"image\":{\"@type\":\"ImageObject\",\"inLanguage\":\"fr-FR\",\"@id\":\"https:\\\/\\\/secure.gravatar.com\\\/avatar\\\/5e6c05150ce3230247d167f5b94d678eb05936197436d69b7921e3a95c9107ac?s=96&d=mm&r=g\",\"url\":\"https:\\\/\\\/secure.gravatar.com\\\/avatar\\\/5e6c05150ce3230247d167f5b94d678eb05936197436d69b7921e3a95c9107ac?s=96&d=mm&r=g\",\"contentUrl\":\"https:\\\/\\\/secure.gravatar.com\\\/avatar\\\/5e6c05150ce3230247d167f5b94d678eb05936197436d69b7921e3a95c9107ac?s=96&d=mm&r=g\",\"caption\":\"Issouf Tapsoba\"},\"url\":\"https:\\\/\\\/www.latribunedufaso.net\\\/?author=5\"}]}<\/script>\n<!-- \/ Yoast SEO plugin. -->","yoast_head_json":{"title":"Journ\u00e9e nationale de l\u2019arbre : La 7e \u00e9dition sera c\u00e9l\u00e9br\u00e9e \u00e0 Manga, dans la r\u00e9gion du Centre-Sud - La Tribune du Faso","robots":{"index":"index","follow":"follow","max-snippet":"max-snippet:-1","max-image-preview":"max-image-preview:large","max-video-preview":"max-video-preview:-1"},"canonical":"https:\/\/www.latribunedufaso.net\/?p=21128","og_locale":"fr_FR","og_type":"article","og_title":"Journ\u00e9e nationale de l\u2019arbre : La 7e \u00e9dition sera c\u00e9l\u00e9br\u00e9e \u00e0 Manga, dans la r\u00e9gion du Centre-Sud - La Tribune du Faso","og_description":"La Journ\u00e9e nationale de l\u2019arbre (JNA), rendez-vous annuel de mobilisation citoyenne pour la protection de l\u2019environnement, revient pour sa 7e \u00e9dition. Cette ann\u00e9e, c\u2019est la ville de Manga, dans le Centre-Sud, qui accueillera les festivit\u00e9s. Trois grandes dates rythmeront cette \u00e9dition, avec une place centrale accord\u00e9e aux plantes m\u00e9dicinales et \u00e0 l\u2019engagement collectif pour reverdir le Burkina Faso.","og_url":"https:\/\/www.latribunedufaso.net\/?p=21128","og_site_name":"La Tribune du Faso","article_publisher":"https:\/\/www.facebook.com\/LatribuneduFaso\/","article_published_time":"2025-06-09T18:14:20+00:00","article_modified_time":"2025-06-18T19:26:57+00:00","og_image":[{"width":1600,"height":840,"url":"https:\/\/www.latribunedufaso.net\/wp-content\/uploads\/2025\/06\/IMG-20250610-WA0012.jpg","type":"image\/jpeg"}],"author":"Issouf Tapsoba","twitter_misc":{"\u00c9crit par":"Issouf Tapsoba","Dur\u00e9e de lecture estim\u00e9e":"3 minutes"},"schema":{"@context":"https:\/\/schema.org","@graph":[{"@type":"Article","@id":"https:\/\/www.latribunedufaso.net\/?p=21128#article","isPartOf":{"@id":"https:\/\/www.latribunedufaso.net\/?p=21128"},"author":{"name":"Issouf Tapsoba","@id":"https:\/\/www.latribunedufaso.net\/#\/schema\/person\/e54e64c5778a7e72cf80a318b7a622b0"},"headline":"Journ\u00e9e nationale de l\u2019arbre : La 7e \u00e9dition sera c\u00e9l\u00e9br\u00e9e \u00e0 Manga, dans la r\u00e9gion du Centre-Sud","datePublished":"2025-06-09T18:14:20+00:00","dateModified":"2025-06-18T19:26:57+00:00","mainEntityOfPage":{"@id":"https:\/\/www.latribunedufaso.net\/?p=21128"},"wordCount":638,"commentCount":0,"publisher":{"@id":"https:\/\/www.latribunedufaso.net\/#organization"},"image":{"@id":"https:\/\/www.latribunedufaso.net\/?p=21128#primaryimage"},"thumbnailUrl":"https:\/\/www.latribunedufaso.net\/wp-content\/uploads\/2025\/06\/IMG-20250610-WA0012.jpg","keywords":["Journ\u00e9e nationale de l'arbre","latribunedufaso.net","Manga"],"articleSection":["A la une","Actualit\u00e9","Environnement"],"inLanguage":"fr-FR","potentialAction":[{"@type":"CommentAction","name":"Comment","target":["https:\/\/www.latribunedufaso.net\/?p=21128#respond"]}]},{"@type":"WebPage","@id":"https:\/\/www.latribunedufaso.net\/?p=21128","url":"https:\/\/www.latribunedufaso.net\/?p=21128","name":"Journ\u00e9e nationale de l\u2019arbre : La 7e \u00e9dition sera c\u00e9l\u00e9br\u00e9e \u00e0 Manga, dans la r\u00e9gion du Centre-Sud - La Tribune du Faso","isPartOf":{"@id":"https:\/\/www.latribunedufaso.net\/#website"},"primaryImageOfPage":{"@id":"https:\/\/www.latribunedufaso.net\/?p=21128#primaryimage"},"image":{"@id":"https:\/\/www.latribunedufaso.net\/?p=21128#primaryimage"},"thumbnailUrl":"https:\/\/www.latribunedufaso.net\/wp-content\/uploads\/2025\/06\/IMG-20250610-WA0012.jpg","datePublished":"2025-06-09T18:14:20+00:00","dateModified":"2025-06-18T19:26:57+00:00","breadcrumb":{"@id":"https:\/\/www.latribunedufaso.net\/?p=21128#breadcrumb"},"inLanguage":"fr-FR","potentialAction":[{"@type":"ReadAction","target":["https:\/\/www.latribunedufaso.net\/?p=21128"]}]},{"@type":"ImageObject","inLanguage":"fr-FR","@id":"https:\/\/www.latribunedufaso.net\/?p=21128#primaryimage","url":"https:\/\/www.latribunedufaso.net\/wp-content\/uploads\/2025\/06\/IMG-20250610-WA0012.jpg","contentUrl":"https:\/\/www.latribunedufaso.net\/wp-content\/uploads\/2025\/06\/IMG-20250610-WA0012.jpg","width":1600,"height":840,"caption":"Conf\u00e9rence de presse de la Journ\u00e9e nationale de l'arbre, 9 juin 2025"},{"@type":"BreadcrumbList","@id":"https:\/\/www.latribunedufaso.net\/?p=21128#breadcrumb","itemListElement":[{"@type":"ListItem","position":1,"name":"Accueil","item":"https:\/\/www.latribunedufaso.net\/"},{"@type":"ListItem","position":2,"name":"Journ\u00e9e nationale de l\u2019arbre : La 7e \u00e9dition sera c\u00e9l\u00e9br\u00e9e \u00e0 Manga, dans la r\u00e9gion du Centre-Sud"}]},{"@type":"WebSite","@id":"https:\/\/www.latribunedufaso.net\/#website","url":"https:\/\/www.latribunedufaso.net\/","name":"La Tribune du Faso","description":"L&#039;information du monde rural en un clic","publisher":{"@id":"https:\/\/www.latribunedufaso.net\/#organization"},"potentialAction":[{"@type":"SearchAction","target":{"@type":"EntryPoint","urlTemplate":"https:\/\/www.latribunedufaso.net\/?s={search_term_string}"},"query-input":{"@type":"PropertyValueSpecification","valueRequired":true,"valueName":"search_term_string"}}],"inLanguage":"fr-FR"},{"@type":"Organization","@id":"https:\/\/www.latribunedufaso.net\/#organization","name":"La Tribune du Faso","url":"https:\/\/www.latribunedufaso.net\/","logo":{"@type":"ImageObject","inLanguage":"fr-FR","@id":"https:\/\/www.latribunedufaso.net\/#\/schema\/logo\/image\/","url":"https:\/\/www.latribunedufaso.net\/wp-content\/uploads\/2020\/08\/Logo-Tribune-du-Faso-final-scaled.jpg","contentUrl":"https:\/\/www.latribunedufaso.net\/wp-content\/uploads\/2020\/08\/Logo-Tribune-du-Faso-final-scaled.jpg","width":2560,"height":1856,"caption":"La Tribune du Faso"},"image":{"@id":"https:\/\/www.latribunedufaso.net\/#\/schema\/logo\/image\/"},"sameAs":["https:\/\/www.facebook.com\/LatribuneduFaso\/"]},{"@type":"Person","@id":"https:\/\/www.latribunedufaso.net\/#\/schema\/person\/e54e64c5778a7e72cf80a318b7a622b0","name":"Issouf Tapsoba","image":{"@type":"ImageObject","inLanguage":"fr-FR","@id":"https:\/\/secure.gravatar.com\/avatar\/5e6c05150ce3230247d167f5b94d678eb05936197436d69b7921e3a95c9107ac?s=96&d=mm&r=g","url":"https:\/\/secure.gravatar.com\/avatar\/5e6c05150ce3230247d167f5b94d678eb05936197436d69b7921e3a95c9107ac?s=96&d=mm&r=g","contentUrl":"https:\/\/secure.gravatar.com\/avatar\/5e6c05150ce3230247d167f5b94d678eb05936197436d69b7921e3a95c9107ac?s=96&d=mm&r=g","caption":"Issouf Tapsoba"},"url":"https:\/\/www.latribunedufaso.net\/?author=5"}]}},"_links":{"self":[{"href":"https:\/\/www.latribunedufaso.net\/index.php?rest_route=\/wp\/v2\/posts\/21128","targetHints":{"allow":["GET"]}}],"collection":[{"href":"https:\/\/www.latribunedufaso.net\/index.php?rest_route=\/wp\/v2\/posts"}],"about":[{"href":"https:\/\/www.latribunedufaso.net\/index.php?rest_route=\/wp\/v2\/types\/post"}],"author":[{"embeddable":true,"href":"https:\/\/www.latribunedufaso.net\/index.php?rest_route=\/wp\/v2\/users\/5"}],"replies":[{"embeddable":true,"href":"https:\/\/www.latribunedufaso.net\/index.php?rest_route=%2Fwp%2Fv2%2Fcomments&post=21128"}],"version-history":[{"count":2,"href":"https:\/\/www.latribunedufaso.net\/index.php?rest_route=\/wp\/v2\/posts\/21128\/revisions"}],"predecessor-version":[{"id":21344,"href":"https:\/\/www.latribunedufaso.net\/index.php?rest_route=\/wp\/v2\/posts\/21128\/revisions\/21344"}],"wp:featuredmedia":[{"embeddable":true,"href":"https:\/\/www.latribunedufaso.net\/index.php?rest_route=\/wp\/v2\/media\/21130"}],"wp:attachment":[{"href":"https:\/\/www.latribunedufaso.net\/index.php?rest_route=%2Fwp%2Fv2%2Fmedia&parent=21128"}],"wp:term":[{"taxonomy":"category","embeddable":true,"href":"https:\/\/www.latribunedufaso.net\/index.php?rest_route=%2Fwp%2Fv2%2Fcategories&post=21128"},{"taxonomy":"post_tag","embeddable":true,"href":"https:\/\/www.latribunedufaso.net\/index.php?rest_route=%2Fwp%2Fv2%2Ftags&post=21128"}],"curies":[{"name":"wp","href":"https:\/\/api.w.org\/{rel}","templated":true}]}}