{"id":21118,"date":"2025-06-09T14:58:13","date_gmt":"2025-06-09T14:58:13","guid":{"rendered":"https:\/\/www.latribunedufaso.net\/?p=21118"},"modified":"2025-06-09T14:58:13","modified_gmt":"2025-06-09T14:58:13","slug":"resorption-du-retard-academique-a-lunz-le-ministre-thiombiano-invite-ladministration-et-les-enseignants-a-mesurer-leur-responsabilite-dans-lavenir-des-etudiants","status":"publish","type":"post","link":"https:\/\/www.latribunedufaso.net\/?p=21118","title":{"rendered":"Resorption du retard acad\u00e9mique \u00e0 l&rsquo;UNZ : Le ministre Thiombiano invite l\u2019administration et les enseignants \u00e0 mesurer leur responsabilit\u00e9 dans l\u2019avenir des \u00e9tudiants\u00a0"},"content":{"rendered":"<p><strong>Le ministre de l\u2019Enseignement Sup\u00e9rieur, de la Recherche et de l\u2019Innovation, le Pr Adjima Thiombiano a pr\u00e9sid\u00e9, ce lundi 09 juin 2025, la c\u00e9r\u00e9monie de mont\u00e9e des couleurs nationales \u00e0 l\u2019Universit\u00e9 Norbert Zongo (UNZ) \u00e0 Koudougou. A l\u2019occasion, il a invit\u00e9 toute la communaut\u00e9 universitaire \u00e0 se mobiliser davantage pour la r\u00e9sorption des retards acad\u00e9miques.<\/strong><!--more--><\/p>\n<p>Dans son mot de bienvenue, la Pr\u00e9sidente de l\u2019Universit\u00e9 Norbert Zongo a, au nom de la communaut\u00e9 universitaire, traduit toute sa reconnaissance au Pr Adjima Thiombiano pour sa pr\u00e9sence \u00e0 cette traditionnelle c\u00e9r\u00e9monie de mont\u00e9e des couleurs nationales. Pour le Pr Awa Eugenie Maiga, cette c\u00e9r\u00e9monie qui a \u00e9t\u00e9 institu\u00e9e tous les deuxi\u00e8mes lundis du mois dans les Institutions d\u2019Enseignement Sup\u00e9rieur et de Recherche (IESR) est une opportunit\u00e9 de communion autour de nos couleurs nationales et symbolise le respect des valeurs nationales et l\u2019engagement de chaque agent envers sa mission.<\/p>\n<figure id=\"attachment_21119\" aria-describedby=\"caption-attachment-21119\" style=\"width: 720px\" class=\"wp-caption aligncenter\"><a href=\"https:\/\/www.latribunedufaso.net\/wp-content\/uploads\/2025\/06\/FB_IMG_1749480353508.jpg\"><img loading=\"lazy\" decoding=\"async\" class=\"size-full wp-image-21119\" src=\"https:\/\/www.latribunedufaso.net\/wp-content\/uploads\/2025\/06\/FB_IMG_1749480353508.jpg\" alt=\"Le ministre charg\u00e9 de l'Enseignement sup\u00e9rieur, Pr Adjima Thiombiano a pr\u00e9sid\u00e9 ma c\u00e9r\u00e9monie de mont\u00e9e des couleurs \u00e0 l'UNZ, 9 juin 2025\" width=\"720\" height=\"480\" srcset=\"https:\/\/www.latribunedufaso.net\/wp-content\/uploads\/2025\/06\/FB_IMG_1749480353508.jpg 720w, https:\/\/www.latribunedufaso.net\/wp-content\/uploads\/2025\/06\/FB_IMG_1749480353508-300x200.jpg 300w, https:\/\/www.latribunedufaso.net\/wp-content\/uploads\/2025\/06\/FB_IMG_1749480353508-120x80.jpg 120w, https:\/\/www.latribunedufaso.net\/wp-content\/uploads\/2025\/06\/FB_IMG_1749480353508-360x240.jpg 360w, https:\/\/www.latribunedufaso.net\/wp-content\/uploads\/2025\/06\/FB_IMG_1749480353508-600x400.jpg 600w\" sizes=\"auto, (max-width: 720px) 100vw, 720px\" \/><\/a><figcaption id=\"caption-attachment-21119\" class=\"wp-caption-text\">La Pr\u00e9sidente de l\u2019Universit\u00e9 Norbert Zongo, Pr Awa Eugenie Maiga &#8211; Ph. DR<\/figcaption><\/figure>\n<p>Prenant la parole, le ministre a, d\u2019entr\u00e9e de jeu, traduit sa satisfaction et sa reconnaissance \u00e0 la communaut\u00e9 universitaire de Koudougou pour cette <em><strong>\u00ab mobilisation exceptionnelle \u00bb<\/strong><\/em> autour de la c\u00e9r\u00e9monie de mont\u00e9e des couleurs nationales.<\/p>\n<p>Il a \u00e9galement traduit sa reconnaissance \u00e0 toute l\u2019administration et \u00e0 tous ses coll\u00e8gues enseignants-chercheurs et aux chercheurs pour le sacrifice consenti dans la formation des \u00e9tudiants.<\/p>\n<figure id=\"attachment_21120\" aria-describedby=\"caption-attachment-21120\" style=\"width: 720px\" class=\"wp-caption aligncenter\"><a href=\"https:\/\/www.latribunedufaso.net\/wp-content\/uploads\/2025\/06\/FB_IMG_1749480345128.jpg\"><img loading=\"lazy\" decoding=\"async\" class=\"size-full wp-image-21120\" src=\"https:\/\/www.latribunedufaso.net\/wp-content\/uploads\/2025\/06\/FB_IMG_1749480345128.jpg\" alt=\"Le ministre charg\u00e9 de l'Enseignement sup\u00e9rieur, Pr Adjima Thiombiano a pr\u00e9sid\u00e9 ma c\u00e9r\u00e9monie de mont\u00e9e des couleurs \u00e0 l'UNZ, 9 juin 2025\" width=\"720\" height=\"480\" srcset=\"https:\/\/www.latribunedufaso.net\/wp-content\/uploads\/2025\/06\/FB_IMG_1749480345128.jpg 720w, https:\/\/www.latribunedufaso.net\/wp-content\/uploads\/2025\/06\/FB_IMG_1749480345128-300x200.jpg 300w, https:\/\/www.latribunedufaso.net\/wp-content\/uploads\/2025\/06\/FB_IMG_1749480345128-120x80.jpg 120w, https:\/\/www.latribunedufaso.net\/wp-content\/uploads\/2025\/06\/FB_IMG_1749480345128-360x240.jpg 360w, https:\/\/www.latribunedufaso.net\/wp-content\/uploads\/2025\/06\/FB_IMG_1749480345128-600x400.jpg 600w\" sizes=\"auto, (max-width: 720px) 100vw, 720px\" \/><\/a><figcaption id=\"caption-attachment-21120\" class=\"wp-caption-text\">Le ministre de l\u2019Enseignement Sup\u00e9rieur, de la Recherche et de l\u2019Innovation, le Pr Adjima Thiombiano &#8211; Ph. DR<\/figcaption><\/figure>\n<p>Le Pr Adjima Thiombiano a, toutefois, d\u00e9plor\u00e9 des situations qui entravent l\u2019atteinte des objectifs li\u00e9s \u00e0 la r\u00e9sorption des retards dans cette universit\u00e9.<\/p>\n<p>Pour ce faire, il a invit\u00e9 chaque acteur \u00e0 jouer pleinement son r\u00f4le. <em><strong>\u00ab J\u2019invite l\u2019administration depuis les responsables des fili\u00e8res jusqu\u2019\u00e0 la Pr\u00e9sidente en passant par les Chefs de d\u00e9partement, les Directeur d\u2019UFR et leurs collaborateurs \u00e0 redoubler d\u2019efforts et \u00e0 mesurer toute leur responsabilit\u00e9 dans l\u2019avenir de ces enfants \u00bb<\/strong><\/em>, a-t-il laiss\u00e9 entendre.<\/p>\n<figure id=\"attachment_21121\" aria-describedby=\"caption-attachment-21121\" style=\"width: 720px\" class=\"wp-caption aligncenter\"><a href=\"https:\/\/www.latribunedufaso.net\/wp-content\/uploads\/2025\/06\/FB_IMG_1749480340378.jpg\"><img loading=\"lazy\" decoding=\"async\" class=\"size-full wp-image-21121\" src=\"https:\/\/www.latribunedufaso.net\/wp-content\/uploads\/2025\/06\/FB_IMG_1749480340378.jpg\" alt=\"Le ministre charg\u00e9 de l'Enseignement sup\u00e9rieur, Pr Adjima Thiombiano a pr\u00e9sid\u00e9 ma c\u00e9r\u00e9monie de mont\u00e9e des couleurs \u00e0 l'UNZ, 9 juin 2025\" width=\"720\" height=\"480\" srcset=\"https:\/\/www.latribunedufaso.net\/wp-content\/uploads\/2025\/06\/FB_IMG_1749480340378.jpg 720w, https:\/\/www.latribunedufaso.net\/wp-content\/uploads\/2025\/06\/FB_IMG_1749480340378-300x200.jpg 300w, https:\/\/www.latribunedufaso.net\/wp-content\/uploads\/2025\/06\/FB_IMG_1749480340378-120x80.jpg 120w, https:\/\/www.latribunedufaso.net\/wp-content\/uploads\/2025\/06\/FB_IMG_1749480340378-360x240.jpg 360w, https:\/\/www.latribunedufaso.net\/wp-content\/uploads\/2025\/06\/FB_IMG_1749480340378-600x400.jpg 600w\" sizes=\"auto, (max-width: 720px) 100vw, 720px\" \/><\/a><figcaption id=\"caption-attachment-21121\" class=\"wp-caption-text\">Une vue des officiels lors de la c\u00e9r\u00e9monie de mont\u00e9e des couleurs &#8211; Ph. DR<\/figcaption><\/figure>\n<p>D\u00e9sormais pour tout enseignant qui s\u2019absente pour une mission \u00e0 l\u2019ext\u00e9rieur, il faut obligatoirement remplir une fiche. Le ministre a une fois de plus, invit\u00e9 l\u2019administration au strict respect de ces mesures. <em><strong>\u00ab C\u2019est de remplir la fiche qui donne clairement la garantie que cet enseignant en s\u2019absentant, ne plonge pas davantage l\u2019universit\u00e9 dans des retards ou a fait son devoir \u00bb<\/strong><\/em>, a insist\u00e9 le Pr Adjima Thiombiano.<\/p>\n<p><em><strong>\u00ab Dans deux semaines, on mettra en place un num\u00e9ro vert, o\u00f9 vous pourrez appeler pour d\u00e9noncer tout enseignant, ou toute administration qui ne fera pas son travail. Et donc, c\u2019est tol\u00e9rance z\u00e9ro pour les enseignants qui ne font pas leur travail, c\u2019est tol\u00e9rance z\u00e9ro \u00e9galement pour l\u2019administration qui ne fait pas son travail \u00bb<\/strong><\/em>, a pr\u00e9venu le ministre charg\u00e9 de l\u2019enseignement sup\u00e9rieur.<\/p>\n<blockquote>\n<p>Lire aussi &gt;&gt; <a href=\"https:\/\/www.latribunedufaso.net\/?p=16824\">Point des retards acad\u00e9miques dans les universit\u00e9s publiques : Sur 159 fili\u00e8res en retard, 99 ont \u00e9t\u00e9 normalis\u00e9es au 30 septembre 2024<\/a><\/p>\n<\/blockquote>\n<p>Pour terminer il a invit\u00e9 les \u00e9tudiants \u00e0 plus de discipline, au respect de leurs enseignants et \u00e0 \u00eatre des enfants exemplaires pour la bonne marche de nos universit\u00e9s.<\/p>\n<p><strong>Latribunedufaso.net<\/strong><\/p>\n<p><strong>Source : DCRP\/MESRI<\/strong><\/p>\n","protected":false},"excerpt":{"rendered":"<p>Le ministre de l\u2019Enseignement Sup\u00e9rieur, de la Recherche et de l\u2019Innovation, le Pr Adjima Thiombiano a pr\u00e9sid\u00e9, ce lundi 09 juin 2025, la c\u00e9r\u00e9monie de mont\u00e9e des couleurs nationales \u00e0 l\u2019Universit\u00e9 Norbert Zongo (UNZ) \u00e0 Koudougou. A l\u2019occasion, il a invit\u00e9 toute la communaut\u00e9 universitaire \u00e0 se mobiliser davantage pour la r\u00e9sorption des retards acad\u00e9miques.<\/p>\n","protected":false},"author":5,"featured_media":21122,"comment_status":"open","ping_status":"open","sticky":false,"template":"","format":"standard","meta":{"footnotes":""},"categories":[13,1,31],"tags":[39,55,671],"class_list":["post-21118","post","type-post","status-publish","format-standard","has-post-thumbnail","hentry","category-une","category-actu","category-education","tag-latribunedufaso-net","tag-retard-academique","tag-universite-norbert-zongo"],"yoast_head":"<!-- This site is optimized with the Yoast SEO plugin v27.5 - https:\/\/yoast.com\/product\/yoast-seo-wordpress\/ -->\n<title>Resorption du retard acad\u00e9mique \u00e0 l&#039;UNZ : Le ministre Thiombiano invite l\u2019administration et les enseignants \u00e0 mesurer leur responsabilit\u00e9 dans l\u2019avenir des \u00e9tudiants\u00a0 - La Tribune du Faso<\/title>\n<meta name=\"robots\" content=\"index, follow, max-snippet:-1, max-image-preview:large, max-video-preview:-1\" \/>\n<link rel=\"canonical\" href=\"https:\/\/www.latribunedufaso.net\/?p=21118\" \/>\n<meta property=\"og:locale\" content=\"fr_FR\" \/>\n<meta property=\"og:type\" content=\"article\" \/>\n<meta property=\"og:title\" content=\"Resorption du retard acad\u00e9mique \u00e0 l&#039;UNZ : Le ministre Thiombiano invite l\u2019administration et les enseignants \u00e0 mesurer leur responsabilit\u00e9 dans l\u2019avenir des \u00e9tudiants\u00a0 - La Tribune du Faso\" \/>\n<meta property=\"og:description\" content=\"Le ministre de l\u2019Enseignement Sup\u00e9rieur, de la Recherche et de l\u2019Innovation, le Pr Adjima Thiombiano a pr\u00e9sid\u00e9, ce lundi 09 juin 2025, la c\u00e9r\u00e9monie de mont\u00e9e des couleurs nationales \u00e0 l\u2019Universit\u00e9 Norbert Zongo (UNZ) \u00e0 Koudougou. A l\u2019occasion, il a invit\u00e9 toute la communaut\u00e9 universitaire \u00e0 se mobiliser davantage pour la r\u00e9sorption des retards acad\u00e9miques.\" \/>\n<meta property=\"og:url\" content=\"https:\/\/www.latribunedufaso.net\/?p=21118\" \/>\n<meta property=\"og:site_name\" content=\"La Tribune du Faso\" \/>\n<meta property=\"article:publisher\" content=\"https:\/\/www.facebook.com\/LatribuneduFaso\/\" \/>\n<meta property=\"article:published_time\" content=\"2025-06-09T14:58:13+00:00\" \/>\n<meta property=\"og:image\" content=\"https:\/\/www.latribunedufaso.net\/wp-content\/uploads\/2025\/06\/FB_IMG_1749480310351.jpg\" \/>\n\t<meta property=\"og:image:width\" content=\"720\" \/>\n\t<meta property=\"og:image:height\" content=\"480\" \/>\n\t<meta property=\"og:image:type\" content=\"image\/jpeg\" \/>\n<meta name=\"author\" content=\"Issouf Tapsoba\" \/>\n<meta name=\"twitter:label1\" content=\"\u00c9crit par\" \/>\n\t<meta name=\"twitter:data1\" content=\"Issouf Tapsoba\" \/>\n\t<meta name=\"twitter:label2\" content=\"Dur\u00e9e de lecture estim\u00e9e\" \/>\n\t<meta name=\"twitter:data2\" content=\"3 minutes\" \/>\n<script type=\"application\/ld+json\" class=\"yoast-schema-graph\">{\"@context\":\"https:\\\/\\\/schema.org\",\"@graph\":[{\"@type\":\"Article\",\"@id\":\"https:\\\/\\\/www.latribunedufaso.net\\\/?p=21118#article\",\"isPartOf\":{\"@id\":\"https:\\\/\\\/www.latribunedufaso.net\\\/?p=21118\"},\"author\":{\"name\":\"Issouf Tapsoba\",\"@id\":\"https:\\\/\\\/www.latribunedufaso.net\\\/#\\\/schema\\\/person\\\/e54e64c5778a7e72cf80a318b7a622b0\"},\"headline\":\"Resorption du retard acad\u00e9mique \u00e0 l&rsquo;UNZ : Le ministre Thiombiano invite l\u2019administration et les enseignants \u00e0 mesurer leur responsabilit\u00e9 dans l\u2019avenir des \u00e9tudiants\u00a0\",\"datePublished\":\"2025-06-09T14:58:13+00:00\",\"mainEntityOfPage\":{\"@id\":\"https:\\\/\\\/www.latribunedufaso.net\\\/?p=21118\"},\"wordCount\":616,\"commentCount\":0,\"publisher\":{\"@id\":\"https:\\\/\\\/www.latribunedufaso.net\\\/#organization\"},\"image\":{\"@id\":\"https:\\\/\\\/www.latribunedufaso.net\\\/?p=21118#primaryimage\"},\"thumbnailUrl\":\"https:\\\/\\\/www.latribunedufaso.net\\\/wp-content\\\/uploads\\\/2025\\\/06\\\/FB_IMG_1749480310351.jpg\",\"keywords\":[\"latribunedufaso.net\",\"Retard acad\u00e9mique\",\"Universit\u00e9 Norbert Zongo\"],\"articleSection\":[\"A la une\",\"Actualit\u00e9\",\"\u00c9ducation\"],\"inLanguage\":\"fr-FR\",\"potentialAction\":[{\"@type\":\"CommentAction\",\"name\":\"Comment\",\"target\":[\"https:\\\/\\\/www.latribunedufaso.net\\\/?p=21118#respond\"]}]},{\"@type\":\"WebPage\",\"@id\":\"https:\\\/\\\/www.latribunedufaso.net\\\/?p=21118\",\"url\":\"https:\\\/\\\/www.latribunedufaso.net\\\/?p=21118\",\"name\":\"Resorption du retard acad\u00e9mique \u00e0 l'UNZ : Le ministre Thiombiano invite l\u2019administration et les enseignants \u00e0 mesurer leur responsabilit\u00e9 dans l\u2019avenir des \u00e9tudiants\u00a0 - La Tribune du Faso\",\"isPartOf\":{\"@id\":\"https:\\\/\\\/www.latribunedufaso.net\\\/#website\"},\"primaryImageOfPage\":{\"@id\":\"https:\\\/\\\/www.latribunedufaso.net\\\/?p=21118#primaryimage\"},\"image\":{\"@id\":\"https:\\\/\\\/www.latribunedufaso.net\\\/?p=21118#primaryimage\"},\"thumbnailUrl\":\"https:\\\/\\\/www.latribunedufaso.net\\\/wp-content\\\/uploads\\\/2025\\\/06\\\/FB_IMG_1749480310351.jpg\",\"datePublished\":\"2025-06-09T14:58:13+00:00\",\"breadcrumb\":{\"@id\":\"https:\\\/\\\/www.latribunedufaso.net\\\/?p=21118#breadcrumb\"},\"inLanguage\":\"fr-FR\",\"potentialAction\":[{\"@type\":\"ReadAction\",\"target\":[\"https:\\\/\\\/www.latribunedufaso.net\\\/?p=21118\"]}]},{\"@type\":\"ImageObject\",\"inLanguage\":\"fr-FR\",\"@id\":\"https:\\\/\\\/www.latribunedufaso.net\\\/?p=21118#primaryimage\",\"url\":\"https:\\\/\\\/www.latribunedufaso.net\\\/wp-content\\\/uploads\\\/2025\\\/06\\\/FB_IMG_1749480310351.jpg\",\"contentUrl\":\"https:\\\/\\\/www.latribunedufaso.net\\\/wp-content\\\/uploads\\\/2025\\\/06\\\/FB_IMG_1749480310351.jpg\",\"width\":720,\"height\":480,\"caption\":\"Le ministre charg\u00e9 de l'Enseignement sup\u00e9rieur, Pr Adjima Thiombiano a pr\u00e9sid\u00e9 ma c\u00e9r\u00e9monie de mont\u00e9e des couleurs \u00e0 l'UNZ, 9 juin 2025\"},{\"@type\":\"BreadcrumbList\",\"@id\":\"https:\\\/\\\/www.latribunedufaso.net\\\/?p=21118#breadcrumb\",\"itemListElement\":[{\"@type\":\"ListItem\",\"position\":1,\"name\":\"Accueil\",\"item\":\"https:\\\/\\\/www.latribunedufaso.net\\\/\"},{\"@type\":\"ListItem\",\"position\":2,\"name\":\"Resorption du retard acad\u00e9mique \u00e0 l&rsquo;UNZ : Le ministre Thiombiano invite l\u2019administration et les enseignants \u00e0 mesurer leur responsabilit\u00e9 dans l\u2019avenir des \u00e9tudiants\u00a0\"}]},{\"@type\":\"WebSite\",\"@id\":\"https:\\\/\\\/www.latribunedufaso.net\\\/#website\",\"url\":\"https:\\\/\\\/www.latribunedufaso.net\\\/\",\"name\":\"La Tribune du Faso\",\"description\":\"L&#039;information du monde rural en un clic\",\"publisher\":{\"@id\":\"https:\\\/\\\/www.latribunedufaso.net\\\/#organization\"},\"potentialAction\":[{\"@type\":\"SearchAction\",\"target\":{\"@type\":\"EntryPoint\",\"urlTemplate\":\"https:\\\/\\\/www.latribunedufaso.net\\\/?s={search_term_string}\"},\"query-input\":{\"@type\":\"PropertyValueSpecification\",\"valueRequired\":true,\"valueName\":\"search_term_string\"}}],\"inLanguage\":\"fr-FR\"},{\"@type\":\"Organization\",\"@id\":\"https:\\\/\\\/www.latribunedufaso.net\\\/#organization\",\"name\":\"La Tribune du Faso\",\"url\":\"https:\\\/\\\/www.latribunedufaso.net\\\/\",\"logo\":{\"@type\":\"ImageObject\",\"inLanguage\":\"fr-FR\",\"@id\":\"https:\\\/\\\/www.latribunedufaso.net\\\/#\\\/schema\\\/logo\\\/image\\\/\",\"url\":\"https:\\\/\\\/www.latribunedufaso.net\\\/wp-content\\\/uploads\\\/2020\\\/08\\\/Logo-Tribune-du-Faso-final-scaled.jpg\",\"contentUrl\":\"https:\\\/\\\/www.latribunedufaso.net\\\/wp-content\\\/uploads\\\/2020\\\/08\\\/Logo-Tribune-du-Faso-final-scaled.jpg\",\"width\":2560,\"height\":1856,\"caption\":\"La Tribune du Faso\"},\"image\":{\"@id\":\"https:\\\/\\\/www.latribunedufaso.net\\\/#\\\/schema\\\/logo\\\/image\\\/\"},\"sameAs\":[\"https:\\\/\\\/www.facebook.com\\\/LatribuneduFaso\\\/\"]},{\"@type\":\"Person\",\"@id\":\"https:\\\/\\\/www.latribunedufaso.net\\\/#\\\/schema\\\/person\\\/e54e64c5778a7e72cf80a318b7a622b0\",\"name\":\"Issouf Tapsoba\",\"image\":{\"@type\":\"ImageObject\",\"inLanguage\":\"fr-FR\",\"@id\":\"https:\\\/\\\/secure.gravatar.com\\\/avatar\\\/5e6c05150ce3230247d167f5b94d678eb05936197436d69b7921e3a95c9107ac?s=96&d=mm&r=g\",\"url\":\"https:\\\/\\\/secure.gravatar.com\\\/avatar\\\/5e6c05150ce3230247d167f5b94d678eb05936197436d69b7921e3a95c9107ac?s=96&d=mm&r=g\",\"contentUrl\":\"https:\\\/\\\/secure.gravatar.com\\\/avatar\\\/5e6c05150ce3230247d167f5b94d678eb05936197436d69b7921e3a95c9107ac?s=96&d=mm&r=g\",\"caption\":\"Issouf Tapsoba\"},\"url\":\"https:\\\/\\\/www.latribunedufaso.net\\\/?author=5\"}]}<\/script>\n<!-- \/ Yoast SEO plugin. -->","yoast_head_json":{"title":"Resorption du retard acad\u00e9mique \u00e0 l'UNZ : Le ministre Thiombiano invite l\u2019administration et les enseignants \u00e0 mesurer leur responsabilit\u00e9 dans l\u2019avenir des \u00e9tudiants\u00a0 - La Tribune du Faso","robots":{"index":"index","follow":"follow","max-snippet":"max-snippet:-1","max-image-preview":"max-image-preview:large","max-video-preview":"max-video-preview:-1"},"canonical":"https:\/\/www.latribunedufaso.net\/?p=21118","og_locale":"fr_FR","og_type":"article","og_title":"Resorption du retard acad\u00e9mique \u00e0 l'UNZ : Le ministre Thiombiano invite l\u2019administration et les enseignants \u00e0 mesurer leur responsabilit\u00e9 dans l\u2019avenir des \u00e9tudiants\u00a0 - La Tribune du Faso","og_description":"Le ministre de l\u2019Enseignement Sup\u00e9rieur, de la Recherche et de l\u2019Innovation, le Pr Adjima Thiombiano a pr\u00e9sid\u00e9, ce lundi 09 juin 2025, la c\u00e9r\u00e9monie de mont\u00e9e des couleurs nationales \u00e0 l\u2019Universit\u00e9 Norbert Zongo (UNZ) \u00e0 Koudougou. A l\u2019occasion, il a invit\u00e9 toute la communaut\u00e9 universitaire \u00e0 se mobiliser davantage pour la r\u00e9sorption des retards acad\u00e9miques.","og_url":"https:\/\/www.latribunedufaso.net\/?p=21118","og_site_name":"La Tribune du Faso","article_publisher":"https:\/\/www.facebook.com\/LatribuneduFaso\/","article_published_time":"2025-06-09T14:58:13+00:00","og_image":[{"width":720,"height":480,"url":"https:\/\/www.latribunedufaso.net\/wp-content\/uploads\/2025\/06\/FB_IMG_1749480310351.jpg","type":"image\/jpeg"}],"author":"Issouf Tapsoba","twitter_misc":{"\u00c9crit par":"Issouf Tapsoba","Dur\u00e9e de lecture estim\u00e9e":"3 minutes"},"schema":{"@context":"https:\/\/schema.org","@graph":[{"@type":"Article","@id":"https:\/\/www.latribunedufaso.net\/?p=21118#article","isPartOf":{"@id":"https:\/\/www.latribunedufaso.net\/?p=21118"},"author":{"name":"Issouf Tapsoba","@id":"https:\/\/www.latribunedufaso.net\/#\/schema\/person\/e54e64c5778a7e72cf80a318b7a622b0"},"headline":"Resorption du retard acad\u00e9mique \u00e0 l&rsquo;UNZ : Le ministre Thiombiano invite l\u2019administration et les enseignants \u00e0 mesurer leur responsabilit\u00e9 dans l\u2019avenir des \u00e9tudiants\u00a0","datePublished":"2025-06-09T14:58:13+00:00","mainEntityOfPage":{"@id":"https:\/\/www.latribunedufaso.net\/?p=21118"},"wordCount":616,"commentCount":0,"publisher":{"@id":"https:\/\/www.latribunedufaso.net\/#organization"},"image":{"@id":"https:\/\/www.latribunedufaso.net\/?p=21118#primaryimage"},"thumbnailUrl":"https:\/\/www.latribunedufaso.net\/wp-content\/uploads\/2025\/06\/FB_IMG_1749480310351.jpg","keywords":["latribunedufaso.net","Retard acad\u00e9mique","Universit\u00e9 Norbert Zongo"],"articleSection":["A la une","Actualit\u00e9","\u00c9ducation"],"inLanguage":"fr-FR","potentialAction":[{"@type":"CommentAction","name":"Comment","target":["https:\/\/www.latribunedufaso.net\/?p=21118#respond"]}]},{"@type":"WebPage","@id":"https:\/\/www.latribunedufaso.net\/?p=21118","url":"https:\/\/www.latribunedufaso.net\/?p=21118","name":"Resorption du retard acad\u00e9mique \u00e0 l'UNZ : Le ministre Thiombiano invite l\u2019administration et les enseignants \u00e0 mesurer leur responsabilit\u00e9 dans l\u2019avenir des \u00e9tudiants\u00a0 - La Tribune du Faso","isPartOf":{"@id":"https:\/\/www.latribunedufaso.net\/#website"},"primaryImageOfPage":{"@id":"https:\/\/www.latribunedufaso.net\/?p=21118#primaryimage"},"image":{"@id":"https:\/\/www.latribunedufaso.net\/?p=21118#primaryimage"},"thumbnailUrl":"https:\/\/www.latribunedufaso.net\/wp-content\/uploads\/2025\/06\/FB_IMG_1749480310351.jpg","datePublished":"2025-06-09T14:58:13+00:00","breadcrumb":{"@id":"https:\/\/www.latribunedufaso.net\/?p=21118#breadcrumb"},"inLanguage":"fr-FR","potentialAction":[{"@type":"ReadAction","target":["https:\/\/www.latribunedufaso.net\/?p=21118"]}]},{"@type":"ImageObject","inLanguage":"fr-FR","@id":"https:\/\/www.latribunedufaso.net\/?p=21118#primaryimage","url":"https:\/\/www.latribunedufaso.net\/wp-content\/uploads\/2025\/06\/FB_IMG_1749480310351.jpg","contentUrl":"https:\/\/www.latribunedufaso.net\/wp-content\/uploads\/2025\/06\/FB_IMG_1749480310351.jpg","width":720,"height":480,"caption":"Le ministre charg\u00e9 de l'Enseignement sup\u00e9rieur, Pr Adjima Thiombiano a pr\u00e9sid\u00e9 ma c\u00e9r\u00e9monie de mont\u00e9e des couleurs \u00e0 l'UNZ, 9 juin 2025"},{"@type":"BreadcrumbList","@id":"https:\/\/www.latribunedufaso.net\/?p=21118#breadcrumb","itemListElement":[{"@type":"ListItem","position":1,"name":"Accueil","item":"https:\/\/www.latribunedufaso.net\/"},{"@type":"ListItem","position":2,"name":"Resorption du retard acad\u00e9mique \u00e0 l&rsquo;UNZ : Le ministre Thiombiano invite l\u2019administration et les enseignants \u00e0 mesurer leur responsabilit\u00e9 dans l\u2019avenir des \u00e9tudiants\u00a0"}]},{"@type":"WebSite","@id":"https:\/\/www.latribunedufaso.net\/#website","url":"https:\/\/www.latribunedufaso.net\/","name":"La Tribune du Faso","description":"L&#039;information du monde rural en un clic","publisher":{"@id":"https:\/\/www.latribunedufaso.net\/#organization"},"potentialAction":[{"@type":"SearchAction","target":{"@type":"EntryPoint","urlTemplate":"https:\/\/www.latribunedufaso.net\/?s={search_term_string}"},"query-input":{"@type":"PropertyValueSpecification","valueRequired":true,"valueName":"search_term_string"}}],"inLanguage":"fr-FR"},{"@type":"Organization","@id":"https:\/\/www.latribunedufaso.net\/#organization","name":"La Tribune du Faso","url":"https:\/\/www.latribunedufaso.net\/","logo":{"@type":"ImageObject","inLanguage":"fr-FR","@id":"https:\/\/www.latribunedufaso.net\/#\/schema\/logo\/image\/","url":"https:\/\/www.latribunedufaso.net\/wp-content\/uploads\/2020\/08\/Logo-Tribune-du-Faso-final-scaled.jpg","contentUrl":"https:\/\/www.latribunedufaso.net\/wp-content\/uploads\/2020\/08\/Logo-Tribune-du-Faso-final-scaled.jpg","width":2560,"height":1856,"caption":"La Tribune du Faso"},"image":{"@id":"https:\/\/www.latribunedufaso.net\/#\/schema\/logo\/image\/"},"sameAs":["https:\/\/www.facebook.com\/LatribuneduFaso\/"]},{"@type":"Person","@id":"https:\/\/www.latribunedufaso.net\/#\/schema\/person\/e54e64c5778a7e72cf80a318b7a622b0","name":"Issouf Tapsoba","image":{"@type":"ImageObject","inLanguage":"fr-FR","@id":"https:\/\/secure.gravatar.com\/avatar\/5e6c05150ce3230247d167f5b94d678eb05936197436d69b7921e3a95c9107ac?s=96&d=mm&r=g","url":"https:\/\/secure.gravatar.com\/avatar\/5e6c05150ce3230247d167f5b94d678eb05936197436d69b7921e3a95c9107ac?s=96&d=mm&r=g","contentUrl":"https:\/\/secure.gravatar.com\/avatar\/5e6c05150ce3230247d167f5b94d678eb05936197436d69b7921e3a95c9107ac?s=96&d=mm&r=g","caption":"Issouf Tapsoba"},"url":"https:\/\/www.latribunedufaso.net\/?author=5"}]}},"_links":{"self":[{"href":"https:\/\/www.latribunedufaso.net\/index.php?rest_route=\/wp\/v2\/posts\/21118","targetHints":{"allow":["GET"]}}],"collection":[{"href":"https:\/\/www.latribunedufaso.net\/index.php?rest_route=\/wp\/v2\/posts"}],"about":[{"href":"https:\/\/www.latribunedufaso.net\/index.php?rest_route=\/wp\/v2\/types\/post"}],"author":[{"embeddable":true,"href":"https:\/\/www.latribunedufaso.net\/index.php?rest_route=\/wp\/v2\/users\/5"}],"replies":[{"embeddable":true,"href":"https:\/\/www.latribunedufaso.net\/index.php?rest_route=%2Fwp%2Fv2%2Fcomments&post=21118"}],"version-history":[{"count":1,"href":"https:\/\/www.latribunedufaso.net\/index.php?rest_route=\/wp\/v2\/posts\/21118\/revisions"}],"predecessor-version":[{"id":21123,"href":"https:\/\/www.latribunedufaso.net\/index.php?rest_route=\/wp\/v2\/posts\/21118\/revisions\/21123"}],"wp:featuredmedia":[{"embeddable":true,"href":"https:\/\/www.latribunedufaso.net\/index.php?rest_route=\/wp\/v2\/media\/21122"}],"wp:attachment":[{"href":"https:\/\/www.latribunedufaso.net\/index.php?rest_route=%2Fwp%2Fv2%2Fmedia&parent=21118"}],"wp:term":[{"taxonomy":"category","embeddable":true,"href":"https:\/\/www.latribunedufaso.net\/index.php?rest_route=%2Fwp%2Fv2%2Fcategories&post=21118"},{"taxonomy":"post_tag","embeddable":true,"href":"https:\/\/www.latribunedufaso.net\/index.php?rest_route=%2Fwp%2Fv2%2Ftags&post=21118"}],"curies":[{"name":"wp","href":"https:\/\/api.w.org\/{rel}","templated":true}]}}