{"id":21109,"date":"2025-06-09T08:59:50","date_gmt":"2025-06-09T08:59:50","guid":{"rendered":"https:\/\/www.latribunedufaso.net\/?p=21109"},"modified":"2025-06-09T08:59:50","modified_gmt":"2025-06-09T08:59:50","slug":"finale-de-la-38e-edition-de-la-coupe-du-faso-rahimo-fc-sadjuge-le-trophee","status":"publish","type":"post","link":"https:\/\/www.latribunedufaso.net\/?p=21109","title":{"rendered":"Finale de la 38e \u00e9dition de la Coupe du Faso :\u00a0Rahimo FC s\u2019adjuge le troph\u00e9e"},"content":{"rendered":"<p><strong>Le Pr\u00e9sident du Faso, Chef de l\u2019\u00c9tat, le Capitaine Ibrahim Traor\u00e9, a remis ce dimanche 8 juin 2025 en d\u00e9but de soir\u00e9e, le troph\u00e9e de la 38e \u00e9dition de la Coupe du Faso \u00e0 Rahimo Football Club (Rahimo FC) qui a remport\u00e9 la finale aux tirs au but face au Sporting Football Club des Cascades.\u00a0<\/strong><!--more--><\/p>\n<p>C&rsquo;est un beau spectacle que les deux clubs ont donn\u00e9 \u00e0 voir \u00e0 l\u2019occasion de cette finale \u00e2prement disput\u00e9e avec un spectateur vedette, le Chef de l\u2019\u00c9tat, le Capitaine Ibrahim Traor\u00e9 au stade municipal Issoufou-Joseph-Conombo.\u00a0<\/p>\n<p>D\u00e8s l\u2019entame du match, les joueurs du Sporting Football Club des Cascades mettent la pression sur leurs adversaires et finissent par ouvrir le score \u00e0 la 16e minute. Rahimo FC, \u00e9galise \u00e0 la 64e minute.<\/p>\n<figure id=\"attachment_21111\" aria-describedby=\"caption-attachment-21111\" style=\"width: 2560px\" class=\"wp-caption aligncenter\"><a href=\"https:\/\/www.latribunedufaso.net\/wp-content\/uploads\/2025\/06\/IMG-20250609-WA0010-scaled.jpg\"><img loading=\"lazy\" decoding=\"async\" class=\"size-full wp-image-21111\" src=\"https:\/\/www.latribunedufaso.net\/wp-content\/uploads\/2025\/06\/IMG-20250609-WA0010-scaled.jpg\" alt=\"Finale de la Coupe du Faso 2025, 8 juin 2025\" width=\"2560\" height=\"1644\" srcset=\"https:\/\/www.latribunedufaso.net\/wp-content\/uploads\/2025\/06\/IMG-20250609-WA0010-scaled.jpg 2560w, https:\/\/www.latribunedufaso.net\/wp-content\/uploads\/2025\/06\/IMG-20250609-WA0010-300x193.jpg 300w, https:\/\/www.latribunedufaso.net\/wp-content\/uploads\/2025\/06\/IMG-20250609-WA0010-1024x657.jpg 1024w, https:\/\/www.latribunedufaso.net\/wp-content\/uploads\/2025\/06\/IMG-20250609-WA0010-768x493.jpg 768w, https:\/\/www.latribunedufaso.net\/wp-content\/uploads\/2025\/06\/IMG-20250609-WA0010-1536x986.jpg 1536w, https:\/\/www.latribunedufaso.net\/wp-content\/uploads\/2025\/06\/IMG-20250609-WA0010-2048x1315.jpg 2048w\" sizes=\"auto, (max-width: 2560px) 100vw, 2560px\" \/><\/a><figcaption id=\"caption-attachment-21111\" class=\"wp-caption-text\">Le Rahimo Football Club victorieux de la 38e Coupe du Faso posant avec Son Excellence le Pr\u00e9sident du Faso &#8211; Ph. DR<\/figcaption><\/figure>\n<p>Malgr\u00e9 les occasions de buts de part et d\u2019autre, le score va rester inchang\u00e9 jusqu\u2019\u00e0 la fin du temps r\u00e8glementaire. Et c\u2019est \u00e0 l\u2019issue de l\u2019\u00e9preuve des tirs au but que les joueurs de Rahimo FC vont se montrer les plus adroits et remporter la finale par 3 tirs r\u00e9ussis contre 1.<\/p>\n<p>Rahimo FC s\u2019adjuge ainsi le troph\u00e9e, la m\u00e9daille d\u2019or plus la somme de 20 millions FCFA. Le Sporting Football des Cascades repart avec la m\u00e9daille d\u2019argent et la somme de 15 millions FCFA.<\/p>\n<figure id=\"attachment_21110\" aria-describedby=\"caption-attachment-21110\" style=\"width: 2560px\" class=\"wp-caption aligncenter\"><a href=\"https:\/\/www.latribunedufaso.net\/wp-content\/uploads\/2025\/06\/IMG-20250609-WA0012-scaled.jpg\"><img loading=\"lazy\" decoding=\"async\" class=\"size-full wp-image-21110\" src=\"https:\/\/www.latribunedufaso.net\/wp-content\/uploads\/2025\/06\/IMG-20250609-WA0012-scaled.jpg\" alt=\"Finale de la Coupe du Faso 2025, 8 juin 2025\" width=\"2560\" height=\"1438\" srcset=\"https:\/\/www.latribunedufaso.net\/wp-content\/uploads\/2025\/06\/IMG-20250609-WA0012-scaled.jpg 2560w, https:\/\/www.latribunedufaso.net\/wp-content\/uploads\/2025\/06\/IMG-20250609-WA0012-300x169.jpg 300w, https:\/\/www.latribunedufaso.net\/wp-content\/uploads\/2025\/06\/IMG-20250609-WA0012-1024x575.jpg 1024w, https:\/\/www.latribunedufaso.net\/wp-content\/uploads\/2025\/06\/IMG-20250609-WA0012-768x431.jpg 768w, https:\/\/www.latribunedufaso.net\/wp-content\/uploads\/2025\/06\/IMG-20250609-WA0012-1536x863.jpg 1536w, https:\/\/www.latribunedufaso.net\/wp-content\/uploads\/2025\/06\/IMG-20250609-WA0012-2048x1151.jpg 2048w\" sizes=\"auto, (max-width: 2560px) 100vw, 2560px\" \/><\/a><figcaption id=\"caption-attachment-21110\" class=\"wp-caption-text\">Depuis la loge officielle, le Chef de l\u2019\u00c9tat, le Capitaine Ibrahim Traor\u00e9 a admir\u00e9 le jeu men\u00e9 par les deux \u00e9quipes &#8211; Ph. DR<\/figcaption><\/figure>\n<p>Les gains de la finale de la coupe du Faso ont connu une augmentation substantielle passant du simple au double cette ann\u00e9e. Ce rehaussement des r\u00e9compenses traduit la volont\u00e9 et l\u2019engagement des plus hautes autorit\u00e9s de notre pays \u00e0 insuffler une nouvelle dynamique au sport par la valorisation des comp\u00e9titions sportives nationales.<\/p>\n<p><strong>Latribunedufaso.net<\/strong><\/p>\n<p><strong>Source : Direction de la communication de la Pr\u00e9sidence du Faso<\/strong><\/p>\n<p>Lire aussi &gt;&gt; <a href=\"https:\/\/www.latribunedufaso.net\/?p=16303\">Coupe de la citoyennet\u00e9 : Victoire symbolique de l\u2019\u00e9quipe de la Pr\u00e9sidence du Faso<\/a><\/p>\n","protected":false},"excerpt":{"rendered":"<p>Le Pr\u00e9sident du Faso, Chef de l\u2019\u00c9tat, le Capitaine Ibrahim Traor\u00e9, a remis ce dimanche 8 juin 2025 en d\u00e9but de soir\u00e9e, le troph\u00e9e de la 38e \u00e9dition de la Coupe du Faso \u00e0 Rahimo Football Club (Rahimo FC) qui a remport\u00e9 la finale aux tirs au but face au Sporting Football Club des Cascades.\u00a0<\/p>\n","protected":false},"author":5,"featured_media":21112,"comment_status":"open","ping_status":"open","sticky":false,"template":"","format":"standard","meta":{"footnotes":""},"categories":[13,1,17],"tags":[1152,139,39],"class_list":["post-21109","post","type-post","status-publish","format-standard","has-post-thumbnail","hentry","category-une","category-actu","category-sport","tag-coupe-du-faso","tag-football","tag-latribunedufaso-net"],"yoast_head":"<!-- This site is optimized with the Yoast SEO plugin v27.5 - https:\/\/yoast.com\/product\/yoast-seo-wordpress\/ -->\n<title>Finale de la 38e \u00e9dition de la Coupe du Faso :\u00a0Rahimo FC s\u2019adjuge le troph\u00e9e - La Tribune du Faso<\/title>\n<meta name=\"robots\" content=\"index, follow, max-snippet:-1, max-image-preview:large, max-video-preview:-1\" \/>\n<link rel=\"canonical\" href=\"https:\/\/www.latribunedufaso.net\/?p=21109\" \/>\n<meta property=\"og:locale\" content=\"fr_FR\" \/>\n<meta property=\"og:type\" content=\"article\" \/>\n<meta property=\"og:title\" content=\"Finale de la 38e \u00e9dition de la Coupe du Faso :\u00a0Rahimo FC s\u2019adjuge le troph\u00e9e - La Tribune du Faso\" \/>\n<meta property=\"og:description\" content=\"Le Pr\u00e9sident du Faso, Chef de l\u2019\u00c9tat, le Capitaine Ibrahim Traor\u00e9, a remis ce dimanche 8 juin 2025 en d\u00e9but de soir\u00e9e, le troph\u00e9e de la 38e \u00e9dition de la Coupe du Faso \u00e0 Rahimo Football Club (Rahimo FC) qui a remport\u00e9 la finale aux tirs au but face au Sporting Football Club des Cascades.\u00a0\" \/>\n<meta property=\"og:url\" content=\"https:\/\/www.latribunedufaso.net\/?p=21109\" \/>\n<meta property=\"og:site_name\" content=\"La Tribune du Faso\" \/>\n<meta property=\"article:publisher\" content=\"https:\/\/www.facebook.com\/LatribuneduFaso\/\" \/>\n<meta property=\"article:published_time\" content=\"2025-06-09T08:59:50+00:00\" \/>\n<meta property=\"og:image\" content=\"https:\/\/www.latribunedufaso.net\/wp-content\/uploads\/2025\/06\/IMG-20250609-WA0008-scaled.jpg\" \/>\n\t<meta property=\"og:image:width\" content=\"2560\" \/>\n\t<meta property=\"og:image:height\" content=\"1841\" \/>\n\t<meta property=\"og:image:type\" content=\"image\/jpeg\" \/>\n<meta name=\"author\" content=\"Issouf Tapsoba\" \/>\n<meta name=\"twitter:label1\" content=\"\u00c9crit par\" \/>\n\t<meta name=\"twitter:data1\" content=\"Issouf Tapsoba\" \/>\n\t<meta name=\"twitter:label2\" content=\"Dur\u00e9e de lecture estim\u00e9e\" \/>\n\t<meta name=\"twitter:data2\" content=\"2 minutes\" \/>\n<script type=\"application\/ld+json\" class=\"yoast-schema-graph\">{\"@context\":\"https:\\\/\\\/schema.org\",\"@graph\":[{\"@type\":\"Article\",\"@id\":\"https:\\\/\\\/www.latribunedufaso.net\\\/?p=21109#article\",\"isPartOf\":{\"@id\":\"https:\\\/\\\/www.latribunedufaso.net\\\/?p=21109\"},\"author\":{\"name\":\"Issouf Tapsoba\",\"@id\":\"https:\\\/\\\/www.latribunedufaso.net\\\/#\\\/schema\\\/person\\\/e54e64c5778a7e72cf80a318b7a622b0\"},\"headline\":\"Finale de la 38e \u00e9dition de la Coupe du Faso :\u00a0Rahimo FC s\u2019adjuge le troph\u00e9e\",\"datePublished\":\"2025-06-09T08:59:50+00:00\",\"mainEntityOfPage\":{\"@id\":\"https:\\\/\\\/www.latribunedufaso.net\\\/?p=21109\"},\"wordCount\":388,\"commentCount\":0,\"publisher\":{\"@id\":\"https:\\\/\\\/www.latribunedufaso.net\\\/#organization\"},\"image\":{\"@id\":\"https:\\\/\\\/www.latribunedufaso.net\\\/?p=21109#primaryimage\"},\"thumbnailUrl\":\"https:\\\/\\\/www.latribunedufaso.net\\\/wp-content\\\/uploads\\\/2025\\\/06\\\/IMG-20250609-WA0008-scaled.jpg\",\"keywords\":[\"Coupe du Faso\",\"Football\",\"latribunedufaso.net\"],\"articleSection\":[\"A la une\",\"Actualit\u00e9\",\"Sport\"],\"inLanguage\":\"fr-FR\",\"potentialAction\":[{\"@type\":\"CommentAction\",\"name\":\"Comment\",\"target\":[\"https:\\\/\\\/www.latribunedufaso.net\\\/?p=21109#respond\"]}]},{\"@type\":\"WebPage\",\"@id\":\"https:\\\/\\\/www.latribunedufaso.net\\\/?p=21109\",\"url\":\"https:\\\/\\\/www.latribunedufaso.net\\\/?p=21109\",\"name\":\"Finale de la 38e \u00e9dition de la Coupe du Faso :\u00a0Rahimo FC s\u2019adjuge le troph\u00e9e - La Tribune du Faso\",\"isPartOf\":{\"@id\":\"https:\\\/\\\/www.latribunedufaso.net\\\/#website\"},\"primaryImageOfPage\":{\"@id\":\"https:\\\/\\\/www.latribunedufaso.net\\\/?p=21109#primaryimage\"},\"image\":{\"@id\":\"https:\\\/\\\/www.latribunedufaso.net\\\/?p=21109#primaryimage\"},\"thumbnailUrl\":\"https:\\\/\\\/www.latribunedufaso.net\\\/wp-content\\\/uploads\\\/2025\\\/06\\\/IMG-20250609-WA0008-scaled.jpg\",\"datePublished\":\"2025-06-09T08:59:50+00:00\",\"breadcrumb\":{\"@id\":\"https:\\\/\\\/www.latribunedufaso.net\\\/?p=21109#breadcrumb\"},\"inLanguage\":\"fr-FR\",\"potentialAction\":[{\"@type\":\"ReadAction\",\"target\":[\"https:\\\/\\\/www.latribunedufaso.net\\\/?p=21109\"]}]},{\"@type\":\"ImageObject\",\"inLanguage\":\"fr-FR\",\"@id\":\"https:\\\/\\\/www.latribunedufaso.net\\\/?p=21109#primaryimage\",\"url\":\"https:\\\/\\\/www.latribunedufaso.net\\\/wp-content\\\/uploads\\\/2025\\\/06\\\/IMG-20250609-WA0008-scaled.jpg\",\"contentUrl\":\"https:\\\/\\\/www.latribunedufaso.net\\\/wp-content\\\/uploads\\\/2025\\\/06\\\/IMG-20250609-WA0008-scaled.jpg\",\"width\":2560,\"height\":1841,\"caption\":\"Finale de la Coupe du Faso 2025, 8 juin 2025\"},{\"@type\":\"BreadcrumbList\",\"@id\":\"https:\\\/\\\/www.latribunedufaso.net\\\/?p=21109#breadcrumb\",\"itemListElement\":[{\"@type\":\"ListItem\",\"position\":1,\"name\":\"Accueil\",\"item\":\"https:\\\/\\\/www.latribunedufaso.net\\\/\"},{\"@type\":\"ListItem\",\"position\":2,\"name\":\"Finale de la 38e \u00e9dition de la Coupe du Faso :\u00a0Rahimo FC s\u2019adjuge le troph\u00e9e\"}]},{\"@type\":\"WebSite\",\"@id\":\"https:\\\/\\\/www.latribunedufaso.net\\\/#website\",\"url\":\"https:\\\/\\\/www.latribunedufaso.net\\\/\",\"name\":\"La Tribune du Faso\",\"description\":\"L&#039;information du monde rural en un clic\",\"publisher\":{\"@id\":\"https:\\\/\\\/www.latribunedufaso.net\\\/#organization\"},\"potentialAction\":[{\"@type\":\"SearchAction\",\"target\":{\"@type\":\"EntryPoint\",\"urlTemplate\":\"https:\\\/\\\/www.latribunedufaso.net\\\/?s={search_term_string}\"},\"query-input\":{\"@type\":\"PropertyValueSpecification\",\"valueRequired\":true,\"valueName\":\"search_term_string\"}}],\"inLanguage\":\"fr-FR\"},{\"@type\":\"Organization\",\"@id\":\"https:\\\/\\\/www.latribunedufaso.net\\\/#organization\",\"name\":\"La Tribune du Faso\",\"url\":\"https:\\\/\\\/www.latribunedufaso.net\\\/\",\"logo\":{\"@type\":\"ImageObject\",\"inLanguage\":\"fr-FR\",\"@id\":\"https:\\\/\\\/www.latribunedufaso.net\\\/#\\\/schema\\\/logo\\\/image\\\/\",\"url\":\"https:\\\/\\\/www.latribunedufaso.net\\\/wp-content\\\/uploads\\\/2020\\\/08\\\/Logo-Tribune-du-Faso-final-scaled.jpg\",\"contentUrl\":\"https:\\\/\\\/www.latribunedufaso.net\\\/wp-content\\\/uploads\\\/2020\\\/08\\\/Logo-Tribune-du-Faso-final-scaled.jpg\",\"width\":2560,\"height\":1856,\"caption\":\"La Tribune du Faso\"},\"image\":{\"@id\":\"https:\\\/\\\/www.latribunedufaso.net\\\/#\\\/schema\\\/logo\\\/image\\\/\"},\"sameAs\":[\"https:\\\/\\\/www.facebook.com\\\/LatribuneduFaso\\\/\"]},{\"@type\":\"Person\",\"@id\":\"https:\\\/\\\/www.latribunedufaso.net\\\/#\\\/schema\\\/person\\\/e54e64c5778a7e72cf80a318b7a622b0\",\"name\":\"Issouf Tapsoba\",\"image\":{\"@type\":\"ImageObject\",\"inLanguage\":\"fr-FR\",\"@id\":\"https:\\\/\\\/secure.gravatar.com\\\/avatar\\\/5e6c05150ce3230247d167f5b94d678eb05936197436d69b7921e3a95c9107ac?s=96&d=mm&r=g\",\"url\":\"https:\\\/\\\/secure.gravatar.com\\\/avatar\\\/5e6c05150ce3230247d167f5b94d678eb05936197436d69b7921e3a95c9107ac?s=96&d=mm&r=g\",\"contentUrl\":\"https:\\\/\\\/secure.gravatar.com\\\/avatar\\\/5e6c05150ce3230247d167f5b94d678eb05936197436d69b7921e3a95c9107ac?s=96&d=mm&r=g\",\"caption\":\"Issouf Tapsoba\"},\"url\":\"https:\\\/\\\/www.latribunedufaso.net\\\/?author=5\"}]}<\/script>\n<!-- \/ Yoast SEO plugin. -->","yoast_head_json":{"title":"Finale de la 38e \u00e9dition de la Coupe du Faso :\u00a0Rahimo FC s\u2019adjuge le troph\u00e9e - La Tribune du Faso","robots":{"index":"index","follow":"follow","max-snippet":"max-snippet:-1","max-image-preview":"max-image-preview:large","max-video-preview":"max-video-preview:-1"},"canonical":"https:\/\/www.latribunedufaso.net\/?p=21109","og_locale":"fr_FR","og_type":"article","og_title":"Finale de la 38e \u00e9dition de la Coupe du Faso :\u00a0Rahimo FC s\u2019adjuge le troph\u00e9e - La Tribune du Faso","og_description":"Le Pr\u00e9sident du Faso, Chef de l\u2019\u00c9tat, le Capitaine Ibrahim Traor\u00e9, a remis ce dimanche 8 juin 2025 en d\u00e9but de soir\u00e9e, le troph\u00e9e de la 38e \u00e9dition de la Coupe du Faso \u00e0 Rahimo Football Club (Rahimo FC) qui a remport\u00e9 la finale aux tirs au but face au Sporting Football Club des Cascades.\u00a0","og_url":"https:\/\/www.latribunedufaso.net\/?p=21109","og_site_name":"La Tribune du Faso","article_publisher":"https:\/\/www.facebook.com\/LatribuneduFaso\/","article_published_time":"2025-06-09T08:59:50+00:00","og_image":[{"width":2560,"height":1841,"url":"https:\/\/www.latribunedufaso.net\/wp-content\/uploads\/2025\/06\/IMG-20250609-WA0008-scaled.jpg","type":"image\/jpeg"}],"author":"Issouf Tapsoba","twitter_misc":{"\u00c9crit par":"Issouf Tapsoba","Dur\u00e9e de lecture estim\u00e9e":"2 minutes"},"schema":{"@context":"https:\/\/schema.org","@graph":[{"@type":"Article","@id":"https:\/\/www.latribunedufaso.net\/?p=21109#article","isPartOf":{"@id":"https:\/\/www.latribunedufaso.net\/?p=21109"},"author":{"name":"Issouf Tapsoba","@id":"https:\/\/www.latribunedufaso.net\/#\/schema\/person\/e54e64c5778a7e72cf80a318b7a622b0"},"headline":"Finale de la 38e \u00e9dition de la Coupe du Faso :\u00a0Rahimo FC s\u2019adjuge le troph\u00e9e","datePublished":"2025-06-09T08:59:50+00:00","mainEntityOfPage":{"@id":"https:\/\/www.latribunedufaso.net\/?p=21109"},"wordCount":388,"commentCount":0,"publisher":{"@id":"https:\/\/www.latribunedufaso.net\/#organization"},"image":{"@id":"https:\/\/www.latribunedufaso.net\/?p=21109#primaryimage"},"thumbnailUrl":"https:\/\/www.latribunedufaso.net\/wp-content\/uploads\/2025\/06\/IMG-20250609-WA0008-scaled.jpg","keywords":["Coupe du Faso","Football","latribunedufaso.net"],"articleSection":["A la une","Actualit\u00e9","Sport"],"inLanguage":"fr-FR","potentialAction":[{"@type":"CommentAction","name":"Comment","target":["https:\/\/www.latribunedufaso.net\/?p=21109#respond"]}]},{"@type":"WebPage","@id":"https:\/\/www.latribunedufaso.net\/?p=21109","url":"https:\/\/www.latribunedufaso.net\/?p=21109","name":"Finale de la 38e \u00e9dition de la Coupe du Faso :\u00a0Rahimo FC s\u2019adjuge le troph\u00e9e - La Tribune du Faso","isPartOf":{"@id":"https:\/\/www.latribunedufaso.net\/#website"},"primaryImageOfPage":{"@id":"https:\/\/www.latribunedufaso.net\/?p=21109#primaryimage"},"image":{"@id":"https:\/\/www.latribunedufaso.net\/?p=21109#primaryimage"},"thumbnailUrl":"https:\/\/www.latribunedufaso.net\/wp-content\/uploads\/2025\/06\/IMG-20250609-WA0008-scaled.jpg","datePublished":"2025-06-09T08:59:50+00:00","breadcrumb":{"@id":"https:\/\/www.latribunedufaso.net\/?p=21109#breadcrumb"},"inLanguage":"fr-FR","potentialAction":[{"@type":"ReadAction","target":["https:\/\/www.latribunedufaso.net\/?p=21109"]}]},{"@type":"ImageObject","inLanguage":"fr-FR","@id":"https:\/\/www.latribunedufaso.net\/?p=21109#primaryimage","url":"https:\/\/www.latribunedufaso.net\/wp-content\/uploads\/2025\/06\/IMG-20250609-WA0008-scaled.jpg","contentUrl":"https:\/\/www.latribunedufaso.net\/wp-content\/uploads\/2025\/06\/IMG-20250609-WA0008-scaled.jpg","width":2560,"height":1841,"caption":"Finale de la Coupe du Faso 2025, 8 juin 2025"},{"@type":"BreadcrumbList","@id":"https:\/\/www.latribunedufaso.net\/?p=21109#breadcrumb","itemListElement":[{"@type":"ListItem","position":1,"name":"Accueil","item":"https:\/\/www.latribunedufaso.net\/"},{"@type":"ListItem","position":2,"name":"Finale de la 38e \u00e9dition de la Coupe du Faso :\u00a0Rahimo FC s\u2019adjuge le troph\u00e9e"}]},{"@type":"WebSite","@id":"https:\/\/www.latribunedufaso.net\/#website","url":"https:\/\/www.latribunedufaso.net\/","name":"La Tribune du Faso","description":"L&#039;information du monde rural en un clic","publisher":{"@id":"https:\/\/www.latribunedufaso.net\/#organization"},"potentialAction":[{"@type":"SearchAction","target":{"@type":"EntryPoint","urlTemplate":"https:\/\/www.latribunedufaso.net\/?s={search_term_string}"},"query-input":{"@type":"PropertyValueSpecification","valueRequired":true,"valueName":"search_term_string"}}],"inLanguage":"fr-FR"},{"@type":"Organization","@id":"https:\/\/www.latribunedufaso.net\/#organization","name":"La Tribune du Faso","url":"https:\/\/www.latribunedufaso.net\/","logo":{"@type":"ImageObject","inLanguage":"fr-FR","@id":"https:\/\/www.latribunedufaso.net\/#\/schema\/logo\/image\/","url":"https:\/\/www.latribunedufaso.net\/wp-content\/uploads\/2020\/08\/Logo-Tribune-du-Faso-final-scaled.jpg","contentUrl":"https:\/\/www.latribunedufaso.net\/wp-content\/uploads\/2020\/08\/Logo-Tribune-du-Faso-final-scaled.jpg","width":2560,"height":1856,"caption":"La Tribune du Faso"},"image":{"@id":"https:\/\/www.latribunedufaso.net\/#\/schema\/logo\/image\/"},"sameAs":["https:\/\/www.facebook.com\/LatribuneduFaso\/"]},{"@type":"Person","@id":"https:\/\/www.latribunedufaso.net\/#\/schema\/person\/e54e64c5778a7e72cf80a318b7a622b0","name":"Issouf Tapsoba","image":{"@type":"ImageObject","inLanguage":"fr-FR","@id":"https:\/\/secure.gravatar.com\/avatar\/5e6c05150ce3230247d167f5b94d678eb05936197436d69b7921e3a95c9107ac?s=96&d=mm&r=g","url":"https:\/\/secure.gravatar.com\/avatar\/5e6c05150ce3230247d167f5b94d678eb05936197436d69b7921e3a95c9107ac?s=96&d=mm&r=g","contentUrl":"https:\/\/secure.gravatar.com\/avatar\/5e6c05150ce3230247d167f5b94d678eb05936197436d69b7921e3a95c9107ac?s=96&d=mm&r=g","caption":"Issouf Tapsoba"},"url":"https:\/\/www.latribunedufaso.net\/?author=5"}]}},"_links":{"self":[{"href":"https:\/\/www.latribunedufaso.net\/index.php?rest_route=\/wp\/v2\/posts\/21109","targetHints":{"allow":["GET"]}}],"collection":[{"href":"https:\/\/www.latribunedufaso.net\/index.php?rest_route=\/wp\/v2\/posts"}],"about":[{"href":"https:\/\/www.latribunedufaso.net\/index.php?rest_route=\/wp\/v2\/types\/post"}],"author":[{"embeddable":true,"href":"https:\/\/www.latribunedufaso.net\/index.php?rest_route=\/wp\/v2\/users\/5"}],"replies":[{"embeddable":true,"href":"https:\/\/www.latribunedufaso.net\/index.php?rest_route=%2Fwp%2Fv2%2Fcomments&post=21109"}],"version-history":[{"count":1,"href":"https:\/\/www.latribunedufaso.net\/index.php?rest_route=\/wp\/v2\/posts\/21109\/revisions"}],"predecessor-version":[{"id":21113,"href":"https:\/\/www.latribunedufaso.net\/index.php?rest_route=\/wp\/v2\/posts\/21109\/revisions\/21113"}],"wp:featuredmedia":[{"embeddable":true,"href":"https:\/\/www.latribunedufaso.net\/index.php?rest_route=\/wp\/v2\/media\/21112"}],"wp:attachment":[{"href":"https:\/\/www.latribunedufaso.net\/index.php?rest_route=%2Fwp%2Fv2%2Fmedia&parent=21109"}],"wp:term":[{"taxonomy":"category","embeddable":true,"href":"https:\/\/www.latribunedufaso.net\/index.php?rest_route=%2Fwp%2Fv2%2Fcategories&post=21109"},{"taxonomy":"post_tag","embeddable":true,"href":"https:\/\/www.latribunedufaso.net\/index.php?rest_route=%2Fwp%2Fv2%2Ftags&post=21109"}],"curies":[{"name":"wp","href":"https:\/\/api.w.org\/{rel}","templated":true}]}}