{"id":21028,"date":"2025-06-03T13:37:45","date_gmt":"2025-06-03T13:37:45","guid":{"rendered":"https:\/\/www.latribunedufaso.net\/?p=21028"},"modified":"2025-06-18T19:31:02","modified_gmt":"2025-06-18T19:31:02","slug":"education-le-gouverneur-aboulaye-bassinga-lance-les-examens-scolaires-2025-dans-la-region-du-centre","status":"publish","type":"post","link":"https:\/\/www.latribunedufaso.net\/?p=21028","title":{"rendered":"\u00c9ducation : Le gouverneur Aboulaye Bassinga lance les examens scolaires 2025 dans la r\u00e9gion du Centre"},"content":{"rendered":"<p><strong>Le lancement officiel des examens scolaires session 2025 a eu lieu ce mardi 03 juin \u00e0 Ouagadougou, sous la pr\u00e9sidence du Gouverneur de la r\u00e9gion du Centre, Abdoulaye Bassinga. Plus de 151 000 candidats sont en lice pour d\u00e9crocher leur CEP, BEPC, CAP ou BEP. Un moment d\u00e9cisif marqu\u00e9 par espoir, d\u00e9termination et mobilisation des autorit\u00e9s.<\/strong><!--more--><\/p>\n<p>Le Gouverneur de la r\u00e9gion du Centre, Abdoulaye Bassinga, a proc\u00e9d\u00e9 ce 03 juin 2025 au lancement r\u00e9gional des examens scolaires de l\u2019enseignement secondaire et primaire au Lyc\u00e9e d\u00e9partemental de Sandogo et \u00e0 l\u2019\u00e9cole primaire publique de Sandogo, \u00e0 Ouagadougou.<\/p>\n<figure id=\"attachment_21029\" aria-describedby=\"caption-attachment-21029\" style=\"width: 940px\" class=\"wp-caption aligncenter\"><a href=\"https:\/\/www.latribunedufaso.net\/wp-content\/uploads\/2025\/06\/IMG-20250603-WA0022.jpg\"><img loading=\"lazy\" decoding=\"async\" class=\"size-full wp-image-21029\" src=\"https:\/\/www.latribunedufaso.net\/wp-content\/uploads\/2025\/06\/IMG-20250603-WA0022.jpg\" alt=\"Le gouverneur de la R\u00e9gion du Centre, Abdoulaye Bassinga a proc\u00e9d\u00e9 au lancement de la composition des examens et concours scolaires (BEP, BEPC, CEP, CAP) dans la r\u00e9gion, 3 juin 2025\" width=\"940\" height=\"1042\" srcset=\"https:\/\/www.latribunedufaso.net\/wp-content\/uploads\/2025\/06\/IMG-20250603-WA0022.jpg 940w, https:\/\/www.latribunedufaso.net\/wp-content\/uploads\/2025\/06\/IMG-20250603-WA0022-271x300.jpg 271w, https:\/\/www.latribunedufaso.net\/wp-content\/uploads\/2025\/06\/IMG-20250603-WA0022-924x1024.jpg 924w, https:\/\/www.latribunedufaso.net\/wp-content\/uploads\/2025\/06\/IMG-20250603-WA0022-768x851.jpg 768w\" sizes=\"auto, (max-width: 940px) 100vw, 940px\" \/><\/a><figcaption id=\"caption-attachment-21029\" class=\"wp-caption-text\">Le gouverneur de la r\u00e9gion du Centre, Abdoulaye Bassinga &#8211; Ph. A. Kiendrebeogo<\/figcaption><\/figure>\n<p>Il s&rsquo;agit du Certificat d\u2019\u00e9tudes primaires (CEP), du Brevet d\u2019\u00e9tudes du premier cycle (BEPC), du Certificat d\u2019aptitude professionnelle (CAP) et du Brevet d\u2019\u00e9tudes professionnelles (BEP).<\/p>\n<p>Au total 151 925 candidats affrontent les \u00e9preuves dans la r\u00e9gion du Centre, r\u00e9partis comme suit : 76 451 pour le CEP, 60 418 pour le BEPC et 15 056 pour le BEP\/CAP.<\/p>\n<figure id=\"attachment_21032\" aria-describedby=\"caption-attachment-21032\" style=\"width: 1080px\" class=\"wp-caption aligncenter\"><a href=\"https:\/\/www.latribunedufaso.net\/wp-content\/uploads\/2025\/06\/IMG-20250603-WA0024.jpg\"><img loading=\"lazy\" decoding=\"async\" class=\"size-full wp-image-21032\" src=\"https:\/\/www.latribunedufaso.net\/wp-content\/uploads\/2025\/06\/IMG-20250603-WA0024.jpg\" alt=\"Le gouverneur de la R\u00e9gion du Centre, Abdoulaye Bassinga a proc\u00e9d\u00e9 au lancement de la composition des examens et concours scolaires (BEP, BEPC, CEP, CAP) dans la r\u00e9gion, 3 juin 2025\" width=\"1080\" height=\"1080\" srcset=\"https:\/\/www.latribunedufaso.net\/wp-content\/uploads\/2025\/06\/IMG-20250603-WA0024.jpg 1080w, https:\/\/www.latribunedufaso.net\/wp-content\/uploads\/2025\/06\/IMG-20250603-WA0024-300x300.jpg 300w, https:\/\/www.latribunedufaso.net\/wp-content\/uploads\/2025\/06\/IMG-20250603-WA0024-1024x1024.jpg 1024w, https:\/\/www.latribunedufaso.net\/wp-content\/uploads\/2025\/06\/IMG-20250603-WA0024-150x150.jpg 150w, https:\/\/www.latribunedufaso.net\/wp-content\/uploads\/2025\/06\/IMG-20250603-WA0024-768x768.jpg 768w\" sizes=\"auto, (max-width: 1080px) 100vw, 1080px\" \/><\/a><figcaption id=\"caption-attachment-21032\" class=\"wp-caption-text\">Une vue des candidats dans une salle de composition &#8211; Ph. A. Kiendrebeogo<\/figcaption><\/figure>\n<p>Les \u00e9preuves ont d\u00e9but\u00e9 par la dict\u00e9e pour les candidats du BEPC et la r\u00e9daction pour ceux du CEP. Au nom du gouvernement, Abdoulaye Bassinga a souhait\u00e9 bonne chance aux candidats et formul\u00e9 le v\u0153u d\u2019excellents taux de r\u00e9ussite \u00e0 l\u2019issue du processus. Il a \u00e9galement salu\u00e9 les efforts importants consentis par l\u2019\u00c9tat sur les plans logistique, humain et financier pour assurer le bon d\u00e9roulement de ces examens.<\/p>\n<figure id=\"attachment_21031\" aria-describedby=\"caption-attachment-21031\" style=\"width: 2560px\" class=\"wp-caption aligncenter\"><a href=\"https:\/\/www.latribunedufaso.net\/wp-content\/uploads\/2025\/06\/IMG-20250603-WA0021.jpg\"><img loading=\"lazy\" decoding=\"async\" class=\"size-full wp-image-21031\" src=\"https:\/\/www.latribunedufaso.net\/wp-content\/uploads\/2025\/06\/IMG-20250603-WA0021.jpg\" alt=\"Le gouverneur de la R\u00e9gion du Centre, Abdoulaye Bassinga a proc\u00e9d\u00e9 au lancement de la composition des examens et concours scolaires (BEP, BEPC, CEP, CAP) dans la r\u00e9gion, 3 juin 2025\" width=\"2560\" height=\"2560\" srcset=\"https:\/\/www.latribunedufaso.net\/wp-content\/uploads\/2025\/06\/IMG-20250603-WA0021.jpg 2560w, https:\/\/www.latribunedufaso.net\/wp-content\/uploads\/2025\/06\/IMG-20250603-WA0021-300x300.jpg 300w, https:\/\/www.latribunedufaso.net\/wp-content\/uploads\/2025\/06\/IMG-20250603-WA0021-1024x1024.jpg 1024w, https:\/\/www.latribunedufaso.net\/wp-content\/uploads\/2025\/06\/IMG-20250603-WA0021-150x150.jpg 150w, https:\/\/www.latribunedufaso.net\/wp-content\/uploads\/2025\/06\/IMG-20250603-WA0021-768x768.jpg 768w, https:\/\/www.latribunedufaso.net\/wp-content\/uploads\/2025\/06\/IMG-20250603-WA0021-1536x1536.jpg 1536w, https:\/\/www.latribunedufaso.net\/wp-content\/uploads\/2025\/06\/IMG-20250603-WA0021-2048x2048.jpg 2048w\" sizes=\"auto, (max-width: 2560px) 100vw, 2560px\" \/><\/a><figcaption id=\"caption-attachment-21031\" class=\"wp-caption-text\">Basile Som\u00e9, candidat au BEPC &#8211; Ph. A. Kiendrebeogo<\/figcaption><\/figure>\n<p>Du c\u00f4t\u00e9 des candidats, la s\u00e9r\u00e9nit\u00e9 semble dominer. <em><strong>\u00ab Je n\u2019ai pas peur. Je me suis bien pr\u00e9par\u00e9 et j\u2019ai confiance en moi \u00bb<\/strong><\/em>, a confi\u00e9 Basile Som\u00e9, candidat au BEPC.<\/p>\n<p><strong>Rosana Astride KIENDREBEOGO\u00a0<\/strong><\/p>\n<p><strong>Latribunedufaso.net<\/strong><\/p>\n<p>Lire aussi &gt;&gt; <a href=\"https:\/\/www.latribunedufaso.net\/?p=20900\">Burkina\/Enseignement: Les ministres Dingara et Sawadogo font le point sur l\u2019organisation des examens de la session 2025<\/a><\/p>\n<p><iframe loading=\"lazy\" width=\"560\" height=\"315\" src=\"https:\/\/www.youtube.com\/embed\/k3ZZngijem8?si=vO5mdPaGcDlK4Kth\" title=\"YouTube video player\" frameborder=\"0\" allow=\"accelerometer; autoplay; clipboard-write; encrypted-media; gyroscope; picture-in-picture; web-share\" referrerpolicy=\"strict-origin-when-cross-origin\" allowfullscreen><\/iframe><\/p>\n","protected":false},"excerpt":{"rendered":"<p>Le lancement officiel des examens scolaires session 2025 a eu lieu ce mardi 03 juin \u00e0 Ouagadougou, sous la pr\u00e9sidence du Gouverneur de la r\u00e9gion du Centre, Abdoulaye Bassinga. Plus de 151 000 candidats sont en lice pour d\u00e9crocher leur CEP, BEPC, CAP ou BEP. Un moment d\u00e9cisif marqu\u00e9 par espoir, d\u00e9termination et mobilisation des autorit\u00e9s.<\/p>\n","protected":false},"author":5,"featured_media":21030,"comment_status":"open","ping_status":"open","sticky":false,"template":"","format":"standard","meta":{"footnotes":""},"categories":[13,1,31],"tags":[1135,39,256],"class_list":["post-21028","post","type-post","status-publish","format-standard","has-post-thumbnail","hentry","category-une","category-actu","category-education","tag-lancement-des-examens-scolaires-2025","tag-latribunedufaso-net","tag-region-du-centre"],"yoast_head":"<!-- This site is optimized with the Yoast SEO plugin v27.5 - https:\/\/yoast.com\/product\/yoast-seo-wordpress\/ -->\n<title>\u00c9ducation : Le gouverneur Aboulaye Bassinga lance les examens scolaires 2025 dans la r\u00e9gion du Centre - La Tribune du Faso<\/title>\n<meta name=\"robots\" content=\"index, follow, max-snippet:-1, max-image-preview:large, max-video-preview:-1\" \/>\n<link rel=\"canonical\" href=\"https:\/\/www.latribunedufaso.net\/?p=21028\" \/>\n<meta property=\"og:locale\" content=\"fr_FR\" \/>\n<meta property=\"og:type\" content=\"article\" \/>\n<meta property=\"og:title\" content=\"\u00c9ducation : Le gouverneur Aboulaye Bassinga lance les examens scolaires 2025 dans la r\u00e9gion du Centre - La Tribune du Faso\" \/>\n<meta property=\"og:description\" content=\"Le lancement officiel des examens scolaires session 2025 a eu lieu ce mardi 03 juin \u00e0 Ouagadougou, sous la pr\u00e9sidence du Gouverneur de la r\u00e9gion du Centre, Abdoulaye Bassinga. Plus de 151 000 candidats sont en lice pour d\u00e9crocher leur CEP, BEPC, CAP ou BEP. Un moment d\u00e9cisif marqu\u00e9 par espoir, d\u00e9termination et mobilisation des autorit\u00e9s.\" \/>\n<meta property=\"og:url\" content=\"https:\/\/www.latribunedufaso.net\/?p=21028\" \/>\n<meta property=\"og:site_name\" content=\"La Tribune du Faso\" \/>\n<meta property=\"article:publisher\" content=\"https:\/\/www.facebook.com\/LatribuneduFaso\/\" \/>\n<meta property=\"article:published_time\" content=\"2025-06-03T13:37:45+00:00\" \/>\n<meta property=\"article:modified_time\" content=\"2025-06-18T19:31:02+00:00\" \/>\n<meta property=\"og:image\" content=\"https:\/\/www.latribunedufaso.net\/wp-content\/uploads\/2025\/06\/IMG-20250603-WA0023.jpg\" \/>\n\t<meta property=\"og:image:width\" content=\"1080\" \/>\n\t<meta property=\"og:image:height\" content=\"590\" \/>\n\t<meta property=\"og:image:type\" content=\"image\/jpeg\" \/>\n<meta name=\"author\" content=\"Issouf Tapsoba\" \/>\n<meta name=\"twitter:label1\" content=\"\u00c9crit par\" \/>\n\t<meta name=\"twitter:data1\" content=\"Issouf Tapsoba\" \/>\n\t<meta name=\"twitter:label2\" content=\"Dur\u00e9e de lecture estim\u00e9e\" \/>\n\t<meta name=\"twitter:data2\" content=\"2 minutes\" \/>\n<script type=\"application\/ld+json\" class=\"yoast-schema-graph\">{\"@context\":\"https:\\\/\\\/schema.org\",\"@graph\":[{\"@type\":\"Article\",\"@id\":\"https:\\\/\\\/www.latribunedufaso.net\\\/?p=21028#article\",\"isPartOf\":{\"@id\":\"https:\\\/\\\/www.latribunedufaso.net\\\/?p=21028\"},\"author\":{\"name\":\"Issouf Tapsoba\",\"@id\":\"https:\\\/\\\/www.latribunedufaso.net\\\/#\\\/schema\\\/person\\\/e54e64c5778a7e72cf80a318b7a622b0\"},\"headline\":\"\u00c9ducation : Le gouverneur Aboulaye Bassinga lance les examens scolaires 2025 dans la r\u00e9gion du Centre\",\"datePublished\":\"2025-06-03T13:37:45+00:00\",\"dateModified\":\"2025-06-18T19:31:02+00:00\",\"mainEntityOfPage\":{\"@id\":\"https:\\\/\\\/www.latribunedufaso.net\\\/?p=21028\"},\"wordCount\":367,\"commentCount\":0,\"publisher\":{\"@id\":\"https:\\\/\\\/www.latribunedufaso.net\\\/#organization\"},\"image\":{\"@id\":\"https:\\\/\\\/www.latribunedufaso.net\\\/?p=21028#primaryimage\"},\"thumbnailUrl\":\"https:\\\/\\\/www.latribunedufaso.net\\\/wp-content\\\/uploads\\\/2025\\\/06\\\/IMG-20250603-WA0023.jpg\",\"keywords\":[\"Lancement des examens scolaires 2025\",\"latribunedufaso.net\",\"R\u00e9gion du Centre\"],\"articleSection\":[\"A la une\",\"Actualit\u00e9\",\"\u00c9ducation\"],\"inLanguage\":\"fr-FR\",\"potentialAction\":[{\"@type\":\"CommentAction\",\"name\":\"Comment\",\"target\":[\"https:\\\/\\\/www.latribunedufaso.net\\\/?p=21028#respond\"]}]},{\"@type\":\"WebPage\",\"@id\":\"https:\\\/\\\/www.latribunedufaso.net\\\/?p=21028\",\"url\":\"https:\\\/\\\/www.latribunedufaso.net\\\/?p=21028\",\"name\":\"\u00c9ducation : Le gouverneur Aboulaye Bassinga lance les examens scolaires 2025 dans la r\u00e9gion du Centre - La Tribune du Faso\",\"isPartOf\":{\"@id\":\"https:\\\/\\\/www.latribunedufaso.net\\\/#website\"},\"primaryImageOfPage\":{\"@id\":\"https:\\\/\\\/www.latribunedufaso.net\\\/?p=21028#primaryimage\"},\"image\":{\"@id\":\"https:\\\/\\\/www.latribunedufaso.net\\\/?p=21028#primaryimage\"},\"thumbnailUrl\":\"https:\\\/\\\/www.latribunedufaso.net\\\/wp-content\\\/uploads\\\/2025\\\/06\\\/IMG-20250603-WA0023.jpg\",\"datePublished\":\"2025-06-03T13:37:45+00:00\",\"dateModified\":\"2025-06-18T19:31:02+00:00\",\"breadcrumb\":{\"@id\":\"https:\\\/\\\/www.latribunedufaso.net\\\/?p=21028#breadcrumb\"},\"inLanguage\":\"fr-FR\",\"potentialAction\":[{\"@type\":\"ReadAction\",\"target\":[\"https:\\\/\\\/www.latribunedufaso.net\\\/?p=21028\"]}]},{\"@type\":\"ImageObject\",\"inLanguage\":\"fr-FR\",\"@id\":\"https:\\\/\\\/www.latribunedufaso.net\\\/?p=21028#primaryimage\",\"url\":\"https:\\\/\\\/www.latribunedufaso.net\\\/wp-content\\\/uploads\\\/2025\\\/06\\\/IMG-20250603-WA0023.jpg\",\"contentUrl\":\"https:\\\/\\\/www.latribunedufaso.net\\\/wp-content\\\/uploads\\\/2025\\\/06\\\/IMG-20250603-WA0023.jpg\",\"width\":1080,\"height\":590,\"caption\":\"Le gouverneur de la R\u00e9gion du Centre, Abdoulaye Bassinga a proc\u00e9d\u00e9 au lancement de la composition des examens et concours scolaires (BEP, BEPC, CEP, CAP) dans la r\u00e9gion, 3 juin 2025\"},{\"@type\":\"BreadcrumbList\",\"@id\":\"https:\\\/\\\/www.latribunedufaso.net\\\/?p=21028#breadcrumb\",\"itemListElement\":[{\"@type\":\"ListItem\",\"position\":1,\"name\":\"Accueil\",\"item\":\"https:\\\/\\\/www.latribunedufaso.net\\\/\"},{\"@type\":\"ListItem\",\"position\":2,\"name\":\"\u00c9ducation : Le gouverneur Aboulaye Bassinga lance les examens scolaires 2025 dans la r\u00e9gion du Centre\"}]},{\"@type\":\"WebSite\",\"@id\":\"https:\\\/\\\/www.latribunedufaso.net\\\/#website\",\"url\":\"https:\\\/\\\/www.latribunedufaso.net\\\/\",\"name\":\"La Tribune du Faso\",\"description\":\"L&#039;information du monde rural en un clic\",\"publisher\":{\"@id\":\"https:\\\/\\\/www.latribunedufaso.net\\\/#organization\"},\"potentialAction\":[{\"@type\":\"SearchAction\",\"target\":{\"@type\":\"EntryPoint\",\"urlTemplate\":\"https:\\\/\\\/www.latribunedufaso.net\\\/?s={search_term_string}\"},\"query-input\":{\"@type\":\"PropertyValueSpecification\",\"valueRequired\":true,\"valueName\":\"search_term_string\"}}],\"inLanguage\":\"fr-FR\"},{\"@type\":\"Organization\",\"@id\":\"https:\\\/\\\/www.latribunedufaso.net\\\/#organization\",\"name\":\"La Tribune du Faso\",\"url\":\"https:\\\/\\\/www.latribunedufaso.net\\\/\",\"logo\":{\"@type\":\"ImageObject\",\"inLanguage\":\"fr-FR\",\"@id\":\"https:\\\/\\\/www.latribunedufaso.net\\\/#\\\/schema\\\/logo\\\/image\\\/\",\"url\":\"https:\\\/\\\/www.latribunedufaso.net\\\/wp-content\\\/uploads\\\/2020\\\/08\\\/Logo-Tribune-du-Faso-final-scaled.jpg\",\"contentUrl\":\"https:\\\/\\\/www.latribunedufaso.net\\\/wp-content\\\/uploads\\\/2020\\\/08\\\/Logo-Tribune-du-Faso-final-scaled.jpg\",\"width\":2560,\"height\":1856,\"caption\":\"La Tribune du Faso\"},\"image\":{\"@id\":\"https:\\\/\\\/www.latribunedufaso.net\\\/#\\\/schema\\\/logo\\\/image\\\/\"},\"sameAs\":[\"https:\\\/\\\/www.facebook.com\\\/LatribuneduFaso\\\/\"]},{\"@type\":\"Person\",\"@id\":\"https:\\\/\\\/www.latribunedufaso.net\\\/#\\\/schema\\\/person\\\/e54e64c5778a7e72cf80a318b7a622b0\",\"name\":\"Issouf Tapsoba\",\"image\":{\"@type\":\"ImageObject\",\"inLanguage\":\"fr-FR\",\"@id\":\"https:\\\/\\\/secure.gravatar.com\\\/avatar\\\/5e6c05150ce3230247d167f5b94d678eb05936197436d69b7921e3a95c9107ac?s=96&d=mm&r=g\",\"url\":\"https:\\\/\\\/secure.gravatar.com\\\/avatar\\\/5e6c05150ce3230247d167f5b94d678eb05936197436d69b7921e3a95c9107ac?s=96&d=mm&r=g\",\"contentUrl\":\"https:\\\/\\\/secure.gravatar.com\\\/avatar\\\/5e6c05150ce3230247d167f5b94d678eb05936197436d69b7921e3a95c9107ac?s=96&d=mm&r=g\",\"caption\":\"Issouf Tapsoba\"},\"url\":\"https:\\\/\\\/www.latribunedufaso.net\\\/?author=5\"}]}<\/script>\n<!-- \/ Yoast SEO plugin. -->","yoast_head_json":{"title":"\u00c9ducation : Le gouverneur Aboulaye Bassinga lance les examens scolaires 2025 dans la r\u00e9gion du Centre - La Tribune du Faso","robots":{"index":"index","follow":"follow","max-snippet":"max-snippet:-1","max-image-preview":"max-image-preview:large","max-video-preview":"max-video-preview:-1"},"canonical":"https:\/\/www.latribunedufaso.net\/?p=21028","og_locale":"fr_FR","og_type":"article","og_title":"\u00c9ducation : Le gouverneur Aboulaye Bassinga lance les examens scolaires 2025 dans la r\u00e9gion du Centre - La Tribune du Faso","og_description":"Le lancement officiel des examens scolaires session 2025 a eu lieu ce mardi 03 juin \u00e0 Ouagadougou, sous la pr\u00e9sidence du Gouverneur de la r\u00e9gion du Centre, Abdoulaye Bassinga. Plus de 151 000 candidats sont en lice pour d\u00e9crocher leur CEP, BEPC, CAP ou BEP. Un moment d\u00e9cisif marqu\u00e9 par espoir, d\u00e9termination et mobilisation des autorit\u00e9s.","og_url":"https:\/\/www.latribunedufaso.net\/?p=21028","og_site_name":"La Tribune du Faso","article_publisher":"https:\/\/www.facebook.com\/LatribuneduFaso\/","article_published_time":"2025-06-03T13:37:45+00:00","article_modified_time":"2025-06-18T19:31:02+00:00","og_image":[{"width":1080,"height":590,"url":"https:\/\/www.latribunedufaso.net\/wp-content\/uploads\/2025\/06\/IMG-20250603-WA0023.jpg","type":"image\/jpeg"}],"author":"Issouf Tapsoba","twitter_misc":{"\u00c9crit par":"Issouf Tapsoba","Dur\u00e9e de lecture estim\u00e9e":"2 minutes"},"schema":{"@context":"https:\/\/schema.org","@graph":[{"@type":"Article","@id":"https:\/\/www.latribunedufaso.net\/?p=21028#article","isPartOf":{"@id":"https:\/\/www.latribunedufaso.net\/?p=21028"},"author":{"name":"Issouf Tapsoba","@id":"https:\/\/www.latribunedufaso.net\/#\/schema\/person\/e54e64c5778a7e72cf80a318b7a622b0"},"headline":"\u00c9ducation : Le gouverneur Aboulaye Bassinga lance les examens scolaires 2025 dans la r\u00e9gion du Centre","datePublished":"2025-06-03T13:37:45+00:00","dateModified":"2025-06-18T19:31:02+00:00","mainEntityOfPage":{"@id":"https:\/\/www.latribunedufaso.net\/?p=21028"},"wordCount":367,"commentCount":0,"publisher":{"@id":"https:\/\/www.latribunedufaso.net\/#organization"},"image":{"@id":"https:\/\/www.latribunedufaso.net\/?p=21028#primaryimage"},"thumbnailUrl":"https:\/\/www.latribunedufaso.net\/wp-content\/uploads\/2025\/06\/IMG-20250603-WA0023.jpg","keywords":["Lancement des examens scolaires 2025","latribunedufaso.net","R\u00e9gion du Centre"],"articleSection":["A la une","Actualit\u00e9","\u00c9ducation"],"inLanguage":"fr-FR","potentialAction":[{"@type":"CommentAction","name":"Comment","target":["https:\/\/www.latribunedufaso.net\/?p=21028#respond"]}]},{"@type":"WebPage","@id":"https:\/\/www.latribunedufaso.net\/?p=21028","url":"https:\/\/www.latribunedufaso.net\/?p=21028","name":"\u00c9ducation : Le gouverneur Aboulaye Bassinga lance les examens scolaires 2025 dans la r\u00e9gion du Centre - La Tribune du Faso","isPartOf":{"@id":"https:\/\/www.latribunedufaso.net\/#website"},"primaryImageOfPage":{"@id":"https:\/\/www.latribunedufaso.net\/?p=21028#primaryimage"},"image":{"@id":"https:\/\/www.latribunedufaso.net\/?p=21028#primaryimage"},"thumbnailUrl":"https:\/\/www.latribunedufaso.net\/wp-content\/uploads\/2025\/06\/IMG-20250603-WA0023.jpg","datePublished":"2025-06-03T13:37:45+00:00","dateModified":"2025-06-18T19:31:02+00:00","breadcrumb":{"@id":"https:\/\/www.latribunedufaso.net\/?p=21028#breadcrumb"},"inLanguage":"fr-FR","potentialAction":[{"@type":"ReadAction","target":["https:\/\/www.latribunedufaso.net\/?p=21028"]}]},{"@type":"ImageObject","inLanguage":"fr-FR","@id":"https:\/\/www.latribunedufaso.net\/?p=21028#primaryimage","url":"https:\/\/www.latribunedufaso.net\/wp-content\/uploads\/2025\/06\/IMG-20250603-WA0023.jpg","contentUrl":"https:\/\/www.latribunedufaso.net\/wp-content\/uploads\/2025\/06\/IMG-20250603-WA0023.jpg","width":1080,"height":590,"caption":"Le gouverneur de la R\u00e9gion du Centre, Abdoulaye Bassinga a proc\u00e9d\u00e9 au lancement de la composition des examens et concours scolaires (BEP, BEPC, CEP, CAP) dans la r\u00e9gion, 3 juin 2025"},{"@type":"BreadcrumbList","@id":"https:\/\/www.latribunedufaso.net\/?p=21028#breadcrumb","itemListElement":[{"@type":"ListItem","position":1,"name":"Accueil","item":"https:\/\/www.latribunedufaso.net\/"},{"@type":"ListItem","position":2,"name":"\u00c9ducation : Le gouverneur Aboulaye Bassinga lance les examens scolaires 2025 dans la r\u00e9gion du Centre"}]},{"@type":"WebSite","@id":"https:\/\/www.latribunedufaso.net\/#website","url":"https:\/\/www.latribunedufaso.net\/","name":"La Tribune du Faso","description":"L&#039;information du monde rural en un clic","publisher":{"@id":"https:\/\/www.latribunedufaso.net\/#organization"},"potentialAction":[{"@type":"SearchAction","target":{"@type":"EntryPoint","urlTemplate":"https:\/\/www.latribunedufaso.net\/?s={search_term_string}"},"query-input":{"@type":"PropertyValueSpecification","valueRequired":true,"valueName":"search_term_string"}}],"inLanguage":"fr-FR"},{"@type":"Organization","@id":"https:\/\/www.latribunedufaso.net\/#organization","name":"La Tribune du Faso","url":"https:\/\/www.latribunedufaso.net\/","logo":{"@type":"ImageObject","inLanguage":"fr-FR","@id":"https:\/\/www.latribunedufaso.net\/#\/schema\/logo\/image\/","url":"https:\/\/www.latribunedufaso.net\/wp-content\/uploads\/2020\/08\/Logo-Tribune-du-Faso-final-scaled.jpg","contentUrl":"https:\/\/www.latribunedufaso.net\/wp-content\/uploads\/2020\/08\/Logo-Tribune-du-Faso-final-scaled.jpg","width":2560,"height":1856,"caption":"La Tribune du Faso"},"image":{"@id":"https:\/\/www.latribunedufaso.net\/#\/schema\/logo\/image\/"},"sameAs":["https:\/\/www.facebook.com\/LatribuneduFaso\/"]},{"@type":"Person","@id":"https:\/\/www.latribunedufaso.net\/#\/schema\/person\/e54e64c5778a7e72cf80a318b7a622b0","name":"Issouf Tapsoba","image":{"@type":"ImageObject","inLanguage":"fr-FR","@id":"https:\/\/secure.gravatar.com\/avatar\/5e6c05150ce3230247d167f5b94d678eb05936197436d69b7921e3a95c9107ac?s=96&d=mm&r=g","url":"https:\/\/secure.gravatar.com\/avatar\/5e6c05150ce3230247d167f5b94d678eb05936197436d69b7921e3a95c9107ac?s=96&d=mm&r=g","contentUrl":"https:\/\/secure.gravatar.com\/avatar\/5e6c05150ce3230247d167f5b94d678eb05936197436d69b7921e3a95c9107ac?s=96&d=mm&r=g","caption":"Issouf Tapsoba"},"url":"https:\/\/www.latribunedufaso.net\/?author=5"}]}},"_links":{"self":[{"href":"https:\/\/www.latribunedufaso.net\/index.php?rest_route=\/wp\/v2\/posts\/21028","targetHints":{"allow":["GET"]}}],"collection":[{"href":"https:\/\/www.latribunedufaso.net\/index.php?rest_route=\/wp\/v2\/posts"}],"about":[{"href":"https:\/\/www.latribunedufaso.net\/index.php?rest_route=\/wp\/v2\/types\/post"}],"author":[{"embeddable":true,"href":"https:\/\/www.latribunedufaso.net\/index.php?rest_route=\/wp\/v2\/users\/5"}],"replies":[{"embeddable":true,"href":"https:\/\/www.latribunedufaso.net\/index.php?rest_route=%2Fwp%2Fv2%2Fcomments&post=21028"}],"version-history":[{"count":2,"href":"https:\/\/www.latribunedufaso.net\/index.php?rest_route=\/wp\/v2\/posts\/21028\/revisions"}],"predecessor-version":[{"id":21347,"href":"https:\/\/www.latribunedufaso.net\/index.php?rest_route=\/wp\/v2\/posts\/21028\/revisions\/21347"}],"wp:featuredmedia":[{"embeddable":true,"href":"https:\/\/www.latribunedufaso.net\/index.php?rest_route=\/wp\/v2\/media\/21030"}],"wp:attachment":[{"href":"https:\/\/www.latribunedufaso.net\/index.php?rest_route=%2Fwp%2Fv2%2Fmedia&parent=21028"}],"wp:term":[{"taxonomy":"category","embeddable":true,"href":"https:\/\/www.latribunedufaso.net\/index.php?rest_route=%2Fwp%2Fv2%2Fcategories&post=21028"},{"taxonomy":"post_tag","embeddable":true,"href":"https:\/\/www.latribunedufaso.net\/index.php?rest_route=%2Fwp%2Fv2%2Ftags&post=21028"}],"curies":[{"name":"wp","href":"https:\/\/api.w.org\/{rel}","templated":true}]}}