{"id":21020,"date":"2025-06-02T14:25:32","date_gmt":"2025-06-02T14:25:32","guid":{"rendered":"https:\/\/www.latribunedufaso.net\/?p=21020"},"modified":"2025-06-18T19:32:36","modified_gmt":"2025-06-18T19:32:36","slug":"cooperation-sino-burkinabe-lambassadeur-lu-shan-en-fin-de-mission-fait-le-point-au-chef-de-letat","status":"publish","type":"post","link":"https:\/\/www.latribunedufaso.net\/?p=21020","title":{"rendered":"Coop\u00e9ration sino-burkinab\u00e8 : l\u2019ambassadeur Lu Shan, en fin de mission, fait le point au Chef de l\u2019\u00c9tat"},"content":{"rendered":"<p><strong>Le Pr\u00e9sident du Faso, Chef de l\u2019\u00c9tat, le Capitaine Ibrahim Traor\u00e9, a accord\u00e9 ce lundi 02 juin 2025 \u00e0 Ouagadougou, une audience \u00e0 l\u2019ambassadeur de la R\u00e9publique populaire de Chine au Burkina, Lu Shan.<\/strong><!--more--><\/p>\n<p>En fin de mission apr\u00e8s trois ans au Burkina Faso, le diplomate chinois vient dire aurevoir et faire le point de la coop\u00e9ration sino-burkinab\u00e8 au Chef de l\u2019\u00c9tat.<\/p>\n<p><em><strong>\u00ab La Chine et le Burkina Faso ont \u00e9tabli des partenariats strat\u00e9giques et nos deux pays se pr\u00eatent un soutien r\u00e9ciproque sur les questions touchant aux int\u00e9r\u00eats vitaux de chacun \u00bb,<\/strong><\/em> d\u00e9clare le diplomate chinois \u00e0 l\u2019issue de son entretien avec le Pr\u00e9sident du Faso, le Capitaine Ibrahim Traor\u00e9.<\/p>\n<p>L\u2019ambassadeur chinois, Lu Shan souligne que les deux pays se sont engag\u00e9s <em><strong>\u00ab \u00e0 travailler davantage pour que notre coop\u00e9ration pragmatique porte plus de fruits au profit du d\u00e9veloppement de nos pays et pour l\u2019am\u00e9lioration du bien-\u00eatre des deux peuples \u00bb.<\/strong><\/em><\/p>\n<figure id=\"attachment_21021\" aria-describedby=\"caption-attachment-21021\" style=\"width: 2560px\" class=\"wp-caption aligncenter\"><a href=\"https:\/\/www.latribunedufaso.net\/wp-content\/uploads\/2025\/06\/IMG-20250602-WA0018-scaled.jpg\"><img loading=\"lazy\" decoding=\"async\" class=\"size-full wp-image-21021\" src=\"https:\/\/www.latribunedufaso.net\/wp-content\/uploads\/2025\/06\/IMG-20250602-WA0018-scaled.jpg\" alt=\"En fin de mission, l'ambassadeur de Chine au Burkina, Lu Shan a \u00e9t\u00e9 re\u00e7u en audience par le Pr\u00e9sident du Faso, 2 mai 2025\" width=\"2560\" height=\"1920\" srcset=\"https:\/\/www.latribunedufaso.net\/wp-content\/uploads\/2025\/06\/IMG-20250602-WA0018-scaled.jpg 2560w, https:\/\/www.latribunedufaso.net\/wp-content\/uploads\/2025\/06\/IMG-20250602-WA0018-300x225.jpg 300w, https:\/\/www.latribunedufaso.net\/wp-content\/uploads\/2025\/06\/IMG-20250602-WA0018-1024x768.jpg 1024w, https:\/\/www.latribunedufaso.net\/wp-content\/uploads\/2025\/06\/IMG-20250602-WA0018-768x576.jpg 768w, https:\/\/www.latribunedufaso.net\/wp-content\/uploads\/2025\/06\/IMG-20250602-WA0018-1536x1152.jpg 1536w, https:\/\/www.latribunedufaso.net\/wp-content\/uploads\/2025\/06\/IMG-20250602-WA0018-2048x1536.jpg 2048w\" sizes=\"auto, (max-width: 2560px) 100vw, 2560px\" \/><\/a><figcaption id=\"caption-attachment-21021\" class=\"wp-caption-text\">\u00ab A titre personnel, je serai toujours l\u2019ami fiable du Burkina Faso et je vais toujours apporter ma contribution au d\u00e9veloppement des relations sino-burkinab\u00e8 \u00bb, soutient l\u2019ambassadeur Lu Shan en fin de mission au Burkina &#8211; Ph. DR<\/figcaption><\/figure>\n<p>L\u2019ambassadeur Lu Shan note que de nombreux projets sont en cours dans la perspective du renforcement de la coop\u00e9ration entre le Burkina Faso et la R\u00e9publique populaire de Chine. <em><strong>\u00ab Je suis s\u00fbr que mon successeur et les autorit\u00e9s burkinab\u00e8 vont travailler main dans la main pour le renforcement de cette coop\u00e9ration \u00bb<\/strong><\/em>, soutient-il.\u00a0<\/p>\n<blockquote>\n<p>Lire aussi &gt;&gt; <a href=\"https:\/\/www.latribunedufaso.net\/?p=20816\">Coop\u00e9ration sino-burkinab\u00e8 : L\u2019ambassadeur Lu Shan en de mission\u00a0<\/a><\/p>\n<\/blockquote>\n<p>Le diplomate chinois, Lu Shan, dit appr\u00e9cier bien l\u2019hospitalit\u00e9 des Burkinab\u00e8.<em><strong> \u00ab Durant mon s\u00e9jour ici, j\u2019ai pleinement ressenti l\u2019amiti\u00e9 et la solidarit\u00e9 des amis burkinab\u00e8 (\u2026) A titre personnel, je serai toujours l\u2019ami fiable du Burkina Faso et je vais toujours apporter ma contribution au d\u00e9veloppement des relations sino-burkinab\u00e8 \u00bb<\/strong><\/em>, conclut l\u2019ambassadeur Lu Shan.<\/p>\n<p><strong>Latribunedufaso.net<\/strong><\/p>\n<p><strong>Source : Direction de la communication de la Pr\u00e9sidence du Faso<\/strong><\/p>\n<p><iframe loading=\"lazy\" width=\"560\" height=\"315\" src=\"https:\/\/www.youtube.com\/embed\/YtwBrHK2Uyc?si=EybUZJL97eGqK2Yr\" title=\"YouTube video player\" frameborder=\"0\" allow=\"accelerometer; autoplay; clipboard-write; encrypted-media; gyroscope; picture-in-picture; web-share\" referrerpolicy=\"strict-origin-when-cross-origin\" allowfullscreen><\/iframe><\/p>\n","protected":false},"excerpt":{"rendered":"<p>Le Pr\u00e9sident du Faso, Chef de l\u2019\u00c9tat, le Capitaine Ibrahim Traor\u00e9, a accord\u00e9 ce lundi 02 juin 2025 \u00e0 Ouagadougou, une audience \u00e0 l\u2019ambassadeur de la R\u00e9publique populaire de Chine au Burkina, Lu Shan.<\/p>\n","protected":false},"author":5,"featured_media":21022,"comment_status":"open","ping_status":"open","sticky":false,"template":"","format":"standard","meta":{"footnotes":""},"categories":[13,1,8],"tags":[1079,560,39],"class_list":["post-21020","post","type-post","status-publish","format-standard","has-post-thumbnail","hentry","category-une","category-actu","category-societe","tag-ambassadeur-lu-shan","tag-cooperation-sino-burkinabe","tag-latribunedufaso-net"],"yoast_head":"<!-- This site is optimized with the Yoast SEO plugin v27.4 - https:\/\/yoast.com\/product\/yoast-seo-wordpress\/ -->\n<title>Coop\u00e9ration sino-burkinab\u00e8 : l\u2019ambassadeur Lu Shan, en fin de mission, fait le point au Chef de l\u2019\u00c9tat - La Tribune du Faso<\/title>\n<meta name=\"robots\" content=\"index, follow, max-snippet:-1, max-image-preview:large, max-video-preview:-1\" \/>\n<link rel=\"canonical\" href=\"https:\/\/www.latribunedufaso.net\/?p=21020\" \/>\n<meta property=\"og:locale\" content=\"fr_FR\" \/>\n<meta property=\"og:type\" content=\"article\" \/>\n<meta property=\"og:title\" content=\"Coop\u00e9ration sino-burkinab\u00e8 : l\u2019ambassadeur Lu Shan, en fin de mission, fait le point au Chef de l\u2019\u00c9tat - La Tribune du Faso\" \/>\n<meta property=\"og:description\" content=\"Le Pr\u00e9sident du Faso, Chef de l\u2019\u00c9tat, le Capitaine Ibrahim Traor\u00e9, a accord\u00e9 ce lundi 02 juin 2025 \u00e0 Ouagadougou, une audience \u00e0 l\u2019ambassadeur de la R\u00e9publique populaire de Chine au Burkina, Lu Shan.\" \/>\n<meta property=\"og:url\" content=\"https:\/\/www.latribunedufaso.net\/?p=21020\" \/>\n<meta property=\"og:site_name\" content=\"La Tribune du Faso\" \/>\n<meta property=\"article:publisher\" content=\"https:\/\/www.facebook.com\/LatribuneduFaso\/\" \/>\n<meta property=\"article:published_time\" content=\"2025-06-02T14:25:32+00:00\" \/>\n<meta property=\"article:modified_time\" content=\"2025-06-18T19:32:36+00:00\" \/>\n<meta property=\"og:image\" content=\"https:\/\/www.latribunedufaso.net\/wp-content\/uploads\/2025\/06\/IMG-20250602-WA0014-scaled.jpg\" \/>\n\t<meta property=\"og:image:width\" content=\"2560\" \/>\n\t<meta property=\"og:image:height\" content=\"1706\" \/>\n\t<meta property=\"og:image:type\" content=\"image\/jpeg\" \/>\n<meta name=\"author\" content=\"Issouf Tapsoba\" \/>\n<meta name=\"twitter:label1\" content=\"\u00c9crit par\" \/>\n\t<meta name=\"twitter:data1\" content=\"Issouf Tapsoba\" \/>\n\t<meta name=\"twitter:label2\" content=\"Dur\u00e9e de lecture estim\u00e9e\" \/>\n\t<meta name=\"twitter:data2\" content=\"2 minutes\" \/>\n<script type=\"application\/ld+json\" class=\"yoast-schema-graph\">{\"@context\":\"https:\\\/\\\/schema.org\",\"@graph\":[{\"@type\":\"Article\",\"@id\":\"https:\\\/\\\/www.latribunedufaso.net\\\/?p=21020#article\",\"isPartOf\":{\"@id\":\"https:\\\/\\\/www.latribunedufaso.net\\\/?p=21020\"},\"author\":{\"name\":\"Issouf Tapsoba\",\"@id\":\"https:\\\/\\\/www.latribunedufaso.net\\\/#\\\/schema\\\/person\\\/e54e64c5778a7e72cf80a318b7a622b0\"},\"headline\":\"Coop\u00e9ration sino-burkinab\u00e8 : l\u2019ambassadeur Lu Shan, en fin de mission, fait le point au Chef de l\u2019\u00c9tat\",\"datePublished\":\"2025-06-02T14:25:32+00:00\",\"dateModified\":\"2025-06-18T19:32:36+00:00\",\"mainEntityOfPage\":{\"@id\":\"https:\\\/\\\/www.latribunedufaso.net\\\/?p=21020\"},\"wordCount\":374,\"commentCount\":0,\"publisher\":{\"@id\":\"https:\\\/\\\/www.latribunedufaso.net\\\/#organization\"},\"image\":{\"@id\":\"https:\\\/\\\/www.latribunedufaso.net\\\/?p=21020#primaryimage\"},\"thumbnailUrl\":\"https:\\\/\\\/www.latribunedufaso.net\\\/wp-content\\\/uploads\\\/2025\\\/06\\\/IMG-20250602-WA0014-scaled.jpg\",\"keywords\":[\"Ambassadeur Lu Shan\",\"Coop\u00e9ration sino-burkinab\u00e8\",\"latribunedufaso.net\"],\"articleSection\":[\"A la une\",\"Actualit\u00e9\",\"Soci\u00e9t\u00e9\"],\"inLanguage\":\"fr-FR\",\"potentialAction\":[{\"@type\":\"CommentAction\",\"name\":\"Comment\",\"target\":[\"https:\\\/\\\/www.latribunedufaso.net\\\/?p=21020#respond\"]}]},{\"@type\":\"WebPage\",\"@id\":\"https:\\\/\\\/www.latribunedufaso.net\\\/?p=21020\",\"url\":\"https:\\\/\\\/www.latribunedufaso.net\\\/?p=21020\",\"name\":\"Coop\u00e9ration sino-burkinab\u00e8 : l\u2019ambassadeur Lu Shan, en fin de mission, fait le point au Chef de l\u2019\u00c9tat - La Tribune du Faso\",\"isPartOf\":{\"@id\":\"https:\\\/\\\/www.latribunedufaso.net\\\/#website\"},\"primaryImageOfPage\":{\"@id\":\"https:\\\/\\\/www.latribunedufaso.net\\\/?p=21020#primaryimage\"},\"image\":{\"@id\":\"https:\\\/\\\/www.latribunedufaso.net\\\/?p=21020#primaryimage\"},\"thumbnailUrl\":\"https:\\\/\\\/www.latribunedufaso.net\\\/wp-content\\\/uploads\\\/2025\\\/06\\\/IMG-20250602-WA0014-scaled.jpg\",\"datePublished\":\"2025-06-02T14:25:32+00:00\",\"dateModified\":\"2025-06-18T19:32:36+00:00\",\"breadcrumb\":{\"@id\":\"https:\\\/\\\/www.latribunedufaso.net\\\/?p=21020#breadcrumb\"},\"inLanguage\":\"fr-FR\",\"potentialAction\":[{\"@type\":\"ReadAction\",\"target\":[\"https:\\\/\\\/www.latribunedufaso.net\\\/?p=21020\"]}]},{\"@type\":\"ImageObject\",\"inLanguage\":\"fr-FR\",\"@id\":\"https:\\\/\\\/www.latribunedufaso.net\\\/?p=21020#primaryimage\",\"url\":\"https:\\\/\\\/www.latribunedufaso.net\\\/wp-content\\\/uploads\\\/2025\\\/06\\\/IMG-20250602-WA0014-scaled.jpg\",\"contentUrl\":\"https:\\\/\\\/www.latribunedufaso.net\\\/wp-content\\\/uploads\\\/2025\\\/06\\\/IMG-20250602-WA0014-scaled.jpg\",\"width\":2560,\"height\":1706,\"caption\":\"En fin de mission, l'ambassadeur de Chine au Burkina, Lu Shan a \u00e9t\u00e9 re\u00e7u en audience par le Pr\u00e9sident du Faso, 2 mai 2025\"},{\"@type\":\"BreadcrumbList\",\"@id\":\"https:\\\/\\\/www.latribunedufaso.net\\\/?p=21020#breadcrumb\",\"itemListElement\":[{\"@type\":\"ListItem\",\"position\":1,\"name\":\"Accueil\",\"item\":\"https:\\\/\\\/www.latribunedufaso.net\\\/\"},{\"@type\":\"ListItem\",\"position\":2,\"name\":\"Coop\u00e9ration sino-burkinab\u00e8 : l\u2019ambassadeur Lu Shan, en fin de mission, fait le point au Chef de l\u2019\u00c9tat\"}]},{\"@type\":\"WebSite\",\"@id\":\"https:\\\/\\\/www.latribunedufaso.net\\\/#website\",\"url\":\"https:\\\/\\\/www.latribunedufaso.net\\\/\",\"name\":\"La Tribune du Faso\",\"description\":\"L&#039;information du monde rural en un clic\",\"publisher\":{\"@id\":\"https:\\\/\\\/www.latribunedufaso.net\\\/#organization\"},\"potentialAction\":[{\"@type\":\"SearchAction\",\"target\":{\"@type\":\"EntryPoint\",\"urlTemplate\":\"https:\\\/\\\/www.latribunedufaso.net\\\/?s={search_term_string}\"},\"query-input\":{\"@type\":\"PropertyValueSpecification\",\"valueRequired\":true,\"valueName\":\"search_term_string\"}}],\"inLanguage\":\"fr-FR\"},{\"@type\":\"Organization\",\"@id\":\"https:\\\/\\\/www.latribunedufaso.net\\\/#organization\",\"name\":\"La Tribune du Faso\",\"url\":\"https:\\\/\\\/www.latribunedufaso.net\\\/\",\"logo\":{\"@type\":\"ImageObject\",\"inLanguage\":\"fr-FR\",\"@id\":\"https:\\\/\\\/www.latribunedufaso.net\\\/#\\\/schema\\\/logo\\\/image\\\/\",\"url\":\"https:\\\/\\\/www.latribunedufaso.net\\\/wp-content\\\/uploads\\\/2020\\\/08\\\/Logo-Tribune-du-Faso-final-scaled.jpg\",\"contentUrl\":\"https:\\\/\\\/www.latribunedufaso.net\\\/wp-content\\\/uploads\\\/2020\\\/08\\\/Logo-Tribune-du-Faso-final-scaled.jpg\",\"width\":2560,\"height\":1856,\"caption\":\"La Tribune du Faso\"},\"image\":{\"@id\":\"https:\\\/\\\/www.latribunedufaso.net\\\/#\\\/schema\\\/logo\\\/image\\\/\"},\"sameAs\":[\"https:\\\/\\\/www.facebook.com\\\/LatribuneduFaso\\\/\"]},{\"@type\":\"Person\",\"@id\":\"https:\\\/\\\/www.latribunedufaso.net\\\/#\\\/schema\\\/person\\\/e54e64c5778a7e72cf80a318b7a622b0\",\"name\":\"Issouf Tapsoba\",\"image\":{\"@type\":\"ImageObject\",\"inLanguage\":\"fr-FR\",\"@id\":\"https:\\\/\\\/secure.gravatar.com\\\/avatar\\\/5e6c05150ce3230247d167f5b94d678eb05936197436d69b7921e3a95c9107ac?s=96&d=mm&r=g\",\"url\":\"https:\\\/\\\/secure.gravatar.com\\\/avatar\\\/5e6c05150ce3230247d167f5b94d678eb05936197436d69b7921e3a95c9107ac?s=96&d=mm&r=g\",\"contentUrl\":\"https:\\\/\\\/secure.gravatar.com\\\/avatar\\\/5e6c05150ce3230247d167f5b94d678eb05936197436d69b7921e3a95c9107ac?s=96&d=mm&r=g\",\"caption\":\"Issouf Tapsoba\"},\"url\":\"https:\\\/\\\/www.latribunedufaso.net\\\/?author=5\"}]}<\/script>\n<!-- \/ Yoast SEO plugin. -->","yoast_head_json":{"title":"Coop\u00e9ration sino-burkinab\u00e8 : l\u2019ambassadeur Lu Shan, en fin de mission, fait le point au Chef de l\u2019\u00c9tat - La Tribune du Faso","robots":{"index":"index","follow":"follow","max-snippet":"max-snippet:-1","max-image-preview":"max-image-preview:large","max-video-preview":"max-video-preview:-1"},"canonical":"https:\/\/www.latribunedufaso.net\/?p=21020","og_locale":"fr_FR","og_type":"article","og_title":"Coop\u00e9ration sino-burkinab\u00e8 : l\u2019ambassadeur Lu Shan, en fin de mission, fait le point au Chef de l\u2019\u00c9tat - La Tribune du Faso","og_description":"Le Pr\u00e9sident du Faso, Chef de l\u2019\u00c9tat, le Capitaine Ibrahim Traor\u00e9, a accord\u00e9 ce lundi 02 juin 2025 \u00e0 Ouagadougou, une audience \u00e0 l\u2019ambassadeur de la R\u00e9publique populaire de Chine au Burkina, Lu Shan.","og_url":"https:\/\/www.latribunedufaso.net\/?p=21020","og_site_name":"La Tribune du Faso","article_publisher":"https:\/\/www.facebook.com\/LatribuneduFaso\/","article_published_time":"2025-06-02T14:25:32+00:00","article_modified_time":"2025-06-18T19:32:36+00:00","og_image":[{"width":2560,"height":1706,"url":"https:\/\/www.latribunedufaso.net\/wp-content\/uploads\/2025\/06\/IMG-20250602-WA0014-scaled.jpg","type":"image\/jpeg"}],"author":"Issouf Tapsoba","twitter_misc":{"\u00c9crit par":"Issouf Tapsoba","Dur\u00e9e de lecture estim\u00e9e":"2 minutes"},"schema":{"@context":"https:\/\/schema.org","@graph":[{"@type":"Article","@id":"https:\/\/www.latribunedufaso.net\/?p=21020#article","isPartOf":{"@id":"https:\/\/www.latribunedufaso.net\/?p=21020"},"author":{"name":"Issouf Tapsoba","@id":"https:\/\/www.latribunedufaso.net\/#\/schema\/person\/e54e64c5778a7e72cf80a318b7a622b0"},"headline":"Coop\u00e9ration sino-burkinab\u00e8 : l\u2019ambassadeur Lu Shan, en fin de mission, fait le point au Chef de l\u2019\u00c9tat","datePublished":"2025-06-02T14:25:32+00:00","dateModified":"2025-06-18T19:32:36+00:00","mainEntityOfPage":{"@id":"https:\/\/www.latribunedufaso.net\/?p=21020"},"wordCount":374,"commentCount":0,"publisher":{"@id":"https:\/\/www.latribunedufaso.net\/#organization"},"image":{"@id":"https:\/\/www.latribunedufaso.net\/?p=21020#primaryimage"},"thumbnailUrl":"https:\/\/www.latribunedufaso.net\/wp-content\/uploads\/2025\/06\/IMG-20250602-WA0014-scaled.jpg","keywords":["Ambassadeur Lu Shan","Coop\u00e9ration sino-burkinab\u00e8","latribunedufaso.net"],"articleSection":["A la une","Actualit\u00e9","Soci\u00e9t\u00e9"],"inLanguage":"fr-FR","potentialAction":[{"@type":"CommentAction","name":"Comment","target":["https:\/\/www.latribunedufaso.net\/?p=21020#respond"]}]},{"@type":"WebPage","@id":"https:\/\/www.latribunedufaso.net\/?p=21020","url":"https:\/\/www.latribunedufaso.net\/?p=21020","name":"Coop\u00e9ration sino-burkinab\u00e8 : l\u2019ambassadeur Lu Shan, en fin de mission, fait le point au Chef de l\u2019\u00c9tat - La Tribune du Faso","isPartOf":{"@id":"https:\/\/www.latribunedufaso.net\/#website"},"primaryImageOfPage":{"@id":"https:\/\/www.latribunedufaso.net\/?p=21020#primaryimage"},"image":{"@id":"https:\/\/www.latribunedufaso.net\/?p=21020#primaryimage"},"thumbnailUrl":"https:\/\/www.latribunedufaso.net\/wp-content\/uploads\/2025\/06\/IMG-20250602-WA0014-scaled.jpg","datePublished":"2025-06-02T14:25:32+00:00","dateModified":"2025-06-18T19:32:36+00:00","breadcrumb":{"@id":"https:\/\/www.latribunedufaso.net\/?p=21020#breadcrumb"},"inLanguage":"fr-FR","potentialAction":[{"@type":"ReadAction","target":["https:\/\/www.latribunedufaso.net\/?p=21020"]}]},{"@type":"ImageObject","inLanguage":"fr-FR","@id":"https:\/\/www.latribunedufaso.net\/?p=21020#primaryimage","url":"https:\/\/www.latribunedufaso.net\/wp-content\/uploads\/2025\/06\/IMG-20250602-WA0014-scaled.jpg","contentUrl":"https:\/\/www.latribunedufaso.net\/wp-content\/uploads\/2025\/06\/IMG-20250602-WA0014-scaled.jpg","width":2560,"height":1706,"caption":"En fin de mission, l'ambassadeur de Chine au Burkina, Lu Shan a \u00e9t\u00e9 re\u00e7u en audience par le Pr\u00e9sident du Faso, 2 mai 2025"},{"@type":"BreadcrumbList","@id":"https:\/\/www.latribunedufaso.net\/?p=21020#breadcrumb","itemListElement":[{"@type":"ListItem","position":1,"name":"Accueil","item":"https:\/\/www.latribunedufaso.net\/"},{"@type":"ListItem","position":2,"name":"Coop\u00e9ration sino-burkinab\u00e8 : l\u2019ambassadeur Lu Shan, en fin de mission, fait le point au Chef de l\u2019\u00c9tat"}]},{"@type":"WebSite","@id":"https:\/\/www.latribunedufaso.net\/#website","url":"https:\/\/www.latribunedufaso.net\/","name":"La Tribune du Faso","description":"L&#039;information du monde rural en un clic","publisher":{"@id":"https:\/\/www.latribunedufaso.net\/#organization"},"potentialAction":[{"@type":"SearchAction","target":{"@type":"EntryPoint","urlTemplate":"https:\/\/www.latribunedufaso.net\/?s={search_term_string}"},"query-input":{"@type":"PropertyValueSpecification","valueRequired":true,"valueName":"search_term_string"}}],"inLanguage":"fr-FR"},{"@type":"Organization","@id":"https:\/\/www.latribunedufaso.net\/#organization","name":"La Tribune du Faso","url":"https:\/\/www.latribunedufaso.net\/","logo":{"@type":"ImageObject","inLanguage":"fr-FR","@id":"https:\/\/www.latribunedufaso.net\/#\/schema\/logo\/image\/","url":"https:\/\/www.latribunedufaso.net\/wp-content\/uploads\/2020\/08\/Logo-Tribune-du-Faso-final-scaled.jpg","contentUrl":"https:\/\/www.latribunedufaso.net\/wp-content\/uploads\/2020\/08\/Logo-Tribune-du-Faso-final-scaled.jpg","width":2560,"height":1856,"caption":"La Tribune du Faso"},"image":{"@id":"https:\/\/www.latribunedufaso.net\/#\/schema\/logo\/image\/"},"sameAs":["https:\/\/www.facebook.com\/LatribuneduFaso\/"]},{"@type":"Person","@id":"https:\/\/www.latribunedufaso.net\/#\/schema\/person\/e54e64c5778a7e72cf80a318b7a622b0","name":"Issouf Tapsoba","image":{"@type":"ImageObject","inLanguage":"fr-FR","@id":"https:\/\/secure.gravatar.com\/avatar\/5e6c05150ce3230247d167f5b94d678eb05936197436d69b7921e3a95c9107ac?s=96&d=mm&r=g","url":"https:\/\/secure.gravatar.com\/avatar\/5e6c05150ce3230247d167f5b94d678eb05936197436d69b7921e3a95c9107ac?s=96&d=mm&r=g","contentUrl":"https:\/\/secure.gravatar.com\/avatar\/5e6c05150ce3230247d167f5b94d678eb05936197436d69b7921e3a95c9107ac?s=96&d=mm&r=g","caption":"Issouf Tapsoba"},"url":"https:\/\/www.latribunedufaso.net\/?author=5"}]}},"_links":{"self":[{"href":"https:\/\/www.latribunedufaso.net\/index.php?rest_route=\/wp\/v2\/posts\/21020","targetHints":{"allow":["GET"]}}],"collection":[{"href":"https:\/\/www.latribunedufaso.net\/index.php?rest_route=\/wp\/v2\/posts"}],"about":[{"href":"https:\/\/www.latribunedufaso.net\/index.php?rest_route=\/wp\/v2\/types\/post"}],"author":[{"embeddable":true,"href":"https:\/\/www.latribunedufaso.net\/index.php?rest_route=\/wp\/v2\/users\/5"}],"replies":[{"embeddable":true,"href":"https:\/\/www.latribunedufaso.net\/index.php?rest_route=%2Fwp%2Fv2%2Fcomments&post=21020"}],"version-history":[{"count":2,"href":"https:\/\/www.latribunedufaso.net\/index.php?rest_route=\/wp\/v2\/posts\/21020\/revisions"}],"predecessor-version":[{"id":21348,"href":"https:\/\/www.latribunedufaso.net\/index.php?rest_route=\/wp\/v2\/posts\/21020\/revisions\/21348"}],"wp:featuredmedia":[{"embeddable":true,"href":"https:\/\/www.latribunedufaso.net\/index.php?rest_route=\/wp\/v2\/media\/21022"}],"wp:attachment":[{"href":"https:\/\/www.latribunedufaso.net\/index.php?rest_route=%2Fwp%2Fv2%2Fmedia&parent=21020"}],"wp:term":[{"taxonomy":"category","embeddable":true,"href":"https:\/\/www.latribunedufaso.net\/index.php?rest_route=%2Fwp%2Fv2%2Fcategories&post=21020"},{"taxonomy":"post_tag","embeddable":true,"href":"https:\/\/www.latribunedufaso.net\/index.php?rest_route=%2Fwp%2Fv2%2Ftags&post=21020"}],"curies":[{"name":"wp","href":"https:\/\/api.w.org\/{rel}","templated":true}]}}