{"id":2101,"date":"2020-12-15T23:36:39","date_gmt":"2020-12-15T23:36:39","guid":{"rendered":"https:\/\/www.latribunedufaso.net\/?p=2101"},"modified":"2020-12-15T23:36:39","modified_gmt":"2020-12-15T23:36:39","slug":"elections-couplees-du-22-novembre-2020-rendez-vous-les-18-et-20-decelbre-pour-les-resultats-definitifs","status":"publish","type":"post","link":"https:\/\/www.latribunedufaso.net\/?p=2101","title":{"rendered":"Elections coupl\u00e9es du 22 novembre 2020 : Rendez-vous les 18 et 20 d\u00e9celbre pour les r\u00e9sultats d\u00e9finitifs\u00a0"},"content":{"rendered":"<p><strong><span style=\"font-size: 1.0625rem;\">Kassoum Kambou, pr\u00e9sident du Conseil constitutionnel, au travers de deux ordonnances sign\u00e9es, cachet\u00e9es et dat\u00e9es du lundi 14 d\u00e9cembre 2020, informe de la tenue des audiences solennelles de proclamation des r\u00e9sultats d\u00e9finitifs de l\u2019\u00e9lection du Pr\u00e9sident du Faso et des d\u00e9put\u00e9s \u00e0 l\u2019Assembl\u00e9e nationale du 22 novembre 2020 respectivement pour le vendredi 18 et dimanche 20 d\u00e9cembre 2020 \u00e0 10h, dans la salle d\u2019audience du Conseil constitutionnel \u00e0 Ouagadougou.<\/span><\/strong><!--more--><\/p>\n<p><a href=\"https:\/\/latribunedufaso.net\/wp-content\/uploads\/2020\/12\/null-3.pdf\">null-3<\/a><\/p>\n<p><a href=\"https:\/\/latribunedufaso.net\/wp-content\/uploads\/2020\/12\/null-4.pdf\">null-4<\/a><\/p>\n<p>&nbsp;<\/p>\n","protected":false},"excerpt":{"rendered":"<p>Kassoum Kambou, pr\u00e9sident du Conseil constitutionnel, au travers de deux ordonnances sign\u00e9es, cachet\u00e9es et dat\u00e9es du lundi 14 d\u00e9cembre 2020, informe de la tenue des audiences solennelles de proclamation des r\u00e9sultats d\u00e9finitifs de l\u2019\u00e9lection du Pr\u00e9sident du Faso et des d\u00e9put\u00e9s \u00e0 l\u2019Assembl\u00e9e nationale du 22 novembre 2020 respectivement pour le vendredi 18 et dimanche 20 d\u00e9cembre 2020 \u00e0 10h, dans la salle d\u2019audience du Conseil constitutionnel \u00e0 Ouagadougou.<\/p>\n","protected":false},"author":2,"featured_media":1579,"comment_status":"open","ping_status":"open","sticky":false,"template":"","format":"standard","meta":{"footnotes":""},"categories":[13,1,26],"tags":[],"class_list":["post-2101","post","type-post","status-publish","format-standard","has-post-thumbnail","hentry","category-une","category-actu","category-elections-couplees-novembre-2020"],"yoast_head":"<!-- This site is optimized with the Yoast SEO plugin v27.4 - https:\/\/yoast.com\/product\/yoast-seo-wordpress\/ -->\n<title>Elections coupl\u00e9es du 22 novembre 2020 : Rendez-vous les 18 et 20 d\u00e9celbre pour les r\u00e9sultats d\u00e9finitifs\u00a0 - La Tribune du Faso<\/title>\n<meta name=\"robots\" content=\"index, follow, max-snippet:-1, max-image-preview:large, max-video-preview:-1\" \/>\n<link rel=\"canonical\" href=\"https:\/\/www.latribunedufaso.net\/?p=2101\" \/>\n<meta property=\"og:locale\" content=\"fr_FR\" \/>\n<meta property=\"og:type\" content=\"article\" \/>\n<meta property=\"og:title\" content=\"Elections coupl\u00e9es du 22 novembre 2020 : Rendez-vous les 18 et 20 d\u00e9celbre pour les r\u00e9sultats d\u00e9finitifs\u00a0 - La Tribune du Faso\" \/>\n<meta property=\"og:description\" content=\"Kassoum Kambou, pr\u00e9sident du Conseil constitutionnel, au travers de deux ordonnances sign\u00e9es, cachet\u00e9es et dat\u00e9es du lundi 14 d\u00e9cembre 2020, informe de la tenue des audiences solennelles de proclamation des r\u00e9sultats d\u00e9finitifs de l\u2019\u00e9lection du Pr\u00e9sident du Faso et des d\u00e9put\u00e9s \u00e0 l\u2019Assembl\u00e9e nationale du 22 novembre 2020 respectivement pour le vendredi 18 et dimanche 20 d\u00e9cembre 2020 \u00e0 10h, dans la salle d\u2019audience du Conseil constitutionnel \u00e0 Ouagadougou.\" \/>\n<meta property=\"og:url\" content=\"https:\/\/www.latribunedufaso.net\/?p=2101\" \/>\n<meta property=\"og:site_name\" content=\"La Tribune du Faso\" \/>\n<meta property=\"article:publisher\" content=\"https:\/\/www.facebook.com\/LatribuneduFaso\/\" \/>\n<meta property=\"article:published_time\" content=\"2020-12-15T23:36:39+00:00\" \/>\n<meta property=\"og:image\" content=\"https:\/\/latribunedufaso.net\/wp-content\/uploads\/2020\/10\/Conseil-constitutionnel.jpg\" \/>\n\t<meta property=\"og:image:width\" content=\"630\" \/>\n\t<meta property=\"og:image:height\" content=\"377\" \/>\n\t<meta property=\"og:image:type\" content=\"image\/jpeg\" \/>\n<meta name=\"author\" content=\"Administrateur\" \/>\n<meta name=\"twitter:label1\" content=\"\u00c9crit par\" \/>\n\t<meta name=\"twitter:data1\" content=\"Administrateur\" \/>\n<script type=\"application\/ld+json\" class=\"yoast-schema-graph\">{\"@context\":\"https:\\\/\\\/schema.org\",\"@graph\":[{\"@type\":\"Article\",\"@id\":\"https:\\\/\\\/www.latribunedufaso.net\\\/?p=2101#article\",\"isPartOf\":{\"@id\":\"https:\\\/\\\/www.latribunedufaso.net\\\/?p=2101\"},\"author\":{\"name\":\"Administrateur\",\"@id\":\"https:\\\/\\\/www.latribunedufaso.net\\\/#\\\/schema\\\/person\\\/a380782d0605bb8aae27c40ea93b35b1\"},\"headline\":\"Elections coupl\u00e9es du 22 novembre 2020 : Rendez-vous les 18 et 20 d\u00e9celbre pour les r\u00e9sultats d\u00e9finitifs\u00a0\",\"datePublished\":\"2020-12-15T23:36:39+00:00\",\"mainEntityOfPage\":{\"@id\":\"https:\\\/\\\/www.latribunedufaso.net\\\/?p=2101\"},\"wordCount\":93,\"commentCount\":0,\"publisher\":{\"@id\":\"https:\\\/\\\/www.latribunedufaso.net\\\/#organization\"},\"image\":{\"@id\":\"https:\\\/\\\/www.latribunedufaso.net\\\/?p=2101#primaryimage\"},\"thumbnailUrl\":\"https:\\\/\\\/www.latribunedufaso.net\\\/wp-content\\\/uploads\\\/2020\\\/10\\\/Conseil-constitutionnel.jpg\",\"articleSection\":[\"A la une\",\"Actualit\u00e9\",\"Elections coupl\u00e9es novembre 2020\"],\"inLanguage\":\"fr-FR\",\"potentialAction\":[{\"@type\":\"CommentAction\",\"name\":\"Comment\",\"target\":[\"https:\\\/\\\/www.latribunedufaso.net\\\/?p=2101#respond\"]}]},{\"@type\":\"WebPage\",\"@id\":\"https:\\\/\\\/www.latribunedufaso.net\\\/?p=2101\",\"url\":\"https:\\\/\\\/www.latribunedufaso.net\\\/?p=2101\",\"name\":\"Elections coupl\u00e9es du 22 novembre 2020 : Rendez-vous les 18 et 20 d\u00e9celbre pour les r\u00e9sultats d\u00e9finitifs\u00a0 - La Tribune du Faso\",\"isPartOf\":{\"@id\":\"https:\\\/\\\/www.latribunedufaso.net\\\/#website\"},\"primaryImageOfPage\":{\"@id\":\"https:\\\/\\\/www.latribunedufaso.net\\\/?p=2101#primaryimage\"},\"image\":{\"@id\":\"https:\\\/\\\/www.latribunedufaso.net\\\/?p=2101#primaryimage\"},\"thumbnailUrl\":\"https:\\\/\\\/www.latribunedufaso.net\\\/wp-content\\\/uploads\\\/2020\\\/10\\\/Conseil-constitutionnel.jpg\",\"datePublished\":\"2020-12-15T23:36:39+00:00\",\"breadcrumb\":{\"@id\":\"https:\\\/\\\/www.latribunedufaso.net\\\/?p=2101#breadcrumb\"},\"inLanguage\":\"fr-FR\",\"potentialAction\":[{\"@type\":\"ReadAction\",\"target\":[\"https:\\\/\\\/www.latribunedufaso.net\\\/?p=2101\"]}]},{\"@type\":\"ImageObject\",\"inLanguage\":\"fr-FR\",\"@id\":\"https:\\\/\\\/www.latribunedufaso.net\\\/?p=2101#primaryimage\",\"url\":\"https:\\\/\\\/www.latribunedufaso.net\\\/wp-content\\\/uploads\\\/2020\\\/10\\\/Conseil-constitutionnel.jpg\",\"contentUrl\":\"https:\\\/\\\/www.latribunedufaso.net\\\/wp-content\\\/uploads\\\/2020\\\/10\\\/Conseil-constitutionnel.jpg\",\"width\":630,\"height\":377},{\"@type\":\"BreadcrumbList\",\"@id\":\"https:\\\/\\\/www.latribunedufaso.net\\\/?p=2101#breadcrumb\",\"itemListElement\":[{\"@type\":\"ListItem\",\"position\":1,\"name\":\"Accueil\",\"item\":\"https:\\\/\\\/www.latribunedufaso.net\\\/\"},{\"@type\":\"ListItem\",\"position\":2,\"name\":\"Elections coupl\u00e9es du 22 novembre 2020 : Rendez-vous les 18 et 20 d\u00e9celbre pour les r\u00e9sultats d\u00e9finitifs\u00a0\"}]},{\"@type\":\"WebSite\",\"@id\":\"https:\\\/\\\/www.latribunedufaso.net\\\/#website\",\"url\":\"https:\\\/\\\/www.latribunedufaso.net\\\/\",\"name\":\"La Tribune du Faso\",\"description\":\"L&#039;information du monde rural en un clic\",\"publisher\":{\"@id\":\"https:\\\/\\\/www.latribunedufaso.net\\\/#organization\"},\"potentialAction\":[{\"@type\":\"SearchAction\",\"target\":{\"@type\":\"EntryPoint\",\"urlTemplate\":\"https:\\\/\\\/www.latribunedufaso.net\\\/?s={search_term_string}\"},\"query-input\":{\"@type\":\"PropertyValueSpecification\",\"valueRequired\":true,\"valueName\":\"search_term_string\"}}],\"inLanguage\":\"fr-FR\"},{\"@type\":\"Organization\",\"@id\":\"https:\\\/\\\/www.latribunedufaso.net\\\/#organization\",\"name\":\"La Tribune du Faso\",\"url\":\"https:\\\/\\\/www.latribunedufaso.net\\\/\",\"logo\":{\"@type\":\"ImageObject\",\"inLanguage\":\"fr-FR\",\"@id\":\"https:\\\/\\\/www.latribunedufaso.net\\\/#\\\/schema\\\/logo\\\/image\\\/\",\"url\":\"https:\\\/\\\/www.latribunedufaso.net\\\/wp-content\\\/uploads\\\/2020\\\/08\\\/Logo-Tribune-du-Faso-final-scaled.jpg\",\"contentUrl\":\"https:\\\/\\\/www.latribunedufaso.net\\\/wp-content\\\/uploads\\\/2020\\\/08\\\/Logo-Tribune-du-Faso-final-scaled.jpg\",\"width\":2560,\"height\":1856,\"caption\":\"La Tribune du Faso\"},\"image\":{\"@id\":\"https:\\\/\\\/www.latribunedufaso.net\\\/#\\\/schema\\\/logo\\\/image\\\/\"},\"sameAs\":[\"https:\\\/\\\/www.facebook.com\\\/LatribuneduFaso\\\/\"]},{\"@type\":\"Person\",\"@id\":\"https:\\\/\\\/www.latribunedufaso.net\\\/#\\\/schema\\\/person\\\/a380782d0605bb8aae27c40ea93b35b1\",\"name\":\"Administrateur\",\"image\":{\"@type\":\"ImageObject\",\"inLanguage\":\"fr-FR\",\"@id\":\"https:\\\/\\\/secure.gravatar.com\\\/avatar\\\/e20266f97d741f0e80ba1f60283074a9b3317fd7bfb727e0d95b51dafbf854a1?s=96&d=mm&r=g\",\"url\":\"https:\\\/\\\/secure.gravatar.com\\\/avatar\\\/e20266f97d741f0e80ba1f60283074a9b3317fd7bfb727e0d95b51dafbf854a1?s=96&d=mm&r=g\",\"contentUrl\":\"https:\\\/\\\/secure.gravatar.com\\\/avatar\\\/e20266f97d741f0e80ba1f60283074a9b3317fd7bfb727e0d95b51dafbf854a1?s=96&d=mm&r=g\",\"caption\":\"Administrateur\"},\"url\":\"https:\\\/\\\/www.latribunedufaso.net\\\/?author=2\"}]}<\/script>\n<!-- \/ Yoast SEO plugin. -->","yoast_head_json":{"title":"Elections coupl\u00e9es du 22 novembre 2020 : Rendez-vous les 18 et 20 d\u00e9celbre pour les r\u00e9sultats d\u00e9finitifs\u00a0 - La Tribune du Faso","robots":{"index":"index","follow":"follow","max-snippet":"max-snippet:-1","max-image-preview":"max-image-preview:large","max-video-preview":"max-video-preview:-1"},"canonical":"https:\/\/www.latribunedufaso.net\/?p=2101","og_locale":"fr_FR","og_type":"article","og_title":"Elections coupl\u00e9es du 22 novembre 2020 : Rendez-vous les 18 et 20 d\u00e9celbre pour les r\u00e9sultats d\u00e9finitifs\u00a0 - La Tribune du Faso","og_description":"Kassoum Kambou, pr\u00e9sident du Conseil constitutionnel, au travers de deux ordonnances sign\u00e9es, cachet\u00e9es et dat\u00e9es du lundi 14 d\u00e9cembre 2020, informe de la tenue des audiences solennelles de proclamation des r\u00e9sultats d\u00e9finitifs de l\u2019\u00e9lection du Pr\u00e9sident du Faso et des d\u00e9put\u00e9s \u00e0 l\u2019Assembl\u00e9e nationale du 22 novembre 2020 respectivement pour le vendredi 18 et dimanche 20 d\u00e9cembre 2020 \u00e0 10h, dans la salle d\u2019audience du Conseil constitutionnel \u00e0 Ouagadougou.","og_url":"https:\/\/www.latribunedufaso.net\/?p=2101","og_site_name":"La Tribune du Faso","article_publisher":"https:\/\/www.facebook.com\/LatribuneduFaso\/","article_published_time":"2020-12-15T23:36:39+00:00","og_image":[{"width":630,"height":377,"url":"https:\/\/latribunedufaso.net\/wp-content\/uploads\/2020\/10\/Conseil-constitutionnel.jpg","type":"image\/jpeg"}],"author":"Administrateur","twitter_misc":{"\u00c9crit par":"Administrateur"},"schema":{"@context":"https:\/\/schema.org","@graph":[{"@type":"Article","@id":"https:\/\/www.latribunedufaso.net\/?p=2101#article","isPartOf":{"@id":"https:\/\/www.latribunedufaso.net\/?p=2101"},"author":{"name":"Administrateur","@id":"https:\/\/www.latribunedufaso.net\/#\/schema\/person\/a380782d0605bb8aae27c40ea93b35b1"},"headline":"Elections coupl\u00e9es du 22 novembre 2020 : Rendez-vous les 18 et 20 d\u00e9celbre pour les r\u00e9sultats d\u00e9finitifs\u00a0","datePublished":"2020-12-15T23:36:39+00:00","mainEntityOfPage":{"@id":"https:\/\/www.latribunedufaso.net\/?p=2101"},"wordCount":93,"commentCount":0,"publisher":{"@id":"https:\/\/www.latribunedufaso.net\/#organization"},"image":{"@id":"https:\/\/www.latribunedufaso.net\/?p=2101#primaryimage"},"thumbnailUrl":"https:\/\/www.latribunedufaso.net\/wp-content\/uploads\/2020\/10\/Conseil-constitutionnel.jpg","articleSection":["A la une","Actualit\u00e9","Elections coupl\u00e9es novembre 2020"],"inLanguage":"fr-FR","potentialAction":[{"@type":"CommentAction","name":"Comment","target":["https:\/\/www.latribunedufaso.net\/?p=2101#respond"]}]},{"@type":"WebPage","@id":"https:\/\/www.latribunedufaso.net\/?p=2101","url":"https:\/\/www.latribunedufaso.net\/?p=2101","name":"Elections coupl\u00e9es du 22 novembre 2020 : Rendez-vous les 18 et 20 d\u00e9celbre pour les r\u00e9sultats d\u00e9finitifs\u00a0 - La Tribune du Faso","isPartOf":{"@id":"https:\/\/www.latribunedufaso.net\/#website"},"primaryImageOfPage":{"@id":"https:\/\/www.latribunedufaso.net\/?p=2101#primaryimage"},"image":{"@id":"https:\/\/www.latribunedufaso.net\/?p=2101#primaryimage"},"thumbnailUrl":"https:\/\/www.latribunedufaso.net\/wp-content\/uploads\/2020\/10\/Conseil-constitutionnel.jpg","datePublished":"2020-12-15T23:36:39+00:00","breadcrumb":{"@id":"https:\/\/www.latribunedufaso.net\/?p=2101#breadcrumb"},"inLanguage":"fr-FR","potentialAction":[{"@type":"ReadAction","target":["https:\/\/www.latribunedufaso.net\/?p=2101"]}]},{"@type":"ImageObject","inLanguage":"fr-FR","@id":"https:\/\/www.latribunedufaso.net\/?p=2101#primaryimage","url":"https:\/\/www.latribunedufaso.net\/wp-content\/uploads\/2020\/10\/Conseil-constitutionnel.jpg","contentUrl":"https:\/\/www.latribunedufaso.net\/wp-content\/uploads\/2020\/10\/Conseil-constitutionnel.jpg","width":630,"height":377},{"@type":"BreadcrumbList","@id":"https:\/\/www.latribunedufaso.net\/?p=2101#breadcrumb","itemListElement":[{"@type":"ListItem","position":1,"name":"Accueil","item":"https:\/\/www.latribunedufaso.net\/"},{"@type":"ListItem","position":2,"name":"Elections coupl\u00e9es du 22 novembre 2020 : Rendez-vous les 18 et 20 d\u00e9celbre pour les r\u00e9sultats d\u00e9finitifs\u00a0"}]},{"@type":"WebSite","@id":"https:\/\/www.latribunedufaso.net\/#website","url":"https:\/\/www.latribunedufaso.net\/","name":"La Tribune du Faso","description":"L&#039;information du monde rural en un clic","publisher":{"@id":"https:\/\/www.latribunedufaso.net\/#organization"},"potentialAction":[{"@type":"SearchAction","target":{"@type":"EntryPoint","urlTemplate":"https:\/\/www.latribunedufaso.net\/?s={search_term_string}"},"query-input":{"@type":"PropertyValueSpecification","valueRequired":true,"valueName":"search_term_string"}}],"inLanguage":"fr-FR"},{"@type":"Organization","@id":"https:\/\/www.latribunedufaso.net\/#organization","name":"La Tribune du Faso","url":"https:\/\/www.latribunedufaso.net\/","logo":{"@type":"ImageObject","inLanguage":"fr-FR","@id":"https:\/\/www.latribunedufaso.net\/#\/schema\/logo\/image\/","url":"https:\/\/www.latribunedufaso.net\/wp-content\/uploads\/2020\/08\/Logo-Tribune-du-Faso-final-scaled.jpg","contentUrl":"https:\/\/www.latribunedufaso.net\/wp-content\/uploads\/2020\/08\/Logo-Tribune-du-Faso-final-scaled.jpg","width":2560,"height":1856,"caption":"La Tribune du Faso"},"image":{"@id":"https:\/\/www.latribunedufaso.net\/#\/schema\/logo\/image\/"},"sameAs":["https:\/\/www.facebook.com\/LatribuneduFaso\/"]},{"@type":"Person","@id":"https:\/\/www.latribunedufaso.net\/#\/schema\/person\/a380782d0605bb8aae27c40ea93b35b1","name":"Administrateur","image":{"@type":"ImageObject","inLanguage":"fr-FR","@id":"https:\/\/secure.gravatar.com\/avatar\/e20266f97d741f0e80ba1f60283074a9b3317fd7bfb727e0d95b51dafbf854a1?s=96&d=mm&r=g","url":"https:\/\/secure.gravatar.com\/avatar\/e20266f97d741f0e80ba1f60283074a9b3317fd7bfb727e0d95b51dafbf854a1?s=96&d=mm&r=g","contentUrl":"https:\/\/secure.gravatar.com\/avatar\/e20266f97d741f0e80ba1f60283074a9b3317fd7bfb727e0d95b51dafbf854a1?s=96&d=mm&r=g","caption":"Administrateur"},"url":"https:\/\/www.latribunedufaso.net\/?author=2"}]}},"_links":{"self":[{"href":"https:\/\/www.latribunedufaso.net\/index.php?rest_route=\/wp\/v2\/posts\/2101","targetHints":{"allow":["GET"]}}],"collection":[{"href":"https:\/\/www.latribunedufaso.net\/index.php?rest_route=\/wp\/v2\/posts"}],"about":[{"href":"https:\/\/www.latribunedufaso.net\/index.php?rest_route=\/wp\/v2\/types\/post"}],"author":[{"embeddable":true,"href":"https:\/\/www.latribunedufaso.net\/index.php?rest_route=\/wp\/v2\/users\/2"}],"replies":[{"embeddable":true,"href":"https:\/\/www.latribunedufaso.net\/index.php?rest_route=%2Fwp%2Fv2%2Fcomments&post=2101"}],"version-history":[{"count":1,"href":"https:\/\/www.latribunedufaso.net\/index.php?rest_route=\/wp\/v2\/posts\/2101\/revisions"}],"predecessor-version":[{"id":2104,"href":"https:\/\/www.latribunedufaso.net\/index.php?rest_route=\/wp\/v2\/posts\/2101\/revisions\/2104"}],"wp:featuredmedia":[{"embeddable":true,"href":"https:\/\/www.latribunedufaso.net\/index.php?rest_route=\/wp\/v2\/media\/1579"}],"wp:attachment":[{"href":"https:\/\/www.latribunedufaso.net\/index.php?rest_route=%2Fwp%2Fv2%2Fmedia&parent=2101"}],"wp:term":[{"taxonomy":"category","embeddable":true,"href":"https:\/\/www.latribunedufaso.net\/index.php?rest_route=%2Fwp%2Fv2%2Fcategories&post=2101"},{"taxonomy":"post_tag","embeddable":true,"href":"https:\/\/www.latribunedufaso.net\/index.php?rest_route=%2Fwp%2Fv2%2Ftags&post=2101"}],"curies":[{"name":"wp","href":"https:\/\/api.w.org\/{rel}","templated":true}]}}