{"id":20891,"date":"2025-05-29T13:42:23","date_gmt":"2025-05-29T13:42:23","guid":{"rendered":"https:\/\/www.latribunedufaso.net\/?p=20891"},"modified":"2025-05-30T21:10:14","modified_gmt":"2025-05-30T21:10:14","slug":"basketball-ligue-des-nations-fiba-3x3-u23-dernier-entrainement-des-etalons-avant-le-depart-pour-cotonou","status":"publish","type":"post","link":"https:\/\/www.latribunedufaso.net\/?p=20891","title":{"rendered":"Basketball \/ Ligue des Nations FIBA 3&#215;3 U23 : Dernier entra\u00eenement des \u00c9talons avant le d\u00e9part pour Cotonou"},"content":{"rendered":"<p><strong>Dans l\u2019optique de peaufiner les derniers r\u00e9glages avant le d\u00e9part pour Cotonou, les Etalons U23 (dames et hommes), participants \u00e0 la Ligue des Nations FIBA 3&#215;3 U23 ont eu un dernier entra\u00eenement le 28 mai 2025 \u00e0 Ouagadougou.<\/strong><!--more--><\/p>\n<p>Les \u00c9talons U23, dames et hommes, se rendront bient\u00f4t \u00e0 Cotonou au B\u00e9nin, o\u00f9 ils prendront part \u00e0 la Ligue des Nations FIBA 3&#215;3 U23, pr\u00e9vue du 3 au 9 juin 2025.<\/p>\n<p>Avant leur d\u00e9part, les 02 s\u00e9lections ont effectu\u00e9 une derni\u00e8re s\u00e9ance d\u2019entra\u00eenement ce 28 mai 2025 \u00e0 Ouagadougou. Une session qui a permis de r\u00e9viser des techniques comme l\u2019adresse, la percussion, les tirs et le jeu collectif, selon l\u2019entra\u00eeneur des \u00e9talons dames, Paton Isma\u00ebl Kon\u00e9.\u00a0<\/p>\n<figure id=\"attachment_20896\" aria-describedby=\"caption-attachment-20896\" style=\"width: 1080px\" class=\"wp-caption aligncenter\"><a href=\"https:\/\/www.latribunedufaso.net\/wp-content\/uploads\/2025\/05\/IMG-20250529-WA0005.jpg\"><img loading=\"lazy\" decoding=\"async\" class=\"size-full wp-image-20896\" src=\"https:\/\/www.latribunedufaso.net\/wp-content\/uploads\/2025\/05\/IMG-20250529-WA0005.jpg\" alt=\"Dernier entra\u00eenement des Etalons U23 (dames et hommes), participants \u00e0 la Ligue des Nations FIBA 3x3 U23, 28 mai 2025\" width=\"1080\" height=\"646\" srcset=\"https:\/\/www.latribunedufaso.net\/wp-content\/uploads\/2025\/05\/IMG-20250529-WA0005.jpg 1080w, https:\/\/www.latribunedufaso.net\/wp-content\/uploads\/2025\/05\/IMG-20250529-WA0005-300x179.jpg 300w, https:\/\/www.latribunedufaso.net\/wp-content\/uploads\/2025\/05\/IMG-20250529-WA0005-1024x613.jpg 1024w, https:\/\/www.latribunedufaso.net\/wp-content\/uploads\/2025\/05\/IMG-20250529-WA0005-768x459.jpg 768w\" sizes=\"auto, (max-width: 1080px) 100vw, 1080px\" \/><\/a><figcaption id=\"caption-attachment-20896\" class=\"wp-caption-text\">L&rsquo;entra\u00eeneur de l\u2019\u00e9quipe des dames, Paton Isma\u00ebl Kon\u00e9 &#8211; Ph. A. Kiendrebeogo<\/figcaption><\/figure>\n<p><em><strong>\u00ab Nous sommes pr\u00eats \u00e0 affronter la comp\u00e9tition \u00bb<\/strong><\/em>, a d\u00e9clar\u00e9 M. Kon\u00e9 \u00e0 l\u2019issue de l\u2019entra\u00eenement. Il a \u00e9galement rappel\u00e9 que l\u2019objectif majeur au-del\u00e0 du troph\u00e9e, reste la qualification pour le Mondial de basketball.<\/p>\n<p>C&rsquo;est le m\u00eame son de cloche du c\u00f4t\u00e9 des hommes, \u00e0 entendre leur entra\u00eeneur Stef Barry, pour qui la strat\u00e9gie est claire.\u00a0<\/p>\n<figure id=\"attachment_20895\" aria-describedby=\"caption-attachment-20895\" style=\"width: 2560px\" class=\"wp-caption aligncenter\"><a href=\"https:\/\/www.latribunedufaso.net\/wp-content\/uploads\/2025\/05\/IMG-20250529-WA0007.jpg\"><img loading=\"lazy\" decoding=\"async\" class=\"size-full wp-image-20895\" src=\"https:\/\/www.latribunedufaso.net\/wp-content\/uploads\/2025\/05\/IMG-20250529-WA0007.jpg\" alt=\"Dernier entra\u00eenement des Etalons U23 (dames et hommes), participants \u00e0 la Ligue des Nations FIBA 3x3 U23, 28 mai 2025\" width=\"2560\" height=\"2038\" srcset=\"https:\/\/www.latribunedufaso.net\/wp-content\/uploads\/2025\/05\/IMG-20250529-WA0007.jpg 2560w, https:\/\/www.latribunedufaso.net\/wp-content\/uploads\/2025\/05\/IMG-20250529-WA0007-300x239.jpg 300w, https:\/\/www.latribunedufaso.net\/wp-content\/uploads\/2025\/05\/IMG-20250529-WA0007-1024x815.jpg 1024w, https:\/\/www.latribunedufaso.net\/wp-content\/uploads\/2025\/05\/IMG-20250529-WA0007-768x611.jpg 768w, https:\/\/www.latribunedufaso.net\/wp-content\/uploads\/2025\/05\/IMG-20250529-WA0007-1536x1223.jpg 1536w, https:\/\/www.latribunedufaso.net\/wp-content\/uploads\/2025\/05\/IMG-20250529-WA0007-2048x1630.jpg 2048w\" sizes=\"auto, (max-width: 2560px) 100vw, 2560px\" \/><\/a><figcaption id=\"caption-attachment-20895\" class=\"wp-caption-text\">L&rsquo;entra\u00eeneur de l\u2019\u00e9quipe masculine, Stef Barry &#8211; Ph. A. Kiendrebeogo<\/figcaption><\/figure>\n<p><em><strong>\u00ab La premi\u00e8re place donne lieu \u00e0 une qualification pour le Mondial. On a six stops, chaque jour est une nouvelle comp\u00e9tition. On pense en gagner au moins quatre. \u00c7a va \u00eatre strat\u00e9gique. On ne va pas tout donner d\u00e8s le d\u00e9but et se retrouver apr\u00e8s avec des bobos. On ira \u00e9tape par \u00e9tape, l\u2019objectif, c\u2019est la qualification \u00bb<\/strong><\/em>, a-t-il signifi\u00e9.<\/p>\n<p><iframe loading=\"lazy\" width=\"560\" height=\"315\" src=\"https:\/\/www.youtube.com\/embed\/Czc3YbSuPKE?si=dOGjXreiCGGWDIlx\" title=\"YouTube video player\" frameborder=\"0\" allow=\"accelerometer; autoplay; clipboard-write; encrypted-media; gyroscope; picture-in-picture; web-share\" referrerpolicy=\"strict-origin-when-cross-origin\" allowfullscreen><\/iframe><\/p>\n<h3>Les joueurs affichent un moral de guerrier<\/h3>\n<p>Du c\u00f4t\u00e9 des joueurs, la motivation est palpable. Ateridaar Auxence Fredo Somda, l\u2019un des \u00e9l\u00e9ments de l\u2019\u00e9quipe masculine, affirme que le moral est au beau fixe. <em><strong>\u00ab Ce sont des \u00e9quipes qu\u2019on a d\u00e9j\u00e0 rencontr\u00e9es, donc on s\u2019est pr\u00e9par\u00e9 en cons\u00e9quence \u00bb,<\/strong><\/em> a-t-il fait savoir.<\/p>\n<figure id=\"attachment_20894\" aria-describedby=\"caption-attachment-20894\" style=\"width: 2560px\" class=\"wp-caption aligncenter\"><a href=\"https:\/\/www.latribunedufaso.net\/wp-content\/uploads\/2025\/05\/IMG-20250529-WA0009.jpg\"><img loading=\"lazy\" decoding=\"async\" class=\"wp-image-20894 size-full\" src=\"https:\/\/www.latribunedufaso.net\/wp-content\/uploads\/2025\/05\/IMG-20250529-WA0009.jpg\" alt=\"Dernier entra\u00eenement des Etalons U23 (dames et hommes), participants \u00e0 la Ligue des Nations FIBA 3x3 U23, 28 mai 2025\" width=\"2560\" height=\"1854\" srcset=\"https:\/\/www.latribunedufaso.net\/wp-content\/uploads\/2025\/05\/IMG-20250529-WA0009.jpg 2560w, https:\/\/www.latribunedufaso.net\/wp-content\/uploads\/2025\/05\/IMG-20250529-WA0009-300x217.jpg 300w, https:\/\/www.latribunedufaso.net\/wp-content\/uploads\/2025\/05\/IMG-20250529-WA0009-1024x742.jpg 1024w, https:\/\/www.latribunedufaso.net\/wp-content\/uploads\/2025\/05\/IMG-20250529-WA0009-768x556.jpg 768w, https:\/\/www.latribunedufaso.net\/wp-content\/uploads\/2025\/05\/IMG-20250529-WA0009-1536x1112.jpg 1536w, https:\/\/www.latribunedufaso.net\/wp-content\/uploads\/2025\/05\/IMG-20250529-WA0009-2048x1483.jpg 2048w, https:\/\/www.latribunedufaso.net\/wp-content\/uploads\/2025\/05\/IMG-20250529-WA0009-90x65.jpg 90w\" sizes=\"auto, (max-width: 2560px) 100vw, 2560px\" \/><\/a><figcaption id=\"caption-attachment-20894\" class=\"wp-caption-text\">Ateridaar Auxence Fredo Somda, joueur de l&rsquo;\u00e9quipe masculine du basketball des Etalons &#8211; Ph. A. Kiendrebeogo<\/figcaption><\/figure>\n<p>Il ajoute que les consignes de l\u2019encadrement sont claires : <em><strong>\u00ab Appliquer ce qu\u2019on a travaill\u00e9 \u00e0 l&rsquo;entra\u00eenement, avoir une discipline sur le terrain. On part pour d\u00e9fendre le pays, donc il faut montrer nos valeurs. Nous sommes consid\u00e9r\u00e9s comme les VDP du sport. \u00c0 l\u2019image de ceux qui sont au front, nous allons \u00e9galement au front, sauf que ce front-l\u00e0, c\u2019est sur le terrain \u00bb,<\/strong><\/em> a-t-il martel\u00e9.<\/p>\n<blockquote>\n<p>Lire aussi &gt;&gt; <a href=\"https:\/\/www.latribunedufaso.net\/?p=20588\">Basket-ball : U-Auben Ouaga et l\u2019Universit\u00e9 Joseph Ki-Zerbo remportent la 8e \u00e9dition du CUBA<\/a><\/p>\n<\/blockquote>\n<p>Il faut noter que parmi les pays attendus \u00e0 cette \u00e9dition de la Ligue des Nations FIBA 3&#215;3 U23, on retrouve l\u2019Alg\u00e9rie, la C\u00f4te d\u2019Ivoire, le Kenya, l\u2019Ouganda, le B\u00e9nin et le Burkina Faso. La comp\u00e9tition s\u2019annonce rude, mais les \u00c9talons comptent mettre toutes les chances de leur c\u00f4t\u00e9 pour remporter la victoire.\u00a0<\/p>\n<figure id=\"attachment_20893\" aria-describedby=\"caption-attachment-20893\" style=\"width: 1080px\" class=\"wp-caption aligncenter\"><a href=\"https:\/\/www.latribunedufaso.net\/wp-content\/uploads\/2025\/05\/IMG-20250529-WA0010.jpg\"><img loading=\"lazy\" decoding=\"async\" class=\"wp-image-20893 size-full\" src=\"https:\/\/www.latribunedufaso.net\/wp-content\/uploads\/2025\/05\/IMG-20250529-WA0010.jpg\" alt=\"Dernier entra\u00eenement des Etalons U23 (dames et hommes), participants \u00e0 la Ligue des Nations FIBA 3x3 U23, 28 mai 2025\" width=\"1080\" height=\"616\" srcset=\"https:\/\/www.latribunedufaso.net\/wp-content\/uploads\/2025\/05\/IMG-20250529-WA0010.jpg 1080w, https:\/\/www.latribunedufaso.net\/wp-content\/uploads\/2025\/05\/IMG-20250529-WA0010-300x171.jpg 300w, https:\/\/www.latribunedufaso.net\/wp-content\/uploads\/2025\/05\/IMG-20250529-WA0010-1024x584.jpg 1024w, https:\/\/www.latribunedufaso.net\/wp-content\/uploads\/2025\/05\/IMG-20250529-WA0010-768x438.jpg 768w\" sizes=\"auto, (max-width: 1080px) 100vw, 1080px\" \/><\/a><figcaption id=\"caption-attachment-20893\" class=\"wp-caption-text\">Ze\u00efna Fatima Sanogo, une joueuse de l&rsquo;\u00e9quipe f\u00e9minine du basketball des Etalons &#8211; Ph. A. Kiendrebeogo<\/figcaption><\/figure>\n<p><em><strong>\u00ab Je vais apporter ma petite exp\u00e9rience que j\u2019ai dans le 3&#215;3, je vais \u00e9galement encourager mes co\u00e9quipi\u00e8res. Nous ferons un travail d\u2019\u00e9quipe \u00bb<\/strong><\/em>, a d\u00e9clar\u00e9 Ze\u00efna Fatima Sanogo, un des \u00e9l\u00e9ments cl\u00e9s de l\u2019\u00e9quipe f\u00e9minine.<\/p>\n<p><strong>Rosana Astride KIENDREBEOGO\u00a0<\/strong><\/p>\n<p><strong>Latribunedufaso.net<\/strong><\/p>\n<figure id=\"attachment_20897\" aria-describedby=\"caption-attachment-20897\" style=\"width: 2560px\" class=\"wp-caption aligncenter\"><a href=\"https:\/\/www.latribunedufaso.net\/wp-content\/uploads\/2025\/05\/IMG-20250529-WA0018.jpg\"><img loading=\"lazy\" decoding=\"async\" class=\"size-full wp-image-20897\" src=\"https:\/\/www.latribunedufaso.net\/wp-content\/uploads\/2025\/05\/IMG-20250529-WA0018.jpg\" alt=\"Dernier entra\u00eenement des Etalons U23 (dames et hommes), participants \u00e0 la Ligue des Nations FIBA 3x3 U23, 28 mai 2025\" width=\"2560\" height=\"2560\" srcset=\"https:\/\/www.latribunedufaso.net\/wp-content\/uploads\/2025\/05\/IMG-20250529-WA0018.jpg 2560w, https:\/\/www.latribunedufaso.net\/wp-content\/uploads\/2025\/05\/IMG-20250529-WA0018-300x300.jpg 300w, https:\/\/www.latribunedufaso.net\/wp-content\/uploads\/2025\/05\/IMG-20250529-WA0018-1024x1024.jpg 1024w, https:\/\/www.latribunedufaso.net\/wp-content\/uploads\/2025\/05\/IMG-20250529-WA0018-150x150.jpg 150w, https:\/\/www.latribunedufaso.net\/wp-content\/uploads\/2025\/05\/IMG-20250529-WA0018-768x768.jpg 768w, https:\/\/www.latribunedufaso.net\/wp-content\/uploads\/2025\/05\/IMG-20250529-WA0018-1536x1536.jpg 1536w, https:\/\/www.latribunedufaso.net\/wp-content\/uploads\/2025\/05\/IMG-20250529-WA0018-2048x2048.jpg 2048w\" sizes=\"auto, (max-width: 2560px) 100vw, 2560px\" \/><\/a><figcaption id=\"caption-attachment-20897\" class=\"wp-caption-text\">Une vue de la s\u00e9ance d&rsquo;entra\u00eenement &#8211; Ph. A. Kiendrebeogo<\/figcaption><\/figure>\n","protected":false},"excerpt":{"rendered":"<p>Dans l\u2019optique de peaufiner les derniers r\u00e9glages avant le d\u00e9part pour Cotonou, les Etalons U23 (dames et hommes), participants \u00e0 la Ligue des Nations FIBA 3&#215;3 U23 ont eu un dernier entra\u00eenement le 28 mai 2025 \u00e0 Ouagadougou.<\/p>\n","protected":false},"author":5,"featured_media":20898,"comment_status":"open","ping_status":"open","sticky":false,"template":"","format":"standard","meta":{"footnotes":""},"categories":[13,1,17],"tags":[1029,39,1105],"class_list":["post-20891","post","type-post","status-publish","format-standard","has-post-thumbnail","hentry","category-une","category-actu","category-sport","tag-basketball","tag-latribunedufaso-net","tag-ligue-des-nations-fiba-3x3-u23"],"yoast_head":"<!-- This site is optimized with the Yoast SEO plugin v27.5 - https:\/\/yoast.com\/product\/yoast-seo-wordpress\/ -->\n<title>Basketball \/ Ligue des Nations FIBA 3x3 U23 : Dernier entra\u00eenement des \u00c9talons avant le d\u00e9part pour Cotonou - La Tribune du Faso<\/title>\n<meta name=\"robots\" content=\"index, follow, max-snippet:-1, max-image-preview:large, max-video-preview:-1\" \/>\n<link rel=\"canonical\" href=\"https:\/\/www.latribunedufaso.net\/?p=20891\" \/>\n<meta property=\"og:locale\" content=\"fr_FR\" \/>\n<meta property=\"og:type\" content=\"article\" \/>\n<meta property=\"og:title\" content=\"Basketball \/ Ligue des Nations FIBA 3x3 U23 : Dernier entra\u00eenement des \u00c9talons avant le d\u00e9part pour Cotonou - La Tribune du Faso\" \/>\n<meta property=\"og:description\" content=\"Dans l\u2019optique de peaufiner les derniers r\u00e9glages avant le d\u00e9part pour Cotonou, les Etalons U23 (dames et hommes), participants \u00e0 la Ligue des Nations FIBA 3&#215;3 U23 ont eu un dernier entra\u00eenement le 28 mai 2025 \u00e0 Ouagadougou.\" \/>\n<meta property=\"og:url\" content=\"https:\/\/www.latribunedufaso.net\/?p=20891\" \/>\n<meta property=\"og:site_name\" content=\"La Tribune du Faso\" \/>\n<meta property=\"article:publisher\" content=\"https:\/\/www.facebook.com\/LatribuneduFaso\/\" \/>\n<meta property=\"article:published_time\" content=\"2025-05-29T13:42:23+00:00\" \/>\n<meta property=\"article:modified_time\" content=\"2025-05-30T21:10:14+00:00\" \/>\n<meta property=\"og:image\" content=\"https:\/\/www.latribunedufaso.net\/wp-content\/uploads\/2025\/05\/IMG-20250529-WA0014.jpg\" \/>\n\t<meta property=\"og:image:width\" content=\"2560\" \/>\n\t<meta property=\"og:image:height\" content=\"2560\" \/>\n\t<meta property=\"og:image:type\" content=\"image\/jpeg\" \/>\n<meta name=\"author\" content=\"Issouf Tapsoba\" \/>\n<meta name=\"twitter:label1\" content=\"\u00c9crit par\" \/>\n\t<meta name=\"twitter:data1\" content=\"Issouf Tapsoba\" \/>\n\t<meta name=\"twitter:label2\" content=\"Dur\u00e9e de lecture estim\u00e9e\" \/>\n\t<meta name=\"twitter:data2\" content=\"3 minutes\" \/>\n<script type=\"application\/ld+json\" class=\"yoast-schema-graph\">{\"@context\":\"https:\\\/\\\/schema.org\",\"@graph\":[{\"@type\":\"Article\",\"@id\":\"https:\\\/\\\/www.latribunedufaso.net\\\/?p=20891#article\",\"isPartOf\":{\"@id\":\"https:\\\/\\\/www.latribunedufaso.net\\\/?p=20891\"},\"author\":{\"name\":\"Issouf Tapsoba\",\"@id\":\"https:\\\/\\\/www.latribunedufaso.net\\\/#\\\/schema\\\/person\\\/e54e64c5778a7e72cf80a318b7a622b0\"},\"headline\":\"Basketball \\\/ Ligue des Nations FIBA 3&#215;3 U23 : Dernier entra\u00eenement des \u00c9talons avant le d\u00e9part pour Cotonou\",\"datePublished\":\"2025-05-29T13:42:23+00:00\",\"dateModified\":\"2025-05-30T21:10:14+00:00\",\"mainEntityOfPage\":{\"@id\":\"https:\\\/\\\/www.latribunedufaso.net\\\/?p=20891\"},\"wordCount\":643,\"commentCount\":0,\"publisher\":{\"@id\":\"https:\\\/\\\/www.latribunedufaso.net\\\/#organization\"},\"image\":{\"@id\":\"https:\\\/\\\/www.latribunedufaso.net\\\/?p=20891#primaryimage\"},\"thumbnailUrl\":\"https:\\\/\\\/www.latribunedufaso.net\\\/wp-content\\\/uploads\\\/2025\\\/05\\\/IMG-20250529-WA0014.jpg\",\"keywords\":[\"Basketball\",\"latribunedufaso.net\",\"Ligue des Nations FIBA 3x3 U23\"],\"articleSection\":[\"A la une\",\"Actualit\u00e9\",\"Sport\"],\"inLanguage\":\"fr-FR\",\"potentialAction\":[{\"@type\":\"CommentAction\",\"name\":\"Comment\",\"target\":[\"https:\\\/\\\/www.latribunedufaso.net\\\/?p=20891#respond\"]}]},{\"@type\":\"WebPage\",\"@id\":\"https:\\\/\\\/www.latribunedufaso.net\\\/?p=20891\",\"url\":\"https:\\\/\\\/www.latribunedufaso.net\\\/?p=20891\",\"name\":\"Basketball \\\/ Ligue des Nations FIBA 3x3 U23 : Dernier entra\u00eenement des \u00c9talons avant le d\u00e9part pour Cotonou - La Tribune du Faso\",\"isPartOf\":{\"@id\":\"https:\\\/\\\/www.latribunedufaso.net\\\/#website\"},\"primaryImageOfPage\":{\"@id\":\"https:\\\/\\\/www.latribunedufaso.net\\\/?p=20891#primaryimage\"},\"image\":{\"@id\":\"https:\\\/\\\/www.latribunedufaso.net\\\/?p=20891#primaryimage\"},\"thumbnailUrl\":\"https:\\\/\\\/www.latribunedufaso.net\\\/wp-content\\\/uploads\\\/2025\\\/05\\\/IMG-20250529-WA0014.jpg\",\"datePublished\":\"2025-05-29T13:42:23+00:00\",\"dateModified\":\"2025-05-30T21:10:14+00:00\",\"breadcrumb\":{\"@id\":\"https:\\\/\\\/www.latribunedufaso.net\\\/?p=20891#breadcrumb\"},\"inLanguage\":\"fr-FR\",\"potentialAction\":[{\"@type\":\"ReadAction\",\"target\":[\"https:\\\/\\\/www.latribunedufaso.net\\\/?p=20891\"]}]},{\"@type\":\"ImageObject\",\"inLanguage\":\"fr-FR\",\"@id\":\"https:\\\/\\\/www.latribunedufaso.net\\\/?p=20891#primaryimage\",\"url\":\"https:\\\/\\\/www.latribunedufaso.net\\\/wp-content\\\/uploads\\\/2025\\\/05\\\/IMG-20250529-WA0014.jpg\",\"contentUrl\":\"https:\\\/\\\/www.latribunedufaso.net\\\/wp-content\\\/uploads\\\/2025\\\/05\\\/IMG-20250529-WA0014.jpg\",\"width\":2560,\"height\":2560,\"caption\":\"Dernier entra\u00eenement des Etalons U23 (dames et hommes), participants \u00e0 la Ligue des Nations FIBA 3x3 U23, 28 mai 2025\"},{\"@type\":\"BreadcrumbList\",\"@id\":\"https:\\\/\\\/www.latribunedufaso.net\\\/?p=20891#breadcrumb\",\"itemListElement\":[{\"@type\":\"ListItem\",\"position\":1,\"name\":\"Accueil\",\"item\":\"https:\\\/\\\/www.latribunedufaso.net\\\/\"},{\"@type\":\"ListItem\",\"position\":2,\"name\":\"Basketball \\\/ Ligue des Nations FIBA 3&#215;3 U23 : Dernier entra\u00eenement des \u00c9talons avant le d\u00e9part pour Cotonou\"}]},{\"@type\":\"WebSite\",\"@id\":\"https:\\\/\\\/www.latribunedufaso.net\\\/#website\",\"url\":\"https:\\\/\\\/www.latribunedufaso.net\\\/\",\"name\":\"La Tribune du Faso\",\"description\":\"L&#039;information du monde rural en un clic\",\"publisher\":{\"@id\":\"https:\\\/\\\/www.latribunedufaso.net\\\/#organization\"},\"potentialAction\":[{\"@type\":\"SearchAction\",\"target\":{\"@type\":\"EntryPoint\",\"urlTemplate\":\"https:\\\/\\\/www.latribunedufaso.net\\\/?s={search_term_string}\"},\"query-input\":{\"@type\":\"PropertyValueSpecification\",\"valueRequired\":true,\"valueName\":\"search_term_string\"}}],\"inLanguage\":\"fr-FR\"},{\"@type\":\"Organization\",\"@id\":\"https:\\\/\\\/www.latribunedufaso.net\\\/#organization\",\"name\":\"La Tribune du Faso\",\"url\":\"https:\\\/\\\/www.latribunedufaso.net\\\/\",\"logo\":{\"@type\":\"ImageObject\",\"inLanguage\":\"fr-FR\",\"@id\":\"https:\\\/\\\/www.latribunedufaso.net\\\/#\\\/schema\\\/logo\\\/image\\\/\",\"url\":\"https:\\\/\\\/www.latribunedufaso.net\\\/wp-content\\\/uploads\\\/2020\\\/08\\\/Logo-Tribune-du-Faso-final-scaled.jpg\",\"contentUrl\":\"https:\\\/\\\/www.latribunedufaso.net\\\/wp-content\\\/uploads\\\/2020\\\/08\\\/Logo-Tribune-du-Faso-final-scaled.jpg\",\"width\":2560,\"height\":1856,\"caption\":\"La Tribune du Faso\"},\"image\":{\"@id\":\"https:\\\/\\\/www.latribunedufaso.net\\\/#\\\/schema\\\/logo\\\/image\\\/\"},\"sameAs\":[\"https:\\\/\\\/www.facebook.com\\\/LatribuneduFaso\\\/\"]},{\"@type\":\"Person\",\"@id\":\"https:\\\/\\\/www.latribunedufaso.net\\\/#\\\/schema\\\/person\\\/e54e64c5778a7e72cf80a318b7a622b0\",\"name\":\"Issouf Tapsoba\",\"image\":{\"@type\":\"ImageObject\",\"inLanguage\":\"fr-FR\",\"@id\":\"https:\\\/\\\/secure.gravatar.com\\\/avatar\\\/5e6c05150ce3230247d167f5b94d678eb05936197436d69b7921e3a95c9107ac?s=96&d=mm&r=g\",\"url\":\"https:\\\/\\\/secure.gravatar.com\\\/avatar\\\/5e6c05150ce3230247d167f5b94d678eb05936197436d69b7921e3a95c9107ac?s=96&d=mm&r=g\",\"contentUrl\":\"https:\\\/\\\/secure.gravatar.com\\\/avatar\\\/5e6c05150ce3230247d167f5b94d678eb05936197436d69b7921e3a95c9107ac?s=96&d=mm&r=g\",\"caption\":\"Issouf Tapsoba\"},\"url\":\"https:\\\/\\\/www.latribunedufaso.net\\\/?author=5\"}]}<\/script>\n<!-- \/ Yoast SEO plugin. -->","yoast_head_json":{"title":"Basketball \/ Ligue des Nations FIBA 3x3 U23 : Dernier entra\u00eenement des \u00c9talons avant le d\u00e9part pour Cotonou - La Tribune du Faso","robots":{"index":"index","follow":"follow","max-snippet":"max-snippet:-1","max-image-preview":"max-image-preview:large","max-video-preview":"max-video-preview:-1"},"canonical":"https:\/\/www.latribunedufaso.net\/?p=20891","og_locale":"fr_FR","og_type":"article","og_title":"Basketball \/ Ligue des Nations FIBA 3x3 U23 : Dernier entra\u00eenement des \u00c9talons avant le d\u00e9part pour Cotonou - La Tribune du Faso","og_description":"Dans l\u2019optique de peaufiner les derniers r\u00e9glages avant le d\u00e9part pour Cotonou, les Etalons U23 (dames et hommes), participants \u00e0 la Ligue des Nations FIBA 3&#215;3 U23 ont eu un dernier entra\u00eenement le 28 mai 2025 \u00e0 Ouagadougou.","og_url":"https:\/\/www.latribunedufaso.net\/?p=20891","og_site_name":"La Tribune du Faso","article_publisher":"https:\/\/www.facebook.com\/LatribuneduFaso\/","article_published_time":"2025-05-29T13:42:23+00:00","article_modified_time":"2025-05-30T21:10:14+00:00","og_image":[{"width":2560,"height":2560,"url":"https:\/\/www.latribunedufaso.net\/wp-content\/uploads\/2025\/05\/IMG-20250529-WA0014.jpg","type":"image\/jpeg"}],"author":"Issouf Tapsoba","twitter_misc":{"\u00c9crit par":"Issouf Tapsoba","Dur\u00e9e de lecture estim\u00e9e":"3 minutes"},"schema":{"@context":"https:\/\/schema.org","@graph":[{"@type":"Article","@id":"https:\/\/www.latribunedufaso.net\/?p=20891#article","isPartOf":{"@id":"https:\/\/www.latribunedufaso.net\/?p=20891"},"author":{"name":"Issouf Tapsoba","@id":"https:\/\/www.latribunedufaso.net\/#\/schema\/person\/e54e64c5778a7e72cf80a318b7a622b0"},"headline":"Basketball \/ Ligue des Nations FIBA 3&#215;3 U23 : Dernier entra\u00eenement des \u00c9talons avant le d\u00e9part pour Cotonou","datePublished":"2025-05-29T13:42:23+00:00","dateModified":"2025-05-30T21:10:14+00:00","mainEntityOfPage":{"@id":"https:\/\/www.latribunedufaso.net\/?p=20891"},"wordCount":643,"commentCount":0,"publisher":{"@id":"https:\/\/www.latribunedufaso.net\/#organization"},"image":{"@id":"https:\/\/www.latribunedufaso.net\/?p=20891#primaryimage"},"thumbnailUrl":"https:\/\/www.latribunedufaso.net\/wp-content\/uploads\/2025\/05\/IMG-20250529-WA0014.jpg","keywords":["Basketball","latribunedufaso.net","Ligue des Nations FIBA 3x3 U23"],"articleSection":["A la une","Actualit\u00e9","Sport"],"inLanguage":"fr-FR","potentialAction":[{"@type":"CommentAction","name":"Comment","target":["https:\/\/www.latribunedufaso.net\/?p=20891#respond"]}]},{"@type":"WebPage","@id":"https:\/\/www.latribunedufaso.net\/?p=20891","url":"https:\/\/www.latribunedufaso.net\/?p=20891","name":"Basketball \/ Ligue des Nations FIBA 3x3 U23 : Dernier entra\u00eenement des \u00c9talons avant le d\u00e9part pour Cotonou - La Tribune du Faso","isPartOf":{"@id":"https:\/\/www.latribunedufaso.net\/#website"},"primaryImageOfPage":{"@id":"https:\/\/www.latribunedufaso.net\/?p=20891#primaryimage"},"image":{"@id":"https:\/\/www.latribunedufaso.net\/?p=20891#primaryimage"},"thumbnailUrl":"https:\/\/www.latribunedufaso.net\/wp-content\/uploads\/2025\/05\/IMG-20250529-WA0014.jpg","datePublished":"2025-05-29T13:42:23+00:00","dateModified":"2025-05-30T21:10:14+00:00","breadcrumb":{"@id":"https:\/\/www.latribunedufaso.net\/?p=20891#breadcrumb"},"inLanguage":"fr-FR","potentialAction":[{"@type":"ReadAction","target":["https:\/\/www.latribunedufaso.net\/?p=20891"]}]},{"@type":"ImageObject","inLanguage":"fr-FR","@id":"https:\/\/www.latribunedufaso.net\/?p=20891#primaryimage","url":"https:\/\/www.latribunedufaso.net\/wp-content\/uploads\/2025\/05\/IMG-20250529-WA0014.jpg","contentUrl":"https:\/\/www.latribunedufaso.net\/wp-content\/uploads\/2025\/05\/IMG-20250529-WA0014.jpg","width":2560,"height":2560,"caption":"Dernier entra\u00eenement des Etalons U23 (dames et hommes), participants \u00e0 la Ligue des Nations FIBA 3x3 U23, 28 mai 2025"},{"@type":"BreadcrumbList","@id":"https:\/\/www.latribunedufaso.net\/?p=20891#breadcrumb","itemListElement":[{"@type":"ListItem","position":1,"name":"Accueil","item":"https:\/\/www.latribunedufaso.net\/"},{"@type":"ListItem","position":2,"name":"Basketball \/ Ligue des Nations FIBA 3&#215;3 U23 : Dernier entra\u00eenement des \u00c9talons avant le d\u00e9part pour Cotonou"}]},{"@type":"WebSite","@id":"https:\/\/www.latribunedufaso.net\/#website","url":"https:\/\/www.latribunedufaso.net\/","name":"La Tribune du Faso","description":"L&#039;information du monde rural en un clic","publisher":{"@id":"https:\/\/www.latribunedufaso.net\/#organization"},"potentialAction":[{"@type":"SearchAction","target":{"@type":"EntryPoint","urlTemplate":"https:\/\/www.latribunedufaso.net\/?s={search_term_string}"},"query-input":{"@type":"PropertyValueSpecification","valueRequired":true,"valueName":"search_term_string"}}],"inLanguage":"fr-FR"},{"@type":"Organization","@id":"https:\/\/www.latribunedufaso.net\/#organization","name":"La Tribune du Faso","url":"https:\/\/www.latribunedufaso.net\/","logo":{"@type":"ImageObject","inLanguage":"fr-FR","@id":"https:\/\/www.latribunedufaso.net\/#\/schema\/logo\/image\/","url":"https:\/\/www.latribunedufaso.net\/wp-content\/uploads\/2020\/08\/Logo-Tribune-du-Faso-final-scaled.jpg","contentUrl":"https:\/\/www.latribunedufaso.net\/wp-content\/uploads\/2020\/08\/Logo-Tribune-du-Faso-final-scaled.jpg","width":2560,"height":1856,"caption":"La Tribune du Faso"},"image":{"@id":"https:\/\/www.latribunedufaso.net\/#\/schema\/logo\/image\/"},"sameAs":["https:\/\/www.facebook.com\/LatribuneduFaso\/"]},{"@type":"Person","@id":"https:\/\/www.latribunedufaso.net\/#\/schema\/person\/e54e64c5778a7e72cf80a318b7a622b0","name":"Issouf Tapsoba","image":{"@type":"ImageObject","inLanguage":"fr-FR","@id":"https:\/\/secure.gravatar.com\/avatar\/5e6c05150ce3230247d167f5b94d678eb05936197436d69b7921e3a95c9107ac?s=96&d=mm&r=g","url":"https:\/\/secure.gravatar.com\/avatar\/5e6c05150ce3230247d167f5b94d678eb05936197436d69b7921e3a95c9107ac?s=96&d=mm&r=g","contentUrl":"https:\/\/secure.gravatar.com\/avatar\/5e6c05150ce3230247d167f5b94d678eb05936197436d69b7921e3a95c9107ac?s=96&d=mm&r=g","caption":"Issouf Tapsoba"},"url":"https:\/\/www.latribunedufaso.net\/?author=5"}]}},"_links":{"self":[{"href":"https:\/\/www.latribunedufaso.net\/index.php?rest_route=\/wp\/v2\/posts\/20891","targetHints":{"allow":["GET"]}}],"collection":[{"href":"https:\/\/www.latribunedufaso.net\/index.php?rest_route=\/wp\/v2\/posts"}],"about":[{"href":"https:\/\/www.latribunedufaso.net\/index.php?rest_route=\/wp\/v2\/types\/post"}],"author":[{"embeddable":true,"href":"https:\/\/www.latribunedufaso.net\/index.php?rest_route=\/wp\/v2\/users\/5"}],"replies":[{"embeddable":true,"href":"https:\/\/www.latribunedufaso.net\/index.php?rest_route=%2Fwp%2Fv2%2Fcomments&post=20891"}],"version-history":[{"count":3,"href":"https:\/\/www.latribunedufaso.net\/index.php?rest_route=\/wp\/v2\/posts\/20891\/revisions"}],"predecessor-version":[{"id":20979,"href":"https:\/\/www.latribunedufaso.net\/index.php?rest_route=\/wp\/v2\/posts\/20891\/revisions\/20979"}],"wp:featuredmedia":[{"embeddable":true,"href":"https:\/\/www.latribunedufaso.net\/index.php?rest_route=\/wp\/v2\/media\/20898"}],"wp:attachment":[{"href":"https:\/\/www.latribunedufaso.net\/index.php?rest_route=%2Fwp%2Fv2%2Fmedia&parent=20891"}],"wp:term":[{"taxonomy":"category","embeddable":true,"href":"https:\/\/www.latribunedufaso.net\/index.php?rest_route=%2Fwp%2Fv2%2Fcategories&post=20891"},{"taxonomy":"post_tag","embeddable":true,"href":"https:\/\/www.latribunedufaso.net\/index.php?rest_route=%2Fwp%2Fv2%2Ftags&post=20891"}],"curies":[{"name":"wp","href":"https:\/\/api.w.org\/{rel}","templated":true}]}}