{"id":20879,"date":"2025-05-28T18:39:03","date_gmt":"2025-05-28T18:39:03","guid":{"rendered":"https:\/\/www.latribunedufaso.net\/?p=20879"},"modified":"2025-05-28T18:51:04","modified_gmt":"2025-05-28T18:51:04","slug":"affaire-salifo-tiemtore-le-parquet-requiert-36-mois-de-prison-et-une-amende-de-540-millions-fcfa-le-tour-ferme","status":"publish","type":"post","link":"https:\/\/www.latribunedufaso.net\/?p=20879","title":{"rendered":"Affaire Salifo Tiemtor\u00e9 : Le parquet requiert 36 mois de prison et une amende de 540 millions FCFA, le tout ferme"},"content":{"rendered":"<p><strong>Apr\u00e8s la conclusion des d\u00e9bats, l\u2019affaire Salifo Tiemtor\u00e9 est entr\u00e9e dans la phase des plaidoiries. Le proc\u00e8s s\u2019est tenue le 27 mai 2025 au Tribunal de grande instance Ouaga 1. Les diff\u00e9rentes parties sont pass\u00e9es exposer leurs arguments. <\/strong><!--more--><\/p>\n<h3>La plaidoirie de l\u2019Agent judiciaire de l\u2019Etat<\/h3>\n<p>Pour l\u2019Agente judiciaire de l\u2019\u00c9tat (AJE), la fausse d\u00e9claration d\u2019int\u00e9r\u00eats et de patrimoine est av\u00e9r\u00e9e. L\u2019argument central repose sur la non-d\u00e9claration des 3 comptes bancaires par Salifo Tiemtor\u00e9. Selon l\u2019AJE, cette affaire a entach\u00e9 l\u2019image de l\u2019\u00c9tat burkinab\u00e8. Au titre du pr\u00e9judice moral, l\u2019\u00c9tat r\u00e9clame 5 millions FCFA de dommages et int\u00e9r\u00eats, ainsi que 1 million FCFA pour les frais expos\u00e9s et non compris dans les d\u00e9pens.<\/p>\n<p>Le R\u00e9seau national de lutte anti-corruption (REN-LAC), partie civile \u00e9galement, a symboliquement r\u00e9clam\u00e9 5 FCFA pour le pr\u00e9judice moral.<\/p>\n<h3>Le parquet requiert 36 mois de prison ferme<\/h3>\n<p>Le parquet, dans ses r\u00e9quisitions, a soutenu que l\u2019infraction de fausse d\u00e9claration \u00e9tait caract\u00e9ris\u00e9e. Le procureur a insist\u00e9 sur le fait que Salifo Tiemtor\u00e9 aurait d\u00e9lib\u00e9r\u00e9ment omis de d\u00e9clarer les comptes, malgr\u00e9 des op\u00e9rations d\u00e9j\u00e0 effectu\u00e9es dessus.<\/p>\n<p>L\u2019argument de la d\u00e9fense, selon lequel les comptes appartenaient \u00e0 son fils, a \u00e9t\u00e9 balay\u00e9 par le procureur, qui a affirm\u00e9 qu\u2019un compte bancaire, m\u00eame vide, constitue un patrimoine devant \u00eatre d\u00e9clar\u00e9. La confusion des biens est mise en avant par le parquet, soulignant des op\u00e9rations personnelles de M. Tiemtor\u00e9 sur ces comptes, notamment la transaction de 35 millions FCFA du Fonds sp\u00e9cial de la Pr\u00e9sidence du Faso.<\/p>\n<p>Concernant l\u2019infraction de financement occulte de partis politiques, le parquet accuse Salifo Tiemtor\u00e9 d\u2019avoir re\u00e7u de l\u2019argent de <em><strong>\u00ab sources occultes \u00bb<\/strong><\/em> pour des dons \u00e0 des entit\u00e9s coutumi\u00e8res et religieuses <em><strong>\u00ab au nom de l\u2019ancien pr\u00e9sident Roch Kabor\u00e9 \u00bb.<\/strong><\/em> Les 35 millions FCFA du Fonds sp\u00e9cial de la Pr\u00e9sidence et 25 millions FCFA d\u2019une soci\u00e9t\u00e9 immobili\u00e8re sont cit\u00e9s comme exemples. Pour le parquet, l\u2019objectif est de <em><strong>\u00ab soudoyer et acheter les consciences \u00bb<\/strong> <\/em>en vue de la campagne politique.<\/p>\n<p>Enfin, sur le blanchiment de capitaux, le procureur a affirm\u00e9 que les 35 millions FCFA du Fonds sp\u00e9cial de la Pr\u00e9sidence du Faso ont \u00e9t\u00e9 utilis\u00e9s \u00e0 des fins priv\u00e9es, caract\u00e9risant ainsi l\u2019infraction. Face \u00e0 ces accusations, le parquet a requis une condamnation \u00e0 36 mois de prison ferme et une amende de 540 millions FCFA ferme \u00e0 l\u2019encontre de Salifo Tiemtor\u00e9.<\/p>\n<h3>La d\u00e9fense brandit l\u2019absence d\u2019intention coupable<\/h3>\n<p>L\u2019avocat de la d\u00e9fense a battu en br\u00e8che les accusations du parquet. Sur la fausse d\u00e9claration d\u2019int\u00e9r\u00eat et de patrimoine, il a appel\u00e9 le tribunal \u00e0 faire la distinction entre une <em><strong>\u00ab d\u00e9claration compl\u00e8te, incompl\u00e8te et fausse \u00bb<\/strong><\/em>, insistant sur le fait que ce n&rsquo;est pas la m\u00eame chose.<\/p>\n<p>L\u2019avocat a \u00e9galement soulev\u00e9 une question de proc\u00e9dure. Pour consid\u00e9rer la non-d\u00e9claration des comptes comme une infraction, l\u2019administration aurait d\u00fb, selon lui, adresser une mise en demeure \u00e0 M. Tiemtor\u00e9 dans un d\u00e9lai de 2 mois, ce qui n&rsquo;a pas \u00e9t\u00e9 fait. En plus, la d\u00e9fense a soulign\u00e9 l\u2019absence d\u2019\u00e9l\u00e9ment intentionnel, arguant qu\u2019il n\u2019y a aucune preuve que son client ait d\u00e9lib\u00e9r\u00e9ment cach\u00e9 l\u2019existence desdits comptes.<\/p>\n<p>Concernant le financement occulte de partis politiques, l\u2019avocat a remis en question la qualification de <em><strong>\u00ab sources occultes \u00bb<\/strong><\/em> pour le Fonds sp\u00e9cial de la Pr\u00e9sidence du Faso, demandant si un fonds d\u2019\u00c9tat pouvait \u00eatre consid\u00e9r\u00e9 comme tel.<\/p>\n<p>Pour le blanchiment de capitaux, la d\u00e9fense a \u00e9galement mis en avant l\u2019absence d\u2019intentionnalit\u00e9 de son client, concluant que cette infraction n&rsquo;\u00e9tait pas caract\u00e9ris\u00e9e.<\/p>\n<blockquote>\n<p>Lire aussi &gt;&gt; <a href=\"https:\/\/www.latribunedufaso.net\/?p=20858\">Affaire Salifo Tiemtor\u00e9 : L\u2019ex ministre de la Jeunesse poursuivi notamment pour fausse d\u00e9claration de patrimoine et blanchiment de capitaux\u00a0<\/a><\/p>\n<\/blockquote>\n<p>Dans son dernier mot, Salifo Tiemtor\u00e9 lui-m\u00eame a d\u00e9clar\u00e9 qu\u2019aucune de ses actions n\u2019a \u00e9t\u00e9 faite dans l\u2019intention de voler ou de dissimuler quoi que ce soit. Il affirme avoir foi en la justice.<\/p>\n<p>Les plaidoiries \u00e9tant termin\u00e9es, le tribunal a mis le dossier en d\u00e9lib\u00e9r\u00e9 le 19 juin 2025.<\/p>\n<p><strong>Issouf TAPSOBA <\/strong><\/p>\n<p><strong>Latribunedufaso.net<\/strong><\/p>\n","protected":false},"excerpt":{"rendered":"<p>Apr\u00e8s la conclusion des d\u00e9bats, l\u2019affaire Salifo Tiemtor\u00e9 est entr\u00e9e dans la phase des plaidoiries. Le proc\u00e8s s\u2019est tenue le 27 mai 2025 au Tribunal de grande instance Ouaga 1. Les diff\u00e9rentes parties sont pass\u00e9es exposer leurs arguments.<\/p>\n","protected":false},"author":5,"featured_media":8467,"comment_status":"open","ping_status":"open","sticky":false,"template":"","format":"standard","meta":{"footnotes":""},"categories":[13,1,8],"tags":[1103,208,39],"class_list":["post-20879","post","type-post","status-publish","format-standard","has-post-thumbnail","hentry","category-une","category-actu","category-societe","tag-affaire-salifo-tiemtore","tag-justice","tag-latribunedufaso-net"],"yoast_head":"<!-- This site is optimized with the Yoast SEO plugin v27.4 - https:\/\/yoast.com\/product\/yoast-seo-wordpress\/ -->\n<title>Affaire Salifo Tiemtor\u00e9 : Le parquet requiert 36 mois de prison et une amende de 540 millions FCFA, le tout ferme - La Tribune du Faso<\/title>\n<meta name=\"robots\" content=\"index, follow, max-snippet:-1, max-image-preview:large, max-video-preview:-1\" \/>\n<link rel=\"canonical\" href=\"https:\/\/www.latribunedufaso.net\/?p=20879\" \/>\n<meta property=\"og:locale\" content=\"fr_FR\" \/>\n<meta property=\"og:type\" content=\"article\" \/>\n<meta property=\"og:title\" content=\"Affaire Salifo Tiemtor\u00e9 : Le parquet requiert 36 mois de prison et une amende de 540 millions FCFA, le tout ferme - La Tribune du Faso\" \/>\n<meta property=\"og:description\" content=\"Apr\u00e8s la conclusion des d\u00e9bats, l\u2019affaire Salifo Tiemtor\u00e9 est entr\u00e9e dans la phase des plaidoiries. Le proc\u00e8s s\u2019est tenue le 27 mai 2025 au Tribunal de grande instance Ouaga 1. Les diff\u00e9rentes parties sont pass\u00e9es exposer leurs arguments.\" \/>\n<meta property=\"og:url\" content=\"https:\/\/www.latribunedufaso.net\/?p=20879\" \/>\n<meta property=\"og:site_name\" content=\"La Tribune du Faso\" \/>\n<meta property=\"article:publisher\" content=\"https:\/\/www.facebook.com\/LatribuneduFaso\/\" \/>\n<meta property=\"article:published_time\" content=\"2025-05-28T18:39:03+00:00\" \/>\n<meta property=\"article:modified_time\" content=\"2025-05-28T18:51:04+00:00\" \/>\n<meta property=\"og:image\" content=\"https:\/\/www.latribunedufaso.net\/wp-content\/uploads\/2023\/07\/Justice.jpg\" \/>\n\t<meta property=\"og:image:width\" content=\"1135\" \/>\n\t<meta property=\"og:image:height\" content=\"1024\" \/>\n\t<meta property=\"og:image:type\" content=\"image\/jpeg\" \/>\n<meta name=\"author\" content=\"Issouf Tapsoba\" \/>\n<meta name=\"twitter:label1\" content=\"\u00c9crit par\" \/>\n\t<meta name=\"twitter:data1\" content=\"Issouf Tapsoba\" \/>\n\t<meta name=\"twitter:label2\" content=\"Dur\u00e9e de lecture estim\u00e9e\" \/>\n\t<meta name=\"twitter:data2\" content=\"4 minutes\" \/>\n<script type=\"application\/ld+json\" class=\"yoast-schema-graph\">{\"@context\":\"https:\\\/\\\/schema.org\",\"@graph\":[{\"@type\":\"Article\",\"@id\":\"https:\\\/\\\/www.latribunedufaso.net\\\/?p=20879#article\",\"isPartOf\":{\"@id\":\"https:\\\/\\\/www.latribunedufaso.net\\\/?p=20879\"},\"author\":{\"name\":\"Issouf Tapsoba\",\"@id\":\"https:\\\/\\\/www.latribunedufaso.net\\\/#\\\/schema\\\/person\\\/e54e64c5778a7e72cf80a318b7a622b0\"},\"headline\":\"Affaire Salifo Tiemtor\u00e9 : Le parquet requiert 36 mois de prison et une amende de 540 millions FCFA, le tout ferme\",\"datePublished\":\"2025-05-28T18:39:03+00:00\",\"dateModified\":\"2025-05-28T18:51:04+00:00\",\"mainEntityOfPage\":{\"@id\":\"https:\\\/\\\/www.latribunedufaso.net\\\/?p=20879\"},\"wordCount\":757,\"commentCount\":0,\"publisher\":{\"@id\":\"https:\\\/\\\/www.latribunedufaso.net\\\/#organization\"},\"image\":{\"@id\":\"https:\\\/\\\/www.latribunedufaso.net\\\/?p=20879#primaryimage\"},\"thumbnailUrl\":\"https:\\\/\\\/www.latribunedufaso.net\\\/wp-content\\\/uploads\\\/2023\\\/07\\\/Justice.jpg\",\"keywords\":[\"Affaire Salifo Tiemtor\u00e9\",\"justice\",\"latribunedufaso.net\"],\"articleSection\":[\"A la une\",\"Actualit\u00e9\",\"Soci\u00e9t\u00e9\"],\"inLanguage\":\"fr-FR\",\"potentialAction\":[{\"@type\":\"CommentAction\",\"name\":\"Comment\",\"target\":[\"https:\\\/\\\/www.latribunedufaso.net\\\/?p=20879#respond\"]}]},{\"@type\":\"WebPage\",\"@id\":\"https:\\\/\\\/www.latribunedufaso.net\\\/?p=20879\",\"url\":\"https:\\\/\\\/www.latribunedufaso.net\\\/?p=20879\",\"name\":\"Affaire Salifo Tiemtor\u00e9 : Le parquet requiert 36 mois de prison et une amende de 540 millions FCFA, le tout ferme - La Tribune du Faso\",\"isPartOf\":{\"@id\":\"https:\\\/\\\/www.latribunedufaso.net\\\/#website\"},\"primaryImageOfPage\":{\"@id\":\"https:\\\/\\\/www.latribunedufaso.net\\\/?p=20879#primaryimage\"},\"image\":{\"@id\":\"https:\\\/\\\/www.latribunedufaso.net\\\/?p=20879#primaryimage\"},\"thumbnailUrl\":\"https:\\\/\\\/www.latribunedufaso.net\\\/wp-content\\\/uploads\\\/2023\\\/07\\\/Justice.jpg\",\"datePublished\":\"2025-05-28T18:39:03+00:00\",\"dateModified\":\"2025-05-28T18:51:04+00:00\",\"breadcrumb\":{\"@id\":\"https:\\\/\\\/www.latribunedufaso.net\\\/?p=20879#breadcrumb\"},\"inLanguage\":\"fr-FR\",\"potentialAction\":[{\"@type\":\"ReadAction\",\"target\":[\"https:\\\/\\\/www.latribunedufaso.net\\\/?p=20879\"]}]},{\"@type\":\"ImageObject\",\"inLanguage\":\"fr-FR\",\"@id\":\"https:\\\/\\\/www.latribunedufaso.net\\\/?p=20879#primaryimage\",\"url\":\"https:\\\/\\\/www.latribunedufaso.net\\\/wp-content\\\/uploads\\\/2023\\\/07\\\/Justice.jpg\",\"contentUrl\":\"https:\\\/\\\/www.latribunedufaso.net\\\/wp-content\\\/uploads\\\/2023\\\/07\\\/Justice.jpg\",\"width\":1135,\"height\":1024},{\"@type\":\"BreadcrumbList\",\"@id\":\"https:\\\/\\\/www.latribunedufaso.net\\\/?p=20879#breadcrumb\",\"itemListElement\":[{\"@type\":\"ListItem\",\"position\":1,\"name\":\"Accueil\",\"item\":\"https:\\\/\\\/www.latribunedufaso.net\\\/\"},{\"@type\":\"ListItem\",\"position\":2,\"name\":\"Affaire Salifo Tiemtor\u00e9 : Le parquet requiert 36 mois de prison et une amende de 540 millions FCFA, le tout ferme\"}]},{\"@type\":\"WebSite\",\"@id\":\"https:\\\/\\\/www.latribunedufaso.net\\\/#website\",\"url\":\"https:\\\/\\\/www.latribunedufaso.net\\\/\",\"name\":\"La Tribune du Faso\",\"description\":\"L&#039;information du monde rural en un clic\",\"publisher\":{\"@id\":\"https:\\\/\\\/www.latribunedufaso.net\\\/#organization\"},\"potentialAction\":[{\"@type\":\"SearchAction\",\"target\":{\"@type\":\"EntryPoint\",\"urlTemplate\":\"https:\\\/\\\/www.latribunedufaso.net\\\/?s={search_term_string}\"},\"query-input\":{\"@type\":\"PropertyValueSpecification\",\"valueRequired\":true,\"valueName\":\"search_term_string\"}}],\"inLanguage\":\"fr-FR\"},{\"@type\":\"Organization\",\"@id\":\"https:\\\/\\\/www.latribunedufaso.net\\\/#organization\",\"name\":\"La Tribune du Faso\",\"url\":\"https:\\\/\\\/www.latribunedufaso.net\\\/\",\"logo\":{\"@type\":\"ImageObject\",\"inLanguage\":\"fr-FR\",\"@id\":\"https:\\\/\\\/www.latribunedufaso.net\\\/#\\\/schema\\\/logo\\\/image\\\/\",\"url\":\"https:\\\/\\\/www.latribunedufaso.net\\\/wp-content\\\/uploads\\\/2020\\\/08\\\/Logo-Tribune-du-Faso-final-scaled.jpg\",\"contentUrl\":\"https:\\\/\\\/www.latribunedufaso.net\\\/wp-content\\\/uploads\\\/2020\\\/08\\\/Logo-Tribune-du-Faso-final-scaled.jpg\",\"width\":2560,\"height\":1856,\"caption\":\"La Tribune du Faso\"},\"image\":{\"@id\":\"https:\\\/\\\/www.latribunedufaso.net\\\/#\\\/schema\\\/logo\\\/image\\\/\"},\"sameAs\":[\"https:\\\/\\\/www.facebook.com\\\/LatribuneduFaso\\\/\"]},{\"@type\":\"Person\",\"@id\":\"https:\\\/\\\/www.latribunedufaso.net\\\/#\\\/schema\\\/person\\\/e54e64c5778a7e72cf80a318b7a622b0\",\"name\":\"Issouf Tapsoba\",\"image\":{\"@type\":\"ImageObject\",\"inLanguage\":\"fr-FR\",\"@id\":\"https:\\\/\\\/secure.gravatar.com\\\/avatar\\\/5e6c05150ce3230247d167f5b94d678eb05936197436d69b7921e3a95c9107ac?s=96&d=mm&r=g\",\"url\":\"https:\\\/\\\/secure.gravatar.com\\\/avatar\\\/5e6c05150ce3230247d167f5b94d678eb05936197436d69b7921e3a95c9107ac?s=96&d=mm&r=g\",\"contentUrl\":\"https:\\\/\\\/secure.gravatar.com\\\/avatar\\\/5e6c05150ce3230247d167f5b94d678eb05936197436d69b7921e3a95c9107ac?s=96&d=mm&r=g\",\"caption\":\"Issouf Tapsoba\"},\"url\":\"https:\\\/\\\/www.latribunedufaso.net\\\/?author=5\"}]}<\/script>\n<!-- \/ Yoast SEO plugin. -->","yoast_head_json":{"title":"Affaire Salifo Tiemtor\u00e9 : Le parquet requiert 36 mois de prison et une amende de 540 millions FCFA, le tout ferme - La Tribune du Faso","robots":{"index":"index","follow":"follow","max-snippet":"max-snippet:-1","max-image-preview":"max-image-preview:large","max-video-preview":"max-video-preview:-1"},"canonical":"https:\/\/www.latribunedufaso.net\/?p=20879","og_locale":"fr_FR","og_type":"article","og_title":"Affaire Salifo Tiemtor\u00e9 : Le parquet requiert 36 mois de prison et une amende de 540 millions FCFA, le tout ferme - La Tribune du Faso","og_description":"Apr\u00e8s la conclusion des d\u00e9bats, l\u2019affaire Salifo Tiemtor\u00e9 est entr\u00e9e dans la phase des plaidoiries. Le proc\u00e8s s\u2019est tenue le 27 mai 2025 au Tribunal de grande instance Ouaga 1. Les diff\u00e9rentes parties sont pass\u00e9es exposer leurs arguments.","og_url":"https:\/\/www.latribunedufaso.net\/?p=20879","og_site_name":"La Tribune du Faso","article_publisher":"https:\/\/www.facebook.com\/LatribuneduFaso\/","article_published_time":"2025-05-28T18:39:03+00:00","article_modified_time":"2025-05-28T18:51:04+00:00","og_image":[{"width":1135,"height":1024,"url":"https:\/\/www.latribunedufaso.net\/wp-content\/uploads\/2023\/07\/Justice.jpg","type":"image\/jpeg"}],"author":"Issouf Tapsoba","twitter_misc":{"\u00c9crit par":"Issouf Tapsoba","Dur\u00e9e de lecture estim\u00e9e":"4 minutes"},"schema":{"@context":"https:\/\/schema.org","@graph":[{"@type":"Article","@id":"https:\/\/www.latribunedufaso.net\/?p=20879#article","isPartOf":{"@id":"https:\/\/www.latribunedufaso.net\/?p=20879"},"author":{"name":"Issouf Tapsoba","@id":"https:\/\/www.latribunedufaso.net\/#\/schema\/person\/e54e64c5778a7e72cf80a318b7a622b0"},"headline":"Affaire Salifo Tiemtor\u00e9 : Le parquet requiert 36 mois de prison et une amende de 540 millions FCFA, le tout ferme","datePublished":"2025-05-28T18:39:03+00:00","dateModified":"2025-05-28T18:51:04+00:00","mainEntityOfPage":{"@id":"https:\/\/www.latribunedufaso.net\/?p=20879"},"wordCount":757,"commentCount":0,"publisher":{"@id":"https:\/\/www.latribunedufaso.net\/#organization"},"image":{"@id":"https:\/\/www.latribunedufaso.net\/?p=20879#primaryimage"},"thumbnailUrl":"https:\/\/www.latribunedufaso.net\/wp-content\/uploads\/2023\/07\/Justice.jpg","keywords":["Affaire Salifo Tiemtor\u00e9","justice","latribunedufaso.net"],"articleSection":["A la une","Actualit\u00e9","Soci\u00e9t\u00e9"],"inLanguage":"fr-FR","potentialAction":[{"@type":"CommentAction","name":"Comment","target":["https:\/\/www.latribunedufaso.net\/?p=20879#respond"]}]},{"@type":"WebPage","@id":"https:\/\/www.latribunedufaso.net\/?p=20879","url":"https:\/\/www.latribunedufaso.net\/?p=20879","name":"Affaire Salifo Tiemtor\u00e9 : Le parquet requiert 36 mois de prison et une amende de 540 millions FCFA, le tout ferme - La Tribune du Faso","isPartOf":{"@id":"https:\/\/www.latribunedufaso.net\/#website"},"primaryImageOfPage":{"@id":"https:\/\/www.latribunedufaso.net\/?p=20879#primaryimage"},"image":{"@id":"https:\/\/www.latribunedufaso.net\/?p=20879#primaryimage"},"thumbnailUrl":"https:\/\/www.latribunedufaso.net\/wp-content\/uploads\/2023\/07\/Justice.jpg","datePublished":"2025-05-28T18:39:03+00:00","dateModified":"2025-05-28T18:51:04+00:00","breadcrumb":{"@id":"https:\/\/www.latribunedufaso.net\/?p=20879#breadcrumb"},"inLanguage":"fr-FR","potentialAction":[{"@type":"ReadAction","target":["https:\/\/www.latribunedufaso.net\/?p=20879"]}]},{"@type":"ImageObject","inLanguage":"fr-FR","@id":"https:\/\/www.latribunedufaso.net\/?p=20879#primaryimage","url":"https:\/\/www.latribunedufaso.net\/wp-content\/uploads\/2023\/07\/Justice.jpg","contentUrl":"https:\/\/www.latribunedufaso.net\/wp-content\/uploads\/2023\/07\/Justice.jpg","width":1135,"height":1024},{"@type":"BreadcrumbList","@id":"https:\/\/www.latribunedufaso.net\/?p=20879#breadcrumb","itemListElement":[{"@type":"ListItem","position":1,"name":"Accueil","item":"https:\/\/www.latribunedufaso.net\/"},{"@type":"ListItem","position":2,"name":"Affaire Salifo Tiemtor\u00e9 : Le parquet requiert 36 mois de prison et une amende de 540 millions FCFA, le tout ferme"}]},{"@type":"WebSite","@id":"https:\/\/www.latribunedufaso.net\/#website","url":"https:\/\/www.latribunedufaso.net\/","name":"La Tribune du Faso","description":"L&#039;information du monde rural en un clic","publisher":{"@id":"https:\/\/www.latribunedufaso.net\/#organization"},"potentialAction":[{"@type":"SearchAction","target":{"@type":"EntryPoint","urlTemplate":"https:\/\/www.latribunedufaso.net\/?s={search_term_string}"},"query-input":{"@type":"PropertyValueSpecification","valueRequired":true,"valueName":"search_term_string"}}],"inLanguage":"fr-FR"},{"@type":"Organization","@id":"https:\/\/www.latribunedufaso.net\/#organization","name":"La Tribune du Faso","url":"https:\/\/www.latribunedufaso.net\/","logo":{"@type":"ImageObject","inLanguage":"fr-FR","@id":"https:\/\/www.latribunedufaso.net\/#\/schema\/logo\/image\/","url":"https:\/\/www.latribunedufaso.net\/wp-content\/uploads\/2020\/08\/Logo-Tribune-du-Faso-final-scaled.jpg","contentUrl":"https:\/\/www.latribunedufaso.net\/wp-content\/uploads\/2020\/08\/Logo-Tribune-du-Faso-final-scaled.jpg","width":2560,"height":1856,"caption":"La Tribune du Faso"},"image":{"@id":"https:\/\/www.latribunedufaso.net\/#\/schema\/logo\/image\/"},"sameAs":["https:\/\/www.facebook.com\/LatribuneduFaso\/"]},{"@type":"Person","@id":"https:\/\/www.latribunedufaso.net\/#\/schema\/person\/e54e64c5778a7e72cf80a318b7a622b0","name":"Issouf Tapsoba","image":{"@type":"ImageObject","inLanguage":"fr-FR","@id":"https:\/\/secure.gravatar.com\/avatar\/5e6c05150ce3230247d167f5b94d678eb05936197436d69b7921e3a95c9107ac?s=96&d=mm&r=g","url":"https:\/\/secure.gravatar.com\/avatar\/5e6c05150ce3230247d167f5b94d678eb05936197436d69b7921e3a95c9107ac?s=96&d=mm&r=g","contentUrl":"https:\/\/secure.gravatar.com\/avatar\/5e6c05150ce3230247d167f5b94d678eb05936197436d69b7921e3a95c9107ac?s=96&d=mm&r=g","caption":"Issouf Tapsoba"},"url":"https:\/\/www.latribunedufaso.net\/?author=5"}]}},"_links":{"self":[{"href":"https:\/\/www.latribunedufaso.net\/index.php?rest_route=\/wp\/v2\/posts\/20879","targetHints":{"allow":["GET"]}}],"collection":[{"href":"https:\/\/www.latribunedufaso.net\/index.php?rest_route=\/wp\/v2\/posts"}],"about":[{"href":"https:\/\/www.latribunedufaso.net\/index.php?rest_route=\/wp\/v2\/types\/post"}],"author":[{"embeddable":true,"href":"https:\/\/www.latribunedufaso.net\/index.php?rest_route=\/wp\/v2\/users\/5"}],"replies":[{"embeddable":true,"href":"https:\/\/www.latribunedufaso.net\/index.php?rest_route=%2Fwp%2Fv2%2Fcomments&post=20879"}],"version-history":[{"count":4,"href":"https:\/\/www.latribunedufaso.net\/index.php?rest_route=\/wp\/v2\/posts\/20879\/revisions"}],"predecessor-version":[{"id":20885,"href":"https:\/\/www.latribunedufaso.net\/index.php?rest_route=\/wp\/v2\/posts\/20879\/revisions\/20885"}],"wp:featuredmedia":[{"embeddable":true,"href":"https:\/\/www.latribunedufaso.net\/index.php?rest_route=\/wp\/v2\/media\/8467"}],"wp:attachment":[{"href":"https:\/\/www.latribunedufaso.net\/index.php?rest_route=%2Fwp%2Fv2%2Fmedia&parent=20879"}],"wp:term":[{"taxonomy":"category","embeddable":true,"href":"https:\/\/www.latribunedufaso.net\/index.php?rest_route=%2Fwp%2Fv2%2Fcategories&post=20879"},{"taxonomy":"post_tag","embeddable":true,"href":"https:\/\/www.latribunedufaso.net\/index.php?rest_route=%2Fwp%2Fv2%2Ftags&post=20879"}],"curies":[{"name":"wp","href":"https:\/\/api.w.org\/{rel}","templated":true}]}}